{"id":17586,"date":"2023-01-12T07:05:54","date_gmt":"2023-01-12T06:05:54","guid":{"rendered":"https:\/\/radioleinewelle.de\/?p=17586"},"modified":"2023-01-12T07:05:54","modified_gmt":"2023-01-12T06:05:54","slug":"neue-internationale-pflegekraefte-an-der-umg-begruesst","status":"publish","type":"post","link":"https:\/\/radioleinewelle.de\/index.php\/2023\/01\/12\/neue-internationale-pflegekraefte-an-der-umg-begruesst\/","title":{"rendered":"Neue Internationale Pflegekr\u00e4fte an der UMG begr\u00fc\u00dft"},"content":{"rendered":"\n<p>Der Pflege- und Funktionsdienst der UMG hat am vergangenen Montag  19 neue internationale Pflegefachkr\u00e4fte begr\u00fc\u00dft. W\u00e4hrend der Feierstunde wurden nicht nur 6 Zertifikate an internationale Pflegekr\u00e4fte mit bestandener Ausbildung \u00fcberreicht. Die Universit\u00e4tsklinik erhielt ein Zertifikat als einer der besten Arbeitgeberstandorte f\u00fcr internationale Pflegefachkr\u00e4fte in Deutschland 2022. Die Vergabe dieses G\u00fctesiegels wird durch internationale Pflegekr\u00e4fte selbst angesto\u00dfen. Erst dann setzt ein mehrstufiges Evaluationsverfahren ein, so Grace Lugert von der Hamburger Unternehmensberatung \u201eInterkulturelle Trainings und Beratung f\u00fcr medizinische Einrichtungen\u201c. <\/p>\n\n\n\n<p>Das &#8222;International Nurses Office Office&#8220;  der Universit\u00e4tsmedizin G\u00f6ttingen (UMG) baut seinen Anteil an internationalen Pflegefachkr\u00e4ften gemeinsam mit dem Pflegedienst der UMG weiter stetig aus. 19 neue Pflegefachkr\u00e4fte aus den Herkunftsl\u00e4ndern Brasilien, Marokko, T\u00fcrkei und den Philippinen verst\u00e4rken ab Januar 2023 den Pflegedienst an der UMG. Eine umfassende interkulturelle Kompetenz des Arbeitgebers ist heute erforderlich, um Fachkr\u00e4fte in einer Berufsgruppe zu halten, die mit gro\u00dfen Nachwuchsproblemen zu k\u00e4mpfen hat. Laut dem Institut der deutschen Wirtschaft in K\u00f6ln fehlen in der station\u00e4ren Versorgung bis zum Jahr 2035 \u00fcber 300.000 Pflegekr\u00e4fte. Durch h\u00f6here Pflegestandards sowie neue Diagnose- und Therapieans\u00e4tze kann dieser Fehlbestand  auf 500.000 Fachkr\u00e4fte anwachsen. Zudem bleiben offene Stellen in der Pflege im Durchschnitt 240 Tage unbesetzt. Die Veranstaltung an der UMG zeigt, dass die Universit\u00e4tsklinik f\u00fcr die Zukunft gut aufgestellt ist. Zus\u00e4tzlich ist es gelungen, f\u00fcr das Jahr 2023 sechs Operations-technische-Assistenten (OTA) aus Kolumbien f\u00fcr die UMG zu gewinnen. Auch in diesem Funktionsdienst gibt es bundesweit einen gro\u00dfen Mangel an Fachpersonal.<\/p>\n\n\n\n<p>Weitere Informationen zum G\u00fctesiegel: <a href=\"https:\/\/gracelugert.com\/best-places-to-work-for-international-nurses-in-germany\/\">https:\/\/gracelugert.com\/best-places-to-work-for-international-nurses-in-germany\/<\/a><\/p>\n\n\n\n<p><strong>Foto:<\/strong> Begr\u00fc\u00dfung der neuen internationalen Pflegekr\u00e4fte \u00a9Radio Leinewelle (ue)<\/p>\n","protected":false},"excerpt":{"rendered":"<p>Der Pflege- und Funktionsdienst der UMG hat am vergangenen Montag 19 neue internationale Pflegefachkr\u00e4fte begr\u00fc\u00dft. W\u00e4hrend der Feierstunde wurden nicht nur 6 Zertifikate an internationale Pflegekr\u00e4fte mit bestandener Ausbildung \u00fcberreicht. Die Universit\u00e4tsklinik erhielt ein Zertifikat als einer der besten Arbeitgeberstandorte f\u00fcr internationale Pflegefachkr\u00e4fte in Deutschland 2022. Die Vergabe dieses G\u00fctesiegels wird durch internationale Pflegekr\u00e4fte selbst [&hellip;]<\/p>\n","protected":false},"author":1,"featured_media":17590,"comment_status":"closed","ping_status":"closed","sticky":false,"template":"","format":"standard","meta":{"saved_in_kubio":false,"footnotes":""},"categories":[1],"tags":[3777,3778,3779,98],"class_list":["post-17586","post","type-post","status-publish","format-standard","has-post-thumbnail","hentry","category-allgemein","tag-grace-lugert","tag-ino","tag-internationale-pflegekraefte","tag-umg"],"yoast_head":"<!-- This site is optimized with the Yoast SEO plugin v27.5 - https:\/\/yoast.com\/product\/yoast-seo-wordpress\/ -->\n<title>Neue Internationale Pflegekr\u00e4fte an der UMG begr\u00fc\u00dft - Radio Leinewelle<\/title>\n<meta name=\"robots\" content=\"index, follow, max-snippet:-1, max-image-preview:large, max-video-preview:-1\" \/>\n<link rel=\"canonical\" href=\"https:\/\/radioleinewelle.de\/index.php\/2023\/01\/12\/neue-internationale-pflegekraefte-an-der-umg-begruesst\/\" \/>\n<meta property=\"og:locale\" content=\"de_DE\" \/>\n<meta property=\"og:type\" content=\"article\" \/>\n<meta property=\"og:title\" content=\"Neue Internationale Pflegekr\u00e4fte an der UMG begr\u00fc\u00dft - Radio Leinewelle\" \/>\n<meta property=\"og:description\" content=\"Der Pflege- und Funktionsdienst der UMG hat am vergangenen Montag 19 neue internationale Pflegefachkr\u00e4fte begr\u00fc\u00dft. W\u00e4hrend der Feierstunde wurden nicht nur 6 Zertifikate an internationale Pflegekr\u00e4fte mit bestandener Ausbildung \u00fcberreicht. Die Universit\u00e4tsklinik erhielt ein Zertifikat als einer der besten Arbeitgeberstandorte f\u00fcr internationale Pflegefachkr\u00e4fte in Deutschland 2022. Die Vergabe dieses G\u00fctesiegels wird durch internationale Pflegekr\u00e4fte selbst [&hellip;]\" \/>\n<meta property=\"og:url\" content=\"https:\/\/radioleinewelle.de\/index.php\/2023\/01\/12\/neue-internationale-pflegekraefte-an-der-umg-begruesst\/\" \/>\n<meta property=\"og:site_name\" content=\"Radio Leinewelle\" \/>\n<meta property=\"article:publisher\" content=\"https:\/\/www.facebook.com\/radioleinewelle\" \/>\n<meta property=\"article:author\" content=\"https:\/\/www.facebook.com\/radioleinewelle\" \/>\n<meta property=\"article:published_time\" content=\"2023-01-12T06:05:54+00:00\" \/>\n<meta property=\"og:image\" content=\"https:\/\/radioleinewelle.de\/wp-content\/uploads\/2023\/01\/Begruessung-internationaler-Pflegekraefte-UMG-9-scaled-e1673454639557.jpg\" \/>\n\t<meta property=\"og:image:width\" content=\"600\" \/>\n\t<meta property=\"og:image:height\" content=\"338\" \/>\n\t<meta property=\"og:image:type\" content=\"image\/jpeg\" \/>\n<meta name=\"author\" content=\"Leinewelle\" \/>\n<meta name=\"twitter:card\" content=\"summary_large_image\" \/>\n<meta name=\"twitter:creator\" content=\"@https:\/\/twitter.com\/RLeinewelle?ref_src=twsrcgoogletwcampserptwgrauthor\" \/>\n<meta name=\"twitter:site\" content=\"@RLeinewelle\" \/>\n<meta name=\"twitter:label1\" content=\"Verfasst von\" \/>\n\t<meta name=\"twitter:data1\" content=\"Leinewelle\" \/>\n\t<meta name=\"twitter:label2\" content=\"Gesch\u00e4tzte Lesezeit\" \/>\n\t<meta name=\"twitter:data2\" content=\"2\u00a0Minuten\" \/>\n<script type=\"application\/ld+json\" class=\"yoast-schema-graph\">{\"@context\":\"https:\\\/\\\/schema.org\",\"@graph\":[{\"@type\":\"Article\",\"@id\":\"https:\\\/\\\/radioleinewelle.de\\\/index.php\\\/2023\\\/01\\\/12\\\/neue-internationale-pflegekraefte-an-der-umg-begruesst\\\/#article\",\"isPartOf\":{\"@id\":\"https:\\\/\\\/radioleinewelle.de\\\/index.php\\\/2023\\\/01\\\/12\\\/neue-internationale-pflegekraefte-an-der-umg-begruesst\\\/\"},\"author\":{\"name\":\"Leinewelle\",\"@id\":\"https:\\\/\\\/radioleinewelle.de\\\/#\\\/schema\\\/person\\\/45606f348637df637192dc1b68399a63\"},\"headline\":\"Neue Internationale Pflegekr\u00e4fte an der UMG begr\u00fc\u00dft\",\"datePublished\":\"2023-01-12T06:05:54+00:00\",\"mainEntityOfPage\":{\"@id\":\"https:\\\/\\\/radioleinewelle.de\\\/index.php\\\/2023\\\/01\\\/12\\\/neue-internationale-pflegekraefte-an-der-umg-begruesst\\\/\"},\"wordCount\":289,\"publisher\":{\"@id\":\"https:\\\/\\\/radioleinewelle.de\\\/#organization\"},\"image\":{\"@id\":\"https:\\\/\\\/radioleinewelle.de\\\/index.php\\\/2023\\\/01\\\/12\\\/neue-internationale-pflegekraefte-an-der-umg-begruesst\\\/#primaryimage\"},\"thumbnailUrl\":\"https:\\\/\\\/radioleinewelle.de\\\/wp-content\\\/uploads\\\/2023\\\/01\\\/Begruessung-internationaler-Pflegekraefte-UMG-9-scaled-e1673454639557.jpg\",\"keywords\":[\"Grace Lugert\",\"INO\",\"Internationale Pflegekr\u00e4fte\",\"UMG\"],\"inLanguage\":\"de\"},{\"@type\":\"WebPage\",\"@id\":\"https:\\\/\\\/radioleinewelle.de\\\/index.php\\\/2023\\\/01\\\/12\\\/neue-internationale-pflegekraefte-an-der-umg-begruesst\\\/\",\"url\":\"https:\\\/\\\/radioleinewelle.de\\\/index.php\\\/2023\\\/01\\\/12\\\/neue-internationale-pflegekraefte-an-der-umg-begruesst\\\/\",\"name\":\"Neue Internationale Pflegekr\u00e4fte an der UMG begr\u00fc\u00dft - Radio Leinewelle\",\"isPartOf\":{\"@id\":\"https:\\\/\\\/radioleinewelle.de\\\/#website\"},\"primaryImageOfPage\":{\"@id\":\"https:\\\/\\\/radioleinewelle.de\\\/index.php\\\/2023\\\/01\\\/12\\\/neue-internationale-pflegekraefte-an-der-umg-begruesst\\\/#primaryimage\"},\"image\":{\"@id\":\"https:\\\/\\\/radioleinewelle.de\\\/index.php\\\/2023\\\/01\\\/12\\\/neue-internationale-pflegekraefte-an-der-umg-begruesst\\\/#primaryimage\"},\"thumbnailUrl\":\"https:\\\/\\\/radioleinewelle.de\\\/wp-content\\\/uploads\\\/2023\\\/01\\\/Begruessung-internationaler-Pflegekraefte-UMG-9-scaled-e1673454639557.jpg\",\"datePublished\":\"2023-01-12T06:05:54+00:00\",\"breadcrumb\":{\"@id\":\"https:\\\/\\\/radioleinewelle.de\\\/index.php\\\/2023\\\/01\\\/12\\\/neue-internationale-pflegekraefte-an-der-umg-begruesst\\\/#breadcrumb\"},\"inLanguage\":\"de\",\"potentialAction\":[{\"@type\":\"ReadAction\",\"target\":[\"https:\\\/\\\/radioleinewelle.de\\\/index.php\\\/2023\\\/01\\\/12\\\/neue-internationale-pflegekraefte-an-der-umg-begruesst\\\/\"]}]},{\"@type\":\"ImageObject\",\"inLanguage\":\"de\",\"@id\":\"https:\\\/\\\/radioleinewelle.de\\\/index.php\\\/2023\\\/01\\\/12\\\/neue-internationale-pflegekraefte-an-der-umg-begruesst\\\/#primaryimage\",\"url\":\"https:\\\/\\\/radioleinewelle.de\\\/wp-content\\\/uploads\\\/2023\\\/01\\\/Begruessung-internationaler-Pflegekraefte-UMG-9-scaled-e1673454639557.jpg\",\"contentUrl\":\"https:\\\/\\\/radioleinewelle.de\\\/wp-content\\\/uploads\\\/2023\\\/01\\\/Begruessung-internationaler-Pflegekraefte-UMG-9-scaled-e1673454639557.jpg\",\"width\":600,\"height\":338},{\"@type\":\"BreadcrumbList\",\"@id\":\"https:\\\/\\\/radioleinewelle.de\\\/index.php\\\/2023\\\/01\\\/12\\\/neue-internationale-pflegekraefte-an-der-umg-begruesst\\\/#breadcrumb\",\"itemListElement\":[{\"@type\":\"ListItem\",\"position\":1,\"name\":\"Startseite\",\"item\":\"https:\\\/\\\/radioleinewelle.de\\\/\"},{\"@type\":\"ListItem\",\"position\":2,\"name\":\"Neue Internationale Pflegekr\u00e4fte an der UMG begr\u00fc\u00dft\"}]},{\"@type\":\"WebSite\",\"@id\":\"https:\\\/\\\/radioleinewelle.de\\\/#website\",\"url\":\"https:\\\/\\\/radioleinewelle.de\\\/\",\"name\":\"Radio Leinewelle\",\"description\":\"\",\"publisher\":{\"@id\":\"https:\\\/\\\/radioleinewelle.de\\\/#organization\"},\"potentialAction\":[{\"@type\":\"SearchAction\",\"target\":{\"@type\":\"EntryPoint\",\"urlTemplate\":\"https:\\\/\\\/radioleinewelle.de\\\/?s={search_term_string}\"},\"query-input\":{\"@type\":\"PropertyValueSpecification\",\"valueRequired\":true,\"valueName\":\"search_term_string\"}}],\"inLanguage\":\"de\"},{\"@type\":\"Organization\",\"@id\":\"https:\\\/\\\/radioleinewelle.de\\\/#organization\",\"name\":\"Radio Leinewelle\",\"alternateName\":\"Mein Radio f\u00fcr S\u00fcdniedersachsen\",\"url\":\"https:\\\/\\\/radioleinewelle.de\\\/\",\"logo\":{\"@type\":\"ImageObject\",\"inLanguage\":\"de\",\"@id\":\"https:\\\/\\\/radioleinewelle.de\\\/#\\\/schema\\\/logo\\\/image\\\/\",\"url\":\"https:\\\/\\\/radioleinewelle.de\\\/wp-content\\\/uploads\\\/2023\\\/11\\\/cropped-Leinewelle_Logo_weiss.png\",\"contentUrl\":\"https:\\\/\\\/radioleinewelle.de\\\/wp-content\\\/uploads\\\/2023\\\/11\\\/cropped-Leinewelle_Logo_weiss.png\",\"width\":854,\"height\":260,\"caption\":\"Radio Leinewelle\"},\"image\":{\"@id\":\"https:\\\/\\\/radioleinewelle.de\\\/#\\\/schema\\\/logo\\\/image\\\/\"},\"sameAs\":[\"https:\\\/\\\/www.facebook.com\\\/radioleinewelle\",\"https:\\\/\\\/x.com\\\/RLeinewelle\",\"https:\\\/\\\/www.instagram.com\\\/radioleinewelle\\\/?hl=de\"]},{\"@type\":\"Person\",\"@id\":\"https:\\\/\\\/radioleinewelle.de\\\/#\\\/schema\\\/person\\\/45606f348637df637192dc1b68399a63\",\"name\":\"Leinewelle\",\"image\":{\"@type\":\"ImageObject\",\"inLanguage\":\"de\",\"@id\":\"https:\\\/\\\/secure.gravatar.com\\\/avatar\\\/05c9a17bc973052ee5d91549bd32fb4dd0dc85b7b85ae94b2e2b4943476bbea5?s=96&d=blank&r=g\",\"url\":\"https:\\\/\\\/secure.gravatar.com\\\/avatar\\\/05c9a17bc973052ee5d91549bd32fb4dd0dc85b7b85ae94b2e2b4943476bbea5?s=96&d=blank&r=g\",\"contentUrl\":\"https:\\\/\\\/secure.gravatar.com\\\/avatar\\\/05c9a17bc973052ee5d91549bd32fb4dd0dc85b7b85ae94b2e2b4943476bbea5?s=96&d=blank&r=g\",\"caption\":\"Leinewelle\"},\"sameAs\":[\"http:\\\/\\\/localhost\\\/radio%20leinewelle\\\/wordpress\",\"https:\\\/\\\/www.facebook.com\\\/radioleinewelle\",\"https:\\\/\\\/www.instagram.com\\\/radioleinewelle\",\"https:\\\/\\\/x.com\\\/https:\\\/\\\/twitter.com\\\/RLeinewelle?ref_src=twsrcgoogletwcampserptwgrauthor\",\"https:\\\/\\\/soundcloud.com\\\/foerderverein-lokalradio?utm_source=clipboard&utm_medium=text&utm_campaign=social_sharing\"],\"url\":\"https:\\\/\\\/radioleinewelle.de\\\/index.php\\\/author\\\/leinewelle\\\/\"}]}<\/script>\n<!-- \/ Yoast SEO plugin. -->","yoast_head_json":{"title":"Neue Internationale Pflegekr\u00e4fte an der UMG begr\u00fc\u00dft - Radio Leinewelle","robots":{"index":"index","follow":"follow","max-snippet":"max-snippet:-1","max-image-preview":"max-image-preview:large","max-video-preview":"max-video-preview:-1"},"canonical":"https:\/\/radioleinewelle.de\/index.php\/2023\/01\/12\/neue-internationale-pflegekraefte-an-der-umg-begruesst\/","og_locale":"de_DE","og_type":"article","og_title":"Neue Internationale Pflegekr\u00e4fte an der UMG begr\u00fc\u00dft - Radio Leinewelle","og_description":"Der Pflege- und Funktionsdienst der UMG hat am vergangenen Montag 19 neue internationale Pflegefachkr\u00e4fte begr\u00fc\u00dft. W\u00e4hrend der Feierstunde wurden nicht nur 6 Zertifikate an internationale Pflegekr\u00e4fte mit bestandener Ausbildung \u00fcberreicht. Die Universit\u00e4tsklinik erhielt ein Zertifikat als einer der besten Arbeitgeberstandorte f\u00fcr internationale Pflegefachkr\u00e4fte in Deutschland 2022. Die Vergabe dieses G\u00fctesiegels wird durch internationale Pflegekr\u00e4fte selbst [&hellip;]","og_url":"https:\/\/radioleinewelle.de\/index.php\/2023\/01\/12\/neue-internationale-pflegekraefte-an-der-umg-begruesst\/","og_site_name":"Radio Leinewelle","article_publisher":"https:\/\/www.facebook.com\/radioleinewelle","article_author":"https:\/\/www.facebook.com\/radioleinewelle","article_published_time":"2023-01-12T06:05:54+00:00","og_image":[{"width":600,"height":338,"url":"https:\/\/radioleinewelle.de\/wp-content\/uploads\/2023\/01\/Begruessung-internationaler-Pflegekraefte-UMG-9-scaled-e1673454639557.jpg","type":"image\/jpeg"}],"author":"Leinewelle","twitter_card":"summary_large_image","twitter_creator":"@https:\/\/twitter.com\/RLeinewelle?ref_src=twsrcgoogletwcampserptwgrauthor","twitter_site":"@RLeinewelle","twitter_misc":{"Verfasst von":"Leinewelle","Gesch\u00e4tzte Lesezeit":"2\u00a0Minuten"},"schema":{"@context":"https:\/\/schema.org","@graph":[{"@type":"Article","@id":"https:\/\/radioleinewelle.de\/index.php\/2023\/01\/12\/neue-internationale-pflegekraefte-an-der-umg-begruesst\/#article","isPartOf":{"@id":"https:\/\/radioleinewelle.de\/index.php\/2023\/01\/12\/neue-internationale-pflegekraefte-an-der-umg-begruesst\/"},"author":{"name":"Leinewelle","@id":"https:\/\/radioleinewelle.de\/#\/schema\/person\/45606f348637df637192dc1b68399a63"},"headline":"Neue Internationale Pflegekr\u00e4fte an der UMG begr\u00fc\u00dft","datePublished":"2023-01-12T06:05:54+00:00","mainEntityOfPage":{"@id":"https:\/\/radioleinewelle.de\/index.php\/2023\/01\/12\/neue-internationale-pflegekraefte-an-der-umg-begruesst\/"},"wordCount":289,"publisher":{"@id":"https:\/\/radioleinewelle.de\/#organization"},"image":{"@id":"https:\/\/radioleinewelle.de\/index.php\/2023\/01\/12\/neue-internationale-pflegekraefte-an-der-umg-begruesst\/#primaryimage"},"thumbnailUrl":"https:\/\/radioleinewelle.de\/wp-content\/uploads\/2023\/01\/Begruessung-internationaler-Pflegekraefte-UMG-9-scaled-e1673454639557.jpg","keywords":["Grace Lugert","INO","Internationale Pflegekr\u00e4fte","UMG"],"inLanguage":"de"},{"@type":"WebPage","@id":"https:\/\/radioleinewelle.de\/index.php\/2023\/01\/12\/neue-internationale-pflegekraefte-an-der-umg-begruesst\/","url":"https:\/\/radioleinewelle.de\/index.php\/2023\/01\/12\/neue-internationale-pflegekraefte-an-der-umg-begruesst\/","name":"Neue Internationale Pflegekr\u00e4fte an der UMG begr\u00fc\u00dft - Radio Leinewelle","isPartOf":{"@id":"https:\/\/radioleinewelle.de\/#website"},"primaryImageOfPage":{"@id":"https:\/\/radioleinewelle.de\/index.php\/2023\/01\/12\/neue-internationale-pflegekraefte-an-der-umg-begruesst\/#primaryimage"},"image":{"@id":"https:\/\/radioleinewelle.de\/index.php\/2023\/01\/12\/neue-internationale-pflegekraefte-an-der-umg-begruesst\/#primaryimage"},"thumbnailUrl":"https:\/\/radioleinewelle.de\/wp-content\/uploads\/2023\/01\/Begruessung-internationaler-Pflegekraefte-UMG-9-scaled-e1673454639557.jpg","datePublished":"2023-01-12T06:05:54+00:00","breadcrumb":{"@id":"https:\/\/radioleinewelle.de\/index.php\/2023\/01\/12\/neue-internationale-pflegekraefte-an-der-umg-begruesst\/#breadcrumb"},"inLanguage":"de","potentialAction":[{"@type":"ReadAction","target":["https:\/\/radioleinewelle.de\/index.php\/2023\/01\/12\/neue-internationale-pflegekraefte-an-der-umg-begruesst\/"]}]},{"@type":"ImageObject","inLanguage":"de","@id":"https:\/\/radioleinewelle.de\/index.php\/2023\/01\/12\/neue-internationale-pflegekraefte-an-der-umg-begruesst\/#primaryimage","url":"https:\/\/radioleinewelle.de\/wp-content\/uploads\/2023\/01\/Begruessung-internationaler-Pflegekraefte-UMG-9-scaled-e1673454639557.jpg","contentUrl":"https:\/\/radioleinewelle.de\/wp-content\/uploads\/2023\/01\/Begruessung-internationaler-Pflegekraefte-UMG-9-scaled-e1673454639557.jpg","width":600,"height":338},{"@type":"BreadcrumbList","@id":"https:\/\/radioleinewelle.de\/index.php\/2023\/01\/12\/neue-internationale-pflegekraefte-an-der-umg-begruesst\/#breadcrumb","itemListElement":[{"@type":"ListItem","position":1,"name":"Startseite","item":"https:\/\/radioleinewelle.de\/"},{"@type":"ListItem","position":2,"name":"Neue Internationale Pflegekr\u00e4fte an der UMG begr\u00fc\u00dft"}]},{"@type":"WebSite","@id":"https:\/\/radioleinewelle.de\/#website","url":"https:\/\/radioleinewelle.de\/","name":"Radio Leinewelle","description":"","publisher":{"@id":"https:\/\/radioleinewelle.de\/#organization"},"potentialAction":[{"@type":"SearchAction","target":{"@type":"EntryPoint","urlTemplate":"https:\/\/radioleinewelle.de\/?s={search_term_string}"},"query-input":{"@type":"PropertyValueSpecification","valueRequired":true,"valueName":"search_term_string"}}],"inLanguage":"de"},{"@type":"Organization","@id":"https:\/\/radioleinewelle.de\/#organization","name":"Radio Leinewelle","alternateName":"Mein Radio f\u00fcr S\u00fcdniedersachsen","url":"https:\/\/radioleinewelle.de\/","logo":{"@type":"ImageObject","inLanguage":"de","@id":"https:\/\/radioleinewelle.de\/#\/schema\/logo\/image\/","url":"https:\/\/radioleinewelle.de\/wp-content\/uploads\/2023\/11\/cropped-Leinewelle_Logo_weiss.png","contentUrl":"https:\/\/radioleinewelle.de\/wp-content\/uploads\/2023\/11\/cropped-Leinewelle_Logo_weiss.png","width":854,"height":260,"caption":"Radio Leinewelle"},"image":{"@id":"https:\/\/radioleinewelle.de\/#\/schema\/logo\/image\/"},"sameAs":["https:\/\/www.facebook.com\/radioleinewelle","https:\/\/x.com\/RLeinewelle","https:\/\/www.instagram.com\/radioleinewelle\/?hl=de"]},{"@type":"Person","@id":"https:\/\/radioleinewelle.de\/#\/schema\/person\/45606f348637df637192dc1b68399a63","name":"Leinewelle","image":{"@type":"ImageObject","inLanguage":"de","@id":"https:\/\/secure.gravatar.com\/avatar\/05c9a17bc973052ee5d91549bd32fb4dd0dc85b7b85ae94b2e2b4943476bbea5?s=96&d=blank&r=g","url":"https:\/\/secure.gravatar.com\/avatar\/05c9a17bc973052ee5d91549bd32fb4dd0dc85b7b85ae94b2e2b4943476bbea5?s=96&d=blank&r=g","contentUrl":"https:\/\/secure.gravatar.com\/avatar\/05c9a17bc973052ee5d91549bd32fb4dd0dc85b7b85ae94b2e2b4943476bbea5?s=96&d=blank&r=g","caption":"Leinewelle"},"sameAs":["http:\/\/localhost\/radio%20leinewelle\/wordpress","https:\/\/www.facebook.com\/radioleinewelle","https:\/\/www.instagram.com\/radioleinewelle","https:\/\/x.com\/https:\/\/twitter.com\/RLeinewelle?ref_src=twsrcgoogletwcampserptwgrauthor","https:\/\/soundcloud.com\/foerderverein-lokalradio?utm_source=clipboard&utm_medium=text&utm_campaign=social_sharing"],"url":"https:\/\/radioleinewelle.de\/index.php\/author\/leinewelle\/"}]}},"_links":{"self":[{"href":"https:\/\/radioleinewelle.de\/index.php\/wp-json\/wp\/v2\/posts\/17586","targetHints":{"allow":["GET"]}}],"collection":[{"href":"https:\/\/radioleinewelle.de\/index.php\/wp-json\/wp\/v2\/posts"}],"about":[{"href":"https:\/\/radioleinewelle.de\/index.php\/wp-json\/wp\/v2\/types\/post"}],"author":[{"embeddable":true,"href":"https:\/\/radioleinewelle.de\/index.php\/wp-json\/wp\/v2\/users\/1"}],"replies":[{"embeddable":true,"href":"https:\/\/radioleinewelle.de\/index.php\/wp-json\/wp\/v2\/comments?post=17586"}],"version-history":[{"count":0,"href":"https:\/\/radioleinewelle.de\/index.php\/wp-json\/wp\/v2\/posts\/17586\/revisions"}],"wp:featuredmedia":[{"embeddable":true,"href":"https:\/\/radioleinewelle.de\/index.php\/wp-json\/wp\/v2\/media\/17590"}],"wp:attachment":[{"href":"https:\/\/radioleinewelle.de\/index.php\/wp-json\/wp\/v2\/media?parent=17586"}],"wp:term":[{"taxonomy":"category","embeddable":true,"href":"https:\/\/radioleinewelle.de\/index.php\/wp-json\/wp\/v2\/categories?post=17586"},{"taxonomy":"post_tag","embeddable":true,"href":"https:\/\/radioleinewelle.de\/index.php\/wp-json\/wp\/v2\/tags?post=17586"}],"curies":[{"name":"wp","href":"https:\/\/api.w.org\/{rel}","templated":true}]}}