{"id":1762,"date":"2020-09-21T05:45:15","date_gmt":"2020-09-21T03:45:15","guid":{"rendered":"https:\/\/radioleinewelle.de\/?p=1762"},"modified":"2020-09-21T05:45:15","modified_gmt":"2020-09-21T03:45:15","slug":"video-auf-youtube-zeigt-schlag-gegen-den-kopf-ermittlungen-gegen-beamten-der-polizeiinspektion-goettingen-wegen-verdachts-der-koerperverletzung-im-amt-eingeleitet","status":"publish","type":"post","link":"https:\/\/radioleinewelle.de\/index.php\/2020\/09\/21\/video-auf-youtube-zeigt-schlag-gegen-den-kopf-ermittlungen-gegen-beamten-der-polizeiinspektion-goettingen-wegen-verdachts-der-koerperverletzung-im-amt-eingeleitet\/","title":{"rendered":"Video auf YouTube zeigt Schlag gegen den Kopf  &#8211; Ermittlungen gegen Beamten der Polizeiinspektion G\u00f6ttingen wegen Verdachts der K\u00f6rperverletzung im Amt eingeleitet"},"content":{"rendered":"<p>\u00dcber diesen \u00a0Fall wird zur Zeit in den sozialen Medien kontrovers diskutiert und in allen wichtigen \u00fcberregionalen Medien berichtet. Hier die Stellungnahme der G\u00f6ttinger Polizei:<\/p>\n<p>G\u00d6TTINGEN (jk) &#8211; Im Zusammenhang mit einem auf der Plattform YouTube ver\u00f6ffentlichten Video (siehe <a class=\"uri-ext outbound\" href=\"https:\/\/youtu.be\/IKVof5_hfKY\" target=\"_blank\" rel=\"noopener\">https:\/\/youtu.be\/IKVof5_hfKY<\/a>) hat die Polizeiinspektion G\u00f6ttingen noch am Freitag (18.09.20) gegen einen ihrer Beamten ein Ermittlungsverfahren wegen des Verdachts der K\u00f6rperverletzung im Amt eingeleitet. Entsprechende disziplinare Ma\u00dfnahmen werden parallel gepr\u00fcft.<\/p>\n<p>Auf dem Video ist zu sehen, wie der Polizist einem jungen Mann w\u00e4hrend eines Einsatzes in einer Wohnung mit der flachen Hand gegen den Kopf schl\u00e4gt. Was sich im Vorfeld der Entgleisung abgespielt hat, ergibt sich nicht im Detail. Die Ermittlungen dazu dauern an.<\/p>\n<p>Von der Existenz des Bildmaterials erfuhr die Polizei am Freitagvormittag \u00fcber Soziale Medien. Nach Bekanntwerden leitete die Inspektion unverz\u00fcglich erste Ermittlungen ein. Da die Eins\u00e4tze vorschriftsm\u00e4\u00dfig dokumentiert waren, konnten auch die im Video zu sehenden Beamten unmittelbar zugeordnet werden. Dar\u00fcber hinaus ist der in Rede stehende Schlag durch den ausf\u00fchrenden Beamten in den Einsatzunterlagen vermerkt.<\/p>\n<p>Nach der hiesigen Aktenlaqe suchte der Polizeioberkommissar zusammen mit drei Kollegen am vergangenen Donnerstagmorgen (17.09.20) gegen 08.00 Uhr die Wohnung eines 19 Jahre alten Mannes im G\u00f6ttinger Stadtteil Holtensen auf, nachdem es mehrere Beschwerden wegen einer massiven Ruhest\u00f6rung gegeben hatte. Es war nach 05.15 und 05.45 Uhr der dritte Einsatz bei dem 19-J\u00e4hrigen an jenem Morgen. Auch in den Tagen zuvor hatte die Polizei wiederholt wegen gleichlautender Beschwerden von Nachbarn die Anschrift des polizeilich bekannten Heranwachsenden anfahren m\u00fcssen. W\u00e4hrend des 08.00 Uhr-Einsatzes am Donnerstagmorgen hat sich der G\u00f6ttinger gegen\u00fcber den Einsatzkr\u00e4ften zum wiederholten Mal aggressiv verhalten und sie \u00fcber l\u00e4ngeren Zeitraum massiv beleidigt. Immer wieder fielen von ihm \u00c4u\u00dferungen wie &#8222;Wichser, verpisst euch ihr Spastis, schei\u00df Bullen&#8220;. Um diese massiven Beleidigungen zu beenden, verpasste der Beamte dem 19-J\u00e4hrigen schlie\u00dflich eine Ohrfeige.<\/p>\n<p>Nach einem weiteren Einsatz am Donnerstagabend gegen 22.00 Uhr, wiederum wegen extrem lauter Musik, Videospielen, lautem Schreien, Treten und Schlagen gegen T\u00fcren und M\u00f6bel im gesamten Treppenhaus, musste die Polizei den Ruhest\u00f6rer in letzter Konsequenz in Gewahrsam nehmen.<\/p>\n<p>Gegen den 19-J\u00e4hrigen wurden Ermittlungsverfahren wegen Beleidigung und Ruhest\u00f6rung eingeleitet. Diese Verfahren bleiben zur weiteren Bearbeitung bei der Polizei G\u00f6ttingen. Das Verfahren gegen den Polizeibeamten wird aus Gr\u00fcnden der Neutralit\u00e4t an die Polizei in Hildesheim abgegeben. Schlussendlich wird dann die Staatsanwaltschaft das Verhalten des Beamten strafrechtlich bewerten und gegebenenfalls zur Anklage bringen.<\/p>\n<p>Thomas Rath, Leiter der Polizeiinspektion G\u00f6ttingen, kritisiert das Verhalten des Beamten ausdr\u00fccklich: &#8222;Auch wenn Polizeibeamten immer wieder, wie im vorliegenden Sachverhalt, Hass und pers\u00f6nliche Beleidigungen, entgegengeschleudert werden, rechtfertigt dies f\u00fcr sich allein keinesfalls ein k\u00f6rperliches Angehen des polizeilichen Gegen\u00fcbers. Hier erwarte ich von meinen Beamtinnen und Beamten eine besonders hohe Hemmschwelle, auch wenn es h\u00e4ufig schwerf\u00e4llt, in solchen Situationen die Ruhe und Distanz zu bewahren. Daf\u00fcr sind wir Profis.&#8220;<\/p>\n<p>Bild von <a href=\"https:\/\/pixabay.com\/de\/users\/Alexas_Fotos-686414\/?utm_source=link-attribution&amp;utm_medium=referral&amp;utm_campaign=image&amp;utm_content=1530531\">Alexas_Fotos<\/a> auf <a href=\"https:\/\/pixabay.com\/de\/?utm_source=link-attribution&amp;utm_medium=referral&amp;utm_campaign=image&amp;utm_content=1530531\">Pixabay<\/a><\/p>\n","protected":false},"excerpt":{"rendered":"<p>\u00dcber diesen \u00a0Fall wird zur Zeit in den sozialen Medien kontrovers diskutiert und in allen wichtigen \u00fcberregionalen Medien berichtet. Hier die Stellungnahme der G\u00f6ttinger Polizei: G\u00d6TTINGEN (jk) &#8211; Im Zusammenhang mit einem auf der Plattform YouTube ver\u00f6ffentlichten Video (siehe https:\/\/youtu.be\/IKVof5_hfKY) hat die Polizeiinspektion G\u00f6ttingen noch am Freitag (18.09.20) gegen einen ihrer Beamten ein Ermittlungsverfahren wegen [&hellip;]<\/p>\n","protected":false},"author":1,"featured_media":1766,"comment_status":"closed","ping_status":"closed","sticky":false,"template":"","format":"standard","meta":{"saved_in_kubio":false,"footnotes":""},"categories":[1],"tags":[],"class_list":["post-1762","post","type-post","status-publish","format-standard","has-post-thumbnail","hentry","category-allgemein"],"yoast_head":"<!-- This site is optimized with the Yoast SEO plugin v27.5 - https:\/\/yoast.com\/product\/yoast-seo-wordpress\/ -->\n<title>Video auf YouTube zeigt Schlag gegen den Kopf - Ermittlungen gegen Beamten der Polizeiinspektion G\u00f6ttingen wegen Verdachts der K\u00f6rperverletzung im Amt eingeleitet - Radio Leinewelle<\/title>\n<meta name=\"robots\" content=\"index, follow, max-snippet:-1, max-image-preview:large, max-video-preview:-1\" \/>\n<link rel=\"canonical\" href=\"https:\/\/radioleinewelle.de\/index.php\/2020\/09\/21\/video-auf-youtube-zeigt-schlag-gegen-den-kopf-ermittlungen-gegen-beamten-der-polizeiinspektion-goettingen-wegen-verdachts-der-koerperverletzung-im-amt-eingeleitet\/\" \/>\n<meta property=\"og:locale\" content=\"de_DE\" \/>\n<meta property=\"og:type\" content=\"article\" \/>\n<meta property=\"og:title\" content=\"Video auf YouTube zeigt Schlag gegen den Kopf - Ermittlungen gegen Beamten der Polizeiinspektion G\u00f6ttingen wegen Verdachts der K\u00f6rperverletzung im Amt eingeleitet - Radio Leinewelle\" \/>\n<meta property=\"og:description\" content=\"\u00dcber diesen \u00a0Fall wird zur Zeit in den sozialen Medien kontrovers diskutiert und in allen wichtigen \u00fcberregionalen Medien berichtet. Hier die Stellungnahme der G\u00f6ttinger Polizei: G\u00d6TTINGEN (jk) &#8211; Im Zusammenhang mit einem auf der Plattform YouTube ver\u00f6ffentlichten Video (siehe https:\/\/youtu.be\/IKVof5_hfKY) hat die Polizeiinspektion G\u00f6ttingen noch am Freitag (18.09.20) gegen einen ihrer Beamten ein Ermittlungsverfahren wegen [&hellip;]\" \/>\n<meta property=\"og:url\" content=\"https:\/\/radioleinewelle.de\/index.php\/2020\/09\/21\/video-auf-youtube-zeigt-schlag-gegen-den-kopf-ermittlungen-gegen-beamten-der-polizeiinspektion-goettingen-wegen-verdachts-der-koerperverletzung-im-amt-eingeleitet\/\" \/>\n<meta property=\"og:site_name\" content=\"Radio Leinewelle\" \/>\n<meta property=\"article:publisher\" content=\"https:\/\/www.facebook.com\/radioleinewelle\" \/>\n<meta property=\"article:author\" content=\"https:\/\/www.facebook.com\/radioleinewelle\" \/>\n<meta property=\"article:published_time\" content=\"2020-09-21T03:45:15+00:00\" \/>\n<meta property=\"og:image\" content=\"https:\/\/radioleinewelle.de\/wp-content\/uploads\/2020\/09\/police-1530531_640.jpg\" \/>\n\t<meta property=\"og:image:width\" content=\"640\" \/>\n\t<meta property=\"og:image:height\" content=\"382\" \/>\n\t<meta property=\"og:image:type\" content=\"image\/jpeg\" \/>\n<meta name=\"author\" content=\"Leinewelle\" \/>\n<meta name=\"twitter:card\" content=\"summary_large_image\" \/>\n<meta name=\"twitter:creator\" content=\"@https:\/\/twitter.com\/RLeinewelle?ref_src=twsrcgoogletwcampserptwgrauthor\" \/>\n<meta name=\"twitter:site\" content=\"@RLeinewelle\" \/>\n<meta name=\"twitter:label1\" content=\"Verfasst von\" \/>\n\t<meta name=\"twitter:data1\" content=\"Leinewelle\" \/>\n\t<meta name=\"twitter:label2\" content=\"Gesch\u00e4tzte Lesezeit\" \/>\n\t<meta name=\"twitter:data2\" content=\"3\u00a0Minuten\" \/>\n<script type=\"application\/ld+json\" class=\"yoast-schema-graph\">{\"@context\":\"https:\\\/\\\/schema.org\",\"@graph\":[{\"@type\":\"Article\",\"@id\":\"https:\\\/\\\/radioleinewelle.de\\\/index.php\\\/2020\\\/09\\\/21\\\/video-auf-youtube-zeigt-schlag-gegen-den-kopf-ermittlungen-gegen-beamten-der-polizeiinspektion-goettingen-wegen-verdachts-der-koerperverletzung-im-amt-eingeleitet\\\/#article\",\"isPartOf\":{\"@id\":\"https:\\\/\\\/radioleinewelle.de\\\/index.php\\\/2020\\\/09\\\/21\\\/video-auf-youtube-zeigt-schlag-gegen-den-kopf-ermittlungen-gegen-beamten-der-polizeiinspektion-goettingen-wegen-verdachts-der-koerperverletzung-im-amt-eingeleitet\\\/\"},\"author\":{\"name\":\"Leinewelle\",\"@id\":\"https:\\\/\\\/radioleinewelle.de\\\/#\\\/schema\\\/person\\\/45606f348637df637192dc1b68399a63\"},\"headline\":\"Video auf YouTube zeigt Schlag gegen den Kopf &#8211; Ermittlungen gegen Beamten der Polizeiinspektion G\u00f6ttingen wegen Verdachts der K\u00f6rperverletzung im Amt eingeleitet\",\"datePublished\":\"2020-09-21T03:45:15+00:00\",\"mainEntityOfPage\":{\"@id\":\"https:\\\/\\\/radioleinewelle.de\\\/index.php\\\/2020\\\/09\\\/21\\\/video-auf-youtube-zeigt-schlag-gegen-den-kopf-ermittlungen-gegen-beamten-der-polizeiinspektion-goettingen-wegen-verdachts-der-koerperverletzung-im-amt-eingeleitet\\\/\"},\"wordCount\":526,\"publisher\":{\"@id\":\"https:\\\/\\\/radioleinewelle.de\\\/#organization\"},\"image\":{\"@id\":\"https:\\\/\\\/radioleinewelle.de\\\/index.php\\\/2020\\\/09\\\/21\\\/video-auf-youtube-zeigt-schlag-gegen-den-kopf-ermittlungen-gegen-beamten-der-polizeiinspektion-goettingen-wegen-verdachts-der-koerperverletzung-im-amt-eingeleitet\\\/#primaryimage\"},\"thumbnailUrl\":\"https:\\\/\\\/radioleinewelle.de\\\/wp-content\\\/uploads\\\/2020\\\/09\\\/police-1530531_640.jpg\",\"inLanguage\":\"de\"},{\"@type\":\"WebPage\",\"@id\":\"https:\\\/\\\/radioleinewelle.de\\\/index.php\\\/2020\\\/09\\\/21\\\/video-auf-youtube-zeigt-schlag-gegen-den-kopf-ermittlungen-gegen-beamten-der-polizeiinspektion-goettingen-wegen-verdachts-der-koerperverletzung-im-amt-eingeleitet\\\/\",\"url\":\"https:\\\/\\\/radioleinewelle.de\\\/index.php\\\/2020\\\/09\\\/21\\\/video-auf-youtube-zeigt-schlag-gegen-den-kopf-ermittlungen-gegen-beamten-der-polizeiinspektion-goettingen-wegen-verdachts-der-koerperverletzung-im-amt-eingeleitet\\\/\",\"name\":\"Video auf YouTube zeigt Schlag gegen den Kopf - Ermittlungen gegen Beamten der Polizeiinspektion G\u00f6ttingen wegen Verdachts der K\u00f6rperverletzung im Amt eingeleitet - Radio Leinewelle\",\"isPartOf\":{\"@id\":\"https:\\\/\\\/radioleinewelle.de\\\/#website\"},\"primaryImageOfPage\":{\"@id\":\"https:\\\/\\\/radioleinewelle.de\\\/index.php\\\/2020\\\/09\\\/21\\\/video-auf-youtube-zeigt-schlag-gegen-den-kopf-ermittlungen-gegen-beamten-der-polizeiinspektion-goettingen-wegen-verdachts-der-koerperverletzung-im-amt-eingeleitet\\\/#primaryimage\"},\"image\":{\"@id\":\"https:\\\/\\\/radioleinewelle.de\\\/index.php\\\/2020\\\/09\\\/21\\\/video-auf-youtube-zeigt-schlag-gegen-den-kopf-ermittlungen-gegen-beamten-der-polizeiinspektion-goettingen-wegen-verdachts-der-koerperverletzung-im-amt-eingeleitet\\\/#primaryimage\"},\"thumbnailUrl\":\"https:\\\/\\\/radioleinewelle.de\\\/wp-content\\\/uploads\\\/2020\\\/09\\\/police-1530531_640.jpg\",\"datePublished\":\"2020-09-21T03:45:15+00:00\",\"breadcrumb\":{\"@id\":\"https:\\\/\\\/radioleinewelle.de\\\/index.php\\\/2020\\\/09\\\/21\\\/video-auf-youtube-zeigt-schlag-gegen-den-kopf-ermittlungen-gegen-beamten-der-polizeiinspektion-goettingen-wegen-verdachts-der-koerperverletzung-im-amt-eingeleitet\\\/#breadcrumb\"},\"inLanguage\":\"de\",\"potentialAction\":[{\"@type\":\"ReadAction\",\"target\":[\"https:\\\/\\\/radioleinewelle.de\\\/index.php\\\/2020\\\/09\\\/21\\\/video-auf-youtube-zeigt-schlag-gegen-den-kopf-ermittlungen-gegen-beamten-der-polizeiinspektion-goettingen-wegen-verdachts-der-koerperverletzung-im-amt-eingeleitet\\\/\"]}]},{\"@type\":\"ImageObject\",\"inLanguage\":\"de\",\"@id\":\"https:\\\/\\\/radioleinewelle.de\\\/index.php\\\/2020\\\/09\\\/21\\\/video-auf-youtube-zeigt-schlag-gegen-den-kopf-ermittlungen-gegen-beamten-der-polizeiinspektion-goettingen-wegen-verdachts-der-koerperverletzung-im-amt-eingeleitet\\\/#primaryimage\",\"url\":\"https:\\\/\\\/radioleinewelle.de\\\/wp-content\\\/uploads\\\/2020\\\/09\\\/police-1530531_640.jpg\",\"contentUrl\":\"https:\\\/\\\/radioleinewelle.de\\\/wp-content\\\/uploads\\\/2020\\\/09\\\/police-1530531_640.jpg\",\"width\":640,\"height\":382},{\"@type\":\"BreadcrumbList\",\"@id\":\"https:\\\/\\\/radioleinewelle.de\\\/index.php\\\/2020\\\/09\\\/21\\\/video-auf-youtube-zeigt-schlag-gegen-den-kopf-ermittlungen-gegen-beamten-der-polizeiinspektion-goettingen-wegen-verdachts-der-koerperverletzung-im-amt-eingeleitet\\\/#breadcrumb\",\"itemListElement\":[{\"@type\":\"ListItem\",\"position\":1,\"name\":\"Startseite\",\"item\":\"https:\\\/\\\/radioleinewelle.de\\\/\"},{\"@type\":\"ListItem\",\"position\":2,\"name\":\"Video auf YouTube zeigt Schlag gegen den Kopf &#8211; Ermittlungen gegen Beamten der Polizeiinspektion G\u00f6ttingen wegen Verdachts der K\u00f6rperverletzung im Amt eingeleitet\"}]},{\"@type\":\"WebSite\",\"@id\":\"https:\\\/\\\/radioleinewelle.de\\\/#website\",\"url\":\"https:\\\/\\\/radioleinewelle.de\\\/\",\"name\":\"Radio Leinewelle\",\"description\":\"\",\"publisher\":{\"@id\":\"https:\\\/\\\/radioleinewelle.de\\\/#organization\"},\"potentialAction\":[{\"@type\":\"SearchAction\",\"target\":{\"@type\":\"EntryPoint\",\"urlTemplate\":\"https:\\\/\\\/radioleinewelle.de\\\/?s={search_term_string}\"},\"query-input\":{\"@type\":\"PropertyValueSpecification\",\"valueRequired\":true,\"valueName\":\"search_term_string\"}}],\"inLanguage\":\"de\"},{\"@type\":\"Organization\",\"@id\":\"https:\\\/\\\/radioleinewelle.de\\\/#organization\",\"name\":\"Radio Leinewelle\",\"alternateName\":\"Mein Radio f\u00fcr S\u00fcdniedersachsen\",\"url\":\"https:\\\/\\\/radioleinewelle.de\\\/\",\"logo\":{\"@type\":\"ImageObject\",\"inLanguage\":\"de\",\"@id\":\"https:\\\/\\\/radioleinewelle.de\\\/#\\\/schema\\\/logo\\\/image\\\/\",\"url\":\"https:\\\/\\\/radioleinewelle.de\\\/wp-content\\\/uploads\\\/2023\\\/11\\\/cropped-Leinewelle_Logo_weiss.png\",\"contentUrl\":\"https:\\\/\\\/radioleinewelle.de\\\/wp-content\\\/uploads\\\/2023\\\/11\\\/cropped-Leinewelle_Logo_weiss.png\",\"width\":854,\"height\":260,\"caption\":\"Radio Leinewelle\"},\"image\":{\"@id\":\"https:\\\/\\\/radioleinewelle.de\\\/#\\\/schema\\\/logo\\\/image\\\/\"},\"sameAs\":[\"https:\\\/\\\/www.facebook.com\\\/radioleinewelle\",\"https:\\\/\\\/x.com\\\/RLeinewelle\",\"https:\\\/\\\/www.instagram.com\\\/radioleinewelle\\\/?hl=de\"]},{\"@type\":\"Person\",\"@id\":\"https:\\\/\\\/radioleinewelle.de\\\/#\\\/schema\\\/person\\\/45606f348637df637192dc1b68399a63\",\"name\":\"Leinewelle\",\"image\":{\"@type\":\"ImageObject\",\"inLanguage\":\"de\",\"@id\":\"https:\\\/\\\/secure.gravatar.com\\\/avatar\\\/05c9a17bc973052ee5d91549bd32fb4dd0dc85b7b85ae94b2e2b4943476bbea5?s=96&d=blank&r=g\",\"url\":\"https:\\\/\\\/secure.gravatar.com\\\/avatar\\\/05c9a17bc973052ee5d91549bd32fb4dd0dc85b7b85ae94b2e2b4943476bbea5?s=96&d=blank&r=g\",\"contentUrl\":\"https:\\\/\\\/secure.gravatar.com\\\/avatar\\\/05c9a17bc973052ee5d91549bd32fb4dd0dc85b7b85ae94b2e2b4943476bbea5?s=96&d=blank&r=g\",\"caption\":\"Leinewelle\"},\"sameAs\":[\"http:\\\/\\\/localhost\\\/radio%20leinewelle\\\/wordpress\",\"https:\\\/\\\/www.facebook.com\\\/radioleinewelle\",\"https:\\\/\\\/www.instagram.com\\\/radioleinewelle\",\"https:\\\/\\\/x.com\\\/https:\\\/\\\/twitter.com\\\/RLeinewelle?ref_src=twsrcgoogletwcampserptwgrauthor\",\"https:\\\/\\\/soundcloud.com\\\/foerderverein-lokalradio?utm_source=clipboard&utm_medium=text&utm_campaign=social_sharing\"],\"url\":\"https:\\\/\\\/radioleinewelle.de\\\/index.php\\\/author\\\/leinewelle\\\/\"}]}<\/script>\n<!-- \/ Yoast SEO plugin. -->","yoast_head_json":{"title":"Video auf YouTube zeigt Schlag gegen den Kopf - Ermittlungen gegen Beamten der Polizeiinspektion G\u00f6ttingen wegen Verdachts der K\u00f6rperverletzung im Amt eingeleitet - Radio Leinewelle","robots":{"index":"index","follow":"follow","max-snippet":"max-snippet:-1","max-image-preview":"max-image-preview:large","max-video-preview":"max-video-preview:-1"},"canonical":"https:\/\/radioleinewelle.de\/index.php\/2020\/09\/21\/video-auf-youtube-zeigt-schlag-gegen-den-kopf-ermittlungen-gegen-beamten-der-polizeiinspektion-goettingen-wegen-verdachts-der-koerperverletzung-im-amt-eingeleitet\/","og_locale":"de_DE","og_type":"article","og_title":"Video auf YouTube zeigt Schlag gegen den Kopf - Ermittlungen gegen Beamten der Polizeiinspektion G\u00f6ttingen wegen Verdachts der K\u00f6rperverletzung im Amt eingeleitet - Radio Leinewelle","og_description":"\u00dcber diesen \u00a0Fall wird zur Zeit in den sozialen Medien kontrovers diskutiert und in allen wichtigen \u00fcberregionalen Medien berichtet. Hier die Stellungnahme der G\u00f6ttinger Polizei: G\u00d6TTINGEN (jk) &#8211; Im Zusammenhang mit einem auf der Plattform YouTube ver\u00f6ffentlichten Video (siehe https:\/\/youtu.be\/IKVof5_hfKY) hat die Polizeiinspektion G\u00f6ttingen noch am Freitag (18.09.20) gegen einen ihrer Beamten ein Ermittlungsverfahren wegen [&hellip;]","og_url":"https:\/\/radioleinewelle.de\/index.php\/2020\/09\/21\/video-auf-youtube-zeigt-schlag-gegen-den-kopf-ermittlungen-gegen-beamten-der-polizeiinspektion-goettingen-wegen-verdachts-der-koerperverletzung-im-amt-eingeleitet\/","og_site_name":"Radio Leinewelle","article_publisher":"https:\/\/www.facebook.com\/radioleinewelle","article_author":"https:\/\/www.facebook.com\/radioleinewelle","article_published_time":"2020-09-21T03:45:15+00:00","og_image":[{"width":640,"height":382,"url":"https:\/\/radioleinewelle.de\/wp-content\/uploads\/2020\/09\/police-1530531_640.jpg","type":"image\/jpeg"}],"author":"Leinewelle","twitter_card":"summary_large_image","twitter_creator":"@https:\/\/twitter.com\/RLeinewelle?ref_src=twsrcgoogletwcampserptwgrauthor","twitter_site":"@RLeinewelle","twitter_misc":{"Verfasst von":"Leinewelle","Gesch\u00e4tzte Lesezeit":"3\u00a0Minuten"},"schema":{"@context":"https:\/\/schema.org","@graph":[{"@type":"Article","@id":"https:\/\/radioleinewelle.de\/index.php\/2020\/09\/21\/video-auf-youtube-zeigt-schlag-gegen-den-kopf-ermittlungen-gegen-beamten-der-polizeiinspektion-goettingen-wegen-verdachts-der-koerperverletzung-im-amt-eingeleitet\/#article","isPartOf":{"@id":"https:\/\/radioleinewelle.de\/index.php\/2020\/09\/21\/video-auf-youtube-zeigt-schlag-gegen-den-kopf-ermittlungen-gegen-beamten-der-polizeiinspektion-goettingen-wegen-verdachts-der-koerperverletzung-im-amt-eingeleitet\/"},"author":{"name":"Leinewelle","@id":"https:\/\/radioleinewelle.de\/#\/schema\/person\/45606f348637df637192dc1b68399a63"},"headline":"Video auf YouTube zeigt Schlag gegen den Kopf &#8211; Ermittlungen gegen Beamten der Polizeiinspektion G\u00f6ttingen wegen Verdachts der K\u00f6rperverletzung im Amt eingeleitet","datePublished":"2020-09-21T03:45:15+00:00","mainEntityOfPage":{"@id":"https:\/\/radioleinewelle.de\/index.php\/2020\/09\/21\/video-auf-youtube-zeigt-schlag-gegen-den-kopf-ermittlungen-gegen-beamten-der-polizeiinspektion-goettingen-wegen-verdachts-der-koerperverletzung-im-amt-eingeleitet\/"},"wordCount":526,"publisher":{"@id":"https:\/\/radioleinewelle.de\/#organization"},"image":{"@id":"https:\/\/radioleinewelle.de\/index.php\/2020\/09\/21\/video-auf-youtube-zeigt-schlag-gegen-den-kopf-ermittlungen-gegen-beamten-der-polizeiinspektion-goettingen-wegen-verdachts-der-koerperverletzung-im-amt-eingeleitet\/#primaryimage"},"thumbnailUrl":"https:\/\/radioleinewelle.de\/wp-content\/uploads\/2020\/09\/police-1530531_640.jpg","inLanguage":"de"},{"@type":"WebPage","@id":"https:\/\/radioleinewelle.de\/index.php\/2020\/09\/21\/video-auf-youtube-zeigt-schlag-gegen-den-kopf-ermittlungen-gegen-beamten-der-polizeiinspektion-goettingen-wegen-verdachts-der-koerperverletzung-im-amt-eingeleitet\/","url":"https:\/\/radioleinewelle.de\/index.php\/2020\/09\/21\/video-auf-youtube-zeigt-schlag-gegen-den-kopf-ermittlungen-gegen-beamten-der-polizeiinspektion-goettingen-wegen-verdachts-der-koerperverletzung-im-amt-eingeleitet\/","name":"Video auf YouTube zeigt Schlag gegen den Kopf - Ermittlungen gegen Beamten der Polizeiinspektion G\u00f6ttingen wegen Verdachts der K\u00f6rperverletzung im Amt eingeleitet - Radio Leinewelle","isPartOf":{"@id":"https:\/\/radioleinewelle.de\/#website"},"primaryImageOfPage":{"@id":"https:\/\/radioleinewelle.de\/index.php\/2020\/09\/21\/video-auf-youtube-zeigt-schlag-gegen-den-kopf-ermittlungen-gegen-beamten-der-polizeiinspektion-goettingen-wegen-verdachts-der-koerperverletzung-im-amt-eingeleitet\/#primaryimage"},"image":{"@id":"https:\/\/radioleinewelle.de\/index.php\/2020\/09\/21\/video-auf-youtube-zeigt-schlag-gegen-den-kopf-ermittlungen-gegen-beamten-der-polizeiinspektion-goettingen-wegen-verdachts-der-koerperverletzung-im-amt-eingeleitet\/#primaryimage"},"thumbnailUrl":"https:\/\/radioleinewelle.de\/wp-content\/uploads\/2020\/09\/police-1530531_640.jpg","datePublished":"2020-09-21T03:45:15+00:00","breadcrumb":{"@id":"https:\/\/radioleinewelle.de\/index.php\/2020\/09\/21\/video-auf-youtube-zeigt-schlag-gegen-den-kopf-ermittlungen-gegen-beamten-der-polizeiinspektion-goettingen-wegen-verdachts-der-koerperverletzung-im-amt-eingeleitet\/#breadcrumb"},"inLanguage":"de","potentialAction":[{"@type":"ReadAction","target":["https:\/\/radioleinewelle.de\/index.php\/2020\/09\/21\/video-auf-youtube-zeigt-schlag-gegen-den-kopf-ermittlungen-gegen-beamten-der-polizeiinspektion-goettingen-wegen-verdachts-der-koerperverletzung-im-amt-eingeleitet\/"]}]},{"@type":"ImageObject","inLanguage":"de","@id":"https:\/\/radioleinewelle.de\/index.php\/2020\/09\/21\/video-auf-youtube-zeigt-schlag-gegen-den-kopf-ermittlungen-gegen-beamten-der-polizeiinspektion-goettingen-wegen-verdachts-der-koerperverletzung-im-amt-eingeleitet\/#primaryimage","url":"https:\/\/radioleinewelle.de\/wp-content\/uploads\/2020\/09\/police-1530531_640.jpg","contentUrl":"https:\/\/radioleinewelle.de\/wp-content\/uploads\/2020\/09\/police-1530531_640.jpg","width":640,"height":382},{"@type":"BreadcrumbList","@id":"https:\/\/radioleinewelle.de\/index.php\/2020\/09\/21\/video-auf-youtube-zeigt-schlag-gegen-den-kopf-ermittlungen-gegen-beamten-der-polizeiinspektion-goettingen-wegen-verdachts-der-koerperverletzung-im-amt-eingeleitet\/#breadcrumb","itemListElement":[{"@type":"ListItem","position":1,"name":"Startseite","item":"https:\/\/radioleinewelle.de\/"},{"@type":"ListItem","position":2,"name":"Video auf YouTube zeigt Schlag gegen den Kopf &#8211; Ermittlungen gegen Beamten der Polizeiinspektion G\u00f6ttingen wegen Verdachts der K\u00f6rperverletzung im Amt eingeleitet"}]},{"@type":"WebSite","@id":"https:\/\/radioleinewelle.de\/#website","url":"https:\/\/radioleinewelle.de\/","name":"Radio Leinewelle","description":"","publisher":{"@id":"https:\/\/radioleinewelle.de\/#organization"},"potentialAction":[{"@type":"SearchAction","target":{"@type":"EntryPoint","urlTemplate":"https:\/\/radioleinewelle.de\/?s={search_term_string}"},"query-input":{"@type":"PropertyValueSpecification","valueRequired":true,"valueName":"search_term_string"}}],"inLanguage":"de"},{"@type":"Organization","@id":"https:\/\/radioleinewelle.de\/#organization","name":"Radio Leinewelle","alternateName":"Mein Radio f\u00fcr S\u00fcdniedersachsen","url":"https:\/\/radioleinewelle.de\/","logo":{"@type":"ImageObject","inLanguage":"de","@id":"https:\/\/radioleinewelle.de\/#\/schema\/logo\/image\/","url":"https:\/\/radioleinewelle.de\/wp-content\/uploads\/2023\/11\/cropped-Leinewelle_Logo_weiss.png","contentUrl":"https:\/\/radioleinewelle.de\/wp-content\/uploads\/2023\/11\/cropped-Leinewelle_Logo_weiss.png","width":854,"height":260,"caption":"Radio Leinewelle"},"image":{"@id":"https:\/\/radioleinewelle.de\/#\/schema\/logo\/image\/"},"sameAs":["https:\/\/www.facebook.com\/radioleinewelle","https:\/\/x.com\/RLeinewelle","https:\/\/www.instagram.com\/radioleinewelle\/?hl=de"]},{"@type":"Person","@id":"https:\/\/radioleinewelle.de\/#\/schema\/person\/45606f348637df637192dc1b68399a63","name":"Leinewelle","image":{"@type":"ImageObject","inLanguage":"de","@id":"https:\/\/secure.gravatar.com\/avatar\/05c9a17bc973052ee5d91549bd32fb4dd0dc85b7b85ae94b2e2b4943476bbea5?s=96&d=blank&r=g","url":"https:\/\/secure.gravatar.com\/avatar\/05c9a17bc973052ee5d91549bd32fb4dd0dc85b7b85ae94b2e2b4943476bbea5?s=96&d=blank&r=g","contentUrl":"https:\/\/secure.gravatar.com\/avatar\/05c9a17bc973052ee5d91549bd32fb4dd0dc85b7b85ae94b2e2b4943476bbea5?s=96&d=blank&r=g","caption":"Leinewelle"},"sameAs":["http:\/\/localhost\/radio%20leinewelle\/wordpress","https:\/\/www.facebook.com\/radioleinewelle","https:\/\/www.instagram.com\/radioleinewelle","https:\/\/x.com\/https:\/\/twitter.com\/RLeinewelle?ref_src=twsrcgoogletwcampserptwgrauthor","https:\/\/soundcloud.com\/foerderverein-lokalradio?utm_source=clipboard&utm_medium=text&utm_campaign=social_sharing"],"url":"https:\/\/radioleinewelle.de\/index.php\/author\/leinewelle\/"}]}},"_links":{"self":[{"href":"https:\/\/radioleinewelle.de\/index.php\/wp-json\/wp\/v2\/posts\/1762","targetHints":{"allow":["GET"]}}],"collection":[{"href":"https:\/\/radioleinewelle.de\/index.php\/wp-json\/wp\/v2\/posts"}],"about":[{"href":"https:\/\/radioleinewelle.de\/index.php\/wp-json\/wp\/v2\/types\/post"}],"author":[{"embeddable":true,"href":"https:\/\/radioleinewelle.de\/index.php\/wp-json\/wp\/v2\/users\/1"}],"replies":[{"embeddable":true,"href":"https:\/\/radioleinewelle.de\/index.php\/wp-json\/wp\/v2\/comments?post=1762"}],"version-history":[{"count":0,"href":"https:\/\/radioleinewelle.de\/index.php\/wp-json\/wp\/v2\/posts\/1762\/revisions"}],"wp:featuredmedia":[{"embeddable":true,"href":"https:\/\/radioleinewelle.de\/index.php\/wp-json\/wp\/v2\/media\/1766"}],"wp:attachment":[{"href":"https:\/\/radioleinewelle.de\/index.php\/wp-json\/wp\/v2\/media?parent=1762"}],"wp:term":[{"taxonomy":"category","embeddable":true,"href":"https:\/\/radioleinewelle.de\/index.php\/wp-json\/wp\/v2\/categories?post=1762"},{"taxonomy":"post_tag","embeddable":true,"href":"https:\/\/radioleinewelle.de\/index.php\/wp-json\/wp\/v2\/tags?post=1762"}],"curies":[{"name":"wp","href":"https:\/\/api.w.org\/{rel}","templated":true}]}}