{"id":1768,"date":"2020-09-22T05:06:01","date_gmt":"2020-09-22T03:06:01","guid":{"rendered":"https:\/\/radioleinewelle.de\/?p=1768"},"modified":"2020-09-22T05:06:01","modified_gmt":"2020-09-22T03:06:01","slug":"kurzfristig-zuschuesse-fuer-hardware-moeglich-chance-fuer-gemeinnuetzige-vereine-landschaftsverband-organisiert-sammelantrag","status":"publish","type":"post","link":"https:\/\/radioleinewelle.de\/index.php\/2020\/09\/22\/kurzfristig-zuschuesse-fuer-hardware-moeglich-chance-fuer-gemeinnuetzige-vereine-landschaftsverband-organisiert-sammelantrag\/","title":{"rendered":"Kurzfristig Zusch\u00fcsse f\u00fcr Hardware m\u00f6glich: Chance f\u00fcr gemeinn\u00fctzige Vereine \/ Landschaftsverband organisiert Sammelantrag"},"content":{"rendered":"<p>Die Deutsche Stiftung f\u00fcr Engagement und Ehrenamt wurde Anfang dieses Jahres gegr\u00fcndet und nahm im Juni ihre Gesch\u00e4fte auf. Sie finanziert sich aus Mitteln des Bundes und hat jetzt sehr kurzfristig das F\u00f6rderprogramm &#8222;Engagement f\u00f6rdern. Ehrenamt st\u00e4rken. Gemeinsam wirken.&#8220; aufgelegt. Es richtet sich an ehrenamtlich arbeitende und gemeinn\u00fctzige Vereine. Das Programm sieht auch die Bezuschussung von Computer-Hardware und -Software vor. Weil sich solche Anschaffungen auch kurzfristig realisieren lassen, bereitet der Landschaftsverband einen Sammelantrag vor, um diese Mittel f\u00fcr Vereine mit wenig Antragserfahrung leichter erreichbar zu machen. <strong>Wer Interesse an der Beschaffung solcher Technik hat und den Kauf noch in diesem Jahr abwickeln kann, soll sich sp\u00e4testens bis zum kommenden Freitag 25. September um 12 Uhr beim Landschaftsverband per E-Mail melden: <a href=\"mailto:gst@landschaftsverband.org\">gst@landschaftsverband.org<\/a>.<\/strong> Der Zuschussbedarf muss unter 10.000 Euro liegen und der Verein soll im Kulturbereich aktiv sein. Es reicht die formlose Angabe der geplanten Beschaffung und des ben\u00f6tigten Geldbetrags. Der Landschaftsverband wird diese Meldungen addieren und \u00fcber die so ermittelte Gesamtsumme einen Sammelantrag bei der Stiftung stellen. Ob dieser Erfolg haben wird, kann derzeit nicht gesagt werden, ein Zuschuss ist also nicht sicher. &#8222;Auch in S\u00fcdniedersachsen soll von dieser F\u00f6rderung etwas ankommen, immerhin befinden sich 23 Millionen Euro im Topf!&#8220;, meint hierzu Olaf Martin, der Gesch\u00e4ftsf\u00fchrer des Landschaftsverbandes.<\/p>\n","protected":false},"excerpt":{"rendered":"<p>Die Deutsche Stiftung f\u00fcr Engagement und Ehrenamt wurde Anfang dieses Jahres gegr\u00fcndet und nahm im Juni ihre Gesch\u00e4fte auf. Sie finanziert sich aus Mitteln des Bundes und hat jetzt sehr kurzfristig das F\u00f6rderprogramm &#8222;Engagement f\u00f6rdern. Ehrenamt st\u00e4rken. Gemeinsam wirken.&#8220; aufgelegt. Es richtet sich an ehrenamtlich arbeitende und gemeinn\u00fctzige Vereine. Das Programm sieht auch die Bezuschussung [&hellip;]<\/p>\n","protected":false},"author":1,"featured_media":1771,"comment_status":"closed","ping_status":"closed","sticky":false,"template":"","format":"standard","meta":{"saved_in_kubio":false,"footnotes":""},"categories":[1],"tags":[],"class_list":["post-1768","post","type-post","status-publish","format-standard","has-post-thumbnail","hentry","category-allgemein"],"yoast_head":"<!-- This site is optimized with the Yoast SEO plugin v27.5 - https:\/\/yoast.com\/product\/yoast-seo-wordpress\/ -->\n<title>Kurzfristig Zusch\u00fcsse f\u00fcr Hardware m\u00f6glich: Chance f\u00fcr gemeinn\u00fctzige Vereine \/ Landschaftsverband organisiert Sammelantrag - Radio Leinewelle<\/title>\n<meta name=\"robots\" content=\"index, follow, max-snippet:-1, max-image-preview:large, max-video-preview:-1\" \/>\n<link rel=\"canonical\" href=\"https:\/\/radioleinewelle.de\/index.php\/2020\/09\/22\/kurzfristig-zuschuesse-fuer-hardware-moeglich-chance-fuer-gemeinnuetzige-vereine-landschaftsverband-organisiert-sammelantrag\/\" \/>\n<meta property=\"og:locale\" content=\"de_DE\" \/>\n<meta property=\"og:type\" content=\"article\" \/>\n<meta property=\"og:title\" content=\"Kurzfristig Zusch\u00fcsse f\u00fcr Hardware m\u00f6glich: Chance f\u00fcr gemeinn\u00fctzige Vereine \/ Landschaftsverband organisiert Sammelantrag - Radio Leinewelle\" \/>\n<meta property=\"og:description\" content=\"Die Deutsche Stiftung f\u00fcr Engagement und Ehrenamt wurde Anfang dieses Jahres gegr\u00fcndet und nahm im Juni ihre Gesch\u00e4fte auf. Sie finanziert sich aus Mitteln des Bundes und hat jetzt sehr kurzfristig das F\u00f6rderprogramm &#8222;Engagement f\u00f6rdern. Ehrenamt st\u00e4rken. Gemeinsam wirken.&#8220; aufgelegt. Es richtet sich an ehrenamtlich arbeitende und gemeinn\u00fctzige Vereine. Das Programm sieht auch die Bezuschussung [&hellip;]\" \/>\n<meta property=\"og:url\" content=\"https:\/\/radioleinewelle.de\/index.php\/2020\/09\/22\/kurzfristig-zuschuesse-fuer-hardware-moeglich-chance-fuer-gemeinnuetzige-vereine-landschaftsverband-organisiert-sammelantrag\/\" \/>\n<meta property=\"og:site_name\" content=\"Radio Leinewelle\" \/>\n<meta property=\"article:publisher\" content=\"https:\/\/www.facebook.com\/radioleinewelle\" \/>\n<meta property=\"article:author\" content=\"https:\/\/www.facebook.com\/radioleinewelle\" \/>\n<meta property=\"article:published_time\" content=\"2020-09-22T03:06:01+00:00\" \/>\n<meta property=\"og:image\" content=\"https:\/\/radioleinewelle.de\/wp-content\/uploads\/2020\/09\/logo_lvs_www200x127.png\" \/>\n\t<meta property=\"og:image:width\" content=\"200\" \/>\n\t<meta property=\"og:image:height\" content=\"127\" \/>\n\t<meta property=\"og:image:type\" content=\"image\/png\" \/>\n<meta name=\"author\" content=\"Leinewelle\" \/>\n<meta name=\"twitter:card\" content=\"summary_large_image\" \/>\n<meta name=\"twitter:creator\" content=\"@https:\/\/twitter.com\/RLeinewelle?ref_src=twsrcgoogletwcampserptwgrauthor\" \/>\n<meta name=\"twitter:site\" content=\"@RLeinewelle\" \/>\n<meta name=\"twitter:label1\" content=\"Verfasst von\" \/>\n\t<meta name=\"twitter:data1\" content=\"Leinewelle\" \/>\n\t<meta name=\"twitter:label2\" content=\"Gesch\u00e4tzte Lesezeit\" \/>\n\t<meta name=\"twitter:data2\" content=\"1\u00a0Minute\" \/>\n<script type=\"application\/ld+json\" class=\"yoast-schema-graph\">{\"@context\":\"https:\\\/\\\/schema.org\",\"@graph\":[{\"@type\":\"Article\",\"@id\":\"https:\\\/\\\/radioleinewelle.de\\\/index.php\\\/2020\\\/09\\\/22\\\/kurzfristig-zuschuesse-fuer-hardware-moeglich-chance-fuer-gemeinnuetzige-vereine-landschaftsverband-organisiert-sammelantrag\\\/#article\",\"isPartOf\":{\"@id\":\"https:\\\/\\\/radioleinewelle.de\\\/index.php\\\/2020\\\/09\\\/22\\\/kurzfristig-zuschuesse-fuer-hardware-moeglich-chance-fuer-gemeinnuetzige-vereine-landschaftsverband-organisiert-sammelantrag\\\/\"},\"author\":{\"name\":\"Leinewelle\",\"@id\":\"https:\\\/\\\/radioleinewelle.de\\\/#\\\/schema\\\/person\\\/45606f348637df637192dc1b68399a63\"},\"headline\":\"Kurzfristig Zusch\u00fcsse f\u00fcr Hardware m\u00f6glich: Chance f\u00fcr gemeinn\u00fctzige Vereine \\\/ Landschaftsverband organisiert Sammelantrag\",\"datePublished\":\"2020-09-22T03:06:01+00:00\",\"mainEntityOfPage\":{\"@id\":\"https:\\\/\\\/radioleinewelle.de\\\/index.php\\\/2020\\\/09\\\/22\\\/kurzfristig-zuschuesse-fuer-hardware-moeglich-chance-fuer-gemeinnuetzige-vereine-landschaftsverband-organisiert-sammelantrag\\\/\"},\"wordCount\":236,\"publisher\":{\"@id\":\"https:\\\/\\\/radioleinewelle.de\\\/#organization\"},\"image\":{\"@id\":\"https:\\\/\\\/radioleinewelle.de\\\/index.php\\\/2020\\\/09\\\/22\\\/kurzfristig-zuschuesse-fuer-hardware-moeglich-chance-fuer-gemeinnuetzige-vereine-landschaftsverband-organisiert-sammelantrag\\\/#primaryimage\"},\"thumbnailUrl\":\"https:\\\/\\\/radioleinewelle.de\\\/wp-content\\\/uploads\\\/2020\\\/09\\\/logo_lvs_www200x127.png\",\"inLanguage\":\"de\"},{\"@type\":\"WebPage\",\"@id\":\"https:\\\/\\\/radioleinewelle.de\\\/index.php\\\/2020\\\/09\\\/22\\\/kurzfristig-zuschuesse-fuer-hardware-moeglich-chance-fuer-gemeinnuetzige-vereine-landschaftsverband-organisiert-sammelantrag\\\/\",\"url\":\"https:\\\/\\\/radioleinewelle.de\\\/index.php\\\/2020\\\/09\\\/22\\\/kurzfristig-zuschuesse-fuer-hardware-moeglich-chance-fuer-gemeinnuetzige-vereine-landschaftsverband-organisiert-sammelantrag\\\/\",\"name\":\"Kurzfristig Zusch\u00fcsse f\u00fcr Hardware m\u00f6glich: Chance f\u00fcr gemeinn\u00fctzige Vereine \\\/ Landschaftsverband organisiert Sammelantrag - Radio Leinewelle\",\"isPartOf\":{\"@id\":\"https:\\\/\\\/radioleinewelle.de\\\/#website\"},\"primaryImageOfPage\":{\"@id\":\"https:\\\/\\\/radioleinewelle.de\\\/index.php\\\/2020\\\/09\\\/22\\\/kurzfristig-zuschuesse-fuer-hardware-moeglich-chance-fuer-gemeinnuetzige-vereine-landschaftsverband-organisiert-sammelantrag\\\/#primaryimage\"},\"image\":{\"@id\":\"https:\\\/\\\/radioleinewelle.de\\\/index.php\\\/2020\\\/09\\\/22\\\/kurzfristig-zuschuesse-fuer-hardware-moeglich-chance-fuer-gemeinnuetzige-vereine-landschaftsverband-organisiert-sammelantrag\\\/#primaryimage\"},\"thumbnailUrl\":\"https:\\\/\\\/radioleinewelle.de\\\/wp-content\\\/uploads\\\/2020\\\/09\\\/logo_lvs_www200x127.png\",\"datePublished\":\"2020-09-22T03:06:01+00:00\",\"breadcrumb\":{\"@id\":\"https:\\\/\\\/radioleinewelle.de\\\/index.php\\\/2020\\\/09\\\/22\\\/kurzfristig-zuschuesse-fuer-hardware-moeglich-chance-fuer-gemeinnuetzige-vereine-landschaftsverband-organisiert-sammelantrag\\\/#breadcrumb\"},\"inLanguage\":\"de\",\"potentialAction\":[{\"@type\":\"ReadAction\",\"target\":[\"https:\\\/\\\/radioleinewelle.de\\\/index.php\\\/2020\\\/09\\\/22\\\/kurzfristig-zuschuesse-fuer-hardware-moeglich-chance-fuer-gemeinnuetzige-vereine-landschaftsverband-organisiert-sammelantrag\\\/\"]}]},{\"@type\":\"ImageObject\",\"inLanguage\":\"de\",\"@id\":\"https:\\\/\\\/radioleinewelle.de\\\/index.php\\\/2020\\\/09\\\/22\\\/kurzfristig-zuschuesse-fuer-hardware-moeglich-chance-fuer-gemeinnuetzige-vereine-landschaftsverband-organisiert-sammelantrag\\\/#primaryimage\",\"url\":\"https:\\\/\\\/radioleinewelle.de\\\/wp-content\\\/uploads\\\/2020\\\/09\\\/logo_lvs_www200x127.png\",\"contentUrl\":\"https:\\\/\\\/radioleinewelle.de\\\/wp-content\\\/uploads\\\/2020\\\/09\\\/logo_lvs_www200x127.png\",\"width\":200,\"height\":127},{\"@type\":\"BreadcrumbList\",\"@id\":\"https:\\\/\\\/radioleinewelle.de\\\/index.php\\\/2020\\\/09\\\/22\\\/kurzfristig-zuschuesse-fuer-hardware-moeglich-chance-fuer-gemeinnuetzige-vereine-landschaftsverband-organisiert-sammelantrag\\\/#breadcrumb\",\"itemListElement\":[{\"@type\":\"ListItem\",\"position\":1,\"name\":\"Startseite\",\"item\":\"https:\\\/\\\/radioleinewelle.de\\\/\"},{\"@type\":\"ListItem\",\"position\":2,\"name\":\"Kurzfristig Zusch\u00fcsse f\u00fcr Hardware m\u00f6glich: Chance f\u00fcr gemeinn\u00fctzige Vereine \\\/ Landschaftsverband organisiert Sammelantrag\"}]},{\"@type\":\"WebSite\",\"@id\":\"https:\\\/\\\/radioleinewelle.de\\\/#website\",\"url\":\"https:\\\/\\\/radioleinewelle.de\\\/\",\"name\":\"Radio Leinewelle\",\"description\":\"\",\"publisher\":{\"@id\":\"https:\\\/\\\/radioleinewelle.de\\\/#organization\"},\"potentialAction\":[{\"@type\":\"SearchAction\",\"target\":{\"@type\":\"EntryPoint\",\"urlTemplate\":\"https:\\\/\\\/radioleinewelle.de\\\/?s={search_term_string}\"},\"query-input\":{\"@type\":\"PropertyValueSpecification\",\"valueRequired\":true,\"valueName\":\"search_term_string\"}}],\"inLanguage\":\"de\"},{\"@type\":\"Organization\",\"@id\":\"https:\\\/\\\/radioleinewelle.de\\\/#organization\",\"name\":\"Radio Leinewelle\",\"alternateName\":\"Mein Radio f\u00fcr S\u00fcdniedersachsen\",\"url\":\"https:\\\/\\\/radioleinewelle.de\\\/\",\"logo\":{\"@type\":\"ImageObject\",\"inLanguage\":\"de\",\"@id\":\"https:\\\/\\\/radioleinewelle.de\\\/#\\\/schema\\\/logo\\\/image\\\/\",\"url\":\"https:\\\/\\\/radioleinewelle.de\\\/wp-content\\\/uploads\\\/2023\\\/11\\\/cropped-Leinewelle_Logo_weiss.png\",\"contentUrl\":\"https:\\\/\\\/radioleinewelle.de\\\/wp-content\\\/uploads\\\/2023\\\/11\\\/cropped-Leinewelle_Logo_weiss.png\",\"width\":854,\"height\":260,\"caption\":\"Radio Leinewelle\"},\"image\":{\"@id\":\"https:\\\/\\\/radioleinewelle.de\\\/#\\\/schema\\\/logo\\\/image\\\/\"},\"sameAs\":[\"https:\\\/\\\/www.facebook.com\\\/radioleinewelle\",\"https:\\\/\\\/x.com\\\/RLeinewelle\",\"https:\\\/\\\/www.instagram.com\\\/radioleinewelle\\\/?hl=de\"]},{\"@type\":\"Person\",\"@id\":\"https:\\\/\\\/radioleinewelle.de\\\/#\\\/schema\\\/person\\\/45606f348637df637192dc1b68399a63\",\"name\":\"Leinewelle\",\"image\":{\"@type\":\"ImageObject\",\"inLanguage\":\"de\",\"@id\":\"https:\\\/\\\/secure.gravatar.com\\\/avatar\\\/05c9a17bc973052ee5d91549bd32fb4dd0dc85b7b85ae94b2e2b4943476bbea5?s=96&d=blank&r=g\",\"url\":\"https:\\\/\\\/secure.gravatar.com\\\/avatar\\\/05c9a17bc973052ee5d91549bd32fb4dd0dc85b7b85ae94b2e2b4943476bbea5?s=96&d=blank&r=g\",\"contentUrl\":\"https:\\\/\\\/secure.gravatar.com\\\/avatar\\\/05c9a17bc973052ee5d91549bd32fb4dd0dc85b7b85ae94b2e2b4943476bbea5?s=96&d=blank&r=g\",\"caption\":\"Leinewelle\"},\"sameAs\":[\"http:\\\/\\\/localhost\\\/radio%20leinewelle\\\/wordpress\",\"https:\\\/\\\/www.facebook.com\\\/radioleinewelle\",\"https:\\\/\\\/www.instagram.com\\\/radioleinewelle\",\"https:\\\/\\\/x.com\\\/https:\\\/\\\/twitter.com\\\/RLeinewelle?ref_src=twsrcgoogletwcampserptwgrauthor\",\"https:\\\/\\\/soundcloud.com\\\/foerderverein-lokalradio?utm_source=clipboard&utm_medium=text&utm_campaign=social_sharing\"],\"url\":\"https:\\\/\\\/radioleinewelle.de\\\/index.php\\\/author\\\/leinewelle\\\/\"}]}<\/script>\n<!-- \/ Yoast SEO plugin. -->","yoast_head_json":{"title":"Kurzfristig Zusch\u00fcsse f\u00fcr Hardware m\u00f6glich: Chance f\u00fcr gemeinn\u00fctzige Vereine \/ Landschaftsverband organisiert Sammelantrag - Radio Leinewelle","robots":{"index":"index","follow":"follow","max-snippet":"max-snippet:-1","max-image-preview":"max-image-preview:large","max-video-preview":"max-video-preview:-1"},"canonical":"https:\/\/radioleinewelle.de\/index.php\/2020\/09\/22\/kurzfristig-zuschuesse-fuer-hardware-moeglich-chance-fuer-gemeinnuetzige-vereine-landschaftsverband-organisiert-sammelantrag\/","og_locale":"de_DE","og_type":"article","og_title":"Kurzfristig Zusch\u00fcsse f\u00fcr Hardware m\u00f6glich: Chance f\u00fcr gemeinn\u00fctzige Vereine \/ Landschaftsverband organisiert Sammelantrag - Radio Leinewelle","og_description":"Die Deutsche Stiftung f\u00fcr Engagement und Ehrenamt wurde Anfang dieses Jahres gegr\u00fcndet und nahm im Juni ihre Gesch\u00e4fte auf. Sie finanziert sich aus Mitteln des Bundes und hat jetzt sehr kurzfristig das F\u00f6rderprogramm &#8222;Engagement f\u00f6rdern. Ehrenamt st\u00e4rken. Gemeinsam wirken.&#8220; aufgelegt. Es richtet sich an ehrenamtlich arbeitende und gemeinn\u00fctzige Vereine. Das Programm sieht auch die Bezuschussung [&hellip;]","og_url":"https:\/\/radioleinewelle.de\/index.php\/2020\/09\/22\/kurzfristig-zuschuesse-fuer-hardware-moeglich-chance-fuer-gemeinnuetzige-vereine-landschaftsverband-organisiert-sammelantrag\/","og_site_name":"Radio Leinewelle","article_publisher":"https:\/\/www.facebook.com\/radioleinewelle","article_author":"https:\/\/www.facebook.com\/radioleinewelle","article_published_time":"2020-09-22T03:06:01+00:00","og_image":[{"width":200,"height":127,"url":"https:\/\/radioleinewelle.de\/wp-content\/uploads\/2020\/09\/logo_lvs_www200x127.png","type":"image\/png"}],"author":"Leinewelle","twitter_card":"summary_large_image","twitter_creator":"@https:\/\/twitter.com\/RLeinewelle?ref_src=twsrcgoogletwcampserptwgrauthor","twitter_site":"@RLeinewelle","twitter_misc":{"Verfasst von":"Leinewelle","Gesch\u00e4tzte Lesezeit":"1\u00a0Minute"},"schema":{"@context":"https:\/\/schema.org","@graph":[{"@type":"Article","@id":"https:\/\/radioleinewelle.de\/index.php\/2020\/09\/22\/kurzfristig-zuschuesse-fuer-hardware-moeglich-chance-fuer-gemeinnuetzige-vereine-landschaftsverband-organisiert-sammelantrag\/#article","isPartOf":{"@id":"https:\/\/radioleinewelle.de\/index.php\/2020\/09\/22\/kurzfristig-zuschuesse-fuer-hardware-moeglich-chance-fuer-gemeinnuetzige-vereine-landschaftsverband-organisiert-sammelantrag\/"},"author":{"name":"Leinewelle","@id":"https:\/\/radioleinewelle.de\/#\/schema\/person\/45606f348637df637192dc1b68399a63"},"headline":"Kurzfristig Zusch\u00fcsse f\u00fcr Hardware m\u00f6glich: Chance f\u00fcr gemeinn\u00fctzige Vereine \/ Landschaftsverband organisiert Sammelantrag","datePublished":"2020-09-22T03:06:01+00:00","mainEntityOfPage":{"@id":"https:\/\/radioleinewelle.de\/index.php\/2020\/09\/22\/kurzfristig-zuschuesse-fuer-hardware-moeglich-chance-fuer-gemeinnuetzige-vereine-landschaftsverband-organisiert-sammelantrag\/"},"wordCount":236,"publisher":{"@id":"https:\/\/radioleinewelle.de\/#organization"},"image":{"@id":"https:\/\/radioleinewelle.de\/index.php\/2020\/09\/22\/kurzfristig-zuschuesse-fuer-hardware-moeglich-chance-fuer-gemeinnuetzige-vereine-landschaftsverband-organisiert-sammelantrag\/#primaryimage"},"thumbnailUrl":"https:\/\/radioleinewelle.de\/wp-content\/uploads\/2020\/09\/logo_lvs_www200x127.png","inLanguage":"de"},{"@type":"WebPage","@id":"https:\/\/radioleinewelle.de\/index.php\/2020\/09\/22\/kurzfristig-zuschuesse-fuer-hardware-moeglich-chance-fuer-gemeinnuetzige-vereine-landschaftsverband-organisiert-sammelantrag\/","url":"https:\/\/radioleinewelle.de\/index.php\/2020\/09\/22\/kurzfristig-zuschuesse-fuer-hardware-moeglich-chance-fuer-gemeinnuetzige-vereine-landschaftsverband-organisiert-sammelantrag\/","name":"Kurzfristig Zusch\u00fcsse f\u00fcr Hardware m\u00f6glich: Chance f\u00fcr gemeinn\u00fctzige Vereine \/ Landschaftsverband organisiert Sammelantrag - Radio Leinewelle","isPartOf":{"@id":"https:\/\/radioleinewelle.de\/#website"},"primaryImageOfPage":{"@id":"https:\/\/radioleinewelle.de\/index.php\/2020\/09\/22\/kurzfristig-zuschuesse-fuer-hardware-moeglich-chance-fuer-gemeinnuetzige-vereine-landschaftsverband-organisiert-sammelantrag\/#primaryimage"},"image":{"@id":"https:\/\/radioleinewelle.de\/index.php\/2020\/09\/22\/kurzfristig-zuschuesse-fuer-hardware-moeglich-chance-fuer-gemeinnuetzige-vereine-landschaftsverband-organisiert-sammelantrag\/#primaryimage"},"thumbnailUrl":"https:\/\/radioleinewelle.de\/wp-content\/uploads\/2020\/09\/logo_lvs_www200x127.png","datePublished":"2020-09-22T03:06:01+00:00","breadcrumb":{"@id":"https:\/\/radioleinewelle.de\/index.php\/2020\/09\/22\/kurzfristig-zuschuesse-fuer-hardware-moeglich-chance-fuer-gemeinnuetzige-vereine-landschaftsverband-organisiert-sammelantrag\/#breadcrumb"},"inLanguage":"de","potentialAction":[{"@type":"ReadAction","target":["https:\/\/radioleinewelle.de\/index.php\/2020\/09\/22\/kurzfristig-zuschuesse-fuer-hardware-moeglich-chance-fuer-gemeinnuetzige-vereine-landschaftsverband-organisiert-sammelantrag\/"]}]},{"@type":"ImageObject","inLanguage":"de","@id":"https:\/\/radioleinewelle.de\/index.php\/2020\/09\/22\/kurzfristig-zuschuesse-fuer-hardware-moeglich-chance-fuer-gemeinnuetzige-vereine-landschaftsverband-organisiert-sammelantrag\/#primaryimage","url":"https:\/\/radioleinewelle.de\/wp-content\/uploads\/2020\/09\/logo_lvs_www200x127.png","contentUrl":"https:\/\/radioleinewelle.de\/wp-content\/uploads\/2020\/09\/logo_lvs_www200x127.png","width":200,"height":127},{"@type":"BreadcrumbList","@id":"https:\/\/radioleinewelle.de\/index.php\/2020\/09\/22\/kurzfristig-zuschuesse-fuer-hardware-moeglich-chance-fuer-gemeinnuetzige-vereine-landschaftsverband-organisiert-sammelantrag\/#breadcrumb","itemListElement":[{"@type":"ListItem","position":1,"name":"Startseite","item":"https:\/\/radioleinewelle.de\/"},{"@type":"ListItem","position":2,"name":"Kurzfristig Zusch\u00fcsse f\u00fcr Hardware m\u00f6glich: Chance f\u00fcr gemeinn\u00fctzige Vereine \/ Landschaftsverband organisiert Sammelantrag"}]},{"@type":"WebSite","@id":"https:\/\/radioleinewelle.de\/#website","url":"https:\/\/radioleinewelle.de\/","name":"Radio Leinewelle","description":"","publisher":{"@id":"https:\/\/radioleinewelle.de\/#organization"},"potentialAction":[{"@type":"SearchAction","target":{"@type":"EntryPoint","urlTemplate":"https:\/\/radioleinewelle.de\/?s={search_term_string}"},"query-input":{"@type":"PropertyValueSpecification","valueRequired":true,"valueName":"search_term_string"}}],"inLanguage":"de"},{"@type":"Organization","@id":"https:\/\/radioleinewelle.de\/#organization","name":"Radio Leinewelle","alternateName":"Mein Radio f\u00fcr S\u00fcdniedersachsen","url":"https:\/\/radioleinewelle.de\/","logo":{"@type":"ImageObject","inLanguage":"de","@id":"https:\/\/radioleinewelle.de\/#\/schema\/logo\/image\/","url":"https:\/\/radioleinewelle.de\/wp-content\/uploads\/2023\/11\/cropped-Leinewelle_Logo_weiss.png","contentUrl":"https:\/\/radioleinewelle.de\/wp-content\/uploads\/2023\/11\/cropped-Leinewelle_Logo_weiss.png","width":854,"height":260,"caption":"Radio Leinewelle"},"image":{"@id":"https:\/\/radioleinewelle.de\/#\/schema\/logo\/image\/"},"sameAs":["https:\/\/www.facebook.com\/radioleinewelle","https:\/\/x.com\/RLeinewelle","https:\/\/www.instagram.com\/radioleinewelle\/?hl=de"]},{"@type":"Person","@id":"https:\/\/radioleinewelle.de\/#\/schema\/person\/45606f348637df637192dc1b68399a63","name":"Leinewelle","image":{"@type":"ImageObject","inLanguage":"de","@id":"https:\/\/secure.gravatar.com\/avatar\/05c9a17bc973052ee5d91549bd32fb4dd0dc85b7b85ae94b2e2b4943476bbea5?s=96&d=blank&r=g","url":"https:\/\/secure.gravatar.com\/avatar\/05c9a17bc973052ee5d91549bd32fb4dd0dc85b7b85ae94b2e2b4943476bbea5?s=96&d=blank&r=g","contentUrl":"https:\/\/secure.gravatar.com\/avatar\/05c9a17bc973052ee5d91549bd32fb4dd0dc85b7b85ae94b2e2b4943476bbea5?s=96&d=blank&r=g","caption":"Leinewelle"},"sameAs":["http:\/\/localhost\/radio%20leinewelle\/wordpress","https:\/\/www.facebook.com\/radioleinewelle","https:\/\/www.instagram.com\/radioleinewelle","https:\/\/x.com\/https:\/\/twitter.com\/RLeinewelle?ref_src=twsrcgoogletwcampserptwgrauthor","https:\/\/soundcloud.com\/foerderverein-lokalradio?utm_source=clipboard&utm_medium=text&utm_campaign=social_sharing"],"url":"https:\/\/radioleinewelle.de\/index.php\/author\/leinewelle\/"}]}},"_links":{"self":[{"href":"https:\/\/radioleinewelle.de\/index.php\/wp-json\/wp\/v2\/posts\/1768","targetHints":{"allow":["GET"]}}],"collection":[{"href":"https:\/\/radioleinewelle.de\/index.php\/wp-json\/wp\/v2\/posts"}],"about":[{"href":"https:\/\/radioleinewelle.de\/index.php\/wp-json\/wp\/v2\/types\/post"}],"author":[{"embeddable":true,"href":"https:\/\/radioleinewelle.de\/index.php\/wp-json\/wp\/v2\/users\/1"}],"replies":[{"embeddable":true,"href":"https:\/\/radioleinewelle.de\/index.php\/wp-json\/wp\/v2\/comments?post=1768"}],"version-history":[{"count":0,"href":"https:\/\/radioleinewelle.de\/index.php\/wp-json\/wp\/v2\/posts\/1768\/revisions"}],"wp:featuredmedia":[{"embeddable":true,"href":"https:\/\/radioleinewelle.de\/index.php\/wp-json\/wp\/v2\/media\/1771"}],"wp:attachment":[{"href":"https:\/\/radioleinewelle.de\/index.php\/wp-json\/wp\/v2\/media?parent=1768"}],"wp:term":[{"taxonomy":"category","embeddable":true,"href":"https:\/\/radioleinewelle.de\/index.php\/wp-json\/wp\/v2\/categories?post=1768"},{"taxonomy":"post_tag","embeddable":true,"href":"https:\/\/radioleinewelle.de\/index.php\/wp-json\/wp\/v2\/tags?post=1768"}],"curies":[{"name":"wp","href":"https:\/\/api.w.org\/{rel}","templated":true}]}}