{"id":1784,"date":"2020-09-23T05:00:33","date_gmt":"2020-09-23T03:00:33","guid":{"rendered":"https:\/\/radioleinewelle.de\/?p=1784"},"modified":"2020-09-23T05:00:33","modified_gmt":"2020-09-23T03:00:33","slug":"gegenrede-der-fdp-stadtverband-zum-ratsbeschluss-e-sport","status":"publish","type":"post","link":"https:\/\/radioleinewelle.de\/index.php\/2020\/09\/23\/gegenrede-der-fdp-stadtverband-zum-ratsbeschluss-e-sport\/","title":{"rendered":"Gegenrede: Der FDP Stadtverband zum Ratsbeschluss e-Sport"},"content":{"rendered":"<p>Auf der letzten Ratssitzung wurde der Antrag der FDP-Fraktion auf Anerkennung des e-Sports mehrheitlich nach kontroverser Diskussion von den anderen Fraktionen abgelehnt. Die Anerkennung als offizielle Sportart ist seit Jahren Gegenstand \u00f6ffentlicher Debatten. Unter anderm wird \u00a0im Rahmen der &#8222;Me Too&#8220; Debatte die Frage diskutiert, ob der E-Sport ein strukturelles Sexismusproblem hat. Da E-Sport in Deutschland und weltweit ein Massenph\u00e4nomen ist, halten wir es f\u00fcr angemessen, sich intensiv mit diesem Thema zu besch\u00e4ftigen. Kommentare (an: redaktion@radioleinewelle.de) aus den anderen Ratsfraktionen, dem Sport und der Gamerszene sind ausdr\u00fccklich erw\u00fcnscht. Hier als erster Beitrag zur Debatte die Stellungnahme der FDP:<\/p>\n<p>&nbsp;<\/p>\n<p><strong>FDP Stadtverband ist entsetzt \u00fcber Unkenntnis der Ratsfraktionen zum Thema eSport<\/strong><\/p>\n<p>In der vergangenen Ratssitzung am 18.9.20 wurde \u00fcber den Antrag der FDP-Ratsfraktion \u201eeSport anerkennen\u201c ausgiebig diskutiert. Der Stadtverband ist entsetzt \u00fcber die offensichtliche Unkenntnis der anderen Ratsfraktionen zu diesem Thema und deren l\u00e4ngst veralteten Vorurteile.<\/p>\n<p><em>\u201eZum einen erleben wir bei den Kollegen Wucherpfennig, Tugcu, Safieh und Binkenstein, dass sie den grundlegenden Unterschied zwischen &#8222;daddeln&#8220; und eSport nicht verstanden haben. Das eine ist eine Form der Freizeitbesch\u00e4ftigung, das andere ist systematisches Training. Ein E-Sportler trainiert nie mehr als acht Stunden am Tag, eingeteilt in individuelles Techniktraining, Team-Training, Strategiebesprechungen und Fitnesstraining. Die Privatmeinung meines gesch\u00e4tzten Kollegen Tugcu (&#8222;F\u00fcr ihn habe Sport etwas mit Bewegung zu tun&#8230;&#8220;) sei ihm gelassen, aber Schach beispielsweise ist eine anerkannte Sportart, welche sich nicht gerade durch Bewegungsdrang auszeichnet.\u201c,<\/em>kommentiert Patrick Thegeder, FDP-Stadtverbandsvorsitzender, die fast einst\u00fcndige Diskussion im Rat.<\/p>\n<p>Thegeder ist nicht nur studierter Sportwissenschaftler, sondern auch Leiter des Landesfachausschusses Sport der FDP Niedersachsen und Mitglied des Bundesfachausschusses Sport.<\/p>\n<p>Die Unkenntnis der genannten Ratsmitglieder zeigt sich auch deutlich in deren weiterer Argumentation. Denn der eSport umfasst wesentlich mehr als den von Ratsherr Wucherpfennig klischeehaft genannten Titel &#8218;Counterstrike&#8216;. Der eSport ist so verschieden wie der reale Sport, von Rennspielen \u00fcber Sportspiele zu Strategiespielen oder sogenannten Shootern ist alles vertreten. Den geringsten Teil im eSport nehmen \u00fcbrigens die traditionellen Sportarten mit Titeln wie Fifa oder Madden ein.<\/p>\n<p>Profivereine haben das Potential des eSports l\u00e4ngst erkannt, denn es geht hier weniger um den pekuni\u00e4ren Gewinn, sondern darum in der Zielgruppe der unter 30-j\u00e4hrigen Pr\u00e4senz zu zeigen. Nat\u00fcrlich wird ein professionell agierender Teil eines Vereins als GmbH ausgegliedert. Das hat nichts mit den m\u00f6glichen Gewinnen zu tun, sondern sch\u00fctzt den Stammverein im Falle einer Insolvenz der GmbH.<\/p>\n<p><em>\u201eHerr Wucherpfennig verweist in seiner Stellungnahme auf die Position des DOSB. Diese ist leider in ihrer Grundstruktur fehlerhaft, wie bei Gespr\u00e4chen mit DOSB-Vertretern und meinem Landesfachausschuss deutlich wurde. Drei Hauptargumente wurden dabei ins Feld gef\u00fchrt: 1. Der eSport ist gewaltt\u00e4tig und deshalb nicht f\u00f6rderungsw\u00fcrdig, 2. der eSport ist unsportlich und ohne sportliche Bet\u00e4tigung und 3. zu kommerziell organisiert\u201c,<\/em>so Thegeder weiter.<\/p>\n<p>Doch auch diese Argumente lassen sich schnell widerlegen.<br \/>\nZu 1: Der eSport ist nicht gewaltt\u00e4tig, noch sind es manche Titel. Es gibt unterschiedliche Spiele mit unterschiedlichen Zielsetzungen, manche davon haben eben das Szenario einer kriegerischen Auseinandersetzung. Wer das jetzt f\u00fcr brutal h\u00e4lt, der m\u00f6chte an Fechten erinnert werden (&#8222;erstechen&#8220; des Gegners) oder an Boxen (Das Ziel ist der Knock-Out). Besonders beim Boxen sind die Sp\u00e4tfolgen einer erfolgreichen Karriere zum Teil schwerwiegend, nicht umsonst gibt es das &#8222;Boxers-Syndrome&#8220; als medizinischen Terminus. Auch das Vorurteil, Jugendliche, die Ego-Shooter spielen, w\u00fcrden automatisch gewaltt\u00e4tig werden, ist inzwischen veraltet und hinreichend widerlegt.<\/p>\n<p>Zu 2: Organisierte eSport-Events und -Ligen unterliegen einem festen Regelwerk, unfaires Verhalten wird sanktioniert. Der eSport ist auch nicht unsportlich im Sinne von k\u00f6rperlicher Bet\u00e4tigung. Ein Profi macht ein ausgew\u00e4hltes Ausgleichstrainingsprogramm und hat eine Reaktionszeit, die k\u00fcrzer ist als die von Profivolleyballern.<\/p>\n<p>Zu 3: Der eSport an sich braucht keine F\u00f6rderung, es gibt keine zentrale Dachorganisation und die Spiele werden in Turnierform von den Herstellern angeboten. Dadurch gibt es aber auch keine kontrollierten Strukturen, was einen Schutz von Minderj\u00e4hrigen erschwert. Zudem w\u00fcrden Vereine \u00fcber eine eSport-Sparte sich ein weiteres Standbein schaffen und mit der jugendlichen Zielgruppe (die den Nachwuchs in einem Verein bildet) in Kontakt zu treten. Hier ist ein weiterer Vorteil, dass Sportler eines eSport-Teams nicht vor Ort sein m\u00fcssen, um in Wettk\u00e4mpfen anzutreten.<\/p>\n<p><em>\u201eWas die Ratskollegen von SPD, Gr\u00fcne, CDU und Linke anscheinend nicht verstanden haben, ist, welches Potential Vereinsstrukturen f\u00fcr den eSport bieten: Pr\u00e4ventionsarbeit zu Spielsucht und Medienkompetenz k\u00f6nnen so ganz gezielt an Jugendliche vermittelt werden. Dar\u00fcber hinaus erm\u00f6glichen diese Strukturen auch die unkomplizierte Teilhabe aller interessierter Gamer. Integration und Inklusion lassen sich virtuell einfach erleben. Es ist f\u00fcr uns unbegreiflich, warum man sich in G\u00f6ttingen so dagegen wehrt \u00fcberhaupt \u00fcber das Thema zu diskutieren und sich mit Sachverst\u00e4ndigen auseinander zu setzen. G\u00f6ttingen hat wieder einmal die Chance vertan eine Vorreiterrolle einzunehmen\u201c, <\/em>zeigt sich Thegeder entt\u00e4uscht.<\/p>\n<p>Sport hat viele Facetten, er geht von Schach bis Bungee-jumping, von Skateboarden und Big-Wave-Surfing zu Snowboarden, Biathlon, Fu\u00dfball, Skilanglauf oder Golf. Aus Sicht des Stadtverbandes sollte im 21. Jahrhundert endlich mit alten Vorurteilen und verstaubten Ansichten aufger\u00e4umt werden und eSport als das anerkannt werden was er ist: Eine neue Facette von stetig neuen Sportarten.<\/p>\n<p>&nbsp;<\/p>\n<p>Bild von <a href=\"https:\/\/pixabay.com\/de\/users\/dife88-978758\/?utm_source=link-attribution&amp;utm_medium=referral&amp;utm_campaign=image&amp;utm_content=3110696\">dife88<\/a> auf <a href=\"https:\/\/pixabay.com\/de\/?utm_source=link-attribution&amp;utm_medium=referral&amp;utm_campaign=image&amp;utm_content=3110696\">Pixabay<\/a><\/p>\n","protected":false},"excerpt":{"rendered":"<p>Auf der letzten Ratssitzung wurde der Antrag der FDP-Fraktion auf Anerkennung des e-Sports mehrheitlich nach kontroverser Diskussion von den anderen Fraktionen abgelehnt. Die Anerkennung als offizielle Sportart ist seit Jahren Gegenstand \u00f6ffentlicher Debatten. Unter anderm wird \u00a0im Rahmen der &#8222;Me Too&#8220; Debatte die Frage diskutiert, ob der E-Sport ein strukturelles Sexismusproblem hat. Da E-Sport in [&hellip;]<\/p>\n","protected":false},"author":1,"featured_media":0,"comment_status":"closed","ping_status":"closed","sticky":false,"template":"","format":"standard","meta":{"saved_in_kubio":false,"footnotes":""},"categories":[1],"tags":[],"class_list":["post-1784","post","type-post","status-publish","format-standard","hentry","category-allgemein"],"yoast_head":"<!-- This site is optimized with the Yoast SEO plugin v27.5 - https:\/\/yoast.com\/product\/yoast-seo-wordpress\/ -->\n<title>Gegenrede: Der FDP Stadtverband zum Ratsbeschluss e-Sport - Radio Leinewelle<\/title>\n<meta name=\"robots\" content=\"index, follow, max-snippet:-1, max-image-preview:large, max-video-preview:-1\" \/>\n<link rel=\"canonical\" href=\"https:\/\/radioleinewelle.de\/index.php\/2020\/09\/23\/gegenrede-der-fdp-stadtverband-zum-ratsbeschluss-e-sport\/\" \/>\n<meta property=\"og:locale\" content=\"de_DE\" \/>\n<meta property=\"og:type\" content=\"article\" \/>\n<meta property=\"og:title\" content=\"Gegenrede: Der FDP Stadtverband zum Ratsbeschluss e-Sport - Radio Leinewelle\" \/>\n<meta property=\"og:description\" content=\"Auf der letzten Ratssitzung wurde der Antrag der FDP-Fraktion auf Anerkennung des e-Sports mehrheitlich nach kontroverser Diskussion von den anderen Fraktionen abgelehnt. Die Anerkennung als offizielle Sportart ist seit Jahren Gegenstand \u00f6ffentlicher Debatten. Unter anderm wird \u00a0im Rahmen der &#8222;Me Too&#8220; Debatte die Frage diskutiert, ob der E-Sport ein strukturelles Sexismusproblem hat. Da E-Sport in [&hellip;]\" \/>\n<meta property=\"og:url\" content=\"https:\/\/radioleinewelle.de\/index.php\/2020\/09\/23\/gegenrede-der-fdp-stadtverband-zum-ratsbeschluss-e-sport\/\" \/>\n<meta property=\"og:site_name\" content=\"Radio Leinewelle\" \/>\n<meta property=\"article:publisher\" content=\"https:\/\/www.facebook.com\/radioleinewelle\" \/>\n<meta property=\"article:author\" content=\"https:\/\/www.facebook.com\/radioleinewelle\" \/>\n<meta property=\"article:published_time\" content=\"2020-09-23T03:00:33+00:00\" \/>\n<meta name=\"author\" content=\"Leinewelle\" \/>\n<meta name=\"twitter:card\" content=\"summary_large_image\" \/>\n<meta name=\"twitter:creator\" content=\"@https:\/\/twitter.com\/RLeinewelle?ref_src=twsrcgoogletwcampserptwgrauthor\" \/>\n<meta name=\"twitter:site\" content=\"@RLeinewelle\" \/>\n<meta name=\"twitter:label1\" content=\"Verfasst von\" \/>\n\t<meta name=\"twitter:data1\" content=\"Leinewelle\" \/>\n\t<meta name=\"twitter:label2\" content=\"Gesch\u00e4tzte Lesezeit\" \/>\n\t<meta name=\"twitter:data2\" content=\"4\u00a0Minuten\" \/>\n<script type=\"application\/ld+json\" class=\"yoast-schema-graph\">{\"@context\":\"https:\\\/\\\/schema.org\",\"@graph\":[{\"@type\":\"Article\",\"@id\":\"https:\\\/\\\/radioleinewelle.de\\\/index.php\\\/2020\\\/09\\\/23\\\/gegenrede-der-fdp-stadtverband-zum-ratsbeschluss-e-sport\\\/#article\",\"isPartOf\":{\"@id\":\"https:\\\/\\\/radioleinewelle.de\\\/index.php\\\/2020\\\/09\\\/23\\\/gegenrede-der-fdp-stadtverband-zum-ratsbeschluss-e-sport\\\/\"},\"author\":{\"name\":\"Leinewelle\",\"@id\":\"https:\\\/\\\/radioleinewelle.de\\\/#\\\/schema\\\/person\\\/45606f348637df637192dc1b68399a63\"},\"headline\":\"Gegenrede: Der FDP Stadtverband zum Ratsbeschluss e-Sport\",\"datePublished\":\"2020-09-23T03:00:33+00:00\",\"mainEntityOfPage\":{\"@id\":\"https:\\\/\\\/radioleinewelle.de\\\/index.php\\\/2020\\\/09\\\/23\\\/gegenrede-der-fdp-stadtverband-zum-ratsbeschluss-e-sport\\\/\"},\"wordCount\":875,\"publisher\":{\"@id\":\"https:\\\/\\\/radioleinewelle.de\\\/#organization\"},\"inLanguage\":\"de\"},{\"@type\":\"WebPage\",\"@id\":\"https:\\\/\\\/radioleinewelle.de\\\/index.php\\\/2020\\\/09\\\/23\\\/gegenrede-der-fdp-stadtverband-zum-ratsbeschluss-e-sport\\\/\",\"url\":\"https:\\\/\\\/radioleinewelle.de\\\/index.php\\\/2020\\\/09\\\/23\\\/gegenrede-der-fdp-stadtverband-zum-ratsbeschluss-e-sport\\\/\",\"name\":\"Gegenrede: Der FDP Stadtverband zum Ratsbeschluss e-Sport - Radio Leinewelle\",\"isPartOf\":{\"@id\":\"https:\\\/\\\/radioleinewelle.de\\\/#website\"},\"datePublished\":\"2020-09-23T03:00:33+00:00\",\"breadcrumb\":{\"@id\":\"https:\\\/\\\/radioleinewelle.de\\\/index.php\\\/2020\\\/09\\\/23\\\/gegenrede-der-fdp-stadtverband-zum-ratsbeschluss-e-sport\\\/#breadcrumb\"},\"inLanguage\":\"de\",\"potentialAction\":[{\"@type\":\"ReadAction\",\"target\":[\"https:\\\/\\\/radioleinewelle.de\\\/index.php\\\/2020\\\/09\\\/23\\\/gegenrede-der-fdp-stadtverband-zum-ratsbeschluss-e-sport\\\/\"]}]},{\"@type\":\"BreadcrumbList\",\"@id\":\"https:\\\/\\\/radioleinewelle.de\\\/index.php\\\/2020\\\/09\\\/23\\\/gegenrede-der-fdp-stadtverband-zum-ratsbeschluss-e-sport\\\/#breadcrumb\",\"itemListElement\":[{\"@type\":\"ListItem\",\"position\":1,\"name\":\"Startseite\",\"item\":\"https:\\\/\\\/radioleinewelle.de\\\/\"},{\"@type\":\"ListItem\",\"position\":2,\"name\":\"Gegenrede: Der FDP Stadtverband zum Ratsbeschluss e-Sport\"}]},{\"@type\":\"WebSite\",\"@id\":\"https:\\\/\\\/radioleinewelle.de\\\/#website\",\"url\":\"https:\\\/\\\/radioleinewelle.de\\\/\",\"name\":\"Radio Leinewelle\",\"description\":\"\",\"publisher\":{\"@id\":\"https:\\\/\\\/radioleinewelle.de\\\/#organization\"},\"potentialAction\":[{\"@type\":\"SearchAction\",\"target\":{\"@type\":\"EntryPoint\",\"urlTemplate\":\"https:\\\/\\\/radioleinewelle.de\\\/?s={search_term_string}\"},\"query-input\":{\"@type\":\"PropertyValueSpecification\",\"valueRequired\":true,\"valueName\":\"search_term_string\"}}],\"inLanguage\":\"de\"},{\"@type\":\"Organization\",\"@id\":\"https:\\\/\\\/radioleinewelle.de\\\/#organization\",\"name\":\"Radio Leinewelle\",\"alternateName\":\"Mein Radio f\u00fcr S\u00fcdniedersachsen\",\"url\":\"https:\\\/\\\/radioleinewelle.de\\\/\",\"logo\":{\"@type\":\"ImageObject\",\"inLanguage\":\"de\",\"@id\":\"https:\\\/\\\/radioleinewelle.de\\\/#\\\/schema\\\/logo\\\/image\\\/\",\"url\":\"https:\\\/\\\/radioleinewelle.de\\\/wp-content\\\/uploads\\\/2023\\\/11\\\/cropped-Leinewelle_Logo_weiss.png\",\"contentUrl\":\"https:\\\/\\\/radioleinewelle.de\\\/wp-content\\\/uploads\\\/2023\\\/11\\\/cropped-Leinewelle_Logo_weiss.png\",\"width\":854,\"height\":260,\"caption\":\"Radio Leinewelle\"},\"image\":{\"@id\":\"https:\\\/\\\/radioleinewelle.de\\\/#\\\/schema\\\/logo\\\/image\\\/\"},\"sameAs\":[\"https:\\\/\\\/www.facebook.com\\\/radioleinewelle\",\"https:\\\/\\\/x.com\\\/RLeinewelle\",\"https:\\\/\\\/www.instagram.com\\\/radioleinewelle\\\/?hl=de\"]},{\"@type\":\"Person\",\"@id\":\"https:\\\/\\\/radioleinewelle.de\\\/#\\\/schema\\\/person\\\/45606f348637df637192dc1b68399a63\",\"name\":\"Leinewelle\",\"image\":{\"@type\":\"ImageObject\",\"inLanguage\":\"de\",\"@id\":\"https:\\\/\\\/secure.gravatar.com\\\/avatar\\\/05c9a17bc973052ee5d91549bd32fb4dd0dc85b7b85ae94b2e2b4943476bbea5?s=96&d=blank&r=g\",\"url\":\"https:\\\/\\\/secure.gravatar.com\\\/avatar\\\/05c9a17bc973052ee5d91549bd32fb4dd0dc85b7b85ae94b2e2b4943476bbea5?s=96&d=blank&r=g\",\"contentUrl\":\"https:\\\/\\\/secure.gravatar.com\\\/avatar\\\/05c9a17bc973052ee5d91549bd32fb4dd0dc85b7b85ae94b2e2b4943476bbea5?s=96&d=blank&r=g\",\"caption\":\"Leinewelle\"},\"sameAs\":[\"http:\\\/\\\/localhost\\\/radio%20leinewelle\\\/wordpress\",\"https:\\\/\\\/www.facebook.com\\\/radioleinewelle\",\"https:\\\/\\\/www.instagram.com\\\/radioleinewelle\",\"https:\\\/\\\/x.com\\\/https:\\\/\\\/twitter.com\\\/RLeinewelle?ref_src=twsrcgoogletwcampserptwgrauthor\",\"https:\\\/\\\/soundcloud.com\\\/foerderverein-lokalradio?utm_source=clipboard&utm_medium=text&utm_campaign=social_sharing\"],\"url\":\"https:\\\/\\\/radioleinewelle.de\\\/index.php\\\/author\\\/leinewelle\\\/\"}]}<\/script>\n<!-- \/ Yoast SEO plugin. -->","yoast_head_json":{"title":"Gegenrede: Der FDP Stadtverband zum Ratsbeschluss e-Sport - Radio Leinewelle","robots":{"index":"index","follow":"follow","max-snippet":"max-snippet:-1","max-image-preview":"max-image-preview:large","max-video-preview":"max-video-preview:-1"},"canonical":"https:\/\/radioleinewelle.de\/index.php\/2020\/09\/23\/gegenrede-der-fdp-stadtverband-zum-ratsbeschluss-e-sport\/","og_locale":"de_DE","og_type":"article","og_title":"Gegenrede: Der FDP Stadtverband zum Ratsbeschluss e-Sport - Radio Leinewelle","og_description":"Auf der letzten Ratssitzung wurde der Antrag der FDP-Fraktion auf Anerkennung des e-Sports mehrheitlich nach kontroverser Diskussion von den anderen Fraktionen abgelehnt. Die Anerkennung als offizielle Sportart ist seit Jahren Gegenstand \u00f6ffentlicher Debatten. Unter anderm wird \u00a0im Rahmen der &#8222;Me Too&#8220; Debatte die Frage diskutiert, ob der E-Sport ein strukturelles Sexismusproblem hat. Da E-Sport in [&hellip;]","og_url":"https:\/\/radioleinewelle.de\/index.php\/2020\/09\/23\/gegenrede-der-fdp-stadtverband-zum-ratsbeschluss-e-sport\/","og_site_name":"Radio Leinewelle","article_publisher":"https:\/\/www.facebook.com\/radioleinewelle","article_author":"https:\/\/www.facebook.com\/radioleinewelle","article_published_time":"2020-09-23T03:00:33+00:00","author":"Leinewelle","twitter_card":"summary_large_image","twitter_creator":"@https:\/\/twitter.com\/RLeinewelle?ref_src=twsrcgoogletwcampserptwgrauthor","twitter_site":"@RLeinewelle","twitter_misc":{"Verfasst von":"Leinewelle","Gesch\u00e4tzte Lesezeit":"4\u00a0Minuten"},"schema":{"@context":"https:\/\/schema.org","@graph":[{"@type":"Article","@id":"https:\/\/radioleinewelle.de\/index.php\/2020\/09\/23\/gegenrede-der-fdp-stadtverband-zum-ratsbeschluss-e-sport\/#article","isPartOf":{"@id":"https:\/\/radioleinewelle.de\/index.php\/2020\/09\/23\/gegenrede-der-fdp-stadtverband-zum-ratsbeschluss-e-sport\/"},"author":{"name":"Leinewelle","@id":"https:\/\/radioleinewelle.de\/#\/schema\/person\/45606f348637df637192dc1b68399a63"},"headline":"Gegenrede: Der FDP Stadtverband zum Ratsbeschluss e-Sport","datePublished":"2020-09-23T03:00:33+00:00","mainEntityOfPage":{"@id":"https:\/\/radioleinewelle.de\/index.php\/2020\/09\/23\/gegenrede-der-fdp-stadtverband-zum-ratsbeschluss-e-sport\/"},"wordCount":875,"publisher":{"@id":"https:\/\/radioleinewelle.de\/#organization"},"inLanguage":"de"},{"@type":"WebPage","@id":"https:\/\/radioleinewelle.de\/index.php\/2020\/09\/23\/gegenrede-der-fdp-stadtverband-zum-ratsbeschluss-e-sport\/","url":"https:\/\/radioleinewelle.de\/index.php\/2020\/09\/23\/gegenrede-der-fdp-stadtverband-zum-ratsbeschluss-e-sport\/","name":"Gegenrede: Der FDP Stadtverband zum Ratsbeschluss e-Sport - Radio Leinewelle","isPartOf":{"@id":"https:\/\/radioleinewelle.de\/#website"},"datePublished":"2020-09-23T03:00:33+00:00","breadcrumb":{"@id":"https:\/\/radioleinewelle.de\/index.php\/2020\/09\/23\/gegenrede-der-fdp-stadtverband-zum-ratsbeschluss-e-sport\/#breadcrumb"},"inLanguage":"de","potentialAction":[{"@type":"ReadAction","target":["https:\/\/radioleinewelle.de\/index.php\/2020\/09\/23\/gegenrede-der-fdp-stadtverband-zum-ratsbeschluss-e-sport\/"]}]},{"@type":"BreadcrumbList","@id":"https:\/\/radioleinewelle.de\/index.php\/2020\/09\/23\/gegenrede-der-fdp-stadtverband-zum-ratsbeschluss-e-sport\/#breadcrumb","itemListElement":[{"@type":"ListItem","position":1,"name":"Startseite","item":"https:\/\/radioleinewelle.de\/"},{"@type":"ListItem","position":2,"name":"Gegenrede: Der FDP Stadtverband zum Ratsbeschluss e-Sport"}]},{"@type":"WebSite","@id":"https:\/\/radioleinewelle.de\/#website","url":"https:\/\/radioleinewelle.de\/","name":"Radio Leinewelle","description":"","publisher":{"@id":"https:\/\/radioleinewelle.de\/#organization"},"potentialAction":[{"@type":"SearchAction","target":{"@type":"EntryPoint","urlTemplate":"https:\/\/radioleinewelle.de\/?s={search_term_string}"},"query-input":{"@type":"PropertyValueSpecification","valueRequired":true,"valueName":"search_term_string"}}],"inLanguage":"de"},{"@type":"Organization","@id":"https:\/\/radioleinewelle.de\/#organization","name":"Radio Leinewelle","alternateName":"Mein Radio f\u00fcr S\u00fcdniedersachsen","url":"https:\/\/radioleinewelle.de\/","logo":{"@type":"ImageObject","inLanguage":"de","@id":"https:\/\/radioleinewelle.de\/#\/schema\/logo\/image\/","url":"https:\/\/radioleinewelle.de\/wp-content\/uploads\/2023\/11\/cropped-Leinewelle_Logo_weiss.png","contentUrl":"https:\/\/radioleinewelle.de\/wp-content\/uploads\/2023\/11\/cropped-Leinewelle_Logo_weiss.png","width":854,"height":260,"caption":"Radio Leinewelle"},"image":{"@id":"https:\/\/radioleinewelle.de\/#\/schema\/logo\/image\/"},"sameAs":["https:\/\/www.facebook.com\/radioleinewelle","https:\/\/x.com\/RLeinewelle","https:\/\/www.instagram.com\/radioleinewelle\/?hl=de"]},{"@type":"Person","@id":"https:\/\/radioleinewelle.de\/#\/schema\/person\/45606f348637df637192dc1b68399a63","name":"Leinewelle","image":{"@type":"ImageObject","inLanguage":"de","@id":"https:\/\/secure.gravatar.com\/avatar\/05c9a17bc973052ee5d91549bd32fb4dd0dc85b7b85ae94b2e2b4943476bbea5?s=96&d=blank&r=g","url":"https:\/\/secure.gravatar.com\/avatar\/05c9a17bc973052ee5d91549bd32fb4dd0dc85b7b85ae94b2e2b4943476bbea5?s=96&d=blank&r=g","contentUrl":"https:\/\/secure.gravatar.com\/avatar\/05c9a17bc973052ee5d91549bd32fb4dd0dc85b7b85ae94b2e2b4943476bbea5?s=96&d=blank&r=g","caption":"Leinewelle"},"sameAs":["http:\/\/localhost\/radio%20leinewelle\/wordpress","https:\/\/www.facebook.com\/radioleinewelle","https:\/\/www.instagram.com\/radioleinewelle","https:\/\/x.com\/https:\/\/twitter.com\/RLeinewelle?ref_src=twsrcgoogletwcampserptwgrauthor","https:\/\/soundcloud.com\/foerderverein-lokalradio?utm_source=clipboard&utm_medium=text&utm_campaign=social_sharing"],"url":"https:\/\/radioleinewelle.de\/index.php\/author\/leinewelle\/"}]}},"_links":{"self":[{"href":"https:\/\/radioleinewelle.de\/index.php\/wp-json\/wp\/v2\/posts\/1784","targetHints":{"allow":["GET"]}}],"collection":[{"href":"https:\/\/radioleinewelle.de\/index.php\/wp-json\/wp\/v2\/posts"}],"about":[{"href":"https:\/\/radioleinewelle.de\/index.php\/wp-json\/wp\/v2\/types\/post"}],"author":[{"embeddable":true,"href":"https:\/\/radioleinewelle.de\/index.php\/wp-json\/wp\/v2\/users\/1"}],"replies":[{"embeddable":true,"href":"https:\/\/radioleinewelle.de\/index.php\/wp-json\/wp\/v2\/comments?post=1784"}],"version-history":[{"count":0,"href":"https:\/\/radioleinewelle.de\/index.php\/wp-json\/wp\/v2\/posts\/1784\/revisions"}],"wp:attachment":[{"href":"https:\/\/radioleinewelle.de\/index.php\/wp-json\/wp\/v2\/media?parent=1784"}],"wp:term":[{"taxonomy":"category","embeddable":true,"href":"https:\/\/radioleinewelle.de\/index.php\/wp-json\/wp\/v2\/categories?post=1784"},{"taxonomy":"post_tag","embeddable":true,"href":"https:\/\/radioleinewelle.de\/index.php\/wp-json\/wp\/v2\/tags?post=1784"}],"curies":[{"name":"wp","href":"https:\/\/api.w.org\/{rel}","templated":true}]}}