{"id":1801,"date":"2020-09-23T07:18:42","date_gmt":"2020-09-23T05:18:42","guid":{"rendered":"https:\/\/radioleinewelle.de\/?p=1801"},"modified":"2020-09-23T07:18:42","modified_gmt":"2020-09-23T05:18:42","slug":"nach-brandserie-in-und-um-einbeck-polizei-northeim-nimmt-tatverdaechtigen-fest","status":"publish","type":"post","link":"https:\/\/radioleinewelle.de\/index.php\/2020\/09\/23\/nach-brandserie-in-und-um-einbeck-polizei-northeim-nimmt-tatverdaechtigen-fest\/","title":{"rendered":"Nach Brandserie in und um Einbeck: Polizei Northeim nimmt Tatverd\u00e4chtigen fest."},"content":{"rendered":"<p>Die Brandserie in Einbeck, die die dortigen Feuerwehren wochenlang in Atem gehalten hat, ist m\u00f6glicherweise aufgekl\u00e4rt, Am Dienstag nahm die Polizei einen Verd\u00e4chtigen fest. Dazu teilten die\u00a0Staatsanwaltschaft G\u00f6ttingen und die Polizeidirektion G\u00f6ttingen heute folgendes mit:<\/p>\n<p>Nach einer Serie von Br\u00e4nden in den vergangenen Wochen in und um Einbeck ist es der Polizei Northeim gelungen, einen Tatverd\u00e4chtigen zu ermitteln. Bei dem Mann handelt es sich um einen 23-J\u00e4hrigen, der am fr\u00fchen Dienstagmorgen im Bereich Wolfsburg-K\u00f6nigslutter auf Grundlage eines Haftbefehls des Amtsgerichts G\u00f6ttingen festgenommen wurde. Die Ermittler sind ihm dank einer Wildkamera auf die Spur gekommen.<\/p>\n<p>Br\u00e4nde in und um Einbeck seit Anfang Juli Seit Anfang Juli ist es in Einbeck und Umgebung immer wieder zu Br\u00e4nden an unterschiedlichen \u00d6rtlichkeiten gekommen, unter anderem an der historischen Saline in Salzderhelden. Bereits wenige Tage nach den ersten Br\u00e4nden konnte die Polizei eine 30-j\u00e4hrige Tatverd\u00e4chtige festnehmen, die sich inzwischen in Untersuchungshaft befindet.<\/p>\n<p>Die Brandserie war damit jedoch nicht beendet: Wenige Tage sp\u00e4ter kam es zu weiteren augenscheinlich vors\u00e4tzlichen Brandlegungen, f\u00fcr die ein anderer T\u00e4ter verantwortlich sein musste. Die Polizei Northeim richtete daraufhin am 31. August eine Sonderkommission (Soko) ein und erh\u00f6hte die Pr\u00e4senz massiv und sichtbar. Der entscheidende Hinweis kam dann jedoch von einem Zeugen: Er hatte den jetzt festgenommenen Tatverd\u00e4chtigen auf seinem Grundst\u00fcck mit einer Wildkamera aufgenommen. Weitere polizeiliche Ma\u00dfnahmen, unter anderem die Observation des Tatverd\u00e4chtigen, f\u00fchrten schlie\u00dflich zur Verhaftung des 23-J\u00e4hrigen durch ein Mobiles Einsatzkommando (MEK) der Zentralen Kriminalinspektion sowie Ermittler der Polizeiinspektion Northeim.<\/p>\n<p>Gesamtschaden mehr als zwei Millionen Euro Bei den beiden Brandserien ist seit Anfang Juli ein Gesamtschaden von knapp zwei Millionen Euro entstanden. Den Flammen fielen neben der Saline in Salzderhelden mehrere Gartenlauben, Altkleidercontainer, Scheunen, ein leerstehendes Einfamilienhaus, Stammholz im Wald sowie Strohballen zum Opfer. Bei den Br\u00e4nden, die dem 23-j\u00e4hrigen Beschuldigten zur Last gelegt werden, entstand ein Sachschaden von mehr als 418.000 Euro.<\/p>\n<p>500 Hinweise aus der Bev\u00f6lkerung In die Ermittlungen waren neben den Beamtinnen und Beamten der Polizeiinspektion Northeim auch Kr\u00e4fte aus weiteren Inspektionen der Polizeidirektion G\u00f6ttingen sowie der Bereitschaftspolizei Niedersachsen involviert. Sie leisteten 5676 Einsatzstunden und gingen etwa 500 Hinweisen aus der Bev\u00f6lkerung nach.<\/p>\n<p>Der jetzt festgenommene 23-J\u00e4hrige wurde inzwischen dem Haftrichter vorgef\u00fchrt, der einen Untersuchungshaftbefehl erlassen hat. Der Mann ist derzeit im Bereich Hildesheim wohnhaft, stammt geb\u00fcrtig jedoch aus Einbeck. Ein Motiv ist derzeit noch unklar, ebenso, ob es einen Zusammenhang zwischen den beiden Brandserien gibt. Die Ermittlungen dauern an.<\/p>\n<p>Dank an die B\u00fcrgerinnen und B\u00fcrger &#8222;Ich bin sehr froh, dass wir nach den umfassenden Ermittlungs- und Fahndungsma\u00dfnahmen der Polizei jetzt diesen Erfolg erzielen konnten. Ein gro\u00dfer Dank geht an die B\u00fcrgerinnen und B\u00fcrger f\u00fcr die vielen Hinweise und Informationen. Das intensive Zusammenwirken der Bev\u00f6lkerung mit der Polizei hat nun letztendlich zur Festnahme gef\u00fchrt&#8220;, sagt Uwe L\u00fchrig, Pr\u00e4sident der Polizeidirektion G\u00f6ttingen. &#8222;Wir haben sehr schnell eine Sonderkommission eingerichtet, zus\u00e4tzliches Ermittlungspersonal aus anderen Inspektionen meiner Beh\u00f6rde eingesetzt und die Pr\u00e4senz in Einbeck und den vielen Ortsteilen rund um die Uhr massiv erh\u00f6ht. Das war auch die berechtige Erwartungshaltung der Bev\u00f6lkerung&#8220;, so Uwe L\u00fchrig weiter. Herausragend sei in diesem Zusammenhang auch der enge Schulterschluss zwischen Feuerwehren, THW, Rettungsdiensten und der Polizei. &#8222;Das hat mich \u00fcber die gesamte Zeit sehr beeindruckt&#8220;, so der Polizeipr\u00e4sident abschlie\u00dfend.<\/p>\n<p class=\"bold\"><strong>Bildunterschrift:\u00a0<\/strong>Oberstaatsanwalt Andreas Buick und Polizeipr\u00e4sident Uwe L\u00fchrig (von links) w\u00e4hrend der Pressekonferenz.<\/p>\n","protected":false},"excerpt":{"rendered":"<p>Die Brandserie in Einbeck, die die dortigen Feuerwehren wochenlang in Atem gehalten hat, ist m\u00f6glicherweise aufgekl\u00e4rt, Am Dienstag nahm die Polizei einen Verd\u00e4chtigen fest. Dazu teilten die\u00a0Staatsanwaltschaft G\u00f6ttingen und die Polizeidirektion G\u00f6ttingen heute folgendes mit: Nach einer Serie von Br\u00e4nden in den vergangenen Wochen in und um Einbeck ist es der Polizei Northeim gelungen, einen [&hellip;]<\/p>\n","protected":false},"author":1,"featured_media":1807,"comment_status":"closed","ping_status":"closed","sticky":false,"template":"","format":"standard","meta":{"saved_in_kubio":false,"footnotes":""},"categories":[1],"tags":[],"class_list":["post-1801","post","type-post","status-publish","format-standard","has-post-thumbnail","hentry","category-allgemein"],"yoast_head":"<!-- This site is optimized with the Yoast SEO plugin v27.5 - https:\/\/yoast.com\/product\/yoast-seo-wordpress\/ -->\n<title>Nach Brandserie in und um Einbeck: Polizei Northeim nimmt Tatverd\u00e4chtigen fest. - Radio Leinewelle<\/title>\n<meta name=\"robots\" content=\"index, follow, max-snippet:-1, max-image-preview:large, max-video-preview:-1\" \/>\n<link rel=\"canonical\" href=\"https:\/\/radioleinewelle.de\/index.php\/2020\/09\/23\/nach-brandserie-in-und-um-einbeck-polizei-northeim-nimmt-tatverdaechtigen-fest\/\" \/>\n<meta property=\"og:locale\" content=\"de_DE\" \/>\n<meta property=\"og:type\" content=\"article\" \/>\n<meta property=\"og:title\" content=\"Nach Brandserie in und um Einbeck: Polizei Northeim nimmt Tatverd\u00e4chtigen fest. - Radio Leinewelle\" \/>\n<meta property=\"og:description\" content=\"Die Brandserie in Einbeck, die die dortigen Feuerwehren wochenlang in Atem gehalten hat, ist m\u00f6glicherweise aufgekl\u00e4rt, Am Dienstag nahm die Polizei einen Verd\u00e4chtigen fest. Dazu teilten die\u00a0Staatsanwaltschaft G\u00f6ttingen und die Polizeidirektion G\u00f6ttingen heute folgendes mit: Nach einer Serie von Br\u00e4nden in den vergangenen Wochen in und um Einbeck ist es der Polizei Northeim gelungen, einen [&hellip;]\" \/>\n<meta property=\"og:url\" content=\"https:\/\/radioleinewelle.de\/index.php\/2020\/09\/23\/nach-brandserie-in-und-um-einbeck-polizei-northeim-nimmt-tatverdaechtigen-fest\/\" \/>\n<meta property=\"og:site_name\" content=\"Radio Leinewelle\" \/>\n<meta property=\"article:publisher\" content=\"https:\/\/www.facebook.com\/radioleinewelle\" \/>\n<meta property=\"article:author\" content=\"https:\/\/www.facebook.com\/radioleinewelle\" \/>\n<meta property=\"article:published_time\" content=\"2020-09-23T05:18:42+00:00\" \/>\n<meta property=\"og:image\" content=\"https:\/\/radioleinewelle.de\/wp-content\/uploads\/2020\/09\/DSC_0200-e1600890928854.jpg\" \/>\n\t<meta property=\"og:image:width\" content=\"600\" \/>\n\t<meta property=\"og:image:height\" content=\"400\" \/>\n\t<meta property=\"og:image:type\" content=\"image\/jpeg\" \/>\n<meta name=\"author\" content=\"Leinewelle\" \/>\n<meta name=\"twitter:card\" content=\"summary_large_image\" \/>\n<meta name=\"twitter:creator\" content=\"@https:\/\/twitter.com\/RLeinewelle?ref_src=twsrcgoogletwcampserptwgrauthor\" \/>\n<meta name=\"twitter:site\" content=\"@RLeinewelle\" \/>\n<meta name=\"twitter:label1\" content=\"Verfasst von\" \/>\n\t<meta name=\"twitter:data1\" content=\"Leinewelle\" \/>\n\t<meta name=\"twitter:label2\" content=\"Gesch\u00e4tzte Lesezeit\" \/>\n\t<meta name=\"twitter:data2\" content=\"3\u00a0Minuten\" \/>\n<script type=\"application\/ld+json\" class=\"yoast-schema-graph\">{\"@context\":\"https:\\\/\\\/schema.org\",\"@graph\":[{\"@type\":\"Article\",\"@id\":\"https:\\\/\\\/radioleinewelle.de\\\/index.php\\\/2020\\\/09\\\/23\\\/nach-brandserie-in-und-um-einbeck-polizei-northeim-nimmt-tatverdaechtigen-fest\\\/#article\",\"isPartOf\":{\"@id\":\"https:\\\/\\\/radioleinewelle.de\\\/index.php\\\/2020\\\/09\\\/23\\\/nach-brandserie-in-und-um-einbeck-polizei-northeim-nimmt-tatverdaechtigen-fest\\\/\"},\"author\":{\"name\":\"Leinewelle\",\"@id\":\"https:\\\/\\\/radioleinewelle.de\\\/#\\\/schema\\\/person\\\/45606f348637df637192dc1b68399a63\"},\"headline\":\"Nach Brandserie in und um Einbeck: Polizei Northeim nimmt Tatverd\u00e4chtigen fest.\",\"datePublished\":\"2020-09-23T05:18:42+00:00\",\"mainEntityOfPage\":{\"@id\":\"https:\\\/\\\/radioleinewelle.de\\\/index.php\\\/2020\\\/09\\\/23\\\/nach-brandserie-in-und-um-einbeck-polizei-northeim-nimmt-tatverdaechtigen-fest\\\/\"},\"wordCount\":608,\"publisher\":{\"@id\":\"https:\\\/\\\/radioleinewelle.de\\\/#organization\"},\"image\":{\"@id\":\"https:\\\/\\\/radioleinewelle.de\\\/index.php\\\/2020\\\/09\\\/23\\\/nach-brandserie-in-und-um-einbeck-polizei-northeim-nimmt-tatverdaechtigen-fest\\\/#primaryimage\"},\"thumbnailUrl\":\"https:\\\/\\\/radioleinewelle.de\\\/wp-content\\\/uploads\\\/2020\\\/09\\\/DSC_0200-e1600890928854.jpg\",\"inLanguage\":\"de\"},{\"@type\":\"WebPage\",\"@id\":\"https:\\\/\\\/radioleinewelle.de\\\/index.php\\\/2020\\\/09\\\/23\\\/nach-brandserie-in-und-um-einbeck-polizei-northeim-nimmt-tatverdaechtigen-fest\\\/\",\"url\":\"https:\\\/\\\/radioleinewelle.de\\\/index.php\\\/2020\\\/09\\\/23\\\/nach-brandserie-in-und-um-einbeck-polizei-northeim-nimmt-tatverdaechtigen-fest\\\/\",\"name\":\"Nach Brandserie in und um Einbeck: Polizei Northeim nimmt Tatverd\u00e4chtigen fest. - Radio Leinewelle\",\"isPartOf\":{\"@id\":\"https:\\\/\\\/radioleinewelle.de\\\/#website\"},\"primaryImageOfPage\":{\"@id\":\"https:\\\/\\\/radioleinewelle.de\\\/index.php\\\/2020\\\/09\\\/23\\\/nach-brandserie-in-und-um-einbeck-polizei-northeim-nimmt-tatverdaechtigen-fest\\\/#primaryimage\"},\"image\":{\"@id\":\"https:\\\/\\\/radioleinewelle.de\\\/index.php\\\/2020\\\/09\\\/23\\\/nach-brandserie-in-und-um-einbeck-polizei-northeim-nimmt-tatverdaechtigen-fest\\\/#primaryimage\"},\"thumbnailUrl\":\"https:\\\/\\\/radioleinewelle.de\\\/wp-content\\\/uploads\\\/2020\\\/09\\\/DSC_0200-e1600890928854.jpg\",\"datePublished\":\"2020-09-23T05:18:42+00:00\",\"breadcrumb\":{\"@id\":\"https:\\\/\\\/radioleinewelle.de\\\/index.php\\\/2020\\\/09\\\/23\\\/nach-brandserie-in-und-um-einbeck-polizei-northeim-nimmt-tatverdaechtigen-fest\\\/#breadcrumb\"},\"inLanguage\":\"de\",\"potentialAction\":[{\"@type\":\"ReadAction\",\"target\":[\"https:\\\/\\\/radioleinewelle.de\\\/index.php\\\/2020\\\/09\\\/23\\\/nach-brandserie-in-und-um-einbeck-polizei-northeim-nimmt-tatverdaechtigen-fest\\\/\"]}]},{\"@type\":\"ImageObject\",\"inLanguage\":\"de\",\"@id\":\"https:\\\/\\\/radioleinewelle.de\\\/index.php\\\/2020\\\/09\\\/23\\\/nach-brandserie-in-und-um-einbeck-polizei-northeim-nimmt-tatverdaechtigen-fest\\\/#primaryimage\",\"url\":\"https:\\\/\\\/radioleinewelle.de\\\/wp-content\\\/uploads\\\/2020\\\/09\\\/DSC_0200-e1600890928854.jpg\",\"contentUrl\":\"https:\\\/\\\/radioleinewelle.de\\\/wp-content\\\/uploads\\\/2020\\\/09\\\/DSC_0200-e1600890928854.jpg\",\"width\":600,\"height\":400,\"caption\":\"Oberstaatsanwalt Andreas Buick und Polizeipr\u00e4sident Uwe L\u00fchrig (von links) w\u00e4hrend der Pressekonferenz.\"},{\"@type\":\"BreadcrumbList\",\"@id\":\"https:\\\/\\\/radioleinewelle.de\\\/index.php\\\/2020\\\/09\\\/23\\\/nach-brandserie-in-und-um-einbeck-polizei-northeim-nimmt-tatverdaechtigen-fest\\\/#breadcrumb\",\"itemListElement\":[{\"@type\":\"ListItem\",\"position\":1,\"name\":\"Startseite\",\"item\":\"https:\\\/\\\/radioleinewelle.de\\\/\"},{\"@type\":\"ListItem\",\"position\":2,\"name\":\"Nach Brandserie in und um Einbeck: Polizei Northeim nimmt Tatverd\u00e4chtigen fest.\"}]},{\"@type\":\"WebSite\",\"@id\":\"https:\\\/\\\/radioleinewelle.de\\\/#website\",\"url\":\"https:\\\/\\\/radioleinewelle.de\\\/\",\"name\":\"Radio Leinewelle\",\"description\":\"\",\"publisher\":{\"@id\":\"https:\\\/\\\/radioleinewelle.de\\\/#organization\"},\"potentialAction\":[{\"@type\":\"SearchAction\",\"target\":{\"@type\":\"EntryPoint\",\"urlTemplate\":\"https:\\\/\\\/radioleinewelle.de\\\/?s={search_term_string}\"},\"query-input\":{\"@type\":\"PropertyValueSpecification\",\"valueRequired\":true,\"valueName\":\"search_term_string\"}}],\"inLanguage\":\"de\"},{\"@type\":\"Organization\",\"@id\":\"https:\\\/\\\/radioleinewelle.de\\\/#organization\",\"name\":\"Radio Leinewelle\",\"alternateName\":\"Mein Radio f\u00fcr S\u00fcdniedersachsen\",\"url\":\"https:\\\/\\\/radioleinewelle.de\\\/\",\"logo\":{\"@type\":\"ImageObject\",\"inLanguage\":\"de\",\"@id\":\"https:\\\/\\\/radioleinewelle.de\\\/#\\\/schema\\\/logo\\\/image\\\/\",\"url\":\"https:\\\/\\\/radioleinewelle.de\\\/wp-content\\\/uploads\\\/2023\\\/11\\\/cropped-Leinewelle_Logo_weiss.png\",\"contentUrl\":\"https:\\\/\\\/radioleinewelle.de\\\/wp-content\\\/uploads\\\/2023\\\/11\\\/cropped-Leinewelle_Logo_weiss.png\",\"width\":854,\"height\":260,\"caption\":\"Radio Leinewelle\"},\"image\":{\"@id\":\"https:\\\/\\\/radioleinewelle.de\\\/#\\\/schema\\\/logo\\\/image\\\/\"},\"sameAs\":[\"https:\\\/\\\/www.facebook.com\\\/radioleinewelle\",\"https:\\\/\\\/x.com\\\/RLeinewelle\",\"https:\\\/\\\/www.instagram.com\\\/radioleinewelle\\\/?hl=de\"]},{\"@type\":\"Person\",\"@id\":\"https:\\\/\\\/radioleinewelle.de\\\/#\\\/schema\\\/person\\\/45606f348637df637192dc1b68399a63\",\"name\":\"Leinewelle\",\"image\":{\"@type\":\"ImageObject\",\"inLanguage\":\"de\",\"@id\":\"https:\\\/\\\/secure.gravatar.com\\\/avatar\\\/05c9a17bc973052ee5d91549bd32fb4dd0dc85b7b85ae94b2e2b4943476bbea5?s=96&d=blank&r=g\",\"url\":\"https:\\\/\\\/secure.gravatar.com\\\/avatar\\\/05c9a17bc973052ee5d91549bd32fb4dd0dc85b7b85ae94b2e2b4943476bbea5?s=96&d=blank&r=g\",\"contentUrl\":\"https:\\\/\\\/secure.gravatar.com\\\/avatar\\\/05c9a17bc973052ee5d91549bd32fb4dd0dc85b7b85ae94b2e2b4943476bbea5?s=96&d=blank&r=g\",\"caption\":\"Leinewelle\"},\"sameAs\":[\"http:\\\/\\\/localhost\\\/radio%20leinewelle\\\/wordpress\",\"https:\\\/\\\/www.facebook.com\\\/radioleinewelle\",\"https:\\\/\\\/www.instagram.com\\\/radioleinewelle\",\"https:\\\/\\\/x.com\\\/https:\\\/\\\/twitter.com\\\/RLeinewelle?ref_src=twsrcgoogletwcampserptwgrauthor\",\"https:\\\/\\\/soundcloud.com\\\/foerderverein-lokalradio?utm_source=clipboard&utm_medium=text&utm_campaign=social_sharing\"],\"url\":\"https:\\\/\\\/radioleinewelle.de\\\/index.php\\\/author\\\/leinewelle\\\/\"}]}<\/script>\n<!-- \/ Yoast SEO plugin. -->","yoast_head_json":{"title":"Nach Brandserie in und um Einbeck: Polizei Northeim nimmt Tatverd\u00e4chtigen fest. - Radio Leinewelle","robots":{"index":"index","follow":"follow","max-snippet":"max-snippet:-1","max-image-preview":"max-image-preview:large","max-video-preview":"max-video-preview:-1"},"canonical":"https:\/\/radioleinewelle.de\/index.php\/2020\/09\/23\/nach-brandserie-in-und-um-einbeck-polizei-northeim-nimmt-tatverdaechtigen-fest\/","og_locale":"de_DE","og_type":"article","og_title":"Nach Brandserie in und um Einbeck: Polizei Northeim nimmt Tatverd\u00e4chtigen fest. - Radio Leinewelle","og_description":"Die Brandserie in Einbeck, die die dortigen Feuerwehren wochenlang in Atem gehalten hat, ist m\u00f6glicherweise aufgekl\u00e4rt, Am Dienstag nahm die Polizei einen Verd\u00e4chtigen fest. Dazu teilten die\u00a0Staatsanwaltschaft G\u00f6ttingen und die Polizeidirektion G\u00f6ttingen heute folgendes mit: Nach einer Serie von Br\u00e4nden in den vergangenen Wochen in und um Einbeck ist es der Polizei Northeim gelungen, einen [&hellip;]","og_url":"https:\/\/radioleinewelle.de\/index.php\/2020\/09\/23\/nach-brandserie-in-und-um-einbeck-polizei-northeim-nimmt-tatverdaechtigen-fest\/","og_site_name":"Radio Leinewelle","article_publisher":"https:\/\/www.facebook.com\/radioleinewelle","article_author":"https:\/\/www.facebook.com\/radioleinewelle","article_published_time":"2020-09-23T05:18:42+00:00","og_image":[{"width":600,"height":400,"url":"https:\/\/radioleinewelle.de\/wp-content\/uploads\/2020\/09\/DSC_0200-e1600890928854.jpg","type":"image\/jpeg"}],"author":"Leinewelle","twitter_card":"summary_large_image","twitter_creator":"@https:\/\/twitter.com\/RLeinewelle?ref_src=twsrcgoogletwcampserptwgrauthor","twitter_site":"@RLeinewelle","twitter_misc":{"Verfasst von":"Leinewelle","Gesch\u00e4tzte Lesezeit":"3\u00a0Minuten"},"schema":{"@context":"https:\/\/schema.org","@graph":[{"@type":"Article","@id":"https:\/\/radioleinewelle.de\/index.php\/2020\/09\/23\/nach-brandserie-in-und-um-einbeck-polizei-northeim-nimmt-tatverdaechtigen-fest\/#article","isPartOf":{"@id":"https:\/\/radioleinewelle.de\/index.php\/2020\/09\/23\/nach-brandserie-in-und-um-einbeck-polizei-northeim-nimmt-tatverdaechtigen-fest\/"},"author":{"name":"Leinewelle","@id":"https:\/\/radioleinewelle.de\/#\/schema\/person\/45606f348637df637192dc1b68399a63"},"headline":"Nach Brandserie in und um Einbeck: Polizei Northeim nimmt Tatverd\u00e4chtigen fest.","datePublished":"2020-09-23T05:18:42+00:00","mainEntityOfPage":{"@id":"https:\/\/radioleinewelle.de\/index.php\/2020\/09\/23\/nach-brandserie-in-und-um-einbeck-polizei-northeim-nimmt-tatverdaechtigen-fest\/"},"wordCount":608,"publisher":{"@id":"https:\/\/radioleinewelle.de\/#organization"},"image":{"@id":"https:\/\/radioleinewelle.de\/index.php\/2020\/09\/23\/nach-brandserie-in-und-um-einbeck-polizei-northeim-nimmt-tatverdaechtigen-fest\/#primaryimage"},"thumbnailUrl":"https:\/\/radioleinewelle.de\/wp-content\/uploads\/2020\/09\/DSC_0200-e1600890928854.jpg","inLanguage":"de"},{"@type":"WebPage","@id":"https:\/\/radioleinewelle.de\/index.php\/2020\/09\/23\/nach-brandserie-in-und-um-einbeck-polizei-northeim-nimmt-tatverdaechtigen-fest\/","url":"https:\/\/radioleinewelle.de\/index.php\/2020\/09\/23\/nach-brandserie-in-und-um-einbeck-polizei-northeim-nimmt-tatverdaechtigen-fest\/","name":"Nach Brandserie in und um Einbeck: Polizei Northeim nimmt Tatverd\u00e4chtigen fest. - Radio Leinewelle","isPartOf":{"@id":"https:\/\/radioleinewelle.de\/#website"},"primaryImageOfPage":{"@id":"https:\/\/radioleinewelle.de\/index.php\/2020\/09\/23\/nach-brandserie-in-und-um-einbeck-polizei-northeim-nimmt-tatverdaechtigen-fest\/#primaryimage"},"image":{"@id":"https:\/\/radioleinewelle.de\/index.php\/2020\/09\/23\/nach-brandserie-in-und-um-einbeck-polizei-northeim-nimmt-tatverdaechtigen-fest\/#primaryimage"},"thumbnailUrl":"https:\/\/radioleinewelle.de\/wp-content\/uploads\/2020\/09\/DSC_0200-e1600890928854.jpg","datePublished":"2020-09-23T05:18:42+00:00","breadcrumb":{"@id":"https:\/\/radioleinewelle.de\/index.php\/2020\/09\/23\/nach-brandserie-in-und-um-einbeck-polizei-northeim-nimmt-tatverdaechtigen-fest\/#breadcrumb"},"inLanguage":"de","potentialAction":[{"@type":"ReadAction","target":["https:\/\/radioleinewelle.de\/index.php\/2020\/09\/23\/nach-brandserie-in-und-um-einbeck-polizei-northeim-nimmt-tatverdaechtigen-fest\/"]}]},{"@type":"ImageObject","inLanguage":"de","@id":"https:\/\/radioleinewelle.de\/index.php\/2020\/09\/23\/nach-brandserie-in-und-um-einbeck-polizei-northeim-nimmt-tatverdaechtigen-fest\/#primaryimage","url":"https:\/\/radioleinewelle.de\/wp-content\/uploads\/2020\/09\/DSC_0200-e1600890928854.jpg","contentUrl":"https:\/\/radioleinewelle.de\/wp-content\/uploads\/2020\/09\/DSC_0200-e1600890928854.jpg","width":600,"height":400,"caption":"Oberstaatsanwalt Andreas Buick und Polizeipr\u00e4sident Uwe L\u00fchrig (von links) w\u00e4hrend der Pressekonferenz."},{"@type":"BreadcrumbList","@id":"https:\/\/radioleinewelle.de\/index.php\/2020\/09\/23\/nach-brandserie-in-und-um-einbeck-polizei-northeim-nimmt-tatverdaechtigen-fest\/#breadcrumb","itemListElement":[{"@type":"ListItem","position":1,"name":"Startseite","item":"https:\/\/radioleinewelle.de\/"},{"@type":"ListItem","position":2,"name":"Nach Brandserie in und um Einbeck: Polizei Northeim nimmt Tatverd\u00e4chtigen fest."}]},{"@type":"WebSite","@id":"https:\/\/radioleinewelle.de\/#website","url":"https:\/\/radioleinewelle.de\/","name":"Radio Leinewelle","description":"","publisher":{"@id":"https:\/\/radioleinewelle.de\/#organization"},"potentialAction":[{"@type":"SearchAction","target":{"@type":"EntryPoint","urlTemplate":"https:\/\/radioleinewelle.de\/?s={search_term_string}"},"query-input":{"@type":"PropertyValueSpecification","valueRequired":true,"valueName":"search_term_string"}}],"inLanguage":"de"},{"@type":"Organization","@id":"https:\/\/radioleinewelle.de\/#organization","name":"Radio Leinewelle","alternateName":"Mein Radio f\u00fcr S\u00fcdniedersachsen","url":"https:\/\/radioleinewelle.de\/","logo":{"@type":"ImageObject","inLanguage":"de","@id":"https:\/\/radioleinewelle.de\/#\/schema\/logo\/image\/","url":"https:\/\/radioleinewelle.de\/wp-content\/uploads\/2023\/11\/cropped-Leinewelle_Logo_weiss.png","contentUrl":"https:\/\/radioleinewelle.de\/wp-content\/uploads\/2023\/11\/cropped-Leinewelle_Logo_weiss.png","width":854,"height":260,"caption":"Radio Leinewelle"},"image":{"@id":"https:\/\/radioleinewelle.de\/#\/schema\/logo\/image\/"},"sameAs":["https:\/\/www.facebook.com\/radioleinewelle","https:\/\/x.com\/RLeinewelle","https:\/\/www.instagram.com\/radioleinewelle\/?hl=de"]},{"@type":"Person","@id":"https:\/\/radioleinewelle.de\/#\/schema\/person\/45606f348637df637192dc1b68399a63","name":"Leinewelle","image":{"@type":"ImageObject","inLanguage":"de","@id":"https:\/\/secure.gravatar.com\/avatar\/05c9a17bc973052ee5d91549bd32fb4dd0dc85b7b85ae94b2e2b4943476bbea5?s=96&d=blank&r=g","url":"https:\/\/secure.gravatar.com\/avatar\/05c9a17bc973052ee5d91549bd32fb4dd0dc85b7b85ae94b2e2b4943476bbea5?s=96&d=blank&r=g","contentUrl":"https:\/\/secure.gravatar.com\/avatar\/05c9a17bc973052ee5d91549bd32fb4dd0dc85b7b85ae94b2e2b4943476bbea5?s=96&d=blank&r=g","caption":"Leinewelle"},"sameAs":["http:\/\/localhost\/radio%20leinewelle\/wordpress","https:\/\/www.facebook.com\/radioleinewelle","https:\/\/www.instagram.com\/radioleinewelle","https:\/\/x.com\/https:\/\/twitter.com\/RLeinewelle?ref_src=twsrcgoogletwcampserptwgrauthor","https:\/\/soundcloud.com\/foerderverein-lokalradio?utm_source=clipboard&utm_medium=text&utm_campaign=social_sharing"],"url":"https:\/\/radioleinewelle.de\/index.php\/author\/leinewelle\/"}]}},"_links":{"self":[{"href":"https:\/\/radioleinewelle.de\/index.php\/wp-json\/wp\/v2\/posts\/1801","targetHints":{"allow":["GET"]}}],"collection":[{"href":"https:\/\/radioleinewelle.de\/index.php\/wp-json\/wp\/v2\/posts"}],"about":[{"href":"https:\/\/radioleinewelle.de\/index.php\/wp-json\/wp\/v2\/types\/post"}],"author":[{"embeddable":true,"href":"https:\/\/radioleinewelle.de\/index.php\/wp-json\/wp\/v2\/users\/1"}],"replies":[{"embeddable":true,"href":"https:\/\/radioleinewelle.de\/index.php\/wp-json\/wp\/v2\/comments?post=1801"}],"version-history":[{"count":0,"href":"https:\/\/radioleinewelle.de\/index.php\/wp-json\/wp\/v2\/posts\/1801\/revisions"}],"wp:featuredmedia":[{"embeddable":true,"href":"https:\/\/radioleinewelle.de\/index.php\/wp-json\/wp\/v2\/media\/1807"}],"wp:attachment":[{"href":"https:\/\/radioleinewelle.de\/index.php\/wp-json\/wp\/v2\/media?parent=1801"}],"wp:term":[{"taxonomy":"category","embeddable":true,"href":"https:\/\/radioleinewelle.de\/index.php\/wp-json\/wp\/v2\/categories?post=1801"},{"taxonomy":"post_tag","embeddable":true,"href":"https:\/\/radioleinewelle.de\/index.php\/wp-json\/wp\/v2\/tags?post=1801"}],"curies":[{"name":"wp","href":"https:\/\/api.w.org\/{rel}","templated":true}]}}