{"id":1819,"date":"2020-09-24T05:30:47","date_gmt":"2020-09-24T03:30:47","guid":{"rendered":"https:\/\/radioleinewelle.de\/?p=1819"},"modified":"2020-09-24T05:30:47","modified_gmt":"2020-09-24T03:30:47","slug":"duderstaedter-buergermeister-uebergibt-spende-an-michel-on-tour","status":"publish","type":"post","link":"https:\/\/radioleinewelle.de\/index.php\/2020\/09\/24\/duderstaedter-buergermeister-uebergibt-spende-an-michel-on-tour\/","title":{"rendered":"Duderst\u00e4dter B\u00fcrgermeister \u00fcbergibt Spende an &#8222;Michel on Tour&#8220;"},"content":{"rendered":"<div class=\"page\" title=\"Page 1\">\n<div class=\"section\">\n<div class=\"layoutArea\">\n<div class=\"column\">\n<p>Michel Descombes, in L\u00e4uferkreisen besser bekannt als &#8222;der franz\u00f6sische Marathon-Spa\u00dfpr\u00e4sident&#8220;, hat am Samstag im Rahmen seiner 500 km langen Radtour von Ebsdorf nach Berlin, bei der er Spenden f\u00fcr krebskranke Kinder sammelt, in Duderstadt einen Zwischenstopp eingelegt. B\u00fcrgermeister Thorsten Feike begr\u00fc\u00dfte den als Clown verkleideten 79- j\u00e4hrigen geb\u00fcrtigen Franzosen vor dem Duderst\u00e4dter Rathaus sehr herzlich und lud ihn und seinen Begleiter Dietmar &#8222;Pumuckel&#8220; M\u00fccke zu einem kleinen Imbiss ein.<\/p>\n<p>&#8222;Wer seit vielen Jahren mit Witz und Charme so engagiert Spenden f\u00fcr den guten Zweck sammelt, den unterst\u00fctzen wir gern&#8220;, betonte der B\u00fcrgermeister und \u00fcberreichte eine Spende der Stadt Duderstadt zugunsten der &#8222;Tour der Hoffnung&#8220;.<\/p>\n<p>Spontan gesellten sich Lothar Klein und Manfred Klingebiel, die als ehemalige Schornsteinfeger das ganze Jahr \u00fcber Spenden f\u00fcr die &#8222;Gl\u00fcckstour der Schornsteinfeger&#8220; sammeln, dazu und sorgten mit ihrem engagierten Einsatz daf\u00fcr, dass noch der ein oder andere Euro in der Spendenb\u00fcchse landete.<\/p>\n<\/div>\n<\/div>\n<\/div>\n<\/div>\n","protected":false},"excerpt":{"rendered":"<p>Michel Descombes, in L\u00e4uferkreisen besser bekannt als &#8222;der franz\u00f6sische Marathon-Spa\u00dfpr\u00e4sident&#8220;, hat am Samstag im Rahmen seiner 500 km langen Radtour von Ebsdorf nach Berlin, bei der er Spenden f\u00fcr krebskranke Kinder sammelt, in Duderstadt einen Zwischenstopp eingelegt. B\u00fcrgermeister Thorsten Feike begr\u00fc\u00dfte den als Clown verkleideten 79- j\u00e4hrigen geb\u00fcrtigen Franzosen vor dem Duderst\u00e4dter Rathaus sehr herzlich [&hellip;]<\/p>\n","protected":false},"author":1,"featured_media":1820,"comment_status":"closed","ping_status":"closed","sticky":false,"template":"","format":"standard","meta":{"saved_in_kubio":false,"footnotes":""},"categories":[1],"tags":[],"class_list":["post-1819","post","type-post","status-publish","format-standard","has-post-thumbnail","hentry","category-allgemein"],"yoast_head":"<!-- This site is optimized with the Yoast SEO plugin v27.5 - https:\/\/yoast.com\/product\/yoast-seo-wordpress\/ -->\n<title>Duderst\u00e4dter B\u00fcrgermeister \u00fcbergibt Spende an &quot;Michel on Tour&quot; - Radio Leinewelle<\/title>\n<meta name=\"robots\" content=\"index, follow, max-snippet:-1, max-image-preview:large, max-video-preview:-1\" \/>\n<link rel=\"canonical\" href=\"https:\/\/radioleinewelle.de\/index.php\/2020\/09\/24\/duderstaedter-buergermeister-uebergibt-spende-an-michel-on-tour\/\" \/>\n<meta property=\"og:locale\" content=\"de_DE\" \/>\n<meta property=\"og:type\" content=\"article\" \/>\n<meta property=\"og:title\" content=\"Duderst\u00e4dter B\u00fcrgermeister \u00fcbergibt Spende an &quot;Michel on Tour&quot; - Radio Leinewelle\" \/>\n<meta property=\"og:description\" content=\"Michel Descombes, in L\u00e4uferkreisen besser bekannt als &#8222;der franz\u00f6sische Marathon-Spa\u00dfpr\u00e4sident&#8220;, hat am Samstag im Rahmen seiner 500 km langen Radtour von Ebsdorf nach Berlin, bei der er Spenden f\u00fcr krebskranke Kinder sammelt, in Duderstadt einen Zwischenstopp eingelegt. B\u00fcrgermeister Thorsten Feike begr\u00fc\u00dfte den als Clown verkleideten 79- j\u00e4hrigen geb\u00fcrtigen Franzosen vor dem Duderst\u00e4dter Rathaus sehr herzlich [&hellip;]\" \/>\n<meta property=\"og:url\" content=\"https:\/\/radioleinewelle.de\/index.php\/2020\/09\/24\/duderstaedter-buergermeister-uebergibt-spende-an-michel-on-tour\/\" \/>\n<meta property=\"og:site_name\" content=\"Radio Leinewelle\" \/>\n<meta property=\"article:publisher\" content=\"https:\/\/www.facebook.com\/radioleinewelle\" \/>\n<meta property=\"article:author\" content=\"https:\/\/www.facebook.com\/radioleinewelle\" \/>\n<meta property=\"article:published_time\" content=\"2020-09-24T03:30:47+00:00\" \/>\n<meta property=\"og:image\" content=\"https:\/\/radioleinewelle.de\/wp-content\/uploads\/2020\/09\/Michael-on-Tour_2-e1600893195573.jpg\" \/>\n\t<meta property=\"og:image:width\" content=\"570\" \/>\n\t<meta property=\"og:image:height\" content=\"331\" \/>\n\t<meta property=\"og:image:type\" content=\"image\/jpeg\" \/>\n<meta name=\"author\" content=\"Leinewelle\" \/>\n<meta name=\"twitter:card\" content=\"summary_large_image\" \/>\n<meta name=\"twitter:creator\" content=\"@https:\/\/twitter.com\/RLeinewelle?ref_src=twsrcgoogletwcampserptwgrauthor\" \/>\n<meta name=\"twitter:site\" content=\"@RLeinewelle\" \/>\n<meta name=\"twitter:label1\" content=\"Verfasst von\" \/>\n\t<meta name=\"twitter:data1\" content=\"Leinewelle\" \/>\n\t<meta name=\"twitter:label2\" content=\"Gesch\u00e4tzte Lesezeit\" \/>\n\t<meta name=\"twitter:data2\" content=\"1\u00a0Minute\" \/>\n<script type=\"application\/ld+json\" class=\"yoast-schema-graph\">{\"@context\":\"https:\\\/\\\/schema.org\",\"@graph\":[{\"@type\":\"Article\",\"@id\":\"https:\\\/\\\/radioleinewelle.de\\\/index.php\\\/2020\\\/09\\\/24\\\/duderstaedter-buergermeister-uebergibt-spende-an-michel-on-tour\\\/#article\",\"isPartOf\":{\"@id\":\"https:\\\/\\\/radioleinewelle.de\\\/index.php\\\/2020\\\/09\\\/24\\\/duderstaedter-buergermeister-uebergibt-spende-an-michel-on-tour\\\/\"},\"author\":{\"name\":\"Leinewelle\",\"@id\":\"https:\\\/\\\/radioleinewelle.de\\\/#\\\/schema\\\/person\\\/45606f348637df637192dc1b68399a63\"},\"headline\":\"Duderst\u00e4dter B\u00fcrgermeister \u00fcbergibt Spende an &#8222;Michel on Tour&#8220;\",\"datePublished\":\"2020-09-24T03:30:47+00:00\",\"mainEntityOfPage\":{\"@id\":\"https:\\\/\\\/radioleinewelle.de\\\/index.php\\\/2020\\\/09\\\/24\\\/duderstaedter-buergermeister-uebergibt-spende-an-michel-on-tour\\\/\"},\"wordCount\":173,\"publisher\":{\"@id\":\"https:\\\/\\\/radioleinewelle.de\\\/#organization\"},\"image\":{\"@id\":\"https:\\\/\\\/radioleinewelle.de\\\/index.php\\\/2020\\\/09\\\/24\\\/duderstaedter-buergermeister-uebergibt-spende-an-michel-on-tour\\\/#primaryimage\"},\"thumbnailUrl\":\"https:\\\/\\\/radioleinewelle.de\\\/wp-content\\\/uploads\\\/2020\\\/09\\\/Michael-on-Tour_2-e1600893195573.jpg\",\"inLanguage\":\"de\"},{\"@type\":\"WebPage\",\"@id\":\"https:\\\/\\\/radioleinewelle.de\\\/index.php\\\/2020\\\/09\\\/24\\\/duderstaedter-buergermeister-uebergibt-spende-an-michel-on-tour\\\/\",\"url\":\"https:\\\/\\\/radioleinewelle.de\\\/index.php\\\/2020\\\/09\\\/24\\\/duderstaedter-buergermeister-uebergibt-spende-an-michel-on-tour\\\/\",\"name\":\"Duderst\u00e4dter B\u00fcrgermeister \u00fcbergibt Spende an \\\"Michel on Tour\\\" - Radio Leinewelle\",\"isPartOf\":{\"@id\":\"https:\\\/\\\/radioleinewelle.de\\\/#website\"},\"primaryImageOfPage\":{\"@id\":\"https:\\\/\\\/radioleinewelle.de\\\/index.php\\\/2020\\\/09\\\/24\\\/duderstaedter-buergermeister-uebergibt-spende-an-michel-on-tour\\\/#primaryimage\"},\"image\":{\"@id\":\"https:\\\/\\\/radioleinewelle.de\\\/index.php\\\/2020\\\/09\\\/24\\\/duderstaedter-buergermeister-uebergibt-spende-an-michel-on-tour\\\/#primaryimage\"},\"thumbnailUrl\":\"https:\\\/\\\/radioleinewelle.de\\\/wp-content\\\/uploads\\\/2020\\\/09\\\/Michael-on-Tour_2-e1600893195573.jpg\",\"datePublished\":\"2020-09-24T03:30:47+00:00\",\"breadcrumb\":{\"@id\":\"https:\\\/\\\/radioleinewelle.de\\\/index.php\\\/2020\\\/09\\\/24\\\/duderstaedter-buergermeister-uebergibt-spende-an-michel-on-tour\\\/#breadcrumb\"},\"inLanguage\":\"de\",\"potentialAction\":[{\"@type\":\"ReadAction\",\"target\":[\"https:\\\/\\\/radioleinewelle.de\\\/index.php\\\/2020\\\/09\\\/24\\\/duderstaedter-buergermeister-uebergibt-spende-an-michel-on-tour\\\/\"]}]},{\"@type\":\"ImageObject\",\"inLanguage\":\"de\",\"@id\":\"https:\\\/\\\/radioleinewelle.de\\\/index.php\\\/2020\\\/09\\\/24\\\/duderstaedter-buergermeister-uebergibt-spende-an-michel-on-tour\\\/#primaryimage\",\"url\":\"https:\\\/\\\/radioleinewelle.de\\\/wp-content\\\/uploads\\\/2020\\\/09\\\/Michael-on-Tour_2-e1600893195573.jpg\",\"contentUrl\":\"https:\\\/\\\/radioleinewelle.de\\\/wp-content\\\/uploads\\\/2020\\\/09\\\/Michael-on-Tour_2-e1600893195573.jpg\",\"width\":570,\"height\":331},{\"@type\":\"BreadcrumbList\",\"@id\":\"https:\\\/\\\/radioleinewelle.de\\\/index.php\\\/2020\\\/09\\\/24\\\/duderstaedter-buergermeister-uebergibt-spende-an-michel-on-tour\\\/#breadcrumb\",\"itemListElement\":[{\"@type\":\"ListItem\",\"position\":1,\"name\":\"Startseite\",\"item\":\"https:\\\/\\\/radioleinewelle.de\\\/\"},{\"@type\":\"ListItem\",\"position\":2,\"name\":\"Duderst\u00e4dter B\u00fcrgermeister \u00fcbergibt Spende an &#8222;Michel on Tour&#8220;\"}]},{\"@type\":\"WebSite\",\"@id\":\"https:\\\/\\\/radioleinewelle.de\\\/#website\",\"url\":\"https:\\\/\\\/radioleinewelle.de\\\/\",\"name\":\"Radio Leinewelle\",\"description\":\"\",\"publisher\":{\"@id\":\"https:\\\/\\\/radioleinewelle.de\\\/#organization\"},\"potentialAction\":[{\"@type\":\"SearchAction\",\"target\":{\"@type\":\"EntryPoint\",\"urlTemplate\":\"https:\\\/\\\/radioleinewelle.de\\\/?s={search_term_string}\"},\"query-input\":{\"@type\":\"PropertyValueSpecification\",\"valueRequired\":true,\"valueName\":\"search_term_string\"}}],\"inLanguage\":\"de\"},{\"@type\":\"Organization\",\"@id\":\"https:\\\/\\\/radioleinewelle.de\\\/#organization\",\"name\":\"Radio Leinewelle\",\"alternateName\":\"Mein Radio f\u00fcr S\u00fcdniedersachsen\",\"url\":\"https:\\\/\\\/radioleinewelle.de\\\/\",\"logo\":{\"@type\":\"ImageObject\",\"inLanguage\":\"de\",\"@id\":\"https:\\\/\\\/radioleinewelle.de\\\/#\\\/schema\\\/logo\\\/image\\\/\",\"url\":\"https:\\\/\\\/radioleinewelle.de\\\/wp-content\\\/uploads\\\/2023\\\/11\\\/cropped-Leinewelle_Logo_weiss.png\",\"contentUrl\":\"https:\\\/\\\/radioleinewelle.de\\\/wp-content\\\/uploads\\\/2023\\\/11\\\/cropped-Leinewelle_Logo_weiss.png\",\"width\":854,\"height\":260,\"caption\":\"Radio Leinewelle\"},\"image\":{\"@id\":\"https:\\\/\\\/radioleinewelle.de\\\/#\\\/schema\\\/logo\\\/image\\\/\"},\"sameAs\":[\"https:\\\/\\\/www.facebook.com\\\/radioleinewelle\",\"https:\\\/\\\/x.com\\\/RLeinewelle\",\"https:\\\/\\\/www.instagram.com\\\/radioleinewelle\\\/?hl=de\"]},{\"@type\":\"Person\",\"@id\":\"https:\\\/\\\/radioleinewelle.de\\\/#\\\/schema\\\/person\\\/45606f348637df637192dc1b68399a63\",\"name\":\"Leinewelle\",\"image\":{\"@type\":\"ImageObject\",\"inLanguage\":\"de\",\"@id\":\"https:\\\/\\\/secure.gravatar.com\\\/avatar\\\/05c9a17bc973052ee5d91549bd32fb4dd0dc85b7b85ae94b2e2b4943476bbea5?s=96&d=blank&r=g\",\"url\":\"https:\\\/\\\/secure.gravatar.com\\\/avatar\\\/05c9a17bc973052ee5d91549bd32fb4dd0dc85b7b85ae94b2e2b4943476bbea5?s=96&d=blank&r=g\",\"contentUrl\":\"https:\\\/\\\/secure.gravatar.com\\\/avatar\\\/05c9a17bc973052ee5d91549bd32fb4dd0dc85b7b85ae94b2e2b4943476bbea5?s=96&d=blank&r=g\",\"caption\":\"Leinewelle\"},\"sameAs\":[\"http:\\\/\\\/localhost\\\/radio%20leinewelle\\\/wordpress\",\"https:\\\/\\\/www.facebook.com\\\/radioleinewelle\",\"https:\\\/\\\/www.instagram.com\\\/radioleinewelle\",\"https:\\\/\\\/x.com\\\/https:\\\/\\\/twitter.com\\\/RLeinewelle?ref_src=twsrcgoogletwcampserptwgrauthor\",\"https:\\\/\\\/soundcloud.com\\\/foerderverein-lokalradio?utm_source=clipboard&utm_medium=text&utm_campaign=social_sharing\"],\"url\":\"https:\\\/\\\/radioleinewelle.de\\\/index.php\\\/author\\\/leinewelle\\\/\"}]}<\/script>\n<!-- \/ Yoast SEO plugin. -->","yoast_head_json":{"title":"Duderst\u00e4dter B\u00fcrgermeister \u00fcbergibt Spende an \"Michel on Tour\" - Radio Leinewelle","robots":{"index":"index","follow":"follow","max-snippet":"max-snippet:-1","max-image-preview":"max-image-preview:large","max-video-preview":"max-video-preview:-1"},"canonical":"https:\/\/radioleinewelle.de\/index.php\/2020\/09\/24\/duderstaedter-buergermeister-uebergibt-spende-an-michel-on-tour\/","og_locale":"de_DE","og_type":"article","og_title":"Duderst\u00e4dter B\u00fcrgermeister \u00fcbergibt Spende an \"Michel on Tour\" - Radio Leinewelle","og_description":"Michel Descombes, in L\u00e4uferkreisen besser bekannt als &#8222;der franz\u00f6sische Marathon-Spa\u00dfpr\u00e4sident&#8220;, hat am Samstag im Rahmen seiner 500 km langen Radtour von Ebsdorf nach Berlin, bei der er Spenden f\u00fcr krebskranke Kinder sammelt, in Duderstadt einen Zwischenstopp eingelegt. B\u00fcrgermeister Thorsten Feike begr\u00fc\u00dfte den als Clown verkleideten 79- j\u00e4hrigen geb\u00fcrtigen Franzosen vor dem Duderst\u00e4dter Rathaus sehr herzlich [&hellip;]","og_url":"https:\/\/radioleinewelle.de\/index.php\/2020\/09\/24\/duderstaedter-buergermeister-uebergibt-spende-an-michel-on-tour\/","og_site_name":"Radio Leinewelle","article_publisher":"https:\/\/www.facebook.com\/radioleinewelle","article_author":"https:\/\/www.facebook.com\/radioleinewelle","article_published_time":"2020-09-24T03:30:47+00:00","og_image":[{"width":570,"height":331,"url":"https:\/\/radioleinewelle.de\/wp-content\/uploads\/2020\/09\/Michael-on-Tour_2-e1600893195573.jpg","type":"image\/jpeg"}],"author":"Leinewelle","twitter_card":"summary_large_image","twitter_creator":"@https:\/\/twitter.com\/RLeinewelle?ref_src=twsrcgoogletwcampserptwgrauthor","twitter_site":"@RLeinewelle","twitter_misc":{"Verfasst von":"Leinewelle","Gesch\u00e4tzte Lesezeit":"1\u00a0Minute"},"schema":{"@context":"https:\/\/schema.org","@graph":[{"@type":"Article","@id":"https:\/\/radioleinewelle.de\/index.php\/2020\/09\/24\/duderstaedter-buergermeister-uebergibt-spende-an-michel-on-tour\/#article","isPartOf":{"@id":"https:\/\/radioleinewelle.de\/index.php\/2020\/09\/24\/duderstaedter-buergermeister-uebergibt-spende-an-michel-on-tour\/"},"author":{"name":"Leinewelle","@id":"https:\/\/radioleinewelle.de\/#\/schema\/person\/45606f348637df637192dc1b68399a63"},"headline":"Duderst\u00e4dter B\u00fcrgermeister \u00fcbergibt Spende an &#8222;Michel on Tour&#8220;","datePublished":"2020-09-24T03:30:47+00:00","mainEntityOfPage":{"@id":"https:\/\/radioleinewelle.de\/index.php\/2020\/09\/24\/duderstaedter-buergermeister-uebergibt-spende-an-michel-on-tour\/"},"wordCount":173,"publisher":{"@id":"https:\/\/radioleinewelle.de\/#organization"},"image":{"@id":"https:\/\/radioleinewelle.de\/index.php\/2020\/09\/24\/duderstaedter-buergermeister-uebergibt-spende-an-michel-on-tour\/#primaryimage"},"thumbnailUrl":"https:\/\/radioleinewelle.de\/wp-content\/uploads\/2020\/09\/Michael-on-Tour_2-e1600893195573.jpg","inLanguage":"de"},{"@type":"WebPage","@id":"https:\/\/radioleinewelle.de\/index.php\/2020\/09\/24\/duderstaedter-buergermeister-uebergibt-spende-an-michel-on-tour\/","url":"https:\/\/radioleinewelle.de\/index.php\/2020\/09\/24\/duderstaedter-buergermeister-uebergibt-spende-an-michel-on-tour\/","name":"Duderst\u00e4dter B\u00fcrgermeister \u00fcbergibt Spende an \"Michel on Tour\" - Radio Leinewelle","isPartOf":{"@id":"https:\/\/radioleinewelle.de\/#website"},"primaryImageOfPage":{"@id":"https:\/\/radioleinewelle.de\/index.php\/2020\/09\/24\/duderstaedter-buergermeister-uebergibt-spende-an-michel-on-tour\/#primaryimage"},"image":{"@id":"https:\/\/radioleinewelle.de\/index.php\/2020\/09\/24\/duderstaedter-buergermeister-uebergibt-spende-an-michel-on-tour\/#primaryimage"},"thumbnailUrl":"https:\/\/radioleinewelle.de\/wp-content\/uploads\/2020\/09\/Michael-on-Tour_2-e1600893195573.jpg","datePublished":"2020-09-24T03:30:47+00:00","breadcrumb":{"@id":"https:\/\/radioleinewelle.de\/index.php\/2020\/09\/24\/duderstaedter-buergermeister-uebergibt-spende-an-michel-on-tour\/#breadcrumb"},"inLanguage":"de","potentialAction":[{"@type":"ReadAction","target":["https:\/\/radioleinewelle.de\/index.php\/2020\/09\/24\/duderstaedter-buergermeister-uebergibt-spende-an-michel-on-tour\/"]}]},{"@type":"ImageObject","inLanguage":"de","@id":"https:\/\/radioleinewelle.de\/index.php\/2020\/09\/24\/duderstaedter-buergermeister-uebergibt-spende-an-michel-on-tour\/#primaryimage","url":"https:\/\/radioleinewelle.de\/wp-content\/uploads\/2020\/09\/Michael-on-Tour_2-e1600893195573.jpg","contentUrl":"https:\/\/radioleinewelle.de\/wp-content\/uploads\/2020\/09\/Michael-on-Tour_2-e1600893195573.jpg","width":570,"height":331},{"@type":"BreadcrumbList","@id":"https:\/\/radioleinewelle.de\/index.php\/2020\/09\/24\/duderstaedter-buergermeister-uebergibt-spende-an-michel-on-tour\/#breadcrumb","itemListElement":[{"@type":"ListItem","position":1,"name":"Startseite","item":"https:\/\/radioleinewelle.de\/"},{"@type":"ListItem","position":2,"name":"Duderst\u00e4dter B\u00fcrgermeister \u00fcbergibt Spende an &#8222;Michel on Tour&#8220;"}]},{"@type":"WebSite","@id":"https:\/\/radioleinewelle.de\/#website","url":"https:\/\/radioleinewelle.de\/","name":"Radio Leinewelle","description":"","publisher":{"@id":"https:\/\/radioleinewelle.de\/#organization"},"potentialAction":[{"@type":"SearchAction","target":{"@type":"EntryPoint","urlTemplate":"https:\/\/radioleinewelle.de\/?s={search_term_string}"},"query-input":{"@type":"PropertyValueSpecification","valueRequired":true,"valueName":"search_term_string"}}],"inLanguage":"de"},{"@type":"Organization","@id":"https:\/\/radioleinewelle.de\/#organization","name":"Radio Leinewelle","alternateName":"Mein Radio f\u00fcr S\u00fcdniedersachsen","url":"https:\/\/radioleinewelle.de\/","logo":{"@type":"ImageObject","inLanguage":"de","@id":"https:\/\/radioleinewelle.de\/#\/schema\/logo\/image\/","url":"https:\/\/radioleinewelle.de\/wp-content\/uploads\/2023\/11\/cropped-Leinewelle_Logo_weiss.png","contentUrl":"https:\/\/radioleinewelle.de\/wp-content\/uploads\/2023\/11\/cropped-Leinewelle_Logo_weiss.png","width":854,"height":260,"caption":"Radio Leinewelle"},"image":{"@id":"https:\/\/radioleinewelle.de\/#\/schema\/logo\/image\/"},"sameAs":["https:\/\/www.facebook.com\/radioleinewelle","https:\/\/x.com\/RLeinewelle","https:\/\/www.instagram.com\/radioleinewelle\/?hl=de"]},{"@type":"Person","@id":"https:\/\/radioleinewelle.de\/#\/schema\/person\/45606f348637df637192dc1b68399a63","name":"Leinewelle","image":{"@type":"ImageObject","inLanguage":"de","@id":"https:\/\/secure.gravatar.com\/avatar\/05c9a17bc973052ee5d91549bd32fb4dd0dc85b7b85ae94b2e2b4943476bbea5?s=96&d=blank&r=g","url":"https:\/\/secure.gravatar.com\/avatar\/05c9a17bc973052ee5d91549bd32fb4dd0dc85b7b85ae94b2e2b4943476bbea5?s=96&d=blank&r=g","contentUrl":"https:\/\/secure.gravatar.com\/avatar\/05c9a17bc973052ee5d91549bd32fb4dd0dc85b7b85ae94b2e2b4943476bbea5?s=96&d=blank&r=g","caption":"Leinewelle"},"sameAs":["http:\/\/localhost\/radio%20leinewelle\/wordpress","https:\/\/www.facebook.com\/radioleinewelle","https:\/\/www.instagram.com\/radioleinewelle","https:\/\/x.com\/https:\/\/twitter.com\/RLeinewelle?ref_src=twsrcgoogletwcampserptwgrauthor","https:\/\/soundcloud.com\/foerderverein-lokalradio?utm_source=clipboard&utm_medium=text&utm_campaign=social_sharing"],"url":"https:\/\/radioleinewelle.de\/index.php\/author\/leinewelle\/"}]}},"_links":{"self":[{"href":"https:\/\/radioleinewelle.de\/index.php\/wp-json\/wp\/v2\/posts\/1819","targetHints":{"allow":["GET"]}}],"collection":[{"href":"https:\/\/radioleinewelle.de\/index.php\/wp-json\/wp\/v2\/posts"}],"about":[{"href":"https:\/\/radioleinewelle.de\/index.php\/wp-json\/wp\/v2\/types\/post"}],"author":[{"embeddable":true,"href":"https:\/\/radioleinewelle.de\/index.php\/wp-json\/wp\/v2\/users\/1"}],"replies":[{"embeddable":true,"href":"https:\/\/radioleinewelle.de\/index.php\/wp-json\/wp\/v2\/comments?post=1819"}],"version-history":[{"count":0,"href":"https:\/\/radioleinewelle.de\/index.php\/wp-json\/wp\/v2\/posts\/1819\/revisions"}],"wp:featuredmedia":[{"embeddable":true,"href":"https:\/\/radioleinewelle.de\/index.php\/wp-json\/wp\/v2\/media\/1820"}],"wp:attachment":[{"href":"https:\/\/radioleinewelle.de\/index.php\/wp-json\/wp\/v2\/media?parent=1819"}],"wp:term":[{"taxonomy":"category","embeddable":true,"href":"https:\/\/radioleinewelle.de\/index.php\/wp-json\/wp\/v2\/categories?post=1819"},{"taxonomy":"post_tag","embeddable":true,"href":"https:\/\/radioleinewelle.de\/index.php\/wp-json\/wp\/v2\/tags?post=1819"}],"curies":[{"name":"wp","href":"https:\/\/api.w.org\/{rel}","templated":true}]}}