{"id":1844,"date":"2020-09-25T05:20:52","date_gmt":"2020-09-25T03:20:52","guid":{"rendered":"https:\/\/radioleinewelle.de\/?p=1844"},"modified":"2020-09-25T05:20:52","modified_gmt":"2020-09-25T03:20:52","slug":"vortrag-zum-thema-herzklappenfehler","status":"publish","type":"post","link":"https:\/\/radioleinewelle.de\/index.php\/2020\/09\/25\/vortrag-zum-thema-herzklappenfehler\/","title":{"rendered":"Vortrag zum Thema \u201eHerzklappenfehler\u201c"},"content":{"rendered":"<p>(umg) Die Veranstaltungsreihe \u201eHerzt\u00f6ne\u201c des Herzzentrums der Universit\u00e4tsmedizin G\u00f6ttingen wird digital fortgef\u00fchrt. Prof. Dr. Tim Seidler, Leitender Oberarzt und stellvertretender Direktor der Klinik f\u00fcr Kardiologie und Pneumologie der Universit\u00e4tsmedizin G\u00f6ttingen (UMG), spricht zum Thema \u201eHilfe bei Herz\u00adklappenfehlern \u2013 Durch den Katheter mitten ins Herz\u201c. Ab Samstag, dem 26. September 2020, steht das Video mit seinem Vortrag auf der Homepage des Herz\u00adzentrums sowie auf dem Facebook-Kanal der UMG zur Verf\u00fcgung. Fragen an den Referenten nimmt das Infocenter des Herzzentrums Montag bis Freitag zwischen 09:00 und 14:00 Uhr sowie per Mail unter <a>herzzentrum(at)med.uni-goettingen.de<\/a> entgegen.<\/p>\n<p><strong>\u00d6ffentliche Vortragsreihe \u201eHerzt\u00f6ne\u201c des Herzzentrums G\u00f6ttingen<br \/>\n\u201eHilfe bei Herzklappenfehlern \u2013 Durch den Katheter mitten ins Herz\u201c<br \/>\nReferent: Prof. Dr. Tim Seidler, Leitender Oberarzt und stellvertretender Direktor der Klinik f\u00fcr Kardiologie und Pneumologie, UMG<\/strong><\/p>\n<p><strong>Online verf\u00fcgbar ab: Samstag, 26. September 2020<br \/>\nHomepage:\u00a0<\/strong><a href=\"https:\/\/herzzentrum.umg.eu\/herztoene\/\" target=\"_blank\" rel=\"noopener\">herzzentrum.umg.eu\/herztoene\/<\/a><\/p>\n<p>Foto: Prof. Dr. Tim Seidler, Leitender Oberarzt und stellvertretender Direktor der Klinik f\u00fcr Kardiologie und Pneumologie. Foto: umg\/hzg<\/p>\n","protected":false},"excerpt":{"rendered":"<p>(umg) Die Veranstaltungsreihe \u201eHerzt\u00f6ne\u201c des Herzzentrums der Universit\u00e4tsmedizin G\u00f6ttingen wird digital fortgef\u00fchrt. Prof. Dr. Tim Seidler, Leitender Oberarzt und stellvertretender Direktor der Klinik f\u00fcr Kardiologie und Pneumologie der Universit\u00e4tsmedizin G\u00f6ttingen (UMG), spricht zum Thema \u201eHilfe bei Herz\u00adklappenfehlern \u2013 Durch den Katheter mitten ins Herz\u201c. Ab Samstag, dem 26. September 2020, steht das Video mit seinem [&hellip;]<\/p>\n","protected":false},"author":1,"featured_media":1846,"comment_status":"closed","ping_status":"closed","sticky":false,"template":"","format":"standard","meta":{"saved_in_kubio":false,"footnotes":""},"categories":[1],"tags":[],"class_list":["post-1844","post","type-post","status-publish","format-standard","has-post-thumbnail","hentry","category-allgemein"],"yoast_head":"<!-- This site is optimized with the Yoast SEO plugin v27.5 - https:\/\/yoast.com\/product\/yoast-seo-wordpress\/ -->\n<title>Vortrag zum Thema \u201eHerzklappenfehler\u201c - Radio Leinewelle<\/title>\n<meta name=\"robots\" content=\"index, follow, max-snippet:-1, max-image-preview:large, max-video-preview:-1\" \/>\n<link rel=\"canonical\" href=\"https:\/\/radioleinewelle.de\/index.php\/2020\/09\/25\/vortrag-zum-thema-herzklappenfehler\/\" \/>\n<meta property=\"og:locale\" content=\"de_DE\" \/>\n<meta property=\"og:type\" content=\"article\" \/>\n<meta property=\"og:title\" content=\"Vortrag zum Thema \u201eHerzklappenfehler\u201c - Radio Leinewelle\" \/>\n<meta property=\"og:description\" content=\"(umg) Die Veranstaltungsreihe \u201eHerzt\u00f6ne\u201c des Herzzentrums der Universit\u00e4tsmedizin G\u00f6ttingen wird digital fortgef\u00fchrt. Prof. Dr. Tim Seidler, Leitender Oberarzt und stellvertretender Direktor der Klinik f\u00fcr Kardiologie und Pneumologie der Universit\u00e4tsmedizin G\u00f6ttingen (UMG), spricht zum Thema \u201eHilfe bei Herz\u00adklappenfehlern \u2013 Durch den Katheter mitten ins Herz\u201c. Ab Samstag, dem 26. September 2020, steht das Video mit seinem [&hellip;]\" \/>\n<meta property=\"og:url\" content=\"https:\/\/radioleinewelle.de\/index.php\/2020\/09\/25\/vortrag-zum-thema-herzklappenfehler\/\" \/>\n<meta property=\"og:site_name\" content=\"Radio Leinewelle\" \/>\n<meta property=\"article:publisher\" content=\"https:\/\/www.facebook.com\/radioleinewelle\" \/>\n<meta property=\"article:author\" content=\"https:\/\/www.facebook.com\/radioleinewelle\" \/>\n<meta property=\"article:published_time\" content=\"2020-09-25T03:20:52+00:00\" \/>\n<meta property=\"og:image\" content=\"https:\/\/radioleinewelle.de\/wp-content\/uploads\/2020\/09\/csm_PIC-105-2020_Seidler_Tim_Prof_Dr__2019_caefe9b913-e1600974631498.jpg\" \/>\n\t<meta property=\"og:image:width\" content=\"431\" \/>\n\t<meta property=\"og:image:height\" content=\"317\" \/>\n\t<meta property=\"og:image:type\" content=\"image\/jpeg\" \/>\n<meta name=\"author\" content=\"Leinewelle\" \/>\n<meta name=\"twitter:card\" content=\"summary_large_image\" \/>\n<meta name=\"twitter:creator\" content=\"@https:\/\/twitter.com\/RLeinewelle?ref_src=twsrcgoogletwcampserptwgrauthor\" \/>\n<meta name=\"twitter:site\" content=\"@RLeinewelle\" \/>\n<meta name=\"twitter:label1\" content=\"Verfasst von\" \/>\n\t<meta name=\"twitter:data1\" content=\"Leinewelle\" \/>\n\t<meta name=\"twitter:label2\" content=\"Gesch\u00e4tzte Lesezeit\" \/>\n\t<meta name=\"twitter:data2\" content=\"1\u00a0Minute\" \/>\n<script type=\"application\/ld+json\" class=\"yoast-schema-graph\">{\"@context\":\"https:\\\/\\\/schema.org\",\"@graph\":[{\"@type\":\"Article\",\"@id\":\"https:\\\/\\\/radioleinewelle.de\\\/index.php\\\/2020\\\/09\\\/25\\\/vortrag-zum-thema-herzklappenfehler\\\/#article\",\"isPartOf\":{\"@id\":\"https:\\\/\\\/radioleinewelle.de\\\/index.php\\\/2020\\\/09\\\/25\\\/vortrag-zum-thema-herzklappenfehler\\\/\"},\"author\":{\"name\":\"Leinewelle\",\"@id\":\"https:\\\/\\\/radioleinewelle.de\\\/#\\\/schema\\\/person\\\/45606f348637df637192dc1b68399a63\"},\"headline\":\"Vortrag zum Thema \u201eHerzklappenfehler\u201c\",\"datePublished\":\"2020-09-25T03:20:52+00:00\",\"mainEntityOfPage\":{\"@id\":\"https:\\\/\\\/radioleinewelle.de\\\/index.php\\\/2020\\\/09\\\/25\\\/vortrag-zum-thema-herzklappenfehler\\\/\"},\"wordCount\":171,\"publisher\":{\"@id\":\"https:\\\/\\\/radioleinewelle.de\\\/#organization\"},\"image\":{\"@id\":\"https:\\\/\\\/radioleinewelle.de\\\/index.php\\\/2020\\\/09\\\/25\\\/vortrag-zum-thema-herzklappenfehler\\\/#primaryimage\"},\"thumbnailUrl\":\"https:\\\/\\\/radioleinewelle.de\\\/wp-content\\\/uploads\\\/2020\\\/09\\\/csm_PIC-105-2020_Seidler_Tim_Prof_Dr__2019_caefe9b913-e1600974631498.jpg\",\"inLanguage\":\"de\"},{\"@type\":\"WebPage\",\"@id\":\"https:\\\/\\\/radioleinewelle.de\\\/index.php\\\/2020\\\/09\\\/25\\\/vortrag-zum-thema-herzklappenfehler\\\/\",\"url\":\"https:\\\/\\\/radioleinewelle.de\\\/index.php\\\/2020\\\/09\\\/25\\\/vortrag-zum-thema-herzklappenfehler\\\/\",\"name\":\"Vortrag zum Thema \u201eHerzklappenfehler\u201c - Radio Leinewelle\",\"isPartOf\":{\"@id\":\"https:\\\/\\\/radioleinewelle.de\\\/#website\"},\"primaryImageOfPage\":{\"@id\":\"https:\\\/\\\/radioleinewelle.de\\\/index.php\\\/2020\\\/09\\\/25\\\/vortrag-zum-thema-herzklappenfehler\\\/#primaryimage\"},\"image\":{\"@id\":\"https:\\\/\\\/radioleinewelle.de\\\/index.php\\\/2020\\\/09\\\/25\\\/vortrag-zum-thema-herzklappenfehler\\\/#primaryimage\"},\"thumbnailUrl\":\"https:\\\/\\\/radioleinewelle.de\\\/wp-content\\\/uploads\\\/2020\\\/09\\\/csm_PIC-105-2020_Seidler_Tim_Prof_Dr__2019_caefe9b913-e1600974631498.jpg\",\"datePublished\":\"2020-09-25T03:20:52+00:00\",\"breadcrumb\":{\"@id\":\"https:\\\/\\\/radioleinewelle.de\\\/index.php\\\/2020\\\/09\\\/25\\\/vortrag-zum-thema-herzklappenfehler\\\/#breadcrumb\"},\"inLanguage\":\"de\",\"potentialAction\":[{\"@type\":\"ReadAction\",\"target\":[\"https:\\\/\\\/radioleinewelle.de\\\/index.php\\\/2020\\\/09\\\/25\\\/vortrag-zum-thema-herzklappenfehler\\\/\"]}]},{\"@type\":\"ImageObject\",\"inLanguage\":\"de\",\"@id\":\"https:\\\/\\\/radioleinewelle.de\\\/index.php\\\/2020\\\/09\\\/25\\\/vortrag-zum-thema-herzklappenfehler\\\/#primaryimage\",\"url\":\"https:\\\/\\\/radioleinewelle.de\\\/wp-content\\\/uploads\\\/2020\\\/09\\\/csm_PIC-105-2020_Seidler_Tim_Prof_Dr__2019_caefe9b913-e1600974631498.jpg\",\"contentUrl\":\"https:\\\/\\\/radioleinewelle.de\\\/wp-content\\\/uploads\\\/2020\\\/09\\\/csm_PIC-105-2020_Seidler_Tim_Prof_Dr__2019_caefe9b913-e1600974631498.jpg\",\"width\":431,\"height\":317},{\"@type\":\"BreadcrumbList\",\"@id\":\"https:\\\/\\\/radioleinewelle.de\\\/index.php\\\/2020\\\/09\\\/25\\\/vortrag-zum-thema-herzklappenfehler\\\/#breadcrumb\",\"itemListElement\":[{\"@type\":\"ListItem\",\"position\":1,\"name\":\"Startseite\",\"item\":\"https:\\\/\\\/radioleinewelle.de\\\/\"},{\"@type\":\"ListItem\",\"position\":2,\"name\":\"Vortrag zum Thema \u201eHerzklappenfehler\u201c\"}]},{\"@type\":\"WebSite\",\"@id\":\"https:\\\/\\\/radioleinewelle.de\\\/#website\",\"url\":\"https:\\\/\\\/radioleinewelle.de\\\/\",\"name\":\"Radio Leinewelle\",\"description\":\"\",\"publisher\":{\"@id\":\"https:\\\/\\\/radioleinewelle.de\\\/#organization\"},\"potentialAction\":[{\"@type\":\"SearchAction\",\"target\":{\"@type\":\"EntryPoint\",\"urlTemplate\":\"https:\\\/\\\/radioleinewelle.de\\\/?s={search_term_string}\"},\"query-input\":{\"@type\":\"PropertyValueSpecification\",\"valueRequired\":true,\"valueName\":\"search_term_string\"}}],\"inLanguage\":\"de\"},{\"@type\":\"Organization\",\"@id\":\"https:\\\/\\\/radioleinewelle.de\\\/#organization\",\"name\":\"Radio Leinewelle\",\"alternateName\":\"Mein Radio f\u00fcr S\u00fcdniedersachsen\",\"url\":\"https:\\\/\\\/radioleinewelle.de\\\/\",\"logo\":{\"@type\":\"ImageObject\",\"inLanguage\":\"de\",\"@id\":\"https:\\\/\\\/radioleinewelle.de\\\/#\\\/schema\\\/logo\\\/image\\\/\",\"url\":\"https:\\\/\\\/radioleinewelle.de\\\/wp-content\\\/uploads\\\/2023\\\/11\\\/cropped-Leinewelle_Logo_weiss.png\",\"contentUrl\":\"https:\\\/\\\/radioleinewelle.de\\\/wp-content\\\/uploads\\\/2023\\\/11\\\/cropped-Leinewelle_Logo_weiss.png\",\"width\":854,\"height\":260,\"caption\":\"Radio Leinewelle\"},\"image\":{\"@id\":\"https:\\\/\\\/radioleinewelle.de\\\/#\\\/schema\\\/logo\\\/image\\\/\"},\"sameAs\":[\"https:\\\/\\\/www.facebook.com\\\/radioleinewelle\",\"https:\\\/\\\/x.com\\\/RLeinewelle\",\"https:\\\/\\\/www.instagram.com\\\/radioleinewelle\\\/?hl=de\"]},{\"@type\":\"Person\",\"@id\":\"https:\\\/\\\/radioleinewelle.de\\\/#\\\/schema\\\/person\\\/45606f348637df637192dc1b68399a63\",\"name\":\"Leinewelle\",\"image\":{\"@type\":\"ImageObject\",\"inLanguage\":\"de\",\"@id\":\"https:\\\/\\\/secure.gravatar.com\\\/avatar\\\/05c9a17bc973052ee5d91549bd32fb4dd0dc85b7b85ae94b2e2b4943476bbea5?s=96&d=blank&r=g\",\"url\":\"https:\\\/\\\/secure.gravatar.com\\\/avatar\\\/05c9a17bc973052ee5d91549bd32fb4dd0dc85b7b85ae94b2e2b4943476bbea5?s=96&d=blank&r=g\",\"contentUrl\":\"https:\\\/\\\/secure.gravatar.com\\\/avatar\\\/05c9a17bc973052ee5d91549bd32fb4dd0dc85b7b85ae94b2e2b4943476bbea5?s=96&d=blank&r=g\",\"caption\":\"Leinewelle\"},\"sameAs\":[\"http:\\\/\\\/localhost\\\/radio%20leinewelle\\\/wordpress\",\"https:\\\/\\\/www.facebook.com\\\/radioleinewelle\",\"https:\\\/\\\/www.instagram.com\\\/radioleinewelle\",\"https:\\\/\\\/x.com\\\/https:\\\/\\\/twitter.com\\\/RLeinewelle?ref_src=twsrcgoogletwcampserptwgrauthor\",\"https:\\\/\\\/soundcloud.com\\\/foerderverein-lokalradio?utm_source=clipboard&utm_medium=text&utm_campaign=social_sharing\"],\"url\":\"https:\\\/\\\/radioleinewelle.de\\\/index.php\\\/author\\\/leinewelle\\\/\"}]}<\/script>\n<!-- \/ Yoast SEO plugin. -->","yoast_head_json":{"title":"Vortrag zum Thema \u201eHerzklappenfehler\u201c - Radio Leinewelle","robots":{"index":"index","follow":"follow","max-snippet":"max-snippet:-1","max-image-preview":"max-image-preview:large","max-video-preview":"max-video-preview:-1"},"canonical":"https:\/\/radioleinewelle.de\/index.php\/2020\/09\/25\/vortrag-zum-thema-herzklappenfehler\/","og_locale":"de_DE","og_type":"article","og_title":"Vortrag zum Thema \u201eHerzklappenfehler\u201c - Radio Leinewelle","og_description":"(umg) Die Veranstaltungsreihe \u201eHerzt\u00f6ne\u201c des Herzzentrums der Universit\u00e4tsmedizin G\u00f6ttingen wird digital fortgef\u00fchrt. Prof. Dr. Tim Seidler, Leitender Oberarzt und stellvertretender Direktor der Klinik f\u00fcr Kardiologie und Pneumologie der Universit\u00e4tsmedizin G\u00f6ttingen (UMG), spricht zum Thema \u201eHilfe bei Herz\u00adklappenfehlern \u2013 Durch den Katheter mitten ins Herz\u201c. Ab Samstag, dem 26. September 2020, steht das Video mit seinem [&hellip;]","og_url":"https:\/\/radioleinewelle.de\/index.php\/2020\/09\/25\/vortrag-zum-thema-herzklappenfehler\/","og_site_name":"Radio Leinewelle","article_publisher":"https:\/\/www.facebook.com\/radioleinewelle","article_author":"https:\/\/www.facebook.com\/radioleinewelle","article_published_time":"2020-09-25T03:20:52+00:00","og_image":[{"width":431,"height":317,"url":"https:\/\/radioleinewelle.de\/wp-content\/uploads\/2020\/09\/csm_PIC-105-2020_Seidler_Tim_Prof_Dr__2019_caefe9b913-e1600974631498.jpg","type":"image\/jpeg"}],"author":"Leinewelle","twitter_card":"summary_large_image","twitter_creator":"@https:\/\/twitter.com\/RLeinewelle?ref_src=twsrcgoogletwcampserptwgrauthor","twitter_site":"@RLeinewelle","twitter_misc":{"Verfasst von":"Leinewelle","Gesch\u00e4tzte Lesezeit":"1\u00a0Minute"},"schema":{"@context":"https:\/\/schema.org","@graph":[{"@type":"Article","@id":"https:\/\/radioleinewelle.de\/index.php\/2020\/09\/25\/vortrag-zum-thema-herzklappenfehler\/#article","isPartOf":{"@id":"https:\/\/radioleinewelle.de\/index.php\/2020\/09\/25\/vortrag-zum-thema-herzklappenfehler\/"},"author":{"name":"Leinewelle","@id":"https:\/\/radioleinewelle.de\/#\/schema\/person\/45606f348637df637192dc1b68399a63"},"headline":"Vortrag zum Thema \u201eHerzklappenfehler\u201c","datePublished":"2020-09-25T03:20:52+00:00","mainEntityOfPage":{"@id":"https:\/\/radioleinewelle.de\/index.php\/2020\/09\/25\/vortrag-zum-thema-herzklappenfehler\/"},"wordCount":171,"publisher":{"@id":"https:\/\/radioleinewelle.de\/#organization"},"image":{"@id":"https:\/\/radioleinewelle.de\/index.php\/2020\/09\/25\/vortrag-zum-thema-herzklappenfehler\/#primaryimage"},"thumbnailUrl":"https:\/\/radioleinewelle.de\/wp-content\/uploads\/2020\/09\/csm_PIC-105-2020_Seidler_Tim_Prof_Dr__2019_caefe9b913-e1600974631498.jpg","inLanguage":"de"},{"@type":"WebPage","@id":"https:\/\/radioleinewelle.de\/index.php\/2020\/09\/25\/vortrag-zum-thema-herzklappenfehler\/","url":"https:\/\/radioleinewelle.de\/index.php\/2020\/09\/25\/vortrag-zum-thema-herzklappenfehler\/","name":"Vortrag zum Thema \u201eHerzklappenfehler\u201c - Radio Leinewelle","isPartOf":{"@id":"https:\/\/radioleinewelle.de\/#website"},"primaryImageOfPage":{"@id":"https:\/\/radioleinewelle.de\/index.php\/2020\/09\/25\/vortrag-zum-thema-herzklappenfehler\/#primaryimage"},"image":{"@id":"https:\/\/radioleinewelle.de\/index.php\/2020\/09\/25\/vortrag-zum-thema-herzklappenfehler\/#primaryimage"},"thumbnailUrl":"https:\/\/radioleinewelle.de\/wp-content\/uploads\/2020\/09\/csm_PIC-105-2020_Seidler_Tim_Prof_Dr__2019_caefe9b913-e1600974631498.jpg","datePublished":"2020-09-25T03:20:52+00:00","breadcrumb":{"@id":"https:\/\/radioleinewelle.de\/index.php\/2020\/09\/25\/vortrag-zum-thema-herzklappenfehler\/#breadcrumb"},"inLanguage":"de","potentialAction":[{"@type":"ReadAction","target":["https:\/\/radioleinewelle.de\/index.php\/2020\/09\/25\/vortrag-zum-thema-herzklappenfehler\/"]}]},{"@type":"ImageObject","inLanguage":"de","@id":"https:\/\/radioleinewelle.de\/index.php\/2020\/09\/25\/vortrag-zum-thema-herzklappenfehler\/#primaryimage","url":"https:\/\/radioleinewelle.de\/wp-content\/uploads\/2020\/09\/csm_PIC-105-2020_Seidler_Tim_Prof_Dr__2019_caefe9b913-e1600974631498.jpg","contentUrl":"https:\/\/radioleinewelle.de\/wp-content\/uploads\/2020\/09\/csm_PIC-105-2020_Seidler_Tim_Prof_Dr__2019_caefe9b913-e1600974631498.jpg","width":431,"height":317},{"@type":"BreadcrumbList","@id":"https:\/\/radioleinewelle.de\/index.php\/2020\/09\/25\/vortrag-zum-thema-herzklappenfehler\/#breadcrumb","itemListElement":[{"@type":"ListItem","position":1,"name":"Startseite","item":"https:\/\/radioleinewelle.de\/"},{"@type":"ListItem","position":2,"name":"Vortrag zum Thema \u201eHerzklappenfehler\u201c"}]},{"@type":"WebSite","@id":"https:\/\/radioleinewelle.de\/#website","url":"https:\/\/radioleinewelle.de\/","name":"Radio Leinewelle","description":"","publisher":{"@id":"https:\/\/radioleinewelle.de\/#organization"},"potentialAction":[{"@type":"SearchAction","target":{"@type":"EntryPoint","urlTemplate":"https:\/\/radioleinewelle.de\/?s={search_term_string}"},"query-input":{"@type":"PropertyValueSpecification","valueRequired":true,"valueName":"search_term_string"}}],"inLanguage":"de"},{"@type":"Organization","@id":"https:\/\/radioleinewelle.de\/#organization","name":"Radio Leinewelle","alternateName":"Mein Radio f\u00fcr S\u00fcdniedersachsen","url":"https:\/\/radioleinewelle.de\/","logo":{"@type":"ImageObject","inLanguage":"de","@id":"https:\/\/radioleinewelle.de\/#\/schema\/logo\/image\/","url":"https:\/\/radioleinewelle.de\/wp-content\/uploads\/2023\/11\/cropped-Leinewelle_Logo_weiss.png","contentUrl":"https:\/\/radioleinewelle.de\/wp-content\/uploads\/2023\/11\/cropped-Leinewelle_Logo_weiss.png","width":854,"height":260,"caption":"Radio Leinewelle"},"image":{"@id":"https:\/\/radioleinewelle.de\/#\/schema\/logo\/image\/"},"sameAs":["https:\/\/www.facebook.com\/radioleinewelle","https:\/\/x.com\/RLeinewelle","https:\/\/www.instagram.com\/radioleinewelle\/?hl=de"]},{"@type":"Person","@id":"https:\/\/radioleinewelle.de\/#\/schema\/person\/45606f348637df637192dc1b68399a63","name":"Leinewelle","image":{"@type":"ImageObject","inLanguage":"de","@id":"https:\/\/secure.gravatar.com\/avatar\/05c9a17bc973052ee5d91549bd32fb4dd0dc85b7b85ae94b2e2b4943476bbea5?s=96&d=blank&r=g","url":"https:\/\/secure.gravatar.com\/avatar\/05c9a17bc973052ee5d91549bd32fb4dd0dc85b7b85ae94b2e2b4943476bbea5?s=96&d=blank&r=g","contentUrl":"https:\/\/secure.gravatar.com\/avatar\/05c9a17bc973052ee5d91549bd32fb4dd0dc85b7b85ae94b2e2b4943476bbea5?s=96&d=blank&r=g","caption":"Leinewelle"},"sameAs":["http:\/\/localhost\/radio%20leinewelle\/wordpress","https:\/\/www.facebook.com\/radioleinewelle","https:\/\/www.instagram.com\/radioleinewelle","https:\/\/x.com\/https:\/\/twitter.com\/RLeinewelle?ref_src=twsrcgoogletwcampserptwgrauthor","https:\/\/soundcloud.com\/foerderverein-lokalradio?utm_source=clipboard&utm_medium=text&utm_campaign=social_sharing"],"url":"https:\/\/radioleinewelle.de\/index.php\/author\/leinewelle\/"}]}},"_links":{"self":[{"href":"https:\/\/radioleinewelle.de\/index.php\/wp-json\/wp\/v2\/posts\/1844","targetHints":{"allow":["GET"]}}],"collection":[{"href":"https:\/\/radioleinewelle.de\/index.php\/wp-json\/wp\/v2\/posts"}],"about":[{"href":"https:\/\/radioleinewelle.de\/index.php\/wp-json\/wp\/v2\/types\/post"}],"author":[{"embeddable":true,"href":"https:\/\/radioleinewelle.de\/index.php\/wp-json\/wp\/v2\/users\/1"}],"replies":[{"embeddable":true,"href":"https:\/\/radioleinewelle.de\/index.php\/wp-json\/wp\/v2\/comments?post=1844"}],"version-history":[{"count":0,"href":"https:\/\/radioleinewelle.de\/index.php\/wp-json\/wp\/v2\/posts\/1844\/revisions"}],"wp:featuredmedia":[{"embeddable":true,"href":"https:\/\/radioleinewelle.de\/index.php\/wp-json\/wp\/v2\/media\/1846"}],"wp:attachment":[{"href":"https:\/\/radioleinewelle.de\/index.php\/wp-json\/wp\/v2\/media?parent=1844"}],"wp:term":[{"taxonomy":"category","embeddable":true,"href":"https:\/\/radioleinewelle.de\/index.php\/wp-json\/wp\/v2\/categories?post=1844"},{"taxonomy":"post_tag","embeddable":true,"href":"https:\/\/radioleinewelle.de\/index.php\/wp-json\/wp\/v2\/tags?post=1844"}],"curies":[{"name":"wp","href":"https:\/\/api.w.org\/{rel}","templated":true}]}}