{"id":1857,"date":"2020-09-25T17:17:21","date_gmt":"2020-09-25T15:17:21","guid":{"rendered":"https:\/\/radioleinewelle.de\/?p=1857"},"modified":"2020-09-25T17:17:21","modified_gmt":"2020-09-25T15:17:21","slug":"wir-machen-so-lange-weiter-bis-die-regierung-handelt-fridays-for-future-demo-am-25-09-2020","status":"publish","type":"post","link":"https:\/\/radioleinewelle.de\/index.php\/2020\/09\/25\/wir-machen-so-lange-weiter-bis-die-regierung-handelt-fridays-for-future-demo-am-25-09-2020\/","title":{"rendered":"Wir machen so lange weiter, bis die Regierung handelt\u201c Fridays for Future-Demo am 25.09.2020"},"content":{"rendered":"<p>Mit einem ausgekl\u00fcgelten Corona-Sicherheitskonzept fand heute die erste Fridays for Future-Demo nach den Sommerferien statt. Unter dem Motto \u201eKein Grad weiter\u201c zogen etwa 1.000 Menschen vom Hiroshimaplatz \u00fcber B\u00fcrgerstra\u00dfe und Innenstadt bis zum Albaniplatz.<br \/>\n<img loading=\"lazy\" decoding=\"async\" class=\"alignnone size-full wp-image-1875\" src=\"https:\/\/radioleinewelle.de\/wp-content\/uploads\/2020\/09\/Fridays-For-Future-e1601103815577.jpg\" alt=\"Fridays For Future\" width=\"480\" height=\"320\" srcset=\"https:\/\/radioleinewelle.de\/wp-content\/uploads\/2020\/09\/Fridays-For-Future-e1601103815577.jpg 480w, https:\/\/radioleinewelle.de\/wp-content\/uploads\/2020\/09\/Fridays-For-Future-e1601103815577-300x200.jpg 300w\" sizes=\"(max-width: 480px) 100vw, 480px\" \/><br \/>\nRedner*innen \u00fcbten Kritik an der Regierung, die in den Zeiten der Pandemie durchaus ihre Handlungsf\u00e4higkeit gezeigt habe, aber nach wie wir nicht bereit sei, beim Thema Klimaschutz zu handeln und stattdessen mit vielen Milliarden klimasch\u00e4dliche Industrie subventioniert habe. \u201eUnd deshalb machen wir so lange weiter, bis die Regierung handelt\u201c, sagte ein Sprecher.<\/p>\n<p><img loading=\"lazy\" decoding=\"async\" class=\"alignnone size-full wp-image-1879\" src=\"https:\/\/radioleinewelle.de\/wp-content\/uploads\/2020\/09\/Fridays-For-Future-2-e1601104039673.jpg\" alt=\"Fridays For Future 2\" width=\"480\" height=\"320\" srcset=\"https:\/\/radioleinewelle.de\/wp-content\/uploads\/2020\/09\/Fridays-For-Future-2-e1601104039673.jpg 480w, https:\/\/radioleinewelle.de\/wp-content\/uploads\/2020\/09\/Fridays-For-Future-2-e1601104039673-300x200.jpg 300w\" sizes=\"(max-width: 480px) 100vw, 480px\" \/><br \/>\nIn einem Beitrag des B\u00fcndnisses \u201eSeebr\u00fccke\u201c wurde der Zusammenhang zwischen Klimaschutz und Fl\u00fcchtlingspolitik hergestellt und davor gewarnt, dass sich k\u00fcnftig auch die Zahl der Klimafl\u00fcchtlinge erh\u00f6hen werde, wenn nicht umgehend gehandelt wird.<br \/>\nIn einem weiteren Redebeitrag wurde der sofortige Stopp des Braunkohle-Tagebaus gefordert.<br \/>\n#fridaysforfuture #Klimastreik #seebr\u00fccke #keingradweiter<\/p>\n<p>Fotos: \u00a9Radio Leinewelle (hr)<\/p>\n","protected":false},"excerpt":{"rendered":"<p>Mit einem ausgekl\u00fcgelten Corona-Sicherheitskonzept fand heute die erste Fridays for Future-Demo nach den Sommerferien statt. Unter dem Motto \u201eKein Grad weiter\u201c zogen etwa 1.000 Menschen vom Hiroshimaplatz \u00fcber B\u00fcrgerstra\u00dfe und Innenstadt bis zum Albaniplatz. Redner*innen \u00fcbten Kritik an der Regierung, die in den Zeiten der Pandemie durchaus ihre Handlungsf\u00e4higkeit gezeigt habe, aber nach wie wir [&hellip;]<\/p>\n","protected":false},"author":1,"featured_media":0,"comment_status":"closed","ping_status":"closed","sticky":false,"template":"","format":"standard","meta":{"saved_in_kubio":false,"footnotes":""},"categories":[24],"tags":[],"class_list":["post-1857","post","type-post","status-publish","format-standard","hentry","category-news"],"yoast_head":"<!-- This site is optimized with the Yoast SEO plugin v27.5 - https:\/\/yoast.com\/product\/yoast-seo-wordpress\/ -->\n<title>Wir machen so lange weiter, bis die Regierung handelt\u201c Fridays for Future-Demo am 25.09.2020 - Radio Leinewelle<\/title>\n<meta name=\"robots\" content=\"index, follow, max-snippet:-1, max-image-preview:large, max-video-preview:-1\" \/>\n<link rel=\"canonical\" href=\"https:\/\/radioleinewelle.de\/index.php\/2020\/09\/25\/wir-machen-so-lange-weiter-bis-die-regierung-handelt-fridays-for-future-demo-am-25-09-2020\/\" \/>\n<meta property=\"og:locale\" content=\"de_DE\" \/>\n<meta property=\"og:type\" content=\"article\" \/>\n<meta property=\"og:title\" content=\"Wir machen so lange weiter, bis die Regierung handelt\u201c Fridays for Future-Demo am 25.09.2020 - Radio Leinewelle\" \/>\n<meta property=\"og:description\" content=\"Mit einem ausgekl\u00fcgelten Corona-Sicherheitskonzept fand heute die erste Fridays for Future-Demo nach den Sommerferien statt. Unter dem Motto \u201eKein Grad weiter\u201c zogen etwa 1.000 Menschen vom Hiroshimaplatz \u00fcber B\u00fcrgerstra\u00dfe und Innenstadt bis zum Albaniplatz. Redner*innen \u00fcbten Kritik an der Regierung, die in den Zeiten der Pandemie durchaus ihre Handlungsf\u00e4higkeit gezeigt habe, aber nach wie wir [&hellip;]\" \/>\n<meta property=\"og:url\" content=\"https:\/\/radioleinewelle.de\/index.php\/2020\/09\/25\/wir-machen-so-lange-weiter-bis-die-regierung-handelt-fridays-for-future-demo-am-25-09-2020\/\" \/>\n<meta property=\"og:site_name\" content=\"Radio Leinewelle\" \/>\n<meta property=\"article:publisher\" content=\"https:\/\/www.facebook.com\/radioleinewelle\" \/>\n<meta property=\"article:author\" content=\"https:\/\/www.facebook.com\/radioleinewelle\" \/>\n<meta property=\"article:published_time\" content=\"2020-09-25T15:17:21+00:00\" \/>\n<meta property=\"og:image\" content=\"https:\/\/radioleinewelle.de\/wp-content\/uploads\/2020\/09\/Fridays-For-Future-e1601103815577.jpg\" \/>\n<meta name=\"author\" content=\"Leinewelle\" \/>\n<meta name=\"twitter:card\" content=\"summary_large_image\" \/>\n<meta name=\"twitter:creator\" content=\"@https:\/\/twitter.com\/RLeinewelle?ref_src=twsrcgoogletwcampserptwgrauthor\" \/>\n<meta name=\"twitter:site\" content=\"@RLeinewelle\" \/>\n<meta name=\"twitter:label1\" content=\"Verfasst von\" \/>\n\t<meta name=\"twitter:data1\" content=\"Leinewelle\" \/>\n\t<meta name=\"twitter:label2\" content=\"Gesch\u00e4tzte Lesezeit\" \/>\n\t<meta name=\"twitter:data2\" content=\"1\u00a0Minute\" \/>\n<script type=\"application\/ld+json\" class=\"yoast-schema-graph\">{\"@context\":\"https:\\\/\\\/schema.org\",\"@graph\":[{\"@type\":\"Article\",\"@id\":\"https:\\\/\\\/radioleinewelle.de\\\/index.php\\\/2020\\\/09\\\/25\\\/wir-machen-so-lange-weiter-bis-die-regierung-handelt-fridays-for-future-demo-am-25-09-2020\\\/#article\",\"isPartOf\":{\"@id\":\"https:\\\/\\\/radioleinewelle.de\\\/index.php\\\/2020\\\/09\\\/25\\\/wir-machen-so-lange-weiter-bis-die-regierung-handelt-fridays-for-future-demo-am-25-09-2020\\\/\"},\"author\":{\"name\":\"Leinewelle\",\"@id\":\"https:\\\/\\\/radioleinewelle.de\\\/#\\\/schema\\\/person\\\/45606f348637df637192dc1b68399a63\"},\"headline\":\"Wir machen so lange weiter, bis die Regierung handelt\u201c Fridays for Future-Demo am 25.09.2020\",\"datePublished\":\"2020-09-25T15:17:21+00:00\",\"mainEntityOfPage\":{\"@id\":\"https:\\\/\\\/radioleinewelle.de\\\/index.php\\\/2020\\\/09\\\/25\\\/wir-machen-so-lange-weiter-bis-die-regierung-handelt-fridays-for-future-demo-am-25-09-2020\\\/\"},\"wordCount\":162,\"publisher\":{\"@id\":\"https:\\\/\\\/radioleinewelle.de\\\/#organization\"},\"image\":{\"@id\":\"https:\\\/\\\/radioleinewelle.de\\\/index.php\\\/2020\\\/09\\\/25\\\/wir-machen-so-lange-weiter-bis-die-regierung-handelt-fridays-for-future-demo-am-25-09-2020\\\/#primaryimage\"},\"thumbnailUrl\":\"https:\\\/\\\/radioleinewelle.de\\\/wp-content\\\/uploads\\\/2020\\\/09\\\/Fridays-For-Future-e1601103815577.jpg\",\"articleSection\":[\"Aktuelle Nachrichten\"],\"inLanguage\":\"de\"},{\"@type\":\"WebPage\",\"@id\":\"https:\\\/\\\/radioleinewelle.de\\\/index.php\\\/2020\\\/09\\\/25\\\/wir-machen-so-lange-weiter-bis-die-regierung-handelt-fridays-for-future-demo-am-25-09-2020\\\/\",\"url\":\"https:\\\/\\\/radioleinewelle.de\\\/index.php\\\/2020\\\/09\\\/25\\\/wir-machen-so-lange-weiter-bis-die-regierung-handelt-fridays-for-future-demo-am-25-09-2020\\\/\",\"name\":\"Wir machen so lange weiter, bis die Regierung handelt\u201c Fridays for Future-Demo am 25.09.2020 - Radio Leinewelle\",\"isPartOf\":{\"@id\":\"https:\\\/\\\/radioleinewelle.de\\\/#website\"},\"primaryImageOfPage\":{\"@id\":\"https:\\\/\\\/radioleinewelle.de\\\/index.php\\\/2020\\\/09\\\/25\\\/wir-machen-so-lange-weiter-bis-die-regierung-handelt-fridays-for-future-demo-am-25-09-2020\\\/#primaryimage\"},\"image\":{\"@id\":\"https:\\\/\\\/radioleinewelle.de\\\/index.php\\\/2020\\\/09\\\/25\\\/wir-machen-so-lange-weiter-bis-die-regierung-handelt-fridays-for-future-demo-am-25-09-2020\\\/#primaryimage\"},\"thumbnailUrl\":\"https:\\\/\\\/radioleinewelle.de\\\/wp-content\\\/uploads\\\/2020\\\/09\\\/Fridays-For-Future-e1601103815577.jpg\",\"datePublished\":\"2020-09-25T15:17:21+00:00\",\"breadcrumb\":{\"@id\":\"https:\\\/\\\/radioleinewelle.de\\\/index.php\\\/2020\\\/09\\\/25\\\/wir-machen-so-lange-weiter-bis-die-regierung-handelt-fridays-for-future-demo-am-25-09-2020\\\/#breadcrumb\"},\"inLanguage\":\"de\",\"potentialAction\":[{\"@type\":\"ReadAction\",\"target\":[\"https:\\\/\\\/radioleinewelle.de\\\/index.php\\\/2020\\\/09\\\/25\\\/wir-machen-so-lange-weiter-bis-die-regierung-handelt-fridays-for-future-demo-am-25-09-2020\\\/\"]}]},{\"@type\":\"ImageObject\",\"inLanguage\":\"de\",\"@id\":\"https:\\\/\\\/radioleinewelle.de\\\/index.php\\\/2020\\\/09\\\/25\\\/wir-machen-so-lange-weiter-bis-die-regierung-handelt-fridays-for-future-demo-am-25-09-2020\\\/#primaryimage\",\"url\":\"https:\\\/\\\/radioleinewelle.de\\\/wp-content\\\/uploads\\\/2020\\\/09\\\/Fridays-For-Future-e1601103815577.jpg\",\"contentUrl\":\"https:\\\/\\\/radioleinewelle.de\\\/wp-content\\\/uploads\\\/2020\\\/09\\\/Fridays-For-Future-e1601103815577.jpg\",\"width\":480,\"height\":320},{\"@type\":\"BreadcrumbList\",\"@id\":\"https:\\\/\\\/radioleinewelle.de\\\/index.php\\\/2020\\\/09\\\/25\\\/wir-machen-so-lange-weiter-bis-die-regierung-handelt-fridays-for-future-demo-am-25-09-2020\\\/#breadcrumb\",\"itemListElement\":[{\"@type\":\"ListItem\",\"position\":1,\"name\":\"Startseite\",\"item\":\"https:\\\/\\\/radioleinewelle.de\\\/\"},{\"@type\":\"ListItem\",\"position\":2,\"name\":\"Wir machen so lange weiter, bis die Regierung handelt\u201c Fridays for Future-Demo am 25.09.2020\"}]},{\"@type\":\"WebSite\",\"@id\":\"https:\\\/\\\/radioleinewelle.de\\\/#website\",\"url\":\"https:\\\/\\\/radioleinewelle.de\\\/\",\"name\":\"Radio Leinewelle\",\"description\":\"\",\"publisher\":{\"@id\":\"https:\\\/\\\/radioleinewelle.de\\\/#organization\"},\"potentialAction\":[{\"@type\":\"SearchAction\",\"target\":{\"@type\":\"EntryPoint\",\"urlTemplate\":\"https:\\\/\\\/radioleinewelle.de\\\/?s={search_term_string}\"},\"query-input\":{\"@type\":\"PropertyValueSpecification\",\"valueRequired\":true,\"valueName\":\"search_term_string\"}}],\"inLanguage\":\"de\"},{\"@type\":\"Organization\",\"@id\":\"https:\\\/\\\/radioleinewelle.de\\\/#organization\",\"name\":\"Radio Leinewelle\",\"alternateName\":\"Mein Radio f\u00fcr S\u00fcdniedersachsen\",\"url\":\"https:\\\/\\\/radioleinewelle.de\\\/\",\"logo\":{\"@type\":\"ImageObject\",\"inLanguage\":\"de\",\"@id\":\"https:\\\/\\\/radioleinewelle.de\\\/#\\\/schema\\\/logo\\\/image\\\/\",\"url\":\"https:\\\/\\\/radioleinewelle.de\\\/wp-content\\\/uploads\\\/2023\\\/11\\\/cropped-Leinewelle_Logo_weiss.png\",\"contentUrl\":\"https:\\\/\\\/radioleinewelle.de\\\/wp-content\\\/uploads\\\/2023\\\/11\\\/cropped-Leinewelle_Logo_weiss.png\",\"width\":854,\"height\":260,\"caption\":\"Radio Leinewelle\"},\"image\":{\"@id\":\"https:\\\/\\\/radioleinewelle.de\\\/#\\\/schema\\\/logo\\\/image\\\/\"},\"sameAs\":[\"https:\\\/\\\/www.facebook.com\\\/radioleinewelle\",\"https:\\\/\\\/x.com\\\/RLeinewelle\",\"https:\\\/\\\/www.instagram.com\\\/radioleinewelle\\\/?hl=de\"]},{\"@type\":\"Person\",\"@id\":\"https:\\\/\\\/radioleinewelle.de\\\/#\\\/schema\\\/person\\\/45606f348637df637192dc1b68399a63\",\"name\":\"Leinewelle\",\"image\":{\"@type\":\"ImageObject\",\"inLanguage\":\"de\",\"@id\":\"https:\\\/\\\/secure.gravatar.com\\\/avatar\\\/05c9a17bc973052ee5d91549bd32fb4dd0dc85b7b85ae94b2e2b4943476bbea5?s=96&d=blank&r=g\",\"url\":\"https:\\\/\\\/secure.gravatar.com\\\/avatar\\\/05c9a17bc973052ee5d91549bd32fb4dd0dc85b7b85ae94b2e2b4943476bbea5?s=96&d=blank&r=g\",\"contentUrl\":\"https:\\\/\\\/secure.gravatar.com\\\/avatar\\\/05c9a17bc973052ee5d91549bd32fb4dd0dc85b7b85ae94b2e2b4943476bbea5?s=96&d=blank&r=g\",\"caption\":\"Leinewelle\"},\"sameAs\":[\"http:\\\/\\\/localhost\\\/radio%20leinewelle\\\/wordpress\",\"https:\\\/\\\/www.facebook.com\\\/radioleinewelle\",\"https:\\\/\\\/www.instagram.com\\\/radioleinewelle\",\"https:\\\/\\\/x.com\\\/https:\\\/\\\/twitter.com\\\/RLeinewelle?ref_src=twsrcgoogletwcampserptwgrauthor\",\"https:\\\/\\\/soundcloud.com\\\/foerderverein-lokalradio?utm_source=clipboard&utm_medium=text&utm_campaign=social_sharing\"],\"url\":\"https:\\\/\\\/radioleinewelle.de\\\/index.php\\\/author\\\/leinewelle\\\/\"}]}<\/script>\n<!-- \/ Yoast SEO plugin. -->","yoast_head_json":{"title":"Wir machen so lange weiter, bis die Regierung handelt\u201c Fridays for Future-Demo am 25.09.2020 - Radio Leinewelle","robots":{"index":"index","follow":"follow","max-snippet":"max-snippet:-1","max-image-preview":"max-image-preview:large","max-video-preview":"max-video-preview:-1"},"canonical":"https:\/\/radioleinewelle.de\/index.php\/2020\/09\/25\/wir-machen-so-lange-weiter-bis-die-regierung-handelt-fridays-for-future-demo-am-25-09-2020\/","og_locale":"de_DE","og_type":"article","og_title":"Wir machen so lange weiter, bis die Regierung handelt\u201c Fridays for Future-Demo am 25.09.2020 - Radio Leinewelle","og_description":"Mit einem ausgekl\u00fcgelten Corona-Sicherheitskonzept fand heute die erste Fridays for Future-Demo nach den Sommerferien statt. Unter dem Motto \u201eKein Grad weiter\u201c zogen etwa 1.000 Menschen vom Hiroshimaplatz \u00fcber B\u00fcrgerstra\u00dfe und Innenstadt bis zum Albaniplatz. Redner*innen \u00fcbten Kritik an der Regierung, die in den Zeiten der Pandemie durchaus ihre Handlungsf\u00e4higkeit gezeigt habe, aber nach wie wir [&hellip;]","og_url":"https:\/\/radioleinewelle.de\/index.php\/2020\/09\/25\/wir-machen-so-lange-weiter-bis-die-regierung-handelt-fridays-for-future-demo-am-25-09-2020\/","og_site_name":"Radio Leinewelle","article_publisher":"https:\/\/www.facebook.com\/radioleinewelle","article_author":"https:\/\/www.facebook.com\/radioleinewelle","article_published_time":"2020-09-25T15:17:21+00:00","og_image":[{"url":"https:\/\/radioleinewelle.de\/wp-content\/uploads\/2020\/09\/Fridays-For-Future-e1601103815577.jpg","type":"","width":"","height":""}],"author":"Leinewelle","twitter_card":"summary_large_image","twitter_creator":"@https:\/\/twitter.com\/RLeinewelle?ref_src=twsrcgoogletwcampserptwgrauthor","twitter_site":"@RLeinewelle","twitter_misc":{"Verfasst von":"Leinewelle","Gesch\u00e4tzte Lesezeit":"1\u00a0Minute"},"schema":{"@context":"https:\/\/schema.org","@graph":[{"@type":"Article","@id":"https:\/\/radioleinewelle.de\/index.php\/2020\/09\/25\/wir-machen-so-lange-weiter-bis-die-regierung-handelt-fridays-for-future-demo-am-25-09-2020\/#article","isPartOf":{"@id":"https:\/\/radioleinewelle.de\/index.php\/2020\/09\/25\/wir-machen-so-lange-weiter-bis-die-regierung-handelt-fridays-for-future-demo-am-25-09-2020\/"},"author":{"name":"Leinewelle","@id":"https:\/\/radioleinewelle.de\/#\/schema\/person\/45606f348637df637192dc1b68399a63"},"headline":"Wir machen so lange weiter, bis die Regierung handelt\u201c Fridays for Future-Demo am 25.09.2020","datePublished":"2020-09-25T15:17:21+00:00","mainEntityOfPage":{"@id":"https:\/\/radioleinewelle.de\/index.php\/2020\/09\/25\/wir-machen-so-lange-weiter-bis-die-regierung-handelt-fridays-for-future-demo-am-25-09-2020\/"},"wordCount":162,"publisher":{"@id":"https:\/\/radioleinewelle.de\/#organization"},"image":{"@id":"https:\/\/radioleinewelle.de\/index.php\/2020\/09\/25\/wir-machen-so-lange-weiter-bis-die-regierung-handelt-fridays-for-future-demo-am-25-09-2020\/#primaryimage"},"thumbnailUrl":"https:\/\/radioleinewelle.de\/wp-content\/uploads\/2020\/09\/Fridays-For-Future-e1601103815577.jpg","articleSection":["Aktuelle Nachrichten"],"inLanguage":"de"},{"@type":"WebPage","@id":"https:\/\/radioleinewelle.de\/index.php\/2020\/09\/25\/wir-machen-so-lange-weiter-bis-die-regierung-handelt-fridays-for-future-demo-am-25-09-2020\/","url":"https:\/\/radioleinewelle.de\/index.php\/2020\/09\/25\/wir-machen-so-lange-weiter-bis-die-regierung-handelt-fridays-for-future-demo-am-25-09-2020\/","name":"Wir machen so lange weiter, bis die Regierung handelt\u201c Fridays for Future-Demo am 25.09.2020 - Radio Leinewelle","isPartOf":{"@id":"https:\/\/radioleinewelle.de\/#website"},"primaryImageOfPage":{"@id":"https:\/\/radioleinewelle.de\/index.php\/2020\/09\/25\/wir-machen-so-lange-weiter-bis-die-regierung-handelt-fridays-for-future-demo-am-25-09-2020\/#primaryimage"},"image":{"@id":"https:\/\/radioleinewelle.de\/index.php\/2020\/09\/25\/wir-machen-so-lange-weiter-bis-die-regierung-handelt-fridays-for-future-demo-am-25-09-2020\/#primaryimage"},"thumbnailUrl":"https:\/\/radioleinewelle.de\/wp-content\/uploads\/2020\/09\/Fridays-For-Future-e1601103815577.jpg","datePublished":"2020-09-25T15:17:21+00:00","breadcrumb":{"@id":"https:\/\/radioleinewelle.de\/index.php\/2020\/09\/25\/wir-machen-so-lange-weiter-bis-die-regierung-handelt-fridays-for-future-demo-am-25-09-2020\/#breadcrumb"},"inLanguage":"de","potentialAction":[{"@type":"ReadAction","target":["https:\/\/radioleinewelle.de\/index.php\/2020\/09\/25\/wir-machen-so-lange-weiter-bis-die-regierung-handelt-fridays-for-future-demo-am-25-09-2020\/"]}]},{"@type":"ImageObject","inLanguage":"de","@id":"https:\/\/radioleinewelle.de\/index.php\/2020\/09\/25\/wir-machen-so-lange-weiter-bis-die-regierung-handelt-fridays-for-future-demo-am-25-09-2020\/#primaryimage","url":"https:\/\/radioleinewelle.de\/wp-content\/uploads\/2020\/09\/Fridays-For-Future-e1601103815577.jpg","contentUrl":"https:\/\/radioleinewelle.de\/wp-content\/uploads\/2020\/09\/Fridays-For-Future-e1601103815577.jpg","width":480,"height":320},{"@type":"BreadcrumbList","@id":"https:\/\/radioleinewelle.de\/index.php\/2020\/09\/25\/wir-machen-so-lange-weiter-bis-die-regierung-handelt-fridays-for-future-demo-am-25-09-2020\/#breadcrumb","itemListElement":[{"@type":"ListItem","position":1,"name":"Startseite","item":"https:\/\/radioleinewelle.de\/"},{"@type":"ListItem","position":2,"name":"Wir machen so lange weiter, bis die Regierung handelt\u201c Fridays for Future-Demo am 25.09.2020"}]},{"@type":"WebSite","@id":"https:\/\/radioleinewelle.de\/#website","url":"https:\/\/radioleinewelle.de\/","name":"Radio Leinewelle","description":"","publisher":{"@id":"https:\/\/radioleinewelle.de\/#organization"},"potentialAction":[{"@type":"SearchAction","target":{"@type":"EntryPoint","urlTemplate":"https:\/\/radioleinewelle.de\/?s={search_term_string}"},"query-input":{"@type":"PropertyValueSpecification","valueRequired":true,"valueName":"search_term_string"}}],"inLanguage":"de"},{"@type":"Organization","@id":"https:\/\/radioleinewelle.de\/#organization","name":"Radio Leinewelle","alternateName":"Mein Radio f\u00fcr S\u00fcdniedersachsen","url":"https:\/\/radioleinewelle.de\/","logo":{"@type":"ImageObject","inLanguage":"de","@id":"https:\/\/radioleinewelle.de\/#\/schema\/logo\/image\/","url":"https:\/\/radioleinewelle.de\/wp-content\/uploads\/2023\/11\/cropped-Leinewelle_Logo_weiss.png","contentUrl":"https:\/\/radioleinewelle.de\/wp-content\/uploads\/2023\/11\/cropped-Leinewelle_Logo_weiss.png","width":854,"height":260,"caption":"Radio Leinewelle"},"image":{"@id":"https:\/\/radioleinewelle.de\/#\/schema\/logo\/image\/"},"sameAs":["https:\/\/www.facebook.com\/radioleinewelle","https:\/\/x.com\/RLeinewelle","https:\/\/www.instagram.com\/radioleinewelle\/?hl=de"]},{"@type":"Person","@id":"https:\/\/radioleinewelle.de\/#\/schema\/person\/45606f348637df637192dc1b68399a63","name":"Leinewelle","image":{"@type":"ImageObject","inLanguage":"de","@id":"https:\/\/secure.gravatar.com\/avatar\/05c9a17bc973052ee5d91549bd32fb4dd0dc85b7b85ae94b2e2b4943476bbea5?s=96&d=blank&r=g","url":"https:\/\/secure.gravatar.com\/avatar\/05c9a17bc973052ee5d91549bd32fb4dd0dc85b7b85ae94b2e2b4943476bbea5?s=96&d=blank&r=g","contentUrl":"https:\/\/secure.gravatar.com\/avatar\/05c9a17bc973052ee5d91549bd32fb4dd0dc85b7b85ae94b2e2b4943476bbea5?s=96&d=blank&r=g","caption":"Leinewelle"},"sameAs":["http:\/\/localhost\/radio%20leinewelle\/wordpress","https:\/\/www.facebook.com\/radioleinewelle","https:\/\/www.instagram.com\/radioleinewelle","https:\/\/x.com\/https:\/\/twitter.com\/RLeinewelle?ref_src=twsrcgoogletwcampserptwgrauthor","https:\/\/soundcloud.com\/foerderverein-lokalradio?utm_source=clipboard&utm_medium=text&utm_campaign=social_sharing"],"url":"https:\/\/radioleinewelle.de\/index.php\/author\/leinewelle\/"}]}},"_links":{"self":[{"href":"https:\/\/radioleinewelle.de\/index.php\/wp-json\/wp\/v2\/posts\/1857","targetHints":{"allow":["GET"]}}],"collection":[{"href":"https:\/\/radioleinewelle.de\/index.php\/wp-json\/wp\/v2\/posts"}],"about":[{"href":"https:\/\/radioleinewelle.de\/index.php\/wp-json\/wp\/v2\/types\/post"}],"author":[{"embeddable":true,"href":"https:\/\/radioleinewelle.de\/index.php\/wp-json\/wp\/v2\/users\/1"}],"replies":[{"embeddable":true,"href":"https:\/\/radioleinewelle.de\/index.php\/wp-json\/wp\/v2\/comments?post=1857"}],"version-history":[{"count":0,"href":"https:\/\/radioleinewelle.de\/index.php\/wp-json\/wp\/v2\/posts\/1857\/revisions"}],"wp:attachment":[{"href":"https:\/\/radioleinewelle.de\/index.php\/wp-json\/wp\/v2\/media?parent=1857"}],"wp:term":[{"taxonomy":"category","embeddable":true,"href":"https:\/\/radioleinewelle.de\/index.php\/wp-json\/wp\/v2\/categories?post=1857"},{"taxonomy":"post_tag","embeddable":true,"href":"https:\/\/radioleinewelle.de\/index.php\/wp-json\/wp\/v2\/tags?post=1857"}],"curies":[{"name":"wp","href":"https:\/\/api.w.org\/{rel}","templated":true}]}}