{"id":1866,"date":"2020-09-26T05:30:34","date_gmt":"2020-09-26T03:30:34","guid":{"rendered":"https:\/\/radioleinewelle.de\/?p=1866"},"modified":"2020-09-26T05:30:34","modified_gmt":"2020-09-26T03:30:34","slug":"warnstreiks-am-dienstag-im-oeffentlichen-nahverkehr","status":"publish","type":"post","link":"https:\/\/radioleinewelle.de\/index.php\/2020\/09\/26\/warnstreiks-am-dienstag-im-oeffentlichen-nahverkehr\/","title":{"rendered":"Warnstreiks am Dienstag im  Nahverkehr und anderen \u00f6ffentlichen Einrichtungen"},"content":{"rendered":"<p>Die Vereinigung der kommunalen Arbeitgeberverb\u00e4nde (VKA) hatte sich gegen die Verhandlung \u00fcber einen bundesweiten Rahmentarifvertrag f\u00fcr die Besch\u00e4ftigten des \u00d6PNV ausgesprochen. Die Vereinte Dienstleistungsgewerkschaft (ver.di) reagiert darauf auch im Landesbezirk Niedersachsen\/Bremen mit Streiks. Am kommenden Dienstag, 29. September, werden 6.000 Besch\u00e4ftigten in Hannover, Bremen, Braunschweig, Wolfsburg, G\u00f6ttingen, Goslar und Osnabr\u00fcck von Dienstbeginn bis Dienstschluss zu Arbeitsniederlegungen aufgerufen.<\/p>\n<p>\u201eDie Arbeitgeber verweigern bundesweite Verhandlungen f\u00fcr die Besch\u00e4ftigten im \u00f6ffentlichen Personennahverkehr, mit denen bessere Arbeitsbedingungen geschaffen werden sollen&#8220;, kritisiert Gewerkschaftssekret\u00e4r Hermann Hane. \u201eDiese Verweigerung ist v\u00f6llig unverst\u00e4ndlich und nicht akzeptabel. Es ist ein Affront gegen\u00fcber den Besch\u00e4ftigten und auch gegen\u00fcber den F\u00e4hrg\u00e4sten, die t\u00e4glich mit Bussen und Bahnen fahren\u201c, so Hane.<\/p>\n<p>Nach 20 Jahren Sparzwang in den Verkehrsbetrieben k\u00f6nnen der \u00d6PNV und die Verkehrswende nur eine Chance haben, wenn es bundesweit gute Arbeitsbedingungen in den Betrieben gebe, so Hane. Das Verhalten der Arbeitgeber provoziere, dass ver.di die Besch\u00e4ftigten zu Streiks aufrufe.<\/p>\n<p>Im Tarifkonflikt mit 130 \u00d6PNV-Unternehmen will ver.di bundesweit einheitliche Regelungen in Fragen wie Nachwuchsf\u00f6rderung sowie den Ausgleich von \u00dcberstunden und Zulagen f\u00fcr Schichtdienste erreichen. Seit M\u00e4rz fordert die Gewerkschaft hierzu die Verhandlung eines bundesweiten Rahmentarifvertrages. Nach langer interner Diskussion hat sich die VKA gegen Verhandlungen ausgesprochen.<\/p>\n<p>ver.di fordert f\u00fcr die 87.000 Besch\u00e4ftigten Entlastung und angemessenen Ausgleich f\u00fcr unvermeidbare Belastungen. Dar\u00fcber hinaus soll die Ungleichbehandlung in den Bundesl\u00e4ndern beendet und zentrale Regelungen wie Urlaubstage oder Sonderzahlungen k\u00fcnftig bundesweit vereinheitlicht werden. Mit einer Forderung f\u00fcr Auszubildende sollen Anreize zum Einstieg in den Beruf und zur Nachwuchsf\u00f6rderung geschaffen werden. Dar\u00fcber hinaus werden in den einzelnen Bundesl\u00e4ndern weitere Forderungen aufgestellt. Diese werden separat mit den regionalen Kommunalen Arbeitgeberverb\u00e4nden (KAV) in den Bundesl\u00e4ndern verhandelt.<\/p>\n<p>Foto: Verdi<\/p>\n","protected":false},"excerpt":{"rendered":"<p>Die Vereinigung der kommunalen Arbeitgeberverb\u00e4nde (VKA) hatte sich gegen die Verhandlung \u00fcber einen bundesweiten Rahmentarifvertrag f\u00fcr die Besch\u00e4ftigten des \u00d6PNV ausgesprochen. Die Vereinte Dienstleistungsgewerkschaft (ver.di) reagiert darauf auch im Landesbezirk Niedersachsen\/Bremen mit Streiks. Am kommenden Dienstag, 29. September, werden 6.000 Besch\u00e4ftigten in Hannover, Bremen, Braunschweig, Wolfsburg, G\u00f6ttingen, Goslar und Osnabr\u00fcck von Dienstbeginn bis Dienstschluss zu [&hellip;]<\/p>\n","protected":false},"author":1,"featured_media":1867,"comment_status":"closed","ping_status":"closed","sticky":false,"template":"","format":"standard","meta":{"saved_in_kubio":false,"footnotes":""},"categories":[1],"tags":[],"class_list":["post-1866","post","type-post","status-publish","format-standard","has-post-thumbnail","hentry","category-allgemein"],"yoast_head":"<!-- This site is optimized with the Yoast SEO plugin v27.5 - https:\/\/yoast.com\/product\/yoast-seo-wordpress\/ -->\n<title>Warnstreiks am Dienstag im Nahverkehr und anderen \u00f6ffentlichen Einrichtungen - Radio Leinewelle<\/title>\n<meta name=\"robots\" content=\"index, follow, max-snippet:-1, max-image-preview:large, max-video-preview:-1\" \/>\n<link rel=\"canonical\" href=\"https:\/\/radioleinewelle.de\/index.php\/2020\/09\/26\/warnstreiks-am-dienstag-im-oeffentlichen-nahverkehr\/\" \/>\n<meta property=\"og:locale\" content=\"de_DE\" \/>\n<meta property=\"og:type\" content=\"article\" \/>\n<meta property=\"og:title\" content=\"Warnstreiks am Dienstag im Nahverkehr und anderen \u00f6ffentlichen Einrichtungen - Radio Leinewelle\" \/>\n<meta property=\"og:description\" content=\"Die Vereinigung der kommunalen Arbeitgeberverb\u00e4nde (VKA) hatte sich gegen die Verhandlung \u00fcber einen bundesweiten Rahmentarifvertrag f\u00fcr die Besch\u00e4ftigten des \u00d6PNV ausgesprochen. Die Vereinte Dienstleistungsgewerkschaft (ver.di) reagiert darauf auch im Landesbezirk Niedersachsen\/Bremen mit Streiks. Am kommenden Dienstag, 29. September, werden 6.000 Besch\u00e4ftigten in Hannover, Bremen, Braunschweig, Wolfsburg, G\u00f6ttingen, Goslar und Osnabr\u00fcck von Dienstbeginn bis Dienstschluss zu [&hellip;]\" \/>\n<meta property=\"og:url\" content=\"https:\/\/radioleinewelle.de\/index.php\/2020\/09\/26\/warnstreiks-am-dienstag-im-oeffentlichen-nahverkehr\/\" \/>\n<meta property=\"og:site_name\" content=\"Radio Leinewelle\" \/>\n<meta property=\"article:publisher\" content=\"https:\/\/www.facebook.com\/radioleinewelle\" \/>\n<meta property=\"article:author\" content=\"https:\/\/www.facebook.com\/radioleinewelle\" \/>\n<meta property=\"article:published_time\" content=\"2020-09-26T03:30:34+00:00\" \/>\n<meta property=\"og:image\" content=\"https:\/\/radioleinewelle.de\/wp-content\/uploads\/2020\/09\/tarif_-_warnstreik2_-_c_v_polentz_-_ohne_pin-e1601067396174.jpg\" \/>\n\t<meta property=\"og:image:width\" content=\"600\" \/>\n\t<meta property=\"og:image:height\" content=\"338\" \/>\n\t<meta property=\"og:image:type\" content=\"image\/jpeg\" \/>\n<meta name=\"author\" content=\"Leinewelle\" \/>\n<meta name=\"twitter:card\" content=\"summary_large_image\" \/>\n<meta name=\"twitter:creator\" content=\"@https:\/\/twitter.com\/RLeinewelle?ref_src=twsrcgoogletwcampserptwgrauthor\" \/>\n<meta name=\"twitter:site\" content=\"@RLeinewelle\" \/>\n<meta name=\"twitter:label1\" content=\"Verfasst von\" \/>\n\t<meta name=\"twitter:data1\" content=\"Leinewelle\" \/>\n\t<meta name=\"twitter:label2\" content=\"Gesch\u00e4tzte Lesezeit\" \/>\n\t<meta name=\"twitter:data2\" content=\"2\u00a0Minuten\" \/>\n<script type=\"application\/ld+json\" class=\"yoast-schema-graph\">{\"@context\":\"https:\\\/\\\/schema.org\",\"@graph\":[{\"@type\":\"Article\",\"@id\":\"https:\\\/\\\/radioleinewelle.de\\\/index.php\\\/2020\\\/09\\\/26\\\/warnstreiks-am-dienstag-im-oeffentlichen-nahverkehr\\\/#article\",\"isPartOf\":{\"@id\":\"https:\\\/\\\/radioleinewelle.de\\\/index.php\\\/2020\\\/09\\\/26\\\/warnstreiks-am-dienstag-im-oeffentlichen-nahverkehr\\\/\"},\"author\":{\"name\":\"Leinewelle\",\"@id\":\"https:\\\/\\\/radioleinewelle.de\\\/#\\\/schema\\\/person\\\/45606f348637df637192dc1b68399a63\"},\"headline\":\"Warnstreiks am Dienstag im Nahverkehr und anderen \u00f6ffentlichen Einrichtungen\",\"datePublished\":\"2020-09-26T03:30:34+00:00\",\"mainEntityOfPage\":{\"@id\":\"https:\\\/\\\/radioleinewelle.de\\\/index.php\\\/2020\\\/09\\\/26\\\/warnstreiks-am-dienstag-im-oeffentlichen-nahverkehr\\\/\"},\"wordCount\":312,\"publisher\":{\"@id\":\"https:\\\/\\\/radioleinewelle.de\\\/#organization\"},\"image\":{\"@id\":\"https:\\\/\\\/radioleinewelle.de\\\/index.php\\\/2020\\\/09\\\/26\\\/warnstreiks-am-dienstag-im-oeffentlichen-nahverkehr\\\/#primaryimage\"},\"thumbnailUrl\":\"https:\\\/\\\/radioleinewelle.de\\\/wp-content\\\/uploads\\\/2020\\\/09\\\/tarif_-_warnstreik2_-_c_v_polentz_-_ohne_pin-e1601067396174.jpg\",\"inLanguage\":\"de\"},{\"@type\":\"WebPage\",\"@id\":\"https:\\\/\\\/radioleinewelle.de\\\/index.php\\\/2020\\\/09\\\/26\\\/warnstreiks-am-dienstag-im-oeffentlichen-nahverkehr\\\/\",\"url\":\"https:\\\/\\\/radioleinewelle.de\\\/index.php\\\/2020\\\/09\\\/26\\\/warnstreiks-am-dienstag-im-oeffentlichen-nahverkehr\\\/\",\"name\":\"Warnstreiks am Dienstag im Nahverkehr und anderen \u00f6ffentlichen Einrichtungen - Radio Leinewelle\",\"isPartOf\":{\"@id\":\"https:\\\/\\\/radioleinewelle.de\\\/#website\"},\"primaryImageOfPage\":{\"@id\":\"https:\\\/\\\/radioleinewelle.de\\\/index.php\\\/2020\\\/09\\\/26\\\/warnstreiks-am-dienstag-im-oeffentlichen-nahverkehr\\\/#primaryimage\"},\"image\":{\"@id\":\"https:\\\/\\\/radioleinewelle.de\\\/index.php\\\/2020\\\/09\\\/26\\\/warnstreiks-am-dienstag-im-oeffentlichen-nahverkehr\\\/#primaryimage\"},\"thumbnailUrl\":\"https:\\\/\\\/radioleinewelle.de\\\/wp-content\\\/uploads\\\/2020\\\/09\\\/tarif_-_warnstreik2_-_c_v_polentz_-_ohne_pin-e1601067396174.jpg\",\"datePublished\":\"2020-09-26T03:30:34+00:00\",\"breadcrumb\":{\"@id\":\"https:\\\/\\\/radioleinewelle.de\\\/index.php\\\/2020\\\/09\\\/26\\\/warnstreiks-am-dienstag-im-oeffentlichen-nahverkehr\\\/#breadcrumb\"},\"inLanguage\":\"de\",\"potentialAction\":[{\"@type\":\"ReadAction\",\"target\":[\"https:\\\/\\\/radioleinewelle.de\\\/index.php\\\/2020\\\/09\\\/26\\\/warnstreiks-am-dienstag-im-oeffentlichen-nahverkehr\\\/\"]}]},{\"@type\":\"ImageObject\",\"inLanguage\":\"de\",\"@id\":\"https:\\\/\\\/radioleinewelle.de\\\/index.php\\\/2020\\\/09\\\/26\\\/warnstreiks-am-dienstag-im-oeffentlichen-nahverkehr\\\/#primaryimage\",\"url\":\"https:\\\/\\\/radioleinewelle.de\\\/wp-content\\\/uploads\\\/2020\\\/09\\\/tarif_-_warnstreik2_-_c_v_polentz_-_ohne_pin-e1601067396174.jpg\",\"contentUrl\":\"https:\\\/\\\/radioleinewelle.de\\\/wp-content\\\/uploads\\\/2020\\\/09\\\/tarif_-_warnstreik2_-_c_v_polentz_-_ohne_pin-e1601067396174.jpg\",\"width\":600,\"height\":338},{\"@type\":\"BreadcrumbList\",\"@id\":\"https:\\\/\\\/radioleinewelle.de\\\/index.php\\\/2020\\\/09\\\/26\\\/warnstreiks-am-dienstag-im-oeffentlichen-nahverkehr\\\/#breadcrumb\",\"itemListElement\":[{\"@type\":\"ListItem\",\"position\":1,\"name\":\"Startseite\",\"item\":\"https:\\\/\\\/radioleinewelle.de\\\/\"},{\"@type\":\"ListItem\",\"position\":2,\"name\":\"Warnstreiks am Dienstag im Nahverkehr und anderen \u00f6ffentlichen Einrichtungen\"}]},{\"@type\":\"WebSite\",\"@id\":\"https:\\\/\\\/radioleinewelle.de\\\/#website\",\"url\":\"https:\\\/\\\/radioleinewelle.de\\\/\",\"name\":\"Radio Leinewelle\",\"description\":\"\",\"publisher\":{\"@id\":\"https:\\\/\\\/radioleinewelle.de\\\/#organization\"},\"potentialAction\":[{\"@type\":\"SearchAction\",\"target\":{\"@type\":\"EntryPoint\",\"urlTemplate\":\"https:\\\/\\\/radioleinewelle.de\\\/?s={search_term_string}\"},\"query-input\":{\"@type\":\"PropertyValueSpecification\",\"valueRequired\":true,\"valueName\":\"search_term_string\"}}],\"inLanguage\":\"de\"},{\"@type\":\"Organization\",\"@id\":\"https:\\\/\\\/radioleinewelle.de\\\/#organization\",\"name\":\"Radio Leinewelle\",\"alternateName\":\"Mein Radio f\u00fcr S\u00fcdniedersachsen\",\"url\":\"https:\\\/\\\/radioleinewelle.de\\\/\",\"logo\":{\"@type\":\"ImageObject\",\"inLanguage\":\"de\",\"@id\":\"https:\\\/\\\/radioleinewelle.de\\\/#\\\/schema\\\/logo\\\/image\\\/\",\"url\":\"https:\\\/\\\/radioleinewelle.de\\\/wp-content\\\/uploads\\\/2023\\\/11\\\/cropped-Leinewelle_Logo_weiss.png\",\"contentUrl\":\"https:\\\/\\\/radioleinewelle.de\\\/wp-content\\\/uploads\\\/2023\\\/11\\\/cropped-Leinewelle_Logo_weiss.png\",\"width\":854,\"height\":260,\"caption\":\"Radio Leinewelle\"},\"image\":{\"@id\":\"https:\\\/\\\/radioleinewelle.de\\\/#\\\/schema\\\/logo\\\/image\\\/\"},\"sameAs\":[\"https:\\\/\\\/www.facebook.com\\\/radioleinewelle\",\"https:\\\/\\\/x.com\\\/RLeinewelle\",\"https:\\\/\\\/www.instagram.com\\\/radioleinewelle\\\/?hl=de\"]},{\"@type\":\"Person\",\"@id\":\"https:\\\/\\\/radioleinewelle.de\\\/#\\\/schema\\\/person\\\/45606f348637df637192dc1b68399a63\",\"name\":\"Leinewelle\",\"image\":{\"@type\":\"ImageObject\",\"inLanguage\":\"de\",\"@id\":\"https:\\\/\\\/secure.gravatar.com\\\/avatar\\\/05c9a17bc973052ee5d91549bd32fb4dd0dc85b7b85ae94b2e2b4943476bbea5?s=96&d=blank&r=g\",\"url\":\"https:\\\/\\\/secure.gravatar.com\\\/avatar\\\/05c9a17bc973052ee5d91549bd32fb4dd0dc85b7b85ae94b2e2b4943476bbea5?s=96&d=blank&r=g\",\"contentUrl\":\"https:\\\/\\\/secure.gravatar.com\\\/avatar\\\/05c9a17bc973052ee5d91549bd32fb4dd0dc85b7b85ae94b2e2b4943476bbea5?s=96&d=blank&r=g\",\"caption\":\"Leinewelle\"},\"sameAs\":[\"http:\\\/\\\/localhost\\\/radio%20leinewelle\\\/wordpress\",\"https:\\\/\\\/www.facebook.com\\\/radioleinewelle\",\"https:\\\/\\\/www.instagram.com\\\/radioleinewelle\",\"https:\\\/\\\/x.com\\\/https:\\\/\\\/twitter.com\\\/RLeinewelle?ref_src=twsrcgoogletwcampserptwgrauthor\",\"https:\\\/\\\/soundcloud.com\\\/foerderverein-lokalradio?utm_source=clipboard&utm_medium=text&utm_campaign=social_sharing\"],\"url\":\"https:\\\/\\\/radioleinewelle.de\\\/index.php\\\/author\\\/leinewelle\\\/\"}]}<\/script>\n<!-- \/ Yoast SEO plugin. -->","yoast_head_json":{"title":"Warnstreiks am Dienstag im Nahverkehr und anderen \u00f6ffentlichen Einrichtungen - Radio Leinewelle","robots":{"index":"index","follow":"follow","max-snippet":"max-snippet:-1","max-image-preview":"max-image-preview:large","max-video-preview":"max-video-preview:-1"},"canonical":"https:\/\/radioleinewelle.de\/index.php\/2020\/09\/26\/warnstreiks-am-dienstag-im-oeffentlichen-nahverkehr\/","og_locale":"de_DE","og_type":"article","og_title":"Warnstreiks am Dienstag im Nahverkehr und anderen \u00f6ffentlichen Einrichtungen - Radio Leinewelle","og_description":"Die Vereinigung der kommunalen Arbeitgeberverb\u00e4nde (VKA) hatte sich gegen die Verhandlung \u00fcber einen bundesweiten Rahmentarifvertrag f\u00fcr die Besch\u00e4ftigten des \u00d6PNV ausgesprochen. Die Vereinte Dienstleistungsgewerkschaft (ver.di) reagiert darauf auch im Landesbezirk Niedersachsen\/Bremen mit Streiks. Am kommenden Dienstag, 29. September, werden 6.000 Besch\u00e4ftigten in Hannover, Bremen, Braunschweig, Wolfsburg, G\u00f6ttingen, Goslar und Osnabr\u00fcck von Dienstbeginn bis Dienstschluss zu [&hellip;]","og_url":"https:\/\/radioleinewelle.de\/index.php\/2020\/09\/26\/warnstreiks-am-dienstag-im-oeffentlichen-nahverkehr\/","og_site_name":"Radio Leinewelle","article_publisher":"https:\/\/www.facebook.com\/radioleinewelle","article_author":"https:\/\/www.facebook.com\/radioleinewelle","article_published_time":"2020-09-26T03:30:34+00:00","og_image":[{"width":600,"height":338,"url":"https:\/\/radioleinewelle.de\/wp-content\/uploads\/2020\/09\/tarif_-_warnstreik2_-_c_v_polentz_-_ohne_pin-e1601067396174.jpg","type":"image\/jpeg"}],"author":"Leinewelle","twitter_card":"summary_large_image","twitter_creator":"@https:\/\/twitter.com\/RLeinewelle?ref_src=twsrcgoogletwcampserptwgrauthor","twitter_site":"@RLeinewelle","twitter_misc":{"Verfasst von":"Leinewelle","Gesch\u00e4tzte Lesezeit":"2\u00a0Minuten"},"schema":{"@context":"https:\/\/schema.org","@graph":[{"@type":"Article","@id":"https:\/\/radioleinewelle.de\/index.php\/2020\/09\/26\/warnstreiks-am-dienstag-im-oeffentlichen-nahverkehr\/#article","isPartOf":{"@id":"https:\/\/radioleinewelle.de\/index.php\/2020\/09\/26\/warnstreiks-am-dienstag-im-oeffentlichen-nahverkehr\/"},"author":{"name":"Leinewelle","@id":"https:\/\/radioleinewelle.de\/#\/schema\/person\/45606f348637df637192dc1b68399a63"},"headline":"Warnstreiks am Dienstag im Nahverkehr und anderen \u00f6ffentlichen Einrichtungen","datePublished":"2020-09-26T03:30:34+00:00","mainEntityOfPage":{"@id":"https:\/\/radioleinewelle.de\/index.php\/2020\/09\/26\/warnstreiks-am-dienstag-im-oeffentlichen-nahverkehr\/"},"wordCount":312,"publisher":{"@id":"https:\/\/radioleinewelle.de\/#organization"},"image":{"@id":"https:\/\/radioleinewelle.de\/index.php\/2020\/09\/26\/warnstreiks-am-dienstag-im-oeffentlichen-nahverkehr\/#primaryimage"},"thumbnailUrl":"https:\/\/radioleinewelle.de\/wp-content\/uploads\/2020\/09\/tarif_-_warnstreik2_-_c_v_polentz_-_ohne_pin-e1601067396174.jpg","inLanguage":"de"},{"@type":"WebPage","@id":"https:\/\/radioleinewelle.de\/index.php\/2020\/09\/26\/warnstreiks-am-dienstag-im-oeffentlichen-nahverkehr\/","url":"https:\/\/radioleinewelle.de\/index.php\/2020\/09\/26\/warnstreiks-am-dienstag-im-oeffentlichen-nahverkehr\/","name":"Warnstreiks am Dienstag im Nahverkehr und anderen \u00f6ffentlichen Einrichtungen - Radio Leinewelle","isPartOf":{"@id":"https:\/\/radioleinewelle.de\/#website"},"primaryImageOfPage":{"@id":"https:\/\/radioleinewelle.de\/index.php\/2020\/09\/26\/warnstreiks-am-dienstag-im-oeffentlichen-nahverkehr\/#primaryimage"},"image":{"@id":"https:\/\/radioleinewelle.de\/index.php\/2020\/09\/26\/warnstreiks-am-dienstag-im-oeffentlichen-nahverkehr\/#primaryimage"},"thumbnailUrl":"https:\/\/radioleinewelle.de\/wp-content\/uploads\/2020\/09\/tarif_-_warnstreik2_-_c_v_polentz_-_ohne_pin-e1601067396174.jpg","datePublished":"2020-09-26T03:30:34+00:00","breadcrumb":{"@id":"https:\/\/radioleinewelle.de\/index.php\/2020\/09\/26\/warnstreiks-am-dienstag-im-oeffentlichen-nahverkehr\/#breadcrumb"},"inLanguage":"de","potentialAction":[{"@type":"ReadAction","target":["https:\/\/radioleinewelle.de\/index.php\/2020\/09\/26\/warnstreiks-am-dienstag-im-oeffentlichen-nahverkehr\/"]}]},{"@type":"ImageObject","inLanguage":"de","@id":"https:\/\/radioleinewelle.de\/index.php\/2020\/09\/26\/warnstreiks-am-dienstag-im-oeffentlichen-nahverkehr\/#primaryimage","url":"https:\/\/radioleinewelle.de\/wp-content\/uploads\/2020\/09\/tarif_-_warnstreik2_-_c_v_polentz_-_ohne_pin-e1601067396174.jpg","contentUrl":"https:\/\/radioleinewelle.de\/wp-content\/uploads\/2020\/09\/tarif_-_warnstreik2_-_c_v_polentz_-_ohne_pin-e1601067396174.jpg","width":600,"height":338},{"@type":"BreadcrumbList","@id":"https:\/\/radioleinewelle.de\/index.php\/2020\/09\/26\/warnstreiks-am-dienstag-im-oeffentlichen-nahverkehr\/#breadcrumb","itemListElement":[{"@type":"ListItem","position":1,"name":"Startseite","item":"https:\/\/radioleinewelle.de\/"},{"@type":"ListItem","position":2,"name":"Warnstreiks am Dienstag im Nahverkehr und anderen \u00f6ffentlichen Einrichtungen"}]},{"@type":"WebSite","@id":"https:\/\/radioleinewelle.de\/#website","url":"https:\/\/radioleinewelle.de\/","name":"Radio Leinewelle","description":"","publisher":{"@id":"https:\/\/radioleinewelle.de\/#organization"},"potentialAction":[{"@type":"SearchAction","target":{"@type":"EntryPoint","urlTemplate":"https:\/\/radioleinewelle.de\/?s={search_term_string}"},"query-input":{"@type":"PropertyValueSpecification","valueRequired":true,"valueName":"search_term_string"}}],"inLanguage":"de"},{"@type":"Organization","@id":"https:\/\/radioleinewelle.de\/#organization","name":"Radio Leinewelle","alternateName":"Mein Radio f\u00fcr S\u00fcdniedersachsen","url":"https:\/\/radioleinewelle.de\/","logo":{"@type":"ImageObject","inLanguage":"de","@id":"https:\/\/radioleinewelle.de\/#\/schema\/logo\/image\/","url":"https:\/\/radioleinewelle.de\/wp-content\/uploads\/2023\/11\/cropped-Leinewelle_Logo_weiss.png","contentUrl":"https:\/\/radioleinewelle.de\/wp-content\/uploads\/2023\/11\/cropped-Leinewelle_Logo_weiss.png","width":854,"height":260,"caption":"Radio Leinewelle"},"image":{"@id":"https:\/\/radioleinewelle.de\/#\/schema\/logo\/image\/"},"sameAs":["https:\/\/www.facebook.com\/radioleinewelle","https:\/\/x.com\/RLeinewelle","https:\/\/www.instagram.com\/radioleinewelle\/?hl=de"]},{"@type":"Person","@id":"https:\/\/radioleinewelle.de\/#\/schema\/person\/45606f348637df637192dc1b68399a63","name":"Leinewelle","image":{"@type":"ImageObject","inLanguage":"de","@id":"https:\/\/secure.gravatar.com\/avatar\/05c9a17bc973052ee5d91549bd32fb4dd0dc85b7b85ae94b2e2b4943476bbea5?s=96&d=blank&r=g","url":"https:\/\/secure.gravatar.com\/avatar\/05c9a17bc973052ee5d91549bd32fb4dd0dc85b7b85ae94b2e2b4943476bbea5?s=96&d=blank&r=g","contentUrl":"https:\/\/secure.gravatar.com\/avatar\/05c9a17bc973052ee5d91549bd32fb4dd0dc85b7b85ae94b2e2b4943476bbea5?s=96&d=blank&r=g","caption":"Leinewelle"},"sameAs":["http:\/\/localhost\/radio%20leinewelle\/wordpress","https:\/\/www.facebook.com\/radioleinewelle","https:\/\/www.instagram.com\/radioleinewelle","https:\/\/x.com\/https:\/\/twitter.com\/RLeinewelle?ref_src=twsrcgoogletwcampserptwgrauthor","https:\/\/soundcloud.com\/foerderverein-lokalradio?utm_source=clipboard&utm_medium=text&utm_campaign=social_sharing"],"url":"https:\/\/radioleinewelle.de\/index.php\/author\/leinewelle\/"}]}},"_links":{"self":[{"href":"https:\/\/radioleinewelle.de\/index.php\/wp-json\/wp\/v2\/posts\/1866","targetHints":{"allow":["GET"]}}],"collection":[{"href":"https:\/\/radioleinewelle.de\/index.php\/wp-json\/wp\/v2\/posts"}],"about":[{"href":"https:\/\/radioleinewelle.de\/index.php\/wp-json\/wp\/v2\/types\/post"}],"author":[{"embeddable":true,"href":"https:\/\/radioleinewelle.de\/index.php\/wp-json\/wp\/v2\/users\/1"}],"replies":[{"embeddable":true,"href":"https:\/\/radioleinewelle.de\/index.php\/wp-json\/wp\/v2\/comments?post=1866"}],"version-history":[{"count":0,"href":"https:\/\/radioleinewelle.de\/index.php\/wp-json\/wp\/v2\/posts\/1866\/revisions"}],"wp:featuredmedia":[{"embeddable":true,"href":"https:\/\/radioleinewelle.de\/index.php\/wp-json\/wp\/v2\/media\/1867"}],"wp:attachment":[{"href":"https:\/\/radioleinewelle.de\/index.php\/wp-json\/wp\/v2\/media?parent=1866"}],"wp:term":[{"taxonomy":"category","embeddable":true,"href":"https:\/\/radioleinewelle.de\/index.php\/wp-json\/wp\/v2\/categories?post=1866"},{"taxonomy":"post_tag","embeddable":true,"href":"https:\/\/radioleinewelle.de\/index.php\/wp-json\/wp\/v2\/tags?post=1866"}],"curies":[{"name":"wp","href":"https:\/\/api.w.org\/{rel}","templated":true}]}}