{"id":1870,"date":"2020-09-26T05:49:00","date_gmt":"2020-09-26T03:49:00","guid":{"rendered":"https:\/\/radioleinewelle.de\/?p=1870"},"modified":"2020-09-26T05:49:00","modified_gmt":"2020-09-26T03:49:00","slug":"apocalypse-now-final-cut-im-goettinger-cinemaxx","status":"publish","type":"post","link":"https:\/\/radioleinewelle.de\/index.php\/2020\/09\/26\/apocalypse-now-final-cut-im-goettinger-cinemaxx\/","title":{"rendered":"Apocalypse Now &#8211; Final Cut im G\u00f6ttinger Cinemaxx"},"content":{"rendered":"<p><span class=\"b\">1979 schuf Regisseur Francis Ford Coppola mit APOCALYPSE NOW eines der gr\u00f6\u00dften Meisterwerke der Filmgeschichte. Die Final Cut-Version wurde von Francis Ford Coppola h\u00f6chstpers\u00f6nlich digital restauriert und mit neuen Surround-Toneffekten versehen, die Bomben und Gewehrfeuer besonders plastisch h\u00f6rbar machen. APOCALYPSE NOW &#8211; FINAL CUT findet am 26.09. und 27.09. seinen Weg auf die gro\u00dfe Kinoleinwand ausgew\u00e4hlter CinemaxX Kinos. Tickets f\u00fcr 4,99EUR gibt es auf <\/span><a class=\"uri-ext outbound event-trigger\" href=\"http:\/\/www.cinemaxx.de\/\" target=\"_blank\" data-category=\"story-outlink\" data-label=\"4713508\" data-action=\"click\" data-callback=\"link\" rel=\"noopener\">www.cinemaxx.de<\/a><\/p>\n<p>&#8222;The movie is not about Vietnam. It is Vietnam&#8220;, betonte Coppola 1979 bei der Premiere auf dem Festival von Cannes. Den Wahnsinn des Krieges, den so viele Filme anklagen wollen &#8211; APOCALYPSE NOW stellt diesen Wahnsinn nicht dar, sondern verk\u00f6rpert ihn. CinemaxX bringt in Kooperation mit kino.de nun den hochkar\u00e4tig besetzten Klassiker zur\u00fcck auf die gro\u00dfe Leinwand: An der Seite von Oscar\u00ae-Gewinner Marlon Brando (1972, Bester Hauptdarsteller, DER PATE), Oscar\u00ae-Preistr\u00e4ger Robert Duvall (1983, Bester Hauptdarsteller, COMBACK DER LIEBE) und Golden Globe\u00ae-Gewinner Martin Sheen (2001, Bester Hauptdarsteller &#8211; TV Serie) brillieren die Oscar\u00ae-Nominierten Dennis Hopper (1986, Bester Nebendarsteller) Laurence Fishburne (1993, Bester Hauptdarsteller), und Harrison Ford (1985, Bester Hauptdarsteller). Der Regisseur versetzt Joseph Conrads Klassiker HERZ DER FINSTERNIS ins vom Krieg gezeichnete Vietnam von 1969. Die Geschichte folgt dem Milit\u00e4rpolizisten Captain Willard (Martin Sheen) auf seiner Mission durch die gewaltverseuchten Kampfgebiete Vietnams in Richtung der kambodschanischen Grenze. Ziel ist es, den hochrangigen US-Colonel Kurtz (Marlon Brando) zu liquidieren, der im Dschungel einen schrecklichen Kult f\u00fcr sich erschaffen hat. Auf Willards Reise durch den Wahnsinn und die Absurdit\u00e4ten des Krieges f\u00fchlt er sich jedoch mehr und mehr zum Dschungel selbst hingezogen, und dessen urt\u00fcmlicher, geheimnisvoller Macht&#8230;Tickets f\u00fcr die Final Cut-Version des legend\u00e4ren Films von Francis Ford Coppola gibt es auf <a class=\"uri-ext outbound event-trigger\" href=\"http:\/\/www.cinemaxx.de\/\" target=\"_blank\" data-category=\"story-outlink\" data-label=\"4713508\" data-action=\"click\" data-callback=\"link\" rel=\"noopener\">www.cinemaxx.de<\/a><\/p>\n<p><span class=\"b\">Die Welt hat sich ver\u00e4ndert &#8211; CinemaxX auch.<\/span><\/p>\n<p>Kernbestandteil des Kinobetriebs im neuen Normal ist ein Sicherheits- und Hygienekonzept, das CinemaxX gemeinsam mit seinem Mutterunternehmen Vue International erarbeitet hat, und das den offiziellen gesetzlichen Auflagen entspricht sowie im Einklang mit dem Schutz- und Hygieneplan der Kinoverb\u00e4nde ist.<\/p>\n","protected":false},"excerpt":{"rendered":"<p>1979 schuf Regisseur Francis Ford Coppola mit APOCALYPSE NOW eines der gr\u00f6\u00dften Meisterwerke der Filmgeschichte. Die Final Cut-Version wurde von Francis Ford Coppola h\u00f6chstpers\u00f6nlich digital restauriert und mit neuen Surround-Toneffekten versehen, die Bomben und Gewehrfeuer besonders plastisch h\u00f6rbar machen. APOCALYPSE NOW &#8211; FINAL CUT findet am 26.09. und 27.09. seinen Weg auf die gro\u00dfe Kinoleinwand [&hellip;]<\/p>\n","protected":false},"author":1,"featured_media":0,"comment_status":"closed","ping_status":"closed","sticky":false,"template":"","format":"standard","meta":{"saved_in_kubio":false,"footnotes":""},"categories":[1],"tags":[],"class_list":["post-1870","post","type-post","status-publish","format-standard","hentry","category-allgemein"],"yoast_head":"<!-- This site is optimized with the Yoast SEO plugin v27.5 - https:\/\/yoast.com\/product\/yoast-seo-wordpress\/ -->\n<title>Apocalypse Now - Final Cut im G\u00f6ttinger Cinemaxx - Radio Leinewelle<\/title>\n<meta name=\"robots\" content=\"index, follow, max-snippet:-1, max-image-preview:large, max-video-preview:-1\" \/>\n<link rel=\"canonical\" href=\"https:\/\/radioleinewelle.de\/index.php\/2020\/09\/26\/apocalypse-now-final-cut-im-goettinger-cinemaxx\/\" \/>\n<meta property=\"og:locale\" content=\"de_DE\" \/>\n<meta property=\"og:type\" content=\"article\" \/>\n<meta property=\"og:title\" content=\"Apocalypse Now - Final Cut im G\u00f6ttinger Cinemaxx - Radio Leinewelle\" \/>\n<meta property=\"og:description\" content=\"1979 schuf Regisseur Francis Ford Coppola mit APOCALYPSE NOW eines der gr\u00f6\u00dften Meisterwerke der Filmgeschichte. Die Final Cut-Version wurde von Francis Ford Coppola h\u00f6chstpers\u00f6nlich digital restauriert und mit neuen Surround-Toneffekten versehen, die Bomben und Gewehrfeuer besonders plastisch h\u00f6rbar machen. APOCALYPSE NOW &#8211; FINAL CUT findet am 26.09. und 27.09. seinen Weg auf die gro\u00dfe Kinoleinwand [&hellip;]\" \/>\n<meta property=\"og:url\" content=\"https:\/\/radioleinewelle.de\/index.php\/2020\/09\/26\/apocalypse-now-final-cut-im-goettinger-cinemaxx\/\" \/>\n<meta property=\"og:site_name\" content=\"Radio Leinewelle\" \/>\n<meta property=\"article:publisher\" content=\"https:\/\/www.facebook.com\/radioleinewelle\" \/>\n<meta property=\"article:author\" content=\"https:\/\/www.facebook.com\/radioleinewelle\" \/>\n<meta property=\"article:published_time\" content=\"2020-09-26T03:49:00+00:00\" \/>\n<meta name=\"author\" content=\"Leinewelle\" \/>\n<meta name=\"twitter:card\" content=\"summary_large_image\" \/>\n<meta name=\"twitter:creator\" content=\"@https:\/\/twitter.com\/RLeinewelle?ref_src=twsrcgoogletwcampserptwgrauthor\" \/>\n<meta name=\"twitter:site\" content=\"@RLeinewelle\" \/>\n<meta name=\"twitter:label1\" content=\"Verfasst von\" \/>\n\t<meta name=\"twitter:data1\" content=\"Leinewelle\" \/>\n\t<meta name=\"twitter:label2\" content=\"Gesch\u00e4tzte Lesezeit\" \/>\n\t<meta name=\"twitter:data2\" content=\"2\u00a0Minuten\" \/>\n<script type=\"application\/ld+json\" class=\"yoast-schema-graph\">{\"@context\":\"https:\\\/\\\/schema.org\",\"@graph\":[{\"@type\":\"Article\",\"@id\":\"https:\\\/\\\/radioleinewelle.de\\\/index.php\\\/2020\\\/09\\\/26\\\/apocalypse-now-final-cut-im-goettinger-cinemaxx\\\/#article\",\"isPartOf\":{\"@id\":\"https:\\\/\\\/radioleinewelle.de\\\/index.php\\\/2020\\\/09\\\/26\\\/apocalypse-now-final-cut-im-goettinger-cinemaxx\\\/\"},\"author\":{\"name\":\"Leinewelle\",\"@id\":\"https:\\\/\\\/radioleinewelle.de\\\/#\\\/schema\\\/person\\\/45606f348637df637192dc1b68399a63\"},\"headline\":\"Apocalypse Now &#8211; Final Cut im G\u00f6ttinger Cinemaxx\",\"datePublished\":\"2020-09-26T03:49:00+00:00\",\"mainEntityOfPage\":{\"@id\":\"https:\\\/\\\/radioleinewelle.de\\\/index.php\\\/2020\\\/09\\\/26\\\/apocalypse-now-final-cut-im-goettinger-cinemaxx\\\/\"},\"wordCount\":350,\"publisher\":{\"@id\":\"https:\\\/\\\/radioleinewelle.de\\\/#organization\"},\"inLanguage\":\"de\"},{\"@type\":\"WebPage\",\"@id\":\"https:\\\/\\\/radioleinewelle.de\\\/index.php\\\/2020\\\/09\\\/26\\\/apocalypse-now-final-cut-im-goettinger-cinemaxx\\\/\",\"url\":\"https:\\\/\\\/radioleinewelle.de\\\/index.php\\\/2020\\\/09\\\/26\\\/apocalypse-now-final-cut-im-goettinger-cinemaxx\\\/\",\"name\":\"Apocalypse Now - Final Cut im G\u00f6ttinger Cinemaxx - Radio Leinewelle\",\"isPartOf\":{\"@id\":\"https:\\\/\\\/radioleinewelle.de\\\/#website\"},\"datePublished\":\"2020-09-26T03:49:00+00:00\",\"breadcrumb\":{\"@id\":\"https:\\\/\\\/radioleinewelle.de\\\/index.php\\\/2020\\\/09\\\/26\\\/apocalypse-now-final-cut-im-goettinger-cinemaxx\\\/#breadcrumb\"},\"inLanguage\":\"de\",\"potentialAction\":[{\"@type\":\"ReadAction\",\"target\":[\"https:\\\/\\\/radioleinewelle.de\\\/index.php\\\/2020\\\/09\\\/26\\\/apocalypse-now-final-cut-im-goettinger-cinemaxx\\\/\"]}]},{\"@type\":\"BreadcrumbList\",\"@id\":\"https:\\\/\\\/radioleinewelle.de\\\/index.php\\\/2020\\\/09\\\/26\\\/apocalypse-now-final-cut-im-goettinger-cinemaxx\\\/#breadcrumb\",\"itemListElement\":[{\"@type\":\"ListItem\",\"position\":1,\"name\":\"Startseite\",\"item\":\"https:\\\/\\\/radioleinewelle.de\\\/\"},{\"@type\":\"ListItem\",\"position\":2,\"name\":\"Apocalypse Now &#8211; Final Cut im G\u00f6ttinger Cinemaxx\"}]},{\"@type\":\"WebSite\",\"@id\":\"https:\\\/\\\/radioleinewelle.de\\\/#website\",\"url\":\"https:\\\/\\\/radioleinewelle.de\\\/\",\"name\":\"Radio Leinewelle\",\"description\":\"\",\"publisher\":{\"@id\":\"https:\\\/\\\/radioleinewelle.de\\\/#organization\"},\"potentialAction\":[{\"@type\":\"SearchAction\",\"target\":{\"@type\":\"EntryPoint\",\"urlTemplate\":\"https:\\\/\\\/radioleinewelle.de\\\/?s={search_term_string}\"},\"query-input\":{\"@type\":\"PropertyValueSpecification\",\"valueRequired\":true,\"valueName\":\"search_term_string\"}}],\"inLanguage\":\"de\"},{\"@type\":\"Organization\",\"@id\":\"https:\\\/\\\/radioleinewelle.de\\\/#organization\",\"name\":\"Radio Leinewelle\",\"alternateName\":\"Mein Radio f\u00fcr S\u00fcdniedersachsen\",\"url\":\"https:\\\/\\\/radioleinewelle.de\\\/\",\"logo\":{\"@type\":\"ImageObject\",\"inLanguage\":\"de\",\"@id\":\"https:\\\/\\\/radioleinewelle.de\\\/#\\\/schema\\\/logo\\\/image\\\/\",\"url\":\"https:\\\/\\\/radioleinewelle.de\\\/wp-content\\\/uploads\\\/2023\\\/11\\\/cropped-Leinewelle_Logo_weiss.png\",\"contentUrl\":\"https:\\\/\\\/radioleinewelle.de\\\/wp-content\\\/uploads\\\/2023\\\/11\\\/cropped-Leinewelle_Logo_weiss.png\",\"width\":854,\"height\":260,\"caption\":\"Radio Leinewelle\"},\"image\":{\"@id\":\"https:\\\/\\\/radioleinewelle.de\\\/#\\\/schema\\\/logo\\\/image\\\/\"},\"sameAs\":[\"https:\\\/\\\/www.facebook.com\\\/radioleinewelle\",\"https:\\\/\\\/x.com\\\/RLeinewelle\",\"https:\\\/\\\/www.instagram.com\\\/radioleinewelle\\\/?hl=de\"]},{\"@type\":\"Person\",\"@id\":\"https:\\\/\\\/radioleinewelle.de\\\/#\\\/schema\\\/person\\\/45606f348637df637192dc1b68399a63\",\"name\":\"Leinewelle\",\"image\":{\"@type\":\"ImageObject\",\"inLanguage\":\"de\",\"@id\":\"https:\\\/\\\/secure.gravatar.com\\\/avatar\\\/05c9a17bc973052ee5d91549bd32fb4dd0dc85b7b85ae94b2e2b4943476bbea5?s=96&d=blank&r=g\",\"url\":\"https:\\\/\\\/secure.gravatar.com\\\/avatar\\\/05c9a17bc973052ee5d91549bd32fb4dd0dc85b7b85ae94b2e2b4943476bbea5?s=96&d=blank&r=g\",\"contentUrl\":\"https:\\\/\\\/secure.gravatar.com\\\/avatar\\\/05c9a17bc973052ee5d91549bd32fb4dd0dc85b7b85ae94b2e2b4943476bbea5?s=96&d=blank&r=g\",\"caption\":\"Leinewelle\"},\"sameAs\":[\"http:\\\/\\\/localhost\\\/radio%20leinewelle\\\/wordpress\",\"https:\\\/\\\/www.facebook.com\\\/radioleinewelle\",\"https:\\\/\\\/www.instagram.com\\\/radioleinewelle\",\"https:\\\/\\\/x.com\\\/https:\\\/\\\/twitter.com\\\/RLeinewelle?ref_src=twsrcgoogletwcampserptwgrauthor\",\"https:\\\/\\\/soundcloud.com\\\/foerderverein-lokalradio?utm_source=clipboard&utm_medium=text&utm_campaign=social_sharing\"],\"url\":\"https:\\\/\\\/radioleinewelle.de\\\/index.php\\\/author\\\/leinewelle\\\/\"}]}<\/script>\n<!-- \/ Yoast SEO plugin. -->","yoast_head_json":{"title":"Apocalypse Now - Final Cut im G\u00f6ttinger Cinemaxx - Radio Leinewelle","robots":{"index":"index","follow":"follow","max-snippet":"max-snippet:-1","max-image-preview":"max-image-preview:large","max-video-preview":"max-video-preview:-1"},"canonical":"https:\/\/radioleinewelle.de\/index.php\/2020\/09\/26\/apocalypse-now-final-cut-im-goettinger-cinemaxx\/","og_locale":"de_DE","og_type":"article","og_title":"Apocalypse Now - Final Cut im G\u00f6ttinger Cinemaxx - Radio Leinewelle","og_description":"1979 schuf Regisseur Francis Ford Coppola mit APOCALYPSE NOW eines der gr\u00f6\u00dften Meisterwerke der Filmgeschichte. Die Final Cut-Version wurde von Francis Ford Coppola h\u00f6chstpers\u00f6nlich digital restauriert und mit neuen Surround-Toneffekten versehen, die Bomben und Gewehrfeuer besonders plastisch h\u00f6rbar machen. APOCALYPSE NOW &#8211; FINAL CUT findet am 26.09. und 27.09. seinen Weg auf die gro\u00dfe Kinoleinwand [&hellip;]","og_url":"https:\/\/radioleinewelle.de\/index.php\/2020\/09\/26\/apocalypse-now-final-cut-im-goettinger-cinemaxx\/","og_site_name":"Radio Leinewelle","article_publisher":"https:\/\/www.facebook.com\/radioleinewelle","article_author":"https:\/\/www.facebook.com\/radioleinewelle","article_published_time":"2020-09-26T03:49:00+00:00","author":"Leinewelle","twitter_card":"summary_large_image","twitter_creator":"@https:\/\/twitter.com\/RLeinewelle?ref_src=twsrcgoogletwcampserptwgrauthor","twitter_site":"@RLeinewelle","twitter_misc":{"Verfasst von":"Leinewelle","Gesch\u00e4tzte Lesezeit":"2\u00a0Minuten"},"schema":{"@context":"https:\/\/schema.org","@graph":[{"@type":"Article","@id":"https:\/\/radioleinewelle.de\/index.php\/2020\/09\/26\/apocalypse-now-final-cut-im-goettinger-cinemaxx\/#article","isPartOf":{"@id":"https:\/\/radioleinewelle.de\/index.php\/2020\/09\/26\/apocalypse-now-final-cut-im-goettinger-cinemaxx\/"},"author":{"name":"Leinewelle","@id":"https:\/\/radioleinewelle.de\/#\/schema\/person\/45606f348637df637192dc1b68399a63"},"headline":"Apocalypse Now &#8211; Final Cut im G\u00f6ttinger Cinemaxx","datePublished":"2020-09-26T03:49:00+00:00","mainEntityOfPage":{"@id":"https:\/\/radioleinewelle.de\/index.php\/2020\/09\/26\/apocalypse-now-final-cut-im-goettinger-cinemaxx\/"},"wordCount":350,"publisher":{"@id":"https:\/\/radioleinewelle.de\/#organization"},"inLanguage":"de"},{"@type":"WebPage","@id":"https:\/\/radioleinewelle.de\/index.php\/2020\/09\/26\/apocalypse-now-final-cut-im-goettinger-cinemaxx\/","url":"https:\/\/radioleinewelle.de\/index.php\/2020\/09\/26\/apocalypse-now-final-cut-im-goettinger-cinemaxx\/","name":"Apocalypse Now - Final Cut im G\u00f6ttinger Cinemaxx - Radio Leinewelle","isPartOf":{"@id":"https:\/\/radioleinewelle.de\/#website"},"datePublished":"2020-09-26T03:49:00+00:00","breadcrumb":{"@id":"https:\/\/radioleinewelle.de\/index.php\/2020\/09\/26\/apocalypse-now-final-cut-im-goettinger-cinemaxx\/#breadcrumb"},"inLanguage":"de","potentialAction":[{"@type":"ReadAction","target":["https:\/\/radioleinewelle.de\/index.php\/2020\/09\/26\/apocalypse-now-final-cut-im-goettinger-cinemaxx\/"]}]},{"@type":"BreadcrumbList","@id":"https:\/\/radioleinewelle.de\/index.php\/2020\/09\/26\/apocalypse-now-final-cut-im-goettinger-cinemaxx\/#breadcrumb","itemListElement":[{"@type":"ListItem","position":1,"name":"Startseite","item":"https:\/\/radioleinewelle.de\/"},{"@type":"ListItem","position":2,"name":"Apocalypse Now &#8211; Final Cut im G\u00f6ttinger Cinemaxx"}]},{"@type":"WebSite","@id":"https:\/\/radioleinewelle.de\/#website","url":"https:\/\/radioleinewelle.de\/","name":"Radio Leinewelle","description":"","publisher":{"@id":"https:\/\/radioleinewelle.de\/#organization"},"potentialAction":[{"@type":"SearchAction","target":{"@type":"EntryPoint","urlTemplate":"https:\/\/radioleinewelle.de\/?s={search_term_string}"},"query-input":{"@type":"PropertyValueSpecification","valueRequired":true,"valueName":"search_term_string"}}],"inLanguage":"de"},{"@type":"Organization","@id":"https:\/\/radioleinewelle.de\/#organization","name":"Radio Leinewelle","alternateName":"Mein Radio f\u00fcr S\u00fcdniedersachsen","url":"https:\/\/radioleinewelle.de\/","logo":{"@type":"ImageObject","inLanguage":"de","@id":"https:\/\/radioleinewelle.de\/#\/schema\/logo\/image\/","url":"https:\/\/radioleinewelle.de\/wp-content\/uploads\/2023\/11\/cropped-Leinewelle_Logo_weiss.png","contentUrl":"https:\/\/radioleinewelle.de\/wp-content\/uploads\/2023\/11\/cropped-Leinewelle_Logo_weiss.png","width":854,"height":260,"caption":"Radio Leinewelle"},"image":{"@id":"https:\/\/radioleinewelle.de\/#\/schema\/logo\/image\/"},"sameAs":["https:\/\/www.facebook.com\/radioleinewelle","https:\/\/x.com\/RLeinewelle","https:\/\/www.instagram.com\/radioleinewelle\/?hl=de"]},{"@type":"Person","@id":"https:\/\/radioleinewelle.de\/#\/schema\/person\/45606f348637df637192dc1b68399a63","name":"Leinewelle","image":{"@type":"ImageObject","inLanguage":"de","@id":"https:\/\/secure.gravatar.com\/avatar\/05c9a17bc973052ee5d91549bd32fb4dd0dc85b7b85ae94b2e2b4943476bbea5?s=96&d=blank&r=g","url":"https:\/\/secure.gravatar.com\/avatar\/05c9a17bc973052ee5d91549bd32fb4dd0dc85b7b85ae94b2e2b4943476bbea5?s=96&d=blank&r=g","contentUrl":"https:\/\/secure.gravatar.com\/avatar\/05c9a17bc973052ee5d91549bd32fb4dd0dc85b7b85ae94b2e2b4943476bbea5?s=96&d=blank&r=g","caption":"Leinewelle"},"sameAs":["http:\/\/localhost\/radio%20leinewelle\/wordpress","https:\/\/www.facebook.com\/radioleinewelle","https:\/\/www.instagram.com\/radioleinewelle","https:\/\/x.com\/https:\/\/twitter.com\/RLeinewelle?ref_src=twsrcgoogletwcampserptwgrauthor","https:\/\/soundcloud.com\/foerderverein-lokalradio?utm_source=clipboard&utm_medium=text&utm_campaign=social_sharing"],"url":"https:\/\/radioleinewelle.de\/index.php\/author\/leinewelle\/"}]}},"_links":{"self":[{"href":"https:\/\/radioleinewelle.de\/index.php\/wp-json\/wp\/v2\/posts\/1870","targetHints":{"allow":["GET"]}}],"collection":[{"href":"https:\/\/radioleinewelle.de\/index.php\/wp-json\/wp\/v2\/posts"}],"about":[{"href":"https:\/\/radioleinewelle.de\/index.php\/wp-json\/wp\/v2\/types\/post"}],"author":[{"embeddable":true,"href":"https:\/\/radioleinewelle.de\/index.php\/wp-json\/wp\/v2\/users\/1"}],"replies":[{"embeddable":true,"href":"https:\/\/radioleinewelle.de\/index.php\/wp-json\/wp\/v2\/comments?post=1870"}],"version-history":[{"count":0,"href":"https:\/\/radioleinewelle.de\/index.php\/wp-json\/wp\/v2\/posts\/1870\/revisions"}],"wp:attachment":[{"href":"https:\/\/radioleinewelle.de\/index.php\/wp-json\/wp\/v2\/media?parent=1870"}],"wp:term":[{"taxonomy":"category","embeddable":true,"href":"https:\/\/radioleinewelle.de\/index.php\/wp-json\/wp\/v2\/categories?post=1870"},{"taxonomy":"post_tag","embeddable":true,"href":"https:\/\/radioleinewelle.de\/index.php\/wp-json\/wp\/v2\/tags?post=1870"}],"curies":[{"name":"wp","href":"https:\/\/api.w.org\/{rel}","templated":true}]}}