{"id":1881,"date":"2020-09-28T05:30:11","date_gmt":"2020-09-28T03:30:11","guid":{"rendered":"https:\/\/radioleinewelle.de\/?p=1881"},"modified":"2020-09-28T05:30:11","modified_gmt":"2020-09-28T03:30:11","slug":"das-gaenseliesel-fuer-2021steht-fest","status":"publish","type":"post","link":"https:\/\/radioleinewelle.de\/index.php\/2020\/09\/28\/das-gaenseliesel-fuer-2021steht-fest\/","title":{"rendered":"Das G\u00e4nseliesel f\u00fcr 2021 steht fest"},"content":{"rendered":"<p>Kerstin Albrecht l\u00f6st Jana Domeyer als amtierendes G\u00e4nseliesel ab, Iryna Popova stellt sich ein weiteres Jahr als Stellvertreterin zur Verf\u00fcgung und auch Hanna Schleevoigt bleibt bis September 2021 Mini-G\u00e4nseliesel.\u00a0Im Kreise ihrer G\u00e4nseliesel-Kolleginnen und Pro-City-Vertreterinnen hat Jana Domeyer heute vor dem bronzenen Original auf dem Marktplatz den Staffelstab als amtierendes G\u00e4nseliesel an Kerstin Albrecht \u00fcbergeben. Eigentlich h\u00e4tte diesen Sonntag das G\u00e4nseliesel-Fest stattfinden sollen, das Corona-bedingt jedoch abgesagt werden musste. Domeyer war auf dem G\u00e4nseliesel-Fest 2019 f\u00fcr ein Jahr zur lebenden Repr\u00e4sentantin des G\u00f6ttinger Wahrzeichens gew\u00e4hlt worden. Kerstin Albrecht und Iryna Popova wurden ihre Stellvertreterinnen, Hanna Schleevoigt \u201eMini-G\u00e4nseliesel\u201c. Da dieses Jahr keine K\u00fcr eines neuen G\u00e4nseliesels stattfinden konnte, hat sich Albrecht bereit erkl\u00e4rt, die Rolle von Domeyer bis 2021 zu \u00fcbernehmen. Ihr Deb\u00fct hatte sie bereits am 29. August bei der Auszeichnung der G\u00f6ttinger \u201eWonneproppen\u201c. Popova wird Albrecht in dieser Zeit vertreten und auch Hanna Schleevoigt bleibt bis n\u00e4chsten September Mini-G\u00e4nseliesel.<\/p>\n<p>\u201eWir bedanken uns ganz herzlich f\u00fcr Jana Domeyers Einsatz, die sympathisch, offen und engagiert eine tolle Botschafterin f\u00fcr G\u00f6ttingen und die G\u00f6ttinger Innenstadt gewesen ist\u201c, sagt Elisabeth von Alvensleben, Interims-Gesch\u00e4ftsf\u00fchrerin der Pro-City GmbH, die die K\u00fcr des G\u00e4nseliesels und das G\u00e4nseliesel-Fest organisiert. \u201eNat\u00fcrlich freuen wir uns sehr, dass uns Kerstin, Iryna und Hanna ein weiteres Jahr erhalten bleiben und hoffen darauf, dass sie viele Gelegenheiten erhalten, G\u00f6ttingen zu repr\u00e4sentieren.\u201c Weil aufgrund der Corona-Krise viele Veranstaltungen abgesagt werden mussten, habe es f\u00fcr die G\u00e4nseliesel in den letzten Monaten leider weniger Auftrittsanl\u00e4sse als \u00fcblich gegeben. \u201eDas ist verst\u00e4ndlicherweise ein bisschen entt\u00e4uschend gewesen \u2013 deswegen dr\u00fccken wir besonders die Daumen f\u00fcr das kommende Jahr\u201c, erg\u00e4nzt von Alvensleben.<\/p>\n<p>Foto: Pro City<\/p>\n<p>&nbsp;<\/p>\n","protected":false},"excerpt":{"rendered":"<p>Kerstin Albrecht l\u00f6st Jana Domeyer als amtierendes G\u00e4nseliesel ab, Iryna Popova stellt sich ein weiteres Jahr als Stellvertreterin zur Verf\u00fcgung und auch Hanna Schleevoigt bleibt bis September 2021 Mini-G\u00e4nseliesel.\u00a0Im Kreise ihrer G\u00e4nseliesel-Kolleginnen und Pro-City-Vertreterinnen hat Jana Domeyer heute vor dem bronzenen Original auf dem Marktplatz den Staffelstab als amtierendes G\u00e4nseliesel an Kerstin Albrecht \u00fcbergeben. Eigentlich [&hellip;]<\/p>\n","protected":false},"author":1,"featured_media":1882,"comment_status":"closed","ping_status":"closed","sticky":false,"template":"","format":"standard","meta":{"saved_in_kubio":false,"footnotes":""},"categories":[1],"tags":[],"class_list":["post-1881","post","type-post","status-publish","format-standard","has-post-thumbnail","hentry","category-allgemein"],"yoast_head":"<!-- This site is optimized with the Yoast SEO plugin v27.5 - https:\/\/yoast.com\/product\/yoast-seo-wordpress\/ -->\n<title>Das G\u00e4nseliesel f\u00fcr 2021 steht fest - Radio Leinewelle<\/title>\n<meta name=\"robots\" content=\"index, follow, max-snippet:-1, max-image-preview:large, max-video-preview:-1\" \/>\n<link rel=\"canonical\" href=\"https:\/\/radioleinewelle.de\/index.php\/2020\/09\/28\/das-gaenseliesel-fuer-2021steht-fest\/\" \/>\n<meta property=\"og:locale\" content=\"de_DE\" \/>\n<meta property=\"og:type\" content=\"article\" \/>\n<meta property=\"og:title\" content=\"Das G\u00e4nseliesel f\u00fcr 2021 steht fest - Radio Leinewelle\" \/>\n<meta property=\"og:description\" content=\"Kerstin Albrecht l\u00f6st Jana Domeyer als amtierendes G\u00e4nseliesel ab, Iryna Popova stellt sich ein weiteres Jahr als Stellvertreterin zur Verf\u00fcgung und auch Hanna Schleevoigt bleibt bis September 2021 Mini-G\u00e4nseliesel.\u00a0Im Kreise ihrer G\u00e4nseliesel-Kolleginnen und Pro-City-Vertreterinnen hat Jana Domeyer heute vor dem bronzenen Original auf dem Marktplatz den Staffelstab als amtierendes G\u00e4nseliesel an Kerstin Albrecht \u00fcbergeben. Eigentlich [&hellip;]\" \/>\n<meta property=\"og:url\" content=\"https:\/\/radioleinewelle.de\/index.php\/2020\/09\/28\/das-gaenseliesel-fuer-2021steht-fest\/\" \/>\n<meta property=\"og:site_name\" content=\"Radio Leinewelle\" \/>\n<meta property=\"article:publisher\" content=\"https:\/\/www.facebook.com\/radioleinewelle\" \/>\n<meta property=\"article:author\" content=\"https:\/\/www.facebook.com\/radioleinewelle\" \/>\n<meta property=\"article:published_time\" content=\"2020-09-28T03:30:11+00:00\" \/>\n<meta property=\"og:image\" content=\"https:\/\/radioleinewelle.de\/wp-content\/uploads\/2020\/09\/gaenseliesel2020-1-e1601203231310.jpg\" \/>\n\t<meta property=\"og:image:width\" content=\"578\" \/>\n\t<meta property=\"og:image:height\" content=\"522\" \/>\n\t<meta property=\"og:image:type\" content=\"image\/jpeg\" \/>\n<meta name=\"author\" content=\"Leinewelle\" \/>\n<meta name=\"twitter:card\" content=\"summary_large_image\" \/>\n<meta name=\"twitter:creator\" content=\"@https:\/\/twitter.com\/RLeinewelle?ref_src=twsrcgoogletwcampserptwgrauthor\" \/>\n<meta name=\"twitter:site\" content=\"@RLeinewelle\" \/>\n<meta name=\"twitter:label1\" content=\"Verfasst von\" \/>\n\t<meta name=\"twitter:data1\" content=\"Leinewelle\" \/>\n\t<meta name=\"twitter:label2\" content=\"Gesch\u00e4tzte Lesezeit\" \/>\n\t<meta name=\"twitter:data2\" content=\"2\u00a0Minuten\" \/>\n<script type=\"application\/ld+json\" class=\"yoast-schema-graph\">{\"@context\":\"https:\\\/\\\/schema.org\",\"@graph\":[{\"@type\":\"Article\",\"@id\":\"https:\\\/\\\/radioleinewelle.de\\\/index.php\\\/2020\\\/09\\\/28\\\/das-gaenseliesel-fuer-2021steht-fest\\\/#article\",\"isPartOf\":{\"@id\":\"https:\\\/\\\/radioleinewelle.de\\\/index.php\\\/2020\\\/09\\\/28\\\/das-gaenseliesel-fuer-2021steht-fest\\\/\"},\"author\":{\"name\":\"Leinewelle\",\"@id\":\"https:\\\/\\\/radioleinewelle.de\\\/#\\\/schema\\\/person\\\/45606f348637df637192dc1b68399a63\"},\"headline\":\"Das G\u00e4nseliesel f\u00fcr 2021 steht fest\",\"datePublished\":\"2020-09-28T03:30:11+00:00\",\"mainEntityOfPage\":{\"@id\":\"https:\\\/\\\/radioleinewelle.de\\\/index.php\\\/2020\\\/09\\\/28\\\/das-gaenseliesel-fuer-2021steht-fest\\\/\"},\"wordCount\":311,\"publisher\":{\"@id\":\"https:\\\/\\\/radioleinewelle.de\\\/#organization\"},\"image\":{\"@id\":\"https:\\\/\\\/radioleinewelle.de\\\/index.php\\\/2020\\\/09\\\/28\\\/das-gaenseliesel-fuer-2021steht-fest\\\/#primaryimage\"},\"thumbnailUrl\":\"https:\\\/\\\/radioleinewelle.de\\\/wp-content\\\/uploads\\\/2020\\\/09\\\/gaenseliesel2020-1-e1601203231310.jpg\",\"inLanguage\":\"de\"},{\"@type\":\"WebPage\",\"@id\":\"https:\\\/\\\/radioleinewelle.de\\\/index.php\\\/2020\\\/09\\\/28\\\/das-gaenseliesel-fuer-2021steht-fest\\\/\",\"url\":\"https:\\\/\\\/radioleinewelle.de\\\/index.php\\\/2020\\\/09\\\/28\\\/das-gaenseliesel-fuer-2021steht-fest\\\/\",\"name\":\"Das G\u00e4nseliesel f\u00fcr 2021 steht fest - Radio Leinewelle\",\"isPartOf\":{\"@id\":\"https:\\\/\\\/radioleinewelle.de\\\/#website\"},\"primaryImageOfPage\":{\"@id\":\"https:\\\/\\\/radioleinewelle.de\\\/index.php\\\/2020\\\/09\\\/28\\\/das-gaenseliesel-fuer-2021steht-fest\\\/#primaryimage\"},\"image\":{\"@id\":\"https:\\\/\\\/radioleinewelle.de\\\/index.php\\\/2020\\\/09\\\/28\\\/das-gaenseliesel-fuer-2021steht-fest\\\/#primaryimage\"},\"thumbnailUrl\":\"https:\\\/\\\/radioleinewelle.de\\\/wp-content\\\/uploads\\\/2020\\\/09\\\/gaenseliesel2020-1-e1601203231310.jpg\",\"datePublished\":\"2020-09-28T03:30:11+00:00\",\"breadcrumb\":{\"@id\":\"https:\\\/\\\/radioleinewelle.de\\\/index.php\\\/2020\\\/09\\\/28\\\/das-gaenseliesel-fuer-2021steht-fest\\\/#breadcrumb\"},\"inLanguage\":\"de\",\"potentialAction\":[{\"@type\":\"ReadAction\",\"target\":[\"https:\\\/\\\/radioleinewelle.de\\\/index.php\\\/2020\\\/09\\\/28\\\/das-gaenseliesel-fuer-2021steht-fest\\\/\"]}]},{\"@type\":\"ImageObject\",\"inLanguage\":\"de\",\"@id\":\"https:\\\/\\\/radioleinewelle.de\\\/index.php\\\/2020\\\/09\\\/28\\\/das-gaenseliesel-fuer-2021steht-fest\\\/#primaryimage\",\"url\":\"https:\\\/\\\/radioleinewelle.de\\\/wp-content\\\/uploads\\\/2020\\\/09\\\/gaenseliesel2020-1-e1601203231310.jpg\",\"contentUrl\":\"https:\\\/\\\/radioleinewelle.de\\\/wp-content\\\/uploads\\\/2020\\\/09\\\/gaenseliesel2020-1-e1601203231310.jpg\",\"width\":578,\"height\":522},{\"@type\":\"BreadcrumbList\",\"@id\":\"https:\\\/\\\/radioleinewelle.de\\\/index.php\\\/2020\\\/09\\\/28\\\/das-gaenseliesel-fuer-2021steht-fest\\\/#breadcrumb\",\"itemListElement\":[{\"@type\":\"ListItem\",\"position\":1,\"name\":\"Startseite\",\"item\":\"https:\\\/\\\/radioleinewelle.de\\\/\"},{\"@type\":\"ListItem\",\"position\":2,\"name\":\"Das G\u00e4nseliesel f\u00fcr 2021 steht fest\"}]},{\"@type\":\"WebSite\",\"@id\":\"https:\\\/\\\/radioleinewelle.de\\\/#website\",\"url\":\"https:\\\/\\\/radioleinewelle.de\\\/\",\"name\":\"Radio Leinewelle\",\"description\":\"\",\"publisher\":{\"@id\":\"https:\\\/\\\/radioleinewelle.de\\\/#organization\"},\"potentialAction\":[{\"@type\":\"SearchAction\",\"target\":{\"@type\":\"EntryPoint\",\"urlTemplate\":\"https:\\\/\\\/radioleinewelle.de\\\/?s={search_term_string}\"},\"query-input\":{\"@type\":\"PropertyValueSpecification\",\"valueRequired\":true,\"valueName\":\"search_term_string\"}}],\"inLanguage\":\"de\"},{\"@type\":\"Organization\",\"@id\":\"https:\\\/\\\/radioleinewelle.de\\\/#organization\",\"name\":\"Radio Leinewelle\",\"alternateName\":\"Mein Radio f\u00fcr S\u00fcdniedersachsen\",\"url\":\"https:\\\/\\\/radioleinewelle.de\\\/\",\"logo\":{\"@type\":\"ImageObject\",\"inLanguage\":\"de\",\"@id\":\"https:\\\/\\\/radioleinewelle.de\\\/#\\\/schema\\\/logo\\\/image\\\/\",\"url\":\"https:\\\/\\\/radioleinewelle.de\\\/wp-content\\\/uploads\\\/2023\\\/11\\\/cropped-Leinewelle_Logo_weiss.png\",\"contentUrl\":\"https:\\\/\\\/radioleinewelle.de\\\/wp-content\\\/uploads\\\/2023\\\/11\\\/cropped-Leinewelle_Logo_weiss.png\",\"width\":854,\"height\":260,\"caption\":\"Radio Leinewelle\"},\"image\":{\"@id\":\"https:\\\/\\\/radioleinewelle.de\\\/#\\\/schema\\\/logo\\\/image\\\/\"},\"sameAs\":[\"https:\\\/\\\/www.facebook.com\\\/radioleinewelle\",\"https:\\\/\\\/x.com\\\/RLeinewelle\",\"https:\\\/\\\/www.instagram.com\\\/radioleinewelle\\\/?hl=de\"]},{\"@type\":\"Person\",\"@id\":\"https:\\\/\\\/radioleinewelle.de\\\/#\\\/schema\\\/person\\\/45606f348637df637192dc1b68399a63\",\"name\":\"Leinewelle\",\"image\":{\"@type\":\"ImageObject\",\"inLanguage\":\"de\",\"@id\":\"https:\\\/\\\/secure.gravatar.com\\\/avatar\\\/05c9a17bc973052ee5d91549bd32fb4dd0dc85b7b85ae94b2e2b4943476bbea5?s=96&d=blank&r=g\",\"url\":\"https:\\\/\\\/secure.gravatar.com\\\/avatar\\\/05c9a17bc973052ee5d91549bd32fb4dd0dc85b7b85ae94b2e2b4943476bbea5?s=96&d=blank&r=g\",\"contentUrl\":\"https:\\\/\\\/secure.gravatar.com\\\/avatar\\\/05c9a17bc973052ee5d91549bd32fb4dd0dc85b7b85ae94b2e2b4943476bbea5?s=96&d=blank&r=g\",\"caption\":\"Leinewelle\"},\"sameAs\":[\"http:\\\/\\\/localhost\\\/radio%20leinewelle\\\/wordpress\",\"https:\\\/\\\/www.facebook.com\\\/radioleinewelle\",\"https:\\\/\\\/www.instagram.com\\\/radioleinewelle\",\"https:\\\/\\\/x.com\\\/https:\\\/\\\/twitter.com\\\/RLeinewelle?ref_src=twsrcgoogletwcampserptwgrauthor\",\"https:\\\/\\\/soundcloud.com\\\/foerderverein-lokalradio?utm_source=clipboard&utm_medium=text&utm_campaign=social_sharing\"],\"url\":\"https:\\\/\\\/radioleinewelle.de\\\/index.php\\\/author\\\/leinewelle\\\/\"}]}<\/script>\n<!-- \/ Yoast SEO plugin. -->","yoast_head_json":{"title":"Das G\u00e4nseliesel f\u00fcr 2021 steht fest - Radio Leinewelle","robots":{"index":"index","follow":"follow","max-snippet":"max-snippet:-1","max-image-preview":"max-image-preview:large","max-video-preview":"max-video-preview:-1"},"canonical":"https:\/\/radioleinewelle.de\/index.php\/2020\/09\/28\/das-gaenseliesel-fuer-2021steht-fest\/","og_locale":"de_DE","og_type":"article","og_title":"Das G\u00e4nseliesel f\u00fcr 2021 steht fest - Radio Leinewelle","og_description":"Kerstin Albrecht l\u00f6st Jana Domeyer als amtierendes G\u00e4nseliesel ab, Iryna Popova stellt sich ein weiteres Jahr als Stellvertreterin zur Verf\u00fcgung und auch Hanna Schleevoigt bleibt bis September 2021 Mini-G\u00e4nseliesel.\u00a0Im Kreise ihrer G\u00e4nseliesel-Kolleginnen und Pro-City-Vertreterinnen hat Jana Domeyer heute vor dem bronzenen Original auf dem Marktplatz den Staffelstab als amtierendes G\u00e4nseliesel an Kerstin Albrecht \u00fcbergeben. Eigentlich [&hellip;]","og_url":"https:\/\/radioleinewelle.de\/index.php\/2020\/09\/28\/das-gaenseliesel-fuer-2021steht-fest\/","og_site_name":"Radio Leinewelle","article_publisher":"https:\/\/www.facebook.com\/radioleinewelle","article_author":"https:\/\/www.facebook.com\/radioleinewelle","article_published_time":"2020-09-28T03:30:11+00:00","og_image":[{"width":578,"height":522,"url":"https:\/\/radioleinewelle.de\/wp-content\/uploads\/2020\/09\/gaenseliesel2020-1-e1601203231310.jpg","type":"image\/jpeg"}],"author":"Leinewelle","twitter_card":"summary_large_image","twitter_creator":"@https:\/\/twitter.com\/RLeinewelle?ref_src=twsrcgoogletwcampserptwgrauthor","twitter_site":"@RLeinewelle","twitter_misc":{"Verfasst von":"Leinewelle","Gesch\u00e4tzte Lesezeit":"2\u00a0Minuten"},"schema":{"@context":"https:\/\/schema.org","@graph":[{"@type":"Article","@id":"https:\/\/radioleinewelle.de\/index.php\/2020\/09\/28\/das-gaenseliesel-fuer-2021steht-fest\/#article","isPartOf":{"@id":"https:\/\/radioleinewelle.de\/index.php\/2020\/09\/28\/das-gaenseliesel-fuer-2021steht-fest\/"},"author":{"name":"Leinewelle","@id":"https:\/\/radioleinewelle.de\/#\/schema\/person\/45606f348637df637192dc1b68399a63"},"headline":"Das G\u00e4nseliesel f\u00fcr 2021 steht fest","datePublished":"2020-09-28T03:30:11+00:00","mainEntityOfPage":{"@id":"https:\/\/radioleinewelle.de\/index.php\/2020\/09\/28\/das-gaenseliesel-fuer-2021steht-fest\/"},"wordCount":311,"publisher":{"@id":"https:\/\/radioleinewelle.de\/#organization"},"image":{"@id":"https:\/\/radioleinewelle.de\/index.php\/2020\/09\/28\/das-gaenseliesel-fuer-2021steht-fest\/#primaryimage"},"thumbnailUrl":"https:\/\/radioleinewelle.de\/wp-content\/uploads\/2020\/09\/gaenseliesel2020-1-e1601203231310.jpg","inLanguage":"de"},{"@type":"WebPage","@id":"https:\/\/radioleinewelle.de\/index.php\/2020\/09\/28\/das-gaenseliesel-fuer-2021steht-fest\/","url":"https:\/\/radioleinewelle.de\/index.php\/2020\/09\/28\/das-gaenseliesel-fuer-2021steht-fest\/","name":"Das G\u00e4nseliesel f\u00fcr 2021 steht fest - Radio Leinewelle","isPartOf":{"@id":"https:\/\/radioleinewelle.de\/#website"},"primaryImageOfPage":{"@id":"https:\/\/radioleinewelle.de\/index.php\/2020\/09\/28\/das-gaenseliesel-fuer-2021steht-fest\/#primaryimage"},"image":{"@id":"https:\/\/radioleinewelle.de\/index.php\/2020\/09\/28\/das-gaenseliesel-fuer-2021steht-fest\/#primaryimage"},"thumbnailUrl":"https:\/\/radioleinewelle.de\/wp-content\/uploads\/2020\/09\/gaenseliesel2020-1-e1601203231310.jpg","datePublished":"2020-09-28T03:30:11+00:00","breadcrumb":{"@id":"https:\/\/radioleinewelle.de\/index.php\/2020\/09\/28\/das-gaenseliesel-fuer-2021steht-fest\/#breadcrumb"},"inLanguage":"de","potentialAction":[{"@type":"ReadAction","target":["https:\/\/radioleinewelle.de\/index.php\/2020\/09\/28\/das-gaenseliesel-fuer-2021steht-fest\/"]}]},{"@type":"ImageObject","inLanguage":"de","@id":"https:\/\/radioleinewelle.de\/index.php\/2020\/09\/28\/das-gaenseliesel-fuer-2021steht-fest\/#primaryimage","url":"https:\/\/radioleinewelle.de\/wp-content\/uploads\/2020\/09\/gaenseliesel2020-1-e1601203231310.jpg","contentUrl":"https:\/\/radioleinewelle.de\/wp-content\/uploads\/2020\/09\/gaenseliesel2020-1-e1601203231310.jpg","width":578,"height":522},{"@type":"BreadcrumbList","@id":"https:\/\/radioleinewelle.de\/index.php\/2020\/09\/28\/das-gaenseliesel-fuer-2021steht-fest\/#breadcrumb","itemListElement":[{"@type":"ListItem","position":1,"name":"Startseite","item":"https:\/\/radioleinewelle.de\/"},{"@type":"ListItem","position":2,"name":"Das G\u00e4nseliesel f\u00fcr 2021 steht fest"}]},{"@type":"WebSite","@id":"https:\/\/radioleinewelle.de\/#website","url":"https:\/\/radioleinewelle.de\/","name":"Radio Leinewelle","description":"","publisher":{"@id":"https:\/\/radioleinewelle.de\/#organization"},"potentialAction":[{"@type":"SearchAction","target":{"@type":"EntryPoint","urlTemplate":"https:\/\/radioleinewelle.de\/?s={search_term_string}"},"query-input":{"@type":"PropertyValueSpecification","valueRequired":true,"valueName":"search_term_string"}}],"inLanguage":"de"},{"@type":"Organization","@id":"https:\/\/radioleinewelle.de\/#organization","name":"Radio Leinewelle","alternateName":"Mein Radio f\u00fcr S\u00fcdniedersachsen","url":"https:\/\/radioleinewelle.de\/","logo":{"@type":"ImageObject","inLanguage":"de","@id":"https:\/\/radioleinewelle.de\/#\/schema\/logo\/image\/","url":"https:\/\/radioleinewelle.de\/wp-content\/uploads\/2023\/11\/cropped-Leinewelle_Logo_weiss.png","contentUrl":"https:\/\/radioleinewelle.de\/wp-content\/uploads\/2023\/11\/cropped-Leinewelle_Logo_weiss.png","width":854,"height":260,"caption":"Radio Leinewelle"},"image":{"@id":"https:\/\/radioleinewelle.de\/#\/schema\/logo\/image\/"},"sameAs":["https:\/\/www.facebook.com\/radioleinewelle","https:\/\/x.com\/RLeinewelle","https:\/\/www.instagram.com\/radioleinewelle\/?hl=de"]},{"@type":"Person","@id":"https:\/\/radioleinewelle.de\/#\/schema\/person\/45606f348637df637192dc1b68399a63","name":"Leinewelle","image":{"@type":"ImageObject","inLanguage":"de","@id":"https:\/\/secure.gravatar.com\/avatar\/05c9a17bc973052ee5d91549bd32fb4dd0dc85b7b85ae94b2e2b4943476bbea5?s=96&d=blank&r=g","url":"https:\/\/secure.gravatar.com\/avatar\/05c9a17bc973052ee5d91549bd32fb4dd0dc85b7b85ae94b2e2b4943476bbea5?s=96&d=blank&r=g","contentUrl":"https:\/\/secure.gravatar.com\/avatar\/05c9a17bc973052ee5d91549bd32fb4dd0dc85b7b85ae94b2e2b4943476bbea5?s=96&d=blank&r=g","caption":"Leinewelle"},"sameAs":["http:\/\/localhost\/radio%20leinewelle\/wordpress","https:\/\/www.facebook.com\/radioleinewelle","https:\/\/www.instagram.com\/radioleinewelle","https:\/\/x.com\/https:\/\/twitter.com\/RLeinewelle?ref_src=twsrcgoogletwcampserptwgrauthor","https:\/\/soundcloud.com\/foerderverein-lokalradio?utm_source=clipboard&utm_medium=text&utm_campaign=social_sharing"],"url":"https:\/\/radioleinewelle.de\/index.php\/author\/leinewelle\/"}]}},"_links":{"self":[{"href":"https:\/\/radioleinewelle.de\/index.php\/wp-json\/wp\/v2\/posts\/1881","targetHints":{"allow":["GET"]}}],"collection":[{"href":"https:\/\/radioleinewelle.de\/index.php\/wp-json\/wp\/v2\/posts"}],"about":[{"href":"https:\/\/radioleinewelle.de\/index.php\/wp-json\/wp\/v2\/types\/post"}],"author":[{"embeddable":true,"href":"https:\/\/radioleinewelle.de\/index.php\/wp-json\/wp\/v2\/users\/1"}],"replies":[{"embeddable":true,"href":"https:\/\/radioleinewelle.de\/index.php\/wp-json\/wp\/v2\/comments?post=1881"}],"version-history":[{"count":0,"href":"https:\/\/radioleinewelle.de\/index.php\/wp-json\/wp\/v2\/posts\/1881\/revisions"}],"wp:featuredmedia":[{"embeddable":true,"href":"https:\/\/radioleinewelle.de\/index.php\/wp-json\/wp\/v2\/media\/1882"}],"wp:attachment":[{"href":"https:\/\/radioleinewelle.de\/index.php\/wp-json\/wp\/v2\/media?parent=1881"}],"wp:term":[{"taxonomy":"category","embeddable":true,"href":"https:\/\/radioleinewelle.de\/index.php\/wp-json\/wp\/v2\/categories?post=1881"},{"taxonomy":"post_tag","embeddable":true,"href":"https:\/\/radioleinewelle.de\/index.php\/wp-json\/wp\/v2\/tags?post=1881"}],"curies":[{"name":"wp","href":"https:\/\/api.w.org\/{rel}","templated":true}]}}