{"id":1892,"date":"2020-09-27T22:55:39","date_gmt":"2020-09-27T20:55:39","guid":{"rendered":"https:\/\/radioleinewelle.de\/?p=1892"},"modified":"2020-09-27T22:55:39","modified_gmt":"2020-09-27T20:55:39","slug":"die-jusos-goettingen-haben-amina-yousaf-als-ihre-kandidatin-fuer-den-bundestag-nominiert","status":"publish","type":"post","link":"https:\/\/radioleinewelle.de\/index.php\/2020\/09\/27\/die-jusos-goettingen-haben-amina-yousaf-als-ihre-kandidatin-fuer-den-bundestag-nominiert\/","title":{"rendered":"Die Jusos G\u00f6ttingen haben Amina Yousaf als ihre Kandidatin f\u00fcr den Bundestag nominiert."},"content":{"rendered":"<p>Das verspricht spannend zu werden: die Jusos G\u00f6ttingen haben <strong>Amina Yousaf<\/strong> als ihre Kandidatin f\u00fcr den Bundestag nominiert. \u201cWir sind froh, dass wir mit Amina eine junge linke Kandidatin haben, die sich schon seit Jahren in G\u00f6ttingen f\u00fcr Feminismus und Antifaschismus einsetzt und gut in der Stadt und dar\u00fcber hinaus vernetzt ist.\u201d, erkl\u00e4rt Hannah Di\u00dfelbeck, Vorsitzende der Jusos. Amina Yousaf begann ihr Parteiengagement selbst bei den Jusos und auch wenn sie mittlerweile vermehrt in der SPD unterwegs ist, trifft man sie auch immer wieder bei Juso Veranstaltungen an. Sei es, wenn sie einen der ersten digitalen Workshops zur Corona-Zeit zum Thema Netzfeminismus h\u00e4lt oder tatkr\u00e4ftig im Wahlkampf unterst\u00fctzt. Das wei\u00df die Jugendorganisation zu sch\u00e4tzen. \u201cWir k\u00f6nnen uns seit Jahren auf Amina verlassen. Mit ihr k\u00f6nnen wir es schaffen eine starke Meinung zu wichtigen Themen in den Bundestag zu bringen\u201d, erl\u00e4utert Nina Nellen, Kassiererin des Juso Unterbezirks. \u201cAmina steht f\u00fcr einen bedingungslosen Kampf gegen Rechts, gelebte Gleichstellungspolitk und Mut zu Neuem\u201d, f\u00fchrt sie fort, \u201cGenau das brauchen wir in der n\u00e4chsten Legislatur unbedingt!\u201d. Und auch Amina Yousaf ist gl\u00fccklich \u00fcber die Nominierung: \u201cDie Jusos sind meine politische Heimat: Ich freue mich dar\u00fcber, dass sie mir vertrauen und mich nominiert haben und hoffe, dass wir n\u00e4chstes Jahr gemeinsam f\u00fcr meinen Einzug in den Bundestag k\u00e4mpfen k\u00f6nnen.\u201d Bis dahin m\u00fcssen noch Vorstellungsrunden im Wahlkreis und anschlie\u00dfend die Nominierungsveranstaltung bew\u00e4ltigt werden. Die Jusos G\u00f6ttingen und Amina Yousaf sind bereit und freuen sich auf ein faires und spannendes Verfahren.<\/p>\n<p>Foto: Jusos G\u00f6ttingen<\/p>\n","protected":false},"excerpt":{"rendered":"<p>Das verspricht spannend zu werden: die Jusos G\u00f6ttingen haben Amina Yousaf als ihre Kandidatin f\u00fcr den Bundestag nominiert. \u201cWir sind froh, dass wir mit Amina eine junge linke Kandidatin haben, die sich schon seit Jahren in G\u00f6ttingen f\u00fcr Feminismus und Antifaschismus einsetzt und gut in der Stadt und dar\u00fcber hinaus vernetzt ist.\u201d, erkl\u00e4rt Hannah Di\u00dfelbeck, [&hellip;]<\/p>\n","protected":false},"author":1,"featured_media":1895,"comment_status":"closed","ping_status":"closed","sticky":false,"template":"","format":"standard","meta":{"saved_in_kubio":false,"footnotes":""},"categories":[24],"tags":[],"class_list":["post-1892","post","type-post","status-publish","format-standard","has-post-thumbnail","hentry","category-news"],"yoast_head":"<!-- This site is optimized with the Yoast SEO plugin v27.5 - https:\/\/yoast.com\/product\/yoast-seo-wordpress\/ -->\n<title>Die Jusos G\u00f6ttingen haben Amina Yousaf als ihre Kandidatin f\u00fcr den Bundestag nominiert. - Radio Leinewelle<\/title>\n<meta name=\"robots\" content=\"index, follow, max-snippet:-1, max-image-preview:large, max-video-preview:-1\" \/>\n<link rel=\"canonical\" href=\"https:\/\/radioleinewelle.de\/index.php\/2020\/09\/27\/die-jusos-goettingen-haben-amina-yousaf-als-ihre-kandidatin-fuer-den-bundestag-nominiert\/\" \/>\n<meta property=\"og:locale\" content=\"de_DE\" \/>\n<meta property=\"og:type\" content=\"article\" \/>\n<meta property=\"og:title\" content=\"Die Jusos G\u00f6ttingen haben Amina Yousaf als ihre Kandidatin f\u00fcr den Bundestag nominiert. - Radio Leinewelle\" \/>\n<meta property=\"og:description\" content=\"Das verspricht spannend zu werden: die Jusos G\u00f6ttingen haben Amina Yousaf als ihre Kandidatin f\u00fcr den Bundestag nominiert. \u201cWir sind froh, dass wir mit Amina eine junge linke Kandidatin haben, die sich schon seit Jahren in G\u00f6ttingen f\u00fcr Feminismus und Antifaschismus einsetzt und gut in der Stadt und dar\u00fcber hinaus vernetzt ist.\u201d, erkl\u00e4rt Hannah Di\u00dfelbeck, [&hellip;]\" \/>\n<meta property=\"og:url\" content=\"https:\/\/radioleinewelle.de\/index.php\/2020\/09\/27\/die-jusos-goettingen-haben-amina-yousaf-als-ihre-kandidatin-fuer-den-bundestag-nominiert\/\" \/>\n<meta property=\"og:site_name\" content=\"Radio Leinewelle\" \/>\n<meta property=\"article:publisher\" content=\"https:\/\/www.facebook.com\/radioleinewelle\" \/>\n<meta property=\"article:author\" content=\"https:\/\/www.facebook.com\/radioleinewelle\" \/>\n<meta property=\"article:published_time\" content=\"2020-09-27T20:55:39+00:00\" \/>\n<meta property=\"og:image\" content=\"https:\/\/radioleinewelle.de\/wp-content\/uploads\/2020\/09\/PM-JG-AYKandidaturBW2021-e1601239936215.jpg\" \/>\n\t<meta property=\"og:image:width\" content=\"528\" \/>\n\t<meta property=\"og:image:height\" content=\"327\" \/>\n\t<meta property=\"og:image:type\" content=\"image\/jpeg\" \/>\n<meta name=\"author\" content=\"Leinewelle\" \/>\n<meta name=\"twitter:card\" content=\"summary_large_image\" \/>\n<meta name=\"twitter:creator\" content=\"@https:\/\/twitter.com\/RLeinewelle?ref_src=twsrcgoogletwcampserptwgrauthor\" \/>\n<meta name=\"twitter:site\" content=\"@RLeinewelle\" \/>\n<meta name=\"twitter:label1\" content=\"Verfasst von\" \/>\n\t<meta name=\"twitter:data1\" content=\"Leinewelle\" \/>\n\t<meta name=\"twitter:label2\" content=\"Gesch\u00e4tzte Lesezeit\" \/>\n\t<meta name=\"twitter:data2\" content=\"1\u00a0Minute\" \/>\n<script type=\"application\/ld+json\" class=\"yoast-schema-graph\">{\"@context\":\"https:\\\/\\\/schema.org\",\"@graph\":[{\"@type\":\"Article\",\"@id\":\"https:\\\/\\\/radioleinewelle.de\\\/index.php\\\/2020\\\/09\\\/27\\\/die-jusos-goettingen-haben-amina-yousaf-als-ihre-kandidatin-fuer-den-bundestag-nominiert\\\/#article\",\"isPartOf\":{\"@id\":\"https:\\\/\\\/radioleinewelle.de\\\/index.php\\\/2020\\\/09\\\/27\\\/die-jusos-goettingen-haben-amina-yousaf-als-ihre-kandidatin-fuer-den-bundestag-nominiert\\\/\"},\"author\":{\"name\":\"Leinewelle\",\"@id\":\"https:\\\/\\\/radioleinewelle.de\\\/#\\\/schema\\\/person\\\/45606f348637df637192dc1b68399a63\"},\"headline\":\"Die Jusos G\u00f6ttingen haben Amina Yousaf als ihre Kandidatin f\u00fcr den Bundestag nominiert.\",\"datePublished\":\"2020-09-27T20:55:39+00:00\",\"mainEntityOfPage\":{\"@id\":\"https:\\\/\\\/radioleinewelle.de\\\/index.php\\\/2020\\\/09\\\/27\\\/die-jusos-goettingen-haben-amina-yousaf-als-ihre-kandidatin-fuer-den-bundestag-nominiert\\\/\"},\"wordCount\":290,\"publisher\":{\"@id\":\"https:\\\/\\\/radioleinewelle.de\\\/#organization\"},\"image\":{\"@id\":\"https:\\\/\\\/radioleinewelle.de\\\/index.php\\\/2020\\\/09\\\/27\\\/die-jusos-goettingen-haben-amina-yousaf-als-ihre-kandidatin-fuer-den-bundestag-nominiert\\\/#primaryimage\"},\"thumbnailUrl\":\"https:\\\/\\\/radioleinewelle.de\\\/wp-content\\\/uploads\\\/2020\\\/09\\\/PM-JG-AYKandidaturBW2021-e1601239936215.jpg\",\"articleSection\":[\"Aktuelle Nachrichten\"],\"inLanguage\":\"de\"},{\"@type\":\"WebPage\",\"@id\":\"https:\\\/\\\/radioleinewelle.de\\\/index.php\\\/2020\\\/09\\\/27\\\/die-jusos-goettingen-haben-amina-yousaf-als-ihre-kandidatin-fuer-den-bundestag-nominiert\\\/\",\"url\":\"https:\\\/\\\/radioleinewelle.de\\\/index.php\\\/2020\\\/09\\\/27\\\/die-jusos-goettingen-haben-amina-yousaf-als-ihre-kandidatin-fuer-den-bundestag-nominiert\\\/\",\"name\":\"Die Jusos G\u00f6ttingen haben Amina Yousaf als ihre Kandidatin f\u00fcr den Bundestag nominiert. - Radio Leinewelle\",\"isPartOf\":{\"@id\":\"https:\\\/\\\/radioleinewelle.de\\\/#website\"},\"primaryImageOfPage\":{\"@id\":\"https:\\\/\\\/radioleinewelle.de\\\/index.php\\\/2020\\\/09\\\/27\\\/die-jusos-goettingen-haben-amina-yousaf-als-ihre-kandidatin-fuer-den-bundestag-nominiert\\\/#primaryimage\"},\"image\":{\"@id\":\"https:\\\/\\\/radioleinewelle.de\\\/index.php\\\/2020\\\/09\\\/27\\\/die-jusos-goettingen-haben-amina-yousaf-als-ihre-kandidatin-fuer-den-bundestag-nominiert\\\/#primaryimage\"},\"thumbnailUrl\":\"https:\\\/\\\/radioleinewelle.de\\\/wp-content\\\/uploads\\\/2020\\\/09\\\/PM-JG-AYKandidaturBW2021-e1601239936215.jpg\",\"datePublished\":\"2020-09-27T20:55:39+00:00\",\"breadcrumb\":{\"@id\":\"https:\\\/\\\/radioleinewelle.de\\\/index.php\\\/2020\\\/09\\\/27\\\/die-jusos-goettingen-haben-amina-yousaf-als-ihre-kandidatin-fuer-den-bundestag-nominiert\\\/#breadcrumb\"},\"inLanguage\":\"de\",\"potentialAction\":[{\"@type\":\"ReadAction\",\"target\":[\"https:\\\/\\\/radioleinewelle.de\\\/index.php\\\/2020\\\/09\\\/27\\\/die-jusos-goettingen-haben-amina-yousaf-als-ihre-kandidatin-fuer-den-bundestag-nominiert\\\/\"]}]},{\"@type\":\"ImageObject\",\"inLanguage\":\"de\",\"@id\":\"https:\\\/\\\/radioleinewelle.de\\\/index.php\\\/2020\\\/09\\\/27\\\/die-jusos-goettingen-haben-amina-yousaf-als-ihre-kandidatin-fuer-den-bundestag-nominiert\\\/#primaryimage\",\"url\":\"https:\\\/\\\/radioleinewelle.de\\\/wp-content\\\/uploads\\\/2020\\\/09\\\/PM-JG-AYKandidaturBW2021-e1601239936215.jpg\",\"contentUrl\":\"https:\\\/\\\/radioleinewelle.de\\\/wp-content\\\/uploads\\\/2020\\\/09\\\/PM-JG-AYKandidaturBW2021-e1601239936215.jpg\",\"width\":528,\"height\":327},{\"@type\":\"BreadcrumbList\",\"@id\":\"https:\\\/\\\/radioleinewelle.de\\\/index.php\\\/2020\\\/09\\\/27\\\/die-jusos-goettingen-haben-amina-yousaf-als-ihre-kandidatin-fuer-den-bundestag-nominiert\\\/#breadcrumb\",\"itemListElement\":[{\"@type\":\"ListItem\",\"position\":1,\"name\":\"Startseite\",\"item\":\"https:\\\/\\\/radioleinewelle.de\\\/\"},{\"@type\":\"ListItem\",\"position\":2,\"name\":\"Die Jusos G\u00f6ttingen haben Amina Yousaf als ihre Kandidatin f\u00fcr den Bundestag nominiert.\"}]},{\"@type\":\"WebSite\",\"@id\":\"https:\\\/\\\/radioleinewelle.de\\\/#website\",\"url\":\"https:\\\/\\\/radioleinewelle.de\\\/\",\"name\":\"Radio Leinewelle\",\"description\":\"\",\"publisher\":{\"@id\":\"https:\\\/\\\/radioleinewelle.de\\\/#organization\"},\"potentialAction\":[{\"@type\":\"SearchAction\",\"target\":{\"@type\":\"EntryPoint\",\"urlTemplate\":\"https:\\\/\\\/radioleinewelle.de\\\/?s={search_term_string}\"},\"query-input\":{\"@type\":\"PropertyValueSpecification\",\"valueRequired\":true,\"valueName\":\"search_term_string\"}}],\"inLanguage\":\"de\"},{\"@type\":\"Organization\",\"@id\":\"https:\\\/\\\/radioleinewelle.de\\\/#organization\",\"name\":\"Radio Leinewelle\",\"alternateName\":\"Mein Radio f\u00fcr S\u00fcdniedersachsen\",\"url\":\"https:\\\/\\\/radioleinewelle.de\\\/\",\"logo\":{\"@type\":\"ImageObject\",\"inLanguage\":\"de\",\"@id\":\"https:\\\/\\\/radioleinewelle.de\\\/#\\\/schema\\\/logo\\\/image\\\/\",\"url\":\"https:\\\/\\\/radioleinewelle.de\\\/wp-content\\\/uploads\\\/2023\\\/11\\\/cropped-Leinewelle_Logo_weiss.png\",\"contentUrl\":\"https:\\\/\\\/radioleinewelle.de\\\/wp-content\\\/uploads\\\/2023\\\/11\\\/cropped-Leinewelle_Logo_weiss.png\",\"width\":854,\"height\":260,\"caption\":\"Radio Leinewelle\"},\"image\":{\"@id\":\"https:\\\/\\\/radioleinewelle.de\\\/#\\\/schema\\\/logo\\\/image\\\/\"},\"sameAs\":[\"https:\\\/\\\/www.facebook.com\\\/radioleinewelle\",\"https:\\\/\\\/x.com\\\/RLeinewelle\",\"https:\\\/\\\/www.instagram.com\\\/radioleinewelle\\\/?hl=de\"]},{\"@type\":\"Person\",\"@id\":\"https:\\\/\\\/radioleinewelle.de\\\/#\\\/schema\\\/person\\\/45606f348637df637192dc1b68399a63\",\"name\":\"Leinewelle\",\"image\":{\"@type\":\"ImageObject\",\"inLanguage\":\"de\",\"@id\":\"https:\\\/\\\/secure.gravatar.com\\\/avatar\\\/05c9a17bc973052ee5d91549bd32fb4dd0dc85b7b85ae94b2e2b4943476bbea5?s=96&d=blank&r=g\",\"url\":\"https:\\\/\\\/secure.gravatar.com\\\/avatar\\\/05c9a17bc973052ee5d91549bd32fb4dd0dc85b7b85ae94b2e2b4943476bbea5?s=96&d=blank&r=g\",\"contentUrl\":\"https:\\\/\\\/secure.gravatar.com\\\/avatar\\\/05c9a17bc973052ee5d91549bd32fb4dd0dc85b7b85ae94b2e2b4943476bbea5?s=96&d=blank&r=g\",\"caption\":\"Leinewelle\"},\"sameAs\":[\"http:\\\/\\\/localhost\\\/radio%20leinewelle\\\/wordpress\",\"https:\\\/\\\/www.facebook.com\\\/radioleinewelle\",\"https:\\\/\\\/www.instagram.com\\\/radioleinewelle\",\"https:\\\/\\\/x.com\\\/https:\\\/\\\/twitter.com\\\/RLeinewelle?ref_src=twsrcgoogletwcampserptwgrauthor\",\"https:\\\/\\\/soundcloud.com\\\/foerderverein-lokalradio?utm_source=clipboard&utm_medium=text&utm_campaign=social_sharing\"],\"url\":\"https:\\\/\\\/radioleinewelle.de\\\/index.php\\\/author\\\/leinewelle\\\/\"}]}<\/script>\n<!-- \/ Yoast SEO plugin. -->","yoast_head_json":{"title":"Die Jusos G\u00f6ttingen haben Amina Yousaf als ihre Kandidatin f\u00fcr den Bundestag nominiert. - Radio Leinewelle","robots":{"index":"index","follow":"follow","max-snippet":"max-snippet:-1","max-image-preview":"max-image-preview:large","max-video-preview":"max-video-preview:-1"},"canonical":"https:\/\/radioleinewelle.de\/index.php\/2020\/09\/27\/die-jusos-goettingen-haben-amina-yousaf-als-ihre-kandidatin-fuer-den-bundestag-nominiert\/","og_locale":"de_DE","og_type":"article","og_title":"Die Jusos G\u00f6ttingen haben Amina Yousaf als ihre Kandidatin f\u00fcr den Bundestag nominiert. - Radio Leinewelle","og_description":"Das verspricht spannend zu werden: die Jusos G\u00f6ttingen haben Amina Yousaf als ihre Kandidatin f\u00fcr den Bundestag nominiert. \u201cWir sind froh, dass wir mit Amina eine junge linke Kandidatin haben, die sich schon seit Jahren in G\u00f6ttingen f\u00fcr Feminismus und Antifaschismus einsetzt und gut in der Stadt und dar\u00fcber hinaus vernetzt ist.\u201d, erkl\u00e4rt Hannah Di\u00dfelbeck, [&hellip;]","og_url":"https:\/\/radioleinewelle.de\/index.php\/2020\/09\/27\/die-jusos-goettingen-haben-amina-yousaf-als-ihre-kandidatin-fuer-den-bundestag-nominiert\/","og_site_name":"Radio Leinewelle","article_publisher":"https:\/\/www.facebook.com\/radioleinewelle","article_author":"https:\/\/www.facebook.com\/radioleinewelle","article_published_time":"2020-09-27T20:55:39+00:00","og_image":[{"width":528,"height":327,"url":"https:\/\/radioleinewelle.de\/wp-content\/uploads\/2020\/09\/PM-JG-AYKandidaturBW2021-e1601239936215.jpg","type":"image\/jpeg"}],"author":"Leinewelle","twitter_card":"summary_large_image","twitter_creator":"@https:\/\/twitter.com\/RLeinewelle?ref_src=twsrcgoogletwcampserptwgrauthor","twitter_site":"@RLeinewelle","twitter_misc":{"Verfasst von":"Leinewelle","Gesch\u00e4tzte Lesezeit":"1\u00a0Minute"},"schema":{"@context":"https:\/\/schema.org","@graph":[{"@type":"Article","@id":"https:\/\/radioleinewelle.de\/index.php\/2020\/09\/27\/die-jusos-goettingen-haben-amina-yousaf-als-ihre-kandidatin-fuer-den-bundestag-nominiert\/#article","isPartOf":{"@id":"https:\/\/radioleinewelle.de\/index.php\/2020\/09\/27\/die-jusos-goettingen-haben-amina-yousaf-als-ihre-kandidatin-fuer-den-bundestag-nominiert\/"},"author":{"name":"Leinewelle","@id":"https:\/\/radioleinewelle.de\/#\/schema\/person\/45606f348637df637192dc1b68399a63"},"headline":"Die Jusos G\u00f6ttingen haben Amina Yousaf als ihre Kandidatin f\u00fcr den Bundestag nominiert.","datePublished":"2020-09-27T20:55:39+00:00","mainEntityOfPage":{"@id":"https:\/\/radioleinewelle.de\/index.php\/2020\/09\/27\/die-jusos-goettingen-haben-amina-yousaf-als-ihre-kandidatin-fuer-den-bundestag-nominiert\/"},"wordCount":290,"publisher":{"@id":"https:\/\/radioleinewelle.de\/#organization"},"image":{"@id":"https:\/\/radioleinewelle.de\/index.php\/2020\/09\/27\/die-jusos-goettingen-haben-amina-yousaf-als-ihre-kandidatin-fuer-den-bundestag-nominiert\/#primaryimage"},"thumbnailUrl":"https:\/\/radioleinewelle.de\/wp-content\/uploads\/2020\/09\/PM-JG-AYKandidaturBW2021-e1601239936215.jpg","articleSection":["Aktuelle Nachrichten"],"inLanguage":"de"},{"@type":"WebPage","@id":"https:\/\/radioleinewelle.de\/index.php\/2020\/09\/27\/die-jusos-goettingen-haben-amina-yousaf-als-ihre-kandidatin-fuer-den-bundestag-nominiert\/","url":"https:\/\/radioleinewelle.de\/index.php\/2020\/09\/27\/die-jusos-goettingen-haben-amina-yousaf-als-ihre-kandidatin-fuer-den-bundestag-nominiert\/","name":"Die Jusos G\u00f6ttingen haben Amina Yousaf als ihre Kandidatin f\u00fcr den Bundestag nominiert. - Radio Leinewelle","isPartOf":{"@id":"https:\/\/radioleinewelle.de\/#website"},"primaryImageOfPage":{"@id":"https:\/\/radioleinewelle.de\/index.php\/2020\/09\/27\/die-jusos-goettingen-haben-amina-yousaf-als-ihre-kandidatin-fuer-den-bundestag-nominiert\/#primaryimage"},"image":{"@id":"https:\/\/radioleinewelle.de\/index.php\/2020\/09\/27\/die-jusos-goettingen-haben-amina-yousaf-als-ihre-kandidatin-fuer-den-bundestag-nominiert\/#primaryimage"},"thumbnailUrl":"https:\/\/radioleinewelle.de\/wp-content\/uploads\/2020\/09\/PM-JG-AYKandidaturBW2021-e1601239936215.jpg","datePublished":"2020-09-27T20:55:39+00:00","breadcrumb":{"@id":"https:\/\/radioleinewelle.de\/index.php\/2020\/09\/27\/die-jusos-goettingen-haben-amina-yousaf-als-ihre-kandidatin-fuer-den-bundestag-nominiert\/#breadcrumb"},"inLanguage":"de","potentialAction":[{"@type":"ReadAction","target":["https:\/\/radioleinewelle.de\/index.php\/2020\/09\/27\/die-jusos-goettingen-haben-amina-yousaf-als-ihre-kandidatin-fuer-den-bundestag-nominiert\/"]}]},{"@type":"ImageObject","inLanguage":"de","@id":"https:\/\/radioleinewelle.de\/index.php\/2020\/09\/27\/die-jusos-goettingen-haben-amina-yousaf-als-ihre-kandidatin-fuer-den-bundestag-nominiert\/#primaryimage","url":"https:\/\/radioleinewelle.de\/wp-content\/uploads\/2020\/09\/PM-JG-AYKandidaturBW2021-e1601239936215.jpg","contentUrl":"https:\/\/radioleinewelle.de\/wp-content\/uploads\/2020\/09\/PM-JG-AYKandidaturBW2021-e1601239936215.jpg","width":528,"height":327},{"@type":"BreadcrumbList","@id":"https:\/\/radioleinewelle.de\/index.php\/2020\/09\/27\/die-jusos-goettingen-haben-amina-yousaf-als-ihre-kandidatin-fuer-den-bundestag-nominiert\/#breadcrumb","itemListElement":[{"@type":"ListItem","position":1,"name":"Startseite","item":"https:\/\/radioleinewelle.de\/"},{"@type":"ListItem","position":2,"name":"Die Jusos G\u00f6ttingen haben Amina Yousaf als ihre Kandidatin f\u00fcr den Bundestag nominiert."}]},{"@type":"WebSite","@id":"https:\/\/radioleinewelle.de\/#website","url":"https:\/\/radioleinewelle.de\/","name":"Radio Leinewelle","description":"","publisher":{"@id":"https:\/\/radioleinewelle.de\/#organization"},"potentialAction":[{"@type":"SearchAction","target":{"@type":"EntryPoint","urlTemplate":"https:\/\/radioleinewelle.de\/?s={search_term_string}"},"query-input":{"@type":"PropertyValueSpecification","valueRequired":true,"valueName":"search_term_string"}}],"inLanguage":"de"},{"@type":"Organization","@id":"https:\/\/radioleinewelle.de\/#organization","name":"Radio Leinewelle","alternateName":"Mein Radio f\u00fcr S\u00fcdniedersachsen","url":"https:\/\/radioleinewelle.de\/","logo":{"@type":"ImageObject","inLanguage":"de","@id":"https:\/\/radioleinewelle.de\/#\/schema\/logo\/image\/","url":"https:\/\/radioleinewelle.de\/wp-content\/uploads\/2023\/11\/cropped-Leinewelle_Logo_weiss.png","contentUrl":"https:\/\/radioleinewelle.de\/wp-content\/uploads\/2023\/11\/cropped-Leinewelle_Logo_weiss.png","width":854,"height":260,"caption":"Radio Leinewelle"},"image":{"@id":"https:\/\/radioleinewelle.de\/#\/schema\/logo\/image\/"},"sameAs":["https:\/\/www.facebook.com\/radioleinewelle","https:\/\/x.com\/RLeinewelle","https:\/\/www.instagram.com\/radioleinewelle\/?hl=de"]},{"@type":"Person","@id":"https:\/\/radioleinewelle.de\/#\/schema\/person\/45606f348637df637192dc1b68399a63","name":"Leinewelle","image":{"@type":"ImageObject","inLanguage":"de","@id":"https:\/\/secure.gravatar.com\/avatar\/05c9a17bc973052ee5d91549bd32fb4dd0dc85b7b85ae94b2e2b4943476bbea5?s=96&d=blank&r=g","url":"https:\/\/secure.gravatar.com\/avatar\/05c9a17bc973052ee5d91549bd32fb4dd0dc85b7b85ae94b2e2b4943476bbea5?s=96&d=blank&r=g","contentUrl":"https:\/\/secure.gravatar.com\/avatar\/05c9a17bc973052ee5d91549bd32fb4dd0dc85b7b85ae94b2e2b4943476bbea5?s=96&d=blank&r=g","caption":"Leinewelle"},"sameAs":["http:\/\/localhost\/radio%20leinewelle\/wordpress","https:\/\/www.facebook.com\/radioleinewelle","https:\/\/www.instagram.com\/radioleinewelle","https:\/\/x.com\/https:\/\/twitter.com\/RLeinewelle?ref_src=twsrcgoogletwcampserptwgrauthor","https:\/\/soundcloud.com\/foerderverein-lokalradio?utm_source=clipboard&utm_medium=text&utm_campaign=social_sharing"],"url":"https:\/\/radioleinewelle.de\/index.php\/author\/leinewelle\/"}]}},"_links":{"self":[{"href":"https:\/\/radioleinewelle.de\/index.php\/wp-json\/wp\/v2\/posts\/1892","targetHints":{"allow":["GET"]}}],"collection":[{"href":"https:\/\/radioleinewelle.de\/index.php\/wp-json\/wp\/v2\/posts"}],"about":[{"href":"https:\/\/radioleinewelle.de\/index.php\/wp-json\/wp\/v2\/types\/post"}],"author":[{"embeddable":true,"href":"https:\/\/radioleinewelle.de\/index.php\/wp-json\/wp\/v2\/users\/1"}],"replies":[{"embeddable":true,"href":"https:\/\/radioleinewelle.de\/index.php\/wp-json\/wp\/v2\/comments?post=1892"}],"version-history":[{"count":0,"href":"https:\/\/radioleinewelle.de\/index.php\/wp-json\/wp\/v2\/posts\/1892\/revisions"}],"wp:featuredmedia":[{"embeddable":true,"href":"https:\/\/radioleinewelle.de\/index.php\/wp-json\/wp\/v2\/media\/1895"}],"wp:attachment":[{"href":"https:\/\/radioleinewelle.de\/index.php\/wp-json\/wp\/v2\/media?parent=1892"}],"wp:term":[{"taxonomy":"category","embeddable":true,"href":"https:\/\/radioleinewelle.de\/index.php\/wp-json\/wp\/v2\/categories?post=1892"},{"taxonomy":"post_tag","embeddable":true,"href":"https:\/\/radioleinewelle.de\/index.php\/wp-json\/wp\/v2\/tags?post=1892"}],"curies":[{"name":"wp","href":"https:\/\/api.w.org\/{rel}","templated":true}]}}