{"id":1897,"date":"2020-09-28T05:24:44","date_gmt":"2020-09-28T03:24:44","guid":{"rendered":"https:\/\/radioleinewelle.de\/?p=1897"},"modified":"2020-09-28T05:24:44","modified_gmt":"2020-09-28T03:24:44","slug":"leader-projekt-ecarsharing-im-bundeswettbewerb","status":"publish","type":"post","link":"https:\/\/radioleinewelle.de\/index.php\/2020\/09\/28\/leader-projekt-ecarsharing-im-bundeswettbewerb\/","title":{"rendered":"LEADER-Projekt eCarsharing im Bundeswettbewerb"},"content":{"rendered":"<div class=\"page\" title=\"Page 1\">\n<div class=\"layoutArea\">\n<div class=\"column\">\n<p>Das mit europ\u00e4ischen LEADER-Mitteln gef\u00f6rderte Projekt \u201eUnser Dorf f\u00e4hrt elektrisch\u201c nimmt als eines von vier nieders\u00e4chsischen Projekten amBundeswettbewerb \u201eGemeinsam stark sein\u201c der Deutschen Vernetzungsstelle L\u00e4ndliche R\u00e4ume (DVS) teil. Unter dem Motto \u201eT\u00e4glich gut versorgt!\u201c gewinnen die drei Projekte den Wettbewerb, die am meisten Stimmen erhalten. Bis zum 01.11.2020 kann auf der Internetseite www.dvs- wettbewerb.de f\u00fcr das Projekt abgestimmt werden.<\/p>\n<p>Im Rahmen des Projektes \u201eUnser Dorf f\u00e4hrt elektrisch\u201c hatten die D\u00f6rfer in den Landkreisen G\u00f6ttingen und Northeim die Aufgabe, tragf\u00e4hige Konzepte zum Teilen eines Elektroautos f\u00fcr ihr Dorf zu erstellen. Acht D\u00f6rfer haben erfolgreich Konzepte eingereicht und eine Ladeinfrastruktur im Wert von bis zu 12.000 Euro gewonnen. In nahezu allen D\u00f6rfern rollen schon die E-Autos, die Lades\u00e4ulen sind installiert. Das Projekt wurde durch LEADER zu 80 Prozent gef\u00f6rdert, 20 Prozent wurden von den Landkreisen G\u00f6ttingen und Northeim kofinanziert. Zu den Gewinnerd\u00f6rfern geh\u00f6ren Eisdorf, Escherode, Gehrenrode, Gro\u00df Lengden, Heckenbeck, Klein Schneen, Schlarpe und Spanbeck.<\/p>\n<p>Der Wettbewerb der DVS ermittelt alle zwei Jahre originelle und erfolgreiche Projekte, die sich im und f\u00fcr den l\u00e4ndlichen Raum einsetzen. Die Preisverleihung findet voraussichtlich im April 2021 im Rahmen des bundesweiten LEADER-Treffens statt.<\/p>\n<p>Das Projekt leistet einen Beitrag zur Sicherstellung der Mobilit\u00e4t im l\u00e4ndlichen Raum. Zudem werden neue Zielgruppen zur Nutzung intelligenter Technologien angesprochen, die Teil der energiewirtschaftlichen Zukunft sein werden. Das Vorhaben soll Vorbildcharakter haben und als Modell f\u00fcr die Umsetzung in weiteren D\u00f6rfern dienen. Hierf\u00fcr ist das Projekt bereits als Gro\u00dfer Leuchtturm in dem Klimaschutz-Wettbewerb \u201eKlima Kommunal\u201causgezeichnet worden.<\/p>\n<p>Weitere Informationen zum Projekt gibt es ab 28.09.2020 auf <a href=\"http:\/\/www.netzwerk-laendlicher-raum.de\">www.netzwerk-laendlicher-raum.de<\/a> sowie der Facebook-Seite (<a href=\"http:\/\/www.facebook.com\/dvs.laendlicher.raum\">www.facebook.com\/dvs.laendlicher.raum<\/a>) und dem Twitter-Kanal (<a href=\"https:\/\/twitter.com\/dvs_land\">https:\/\/twitter.com\/dvs_land<\/a>) der DVS.<\/p>\n<p>Brosch\u00fcre <a href=\"https:\/\/www.landkreisgoettingen.de\/pics\/medien\/1_1595926034\/2020_Unser_Dorf_faehrt_elektrisch_Broschuere.pdf\">&#8222;Unser Dorf f\u00e4hrt elektrisch&#8220;<\/a><\/p>\n<\/div>\n<\/div>\n<\/div>\n<p>Bild von <a href=\"https:\/\/pixabay.com\/de\/users\/andreas160578-2383079\/?utm_source=link-attribution&amp;utm_medium=referral&amp;utm_campaign=image&amp;utm_content=4382651\">andreas160578<\/a> auf <a href=\"https:\/\/pixabay.com\/de\/?utm_source=link-attribution&amp;utm_medium=referral&amp;utm_campaign=image&amp;utm_content=4382651\">Pixabay<\/a><\/p>\n","protected":false},"excerpt":{"rendered":"<p>Das mit europ\u00e4ischen LEADER-Mitteln gef\u00f6rderte Projekt \u201eUnser Dorf f\u00e4hrt elektrisch\u201c nimmt als eines von vier nieders\u00e4chsischen Projekten amBundeswettbewerb \u201eGemeinsam stark sein\u201c der Deutschen Vernetzungsstelle L\u00e4ndliche R\u00e4ume (DVS) teil. Unter dem Motto \u201eT\u00e4glich gut versorgt!\u201c gewinnen die drei Projekte den Wettbewerb, die am meisten Stimmen erhalten. Bis zum 01.11.2020 kann auf der Internetseite www.dvs- wettbewerb.de f\u00fcr [&hellip;]<\/p>\n","protected":false},"author":1,"featured_media":1902,"comment_status":"closed","ping_status":"closed","sticky":false,"template":"","format":"standard","meta":{"saved_in_kubio":false,"footnotes":""},"categories":[1],"tags":[],"class_list":["post-1897","post","type-post","status-publish","format-standard","has-post-thumbnail","hentry","category-allgemein"],"yoast_head":"<!-- This site is optimized with the Yoast SEO plugin v27.5 - https:\/\/yoast.com\/product\/yoast-seo-wordpress\/ -->\n<title>LEADER-Projekt eCarsharing im Bundeswettbewerb - Radio Leinewelle<\/title>\n<meta name=\"robots\" content=\"index, follow, max-snippet:-1, max-image-preview:large, max-video-preview:-1\" \/>\n<link rel=\"canonical\" href=\"https:\/\/radioleinewelle.de\/index.php\/2020\/09\/28\/leader-projekt-ecarsharing-im-bundeswettbewerb\/\" \/>\n<meta property=\"og:locale\" content=\"de_DE\" \/>\n<meta property=\"og:type\" content=\"article\" \/>\n<meta property=\"og:title\" content=\"LEADER-Projekt eCarsharing im Bundeswettbewerb - Radio Leinewelle\" \/>\n<meta property=\"og:description\" content=\"Das mit europ\u00e4ischen LEADER-Mitteln gef\u00f6rderte Projekt \u201eUnser Dorf f\u00e4hrt elektrisch\u201c nimmt als eines von vier nieders\u00e4chsischen Projekten amBundeswettbewerb \u201eGemeinsam stark sein\u201c der Deutschen Vernetzungsstelle L\u00e4ndliche R\u00e4ume (DVS) teil. Unter dem Motto \u201eT\u00e4glich gut versorgt!\u201c gewinnen die drei Projekte den Wettbewerb, die am meisten Stimmen erhalten. Bis zum 01.11.2020 kann auf der Internetseite www.dvs- wettbewerb.de f\u00fcr [&hellip;]\" \/>\n<meta property=\"og:url\" content=\"https:\/\/radioleinewelle.de\/index.php\/2020\/09\/28\/leader-projekt-ecarsharing-im-bundeswettbewerb\/\" \/>\n<meta property=\"og:site_name\" content=\"Radio Leinewelle\" \/>\n<meta property=\"article:publisher\" content=\"https:\/\/www.facebook.com\/radioleinewelle\" \/>\n<meta property=\"article:author\" content=\"https:\/\/www.facebook.com\/radioleinewelle\" \/>\n<meta property=\"article:published_time\" content=\"2020-09-28T03:24:44+00:00\" \/>\n<meta property=\"og:image\" content=\"https:\/\/radioleinewelle.de\/wp-content\/uploads\/2020\/09\/carsharing-4382651_640.jpg\" \/>\n\t<meta property=\"og:image:width\" content=\"640\" \/>\n\t<meta property=\"og:image:height\" content=\"426\" \/>\n\t<meta property=\"og:image:type\" content=\"image\/jpeg\" \/>\n<meta name=\"author\" content=\"Leinewelle\" \/>\n<meta name=\"twitter:card\" content=\"summary_large_image\" \/>\n<meta name=\"twitter:creator\" content=\"@https:\/\/twitter.com\/RLeinewelle?ref_src=twsrcgoogletwcampserptwgrauthor\" \/>\n<meta name=\"twitter:site\" content=\"@RLeinewelle\" \/>\n<meta name=\"twitter:label1\" content=\"Verfasst von\" \/>\n\t<meta name=\"twitter:data1\" content=\"Leinewelle\" \/>\n\t<meta name=\"twitter:label2\" content=\"Gesch\u00e4tzte Lesezeit\" \/>\n\t<meta name=\"twitter:data2\" content=\"2\u00a0Minuten\" \/>\n<script type=\"application\/ld+json\" class=\"yoast-schema-graph\">{\"@context\":\"https:\\\/\\\/schema.org\",\"@graph\":[{\"@type\":\"Article\",\"@id\":\"https:\\\/\\\/radioleinewelle.de\\\/index.php\\\/2020\\\/09\\\/28\\\/leader-projekt-ecarsharing-im-bundeswettbewerb\\\/#article\",\"isPartOf\":{\"@id\":\"https:\\\/\\\/radioleinewelle.de\\\/index.php\\\/2020\\\/09\\\/28\\\/leader-projekt-ecarsharing-im-bundeswettbewerb\\\/\"},\"author\":{\"name\":\"Leinewelle\",\"@id\":\"https:\\\/\\\/radioleinewelle.de\\\/#\\\/schema\\\/person\\\/45606f348637df637192dc1b68399a63\"},\"headline\":\"LEADER-Projekt eCarsharing im Bundeswettbewerb\",\"datePublished\":\"2020-09-28T03:24:44+00:00\",\"mainEntityOfPage\":{\"@id\":\"https:\\\/\\\/radioleinewelle.de\\\/index.php\\\/2020\\\/09\\\/28\\\/leader-projekt-ecarsharing-im-bundeswettbewerb\\\/\"},\"wordCount\":315,\"publisher\":{\"@id\":\"https:\\\/\\\/radioleinewelle.de\\\/#organization\"},\"image\":{\"@id\":\"https:\\\/\\\/radioleinewelle.de\\\/index.php\\\/2020\\\/09\\\/28\\\/leader-projekt-ecarsharing-im-bundeswettbewerb\\\/#primaryimage\"},\"thumbnailUrl\":\"https:\\\/\\\/radioleinewelle.de\\\/wp-content\\\/uploads\\\/2020\\\/09\\\/carsharing-4382651_640.jpg\",\"inLanguage\":\"de\"},{\"@type\":\"WebPage\",\"@id\":\"https:\\\/\\\/radioleinewelle.de\\\/index.php\\\/2020\\\/09\\\/28\\\/leader-projekt-ecarsharing-im-bundeswettbewerb\\\/\",\"url\":\"https:\\\/\\\/radioleinewelle.de\\\/index.php\\\/2020\\\/09\\\/28\\\/leader-projekt-ecarsharing-im-bundeswettbewerb\\\/\",\"name\":\"LEADER-Projekt eCarsharing im Bundeswettbewerb - Radio Leinewelle\",\"isPartOf\":{\"@id\":\"https:\\\/\\\/radioleinewelle.de\\\/#website\"},\"primaryImageOfPage\":{\"@id\":\"https:\\\/\\\/radioleinewelle.de\\\/index.php\\\/2020\\\/09\\\/28\\\/leader-projekt-ecarsharing-im-bundeswettbewerb\\\/#primaryimage\"},\"image\":{\"@id\":\"https:\\\/\\\/radioleinewelle.de\\\/index.php\\\/2020\\\/09\\\/28\\\/leader-projekt-ecarsharing-im-bundeswettbewerb\\\/#primaryimage\"},\"thumbnailUrl\":\"https:\\\/\\\/radioleinewelle.de\\\/wp-content\\\/uploads\\\/2020\\\/09\\\/carsharing-4382651_640.jpg\",\"datePublished\":\"2020-09-28T03:24:44+00:00\",\"breadcrumb\":{\"@id\":\"https:\\\/\\\/radioleinewelle.de\\\/index.php\\\/2020\\\/09\\\/28\\\/leader-projekt-ecarsharing-im-bundeswettbewerb\\\/#breadcrumb\"},\"inLanguage\":\"de\",\"potentialAction\":[{\"@type\":\"ReadAction\",\"target\":[\"https:\\\/\\\/radioleinewelle.de\\\/index.php\\\/2020\\\/09\\\/28\\\/leader-projekt-ecarsharing-im-bundeswettbewerb\\\/\"]}]},{\"@type\":\"ImageObject\",\"inLanguage\":\"de\",\"@id\":\"https:\\\/\\\/radioleinewelle.de\\\/index.php\\\/2020\\\/09\\\/28\\\/leader-projekt-ecarsharing-im-bundeswettbewerb\\\/#primaryimage\",\"url\":\"https:\\\/\\\/radioleinewelle.de\\\/wp-content\\\/uploads\\\/2020\\\/09\\\/carsharing-4382651_640.jpg\",\"contentUrl\":\"https:\\\/\\\/radioleinewelle.de\\\/wp-content\\\/uploads\\\/2020\\\/09\\\/carsharing-4382651_640.jpg\",\"width\":640,\"height\":426},{\"@type\":\"BreadcrumbList\",\"@id\":\"https:\\\/\\\/radioleinewelle.de\\\/index.php\\\/2020\\\/09\\\/28\\\/leader-projekt-ecarsharing-im-bundeswettbewerb\\\/#breadcrumb\",\"itemListElement\":[{\"@type\":\"ListItem\",\"position\":1,\"name\":\"Startseite\",\"item\":\"https:\\\/\\\/radioleinewelle.de\\\/\"},{\"@type\":\"ListItem\",\"position\":2,\"name\":\"LEADER-Projekt eCarsharing im Bundeswettbewerb\"}]},{\"@type\":\"WebSite\",\"@id\":\"https:\\\/\\\/radioleinewelle.de\\\/#website\",\"url\":\"https:\\\/\\\/radioleinewelle.de\\\/\",\"name\":\"Radio Leinewelle\",\"description\":\"\",\"publisher\":{\"@id\":\"https:\\\/\\\/radioleinewelle.de\\\/#organization\"},\"potentialAction\":[{\"@type\":\"SearchAction\",\"target\":{\"@type\":\"EntryPoint\",\"urlTemplate\":\"https:\\\/\\\/radioleinewelle.de\\\/?s={search_term_string}\"},\"query-input\":{\"@type\":\"PropertyValueSpecification\",\"valueRequired\":true,\"valueName\":\"search_term_string\"}}],\"inLanguage\":\"de\"},{\"@type\":\"Organization\",\"@id\":\"https:\\\/\\\/radioleinewelle.de\\\/#organization\",\"name\":\"Radio Leinewelle\",\"alternateName\":\"Mein Radio f\u00fcr S\u00fcdniedersachsen\",\"url\":\"https:\\\/\\\/radioleinewelle.de\\\/\",\"logo\":{\"@type\":\"ImageObject\",\"inLanguage\":\"de\",\"@id\":\"https:\\\/\\\/radioleinewelle.de\\\/#\\\/schema\\\/logo\\\/image\\\/\",\"url\":\"https:\\\/\\\/radioleinewelle.de\\\/wp-content\\\/uploads\\\/2023\\\/11\\\/cropped-Leinewelle_Logo_weiss.png\",\"contentUrl\":\"https:\\\/\\\/radioleinewelle.de\\\/wp-content\\\/uploads\\\/2023\\\/11\\\/cropped-Leinewelle_Logo_weiss.png\",\"width\":854,\"height\":260,\"caption\":\"Radio Leinewelle\"},\"image\":{\"@id\":\"https:\\\/\\\/radioleinewelle.de\\\/#\\\/schema\\\/logo\\\/image\\\/\"},\"sameAs\":[\"https:\\\/\\\/www.facebook.com\\\/radioleinewelle\",\"https:\\\/\\\/x.com\\\/RLeinewelle\",\"https:\\\/\\\/www.instagram.com\\\/radioleinewelle\\\/?hl=de\"]},{\"@type\":\"Person\",\"@id\":\"https:\\\/\\\/radioleinewelle.de\\\/#\\\/schema\\\/person\\\/45606f348637df637192dc1b68399a63\",\"name\":\"Leinewelle\",\"image\":{\"@type\":\"ImageObject\",\"inLanguage\":\"de\",\"@id\":\"https:\\\/\\\/secure.gravatar.com\\\/avatar\\\/05c9a17bc973052ee5d91549bd32fb4dd0dc85b7b85ae94b2e2b4943476bbea5?s=96&d=blank&r=g\",\"url\":\"https:\\\/\\\/secure.gravatar.com\\\/avatar\\\/05c9a17bc973052ee5d91549bd32fb4dd0dc85b7b85ae94b2e2b4943476bbea5?s=96&d=blank&r=g\",\"contentUrl\":\"https:\\\/\\\/secure.gravatar.com\\\/avatar\\\/05c9a17bc973052ee5d91549bd32fb4dd0dc85b7b85ae94b2e2b4943476bbea5?s=96&d=blank&r=g\",\"caption\":\"Leinewelle\"},\"sameAs\":[\"http:\\\/\\\/localhost\\\/radio%20leinewelle\\\/wordpress\",\"https:\\\/\\\/www.facebook.com\\\/radioleinewelle\",\"https:\\\/\\\/www.instagram.com\\\/radioleinewelle\",\"https:\\\/\\\/x.com\\\/https:\\\/\\\/twitter.com\\\/RLeinewelle?ref_src=twsrcgoogletwcampserptwgrauthor\",\"https:\\\/\\\/soundcloud.com\\\/foerderverein-lokalradio?utm_source=clipboard&utm_medium=text&utm_campaign=social_sharing\"],\"url\":\"https:\\\/\\\/radioleinewelle.de\\\/index.php\\\/author\\\/leinewelle\\\/\"}]}<\/script>\n<!-- \/ Yoast SEO plugin. -->","yoast_head_json":{"title":"LEADER-Projekt eCarsharing im Bundeswettbewerb - Radio Leinewelle","robots":{"index":"index","follow":"follow","max-snippet":"max-snippet:-1","max-image-preview":"max-image-preview:large","max-video-preview":"max-video-preview:-1"},"canonical":"https:\/\/radioleinewelle.de\/index.php\/2020\/09\/28\/leader-projekt-ecarsharing-im-bundeswettbewerb\/","og_locale":"de_DE","og_type":"article","og_title":"LEADER-Projekt eCarsharing im Bundeswettbewerb - Radio Leinewelle","og_description":"Das mit europ\u00e4ischen LEADER-Mitteln gef\u00f6rderte Projekt \u201eUnser Dorf f\u00e4hrt elektrisch\u201c nimmt als eines von vier nieders\u00e4chsischen Projekten amBundeswettbewerb \u201eGemeinsam stark sein\u201c der Deutschen Vernetzungsstelle L\u00e4ndliche R\u00e4ume (DVS) teil. Unter dem Motto \u201eT\u00e4glich gut versorgt!\u201c gewinnen die drei Projekte den Wettbewerb, die am meisten Stimmen erhalten. Bis zum 01.11.2020 kann auf der Internetseite www.dvs- wettbewerb.de f\u00fcr [&hellip;]","og_url":"https:\/\/radioleinewelle.de\/index.php\/2020\/09\/28\/leader-projekt-ecarsharing-im-bundeswettbewerb\/","og_site_name":"Radio Leinewelle","article_publisher":"https:\/\/www.facebook.com\/radioleinewelle","article_author":"https:\/\/www.facebook.com\/radioleinewelle","article_published_time":"2020-09-28T03:24:44+00:00","og_image":[{"width":640,"height":426,"url":"https:\/\/radioleinewelle.de\/wp-content\/uploads\/2020\/09\/carsharing-4382651_640.jpg","type":"image\/jpeg"}],"author":"Leinewelle","twitter_card":"summary_large_image","twitter_creator":"@https:\/\/twitter.com\/RLeinewelle?ref_src=twsrcgoogletwcampserptwgrauthor","twitter_site":"@RLeinewelle","twitter_misc":{"Verfasst von":"Leinewelle","Gesch\u00e4tzte Lesezeit":"2\u00a0Minuten"},"schema":{"@context":"https:\/\/schema.org","@graph":[{"@type":"Article","@id":"https:\/\/radioleinewelle.de\/index.php\/2020\/09\/28\/leader-projekt-ecarsharing-im-bundeswettbewerb\/#article","isPartOf":{"@id":"https:\/\/radioleinewelle.de\/index.php\/2020\/09\/28\/leader-projekt-ecarsharing-im-bundeswettbewerb\/"},"author":{"name":"Leinewelle","@id":"https:\/\/radioleinewelle.de\/#\/schema\/person\/45606f348637df637192dc1b68399a63"},"headline":"LEADER-Projekt eCarsharing im Bundeswettbewerb","datePublished":"2020-09-28T03:24:44+00:00","mainEntityOfPage":{"@id":"https:\/\/radioleinewelle.de\/index.php\/2020\/09\/28\/leader-projekt-ecarsharing-im-bundeswettbewerb\/"},"wordCount":315,"publisher":{"@id":"https:\/\/radioleinewelle.de\/#organization"},"image":{"@id":"https:\/\/radioleinewelle.de\/index.php\/2020\/09\/28\/leader-projekt-ecarsharing-im-bundeswettbewerb\/#primaryimage"},"thumbnailUrl":"https:\/\/radioleinewelle.de\/wp-content\/uploads\/2020\/09\/carsharing-4382651_640.jpg","inLanguage":"de"},{"@type":"WebPage","@id":"https:\/\/radioleinewelle.de\/index.php\/2020\/09\/28\/leader-projekt-ecarsharing-im-bundeswettbewerb\/","url":"https:\/\/radioleinewelle.de\/index.php\/2020\/09\/28\/leader-projekt-ecarsharing-im-bundeswettbewerb\/","name":"LEADER-Projekt eCarsharing im Bundeswettbewerb - Radio Leinewelle","isPartOf":{"@id":"https:\/\/radioleinewelle.de\/#website"},"primaryImageOfPage":{"@id":"https:\/\/radioleinewelle.de\/index.php\/2020\/09\/28\/leader-projekt-ecarsharing-im-bundeswettbewerb\/#primaryimage"},"image":{"@id":"https:\/\/radioleinewelle.de\/index.php\/2020\/09\/28\/leader-projekt-ecarsharing-im-bundeswettbewerb\/#primaryimage"},"thumbnailUrl":"https:\/\/radioleinewelle.de\/wp-content\/uploads\/2020\/09\/carsharing-4382651_640.jpg","datePublished":"2020-09-28T03:24:44+00:00","breadcrumb":{"@id":"https:\/\/radioleinewelle.de\/index.php\/2020\/09\/28\/leader-projekt-ecarsharing-im-bundeswettbewerb\/#breadcrumb"},"inLanguage":"de","potentialAction":[{"@type":"ReadAction","target":["https:\/\/radioleinewelle.de\/index.php\/2020\/09\/28\/leader-projekt-ecarsharing-im-bundeswettbewerb\/"]}]},{"@type":"ImageObject","inLanguage":"de","@id":"https:\/\/radioleinewelle.de\/index.php\/2020\/09\/28\/leader-projekt-ecarsharing-im-bundeswettbewerb\/#primaryimage","url":"https:\/\/radioleinewelle.de\/wp-content\/uploads\/2020\/09\/carsharing-4382651_640.jpg","contentUrl":"https:\/\/radioleinewelle.de\/wp-content\/uploads\/2020\/09\/carsharing-4382651_640.jpg","width":640,"height":426},{"@type":"BreadcrumbList","@id":"https:\/\/radioleinewelle.de\/index.php\/2020\/09\/28\/leader-projekt-ecarsharing-im-bundeswettbewerb\/#breadcrumb","itemListElement":[{"@type":"ListItem","position":1,"name":"Startseite","item":"https:\/\/radioleinewelle.de\/"},{"@type":"ListItem","position":2,"name":"LEADER-Projekt eCarsharing im Bundeswettbewerb"}]},{"@type":"WebSite","@id":"https:\/\/radioleinewelle.de\/#website","url":"https:\/\/radioleinewelle.de\/","name":"Radio Leinewelle","description":"","publisher":{"@id":"https:\/\/radioleinewelle.de\/#organization"},"potentialAction":[{"@type":"SearchAction","target":{"@type":"EntryPoint","urlTemplate":"https:\/\/radioleinewelle.de\/?s={search_term_string}"},"query-input":{"@type":"PropertyValueSpecification","valueRequired":true,"valueName":"search_term_string"}}],"inLanguage":"de"},{"@type":"Organization","@id":"https:\/\/radioleinewelle.de\/#organization","name":"Radio Leinewelle","alternateName":"Mein Radio f\u00fcr S\u00fcdniedersachsen","url":"https:\/\/radioleinewelle.de\/","logo":{"@type":"ImageObject","inLanguage":"de","@id":"https:\/\/radioleinewelle.de\/#\/schema\/logo\/image\/","url":"https:\/\/radioleinewelle.de\/wp-content\/uploads\/2023\/11\/cropped-Leinewelle_Logo_weiss.png","contentUrl":"https:\/\/radioleinewelle.de\/wp-content\/uploads\/2023\/11\/cropped-Leinewelle_Logo_weiss.png","width":854,"height":260,"caption":"Radio Leinewelle"},"image":{"@id":"https:\/\/radioleinewelle.de\/#\/schema\/logo\/image\/"},"sameAs":["https:\/\/www.facebook.com\/radioleinewelle","https:\/\/x.com\/RLeinewelle","https:\/\/www.instagram.com\/radioleinewelle\/?hl=de"]},{"@type":"Person","@id":"https:\/\/radioleinewelle.de\/#\/schema\/person\/45606f348637df637192dc1b68399a63","name":"Leinewelle","image":{"@type":"ImageObject","inLanguage":"de","@id":"https:\/\/secure.gravatar.com\/avatar\/05c9a17bc973052ee5d91549bd32fb4dd0dc85b7b85ae94b2e2b4943476bbea5?s=96&d=blank&r=g","url":"https:\/\/secure.gravatar.com\/avatar\/05c9a17bc973052ee5d91549bd32fb4dd0dc85b7b85ae94b2e2b4943476bbea5?s=96&d=blank&r=g","contentUrl":"https:\/\/secure.gravatar.com\/avatar\/05c9a17bc973052ee5d91549bd32fb4dd0dc85b7b85ae94b2e2b4943476bbea5?s=96&d=blank&r=g","caption":"Leinewelle"},"sameAs":["http:\/\/localhost\/radio%20leinewelle\/wordpress","https:\/\/www.facebook.com\/radioleinewelle","https:\/\/www.instagram.com\/radioleinewelle","https:\/\/x.com\/https:\/\/twitter.com\/RLeinewelle?ref_src=twsrcgoogletwcampserptwgrauthor","https:\/\/soundcloud.com\/foerderverein-lokalradio?utm_source=clipboard&utm_medium=text&utm_campaign=social_sharing"],"url":"https:\/\/radioleinewelle.de\/index.php\/author\/leinewelle\/"}]}},"_links":{"self":[{"href":"https:\/\/radioleinewelle.de\/index.php\/wp-json\/wp\/v2\/posts\/1897","targetHints":{"allow":["GET"]}}],"collection":[{"href":"https:\/\/radioleinewelle.de\/index.php\/wp-json\/wp\/v2\/posts"}],"about":[{"href":"https:\/\/radioleinewelle.de\/index.php\/wp-json\/wp\/v2\/types\/post"}],"author":[{"embeddable":true,"href":"https:\/\/radioleinewelle.de\/index.php\/wp-json\/wp\/v2\/users\/1"}],"replies":[{"embeddable":true,"href":"https:\/\/radioleinewelle.de\/index.php\/wp-json\/wp\/v2\/comments?post=1897"}],"version-history":[{"count":0,"href":"https:\/\/radioleinewelle.de\/index.php\/wp-json\/wp\/v2\/posts\/1897\/revisions"}],"wp:featuredmedia":[{"embeddable":true,"href":"https:\/\/radioleinewelle.de\/index.php\/wp-json\/wp\/v2\/media\/1902"}],"wp:attachment":[{"href":"https:\/\/radioleinewelle.de\/index.php\/wp-json\/wp\/v2\/media?parent=1897"}],"wp:term":[{"taxonomy":"category","embeddable":true,"href":"https:\/\/radioleinewelle.de\/index.php\/wp-json\/wp\/v2\/categories?post=1897"},{"taxonomy":"post_tag","embeddable":true,"href":"https:\/\/radioleinewelle.de\/index.php\/wp-json\/wp\/v2\/tags?post=1897"}],"curies":[{"name":"wp","href":"https:\/\/api.w.org\/{rel}","templated":true}]}}