{"id":1911,"date":"2020-09-29T05:30:15","date_gmt":"2020-09-29T03:30:15","guid":{"rendered":"https:\/\/radioleinewelle.de\/?p=1911"},"modified":"2020-09-29T05:30:15","modified_gmt":"2020-09-29T03:30:15","slug":"herbstuni-fuer-schuelerinnen-und-schueler-vom-5-bis-zum-25-oktober","status":"publish","type":"post","link":"https:\/\/radioleinewelle.de\/index.php\/2020\/09\/29\/herbstuni-fuer-schuelerinnen-und-schueler-vom-5-bis-zum-25-oktober\/","title":{"rendered":"Herbstuni f\u00fcr Sch\u00fclerinnen und Sch\u00fcler vom 5. bis zum 25. Oktober"},"content":{"rendered":"<p>(pug) Wer die Ferien im Oktober nutzen will, um sich in Ruhe und fr\u00fchzeitig \u00fcber Studienm\u00f6glichkeiten zu informieren, ist herzlich eingeladen zur \u201eHerbstuni\u201c an der Universit\u00e4t G\u00f6ttingen. Interessierte Sch\u00fclerinnen und Sch\u00fcler der Oberstufe sowie alle anderen Studieninteressierten k\u00f6nnen die Universit\u00e4t, das Studienangebot und den Campus kennenlernen. Ab Montag, 5. Oktober 2020, bis zum Ende der nieders\u00e4chsischen Herbstferien bietet die Universit\u00e4t online \u00fcbertragene Live-Vortr\u00e4ge der Zentralen Studienberatung zur Studienwahl, zum Studium in G\u00f6ttingen und zur Studienfinanzierung an. Zus\u00e4tzlich stellen sich einige grundst\u00e4ndige Studieng\u00e4nge in Online-Veranstaltungen vor. So etwa Mathematik, Chemie und das Lehramtsstudium. Auch das Sch\u00fclerlabor XLAB gibt einen Einblick in sein Programm.<\/p>\n<p>Erfahrene Studierende, erg\u00e4nzen das Orientierungsangebot als Studienbotschafterinnen und -botschafter mit Videos, Podcasts und Live-Chats. In Pr\u00e4senz werden als besonderes Highlight Vor-Ort-F\u00fchrungen \u00fcber den Zentral- und den Nordcampus veranstaltet, f\u00fcr die wegen der Corona-Bestimmungen vorab eine Anmeldung erforderlich ist. Detaillierte Informationen zum Programm sowie das Anmeldeformular zur Campusf\u00fchrung sind im Internet unter <a href=\"http:\/\/www.uni-goettingen.de\/Herbstuni\">www.uni-goettingen.de\/Herbstuni<\/a> zu finden.<\/p>\n<p>Foto: Universit\u00e4t G\u00f6ttingen \/ Christoph Mischke<\/p>\n<p><strong>\u00a0<\/strong><\/p>\n","protected":false},"excerpt":{"rendered":"<p>(pug) Wer die Ferien im Oktober nutzen will, um sich in Ruhe und fr\u00fchzeitig \u00fcber Studienm\u00f6glichkeiten zu informieren, ist herzlich eingeladen zur \u201eHerbstuni\u201c an der Universit\u00e4t G\u00f6ttingen. Interessierte Sch\u00fclerinnen und Sch\u00fcler der Oberstufe sowie alle anderen Studieninteressierten k\u00f6nnen die Universit\u00e4t, das Studienangebot und den Campus kennenlernen. Ab Montag, 5. Oktober 2020, bis zum Ende der [&hellip;]<\/p>\n","protected":false},"author":1,"featured_media":0,"comment_status":"closed","ping_status":"closed","sticky":false,"template":"","format":"standard","meta":{"saved_in_kubio":false,"footnotes":""},"categories":[24],"tags":[],"class_list":["post-1911","post","type-post","status-publish","format-standard","hentry","category-news"],"yoast_head":"<!-- This site is optimized with the Yoast SEO plugin v27.5 - https:\/\/yoast.com\/product\/yoast-seo-wordpress\/ -->\n<title>Herbstuni f\u00fcr Sch\u00fclerinnen und Sch\u00fcler vom 5. bis zum 25. Oktober - Radio Leinewelle<\/title>\n<meta name=\"robots\" content=\"index, follow, max-snippet:-1, max-image-preview:large, max-video-preview:-1\" \/>\n<link rel=\"canonical\" href=\"https:\/\/radioleinewelle.de\/index.php\/2020\/09\/29\/herbstuni-fuer-schuelerinnen-und-schueler-vom-5-bis-zum-25-oktober\/\" \/>\n<meta property=\"og:locale\" content=\"de_DE\" \/>\n<meta property=\"og:type\" content=\"article\" \/>\n<meta property=\"og:title\" content=\"Herbstuni f\u00fcr Sch\u00fclerinnen und Sch\u00fcler vom 5. bis zum 25. Oktober - Radio Leinewelle\" \/>\n<meta property=\"og:description\" content=\"(pug) Wer die Ferien im Oktober nutzen will, um sich in Ruhe und fr\u00fchzeitig \u00fcber Studienm\u00f6glichkeiten zu informieren, ist herzlich eingeladen zur \u201eHerbstuni\u201c an der Universit\u00e4t G\u00f6ttingen. Interessierte Sch\u00fclerinnen und Sch\u00fcler der Oberstufe sowie alle anderen Studieninteressierten k\u00f6nnen die Universit\u00e4t, das Studienangebot und den Campus kennenlernen. Ab Montag, 5. Oktober 2020, bis zum Ende der [&hellip;]\" \/>\n<meta property=\"og:url\" content=\"https:\/\/radioleinewelle.de\/index.php\/2020\/09\/29\/herbstuni-fuer-schuelerinnen-und-schueler-vom-5-bis-zum-25-oktober\/\" \/>\n<meta property=\"og:site_name\" content=\"Radio Leinewelle\" \/>\n<meta property=\"article:publisher\" content=\"https:\/\/www.facebook.com\/radioleinewelle\" \/>\n<meta property=\"article:author\" content=\"https:\/\/www.facebook.com\/radioleinewelle\" \/>\n<meta property=\"article:published_time\" content=\"2020-09-29T03:30:15+00:00\" \/>\n<meta name=\"author\" content=\"Leinewelle\" \/>\n<meta name=\"twitter:card\" content=\"summary_large_image\" \/>\n<meta name=\"twitter:creator\" content=\"@https:\/\/twitter.com\/RLeinewelle?ref_src=twsrcgoogletwcampserptwgrauthor\" \/>\n<meta name=\"twitter:site\" content=\"@RLeinewelle\" \/>\n<meta name=\"twitter:label1\" content=\"Verfasst von\" \/>\n\t<meta name=\"twitter:data1\" content=\"Leinewelle\" \/>\n\t<meta name=\"twitter:label2\" content=\"Gesch\u00e4tzte Lesezeit\" \/>\n\t<meta name=\"twitter:data2\" content=\"1\u00a0Minute\" \/>\n<script type=\"application\/ld+json\" class=\"yoast-schema-graph\">{\"@context\":\"https:\\\/\\\/schema.org\",\"@graph\":[{\"@type\":\"Article\",\"@id\":\"https:\\\/\\\/radioleinewelle.de\\\/index.php\\\/2020\\\/09\\\/29\\\/herbstuni-fuer-schuelerinnen-und-schueler-vom-5-bis-zum-25-oktober\\\/#article\",\"isPartOf\":{\"@id\":\"https:\\\/\\\/radioleinewelle.de\\\/index.php\\\/2020\\\/09\\\/29\\\/herbstuni-fuer-schuelerinnen-und-schueler-vom-5-bis-zum-25-oktober\\\/\"},\"author\":{\"name\":\"Leinewelle\",\"@id\":\"https:\\\/\\\/radioleinewelle.de\\\/#\\\/schema\\\/person\\\/45606f348637df637192dc1b68399a63\"},\"headline\":\"Herbstuni f\u00fcr Sch\u00fclerinnen und Sch\u00fcler vom 5. bis zum 25. Oktober\",\"datePublished\":\"2020-09-29T03:30:15+00:00\",\"mainEntityOfPage\":{\"@id\":\"https:\\\/\\\/radioleinewelle.de\\\/index.php\\\/2020\\\/09\\\/29\\\/herbstuni-fuer-schuelerinnen-und-schueler-vom-5-bis-zum-25-oktober\\\/\"},\"wordCount\":197,\"publisher\":{\"@id\":\"https:\\\/\\\/radioleinewelle.de\\\/#organization\"},\"articleSection\":[\"Aktuelle Nachrichten\"],\"inLanguage\":\"de\"},{\"@type\":\"WebPage\",\"@id\":\"https:\\\/\\\/radioleinewelle.de\\\/index.php\\\/2020\\\/09\\\/29\\\/herbstuni-fuer-schuelerinnen-und-schueler-vom-5-bis-zum-25-oktober\\\/\",\"url\":\"https:\\\/\\\/radioleinewelle.de\\\/index.php\\\/2020\\\/09\\\/29\\\/herbstuni-fuer-schuelerinnen-und-schueler-vom-5-bis-zum-25-oktober\\\/\",\"name\":\"Herbstuni f\u00fcr Sch\u00fclerinnen und Sch\u00fcler vom 5. bis zum 25. Oktober - Radio Leinewelle\",\"isPartOf\":{\"@id\":\"https:\\\/\\\/radioleinewelle.de\\\/#website\"},\"datePublished\":\"2020-09-29T03:30:15+00:00\",\"breadcrumb\":{\"@id\":\"https:\\\/\\\/radioleinewelle.de\\\/index.php\\\/2020\\\/09\\\/29\\\/herbstuni-fuer-schuelerinnen-und-schueler-vom-5-bis-zum-25-oktober\\\/#breadcrumb\"},\"inLanguage\":\"de\",\"potentialAction\":[{\"@type\":\"ReadAction\",\"target\":[\"https:\\\/\\\/radioleinewelle.de\\\/index.php\\\/2020\\\/09\\\/29\\\/herbstuni-fuer-schuelerinnen-und-schueler-vom-5-bis-zum-25-oktober\\\/\"]}]},{\"@type\":\"BreadcrumbList\",\"@id\":\"https:\\\/\\\/radioleinewelle.de\\\/index.php\\\/2020\\\/09\\\/29\\\/herbstuni-fuer-schuelerinnen-und-schueler-vom-5-bis-zum-25-oktober\\\/#breadcrumb\",\"itemListElement\":[{\"@type\":\"ListItem\",\"position\":1,\"name\":\"Startseite\",\"item\":\"https:\\\/\\\/radioleinewelle.de\\\/\"},{\"@type\":\"ListItem\",\"position\":2,\"name\":\"Herbstuni f\u00fcr Sch\u00fclerinnen und Sch\u00fcler vom 5. bis zum 25. Oktober\"}]},{\"@type\":\"WebSite\",\"@id\":\"https:\\\/\\\/radioleinewelle.de\\\/#website\",\"url\":\"https:\\\/\\\/radioleinewelle.de\\\/\",\"name\":\"Radio Leinewelle\",\"description\":\"\",\"publisher\":{\"@id\":\"https:\\\/\\\/radioleinewelle.de\\\/#organization\"},\"potentialAction\":[{\"@type\":\"SearchAction\",\"target\":{\"@type\":\"EntryPoint\",\"urlTemplate\":\"https:\\\/\\\/radioleinewelle.de\\\/?s={search_term_string}\"},\"query-input\":{\"@type\":\"PropertyValueSpecification\",\"valueRequired\":true,\"valueName\":\"search_term_string\"}}],\"inLanguage\":\"de\"},{\"@type\":\"Organization\",\"@id\":\"https:\\\/\\\/radioleinewelle.de\\\/#organization\",\"name\":\"Radio Leinewelle\",\"alternateName\":\"Mein Radio f\u00fcr S\u00fcdniedersachsen\",\"url\":\"https:\\\/\\\/radioleinewelle.de\\\/\",\"logo\":{\"@type\":\"ImageObject\",\"inLanguage\":\"de\",\"@id\":\"https:\\\/\\\/radioleinewelle.de\\\/#\\\/schema\\\/logo\\\/image\\\/\",\"url\":\"https:\\\/\\\/radioleinewelle.de\\\/wp-content\\\/uploads\\\/2023\\\/11\\\/cropped-Leinewelle_Logo_weiss.png\",\"contentUrl\":\"https:\\\/\\\/radioleinewelle.de\\\/wp-content\\\/uploads\\\/2023\\\/11\\\/cropped-Leinewelle_Logo_weiss.png\",\"width\":854,\"height\":260,\"caption\":\"Radio Leinewelle\"},\"image\":{\"@id\":\"https:\\\/\\\/radioleinewelle.de\\\/#\\\/schema\\\/logo\\\/image\\\/\"},\"sameAs\":[\"https:\\\/\\\/www.facebook.com\\\/radioleinewelle\",\"https:\\\/\\\/x.com\\\/RLeinewelle\",\"https:\\\/\\\/www.instagram.com\\\/radioleinewelle\\\/?hl=de\"]},{\"@type\":\"Person\",\"@id\":\"https:\\\/\\\/radioleinewelle.de\\\/#\\\/schema\\\/person\\\/45606f348637df637192dc1b68399a63\",\"name\":\"Leinewelle\",\"image\":{\"@type\":\"ImageObject\",\"inLanguage\":\"de\",\"@id\":\"https:\\\/\\\/secure.gravatar.com\\\/avatar\\\/05c9a17bc973052ee5d91549bd32fb4dd0dc85b7b85ae94b2e2b4943476bbea5?s=96&d=blank&r=g\",\"url\":\"https:\\\/\\\/secure.gravatar.com\\\/avatar\\\/05c9a17bc973052ee5d91549bd32fb4dd0dc85b7b85ae94b2e2b4943476bbea5?s=96&d=blank&r=g\",\"contentUrl\":\"https:\\\/\\\/secure.gravatar.com\\\/avatar\\\/05c9a17bc973052ee5d91549bd32fb4dd0dc85b7b85ae94b2e2b4943476bbea5?s=96&d=blank&r=g\",\"caption\":\"Leinewelle\"},\"sameAs\":[\"http:\\\/\\\/localhost\\\/radio%20leinewelle\\\/wordpress\",\"https:\\\/\\\/www.facebook.com\\\/radioleinewelle\",\"https:\\\/\\\/www.instagram.com\\\/radioleinewelle\",\"https:\\\/\\\/x.com\\\/https:\\\/\\\/twitter.com\\\/RLeinewelle?ref_src=twsrcgoogletwcampserptwgrauthor\",\"https:\\\/\\\/soundcloud.com\\\/foerderverein-lokalradio?utm_source=clipboard&utm_medium=text&utm_campaign=social_sharing\"],\"url\":\"https:\\\/\\\/radioleinewelle.de\\\/index.php\\\/author\\\/leinewelle\\\/\"}]}<\/script>\n<!-- \/ Yoast SEO plugin. -->","yoast_head_json":{"title":"Herbstuni f\u00fcr Sch\u00fclerinnen und Sch\u00fcler vom 5. bis zum 25. Oktober - Radio Leinewelle","robots":{"index":"index","follow":"follow","max-snippet":"max-snippet:-1","max-image-preview":"max-image-preview:large","max-video-preview":"max-video-preview:-1"},"canonical":"https:\/\/radioleinewelle.de\/index.php\/2020\/09\/29\/herbstuni-fuer-schuelerinnen-und-schueler-vom-5-bis-zum-25-oktober\/","og_locale":"de_DE","og_type":"article","og_title":"Herbstuni f\u00fcr Sch\u00fclerinnen und Sch\u00fcler vom 5. bis zum 25. Oktober - Radio Leinewelle","og_description":"(pug) Wer die Ferien im Oktober nutzen will, um sich in Ruhe und fr\u00fchzeitig \u00fcber Studienm\u00f6glichkeiten zu informieren, ist herzlich eingeladen zur \u201eHerbstuni\u201c an der Universit\u00e4t G\u00f6ttingen. Interessierte Sch\u00fclerinnen und Sch\u00fcler der Oberstufe sowie alle anderen Studieninteressierten k\u00f6nnen die Universit\u00e4t, das Studienangebot und den Campus kennenlernen. Ab Montag, 5. Oktober 2020, bis zum Ende der [&hellip;]","og_url":"https:\/\/radioleinewelle.de\/index.php\/2020\/09\/29\/herbstuni-fuer-schuelerinnen-und-schueler-vom-5-bis-zum-25-oktober\/","og_site_name":"Radio Leinewelle","article_publisher":"https:\/\/www.facebook.com\/radioleinewelle","article_author":"https:\/\/www.facebook.com\/radioleinewelle","article_published_time":"2020-09-29T03:30:15+00:00","author":"Leinewelle","twitter_card":"summary_large_image","twitter_creator":"@https:\/\/twitter.com\/RLeinewelle?ref_src=twsrcgoogletwcampserptwgrauthor","twitter_site":"@RLeinewelle","twitter_misc":{"Verfasst von":"Leinewelle","Gesch\u00e4tzte Lesezeit":"1\u00a0Minute"},"schema":{"@context":"https:\/\/schema.org","@graph":[{"@type":"Article","@id":"https:\/\/radioleinewelle.de\/index.php\/2020\/09\/29\/herbstuni-fuer-schuelerinnen-und-schueler-vom-5-bis-zum-25-oktober\/#article","isPartOf":{"@id":"https:\/\/radioleinewelle.de\/index.php\/2020\/09\/29\/herbstuni-fuer-schuelerinnen-und-schueler-vom-5-bis-zum-25-oktober\/"},"author":{"name":"Leinewelle","@id":"https:\/\/radioleinewelle.de\/#\/schema\/person\/45606f348637df637192dc1b68399a63"},"headline":"Herbstuni f\u00fcr Sch\u00fclerinnen und Sch\u00fcler vom 5. bis zum 25. Oktober","datePublished":"2020-09-29T03:30:15+00:00","mainEntityOfPage":{"@id":"https:\/\/radioleinewelle.de\/index.php\/2020\/09\/29\/herbstuni-fuer-schuelerinnen-und-schueler-vom-5-bis-zum-25-oktober\/"},"wordCount":197,"publisher":{"@id":"https:\/\/radioleinewelle.de\/#organization"},"articleSection":["Aktuelle Nachrichten"],"inLanguage":"de"},{"@type":"WebPage","@id":"https:\/\/radioleinewelle.de\/index.php\/2020\/09\/29\/herbstuni-fuer-schuelerinnen-und-schueler-vom-5-bis-zum-25-oktober\/","url":"https:\/\/radioleinewelle.de\/index.php\/2020\/09\/29\/herbstuni-fuer-schuelerinnen-und-schueler-vom-5-bis-zum-25-oktober\/","name":"Herbstuni f\u00fcr Sch\u00fclerinnen und Sch\u00fcler vom 5. bis zum 25. Oktober - Radio Leinewelle","isPartOf":{"@id":"https:\/\/radioleinewelle.de\/#website"},"datePublished":"2020-09-29T03:30:15+00:00","breadcrumb":{"@id":"https:\/\/radioleinewelle.de\/index.php\/2020\/09\/29\/herbstuni-fuer-schuelerinnen-und-schueler-vom-5-bis-zum-25-oktober\/#breadcrumb"},"inLanguage":"de","potentialAction":[{"@type":"ReadAction","target":["https:\/\/radioleinewelle.de\/index.php\/2020\/09\/29\/herbstuni-fuer-schuelerinnen-und-schueler-vom-5-bis-zum-25-oktober\/"]}]},{"@type":"BreadcrumbList","@id":"https:\/\/radioleinewelle.de\/index.php\/2020\/09\/29\/herbstuni-fuer-schuelerinnen-und-schueler-vom-5-bis-zum-25-oktober\/#breadcrumb","itemListElement":[{"@type":"ListItem","position":1,"name":"Startseite","item":"https:\/\/radioleinewelle.de\/"},{"@type":"ListItem","position":2,"name":"Herbstuni f\u00fcr Sch\u00fclerinnen und Sch\u00fcler vom 5. bis zum 25. Oktober"}]},{"@type":"WebSite","@id":"https:\/\/radioleinewelle.de\/#website","url":"https:\/\/radioleinewelle.de\/","name":"Radio Leinewelle","description":"","publisher":{"@id":"https:\/\/radioleinewelle.de\/#organization"},"potentialAction":[{"@type":"SearchAction","target":{"@type":"EntryPoint","urlTemplate":"https:\/\/radioleinewelle.de\/?s={search_term_string}"},"query-input":{"@type":"PropertyValueSpecification","valueRequired":true,"valueName":"search_term_string"}}],"inLanguage":"de"},{"@type":"Organization","@id":"https:\/\/radioleinewelle.de\/#organization","name":"Radio Leinewelle","alternateName":"Mein Radio f\u00fcr S\u00fcdniedersachsen","url":"https:\/\/radioleinewelle.de\/","logo":{"@type":"ImageObject","inLanguage":"de","@id":"https:\/\/radioleinewelle.de\/#\/schema\/logo\/image\/","url":"https:\/\/radioleinewelle.de\/wp-content\/uploads\/2023\/11\/cropped-Leinewelle_Logo_weiss.png","contentUrl":"https:\/\/radioleinewelle.de\/wp-content\/uploads\/2023\/11\/cropped-Leinewelle_Logo_weiss.png","width":854,"height":260,"caption":"Radio Leinewelle"},"image":{"@id":"https:\/\/radioleinewelle.de\/#\/schema\/logo\/image\/"},"sameAs":["https:\/\/www.facebook.com\/radioleinewelle","https:\/\/x.com\/RLeinewelle","https:\/\/www.instagram.com\/radioleinewelle\/?hl=de"]},{"@type":"Person","@id":"https:\/\/radioleinewelle.de\/#\/schema\/person\/45606f348637df637192dc1b68399a63","name":"Leinewelle","image":{"@type":"ImageObject","inLanguage":"de","@id":"https:\/\/secure.gravatar.com\/avatar\/05c9a17bc973052ee5d91549bd32fb4dd0dc85b7b85ae94b2e2b4943476bbea5?s=96&d=blank&r=g","url":"https:\/\/secure.gravatar.com\/avatar\/05c9a17bc973052ee5d91549bd32fb4dd0dc85b7b85ae94b2e2b4943476bbea5?s=96&d=blank&r=g","contentUrl":"https:\/\/secure.gravatar.com\/avatar\/05c9a17bc973052ee5d91549bd32fb4dd0dc85b7b85ae94b2e2b4943476bbea5?s=96&d=blank&r=g","caption":"Leinewelle"},"sameAs":["http:\/\/localhost\/radio%20leinewelle\/wordpress","https:\/\/www.facebook.com\/radioleinewelle","https:\/\/www.instagram.com\/radioleinewelle","https:\/\/x.com\/https:\/\/twitter.com\/RLeinewelle?ref_src=twsrcgoogletwcampserptwgrauthor","https:\/\/soundcloud.com\/foerderverein-lokalradio?utm_source=clipboard&utm_medium=text&utm_campaign=social_sharing"],"url":"https:\/\/radioleinewelle.de\/index.php\/author\/leinewelle\/"}]}},"_links":{"self":[{"href":"https:\/\/radioleinewelle.de\/index.php\/wp-json\/wp\/v2\/posts\/1911","targetHints":{"allow":["GET"]}}],"collection":[{"href":"https:\/\/radioleinewelle.de\/index.php\/wp-json\/wp\/v2\/posts"}],"about":[{"href":"https:\/\/radioleinewelle.de\/index.php\/wp-json\/wp\/v2\/types\/post"}],"author":[{"embeddable":true,"href":"https:\/\/radioleinewelle.de\/index.php\/wp-json\/wp\/v2\/users\/1"}],"replies":[{"embeddable":true,"href":"https:\/\/radioleinewelle.de\/index.php\/wp-json\/wp\/v2\/comments?post=1911"}],"version-history":[{"count":0,"href":"https:\/\/radioleinewelle.de\/index.php\/wp-json\/wp\/v2\/posts\/1911\/revisions"}],"wp:attachment":[{"href":"https:\/\/radioleinewelle.de\/index.php\/wp-json\/wp\/v2\/media?parent=1911"}],"wp:term":[{"taxonomy":"category","embeddable":true,"href":"https:\/\/radioleinewelle.de\/index.php\/wp-json\/wp\/v2\/categories?post=1911"},{"taxonomy":"post_tag","embeddable":true,"href":"https:\/\/radioleinewelle.de\/index.php\/wp-json\/wp\/v2\/tags?post=1911"}],"curies":[{"name":"wp","href":"https:\/\/api.w.org\/{rel}","templated":true}]}}