{"id":1928,"date":"2020-09-30T05:13:09","date_gmt":"2020-09-30T03:13:09","guid":{"rendered":"https:\/\/radioleinewelle.de\/?p=1928"},"modified":"2020-09-30T05:13:09","modified_gmt":"2020-09-30T03:13:09","slug":"wohin-mit-deutschlands-atommuell-suche-nach-atommuell-lager-braucht-transparenz-und-buergerbeteiligung","status":"publish","type":"post","link":"https:\/\/radioleinewelle.de\/index.php\/2020\/09\/30\/wohin-mit-deutschlands-atommuell-suche-nach-atommuell-lager-braucht-transparenz-und-buergerbeteiligung\/","title":{"rendered":"Wohin mit Deutschlands Atomm\u00fcll? Suche nach Atomm\u00fcll-Lager braucht Transparenz und B\u00fcrgerbeteiligung"},"content":{"rendered":"<p>Mit der heutigen Ver\u00f6ffentlichung des Zwischenberichts Teilgebiete benennt die Bundesgesellschaft f\u00fcr Endlagerung (BGE) erstmals bundesweit Gebiete, die f\u00fcr ein Atomm\u00fcll-Lager infrage kommen k\u00f6nnten. Dieser erste Schritt im sogenannten Standortauswahlverfahren ist ein Gradmesser f\u00fcr den weiteren Verlauf der Suche. Der BUND Niedersachsen fordert vollst\u00e4ndige Transparenz und ernstgemeinte Beteiligung: Auf Grundlage wissenschaftlich begr\u00fcndbarer Kriterien und mit einer verl\u00e4sslichen und wirksamen Beteiligung der \u00d6ffentlichkeit muss das vergleichsweise am wenigsten gef\u00e4hrliche Atomm\u00fcll-Lager in Deutschland gesucht werden.<\/p>\n<p>\u201eDie bisher alleinige Fokussierung der Endlagerdiskussion auf Gorleben und die fehlende Transparenz in den Entscheidungsprozessen wiegen schwer bei dem nun startenden Suchverfahren\u201c, sagt der BUND-Landesvorsitzende Heiner Baumgarten. \u201eNach drei Jahren undurchsichtiger Arbeit durch die BGE hinter verschlossenen T\u00fcren muss es nun endlich vollumf\u00e4nglich transparent zugehen. Die Herausnahme des Salzstocks Gorleben aus dem Verfahren ist ein wichtiges Signal, um Vertrauen in einen rein wissenschaftlich basierten Prozess aufzubauen.\u201c Der Salzstock Gorleben erf\u00fcllt entscheidende Vorgaben des Standortauswahlgesetzes f\u00fcr ein Endlager f\u00fcr hochradioaktiven M\u00fcll nicht.<\/p>\n<p>\u201eDie Vorstellung des Zwischenberichtes ist ein erster Schritt in Richtung Transparenz, aber lange noch nicht ausreichend. Denn Beteiligung hei\u00dft nicht nur Information, sondern auch Mitgestaltung durch die Bev\u00f6lkerung\u201c, so Baumgarten. Bereits die Auswahl der Bewertungs- und Entscheidungskriterien f\u00fcr einen geeigneten Standort erfordert einen breiten gesellschaftlichen Konsens. Seit drei Jahren stehen der BUND und m\u00f6gliche betroffene Regionen im Dunkeln. Es gab im Vorfeld keine Informationen, welche Regionen im Zwischenbericht als Teilgebiete genannt werden und wie der Auswahlprozess genau abl\u00e4uft. Auch der heutige Bericht gibt nicht den Blick auf alle Daten und Informationen frei: Zahlreiche entscheidende Daten sind im Besitz von Privatunternehmen. Um auch diese Daten in den Such- und Entscheidungsprozess einbeziehen zu k\u00f6nnen, fordert der BUND eine \u00c4nderung des Geologiedatengesetzes. \u201eSolange lediglich dem Nationalen Begleitgremium umfangreiche Daten zug\u00e4nglich sind, kann bei allen anderen Betroffenen kein Vertrauen entstehen\u201c, betont Baumgarten. \u201eF\u00fcr die nieders\u00e4chsischen Salz- und Ton-Regionen, die als m\u00f6gliche Teilgebiete im Zwischenbericht dargestellt werden, bedarf es zwingend einer unabh\u00e4ngigen wissenschaftlichen Pr\u00fcfung der Auswahl. Daf\u00fcr gab es bisher keine M\u00f6glichkeit.\u201c<\/p>\n<p>Gerade vor dem Hintergrund des Versagens in der bisherigen Atomm\u00fcllpolitik und der politisch motivierten Entscheidung f\u00fcr das Atomm\u00fcllzwischenlager Gorleben ist eine kritische \u00dcberpr\u00fcfung aller vorgeschlagenen Teilgebiete geboten. Daf\u00fcr ben\u00f6tigen die Betroffenen ausreichend Zeit und auch finanzielle Mittel f\u00fcr eine unabh\u00e4ngige Begutachtung der komplexen geologischen Materie. Die f\u00fcr die \u00d6ffentlichkeitsbeteiligung zust\u00e4ndige Beh\u00f6rde, das Bundesamt f\u00fcr die Sicherheit der nuklearen Entsorgung (BASE), hat dazu bisher keine Angebote gemacht oder gar einen gleichberechtigten Dialog gestartet. Auch die ab Mitte Oktober beginnende Fachkonferenz Teilgebiete, die eine Beteiligung der \u00d6ffentlichkeit erm\u00f6glichen soll, leidet unter zahlreichen M\u00e4ngeln. \u201eDie geplante Fachkonferenz stellt keine Gelder f\u00fcr kritische Gutachten zur Verf\u00fcgung und l\u00e4sst zu wenig Zeit f\u00fcr einen intensiven Dialog. Au\u00dferdem \u2013 und dies ist ein gravierender Fehler im Prozess \u2013 m\u00fcssen nicht alle Eingaben von der BGE ber\u00fccksichtigt werden. Es besteht die Gefahr, dass die Kritik in der Schublade verschwindet\u201c, bef\u00fcrchtet Baumgarten.<\/p>\n<p><b>Weitere Informationen:<\/b><br \/>\n<a href=\"https:\/\/gw.nds.bund.net\/owa\/redir.aspx?SURL=Okvm1nTm-N39Pfb9wlR9hzkO27nteJ0qwI5yHQyVc4TeQQzmk2PYCGgAdAB0AHAAOgAvAC8AdwB3AHcALgBiAHUAbgBkAC0AbgBpAGUAZABlAHIAcwBhAGMAaABzAGUAbgAuAGQAZQAvAGEAdABvAG0A&amp;URL=http%3a%2f%2fwww.bund-niedersachsen.de%2fatom\" target=\"_blank\" rel=\"noopener\">www.bund-niedersachsen.de\/atom<\/a><br \/>\n<a href=\"https:\/\/gw.nds.bund.net\/owa\/redir.aspx?SURL=kBlWolW6PL5oBTi9Pwg1pxpbF1BqpQtOYDK-cJmqOA_eQQzmk2PYCGgAdAB0AHAAOgAvAC8AdwB3AHcALgBiAHUAbgBkAC4AbgBlAHQALwBlAG4AZABsAGEAZwBlAHIAcwB1AGMAaABlAA..&amp;URL=http%3a%2f%2fwww.bund.net%2fendlagersuche\" target=\"_blank\" rel=\"noopener\">www.bund.net\/endlagersuche<\/a><br \/>\n<a href=\"https:\/\/gw.nds.bund.net\/owa\/redir.aspx?SURL=YA_Gnj-mV_IwDeTpQb-v0WPn4X3IO1H_mWFEtoYPe2HeQQzmk2PYCGgAdAB0AHAAOgAvAC8AdwB3AHcALgBhAHQAbwBtAG0AdQBlAGwAbAAtAGwAYQBnAGUAcgAtAHMAdQBjAGgAZQAuAGQAZQA.&amp;URL=http%3a%2f%2fwww.atommuell-lager-suche.de\" target=\"_blank\" rel=\"noopener\">www.atommuell-lager-suche.de<\/a><br \/>\nBild von <a href=\"https:\/\/pixabay.com\/de\/users\/rabedirkwennigsen-578324\/?utm_source=link-attribution&amp;utm_medium=referral&amp;utm_campaign=image&amp;utm_content=1471361\">Dirk Rabe<\/a> auf <a href=\"https:\/\/pixabay.com\/de\/?utm_source=link-attribution&amp;utm_medium=referral&amp;utm_campaign=image&amp;utm_content=1471361\">Pixabay<\/a><\/p>\n","protected":false},"excerpt":{"rendered":"<p>Mit der heutigen Ver\u00f6ffentlichung des Zwischenberichts Teilgebiete benennt die Bundesgesellschaft f\u00fcr Endlagerung (BGE) erstmals bundesweit Gebiete, die f\u00fcr ein Atomm\u00fcll-Lager infrage kommen k\u00f6nnten. Dieser erste Schritt im sogenannten Standortauswahlverfahren ist ein Gradmesser f\u00fcr den weiteren Verlauf der Suche. Der BUND Niedersachsen fordert vollst\u00e4ndige Transparenz und ernstgemeinte Beteiligung: Auf Grundlage wissenschaftlich begr\u00fcndbarer Kriterien und mit einer [&hellip;]<\/p>\n","protected":false},"author":1,"featured_media":1931,"comment_status":"closed","ping_status":"closed","sticky":false,"template":"","format":"standard","meta":{"saved_in_kubio":false,"footnotes":""},"categories":[1],"tags":[],"class_list":["post-1928","post","type-post","status-publish","format-standard","has-post-thumbnail","hentry","category-allgemein"],"yoast_head":"<!-- This site is optimized with the Yoast SEO plugin v27.5 - https:\/\/yoast.com\/product\/yoast-seo-wordpress\/ -->\n<title>Wohin mit Deutschlands Atomm\u00fcll? Suche nach Atomm\u00fcll-Lager braucht Transparenz und B\u00fcrgerbeteiligung - Radio Leinewelle<\/title>\n<meta name=\"robots\" content=\"index, follow, max-snippet:-1, max-image-preview:large, max-video-preview:-1\" \/>\n<link rel=\"canonical\" href=\"https:\/\/radioleinewelle.de\/index.php\/2020\/09\/30\/wohin-mit-deutschlands-atommuell-suche-nach-atommuell-lager-braucht-transparenz-und-buergerbeteiligung\/\" \/>\n<meta property=\"og:locale\" content=\"de_DE\" \/>\n<meta property=\"og:type\" content=\"article\" \/>\n<meta property=\"og:title\" content=\"Wohin mit Deutschlands Atomm\u00fcll? Suche nach Atomm\u00fcll-Lager braucht Transparenz und B\u00fcrgerbeteiligung - Radio Leinewelle\" \/>\n<meta property=\"og:description\" content=\"Mit der heutigen Ver\u00f6ffentlichung des Zwischenberichts Teilgebiete benennt die Bundesgesellschaft f\u00fcr Endlagerung (BGE) erstmals bundesweit Gebiete, die f\u00fcr ein Atomm\u00fcll-Lager infrage kommen k\u00f6nnten. Dieser erste Schritt im sogenannten Standortauswahlverfahren ist ein Gradmesser f\u00fcr den weiteren Verlauf der Suche. Der BUND Niedersachsen fordert vollst\u00e4ndige Transparenz und ernstgemeinte Beteiligung: Auf Grundlage wissenschaftlich begr\u00fcndbarer Kriterien und mit einer [&hellip;]\" \/>\n<meta property=\"og:url\" content=\"https:\/\/radioleinewelle.de\/index.php\/2020\/09\/30\/wohin-mit-deutschlands-atommuell-suche-nach-atommuell-lager-braucht-transparenz-und-buergerbeteiligung\/\" \/>\n<meta property=\"og:site_name\" content=\"Radio Leinewelle\" \/>\n<meta property=\"article:publisher\" content=\"https:\/\/www.facebook.com\/radioleinewelle\" \/>\n<meta property=\"article:author\" content=\"https:\/\/www.facebook.com\/radioleinewelle\" \/>\n<meta property=\"article:published_time\" content=\"2020-09-30T03:13:09+00:00\" \/>\n<meta property=\"og:image\" content=\"https:\/\/radioleinewelle.de\/wp-content\/uploads\/2020\/09\/nuclear-waste-1471361__340.jpg\" \/>\n\t<meta property=\"og:image:width\" content=\"657\" \/>\n\t<meta property=\"og:image:height\" content=\"340\" \/>\n\t<meta property=\"og:image:type\" content=\"image\/jpeg\" \/>\n<meta name=\"author\" content=\"Leinewelle\" \/>\n<meta name=\"twitter:card\" content=\"summary_large_image\" \/>\n<meta name=\"twitter:creator\" content=\"@https:\/\/twitter.com\/RLeinewelle?ref_src=twsrcgoogletwcampserptwgrauthor\" \/>\n<meta name=\"twitter:site\" content=\"@RLeinewelle\" \/>\n<meta name=\"twitter:label1\" content=\"Verfasst von\" \/>\n\t<meta name=\"twitter:data1\" content=\"Leinewelle\" \/>\n\t<meta name=\"twitter:label2\" content=\"Gesch\u00e4tzte Lesezeit\" \/>\n\t<meta name=\"twitter:data2\" content=\"3\u00a0Minuten\" \/>\n<script type=\"application\/ld+json\" class=\"yoast-schema-graph\">{\"@context\":\"https:\\\/\\\/schema.org\",\"@graph\":[{\"@type\":\"Article\",\"@id\":\"https:\\\/\\\/radioleinewelle.de\\\/index.php\\\/2020\\\/09\\\/30\\\/wohin-mit-deutschlands-atommuell-suche-nach-atommuell-lager-braucht-transparenz-und-buergerbeteiligung\\\/#article\",\"isPartOf\":{\"@id\":\"https:\\\/\\\/radioleinewelle.de\\\/index.php\\\/2020\\\/09\\\/30\\\/wohin-mit-deutschlands-atommuell-suche-nach-atommuell-lager-braucht-transparenz-und-buergerbeteiligung\\\/\"},\"author\":{\"name\":\"Leinewelle\",\"@id\":\"https:\\\/\\\/radioleinewelle.de\\\/#\\\/schema\\\/person\\\/45606f348637df637192dc1b68399a63\"},\"headline\":\"Wohin mit Deutschlands Atomm\u00fcll? Suche nach Atomm\u00fcll-Lager braucht Transparenz und B\u00fcrgerbeteiligung\",\"datePublished\":\"2020-09-30T03:13:09+00:00\",\"mainEntityOfPage\":{\"@id\":\"https:\\\/\\\/radioleinewelle.de\\\/index.php\\\/2020\\\/09\\\/30\\\/wohin-mit-deutschlands-atommuell-suche-nach-atommuell-lager-braucht-transparenz-und-buergerbeteiligung\\\/\"},\"wordCount\":548,\"publisher\":{\"@id\":\"https:\\\/\\\/radioleinewelle.de\\\/#organization\"},\"image\":{\"@id\":\"https:\\\/\\\/radioleinewelle.de\\\/index.php\\\/2020\\\/09\\\/30\\\/wohin-mit-deutschlands-atommuell-suche-nach-atommuell-lager-braucht-transparenz-und-buergerbeteiligung\\\/#primaryimage\"},\"thumbnailUrl\":\"https:\\\/\\\/radioleinewelle.de\\\/wp-content\\\/uploads\\\/2020\\\/09\\\/nuclear-waste-1471361__340.jpg\",\"inLanguage\":\"de\"},{\"@type\":\"WebPage\",\"@id\":\"https:\\\/\\\/radioleinewelle.de\\\/index.php\\\/2020\\\/09\\\/30\\\/wohin-mit-deutschlands-atommuell-suche-nach-atommuell-lager-braucht-transparenz-und-buergerbeteiligung\\\/\",\"url\":\"https:\\\/\\\/radioleinewelle.de\\\/index.php\\\/2020\\\/09\\\/30\\\/wohin-mit-deutschlands-atommuell-suche-nach-atommuell-lager-braucht-transparenz-und-buergerbeteiligung\\\/\",\"name\":\"Wohin mit Deutschlands Atomm\u00fcll? Suche nach Atomm\u00fcll-Lager braucht Transparenz und B\u00fcrgerbeteiligung - Radio Leinewelle\",\"isPartOf\":{\"@id\":\"https:\\\/\\\/radioleinewelle.de\\\/#website\"},\"primaryImageOfPage\":{\"@id\":\"https:\\\/\\\/radioleinewelle.de\\\/index.php\\\/2020\\\/09\\\/30\\\/wohin-mit-deutschlands-atommuell-suche-nach-atommuell-lager-braucht-transparenz-und-buergerbeteiligung\\\/#primaryimage\"},\"image\":{\"@id\":\"https:\\\/\\\/radioleinewelle.de\\\/index.php\\\/2020\\\/09\\\/30\\\/wohin-mit-deutschlands-atommuell-suche-nach-atommuell-lager-braucht-transparenz-und-buergerbeteiligung\\\/#primaryimage\"},\"thumbnailUrl\":\"https:\\\/\\\/radioleinewelle.de\\\/wp-content\\\/uploads\\\/2020\\\/09\\\/nuclear-waste-1471361__340.jpg\",\"datePublished\":\"2020-09-30T03:13:09+00:00\",\"breadcrumb\":{\"@id\":\"https:\\\/\\\/radioleinewelle.de\\\/index.php\\\/2020\\\/09\\\/30\\\/wohin-mit-deutschlands-atommuell-suche-nach-atommuell-lager-braucht-transparenz-und-buergerbeteiligung\\\/#breadcrumb\"},\"inLanguage\":\"de\",\"potentialAction\":[{\"@type\":\"ReadAction\",\"target\":[\"https:\\\/\\\/radioleinewelle.de\\\/index.php\\\/2020\\\/09\\\/30\\\/wohin-mit-deutschlands-atommuell-suche-nach-atommuell-lager-braucht-transparenz-und-buergerbeteiligung\\\/\"]}]},{\"@type\":\"ImageObject\",\"inLanguage\":\"de\",\"@id\":\"https:\\\/\\\/radioleinewelle.de\\\/index.php\\\/2020\\\/09\\\/30\\\/wohin-mit-deutschlands-atommuell-suche-nach-atommuell-lager-braucht-transparenz-und-buergerbeteiligung\\\/#primaryimage\",\"url\":\"https:\\\/\\\/radioleinewelle.de\\\/wp-content\\\/uploads\\\/2020\\\/09\\\/nuclear-waste-1471361__340.jpg\",\"contentUrl\":\"https:\\\/\\\/radioleinewelle.de\\\/wp-content\\\/uploads\\\/2020\\\/09\\\/nuclear-waste-1471361__340.jpg\",\"width\":657,\"height\":340},{\"@type\":\"BreadcrumbList\",\"@id\":\"https:\\\/\\\/radioleinewelle.de\\\/index.php\\\/2020\\\/09\\\/30\\\/wohin-mit-deutschlands-atommuell-suche-nach-atommuell-lager-braucht-transparenz-und-buergerbeteiligung\\\/#breadcrumb\",\"itemListElement\":[{\"@type\":\"ListItem\",\"position\":1,\"name\":\"Startseite\",\"item\":\"https:\\\/\\\/radioleinewelle.de\\\/\"},{\"@type\":\"ListItem\",\"position\":2,\"name\":\"Wohin mit Deutschlands Atomm\u00fcll? Suche nach Atomm\u00fcll-Lager braucht Transparenz und B\u00fcrgerbeteiligung\"}]},{\"@type\":\"WebSite\",\"@id\":\"https:\\\/\\\/radioleinewelle.de\\\/#website\",\"url\":\"https:\\\/\\\/radioleinewelle.de\\\/\",\"name\":\"Radio Leinewelle\",\"description\":\"\",\"publisher\":{\"@id\":\"https:\\\/\\\/radioleinewelle.de\\\/#organization\"},\"potentialAction\":[{\"@type\":\"SearchAction\",\"target\":{\"@type\":\"EntryPoint\",\"urlTemplate\":\"https:\\\/\\\/radioleinewelle.de\\\/?s={search_term_string}\"},\"query-input\":{\"@type\":\"PropertyValueSpecification\",\"valueRequired\":true,\"valueName\":\"search_term_string\"}}],\"inLanguage\":\"de\"},{\"@type\":\"Organization\",\"@id\":\"https:\\\/\\\/radioleinewelle.de\\\/#organization\",\"name\":\"Radio Leinewelle\",\"alternateName\":\"Mein Radio f\u00fcr S\u00fcdniedersachsen\",\"url\":\"https:\\\/\\\/radioleinewelle.de\\\/\",\"logo\":{\"@type\":\"ImageObject\",\"inLanguage\":\"de\",\"@id\":\"https:\\\/\\\/radioleinewelle.de\\\/#\\\/schema\\\/logo\\\/image\\\/\",\"url\":\"https:\\\/\\\/radioleinewelle.de\\\/wp-content\\\/uploads\\\/2023\\\/11\\\/cropped-Leinewelle_Logo_weiss.png\",\"contentUrl\":\"https:\\\/\\\/radioleinewelle.de\\\/wp-content\\\/uploads\\\/2023\\\/11\\\/cropped-Leinewelle_Logo_weiss.png\",\"width\":854,\"height\":260,\"caption\":\"Radio Leinewelle\"},\"image\":{\"@id\":\"https:\\\/\\\/radioleinewelle.de\\\/#\\\/schema\\\/logo\\\/image\\\/\"},\"sameAs\":[\"https:\\\/\\\/www.facebook.com\\\/radioleinewelle\",\"https:\\\/\\\/x.com\\\/RLeinewelle\",\"https:\\\/\\\/www.instagram.com\\\/radioleinewelle\\\/?hl=de\"]},{\"@type\":\"Person\",\"@id\":\"https:\\\/\\\/radioleinewelle.de\\\/#\\\/schema\\\/person\\\/45606f348637df637192dc1b68399a63\",\"name\":\"Leinewelle\",\"image\":{\"@type\":\"ImageObject\",\"inLanguage\":\"de\",\"@id\":\"https:\\\/\\\/secure.gravatar.com\\\/avatar\\\/05c9a17bc973052ee5d91549bd32fb4dd0dc85b7b85ae94b2e2b4943476bbea5?s=96&d=blank&r=g\",\"url\":\"https:\\\/\\\/secure.gravatar.com\\\/avatar\\\/05c9a17bc973052ee5d91549bd32fb4dd0dc85b7b85ae94b2e2b4943476bbea5?s=96&d=blank&r=g\",\"contentUrl\":\"https:\\\/\\\/secure.gravatar.com\\\/avatar\\\/05c9a17bc973052ee5d91549bd32fb4dd0dc85b7b85ae94b2e2b4943476bbea5?s=96&d=blank&r=g\",\"caption\":\"Leinewelle\"},\"sameAs\":[\"http:\\\/\\\/localhost\\\/radio%20leinewelle\\\/wordpress\",\"https:\\\/\\\/www.facebook.com\\\/radioleinewelle\",\"https:\\\/\\\/www.instagram.com\\\/radioleinewelle\",\"https:\\\/\\\/x.com\\\/https:\\\/\\\/twitter.com\\\/RLeinewelle?ref_src=twsrcgoogletwcampserptwgrauthor\",\"https:\\\/\\\/soundcloud.com\\\/foerderverein-lokalradio?utm_source=clipboard&utm_medium=text&utm_campaign=social_sharing\"],\"url\":\"https:\\\/\\\/radioleinewelle.de\\\/index.php\\\/author\\\/leinewelle\\\/\"}]}<\/script>\n<!-- \/ Yoast SEO plugin. -->","yoast_head_json":{"title":"Wohin mit Deutschlands Atomm\u00fcll? Suche nach Atomm\u00fcll-Lager braucht Transparenz und B\u00fcrgerbeteiligung - Radio Leinewelle","robots":{"index":"index","follow":"follow","max-snippet":"max-snippet:-1","max-image-preview":"max-image-preview:large","max-video-preview":"max-video-preview:-1"},"canonical":"https:\/\/radioleinewelle.de\/index.php\/2020\/09\/30\/wohin-mit-deutschlands-atommuell-suche-nach-atommuell-lager-braucht-transparenz-und-buergerbeteiligung\/","og_locale":"de_DE","og_type":"article","og_title":"Wohin mit Deutschlands Atomm\u00fcll? Suche nach Atomm\u00fcll-Lager braucht Transparenz und B\u00fcrgerbeteiligung - Radio Leinewelle","og_description":"Mit der heutigen Ver\u00f6ffentlichung des Zwischenberichts Teilgebiete benennt die Bundesgesellschaft f\u00fcr Endlagerung (BGE) erstmals bundesweit Gebiete, die f\u00fcr ein Atomm\u00fcll-Lager infrage kommen k\u00f6nnten. Dieser erste Schritt im sogenannten Standortauswahlverfahren ist ein Gradmesser f\u00fcr den weiteren Verlauf der Suche. Der BUND Niedersachsen fordert vollst\u00e4ndige Transparenz und ernstgemeinte Beteiligung: Auf Grundlage wissenschaftlich begr\u00fcndbarer Kriterien und mit einer [&hellip;]","og_url":"https:\/\/radioleinewelle.de\/index.php\/2020\/09\/30\/wohin-mit-deutschlands-atommuell-suche-nach-atommuell-lager-braucht-transparenz-und-buergerbeteiligung\/","og_site_name":"Radio Leinewelle","article_publisher":"https:\/\/www.facebook.com\/radioleinewelle","article_author":"https:\/\/www.facebook.com\/radioleinewelle","article_published_time":"2020-09-30T03:13:09+00:00","og_image":[{"width":657,"height":340,"url":"https:\/\/radioleinewelle.de\/wp-content\/uploads\/2020\/09\/nuclear-waste-1471361__340.jpg","type":"image\/jpeg"}],"author":"Leinewelle","twitter_card":"summary_large_image","twitter_creator":"@https:\/\/twitter.com\/RLeinewelle?ref_src=twsrcgoogletwcampserptwgrauthor","twitter_site":"@RLeinewelle","twitter_misc":{"Verfasst von":"Leinewelle","Gesch\u00e4tzte Lesezeit":"3\u00a0Minuten"},"schema":{"@context":"https:\/\/schema.org","@graph":[{"@type":"Article","@id":"https:\/\/radioleinewelle.de\/index.php\/2020\/09\/30\/wohin-mit-deutschlands-atommuell-suche-nach-atommuell-lager-braucht-transparenz-und-buergerbeteiligung\/#article","isPartOf":{"@id":"https:\/\/radioleinewelle.de\/index.php\/2020\/09\/30\/wohin-mit-deutschlands-atommuell-suche-nach-atommuell-lager-braucht-transparenz-und-buergerbeteiligung\/"},"author":{"name":"Leinewelle","@id":"https:\/\/radioleinewelle.de\/#\/schema\/person\/45606f348637df637192dc1b68399a63"},"headline":"Wohin mit Deutschlands Atomm\u00fcll? Suche nach Atomm\u00fcll-Lager braucht Transparenz und B\u00fcrgerbeteiligung","datePublished":"2020-09-30T03:13:09+00:00","mainEntityOfPage":{"@id":"https:\/\/radioleinewelle.de\/index.php\/2020\/09\/30\/wohin-mit-deutschlands-atommuell-suche-nach-atommuell-lager-braucht-transparenz-und-buergerbeteiligung\/"},"wordCount":548,"publisher":{"@id":"https:\/\/radioleinewelle.de\/#organization"},"image":{"@id":"https:\/\/radioleinewelle.de\/index.php\/2020\/09\/30\/wohin-mit-deutschlands-atommuell-suche-nach-atommuell-lager-braucht-transparenz-und-buergerbeteiligung\/#primaryimage"},"thumbnailUrl":"https:\/\/radioleinewelle.de\/wp-content\/uploads\/2020\/09\/nuclear-waste-1471361__340.jpg","inLanguage":"de"},{"@type":"WebPage","@id":"https:\/\/radioleinewelle.de\/index.php\/2020\/09\/30\/wohin-mit-deutschlands-atommuell-suche-nach-atommuell-lager-braucht-transparenz-und-buergerbeteiligung\/","url":"https:\/\/radioleinewelle.de\/index.php\/2020\/09\/30\/wohin-mit-deutschlands-atommuell-suche-nach-atommuell-lager-braucht-transparenz-und-buergerbeteiligung\/","name":"Wohin mit Deutschlands Atomm\u00fcll? Suche nach Atomm\u00fcll-Lager braucht Transparenz und B\u00fcrgerbeteiligung - Radio Leinewelle","isPartOf":{"@id":"https:\/\/radioleinewelle.de\/#website"},"primaryImageOfPage":{"@id":"https:\/\/radioleinewelle.de\/index.php\/2020\/09\/30\/wohin-mit-deutschlands-atommuell-suche-nach-atommuell-lager-braucht-transparenz-und-buergerbeteiligung\/#primaryimage"},"image":{"@id":"https:\/\/radioleinewelle.de\/index.php\/2020\/09\/30\/wohin-mit-deutschlands-atommuell-suche-nach-atommuell-lager-braucht-transparenz-und-buergerbeteiligung\/#primaryimage"},"thumbnailUrl":"https:\/\/radioleinewelle.de\/wp-content\/uploads\/2020\/09\/nuclear-waste-1471361__340.jpg","datePublished":"2020-09-30T03:13:09+00:00","breadcrumb":{"@id":"https:\/\/radioleinewelle.de\/index.php\/2020\/09\/30\/wohin-mit-deutschlands-atommuell-suche-nach-atommuell-lager-braucht-transparenz-und-buergerbeteiligung\/#breadcrumb"},"inLanguage":"de","potentialAction":[{"@type":"ReadAction","target":["https:\/\/radioleinewelle.de\/index.php\/2020\/09\/30\/wohin-mit-deutschlands-atommuell-suche-nach-atommuell-lager-braucht-transparenz-und-buergerbeteiligung\/"]}]},{"@type":"ImageObject","inLanguage":"de","@id":"https:\/\/radioleinewelle.de\/index.php\/2020\/09\/30\/wohin-mit-deutschlands-atommuell-suche-nach-atommuell-lager-braucht-transparenz-und-buergerbeteiligung\/#primaryimage","url":"https:\/\/radioleinewelle.de\/wp-content\/uploads\/2020\/09\/nuclear-waste-1471361__340.jpg","contentUrl":"https:\/\/radioleinewelle.de\/wp-content\/uploads\/2020\/09\/nuclear-waste-1471361__340.jpg","width":657,"height":340},{"@type":"BreadcrumbList","@id":"https:\/\/radioleinewelle.de\/index.php\/2020\/09\/30\/wohin-mit-deutschlands-atommuell-suche-nach-atommuell-lager-braucht-transparenz-und-buergerbeteiligung\/#breadcrumb","itemListElement":[{"@type":"ListItem","position":1,"name":"Startseite","item":"https:\/\/radioleinewelle.de\/"},{"@type":"ListItem","position":2,"name":"Wohin mit Deutschlands Atomm\u00fcll? Suche nach Atomm\u00fcll-Lager braucht Transparenz und B\u00fcrgerbeteiligung"}]},{"@type":"WebSite","@id":"https:\/\/radioleinewelle.de\/#website","url":"https:\/\/radioleinewelle.de\/","name":"Radio Leinewelle","description":"","publisher":{"@id":"https:\/\/radioleinewelle.de\/#organization"},"potentialAction":[{"@type":"SearchAction","target":{"@type":"EntryPoint","urlTemplate":"https:\/\/radioleinewelle.de\/?s={search_term_string}"},"query-input":{"@type":"PropertyValueSpecification","valueRequired":true,"valueName":"search_term_string"}}],"inLanguage":"de"},{"@type":"Organization","@id":"https:\/\/radioleinewelle.de\/#organization","name":"Radio Leinewelle","alternateName":"Mein Radio f\u00fcr S\u00fcdniedersachsen","url":"https:\/\/radioleinewelle.de\/","logo":{"@type":"ImageObject","inLanguage":"de","@id":"https:\/\/radioleinewelle.de\/#\/schema\/logo\/image\/","url":"https:\/\/radioleinewelle.de\/wp-content\/uploads\/2023\/11\/cropped-Leinewelle_Logo_weiss.png","contentUrl":"https:\/\/radioleinewelle.de\/wp-content\/uploads\/2023\/11\/cropped-Leinewelle_Logo_weiss.png","width":854,"height":260,"caption":"Radio Leinewelle"},"image":{"@id":"https:\/\/radioleinewelle.de\/#\/schema\/logo\/image\/"},"sameAs":["https:\/\/www.facebook.com\/radioleinewelle","https:\/\/x.com\/RLeinewelle","https:\/\/www.instagram.com\/radioleinewelle\/?hl=de"]},{"@type":"Person","@id":"https:\/\/radioleinewelle.de\/#\/schema\/person\/45606f348637df637192dc1b68399a63","name":"Leinewelle","image":{"@type":"ImageObject","inLanguage":"de","@id":"https:\/\/secure.gravatar.com\/avatar\/05c9a17bc973052ee5d91549bd32fb4dd0dc85b7b85ae94b2e2b4943476bbea5?s=96&d=blank&r=g","url":"https:\/\/secure.gravatar.com\/avatar\/05c9a17bc973052ee5d91549bd32fb4dd0dc85b7b85ae94b2e2b4943476bbea5?s=96&d=blank&r=g","contentUrl":"https:\/\/secure.gravatar.com\/avatar\/05c9a17bc973052ee5d91549bd32fb4dd0dc85b7b85ae94b2e2b4943476bbea5?s=96&d=blank&r=g","caption":"Leinewelle"},"sameAs":["http:\/\/localhost\/radio%20leinewelle\/wordpress","https:\/\/www.facebook.com\/radioleinewelle","https:\/\/www.instagram.com\/radioleinewelle","https:\/\/x.com\/https:\/\/twitter.com\/RLeinewelle?ref_src=twsrcgoogletwcampserptwgrauthor","https:\/\/soundcloud.com\/foerderverein-lokalradio?utm_source=clipboard&utm_medium=text&utm_campaign=social_sharing"],"url":"https:\/\/radioleinewelle.de\/index.php\/author\/leinewelle\/"}]}},"_links":{"self":[{"href":"https:\/\/radioleinewelle.de\/index.php\/wp-json\/wp\/v2\/posts\/1928","targetHints":{"allow":["GET"]}}],"collection":[{"href":"https:\/\/radioleinewelle.de\/index.php\/wp-json\/wp\/v2\/posts"}],"about":[{"href":"https:\/\/radioleinewelle.de\/index.php\/wp-json\/wp\/v2\/types\/post"}],"author":[{"embeddable":true,"href":"https:\/\/radioleinewelle.de\/index.php\/wp-json\/wp\/v2\/users\/1"}],"replies":[{"embeddable":true,"href":"https:\/\/radioleinewelle.de\/index.php\/wp-json\/wp\/v2\/comments?post=1928"}],"version-history":[{"count":0,"href":"https:\/\/radioleinewelle.de\/index.php\/wp-json\/wp\/v2\/posts\/1928\/revisions"}],"wp:featuredmedia":[{"embeddable":true,"href":"https:\/\/radioleinewelle.de\/index.php\/wp-json\/wp\/v2\/media\/1931"}],"wp:attachment":[{"href":"https:\/\/radioleinewelle.de\/index.php\/wp-json\/wp\/v2\/media?parent=1928"}],"wp:term":[{"taxonomy":"category","embeddable":true,"href":"https:\/\/radioleinewelle.de\/index.php\/wp-json\/wp\/v2\/categories?post=1928"},{"taxonomy":"post_tag","embeddable":true,"href":"https:\/\/radioleinewelle.de\/index.php\/wp-json\/wp\/v2\/tags?post=1928"}],"curies":[{"name":"wp","href":"https:\/\/api.w.org\/{rel}","templated":true}]}}