{"id":1932,"date":"2020-09-30T05:00:02","date_gmt":"2020-09-30T03:00:02","guid":{"rendered":"https:\/\/radioleinewelle.de\/?p=1932"},"modified":"2020-09-30T05:00:02","modified_gmt":"2020-09-30T03:00:02","slug":"literaturlesungen-im-literaturhaus-nordhessen","status":"publish","type":"post","link":"https:\/\/radioleinewelle.de\/index.php\/2020\/09\/30\/literaturlesungen-im-literaturhaus-nordhessen\/","title":{"rendered":"Literaturlesungen im Literaturhaus Nordhessen"},"content":{"rendered":"<div class=\"SP-Paragraph\" data-sp-table=\"\" data-sp-table-bootstrapped=\"sp-7\">\n<p>Mit einem umfangreichen Lesungsprogramm startet das Literaturhaus Nordhessen nach dem Lockdown wieder voll durch. Nach Monaten des Streamens und der Online-Veranstaltungen wird den Autorinnen und Autoren im Herbstprogramm wieder die M\u00f6glichkeit geboten, live vor Publikum aufzutreten. Selbstverst\u00e4ndlich wird darauf geachtet, dass alle Kontaktregeln, Hygiene- und Sicherheitsauflagen eingehalten werden.\u00a0In der Herbstsaison 2020 stehen bereits zum zweiten Mal Termine im Rahmen der Reihe \u201eLiterarische Herbst\u201c auf dem Programm. Dazu kommen Veranstaltungen im Rahmen des landesweiten Programms \u201eLeseland Hessen\u201c, welches vom Hessischen Ministerium f\u00fcr Wissenschaft und Kunst und HR2 Kultur gef\u00f6rderter wird. Dar\u00fcber hinaus gibt es verschiedene Einzelveranstaltungen.<br \/>\nDie Lesungen werden\u00a0 wieder mit vielen Kooperationspartnern realisiert. Mit dabei sind das Staatstheater Kassel, Stadtbibliothek, Goethes PostamD (ehemals Palais Hopp), Kulturzentrum Schlachthof, Elisabethkirche, Kreuzkirche und das Antiquariat Jenior.<\/p>\n<\/div>\n<section class=\"SP-Text\">\n<p class=\"SP-Headline--paragraph\"><a href=\"https:\/\/kassel.de\/buerger\/kunst_und_kultur\/literatur\/literaturhaus-nordhessen.php\">Das Programm ist hier zu finden <\/a><\/p>\n<div class=\"SP-Paragraph\" data-sp-table=\"\" data-sp-table-bootstrapped=\"sp-8\">\n<p>Sollten sich aufgrund der Corona-Pandemie \u00c4nderungen im Programmablauf ergeben, finden Sie die Informationen in der Detailansicht der einzelnen Veranstaltungen.<\/p>\n<p>Bild von <a href=\"https:\/\/pixabay.com\/de\/users\/AhmadArdity-3112014\/?utm_source=link-attribution&amp;utm_medium=referral&amp;utm_campaign=image&amp;utm_content=2463779\">Ahmad Ardity<\/a> auf <a href=\"https:\/\/pixabay.com\/de\/?utm_source=link-attribution&amp;utm_medium=referral&amp;utm_campaign=image&amp;utm_content=2463779\">Pixabay<\/a><\/p>\n<\/div>\n<\/section>\n","protected":false},"excerpt":{"rendered":"<p>Mit einem umfangreichen Lesungsprogramm startet das Literaturhaus Nordhessen nach dem Lockdown wieder voll durch. Nach Monaten des Streamens und der Online-Veranstaltungen wird den Autorinnen und Autoren im Herbstprogramm wieder die M\u00f6glichkeit geboten, live vor Publikum aufzutreten. Selbstverst\u00e4ndlich wird darauf geachtet, dass alle Kontaktregeln, Hygiene- und Sicherheitsauflagen eingehalten werden.\u00a0In der Herbstsaison 2020 stehen bereits zum zweiten [&hellip;]<\/p>\n","protected":false},"author":1,"featured_media":1497,"comment_status":"closed","ping_status":"closed","sticky":false,"template":"","format":"standard","meta":{"saved_in_kubio":false,"footnotes":""},"categories":[24],"tags":[],"class_list":["post-1932","post","type-post","status-publish","format-standard","has-post-thumbnail","hentry","category-news"],"yoast_head":"<!-- This site is optimized with the Yoast SEO plugin v27.5 - https:\/\/yoast.com\/product\/yoast-seo-wordpress\/ -->\n<title>Literaturlesungen im Literaturhaus Nordhessen - Radio Leinewelle<\/title>\n<meta name=\"robots\" content=\"index, follow, max-snippet:-1, max-image-preview:large, max-video-preview:-1\" \/>\n<link rel=\"canonical\" href=\"https:\/\/radioleinewelle.de\/index.php\/2020\/09\/30\/literaturlesungen-im-literaturhaus-nordhessen\/\" \/>\n<meta property=\"og:locale\" content=\"de_DE\" \/>\n<meta property=\"og:type\" content=\"article\" \/>\n<meta property=\"og:title\" content=\"Literaturlesungen im Literaturhaus Nordhessen - Radio Leinewelle\" \/>\n<meta property=\"og:description\" content=\"Mit einem umfangreichen Lesungsprogramm startet das Literaturhaus Nordhessen nach dem Lockdown wieder voll durch. Nach Monaten des Streamens und der Online-Veranstaltungen wird den Autorinnen und Autoren im Herbstprogramm wieder die M\u00f6glichkeit geboten, live vor Publikum aufzutreten. Selbstverst\u00e4ndlich wird darauf geachtet, dass alle Kontaktregeln, Hygiene- und Sicherheitsauflagen eingehalten werden.\u00a0In der Herbstsaison 2020 stehen bereits zum zweiten [&hellip;]\" \/>\n<meta property=\"og:url\" content=\"https:\/\/radioleinewelle.de\/index.php\/2020\/09\/30\/literaturlesungen-im-literaturhaus-nordhessen\/\" \/>\n<meta property=\"og:site_name\" content=\"Radio Leinewelle\" \/>\n<meta property=\"article:publisher\" content=\"https:\/\/www.facebook.com\/radioleinewelle\" \/>\n<meta property=\"article:author\" content=\"https:\/\/www.facebook.com\/radioleinewelle\" \/>\n<meta property=\"article:published_time\" content=\"2020-09-30T03:00:02+00:00\" \/>\n<meta property=\"og:image\" content=\"https:\/\/radioleinewelle.de\/wp-content\/uploads\/2020\/09\/books-2463779_640.jpg\" \/>\n\t<meta property=\"og:image:width\" content=\"640\" \/>\n\t<meta property=\"og:image:height\" content=\"450\" \/>\n\t<meta property=\"og:image:type\" content=\"image\/jpeg\" \/>\n<meta name=\"author\" content=\"Leinewelle\" \/>\n<meta name=\"twitter:card\" content=\"summary_large_image\" \/>\n<meta name=\"twitter:creator\" content=\"@https:\/\/twitter.com\/RLeinewelle?ref_src=twsrcgoogletwcampserptwgrauthor\" \/>\n<meta name=\"twitter:site\" content=\"@RLeinewelle\" \/>\n<meta name=\"twitter:label1\" content=\"Verfasst von\" \/>\n\t<meta name=\"twitter:data1\" content=\"Leinewelle\" \/>\n\t<meta name=\"twitter:label2\" content=\"Gesch\u00e4tzte Lesezeit\" \/>\n\t<meta name=\"twitter:data2\" content=\"1\u00a0Minute\" \/>\n<script type=\"application\/ld+json\" class=\"yoast-schema-graph\">{\"@context\":\"https:\\\/\\\/schema.org\",\"@graph\":[{\"@type\":\"Article\",\"@id\":\"https:\\\/\\\/radioleinewelle.de\\\/index.php\\\/2020\\\/09\\\/30\\\/literaturlesungen-im-literaturhaus-nordhessen\\\/#article\",\"isPartOf\":{\"@id\":\"https:\\\/\\\/radioleinewelle.de\\\/index.php\\\/2020\\\/09\\\/30\\\/literaturlesungen-im-literaturhaus-nordhessen\\\/\"},\"author\":{\"name\":\"Leinewelle\",\"@id\":\"https:\\\/\\\/radioleinewelle.de\\\/#\\\/schema\\\/person\\\/45606f348637df637192dc1b68399a63\"},\"headline\":\"Literaturlesungen im Literaturhaus Nordhessen\",\"datePublished\":\"2020-09-30T03:00:02+00:00\",\"mainEntityOfPage\":{\"@id\":\"https:\\\/\\\/radioleinewelle.de\\\/index.php\\\/2020\\\/09\\\/30\\\/literaturlesungen-im-literaturhaus-nordhessen\\\/\"},\"wordCount\":163,\"publisher\":{\"@id\":\"https:\\\/\\\/radioleinewelle.de\\\/#organization\"},\"image\":{\"@id\":\"https:\\\/\\\/radioleinewelle.de\\\/index.php\\\/2020\\\/09\\\/30\\\/literaturlesungen-im-literaturhaus-nordhessen\\\/#primaryimage\"},\"thumbnailUrl\":\"https:\\\/\\\/radioleinewelle.de\\\/wp-content\\\/uploads\\\/2020\\\/09\\\/books-2463779_640.jpg\",\"articleSection\":[\"Aktuelle Nachrichten\"],\"inLanguage\":\"de\"},{\"@type\":\"WebPage\",\"@id\":\"https:\\\/\\\/radioleinewelle.de\\\/index.php\\\/2020\\\/09\\\/30\\\/literaturlesungen-im-literaturhaus-nordhessen\\\/\",\"url\":\"https:\\\/\\\/radioleinewelle.de\\\/index.php\\\/2020\\\/09\\\/30\\\/literaturlesungen-im-literaturhaus-nordhessen\\\/\",\"name\":\"Literaturlesungen im Literaturhaus Nordhessen - Radio Leinewelle\",\"isPartOf\":{\"@id\":\"https:\\\/\\\/radioleinewelle.de\\\/#website\"},\"primaryImageOfPage\":{\"@id\":\"https:\\\/\\\/radioleinewelle.de\\\/index.php\\\/2020\\\/09\\\/30\\\/literaturlesungen-im-literaturhaus-nordhessen\\\/#primaryimage\"},\"image\":{\"@id\":\"https:\\\/\\\/radioleinewelle.de\\\/index.php\\\/2020\\\/09\\\/30\\\/literaturlesungen-im-literaturhaus-nordhessen\\\/#primaryimage\"},\"thumbnailUrl\":\"https:\\\/\\\/radioleinewelle.de\\\/wp-content\\\/uploads\\\/2020\\\/09\\\/books-2463779_640.jpg\",\"datePublished\":\"2020-09-30T03:00:02+00:00\",\"breadcrumb\":{\"@id\":\"https:\\\/\\\/radioleinewelle.de\\\/index.php\\\/2020\\\/09\\\/30\\\/literaturlesungen-im-literaturhaus-nordhessen\\\/#breadcrumb\"},\"inLanguage\":\"de\",\"potentialAction\":[{\"@type\":\"ReadAction\",\"target\":[\"https:\\\/\\\/radioleinewelle.de\\\/index.php\\\/2020\\\/09\\\/30\\\/literaturlesungen-im-literaturhaus-nordhessen\\\/\"]}]},{\"@type\":\"ImageObject\",\"inLanguage\":\"de\",\"@id\":\"https:\\\/\\\/radioleinewelle.de\\\/index.php\\\/2020\\\/09\\\/30\\\/literaturlesungen-im-literaturhaus-nordhessen\\\/#primaryimage\",\"url\":\"https:\\\/\\\/radioleinewelle.de\\\/wp-content\\\/uploads\\\/2020\\\/09\\\/books-2463779_640.jpg\",\"contentUrl\":\"https:\\\/\\\/radioleinewelle.de\\\/wp-content\\\/uploads\\\/2020\\\/09\\\/books-2463779_640.jpg\",\"width\":640,\"height\":450},{\"@type\":\"BreadcrumbList\",\"@id\":\"https:\\\/\\\/radioleinewelle.de\\\/index.php\\\/2020\\\/09\\\/30\\\/literaturlesungen-im-literaturhaus-nordhessen\\\/#breadcrumb\",\"itemListElement\":[{\"@type\":\"ListItem\",\"position\":1,\"name\":\"Startseite\",\"item\":\"https:\\\/\\\/radioleinewelle.de\\\/\"},{\"@type\":\"ListItem\",\"position\":2,\"name\":\"Literaturlesungen im Literaturhaus Nordhessen\"}]},{\"@type\":\"WebSite\",\"@id\":\"https:\\\/\\\/radioleinewelle.de\\\/#website\",\"url\":\"https:\\\/\\\/radioleinewelle.de\\\/\",\"name\":\"Radio Leinewelle\",\"description\":\"\",\"publisher\":{\"@id\":\"https:\\\/\\\/radioleinewelle.de\\\/#organization\"},\"potentialAction\":[{\"@type\":\"SearchAction\",\"target\":{\"@type\":\"EntryPoint\",\"urlTemplate\":\"https:\\\/\\\/radioleinewelle.de\\\/?s={search_term_string}\"},\"query-input\":{\"@type\":\"PropertyValueSpecification\",\"valueRequired\":true,\"valueName\":\"search_term_string\"}}],\"inLanguage\":\"de\"},{\"@type\":\"Organization\",\"@id\":\"https:\\\/\\\/radioleinewelle.de\\\/#organization\",\"name\":\"Radio Leinewelle\",\"alternateName\":\"Mein Radio f\u00fcr S\u00fcdniedersachsen\",\"url\":\"https:\\\/\\\/radioleinewelle.de\\\/\",\"logo\":{\"@type\":\"ImageObject\",\"inLanguage\":\"de\",\"@id\":\"https:\\\/\\\/radioleinewelle.de\\\/#\\\/schema\\\/logo\\\/image\\\/\",\"url\":\"https:\\\/\\\/radioleinewelle.de\\\/wp-content\\\/uploads\\\/2023\\\/11\\\/cropped-Leinewelle_Logo_weiss.png\",\"contentUrl\":\"https:\\\/\\\/radioleinewelle.de\\\/wp-content\\\/uploads\\\/2023\\\/11\\\/cropped-Leinewelle_Logo_weiss.png\",\"width\":854,\"height\":260,\"caption\":\"Radio Leinewelle\"},\"image\":{\"@id\":\"https:\\\/\\\/radioleinewelle.de\\\/#\\\/schema\\\/logo\\\/image\\\/\"},\"sameAs\":[\"https:\\\/\\\/www.facebook.com\\\/radioleinewelle\",\"https:\\\/\\\/x.com\\\/RLeinewelle\",\"https:\\\/\\\/www.instagram.com\\\/radioleinewelle\\\/?hl=de\"]},{\"@type\":\"Person\",\"@id\":\"https:\\\/\\\/radioleinewelle.de\\\/#\\\/schema\\\/person\\\/45606f348637df637192dc1b68399a63\",\"name\":\"Leinewelle\",\"image\":{\"@type\":\"ImageObject\",\"inLanguage\":\"de\",\"@id\":\"https:\\\/\\\/secure.gravatar.com\\\/avatar\\\/05c9a17bc973052ee5d91549bd32fb4dd0dc85b7b85ae94b2e2b4943476bbea5?s=96&d=blank&r=g\",\"url\":\"https:\\\/\\\/secure.gravatar.com\\\/avatar\\\/05c9a17bc973052ee5d91549bd32fb4dd0dc85b7b85ae94b2e2b4943476bbea5?s=96&d=blank&r=g\",\"contentUrl\":\"https:\\\/\\\/secure.gravatar.com\\\/avatar\\\/05c9a17bc973052ee5d91549bd32fb4dd0dc85b7b85ae94b2e2b4943476bbea5?s=96&d=blank&r=g\",\"caption\":\"Leinewelle\"},\"sameAs\":[\"http:\\\/\\\/localhost\\\/radio%20leinewelle\\\/wordpress\",\"https:\\\/\\\/www.facebook.com\\\/radioleinewelle\",\"https:\\\/\\\/www.instagram.com\\\/radioleinewelle\",\"https:\\\/\\\/x.com\\\/https:\\\/\\\/twitter.com\\\/RLeinewelle?ref_src=twsrcgoogletwcampserptwgrauthor\",\"https:\\\/\\\/soundcloud.com\\\/foerderverein-lokalradio?utm_source=clipboard&utm_medium=text&utm_campaign=social_sharing\"],\"url\":\"https:\\\/\\\/radioleinewelle.de\\\/index.php\\\/author\\\/leinewelle\\\/\"}]}<\/script>\n<!-- \/ Yoast SEO plugin. -->","yoast_head_json":{"title":"Literaturlesungen im Literaturhaus Nordhessen - Radio Leinewelle","robots":{"index":"index","follow":"follow","max-snippet":"max-snippet:-1","max-image-preview":"max-image-preview:large","max-video-preview":"max-video-preview:-1"},"canonical":"https:\/\/radioleinewelle.de\/index.php\/2020\/09\/30\/literaturlesungen-im-literaturhaus-nordhessen\/","og_locale":"de_DE","og_type":"article","og_title":"Literaturlesungen im Literaturhaus Nordhessen - Radio Leinewelle","og_description":"Mit einem umfangreichen Lesungsprogramm startet das Literaturhaus Nordhessen nach dem Lockdown wieder voll durch. Nach Monaten des Streamens und der Online-Veranstaltungen wird den Autorinnen und Autoren im Herbstprogramm wieder die M\u00f6glichkeit geboten, live vor Publikum aufzutreten. Selbstverst\u00e4ndlich wird darauf geachtet, dass alle Kontaktregeln, Hygiene- und Sicherheitsauflagen eingehalten werden.\u00a0In der Herbstsaison 2020 stehen bereits zum zweiten [&hellip;]","og_url":"https:\/\/radioleinewelle.de\/index.php\/2020\/09\/30\/literaturlesungen-im-literaturhaus-nordhessen\/","og_site_name":"Radio Leinewelle","article_publisher":"https:\/\/www.facebook.com\/radioleinewelle","article_author":"https:\/\/www.facebook.com\/radioleinewelle","article_published_time":"2020-09-30T03:00:02+00:00","og_image":[{"width":640,"height":450,"url":"https:\/\/radioleinewelle.de\/wp-content\/uploads\/2020\/09\/books-2463779_640.jpg","type":"image\/jpeg"}],"author":"Leinewelle","twitter_card":"summary_large_image","twitter_creator":"@https:\/\/twitter.com\/RLeinewelle?ref_src=twsrcgoogletwcampserptwgrauthor","twitter_site":"@RLeinewelle","twitter_misc":{"Verfasst von":"Leinewelle","Gesch\u00e4tzte Lesezeit":"1\u00a0Minute"},"schema":{"@context":"https:\/\/schema.org","@graph":[{"@type":"Article","@id":"https:\/\/radioleinewelle.de\/index.php\/2020\/09\/30\/literaturlesungen-im-literaturhaus-nordhessen\/#article","isPartOf":{"@id":"https:\/\/radioleinewelle.de\/index.php\/2020\/09\/30\/literaturlesungen-im-literaturhaus-nordhessen\/"},"author":{"name":"Leinewelle","@id":"https:\/\/radioleinewelle.de\/#\/schema\/person\/45606f348637df637192dc1b68399a63"},"headline":"Literaturlesungen im Literaturhaus Nordhessen","datePublished":"2020-09-30T03:00:02+00:00","mainEntityOfPage":{"@id":"https:\/\/radioleinewelle.de\/index.php\/2020\/09\/30\/literaturlesungen-im-literaturhaus-nordhessen\/"},"wordCount":163,"publisher":{"@id":"https:\/\/radioleinewelle.de\/#organization"},"image":{"@id":"https:\/\/radioleinewelle.de\/index.php\/2020\/09\/30\/literaturlesungen-im-literaturhaus-nordhessen\/#primaryimage"},"thumbnailUrl":"https:\/\/radioleinewelle.de\/wp-content\/uploads\/2020\/09\/books-2463779_640.jpg","articleSection":["Aktuelle Nachrichten"],"inLanguage":"de"},{"@type":"WebPage","@id":"https:\/\/radioleinewelle.de\/index.php\/2020\/09\/30\/literaturlesungen-im-literaturhaus-nordhessen\/","url":"https:\/\/radioleinewelle.de\/index.php\/2020\/09\/30\/literaturlesungen-im-literaturhaus-nordhessen\/","name":"Literaturlesungen im Literaturhaus Nordhessen - Radio Leinewelle","isPartOf":{"@id":"https:\/\/radioleinewelle.de\/#website"},"primaryImageOfPage":{"@id":"https:\/\/radioleinewelle.de\/index.php\/2020\/09\/30\/literaturlesungen-im-literaturhaus-nordhessen\/#primaryimage"},"image":{"@id":"https:\/\/radioleinewelle.de\/index.php\/2020\/09\/30\/literaturlesungen-im-literaturhaus-nordhessen\/#primaryimage"},"thumbnailUrl":"https:\/\/radioleinewelle.de\/wp-content\/uploads\/2020\/09\/books-2463779_640.jpg","datePublished":"2020-09-30T03:00:02+00:00","breadcrumb":{"@id":"https:\/\/radioleinewelle.de\/index.php\/2020\/09\/30\/literaturlesungen-im-literaturhaus-nordhessen\/#breadcrumb"},"inLanguage":"de","potentialAction":[{"@type":"ReadAction","target":["https:\/\/radioleinewelle.de\/index.php\/2020\/09\/30\/literaturlesungen-im-literaturhaus-nordhessen\/"]}]},{"@type":"ImageObject","inLanguage":"de","@id":"https:\/\/radioleinewelle.de\/index.php\/2020\/09\/30\/literaturlesungen-im-literaturhaus-nordhessen\/#primaryimage","url":"https:\/\/radioleinewelle.de\/wp-content\/uploads\/2020\/09\/books-2463779_640.jpg","contentUrl":"https:\/\/radioleinewelle.de\/wp-content\/uploads\/2020\/09\/books-2463779_640.jpg","width":640,"height":450},{"@type":"BreadcrumbList","@id":"https:\/\/radioleinewelle.de\/index.php\/2020\/09\/30\/literaturlesungen-im-literaturhaus-nordhessen\/#breadcrumb","itemListElement":[{"@type":"ListItem","position":1,"name":"Startseite","item":"https:\/\/radioleinewelle.de\/"},{"@type":"ListItem","position":2,"name":"Literaturlesungen im Literaturhaus Nordhessen"}]},{"@type":"WebSite","@id":"https:\/\/radioleinewelle.de\/#website","url":"https:\/\/radioleinewelle.de\/","name":"Radio Leinewelle","description":"","publisher":{"@id":"https:\/\/radioleinewelle.de\/#organization"},"potentialAction":[{"@type":"SearchAction","target":{"@type":"EntryPoint","urlTemplate":"https:\/\/radioleinewelle.de\/?s={search_term_string}"},"query-input":{"@type":"PropertyValueSpecification","valueRequired":true,"valueName":"search_term_string"}}],"inLanguage":"de"},{"@type":"Organization","@id":"https:\/\/radioleinewelle.de\/#organization","name":"Radio Leinewelle","alternateName":"Mein Radio f\u00fcr S\u00fcdniedersachsen","url":"https:\/\/radioleinewelle.de\/","logo":{"@type":"ImageObject","inLanguage":"de","@id":"https:\/\/radioleinewelle.de\/#\/schema\/logo\/image\/","url":"https:\/\/radioleinewelle.de\/wp-content\/uploads\/2023\/11\/cropped-Leinewelle_Logo_weiss.png","contentUrl":"https:\/\/radioleinewelle.de\/wp-content\/uploads\/2023\/11\/cropped-Leinewelle_Logo_weiss.png","width":854,"height":260,"caption":"Radio Leinewelle"},"image":{"@id":"https:\/\/radioleinewelle.de\/#\/schema\/logo\/image\/"},"sameAs":["https:\/\/www.facebook.com\/radioleinewelle","https:\/\/x.com\/RLeinewelle","https:\/\/www.instagram.com\/radioleinewelle\/?hl=de"]},{"@type":"Person","@id":"https:\/\/radioleinewelle.de\/#\/schema\/person\/45606f348637df637192dc1b68399a63","name":"Leinewelle","image":{"@type":"ImageObject","inLanguage":"de","@id":"https:\/\/secure.gravatar.com\/avatar\/05c9a17bc973052ee5d91549bd32fb4dd0dc85b7b85ae94b2e2b4943476bbea5?s=96&d=blank&r=g","url":"https:\/\/secure.gravatar.com\/avatar\/05c9a17bc973052ee5d91549bd32fb4dd0dc85b7b85ae94b2e2b4943476bbea5?s=96&d=blank&r=g","contentUrl":"https:\/\/secure.gravatar.com\/avatar\/05c9a17bc973052ee5d91549bd32fb4dd0dc85b7b85ae94b2e2b4943476bbea5?s=96&d=blank&r=g","caption":"Leinewelle"},"sameAs":["http:\/\/localhost\/radio%20leinewelle\/wordpress","https:\/\/www.facebook.com\/radioleinewelle","https:\/\/www.instagram.com\/radioleinewelle","https:\/\/x.com\/https:\/\/twitter.com\/RLeinewelle?ref_src=twsrcgoogletwcampserptwgrauthor","https:\/\/soundcloud.com\/foerderverein-lokalradio?utm_source=clipboard&utm_medium=text&utm_campaign=social_sharing"],"url":"https:\/\/radioleinewelle.de\/index.php\/author\/leinewelle\/"}]}},"_links":{"self":[{"href":"https:\/\/radioleinewelle.de\/index.php\/wp-json\/wp\/v2\/posts\/1932","targetHints":{"allow":["GET"]}}],"collection":[{"href":"https:\/\/radioleinewelle.de\/index.php\/wp-json\/wp\/v2\/posts"}],"about":[{"href":"https:\/\/radioleinewelle.de\/index.php\/wp-json\/wp\/v2\/types\/post"}],"author":[{"embeddable":true,"href":"https:\/\/radioleinewelle.de\/index.php\/wp-json\/wp\/v2\/users\/1"}],"replies":[{"embeddable":true,"href":"https:\/\/radioleinewelle.de\/index.php\/wp-json\/wp\/v2\/comments?post=1932"}],"version-history":[{"count":0,"href":"https:\/\/radioleinewelle.de\/index.php\/wp-json\/wp\/v2\/posts\/1932\/revisions"}],"wp:featuredmedia":[{"embeddable":true,"href":"https:\/\/radioleinewelle.de\/index.php\/wp-json\/wp\/v2\/media\/1497"}],"wp:attachment":[{"href":"https:\/\/radioleinewelle.de\/index.php\/wp-json\/wp\/v2\/media?parent=1932"}],"wp:term":[{"taxonomy":"category","embeddable":true,"href":"https:\/\/radioleinewelle.de\/index.php\/wp-json\/wp\/v2\/categories?post=1932"},{"taxonomy":"post_tag","embeddable":true,"href":"https:\/\/radioleinewelle.de\/index.php\/wp-json\/wp\/v2\/tags?post=1932"}],"curies":[{"name":"wp","href":"https:\/\/api.w.org\/{rel}","templated":true}]}}