{"id":1936,"date":"2020-09-30T05:15:23","date_gmt":"2020-09-30T03:15:23","guid":{"rendered":"https:\/\/radioleinewelle.de\/?p=1936"},"modified":"2020-09-30T05:15:23","modified_gmt":"2020-09-30T03:15:23","slug":"gesundheitscampus-goettingen-verabschiedet-erste-absolventen","status":"publish","type":"post","link":"https:\/\/radioleinewelle.de\/index.php\/2020\/09\/30\/gesundheitscampus-goettingen-verabschiedet-erste-absolventen\/","title":{"rendered":"Gesundheitscampus G\u00f6ttingen verabschiedet erste Absolventen"},"content":{"rendered":"<p>Am Gesundheitscampus G\u00f6ttingen konnten nach dem Start des Kooperationsprojektes von Universit\u00e4tsmedizin G\u00f6ttingen (UMG) und HAWK im Jahr 2016 jetzt die ersten Studienabschl\u00fcsse gefeiert werden. Vor vier Jahren waren etwa vierzig Studierende in das vierj\u00e4hrige duale und ausbildungsintegrierte Studium der ersten Studieng\u00e4nge Pflege und Therapiewissenschaften gestartet. Sechs von ihnen konnten jetzt trotz Corona-bedingter Umstellung auf Online-Lehre und den damit verbundenen Herausforderungen ihre Bachelor-Arbeiten im Rahmen des Bachelor-Kolloquiums pr\u00e4sentieren.<\/p>\n<div>\n<div>\n<section class=\"module text paragraph paragraph--type--para-text paragraph--view-mode--default text--collapsable component-loaded text--expanded\" data-truncate=\"\">\n<div data-truncate-full=\"\">\n<p>Die ersten sechs Studentinnen Vivian Isabell Sander und Maren Wallbaum, Studentinnen aus dem Studiengang Therapiewissenschaften in der Studienrichtung Logop\u00e4die, sowie Claudia Kern, Sabrina Wehling, Anita Hollenbach und Sandra Diederich aus dem Studiengang Pflege stellten ihre Bachelor-Themen im Rahmen des Kolloquiums vor. Es fand unter den Abstands- und Hygienebedingungen in den derzeitigen R\u00e4umen des Gesundheitscampus G\u00f6ttingen an der Philipp-Reis-Stra\u00dfe statt. Die Pr\u00fcfer*innen waren sowohl von der HAWK als auch von der UMG bestellt. Hochschulg\u00e4ste und interessierte Kolleg*innen aus der kooperierenden Bildungsakademie der UMG konnten der Veranstaltung digital folgen.<\/p>\n<div class=\"readmore\">\u00a0Prof. Dr. Andrea Koch, Dekanin der HAWK-Fakult\u00e4t Ingenieurwissenschaften und Gesundheit, unter deren organisatorischem Dach der Gesundheitscampus G\u00f6ttingen l\u00e4uft, Prodekan Gesundheit, Prof. Dr. Christoph Ru\u00dfmann, die Studiendekanin Gesundheit, Prof. Dr. Juliane Leinweber sowie die Pflegedirektorin der UMG, Helle Dokken, und die Leiterin der Bildungsakademie der UMG, Elke Hattenbach, begr\u00fc\u00dften die Absolventinnen und die G\u00e4ste und hoben die Bedeutung der Akademisierung in den Gesundheitsfachberufen hervor. Gisela Ruwe (ehem. Leiterin der Schule f\u00fcr Kranken- und Kinderkrankenpflege der UMG), Benedicta M\u00fcller (stellv. Leiterin der UMG-Schule f\u00fcr Logop\u00e4die) und Ina-Maria Andr\u00e9 (Leiterin der Schule f\u00fcr Physiotherapie an der UMG) begl\u00fcckw\u00fcnschten die ersten Absolventinnen. Die anderen Studierenden werden mit ihren Arbeiten folgen.<\/div>\n<p><strong>Das Foto zeigt:<\/strong> (v.l.n.r.; 1 Reihe) Vivian Isabell Sander, Sabrina Wehling, Maren Wallbaum, (v.l.n.r.; 2.Reihe) Anita Hollenbach, Sandra Diederich, Claudia Kern; (v.l.n.r. 3.Reihe) Dr. Christin Scheidler (Studiengangkoordination Logop\u00e4die), Prof. Dr. Juliane Leinweber (Professorin f\u00fcr Therapiewissenschaften), dahinter Eric Steigmeier (Studiengangkoordination Pflege) und Dr. Sabine W\u00f6hlke (Verwaltungsprofessorin f\u00fcr Pflege).<\/p>\n<p>&nbsp;<\/p>\n<\/div>\n<div data-truncate-text=\"\">\n<p>&nbsp;<\/p>\n<\/div>\n<\/section>\n<\/div>\n<\/div>\n","protected":false},"excerpt":{"rendered":"<p>Am Gesundheitscampus G\u00f6ttingen konnten nach dem Start des Kooperationsprojektes von Universit\u00e4tsmedizin G\u00f6ttingen (UMG) und HAWK im Jahr 2016 jetzt die ersten Studienabschl\u00fcsse gefeiert werden. Vor vier Jahren waren etwa vierzig Studierende in das vierj\u00e4hrige duale und ausbildungsintegrierte Studium der ersten Studieng\u00e4nge Pflege und Therapiewissenschaften gestartet. Sechs von ihnen konnten jetzt trotz Corona-bedingter Umstellung auf Online-Lehre [&hellip;]<\/p>\n","protected":false},"author":1,"featured_media":1938,"comment_status":"closed","ping_status":"closed","sticky":false,"template":"","format":"standard","meta":{"saved_in_kubio":false,"footnotes":""},"categories":[1],"tags":[],"class_list":["post-1936","post","type-post","status-publish","format-standard","has-post-thumbnail","hentry","category-allgemein"],"yoast_head":"<!-- This site is optimized with the Yoast SEO plugin v27.5 - https:\/\/yoast.com\/product\/yoast-seo-wordpress\/ -->\n<title>Gesundheitscampus G\u00f6ttingen verabschiedet erste Absolventen - Radio Leinewelle<\/title>\n<meta name=\"robots\" content=\"index, follow, max-snippet:-1, max-image-preview:large, max-video-preview:-1\" \/>\n<link rel=\"canonical\" href=\"https:\/\/radioleinewelle.de\/index.php\/2020\/09\/30\/gesundheitscampus-goettingen-verabschiedet-erste-absolventen\/\" \/>\n<meta property=\"og:locale\" content=\"de_DE\" \/>\n<meta property=\"og:type\" content=\"article\" \/>\n<meta property=\"og:title\" content=\"Gesundheitscampus G\u00f6ttingen verabschiedet erste Absolventen - Radio Leinewelle\" \/>\n<meta property=\"og:description\" content=\"Am Gesundheitscampus G\u00f6ttingen konnten nach dem Start des Kooperationsprojektes von Universit\u00e4tsmedizin G\u00f6ttingen (UMG) und HAWK im Jahr 2016 jetzt die ersten Studienabschl\u00fcsse gefeiert werden. Vor vier Jahren waren etwa vierzig Studierende in das vierj\u00e4hrige duale und ausbildungsintegrierte Studium der ersten Studieng\u00e4nge Pflege und Therapiewissenschaften gestartet. Sechs von ihnen konnten jetzt trotz Corona-bedingter Umstellung auf Online-Lehre [&hellip;]\" \/>\n<meta property=\"og:url\" content=\"https:\/\/radioleinewelle.de\/index.php\/2020\/09\/30\/gesundheitscampus-goettingen-verabschiedet-erste-absolventen\/\" \/>\n<meta property=\"og:site_name\" content=\"Radio Leinewelle\" \/>\n<meta property=\"article:publisher\" content=\"https:\/\/www.facebook.com\/radioleinewelle\" \/>\n<meta property=\"article:author\" content=\"https:\/\/www.facebook.com\/radioleinewelle\" \/>\n<meta property=\"article:published_time\" content=\"2020-09-30T03:15:23+00:00\" \/>\n<meta property=\"og:image\" content=\"https:\/\/radioleinewelle.de\/wp-content\/uploads\/2020\/09\/HAWK-Gesundheitscampus-e1601384295987.jpg\" \/>\n\t<meta property=\"og:image:width\" content=\"800\" \/>\n\t<meta property=\"og:image:height\" content=\"450\" \/>\n\t<meta property=\"og:image:type\" content=\"image\/jpeg\" \/>\n<meta name=\"author\" content=\"Leinewelle\" \/>\n<meta name=\"twitter:card\" content=\"summary_large_image\" \/>\n<meta name=\"twitter:creator\" content=\"@https:\/\/twitter.com\/RLeinewelle?ref_src=twsrcgoogletwcampserptwgrauthor\" \/>\n<meta name=\"twitter:site\" content=\"@RLeinewelle\" \/>\n<meta name=\"twitter:label1\" content=\"Verfasst von\" \/>\n\t<meta name=\"twitter:data1\" content=\"Leinewelle\" \/>\n\t<meta name=\"twitter:label2\" content=\"Gesch\u00e4tzte Lesezeit\" \/>\n\t<meta name=\"twitter:data2\" content=\"2\u00a0Minuten\" \/>\n<script type=\"application\/ld+json\" class=\"yoast-schema-graph\">{\"@context\":\"https:\\\/\\\/schema.org\",\"@graph\":[{\"@type\":\"Article\",\"@id\":\"https:\\\/\\\/radioleinewelle.de\\\/index.php\\\/2020\\\/09\\\/30\\\/gesundheitscampus-goettingen-verabschiedet-erste-absolventen\\\/#article\",\"isPartOf\":{\"@id\":\"https:\\\/\\\/radioleinewelle.de\\\/index.php\\\/2020\\\/09\\\/30\\\/gesundheitscampus-goettingen-verabschiedet-erste-absolventen\\\/\"},\"author\":{\"name\":\"Leinewelle\",\"@id\":\"https:\\\/\\\/radioleinewelle.de\\\/#\\\/schema\\\/person\\\/45606f348637df637192dc1b68399a63\"},\"headline\":\"Gesundheitscampus G\u00f6ttingen verabschiedet erste Absolventen\",\"datePublished\":\"2020-09-30T03:15:23+00:00\",\"mainEntityOfPage\":{\"@id\":\"https:\\\/\\\/radioleinewelle.de\\\/index.php\\\/2020\\\/09\\\/30\\\/gesundheitscampus-goettingen-verabschiedet-erste-absolventen\\\/\"},\"wordCount\":354,\"publisher\":{\"@id\":\"https:\\\/\\\/radioleinewelle.de\\\/#organization\"},\"image\":{\"@id\":\"https:\\\/\\\/radioleinewelle.de\\\/index.php\\\/2020\\\/09\\\/30\\\/gesundheitscampus-goettingen-verabschiedet-erste-absolventen\\\/#primaryimage\"},\"thumbnailUrl\":\"https:\\\/\\\/radioleinewelle.de\\\/wp-content\\\/uploads\\\/2020\\\/09\\\/HAWK-Gesundheitscampus-e1601384295987.jpg\",\"inLanguage\":\"de\"},{\"@type\":\"WebPage\",\"@id\":\"https:\\\/\\\/radioleinewelle.de\\\/index.php\\\/2020\\\/09\\\/30\\\/gesundheitscampus-goettingen-verabschiedet-erste-absolventen\\\/\",\"url\":\"https:\\\/\\\/radioleinewelle.de\\\/index.php\\\/2020\\\/09\\\/30\\\/gesundheitscampus-goettingen-verabschiedet-erste-absolventen\\\/\",\"name\":\"Gesundheitscampus G\u00f6ttingen verabschiedet erste Absolventen - Radio Leinewelle\",\"isPartOf\":{\"@id\":\"https:\\\/\\\/radioleinewelle.de\\\/#website\"},\"primaryImageOfPage\":{\"@id\":\"https:\\\/\\\/radioleinewelle.de\\\/index.php\\\/2020\\\/09\\\/30\\\/gesundheitscampus-goettingen-verabschiedet-erste-absolventen\\\/#primaryimage\"},\"image\":{\"@id\":\"https:\\\/\\\/radioleinewelle.de\\\/index.php\\\/2020\\\/09\\\/30\\\/gesundheitscampus-goettingen-verabschiedet-erste-absolventen\\\/#primaryimage\"},\"thumbnailUrl\":\"https:\\\/\\\/radioleinewelle.de\\\/wp-content\\\/uploads\\\/2020\\\/09\\\/HAWK-Gesundheitscampus-e1601384295987.jpg\",\"datePublished\":\"2020-09-30T03:15:23+00:00\",\"breadcrumb\":{\"@id\":\"https:\\\/\\\/radioleinewelle.de\\\/index.php\\\/2020\\\/09\\\/30\\\/gesundheitscampus-goettingen-verabschiedet-erste-absolventen\\\/#breadcrumb\"},\"inLanguage\":\"de\",\"potentialAction\":[{\"@type\":\"ReadAction\",\"target\":[\"https:\\\/\\\/radioleinewelle.de\\\/index.php\\\/2020\\\/09\\\/30\\\/gesundheitscampus-goettingen-verabschiedet-erste-absolventen\\\/\"]}]},{\"@type\":\"ImageObject\",\"inLanguage\":\"de\",\"@id\":\"https:\\\/\\\/radioleinewelle.de\\\/index.php\\\/2020\\\/09\\\/30\\\/gesundheitscampus-goettingen-verabschiedet-erste-absolventen\\\/#primaryimage\",\"url\":\"https:\\\/\\\/radioleinewelle.de\\\/wp-content\\\/uploads\\\/2020\\\/09\\\/HAWK-Gesundheitscampus-e1601384295987.jpg\",\"contentUrl\":\"https:\\\/\\\/radioleinewelle.de\\\/wp-content\\\/uploads\\\/2020\\\/09\\\/HAWK-Gesundheitscampus-e1601384295987.jpg\",\"width\":800,\"height\":450},{\"@type\":\"BreadcrumbList\",\"@id\":\"https:\\\/\\\/radioleinewelle.de\\\/index.php\\\/2020\\\/09\\\/30\\\/gesundheitscampus-goettingen-verabschiedet-erste-absolventen\\\/#breadcrumb\",\"itemListElement\":[{\"@type\":\"ListItem\",\"position\":1,\"name\":\"Startseite\",\"item\":\"https:\\\/\\\/radioleinewelle.de\\\/\"},{\"@type\":\"ListItem\",\"position\":2,\"name\":\"Gesundheitscampus G\u00f6ttingen verabschiedet erste Absolventen\"}]},{\"@type\":\"WebSite\",\"@id\":\"https:\\\/\\\/radioleinewelle.de\\\/#website\",\"url\":\"https:\\\/\\\/radioleinewelle.de\\\/\",\"name\":\"Radio Leinewelle\",\"description\":\"\",\"publisher\":{\"@id\":\"https:\\\/\\\/radioleinewelle.de\\\/#organization\"},\"potentialAction\":[{\"@type\":\"SearchAction\",\"target\":{\"@type\":\"EntryPoint\",\"urlTemplate\":\"https:\\\/\\\/radioleinewelle.de\\\/?s={search_term_string}\"},\"query-input\":{\"@type\":\"PropertyValueSpecification\",\"valueRequired\":true,\"valueName\":\"search_term_string\"}}],\"inLanguage\":\"de\"},{\"@type\":\"Organization\",\"@id\":\"https:\\\/\\\/radioleinewelle.de\\\/#organization\",\"name\":\"Radio Leinewelle\",\"alternateName\":\"Mein Radio f\u00fcr S\u00fcdniedersachsen\",\"url\":\"https:\\\/\\\/radioleinewelle.de\\\/\",\"logo\":{\"@type\":\"ImageObject\",\"inLanguage\":\"de\",\"@id\":\"https:\\\/\\\/radioleinewelle.de\\\/#\\\/schema\\\/logo\\\/image\\\/\",\"url\":\"https:\\\/\\\/radioleinewelle.de\\\/wp-content\\\/uploads\\\/2023\\\/11\\\/cropped-Leinewelle_Logo_weiss.png\",\"contentUrl\":\"https:\\\/\\\/radioleinewelle.de\\\/wp-content\\\/uploads\\\/2023\\\/11\\\/cropped-Leinewelle_Logo_weiss.png\",\"width\":854,\"height\":260,\"caption\":\"Radio Leinewelle\"},\"image\":{\"@id\":\"https:\\\/\\\/radioleinewelle.de\\\/#\\\/schema\\\/logo\\\/image\\\/\"},\"sameAs\":[\"https:\\\/\\\/www.facebook.com\\\/radioleinewelle\",\"https:\\\/\\\/x.com\\\/RLeinewelle\",\"https:\\\/\\\/www.instagram.com\\\/radioleinewelle\\\/?hl=de\"]},{\"@type\":\"Person\",\"@id\":\"https:\\\/\\\/radioleinewelle.de\\\/#\\\/schema\\\/person\\\/45606f348637df637192dc1b68399a63\",\"name\":\"Leinewelle\",\"image\":{\"@type\":\"ImageObject\",\"inLanguage\":\"de\",\"@id\":\"https:\\\/\\\/secure.gravatar.com\\\/avatar\\\/05c9a17bc973052ee5d91549bd32fb4dd0dc85b7b85ae94b2e2b4943476bbea5?s=96&d=blank&r=g\",\"url\":\"https:\\\/\\\/secure.gravatar.com\\\/avatar\\\/05c9a17bc973052ee5d91549bd32fb4dd0dc85b7b85ae94b2e2b4943476bbea5?s=96&d=blank&r=g\",\"contentUrl\":\"https:\\\/\\\/secure.gravatar.com\\\/avatar\\\/05c9a17bc973052ee5d91549bd32fb4dd0dc85b7b85ae94b2e2b4943476bbea5?s=96&d=blank&r=g\",\"caption\":\"Leinewelle\"},\"sameAs\":[\"http:\\\/\\\/localhost\\\/radio%20leinewelle\\\/wordpress\",\"https:\\\/\\\/www.facebook.com\\\/radioleinewelle\",\"https:\\\/\\\/www.instagram.com\\\/radioleinewelle\",\"https:\\\/\\\/x.com\\\/https:\\\/\\\/twitter.com\\\/RLeinewelle?ref_src=twsrcgoogletwcampserptwgrauthor\",\"https:\\\/\\\/soundcloud.com\\\/foerderverein-lokalradio?utm_source=clipboard&utm_medium=text&utm_campaign=social_sharing\"],\"url\":\"https:\\\/\\\/radioleinewelle.de\\\/index.php\\\/author\\\/leinewelle\\\/\"}]}<\/script>\n<!-- \/ Yoast SEO plugin. -->","yoast_head_json":{"title":"Gesundheitscampus G\u00f6ttingen verabschiedet erste Absolventen - Radio Leinewelle","robots":{"index":"index","follow":"follow","max-snippet":"max-snippet:-1","max-image-preview":"max-image-preview:large","max-video-preview":"max-video-preview:-1"},"canonical":"https:\/\/radioleinewelle.de\/index.php\/2020\/09\/30\/gesundheitscampus-goettingen-verabschiedet-erste-absolventen\/","og_locale":"de_DE","og_type":"article","og_title":"Gesundheitscampus G\u00f6ttingen verabschiedet erste Absolventen - Radio Leinewelle","og_description":"Am Gesundheitscampus G\u00f6ttingen konnten nach dem Start des Kooperationsprojektes von Universit\u00e4tsmedizin G\u00f6ttingen (UMG) und HAWK im Jahr 2016 jetzt die ersten Studienabschl\u00fcsse gefeiert werden. Vor vier Jahren waren etwa vierzig Studierende in das vierj\u00e4hrige duale und ausbildungsintegrierte Studium der ersten Studieng\u00e4nge Pflege und Therapiewissenschaften gestartet. Sechs von ihnen konnten jetzt trotz Corona-bedingter Umstellung auf Online-Lehre [&hellip;]","og_url":"https:\/\/radioleinewelle.de\/index.php\/2020\/09\/30\/gesundheitscampus-goettingen-verabschiedet-erste-absolventen\/","og_site_name":"Radio Leinewelle","article_publisher":"https:\/\/www.facebook.com\/radioleinewelle","article_author":"https:\/\/www.facebook.com\/radioleinewelle","article_published_time":"2020-09-30T03:15:23+00:00","og_image":[{"width":800,"height":450,"url":"https:\/\/radioleinewelle.de\/wp-content\/uploads\/2020\/09\/HAWK-Gesundheitscampus-e1601384295987.jpg","type":"image\/jpeg"}],"author":"Leinewelle","twitter_card":"summary_large_image","twitter_creator":"@https:\/\/twitter.com\/RLeinewelle?ref_src=twsrcgoogletwcampserptwgrauthor","twitter_site":"@RLeinewelle","twitter_misc":{"Verfasst von":"Leinewelle","Gesch\u00e4tzte Lesezeit":"2\u00a0Minuten"},"schema":{"@context":"https:\/\/schema.org","@graph":[{"@type":"Article","@id":"https:\/\/radioleinewelle.de\/index.php\/2020\/09\/30\/gesundheitscampus-goettingen-verabschiedet-erste-absolventen\/#article","isPartOf":{"@id":"https:\/\/radioleinewelle.de\/index.php\/2020\/09\/30\/gesundheitscampus-goettingen-verabschiedet-erste-absolventen\/"},"author":{"name":"Leinewelle","@id":"https:\/\/radioleinewelle.de\/#\/schema\/person\/45606f348637df637192dc1b68399a63"},"headline":"Gesundheitscampus G\u00f6ttingen verabschiedet erste Absolventen","datePublished":"2020-09-30T03:15:23+00:00","mainEntityOfPage":{"@id":"https:\/\/radioleinewelle.de\/index.php\/2020\/09\/30\/gesundheitscampus-goettingen-verabschiedet-erste-absolventen\/"},"wordCount":354,"publisher":{"@id":"https:\/\/radioleinewelle.de\/#organization"},"image":{"@id":"https:\/\/radioleinewelle.de\/index.php\/2020\/09\/30\/gesundheitscampus-goettingen-verabschiedet-erste-absolventen\/#primaryimage"},"thumbnailUrl":"https:\/\/radioleinewelle.de\/wp-content\/uploads\/2020\/09\/HAWK-Gesundheitscampus-e1601384295987.jpg","inLanguage":"de"},{"@type":"WebPage","@id":"https:\/\/radioleinewelle.de\/index.php\/2020\/09\/30\/gesundheitscampus-goettingen-verabschiedet-erste-absolventen\/","url":"https:\/\/radioleinewelle.de\/index.php\/2020\/09\/30\/gesundheitscampus-goettingen-verabschiedet-erste-absolventen\/","name":"Gesundheitscampus G\u00f6ttingen verabschiedet erste Absolventen - Radio Leinewelle","isPartOf":{"@id":"https:\/\/radioleinewelle.de\/#website"},"primaryImageOfPage":{"@id":"https:\/\/radioleinewelle.de\/index.php\/2020\/09\/30\/gesundheitscampus-goettingen-verabschiedet-erste-absolventen\/#primaryimage"},"image":{"@id":"https:\/\/radioleinewelle.de\/index.php\/2020\/09\/30\/gesundheitscampus-goettingen-verabschiedet-erste-absolventen\/#primaryimage"},"thumbnailUrl":"https:\/\/radioleinewelle.de\/wp-content\/uploads\/2020\/09\/HAWK-Gesundheitscampus-e1601384295987.jpg","datePublished":"2020-09-30T03:15:23+00:00","breadcrumb":{"@id":"https:\/\/radioleinewelle.de\/index.php\/2020\/09\/30\/gesundheitscampus-goettingen-verabschiedet-erste-absolventen\/#breadcrumb"},"inLanguage":"de","potentialAction":[{"@type":"ReadAction","target":["https:\/\/radioleinewelle.de\/index.php\/2020\/09\/30\/gesundheitscampus-goettingen-verabschiedet-erste-absolventen\/"]}]},{"@type":"ImageObject","inLanguage":"de","@id":"https:\/\/radioleinewelle.de\/index.php\/2020\/09\/30\/gesundheitscampus-goettingen-verabschiedet-erste-absolventen\/#primaryimage","url":"https:\/\/radioleinewelle.de\/wp-content\/uploads\/2020\/09\/HAWK-Gesundheitscampus-e1601384295987.jpg","contentUrl":"https:\/\/radioleinewelle.de\/wp-content\/uploads\/2020\/09\/HAWK-Gesundheitscampus-e1601384295987.jpg","width":800,"height":450},{"@type":"BreadcrumbList","@id":"https:\/\/radioleinewelle.de\/index.php\/2020\/09\/30\/gesundheitscampus-goettingen-verabschiedet-erste-absolventen\/#breadcrumb","itemListElement":[{"@type":"ListItem","position":1,"name":"Startseite","item":"https:\/\/radioleinewelle.de\/"},{"@type":"ListItem","position":2,"name":"Gesundheitscampus G\u00f6ttingen verabschiedet erste Absolventen"}]},{"@type":"WebSite","@id":"https:\/\/radioleinewelle.de\/#website","url":"https:\/\/radioleinewelle.de\/","name":"Radio Leinewelle","description":"","publisher":{"@id":"https:\/\/radioleinewelle.de\/#organization"},"potentialAction":[{"@type":"SearchAction","target":{"@type":"EntryPoint","urlTemplate":"https:\/\/radioleinewelle.de\/?s={search_term_string}"},"query-input":{"@type":"PropertyValueSpecification","valueRequired":true,"valueName":"search_term_string"}}],"inLanguage":"de"},{"@type":"Organization","@id":"https:\/\/radioleinewelle.de\/#organization","name":"Radio Leinewelle","alternateName":"Mein Radio f\u00fcr S\u00fcdniedersachsen","url":"https:\/\/radioleinewelle.de\/","logo":{"@type":"ImageObject","inLanguage":"de","@id":"https:\/\/radioleinewelle.de\/#\/schema\/logo\/image\/","url":"https:\/\/radioleinewelle.de\/wp-content\/uploads\/2023\/11\/cropped-Leinewelle_Logo_weiss.png","contentUrl":"https:\/\/radioleinewelle.de\/wp-content\/uploads\/2023\/11\/cropped-Leinewelle_Logo_weiss.png","width":854,"height":260,"caption":"Radio Leinewelle"},"image":{"@id":"https:\/\/radioleinewelle.de\/#\/schema\/logo\/image\/"},"sameAs":["https:\/\/www.facebook.com\/radioleinewelle","https:\/\/x.com\/RLeinewelle","https:\/\/www.instagram.com\/radioleinewelle\/?hl=de"]},{"@type":"Person","@id":"https:\/\/radioleinewelle.de\/#\/schema\/person\/45606f348637df637192dc1b68399a63","name":"Leinewelle","image":{"@type":"ImageObject","inLanguage":"de","@id":"https:\/\/secure.gravatar.com\/avatar\/05c9a17bc973052ee5d91549bd32fb4dd0dc85b7b85ae94b2e2b4943476bbea5?s=96&d=blank&r=g","url":"https:\/\/secure.gravatar.com\/avatar\/05c9a17bc973052ee5d91549bd32fb4dd0dc85b7b85ae94b2e2b4943476bbea5?s=96&d=blank&r=g","contentUrl":"https:\/\/secure.gravatar.com\/avatar\/05c9a17bc973052ee5d91549bd32fb4dd0dc85b7b85ae94b2e2b4943476bbea5?s=96&d=blank&r=g","caption":"Leinewelle"},"sameAs":["http:\/\/localhost\/radio%20leinewelle\/wordpress","https:\/\/www.facebook.com\/radioleinewelle","https:\/\/www.instagram.com\/radioleinewelle","https:\/\/x.com\/https:\/\/twitter.com\/RLeinewelle?ref_src=twsrcgoogletwcampserptwgrauthor","https:\/\/soundcloud.com\/foerderverein-lokalradio?utm_source=clipboard&utm_medium=text&utm_campaign=social_sharing"],"url":"https:\/\/radioleinewelle.de\/index.php\/author\/leinewelle\/"}]}},"_links":{"self":[{"href":"https:\/\/radioleinewelle.de\/index.php\/wp-json\/wp\/v2\/posts\/1936","targetHints":{"allow":["GET"]}}],"collection":[{"href":"https:\/\/radioleinewelle.de\/index.php\/wp-json\/wp\/v2\/posts"}],"about":[{"href":"https:\/\/radioleinewelle.de\/index.php\/wp-json\/wp\/v2\/types\/post"}],"author":[{"embeddable":true,"href":"https:\/\/radioleinewelle.de\/index.php\/wp-json\/wp\/v2\/users\/1"}],"replies":[{"embeddable":true,"href":"https:\/\/radioleinewelle.de\/index.php\/wp-json\/wp\/v2\/comments?post=1936"}],"version-history":[{"count":0,"href":"https:\/\/radioleinewelle.de\/index.php\/wp-json\/wp\/v2\/posts\/1936\/revisions"}],"wp:featuredmedia":[{"embeddable":true,"href":"https:\/\/radioleinewelle.de\/index.php\/wp-json\/wp\/v2\/media\/1938"}],"wp:attachment":[{"href":"https:\/\/radioleinewelle.de\/index.php\/wp-json\/wp\/v2\/media?parent=1936"}],"wp:term":[{"taxonomy":"category","embeddable":true,"href":"https:\/\/radioleinewelle.de\/index.php\/wp-json\/wp\/v2\/categories?post=1936"},{"taxonomy":"post_tag","embeddable":true,"href":"https:\/\/radioleinewelle.de\/index.php\/wp-json\/wp\/v2\/tags?post=1936"}],"curies":[{"name":"wp","href":"https:\/\/api.w.org\/{rel}","templated":true}]}}