{"id":1945,"date":"2020-09-30T05:25:49","date_gmt":"2020-09-30T03:25:49","guid":{"rendered":"https:\/\/radioleinewelle.de\/?p=1945"},"modified":"2020-09-30T05:25:49","modified_gmt":"2020-09-30T03:25:49","slug":"niedersachsen-technikum-an-der-tu-clausthal","status":"publish","type":"post","link":"https:\/\/radioleinewelle.de\/index.php\/2020\/09\/30\/niedersachsen-technikum-an-der-tu-clausthal\/","title":{"rendered":"Niedersachsen-Technikum an der TU Clausthal"},"content":{"rendered":"<div class=\"lead\">\n<p>Das Programm erm\u00f6glicht (Fach-)Abiturientinnen, Beruf und Studium parallel zu erleben. Der Anmeldezeitraum l\u00e4uft noch bis zum 15. Oktober. Im September ist das Landesprogramm Niedersachsen-Technikum an der TU Clausthal gestartet. Neun nieders\u00e4chsische Hochschulen nehmen teil. Ziel ist es, mehr Frauen f\u00fcr naturwissenschaftliche und technische Berufe zu gewinnen. (Fach-)Abiturientinnen, die sich f\u00fcr Mathematik, Informatik, Naturwissenschaften oder Technik (kurz MINT) interessieren, k\u00f6nnen sechs Monate Erfahrungen in beruflicher Praxis in einem Unternehmen und gleichzeitig im Studienalltag an der TU sammeln. Dabei lernen sie, wie ein Studium abl\u00e4uft und wie die Arbeit einer Ingenieurin, Mathematikerin, Informatikerin oder Naturwissenschaftlerin aussehen kann. Die Technikantinnen sind an vier Tagen in der Woche im Unternehmen, und einen Tag studieren sie an der TU Clausthal in einem Fach ihrer Wahl. \u201eDurch die Erfahrungen in Studium und Berufspraxis k\u00f6nnen bewusste Entscheidung getroffen und somit das Risiko eines sp\u00e4teren Studienabbruchs minimiert werden\u201c, so Tatjana Methfessel, die Koordinatorin f\u00fcr das Niedersachsen-Technikum an der Universit\u00e4t.<\/p>\n<\/div>\n<div class=\"news-text-wrap\">\n<p>Die teilnehmenden Firmen bieten neben einer Praktikumsverg\u00fctung ein Projekt, das von den Technikantinnen weitgehend eigenst\u00e4ndig bearbeitet wird. Eines der Unternehmen, das sich am Niedersachsen-Technikum an der TU Clausthal beteiligt, ist die Oker-Chemie GmbH. Technikantin Lisa Fahldieck hat dort ihr Praktikum aufgenommen. Zurzeit unterst\u00fctzt sie Dr. Graham Daniel Cuff im Labor beim Optimieren von Prozessen. Oker-Chemie produziert und vertreibt Trockenmittel und Adsobenzien f\u00fcr Verwendungszwecke in der industriellen und handwerklichen Produktion, im Verpackungs- und Transportsektor sowie f\u00fcr technische Anlagen.<\/p>\n<p>Mehr unter:\u00a0<a href=\"https:\/\/www.tu-clausthal.de\/universitaet\/einrichtungen\/presse-und-oeffentlichkeitsarbeit\/pressemitteilungen\/artikel\/niedersachsen-technikum-an-der-tu-clausthal\">TU Clausthal<\/a><\/p>\n<\/div>\n<p>&nbsp;<\/p>\n<p>&nbsp;<\/p>\n<p>Foto: \u00a9 Methfessel TUC<br \/>\nLisa Fahldieck (links) beim Experimentieren mit Doktorandin Alena Storm im Chemielabor\u00a0des Instituts f\u00fcr Organische Chemie.<\/p>\n","protected":false},"excerpt":{"rendered":"<p>Das Programm erm\u00f6glicht (Fach-)Abiturientinnen, Beruf und Studium parallel zu erleben. Der Anmeldezeitraum l\u00e4uft noch bis zum 15. Oktober. Im September ist das Landesprogramm Niedersachsen-Technikum an der TU Clausthal gestartet. Neun nieders\u00e4chsische Hochschulen nehmen teil. Ziel ist es, mehr Frauen f\u00fcr naturwissenschaftliche und technische Berufe zu gewinnen. (Fach-)Abiturientinnen, die sich f\u00fcr Mathematik, Informatik, Naturwissenschaften oder Technik [&hellip;]<\/p>\n","protected":false},"author":1,"featured_media":1948,"comment_status":"closed","ping_status":"closed","sticky":false,"template":"","format":"standard","meta":{"saved_in_kubio":false,"footnotes":""},"categories":[1],"tags":[],"class_list":["post-1945","post","type-post","status-publish","format-standard","has-post-thumbnail","hentry","category-allgemein"],"yoast_head":"<!-- This site is optimized with the Yoast SEO plugin v27.5 - https:\/\/yoast.com\/product\/yoast-seo-wordpress\/ -->\n<title>Niedersachsen-Technikum an der TU Clausthal - Radio Leinewelle<\/title>\n<meta name=\"robots\" content=\"index, follow, max-snippet:-1, max-image-preview:large, max-video-preview:-1\" \/>\n<link rel=\"canonical\" href=\"https:\/\/radioleinewelle.de\/index.php\/2020\/09\/30\/niedersachsen-technikum-an-der-tu-clausthal\/\" \/>\n<meta property=\"og:locale\" content=\"de_DE\" \/>\n<meta property=\"og:type\" content=\"article\" \/>\n<meta property=\"og:title\" content=\"Niedersachsen-Technikum an der TU Clausthal - Radio Leinewelle\" \/>\n<meta property=\"og:description\" content=\"Das Programm erm\u00f6glicht (Fach-)Abiturientinnen, Beruf und Studium parallel zu erleben. Der Anmeldezeitraum l\u00e4uft noch bis zum 15. Oktober. Im September ist das Landesprogramm Niedersachsen-Technikum an der TU Clausthal gestartet. Neun nieders\u00e4chsische Hochschulen nehmen teil. Ziel ist es, mehr Frauen f\u00fcr naturwissenschaftliche und technische Berufe zu gewinnen. (Fach-)Abiturientinnen, die sich f\u00fcr Mathematik, Informatik, Naturwissenschaften oder Technik [&hellip;]\" \/>\n<meta property=\"og:url\" content=\"https:\/\/radioleinewelle.de\/index.php\/2020\/09\/30\/niedersachsen-technikum-an-der-tu-clausthal\/\" \/>\n<meta property=\"og:site_name\" content=\"Radio Leinewelle\" \/>\n<meta property=\"article:publisher\" content=\"https:\/\/www.facebook.com\/radioleinewelle\" \/>\n<meta property=\"article:author\" content=\"https:\/\/www.facebook.com\/radioleinewelle\" \/>\n<meta property=\"article:published_time\" content=\"2020-09-30T03:25:49+00:00\" \/>\n<meta property=\"og:image\" content=\"https:\/\/radioleinewelle.de\/wp-content\/uploads\/2020\/09\/csm_Nds._Technikum1_ca23af354b-e1601409652862.jpg\" \/>\n\t<meta property=\"og:image:width\" content=\"600\" \/>\n\t<meta property=\"og:image:height\" content=\"401\" \/>\n\t<meta property=\"og:image:type\" content=\"image\/jpeg\" \/>\n<meta name=\"author\" content=\"Leinewelle\" \/>\n<meta name=\"twitter:card\" content=\"summary_large_image\" \/>\n<meta name=\"twitter:creator\" content=\"@https:\/\/twitter.com\/RLeinewelle?ref_src=twsrcgoogletwcampserptwgrauthor\" \/>\n<meta name=\"twitter:site\" content=\"@RLeinewelle\" \/>\n<meta name=\"twitter:label1\" content=\"Verfasst von\" \/>\n\t<meta name=\"twitter:data1\" content=\"Leinewelle\" \/>\n\t<meta name=\"twitter:label2\" content=\"Gesch\u00e4tzte Lesezeit\" \/>\n\t<meta name=\"twitter:data2\" content=\"1\u00a0Minute\" \/>\n<script type=\"application\/ld+json\" class=\"yoast-schema-graph\">{\"@context\":\"https:\\\/\\\/schema.org\",\"@graph\":[{\"@type\":\"Article\",\"@id\":\"https:\\\/\\\/radioleinewelle.de\\\/index.php\\\/2020\\\/09\\\/30\\\/niedersachsen-technikum-an-der-tu-clausthal\\\/#article\",\"isPartOf\":{\"@id\":\"https:\\\/\\\/radioleinewelle.de\\\/index.php\\\/2020\\\/09\\\/30\\\/niedersachsen-technikum-an-der-tu-clausthal\\\/\"},\"author\":{\"name\":\"Leinewelle\",\"@id\":\"https:\\\/\\\/radioleinewelle.de\\\/#\\\/schema\\\/person\\\/45606f348637df637192dc1b68399a63\"},\"headline\":\"Niedersachsen-Technikum an der TU Clausthal\",\"datePublished\":\"2020-09-30T03:25:49+00:00\",\"mainEntityOfPage\":{\"@id\":\"https:\\\/\\\/radioleinewelle.de\\\/index.php\\\/2020\\\/09\\\/30\\\/niedersachsen-technikum-an-der-tu-clausthal\\\/\"},\"wordCount\":276,\"publisher\":{\"@id\":\"https:\\\/\\\/radioleinewelle.de\\\/#organization\"},\"image\":{\"@id\":\"https:\\\/\\\/radioleinewelle.de\\\/index.php\\\/2020\\\/09\\\/30\\\/niedersachsen-technikum-an-der-tu-clausthal\\\/#primaryimage\"},\"thumbnailUrl\":\"https:\\\/\\\/radioleinewelle.de\\\/wp-content\\\/uploads\\\/2020\\\/09\\\/csm_Nds._Technikum1_ca23af354b-e1601409652862.jpg\",\"inLanguage\":\"de\"},{\"@type\":\"WebPage\",\"@id\":\"https:\\\/\\\/radioleinewelle.de\\\/index.php\\\/2020\\\/09\\\/30\\\/niedersachsen-technikum-an-der-tu-clausthal\\\/\",\"url\":\"https:\\\/\\\/radioleinewelle.de\\\/index.php\\\/2020\\\/09\\\/30\\\/niedersachsen-technikum-an-der-tu-clausthal\\\/\",\"name\":\"Niedersachsen-Technikum an der TU Clausthal - Radio Leinewelle\",\"isPartOf\":{\"@id\":\"https:\\\/\\\/radioleinewelle.de\\\/#website\"},\"primaryImageOfPage\":{\"@id\":\"https:\\\/\\\/radioleinewelle.de\\\/index.php\\\/2020\\\/09\\\/30\\\/niedersachsen-technikum-an-der-tu-clausthal\\\/#primaryimage\"},\"image\":{\"@id\":\"https:\\\/\\\/radioleinewelle.de\\\/index.php\\\/2020\\\/09\\\/30\\\/niedersachsen-technikum-an-der-tu-clausthal\\\/#primaryimage\"},\"thumbnailUrl\":\"https:\\\/\\\/radioleinewelle.de\\\/wp-content\\\/uploads\\\/2020\\\/09\\\/csm_Nds._Technikum1_ca23af354b-e1601409652862.jpg\",\"datePublished\":\"2020-09-30T03:25:49+00:00\",\"breadcrumb\":{\"@id\":\"https:\\\/\\\/radioleinewelle.de\\\/index.php\\\/2020\\\/09\\\/30\\\/niedersachsen-technikum-an-der-tu-clausthal\\\/#breadcrumb\"},\"inLanguage\":\"de\",\"potentialAction\":[{\"@type\":\"ReadAction\",\"target\":[\"https:\\\/\\\/radioleinewelle.de\\\/index.php\\\/2020\\\/09\\\/30\\\/niedersachsen-technikum-an-der-tu-clausthal\\\/\"]}]},{\"@type\":\"ImageObject\",\"inLanguage\":\"de\",\"@id\":\"https:\\\/\\\/radioleinewelle.de\\\/index.php\\\/2020\\\/09\\\/30\\\/niedersachsen-technikum-an-der-tu-clausthal\\\/#primaryimage\",\"url\":\"https:\\\/\\\/radioleinewelle.de\\\/wp-content\\\/uploads\\\/2020\\\/09\\\/csm_Nds._Technikum1_ca23af354b-e1601409652862.jpg\",\"contentUrl\":\"https:\\\/\\\/radioleinewelle.de\\\/wp-content\\\/uploads\\\/2020\\\/09\\\/csm_Nds._Technikum1_ca23af354b-e1601409652862.jpg\",\"width\":600,\"height\":401},{\"@type\":\"BreadcrumbList\",\"@id\":\"https:\\\/\\\/radioleinewelle.de\\\/index.php\\\/2020\\\/09\\\/30\\\/niedersachsen-technikum-an-der-tu-clausthal\\\/#breadcrumb\",\"itemListElement\":[{\"@type\":\"ListItem\",\"position\":1,\"name\":\"Startseite\",\"item\":\"https:\\\/\\\/radioleinewelle.de\\\/\"},{\"@type\":\"ListItem\",\"position\":2,\"name\":\"Niedersachsen-Technikum an der TU Clausthal\"}]},{\"@type\":\"WebSite\",\"@id\":\"https:\\\/\\\/radioleinewelle.de\\\/#website\",\"url\":\"https:\\\/\\\/radioleinewelle.de\\\/\",\"name\":\"Radio Leinewelle\",\"description\":\"\",\"publisher\":{\"@id\":\"https:\\\/\\\/radioleinewelle.de\\\/#organization\"},\"potentialAction\":[{\"@type\":\"SearchAction\",\"target\":{\"@type\":\"EntryPoint\",\"urlTemplate\":\"https:\\\/\\\/radioleinewelle.de\\\/?s={search_term_string}\"},\"query-input\":{\"@type\":\"PropertyValueSpecification\",\"valueRequired\":true,\"valueName\":\"search_term_string\"}}],\"inLanguage\":\"de\"},{\"@type\":\"Organization\",\"@id\":\"https:\\\/\\\/radioleinewelle.de\\\/#organization\",\"name\":\"Radio Leinewelle\",\"alternateName\":\"Mein Radio f\u00fcr S\u00fcdniedersachsen\",\"url\":\"https:\\\/\\\/radioleinewelle.de\\\/\",\"logo\":{\"@type\":\"ImageObject\",\"inLanguage\":\"de\",\"@id\":\"https:\\\/\\\/radioleinewelle.de\\\/#\\\/schema\\\/logo\\\/image\\\/\",\"url\":\"https:\\\/\\\/radioleinewelle.de\\\/wp-content\\\/uploads\\\/2023\\\/11\\\/cropped-Leinewelle_Logo_weiss.png\",\"contentUrl\":\"https:\\\/\\\/radioleinewelle.de\\\/wp-content\\\/uploads\\\/2023\\\/11\\\/cropped-Leinewelle_Logo_weiss.png\",\"width\":854,\"height\":260,\"caption\":\"Radio Leinewelle\"},\"image\":{\"@id\":\"https:\\\/\\\/radioleinewelle.de\\\/#\\\/schema\\\/logo\\\/image\\\/\"},\"sameAs\":[\"https:\\\/\\\/www.facebook.com\\\/radioleinewelle\",\"https:\\\/\\\/x.com\\\/RLeinewelle\",\"https:\\\/\\\/www.instagram.com\\\/radioleinewelle\\\/?hl=de\"]},{\"@type\":\"Person\",\"@id\":\"https:\\\/\\\/radioleinewelle.de\\\/#\\\/schema\\\/person\\\/45606f348637df637192dc1b68399a63\",\"name\":\"Leinewelle\",\"image\":{\"@type\":\"ImageObject\",\"inLanguage\":\"de\",\"@id\":\"https:\\\/\\\/secure.gravatar.com\\\/avatar\\\/05c9a17bc973052ee5d91549bd32fb4dd0dc85b7b85ae94b2e2b4943476bbea5?s=96&d=blank&r=g\",\"url\":\"https:\\\/\\\/secure.gravatar.com\\\/avatar\\\/05c9a17bc973052ee5d91549bd32fb4dd0dc85b7b85ae94b2e2b4943476bbea5?s=96&d=blank&r=g\",\"contentUrl\":\"https:\\\/\\\/secure.gravatar.com\\\/avatar\\\/05c9a17bc973052ee5d91549bd32fb4dd0dc85b7b85ae94b2e2b4943476bbea5?s=96&d=blank&r=g\",\"caption\":\"Leinewelle\"},\"sameAs\":[\"http:\\\/\\\/localhost\\\/radio%20leinewelle\\\/wordpress\",\"https:\\\/\\\/www.facebook.com\\\/radioleinewelle\",\"https:\\\/\\\/www.instagram.com\\\/radioleinewelle\",\"https:\\\/\\\/x.com\\\/https:\\\/\\\/twitter.com\\\/RLeinewelle?ref_src=twsrcgoogletwcampserptwgrauthor\",\"https:\\\/\\\/soundcloud.com\\\/foerderverein-lokalradio?utm_source=clipboard&utm_medium=text&utm_campaign=social_sharing\"],\"url\":\"https:\\\/\\\/radioleinewelle.de\\\/index.php\\\/author\\\/leinewelle\\\/\"}]}<\/script>\n<!-- \/ Yoast SEO plugin. -->","yoast_head_json":{"title":"Niedersachsen-Technikum an der TU Clausthal - Radio Leinewelle","robots":{"index":"index","follow":"follow","max-snippet":"max-snippet:-1","max-image-preview":"max-image-preview:large","max-video-preview":"max-video-preview:-1"},"canonical":"https:\/\/radioleinewelle.de\/index.php\/2020\/09\/30\/niedersachsen-technikum-an-der-tu-clausthal\/","og_locale":"de_DE","og_type":"article","og_title":"Niedersachsen-Technikum an der TU Clausthal - Radio Leinewelle","og_description":"Das Programm erm\u00f6glicht (Fach-)Abiturientinnen, Beruf und Studium parallel zu erleben. Der Anmeldezeitraum l\u00e4uft noch bis zum 15. Oktober. Im September ist das Landesprogramm Niedersachsen-Technikum an der TU Clausthal gestartet. Neun nieders\u00e4chsische Hochschulen nehmen teil. Ziel ist es, mehr Frauen f\u00fcr naturwissenschaftliche und technische Berufe zu gewinnen. (Fach-)Abiturientinnen, die sich f\u00fcr Mathematik, Informatik, Naturwissenschaften oder Technik [&hellip;]","og_url":"https:\/\/radioleinewelle.de\/index.php\/2020\/09\/30\/niedersachsen-technikum-an-der-tu-clausthal\/","og_site_name":"Radio Leinewelle","article_publisher":"https:\/\/www.facebook.com\/radioleinewelle","article_author":"https:\/\/www.facebook.com\/radioleinewelle","article_published_time":"2020-09-30T03:25:49+00:00","og_image":[{"width":600,"height":401,"url":"https:\/\/radioleinewelle.de\/wp-content\/uploads\/2020\/09\/csm_Nds._Technikum1_ca23af354b-e1601409652862.jpg","type":"image\/jpeg"}],"author":"Leinewelle","twitter_card":"summary_large_image","twitter_creator":"@https:\/\/twitter.com\/RLeinewelle?ref_src=twsrcgoogletwcampserptwgrauthor","twitter_site":"@RLeinewelle","twitter_misc":{"Verfasst von":"Leinewelle","Gesch\u00e4tzte Lesezeit":"1\u00a0Minute"},"schema":{"@context":"https:\/\/schema.org","@graph":[{"@type":"Article","@id":"https:\/\/radioleinewelle.de\/index.php\/2020\/09\/30\/niedersachsen-technikum-an-der-tu-clausthal\/#article","isPartOf":{"@id":"https:\/\/radioleinewelle.de\/index.php\/2020\/09\/30\/niedersachsen-technikum-an-der-tu-clausthal\/"},"author":{"name":"Leinewelle","@id":"https:\/\/radioleinewelle.de\/#\/schema\/person\/45606f348637df637192dc1b68399a63"},"headline":"Niedersachsen-Technikum an der TU Clausthal","datePublished":"2020-09-30T03:25:49+00:00","mainEntityOfPage":{"@id":"https:\/\/radioleinewelle.de\/index.php\/2020\/09\/30\/niedersachsen-technikum-an-der-tu-clausthal\/"},"wordCount":276,"publisher":{"@id":"https:\/\/radioleinewelle.de\/#organization"},"image":{"@id":"https:\/\/radioleinewelle.de\/index.php\/2020\/09\/30\/niedersachsen-technikum-an-der-tu-clausthal\/#primaryimage"},"thumbnailUrl":"https:\/\/radioleinewelle.de\/wp-content\/uploads\/2020\/09\/csm_Nds._Technikum1_ca23af354b-e1601409652862.jpg","inLanguage":"de"},{"@type":"WebPage","@id":"https:\/\/radioleinewelle.de\/index.php\/2020\/09\/30\/niedersachsen-technikum-an-der-tu-clausthal\/","url":"https:\/\/radioleinewelle.de\/index.php\/2020\/09\/30\/niedersachsen-technikum-an-der-tu-clausthal\/","name":"Niedersachsen-Technikum an der TU Clausthal - Radio Leinewelle","isPartOf":{"@id":"https:\/\/radioleinewelle.de\/#website"},"primaryImageOfPage":{"@id":"https:\/\/radioleinewelle.de\/index.php\/2020\/09\/30\/niedersachsen-technikum-an-der-tu-clausthal\/#primaryimage"},"image":{"@id":"https:\/\/radioleinewelle.de\/index.php\/2020\/09\/30\/niedersachsen-technikum-an-der-tu-clausthal\/#primaryimage"},"thumbnailUrl":"https:\/\/radioleinewelle.de\/wp-content\/uploads\/2020\/09\/csm_Nds._Technikum1_ca23af354b-e1601409652862.jpg","datePublished":"2020-09-30T03:25:49+00:00","breadcrumb":{"@id":"https:\/\/radioleinewelle.de\/index.php\/2020\/09\/30\/niedersachsen-technikum-an-der-tu-clausthal\/#breadcrumb"},"inLanguage":"de","potentialAction":[{"@type":"ReadAction","target":["https:\/\/radioleinewelle.de\/index.php\/2020\/09\/30\/niedersachsen-technikum-an-der-tu-clausthal\/"]}]},{"@type":"ImageObject","inLanguage":"de","@id":"https:\/\/radioleinewelle.de\/index.php\/2020\/09\/30\/niedersachsen-technikum-an-der-tu-clausthal\/#primaryimage","url":"https:\/\/radioleinewelle.de\/wp-content\/uploads\/2020\/09\/csm_Nds._Technikum1_ca23af354b-e1601409652862.jpg","contentUrl":"https:\/\/radioleinewelle.de\/wp-content\/uploads\/2020\/09\/csm_Nds._Technikum1_ca23af354b-e1601409652862.jpg","width":600,"height":401},{"@type":"BreadcrumbList","@id":"https:\/\/radioleinewelle.de\/index.php\/2020\/09\/30\/niedersachsen-technikum-an-der-tu-clausthal\/#breadcrumb","itemListElement":[{"@type":"ListItem","position":1,"name":"Startseite","item":"https:\/\/radioleinewelle.de\/"},{"@type":"ListItem","position":2,"name":"Niedersachsen-Technikum an der TU Clausthal"}]},{"@type":"WebSite","@id":"https:\/\/radioleinewelle.de\/#website","url":"https:\/\/radioleinewelle.de\/","name":"Radio Leinewelle","description":"","publisher":{"@id":"https:\/\/radioleinewelle.de\/#organization"},"potentialAction":[{"@type":"SearchAction","target":{"@type":"EntryPoint","urlTemplate":"https:\/\/radioleinewelle.de\/?s={search_term_string}"},"query-input":{"@type":"PropertyValueSpecification","valueRequired":true,"valueName":"search_term_string"}}],"inLanguage":"de"},{"@type":"Organization","@id":"https:\/\/radioleinewelle.de\/#organization","name":"Radio Leinewelle","alternateName":"Mein Radio f\u00fcr S\u00fcdniedersachsen","url":"https:\/\/radioleinewelle.de\/","logo":{"@type":"ImageObject","inLanguage":"de","@id":"https:\/\/radioleinewelle.de\/#\/schema\/logo\/image\/","url":"https:\/\/radioleinewelle.de\/wp-content\/uploads\/2023\/11\/cropped-Leinewelle_Logo_weiss.png","contentUrl":"https:\/\/radioleinewelle.de\/wp-content\/uploads\/2023\/11\/cropped-Leinewelle_Logo_weiss.png","width":854,"height":260,"caption":"Radio Leinewelle"},"image":{"@id":"https:\/\/radioleinewelle.de\/#\/schema\/logo\/image\/"},"sameAs":["https:\/\/www.facebook.com\/radioleinewelle","https:\/\/x.com\/RLeinewelle","https:\/\/www.instagram.com\/radioleinewelle\/?hl=de"]},{"@type":"Person","@id":"https:\/\/radioleinewelle.de\/#\/schema\/person\/45606f348637df637192dc1b68399a63","name":"Leinewelle","image":{"@type":"ImageObject","inLanguage":"de","@id":"https:\/\/secure.gravatar.com\/avatar\/05c9a17bc973052ee5d91549bd32fb4dd0dc85b7b85ae94b2e2b4943476bbea5?s=96&d=blank&r=g","url":"https:\/\/secure.gravatar.com\/avatar\/05c9a17bc973052ee5d91549bd32fb4dd0dc85b7b85ae94b2e2b4943476bbea5?s=96&d=blank&r=g","contentUrl":"https:\/\/secure.gravatar.com\/avatar\/05c9a17bc973052ee5d91549bd32fb4dd0dc85b7b85ae94b2e2b4943476bbea5?s=96&d=blank&r=g","caption":"Leinewelle"},"sameAs":["http:\/\/localhost\/radio%20leinewelle\/wordpress","https:\/\/www.facebook.com\/radioleinewelle","https:\/\/www.instagram.com\/radioleinewelle","https:\/\/x.com\/https:\/\/twitter.com\/RLeinewelle?ref_src=twsrcgoogletwcampserptwgrauthor","https:\/\/soundcloud.com\/foerderverein-lokalradio?utm_source=clipboard&utm_medium=text&utm_campaign=social_sharing"],"url":"https:\/\/radioleinewelle.de\/index.php\/author\/leinewelle\/"}]}},"_links":{"self":[{"href":"https:\/\/radioleinewelle.de\/index.php\/wp-json\/wp\/v2\/posts\/1945","targetHints":{"allow":["GET"]}}],"collection":[{"href":"https:\/\/radioleinewelle.de\/index.php\/wp-json\/wp\/v2\/posts"}],"about":[{"href":"https:\/\/radioleinewelle.de\/index.php\/wp-json\/wp\/v2\/types\/post"}],"author":[{"embeddable":true,"href":"https:\/\/radioleinewelle.de\/index.php\/wp-json\/wp\/v2\/users\/1"}],"replies":[{"embeddable":true,"href":"https:\/\/radioleinewelle.de\/index.php\/wp-json\/wp\/v2\/comments?post=1945"}],"version-history":[{"count":0,"href":"https:\/\/radioleinewelle.de\/index.php\/wp-json\/wp\/v2\/posts\/1945\/revisions"}],"wp:featuredmedia":[{"embeddable":true,"href":"https:\/\/radioleinewelle.de\/index.php\/wp-json\/wp\/v2\/media\/1948"}],"wp:attachment":[{"href":"https:\/\/radioleinewelle.de\/index.php\/wp-json\/wp\/v2\/media?parent=1945"}],"wp:term":[{"taxonomy":"category","embeddable":true,"href":"https:\/\/radioleinewelle.de\/index.php\/wp-json\/wp\/v2\/categories?post=1945"},{"taxonomy":"post_tag","embeddable":true,"href":"https:\/\/radioleinewelle.de\/index.php\/wp-json\/wp\/v2\/tags?post=1945"}],"curies":[{"name":"wp","href":"https:\/\/api.w.org\/{rel}","templated":true}]}}