{"id":1955,"date":"2020-10-01T05:00:23","date_gmt":"2020-10-01T03:00:23","guid":{"rendered":"https:\/\/radioleinewelle.de\/?p=1955"},"modified":"2020-10-01T05:00:23","modified_gmt":"2020-10-01T03:00:23","slug":"fdp-kreistagsfraktion-spricht-sich-gegen-atommuellager-in-wuergassen-aus","status":"publish","type":"post","link":"https:\/\/radioleinewelle.de\/index.php\/2020\/10\/01\/fdp-kreistagsfraktion-spricht-sich-gegen-atommuellager-in-wuergassen-aus\/","title":{"rendered":"FDP-Kreistagsfraktion spricht sich gegen Atomm\u00fcllager in W\u00fcrgassen aus."},"content":{"rendered":"<p>Die FDP-Fraktion im G\u00f6ttinger Kreistag\u00a0 unterst\u00fctzt die politischen und b\u00fcrgerlichen Initiativen, die sich gemeinsam daf\u00fcr einsetzen, die sicherste und beste L\u00f6sung f\u00fcr den Atomrestm\u00fcll zu finden. Sie spricht sich gegen den Atomm\u00fclltourismus nach W\u00fcrgassen aus.\u00a0Ein Atomm\u00fcll-Logistikzentrum in W\u00fcrgassen sei der falsche Weg, hei\u00dft es in einer Stellungnahme der Fraktion. Neben der mangelnden B\u00fcrgerbeteiligung f\u00e4nden folgende Kriterien zu wenig Beachtung:<\/p>\n<ul>\n<li>die schlechten Stra\u00dfen- und Schienenverbindungen f\u00fcr t\u00e4glich ca. 20 LKW und ca. 10 Atomm\u00fcllz\u00fcge wurden im Scoring-Verfahren nicht angemessen ber\u00fccksichtigt<\/li>\n<li>die Eingleisigkeit der Schienenverbindung steht im Widerspruch zur zweigleisigen Forderung der Entsorgungskommission (ESK) und wurde nicht entsprechend bewertet<\/li>\n<li>die engen und kurvenreichen Ortsdurchfahrten sowie die weit entfernten Autobahnanbindungen (mindestens 38 km) wurden nicht entsprechend bewertet<\/li>\n<li>der geringe Abstand zur Wohnbebauung<\/li>\n<li>die radioaktive Vorbelastung durch den AKW-Standort<\/li>\n<li>der Tourismus, Naturschutz und die Naherholung<\/li>\n<\/ul>\n<p>Die FDP-Fraktion fordert, die weiteren Planungen und Vorarbeiten am Standort W\u00fcrgassen umgehend einzustellen und ein\u00a0neues transparentes und ergebnisoffenes Verfahren zur Standortauswahl einzuleiten sowie Alternativen zum Standort W\u00fcrgassen mit in die Pr\u00fcfung einzubeziehen.\u00a0Ebenso muss die Notwendigkeit eines solchen Logistikzentrums grunds\u00e4tzlich noch einmal auf den Pr\u00fcfstand. Eine weitere dezentrale Zwischenlagerung an den bestehenden Standorten bis zur Inbetriebnahme des Endlagers sind in die \u00dcberlegungen einzubeziehen.<\/p>\n<p>&nbsp;<\/p>\n<p>Bild von <a href=\"https:\/\/pixabay.com\/de\/users\/rabedirkwennigsen-578324\/?utm_source=link-attribution&amp;utm_medium=referral&amp;utm_campaign=image&amp;utm_content=1471361\">Dirk Rabe<\/a> auf <a href=\"https:\/\/pixabay.com\/de\/?utm_source=link-attribution&amp;utm_medium=referral&amp;utm_campaign=image&amp;utm_content=1471361\">Pixabay<\/a><\/p>\n","protected":false},"excerpt":{"rendered":"<p>Die FDP-Fraktion im G\u00f6ttinger Kreistag\u00a0 unterst\u00fctzt die politischen und b\u00fcrgerlichen Initiativen, die sich gemeinsam daf\u00fcr einsetzen, die sicherste und beste L\u00f6sung f\u00fcr den Atomrestm\u00fcll zu finden. Sie spricht sich gegen den Atomm\u00fclltourismus nach W\u00fcrgassen aus.\u00a0Ein Atomm\u00fcll-Logistikzentrum in W\u00fcrgassen sei der falsche Weg, hei\u00dft es in einer Stellungnahme der Fraktion. Neben der mangelnden B\u00fcrgerbeteiligung f\u00e4nden folgende [&hellip;]<\/p>\n","protected":false},"author":1,"featured_media":1931,"comment_status":"closed","ping_status":"closed","sticky":false,"template":"","format":"standard","meta":{"saved_in_kubio":false,"footnotes":""},"categories":[39],"tags":[],"class_list":["post-1955","post","type-post","status-publish","format-standard","has-post-thumbnail","hentry","category-lokalpolitik"],"yoast_head":"<!-- This site is optimized with the Yoast SEO plugin v27.5 - https:\/\/yoast.com\/product\/yoast-seo-wordpress\/ -->\n<title>FDP-Kreistagsfraktion spricht sich gegen Atomm\u00fcllager in W\u00fcrgassen aus. - Radio Leinewelle<\/title>\n<meta name=\"robots\" content=\"index, follow, max-snippet:-1, max-image-preview:large, max-video-preview:-1\" \/>\n<link rel=\"canonical\" href=\"https:\/\/radioleinewelle.de\/index.php\/2020\/10\/01\/fdp-kreistagsfraktion-spricht-sich-gegen-atommuellager-in-wuergassen-aus\/\" \/>\n<meta property=\"og:locale\" content=\"de_DE\" \/>\n<meta property=\"og:type\" content=\"article\" \/>\n<meta property=\"og:title\" content=\"FDP-Kreistagsfraktion spricht sich gegen Atomm\u00fcllager in W\u00fcrgassen aus. - Radio Leinewelle\" \/>\n<meta property=\"og:description\" content=\"Die FDP-Fraktion im G\u00f6ttinger Kreistag\u00a0 unterst\u00fctzt die politischen und b\u00fcrgerlichen Initiativen, die sich gemeinsam daf\u00fcr einsetzen, die sicherste und beste L\u00f6sung f\u00fcr den Atomrestm\u00fcll zu finden. Sie spricht sich gegen den Atomm\u00fclltourismus nach W\u00fcrgassen aus.\u00a0Ein Atomm\u00fcll-Logistikzentrum in W\u00fcrgassen sei der falsche Weg, hei\u00dft es in einer Stellungnahme der Fraktion. Neben der mangelnden B\u00fcrgerbeteiligung f\u00e4nden folgende [&hellip;]\" \/>\n<meta property=\"og:url\" content=\"https:\/\/radioleinewelle.de\/index.php\/2020\/10\/01\/fdp-kreistagsfraktion-spricht-sich-gegen-atommuellager-in-wuergassen-aus\/\" \/>\n<meta property=\"og:site_name\" content=\"Radio Leinewelle\" \/>\n<meta property=\"article:publisher\" content=\"https:\/\/www.facebook.com\/radioleinewelle\" \/>\n<meta property=\"article:author\" content=\"https:\/\/www.facebook.com\/radioleinewelle\" \/>\n<meta property=\"article:published_time\" content=\"2020-10-01T03:00:23+00:00\" \/>\n<meta property=\"og:image\" content=\"https:\/\/radioleinewelle.de\/wp-content\/uploads\/2020\/09\/nuclear-waste-1471361__340.jpg\" \/>\n\t<meta property=\"og:image:width\" content=\"657\" \/>\n\t<meta property=\"og:image:height\" content=\"340\" \/>\n\t<meta property=\"og:image:type\" content=\"image\/jpeg\" \/>\n<meta name=\"author\" content=\"Leinewelle\" \/>\n<meta name=\"twitter:card\" content=\"summary_large_image\" \/>\n<meta name=\"twitter:creator\" content=\"@https:\/\/twitter.com\/RLeinewelle?ref_src=twsrcgoogletwcampserptwgrauthor\" \/>\n<meta name=\"twitter:site\" content=\"@RLeinewelle\" \/>\n<meta name=\"twitter:label1\" content=\"Verfasst von\" \/>\n\t<meta name=\"twitter:data1\" content=\"Leinewelle\" \/>\n\t<meta name=\"twitter:label2\" content=\"Gesch\u00e4tzte Lesezeit\" \/>\n\t<meta name=\"twitter:data2\" content=\"1\u00a0Minute\" \/>\n<script type=\"application\/ld+json\" class=\"yoast-schema-graph\">{\"@context\":\"https:\\\/\\\/schema.org\",\"@graph\":[{\"@type\":\"Article\",\"@id\":\"https:\\\/\\\/radioleinewelle.de\\\/index.php\\\/2020\\\/10\\\/01\\\/fdp-kreistagsfraktion-spricht-sich-gegen-atommuellager-in-wuergassen-aus\\\/#article\",\"isPartOf\":{\"@id\":\"https:\\\/\\\/radioleinewelle.de\\\/index.php\\\/2020\\\/10\\\/01\\\/fdp-kreistagsfraktion-spricht-sich-gegen-atommuellager-in-wuergassen-aus\\\/\"},\"author\":{\"name\":\"Leinewelle\",\"@id\":\"https:\\\/\\\/radioleinewelle.de\\\/#\\\/schema\\\/person\\\/45606f348637df637192dc1b68399a63\"},\"headline\":\"FDP-Kreistagsfraktion spricht sich gegen Atomm\u00fcllager in W\u00fcrgassen aus.\",\"datePublished\":\"2020-10-01T03:00:23+00:00\",\"mainEntityOfPage\":{\"@id\":\"https:\\\/\\\/radioleinewelle.de\\\/index.php\\\/2020\\\/10\\\/01\\\/fdp-kreistagsfraktion-spricht-sich-gegen-atommuellager-in-wuergassen-aus\\\/\"},\"wordCount\":235,\"publisher\":{\"@id\":\"https:\\\/\\\/radioleinewelle.de\\\/#organization\"},\"image\":{\"@id\":\"https:\\\/\\\/radioleinewelle.de\\\/index.php\\\/2020\\\/10\\\/01\\\/fdp-kreistagsfraktion-spricht-sich-gegen-atommuellager-in-wuergassen-aus\\\/#primaryimage\"},\"thumbnailUrl\":\"https:\\\/\\\/radioleinewelle.de\\\/wp-content\\\/uploads\\\/2020\\\/09\\\/nuclear-waste-1471361__340.jpg\",\"articleSection\":[\"Lokalpolitik\"],\"inLanguage\":\"de\"},{\"@type\":\"WebPage\",\"@id\":\"https:\\\/\\\/radioleinewelle.de\\\/index.php\\\/2020\\\/10\\\/01\\\/fdp-kreistagsfraktion-spricht-sich-gegen-atommuellager-in-wuergassen-aus\\\/\",\"url\":\"https:\\\/\\\/radioleinewelle.de\\\/index.php\\\/2020\\\/10\\\/01\\\/fdp-kreistagsfraktion-spricht-sich-gegen-atommuellager-in-wuergassen-aus\\\/\",\"name\":\"FDP-Kreistagsfraktion spricht sich gegen Atomm\u00fcllager in W\u00fcrgassen aus. - Radio Leinewelle\",\"isPartOf\":{\"@id\":\"https:\\\/\\\/radioleinewelle.de\\\/#website\"},\"primaryImageOfPage\":{\"@id\":\"https:\\\/\\\/radioleinewelle.de\\\/index.php\\\/2020\\\/10\\\/01\\\/fdp-kreistagsfraktion-spricht-sich-gegen-atommuellager-in-wuergassen-aus\\\/#primaryimage\"},\"image\":{\"@id\":\"https:\\\/\\\/radioleinewelle.de\\\/index.php\\\/2020\\\/10\\\/01\\\/fdp-kreistagsfraktion-spricht-sich-gegen-atommuellager-in-wuergassen-aus\\\/#primaryimage\"},\"thumbnailUrl\":\"https:\\\/\\\/radioleinewelle.de\\\/wp-content\\\/uploads\\\/2020\\\/09\\\/nuclear-waste-1471361__340.jpg\",\"datePublished\":\"2020-10-01T03:00:23+00:00\",\"breadcrumb\":{\"@id\":\"https:\\\/\\\/radioleinewelle.de\\\/index.php\\\/2020\\\/10\\\/01\\\/fdp-kreistagsfraktion-spricht-sich-gegen-atommuellager-in-wuergassen-aus\\\/#breadcrumb\"},\"inLanguage\":\"de\",\"potentialAction\":[{\"@type\":\"ReadAction\",\"target\":[\"https:\\\/\\\/radioleinewelle.de\\\/index.php\\\/2020\\\/10\\\/01\\\/fdp-kreistagsfraktion-spricht-sich-gegen-atommuellager-in-wuergassen-aus\\\/\"]}]},{\"@type\":\"ImageObject\",\"inLanguage\":\"de\",\"@id\":\"https:\\\/\\\/radioleinewelle.de\\\/index.php\\\/2020\\\/10\\\/01\\\/fdp-kreistagsfraktion-spricht-sich-gegen-atommuellager-in-wuergassen-aus\\\/#primaryimage\",\"url\":\"https:\\\/\\\/radioleinewelle.de\\\/wp-content\\\/uploads\\\/2020\\\/09\\\/nuclear-waste-1471361__340.jpg\",\"contentUrl\":\"https:\\\/\\\/radioleinewelle.de\\\/wp-content\\\/uploads\\\/2020\\\/09\\\/nuclear-waste-1471361__340.jpg\",\"width\":657,\"height\":340},{\"@type\":\"BreadcrumbList\",\"@id\":\"https:\\\/\\\/radioleinewelle.de\\\/index.php\\\/2020\\\/10\\\/01\\\/fdp-kreistagsfraktion-spricht-sich-gegen-atommuellager-in-wuergassen-aus\\\/#breadcrumb\",\"itemListElement\":[{\"@type\":\"ListItem\",\"position\":1,\"name\":\"Startseite\",\"item\":\"https:\\\/\\\/radioleinewelle.de\\\/\"},{\"@type\":\"ListItem\",\"position\":2,\"name\":\"FDP-Kreistagsfraktion spricht sich gegen Atomm\u00fcllager in W\u00fcrgassen aus.\"}]},{\"@type\":\"WebSite\",\"@id\":\"https:\\\/\\\/radioleinewelle.de\\\/#website\",\"url\":\"https:\\\/\\\/radioleinewelle.de\\\/\",\"name\":\"Radio Leinewelle\",\"description\":\"\",\"publisher\":{\"@id\":\"https:\\\/\\\/radioleinewelle.de\\\/#organization\"},\"potentialAction\":[{\"@type\":\"SearchAction\",\"target\":{\"@type\":\"EntryPoint\",\"urlTemplate\":\"https:\\\/\\\/radioleinewelle.de\\\/?s={search_term_string}\"},\"query-input\":{\"@type\":\"PropertyValueSpecification\",\"valueRequired\":true,\"valueName\":\"search_term_string\"}}],\"inLanguage\":\"de\"},{\"@type\":\"Organization\",\"@id\":\"https:\\\/\\\/radioleinewelle.de\\\/#organization\",\"name\":\"Radio Leinewelle\",\"alternateName\":\"Mein Radio f\u00fcr S\u00fcdniedersachsen\",\"url\":\"https:\\\/\\\/radioleinewelle.de\\\/\",\"logo\":{\"@type\":\"ImageObject\",\"inLanguage\":\"de\",\"@id\":\"https:\\\/\\\/radioleinewelle.de\\\/#\\\/schema\\\/logo\\\/image\\\/\",\"url\":\"https:\\\/\\\/radioleinewelle.de\\\/wp-content\\\/uploads\\\/2023\\\/11\\\/cropped-Leinewelle_Logo_weiss.png\",\"contentUrl\":\"https:\\\/\\\/radioleinewelle.de\\\/wp-content\\\/uploads\\\/2023\\\/11\\\/cropped-Leinewelle_Logo_weiss.png\",\"width\":854,\"height\":260,\"caption\":\"Radio Leinewelle\"},\"image\":{\"@id\":\"https:\\\/\\\/radioleinewelle.de\\\/#\\\/schema\\\/logo\\\/image\\\/\"},\"sameAs\":[\"https:\\\/\\\/www.facebook.com\\\/radioleinewelle\",\"https:\\\/\\\/x.com\\\/RLeinewelle\",\"https:\\\/\\\/www.instagram.com\\\/radioleinewelle\\\/?hl=de\"]},{\"@type\":\"Person\",\"@id\":\"https:\\\/\\\/radioleinewelle.de\\\/#\\\/schema\\\/person\\\/45606f348637df637192dc1b68399a63\",\"name\":\"Leinewelle\",\"image\":{\"@type\":\"ImageObject\",\"inLanguage\":\"de\",\"@id\":\"https:\\\/\\\/secure.gravatar.com\\\/avatar\\\/05c9a17bc973052ee5d91549bd32fb4dd0dc85b7b85ae94b2e2b4943476bbea5?s=96&d=blank&r=g\",\"url\":\"https:\\\/\\\/secure.gravatar.com\\\/avatar\\\/05c9a17bc973052ee5d91549bd32fb4dd0dc85b7b85ae94b2e2b4943476bbea5?s=96&d=blank&r=g\",\"contentUrl\":\"https:\\\/\\\/secure.gravatar.com\\\/avatar\\\/05c9a17bc973052ee5d91549bd32fb4dd0dc85b7b85ae94b2e2b4943476bbea5?s=96&d=blank&r=g\",\"caption\":\"Leinewelle\"},\"sameAs\":[\"http:\\\/\\\/localhost\\\/radio%20leinewelle\\\/wordpress\",\"https:\\\/\\\/www.facebook.com\\\/radioleinewelle\",\"https:\\\/\\\/www.instagram.com\\\/radioleinewelle\",\"https:\\\/\\\/x.com\\\/https:\\\/\\\/twitter.com\\\/RLeinewelle?ref_src=twsrcgoogletwcampserptwgrauthor\",\"https:\\\/\\\/soundcloud.com\\\/foerderverein-lokalradio?utm_source=clipboard&utm_medium=text&utm_campaign=social_sharing\"],\"url\":\"https:\\\/\\\/radioleinewelle.de\\\/index.php\\\/author\\\/leinewelle\\\/\"}]}<\/script>\n<!-- \/ Yoast SEO plugin. -->","yoast_head_json":{"title":"FDP-Kreistagsfraktion spricht sich gegen Atomm\u00fcllager in W\u00fcrgassen aus. - Radio Leinewelle","robots":{"index":"index","follow":"follow","max-snippet":"max-snippet:-1","max-image-preview":"max-image-preview:large","max-video-preview":"max-video-preview:-1"},"canonical":"https:\/\/radioleinewelle.de\/index.php\/2020\/10\/01\/fdp-kreistagsfraktion-spricht-sich-gegen-atommuellager-in-wuergassen-aus\/","og_locale":"de_DE","og_type":"article","og_title":"FDP-Kreistagsfraktion spricht sich gegen Atomm\u00fcllager in W\u00fcrgassen aus. - Radio Leinewelle","og_description":"Die FDP-Fraktion im G\u00f6ttinger Kreistag\u00a0 unterst\u00fctzt die politischen und b\u00fcrgerlichen Initiativen, die sich gemeinsam daf\u00fcr einsetzen, die sicherste und beste L\u00f6sung f\u00fcr den Atomrestm\u00fcll zu finden. Sie spricht sich gegen den Atomm\u00fclltourismus nach W\u00fcrgassen aus.\u00a0Ein Atomm\u00fcll-Logistikzentrum in W\u00fcrgassen sei der falsche Weg, hei\u00dft es in einer Stellungnahme der Fraktion. Neben der mangelnden B\u00fcrgerbeteiligung f\u00e4nden folgende [&hellip;]","og_url":"https:\/\/radioleinewelle.de\/index.php\/2020\/10\/01\/fdp-kreistagsfraktion-spricht-sich-gegen-atommuellager-in-wuergassen-aus\/","og_site_name":"Radio Leinewelle","article_publisher":"https:\/\/www.facebook.com\/radioleinewelle","article_author":"https:\/\/www.facebook.com\/radioleinewelle","article_published_time":"2020-10-01T03:00:23+00:00","og_image":[{"width":657,"height":340,"url":"https:\/\/radioleinewelle.de\/wp-content\/uploads\/2020\/09\/nuclear-waste-1471361__340.jpg","type":"image\/jpeg"}],"author":"Leinewelle","twitter_card":"summary_large_image","twitter_creator":"@https:\/\/twitter.com\/RLeinewelle?ref_src=twsrcgoogletwcampserptwgrauthor","twitter_site":"@RLeinewelle","twitter_misc":{"Verfasst von":"Leinewelle","Gesch\u00e4tzte Lesezeit":"1\u00a0Minute"},"schema":{"@context":"https:\/\/schema.org","@graph":[{"@type":"Article","@id":"https:\/\/radioleinewelle.de\/index.php\/2020\/10\/01\/fdp-kreistagsfraktion-spricht-sich-gegen-atommuellager-in-wuergassen-aus\/#article","isPartOf":{"@id":"https:\/\/radioleinewelle.de\/index.php\/2020\/10\/01\/fdp-kreistagsfraktion-spricht-sich-gegen-atommuellager-in-wuergassen-aus\/"},"author":{"name":"Leinewelle","@id":"https:\/\/radioleinewelle.de\/#\/schema\/person\/45606f348637df637192dc1b68399a63"},"headline":"FDP-Kreistagsfraktion spricht sich gegen Atomm\u00fcllager in W\u00fcrgassen aus.","datePublished":"2020-10-01T03:00:23+00:00","mainEntityOfPage":{"@id":"https:\/\/radioleinewelle.de\/index.php\/2020\/10\/01\/fdp-kreistagsfraktion-spricht-sich-gegen-atommuellager-in-wuergassen-aus\/"},"wordCount":235,"publisher":{"@id":"https:\/\/radioleinewelle.de\/#organization"},"image":{"@id":"https:\/\/radioleinewelle.de\/index.php\/2020\/10\/01\/fdp-kreistagsfraktion-spricht-sich-gegen-atommuellager-in-wuergassen-aus\/#primaryimage"},"thumbnailUrl":"https:\/\/radioleinewelle.de\/wp-content\/uploads\/2020\/09\/nuclear-waste-1471361__340.jpg","articleSection":["Lokalpolitik"],"inLanguage":"de"},{"@type":"WebPage","@id":"https:\/\/radioleinewelle.de\/index.php\/2020\/10\/01\/fdp-kreistagsfraktion-spricht-sich-gegen-atommuellager-in-wuergassen-aus\/","url":"https:\/\/radioleinewelle.de\/index.php\/2020\/10\/01\/fdp-kreistagsfraktion-spricht-sich-gegen-atommuellager-in-wuergassen-aus\/","name":"FDP-Kreistagsfraktion spricht sich gegen Atomm\u00fcllager in W\u00fcrgassen aus. - Radio Leinewelle","isPartOf":{"@id":"https:\/\/radioleinewelle.de\/#website"},"primaryImageOfPage":{"@id":"https:\/\/radioleinewelle.de\/index.php\/2020\/10\/01\/fdp-kreistagsfraktion-spricht-sich-gegen-atommuellager-in-wuergassen-aus\/#primaryimage"},"image":{"@id":"https:\/\/radioleinewelle.de\/index.php\/2020\/10\/01\/fdp-kreistagsfraktion-spricht-sich-gegen-atommuellager-in-wuergassen-aus\/#primaryimage"},"thumbnailUrl":"https:\/\/radioleinewelle.de\/wp-content\/uploads\/2020\/09\/nuclear-waste-1471361__340.jpg","datePublished":"2020-10-01T03:00:23+00:00","breadcrumb":{"@id":"https:\/\/radioleinewelle.de\/index.php\/2020\/10\/01\/fdp-kreistagsfraktion-spricht-sich-gegen-atommuellager-in-wuergassen-aus\/#breadcrumb"},"inLanguage":"de","potentialAction":[{"@type":"ReadAction","target":["https:\/\/radioleinewelle.de\/index.php\/2020\/10\/01\/fdp-kreistagsfraktion-spricht-sich-gegen-atommuellager-in-wuergassen-aus\/"]}]},{"@type":"ImageObject","inLanguage":"de","@id":"https:\/\/radioleinewelle.de\/index.php\/2020\/10\/01\/fdp-kreistagsfraktion-spricht-sich-gegen-atommuellager-in-wuergassen-aus\/#primaryimage","url":"https:\/\/radioleinewelle.de\/wp-content\/uploads\/2020\/09\/nuclear-waste-1471361__340.jpg","contentUrl":"https:\/\/radioleinewelle.de\/wp-content\/uploads\/2020\/09\/nuclear-waste-1471361__340.jpg","width":657,"height":340},{"@type":"BreadcrumbList","@id":"https:\/\/radioleinewelle.de\/index.php\/2020\/10\/01\/fdp-kreistagsfraktion-spricht-sich-gegen-atommuellager-in-wuergassen-aus\/#breadcrumb","itemListElement":[{"@type":"ListItem","position":1,"name":"Startseite","item":"https:\/\/radioleinewelle.de\/"},{"@type":"ListItem","position":2,"name":"FDP-Kreistagsfraktion spricht sich gegen Atomm\u00fcllager in W\u00fcrgassen aus."}]},{"@type":"WebSite","@id":"https:\/\/radioleinewelle.de\/#website","url":"https:\/\/radioleinewelle.de\/","name":"Radio Leinewelle","description":"","publisher":{"@id":"https:\/\/radioleinewelle.de\/#organization"},"potentialAction":[{"@type":"SearchAction","target":{"@type":"EntryPoint","urlTemplate":"https:\/\/radioleinewelle.de\/?s={search_term_string}"},"query-input":{"@type":"PropertyValueSpecification","valueRequired":true,"valueName":"search_term_string"}}],"inLanguage":"de"},{"@type":"Organization","@id":"https:\/\/radioleinewelle.de\/#organization","name":"Radio Leinewelle","alternateName":"Mein Radio f\u00fcr S\u00fcdniedersachsen","url":"https:\/\/radioleinewelle.de\/","logo":{"@type":"ImageObject","inLanguage":"de","@id":"https:\/\/radioleinewelle.de\/#\/schema\/logo\/image\/","url":"https:\/\/radioleinewelle.de\/wp-content\/uploads\/2023\/11\/cropped-Leinewelle_Logo_weiss.png","contentUrl":"https:\/\/radioleinewelle.de\/wp-content\/uploads\/2023\/11\/cropped-Leinewelle_Logo_weiss.png","width":854,"height":260,"caption":"Radio Leinewelle"},"image":{"@id":"https:\/\/radioleinewelle.de\/#\/schema\/logo\/image\/"},"sameAs":["https:\/\/www.facebook.com\/radioleinewelle","https:\/\/x.com\/RLeinewelle","https:\/\/www.instagram.com\/radioleinewelle\/?hl=de"]},{"@type":"Person","@id":"https:\/\/radioleinewelle.de\/#\/schema\/person\/45606f348637df637192dc1b68399a63","name":"Leinewelle","image":{"@type":"ImageObject","inLanguage":"de","@id":"https:\/\/secure.gravatar.com\/avatar\/05c9a17bc973052ee5d91549bd32fb4dd0dc85b7b85ae94b2e2b4943476bbea5?s=96&d=blank&r=g","url":"https:\/\/secure.gravatar.com\/avatar\/05c9a17bc973052ee5d91549bd32fb4dd0dc85b7b85ae94b2e2b4943476bbea5?s=96&d=blank&r=g","contentUrl":"https:\/\/secure.gravatar.com\/avatar\/05c9a17bc973052ee5d91549bd32fb4dd0dc85b7b85ae94b2e2b4943476bbea5?s=96&d=blank&r=g","caption":"Leinewelle"},"sameAs":["http:\/\/localhost\/radio%20leinewelle\/wordpress","https:\/\/www.facebook.com\/radioleinewelle","https:\/\/www.instagram.com\/radioleinewelle","https:\/\/x.com\/https:\/\/twitter.com\/RLeinewelle?ref_src=twsrcgoogletwcampserptwgrauthor","https:\/\/soundcloud.com\/foerderverein-lokalradio?utm_source=clipboard&utm_medium=text&utm_campaign=social_sharing"],"url":"https:\/\/radioleinewelle.de\/index.php\/author\/leinewelle\/"}]}},"_links":{"self":[{"href":"https:\/\/radioleinewelle.de\/index.php\/wp-json\/wp\/v2\/posts\/1955","targetHints":{"allow":["GET"]}}],"collection":[{"href":"https:\/\/radioleinewelle.de\/index.php\/wp-json\/wp\/v2\/posts"}],"about":[{"href":"https:\/\/radioleinewelle.de\/index.php\/wp-json\/wp\/v2\/types\/post"}],"author":[{"embeddable":true,"href":"https:\/\/radioleinewelle.de\/index.php\/wp-json\/wp\/v2\/users\/1"}],"replies":[{"embeddable":true,"href":"https:\/\/radioleinewelle.de\/index.php\/wp-json\/wp\/v2\/comments?post=1955"}],"version-history":[{"count":0,"href":"https:\/\/radioleinewelle.de\/index.php\/wp-json\/wp\/v2\/posts\/1955\/revisions"}],"wp:featuredmedia":[{"embeddable":true,"href":"https:\/\/radioleinewelle.de\/index.php\/wp-json\/wp\/v2\/media\/1931"}],"wp:attachment":[{"href":"https:\/\/radioleinewelle.de\/index.php\/wp-json\/wp\/v2\/media?parent=1955"}],"wp:term":[{"taxonomy":"category","embeddable":true,"href":"https:\/\/radioleinewelle.de\/index.php\/wp-json\/wp\/v2\/categories?post=1955"},{"taxonomy":"post_tag","embeddable":true,"href":"https:\/\/radioleinewelle.de\/index.php\/wp-json\/wp\/v2\/tags?post=1955"}],"curies":[{"name":"wp","href":"https:\/\/api.w.org\/{rel}","templated":true}]}}