{"id":1958,"date":"2020-10-01T04:50:48","date_gmt":"2020-10-01T02:50:48","guid":{"rendered":"https:\/\/radioleinewelle.de\/?p=1958"},"modified":"2020-10-01T04:50:48","modified_gmt":"2020-10-01T02:50:48","slug":"gute-nachrichten-fuer-goettingen-gruenes-licht-fuer-den-neubau-der-umg","status":"publish","type":"post","link":"https:\/\/radioleinewelle.de\/index.php\/2020\/10\/01\/gute-nachrichten-fuer-goettingen-gruenes-licht-fuer-den-neubau-der-umg\/","title":{"rendered":"Gute Nachrichten f\u00fcr G\u00f6ttingen: gr\u00fcnes Licht f\u00fcr den Neubau der UMG"},"content":{"rendered":"<div class=\"news__teaser-text\">(umg\/dbhn) Der Ausschuss f\u00fcr Haushalt und Finanzen des Nieders\u00e4chsischen Landtages hat in seiner heutigen Sitzung \u201egr\u00fcnes Licht\u201c f\u00fcr die Aufnahme des Bauvorhabens \u201eBaustufe 1\u201c an der Universit\u00e4tsmedizin G\u00f6ttingen (UMG) in den Ma\u00dfnahmenfinanzierungsplan des \u201eSonderverm\u00f6gens zur Nachholung von Investitionen bei den Hochschulen in staatlicher Verantwortung\u201c zugestimmt. \u00a0Damit werden die finanziellen Voraussetzungen f\u00fcr die Realisierung des zentralen baulichen Kernelements der Krankenversorgung auf dem geplanten neuen Medizin-Campus der UMG geschaffen. Die Baustufe 1 umfasst das Bettenhaus mit 624 Betten, das Operative Zentrum mit rund 25 OP-S\u00e4len sowie das Herz-, Neuro- und Notfallzentrum. Dieser Bauabschnitt kann mit den vorgesehenen Finanzmitteln so gebaut werden, dass er in sich voll funktions- und betriebsf\u00e4hig ist.\u00a0Die UMG hatte die geplanten Ma\u00dfnahmen zur Aufnahme in den Ma\u00dfnahmenfinanzierungsplan des Sonderverm\u00f6gens am 6. Juli 2020 bei der Dachgesellschaft Bauvorhaben Hochschulmedizin Niedersachsen (DBHN) eingereicht. Diese erteilte ein positives Votum.<\/div>\n<div class=\"textImageRow--float-right u-add-margin-top-full\">\n<p>Detaillierte Informationen\u00a0auf den Seiten der <a href=\"https:\/\/www.umg.eu\/presse\/news-detail\/news-detail\/detail\/news\/gruenes-licht-haushaltsausschuss-stellt-entscheidende-weichen-fuer-den-neubau-an-der-umg\/\">Universit\u00e4tsmedizin G\u00f6ttingen<\/a><\/p>\n<\/div>\n<div class=\"textImageRow--float-right u-add-margin-top-full\"><\/div>\n<div class=\"textImageRow--float-right u-add-margin-top-full\"><\/div>\n<div class=\"textImageRow--float-right u-add-margin-top-full\"><strong>Foto:<\/strong> Weichenstellung f\u00fcr den Klinikums-Neubau: Haushaltsausschuss stimmt Finanzmitteln f\u00fcr UMG-Bauvorhaben zu. \u00a9 umg\/g\u00f6flug<\/div>\n","protected":false},"excerpt":{"rendered":"<p>(umg\/dbhn) Der Ausschuss f\u00fcr Haushalt und Finanzen des Nieders\u00e4chsischen Landtages hat in seiner heutigen Sitzung \u201egr\u00fcnes Licht\u201c f\u00fcr die Aufnahme des Bauvorhabens \u201eBaustufe 1\u201c an der Universit\u00e4tsmedizin G\u00f6ttingen (UMG) in den Ma\u00dfnahmenfinanzierungsplan des \u201eSonderverm\u00f6gens zur Nachholung von Investitionen bei den Hochschulen in staatlicher Verantwortung\u201c zugestimmt. \u00a0Damit werden die finanziellen Voraussetzungen f\u00fcr die Realisierung des zentralen [&hellip;]<\/p>\n","protected":false},"author":1,"featured_media":0,"comment_status":"closed","ping_status":"closed","sticky":false,"template":"","format":"standard","meta":{"saved_in_kubio":false,"footnotes":""},"categories":[1],"tags":[],"class_list":["post-1958","post","type-post","status-publish","format-standard","hentry","category-allgemein"],"yoast_head":"<!-- This site is optimized with the Yoast SEO plugin v27.5 - https:\/\/yoast.com\/product\/yoast-seo-wordpress\/ -->\n<title>Gute Nachrichten f\u00fcr G\u00f6ttingen: gr\u00fcnes Licht f\u00fcr den Neubau der UMG - Radio Leinewelle<\/title>\n<meta name=\"robots\" content=\"index, follow, max-snippet:-1, max-image-preview:large, max-video-preview:-1\" \/>\n<link rel=\"canonical\" href=\"https:\/\/radioleinewelle.de\/index.php\/2020\/10\/01\/gute-nachrichten-fuer-goettingen-gruenes-licht-fuer-den-neubau-der-umg\/\" \/>\n<meta property=\"og:locale\" content=\"de_DE\" \/>\n<meta property=\"og:type\" content=\"article\" \/>\n<meta property=\"og:title\" content=\"Gute Nachrichten f\u00fcr G\u00f6ttingen: gr\u00fcnes Licht f\u00fcr den Neubau der UMG - Radio Leinewelle\" \/>\n<meta property=\"og:description\" content=\"(umg\/dbhn) Der Ausschuss f\u00fcr Haushalt und Finanzen des Nieders\u00e4chsischen Landtages hat in seiner heutigen Sitzung \u201egr\u00fcnes Licht\u201c f\u00fcr die Aufnahme des Bauvorhabens \u201eBaustufe 1\u201c an der Universit\u00e4tsmedizin G\u00f6ttingen (UMG) in den Ma\u00dfnahmenfinanzierungsplan des \u201eSonderverm\u00f6gens zur Nachholung von Investitionen bei den Hochschulen in staatlicher Verantwortung\u201c zugestimmt. \u00a0Damit werden die finanziellen Voraussetzungen f\u00fcr die Realisierung des zentralen [&hellip;]\" \/>\n<meta property=\"og:url\" content=\"https:\/\/radioleinewelle.de\/index.php\/2020\/10\/01\/gute-nachrichten-fuer-goettingen-gruenes-licht-fuer-den-neubau-der-umg\/\" \/>\n<meta property=\"og:site_name\" content=\"Radio Leinewelle\" \/>\n<meta property=\"article:publisher\" content=\"https:\/\/www.facebook.com\/radioleinewelle\" \/>\n<meta property=\"article:author\" content=\"https:\/\/www.facebook.com\/radioleinewelle\" \/>\n<meta property=\"article:published_time\" content=\"2020-10-01T02:50:48+00:00\" \/>\n<meta name=\"author\" content=\"Leinewelle\" \/>\n<meta name=\"twitter:card\" content=\"summary_large_image\" \/>\n<meta name=\"twitter:creator\" content=\"@https:\/\/twitter.com\/RLeinewelle?ref_src=twsrcgoogletwcampserptwgrauthor\" \/>\n<meta name=\"twitter:site\" content=\"@RLeinewelle\" \/>\n<meta name=\"twitter:label1\" content=\"Verfasst von\" \/>\n\t<meta name=\"twitter:data1\" content=\"Leinewelle\" \/>\n\t<meta name=\"twitter:label2\" content=\"Gesch\u00e4tzte Lesezeit\" \/>\n\t<meta name=\"twitter:data2\" content=\"1\u00a0Minute\" \/>\n<script type=\"application\/ld+json\" class=\"yoast-schema-graph\">{\"@context\":\"https:\\\/\\\/schema.org\",\"@graph\":[{\"@type\":\"Article\",\"@id\":\"https:\\\/\\\/radioleinewelle.de\\\/index.php\\\/2020\\\/10\\\/01\\\/gute-nachrichten-fuer-goettingen-gruenes-licht-fuer-den-neubau-der-umg\\\/#article\",\"isPartOf\":{\"@id\":\"https:\\\/\\\/radioleinewelle.de\\\/index.php\\\/2020\\\/10\\\/01\\\/gute-nachrichten-fuer-goettingen-gruenes-licht-fuer-den-neubau-der-umg\\\/\"},\"author\":{\"name\":\"Leinewelle\",\"@id\":\"https:\\\/\\\/radioleinewelle.de\\\/#\\\/schema\\\/person\\\/45606f348637df637192dc1b68399a63\"},\"headline\":\"Gute Nachrichten f\u00fcr G\u00f6ttingen: gr\u00fcnes Licht f\u00fcr den Neubau der UMG\",\"datePublished\":\"2020-10-01T02:50:48+00:00\",\"mainEntityOfPage\":{\"@id\":\"https:\\\/\\\/radioleinewelle.de\\\/index.php\\\/2020\\\/10\\\/01\\\/gute-nachrichten-fuer-goettingen-gruenes-licht-fuer-den-neubau-der-umg\\\/\"},\"wordCount\":188,\"publisher\":{\"@id\":\"https:\\\/\\\/radioleinewelle.de\\\/#organization\"},\"inLanguage\":\"de\"},{\"@type\":\"WebPage\",\"@id\":\"https:\\\/\\\/radioleinewelle.de\\\/index.php\\\/2020\\\/10\\\/01\\\/gute-nachrichten-fuer-goettingen-gruenes-licht-fuer-den-neubau-der-umg\\\/\",\"url\":\"https:\\\/\\\/radioleinewelle.de\\\/index.php\\\/2020\\\/10\\\/01\\\/gute-nachrichten-fuer-goettingen-gruenes-licht-fuer-den-neubau-der-umg\\\/\",\"name\":\"Gute Nachrichten f\u00fcr G\u00f6ttingen: gr\u00fcnes Licht f\u00fcr den Neubau der UMG - Radio Leinewelle\",\"isPartOf\":{\"@id\":\"https:\\\/\\\/radioleinewelle.de\\\/#website\"},\"datePublished\":\"2020-10-01T02:50:48+00:00\",\"breadcrumb\":{\"@id\":\"https:\\\/\\\/radioleinewelle.de\\\/index.php\\\/2020\\\/10\\\/01\\\/gute-nachrichten-fuer-goettingen-gruenes-licht-fuer-den-neubau-der-umg\\\/#breadcrumb\"},\"inLanguage\":\"de\",\"potentialAction\":[{\"@type\":\"ReadAction\",\"target\":[\"https:\\\/\\\/radioleinewelle.de\\\/index.php\\\/2020\\\/10\\\/01\\\/gute-nachrichten-fuer-goettingen-gruenes-licht-fuer-den-neubau-der-umg\\\/\"]}]},{\"@type\":\"BreadcrumbList\",\"@id\":\"https:\\\/\\\/radioleinewelle.de\\\/index.php\\\/2020\\\/10\\\/01\\\/gute-nachrichten-fuer-goettingen-gruenes-licht-fuer-den-neubau-der-umg\\\/#breadcrumb\",\"itemListElement\":[{\"@type\":\"ListItem\",\"position\":1,\"name\":\"Startseite\",\"item\":\"https:\\\/\\\/radioleinewelle.de\\\/\"},{\"@type\":\"ListItem\",\"position\":2,\"name\":\"Gute Nachrichten f\u00fcr G\u00f6ttingen: gr\u00fcnes Licht f\u00fcr den Neubau der UMG\"}]},{\"@type\":\"WebSite\",\"@id\":\"https:\\\/\\\/radioleinewelle.de\\\/#website\",\"url\":\"https:\\\/\\\/radioleinewelle.de\\\/\",\"name\":\"Radio Leinewelle\",\"description\":\"\",\"publisher\":{\"@id\":\"https:\\\/\\\/radioleinewelle.de\\\/#organization\"},\"potentialAction\":[{\"@type\":\"SearchAction\",\"target\":{\"@type\":\"EntryPoint\",\"urlTemplate\":\"https:\\\/\\\/radioleinewelle.de\\\/?s={search_term_string}\"},\"query-input\":{\"@type\":\"PropertyValueSpecification\",\"valueRequired\":true,\"valueName\":\"search_term_string\"}}],\"inLanguage\":\"de\"},{\"@type\":\"Organization\",\"@id\":\"https:\\\/\\\/radioleinewelle.de\\\/#organization\",\"name\":\"Radio Leinewelle\",\"alternateName\":\"Mein Radio f\u00fcr S\u00fcdniedersachsen\",\"url\":\"https:\\\/\\\/radioleinewelle.de\\\/\",\"logo\":{\"@type\":\"ImageObject\",\"inLanguage\":\"de\",\"@id\":\"https:\\\/\\\/radioleinewelle.de\\\/#\\\/schema\\\/logo\\\/image\\\/\",\"url\":\"https:\\\/\\\/radioleinewelle.de\\\/wp-content\\\/uploads\\\/2023\\\/11\\\/cropped-Leinewelle_Logo_weiss.png\",\"contentUrl\":\"https:\\\/\\\/radioleinewelle.de\\\/wp-content\\\/uploads\\\/2023\\\/11\\\/cropped-Leinewelle_Logo_weiss.png\",\"width\":854,\"height\":260,\"caption\":\"Radio Leinewelle\"},\"image\":{\"@id\":\"https:\\\/\\\/radioleinewelle.de\\\/#\\\/schema\\\/logo\\\/image\\\/\"},\"sameAs\":[\"https:\\\/\\\/www.facebook.com\\\/radioleinewelle\",\"https:\\\/\\\/x.com\\\/RLeinewelle\",\"https:\\\/\\\/www.instagram.com\\\/radioleinewelle\\\/?hl=de\"]},{\"@type\":\"Person\",\"@id\":\"https:\\\/\\\/radioleinewelle.de\\\/#\\\/schema\\\/person\\\/45606f348637df637192dc1b68399a63\",\"name\":\"Leinewelle\",\"image\":{\"@type\":\"ImageObject\",\"inLanguage\":\"de\",\"@id\":\"https:\\\/\\\/secure.gravatar.com\\\/avatar\\\/05c9a17bc973052ee5d91549bd32fb4dd0dc85b7b85ae94b2e2b4943476bbea5?s=96&d=blank&r=g\",\"url\":\"https:\\\/\\\/secure.gravatar.com\\\/avatar\\\/05c9a17bc973052ee5d91549bd32fb4dd0dc85b7b85ae94b2e2b4943476bbea5?s=96&d=blank&r=g\",\"contentUrl\":\"https:\\\/\\\/secure.gravatar.com\\\/avatar\\\/05c9a17bc973052ee5d91549bd32fb4dd0dc85b7b85ae94b2e2b4943476bbea5?s=96&d=blank&r=g\",\"caption\":\"Leinewelle\"},\"sameAs\":[\"http:\\\/\\\/localhost\\\/radio%20leinewelle\\\/wordpress\",\"https:\\\/\\\/www.facebook.com\\\/radioleinewelle\",\"https:\\\/\\\/www.instagram.com\\\/radioleinewelle\",\"https:\\\/\\\/x.com\\\/https:\\\/\\\/twitter.com\\\/RLeinewelle?ref_src=twsrcgoogletwcampserptwgrauthor\",\"https:\\\/\\\/soundcloud.com\\\/foerderverein-lokalradio?utm_source=clipboard&utm_medium=text&utm_campaign=social_sharing\"],\"url\":\"https:\\\/\\\/radioleinewelle.de\\\/index.php\\\/author\\\/leinewelle\\\/\"}]}<\/script>\n<!-- \/ Yoast SEO plugin. -->","yoast_head_json":{"title":"Gute Nachrichten f\u00fcr G\u00f6ttingen: gr\u00fcnes Licht f\u00fcr den Neubau der UMG - Radio Leinewelle","robots":{"index":"index","follow":"follow","max-snippet":"max-snippet:-1","max-image-preview":"max-image-preview:large","max-video-preview":"max-video-preview:-1"},"canonical":"https:\/\/radioleinewelle.de\/index.php\/2020\/10\/01\/gute-nachrichten-fuer-goettingen-gruenes-licht-fuer-den-neubau-der-umg\/","og_locale":"de_DE","og_type":"article","og_title":"Gute Nachrichten f\u00fcr G\u00f6ttingen: gr\u00fcnes Licht f\u00fcr den Neubau der UMG - Radio Leinewelle","og_description":"(umg\/dbhn) Der Ausschuss f\u00fcr Haushalt und Finanzen des Nieders\u00e4chsischen Landtages hat in seiner heutigen Sitzung \u201egr\u00fcnes Licht\u201c f\u00fcr die Aufnahme des Bauvorhabens \u201eBaustufe 1\u201c an der Universit\u00e4tsmedizin G\u00f6ttingen (UMG) in den Ma\u00dfnahmenfinanzierungsplan des \u201eSonderverm\u00f6gens zur Nachholung von Investitionen bei den Hochschulen in staatlicher Verantwortung\u201c zugestimmt. \u00a0Damit werden die finanziellen Voraussetzungen f\u00fcr die Realisierung des zentralen [&hellip;]","og_url":"https:\/\/radioleinewelle.de\/index.php\/2020\/10\/01\/gute-nachrichten-fuer-goettingen-gruenes-licht-fuer-den-neubau-der-umg\/","og_site_name":"Radio Leinewelle","article_publisher":"https:\/\/www.facebook.com\/radioleinewelle","article_author":"https:\/\/www.facebook.com\/radioleinewelle","article_published_time":"2020-10-01T02:50:48+00:00","author":"Leinewelle","twitter_card":"summary_large_image","twitter_creator":"@https:\/\/twitter.com\/RLeinewelle?ref_src=twsrcgoogletwcampserptwgrauthor","twitter_site":"@RLeinewelle","twitter_misc":{"Verfasst von":"Leinewelle","Gesch\u00e4tzte Lesezeit":"1\u00a0Minute"},"schema":{"@context":"https:\/\/schema.org","@graph":[{"@type":"Article","@id":"https:\/\/radioleinewelle.de\/index.php\/2020\/10\/01\/gute-nachrichten-fuer-goettingen-gruenes-licht-fuer-den-neubau-der-umg\/#article","isPartOf":{"@id":"https:\/\/radioleinewelle.de\/index.php\/2020\/10\/01\/gute-nachrichten-fuer-goettingen-gruenes-licht-fuer-den-neubau-der-umg\/"},"author":{"name":"Leinewelle","@id":"https:\/\/radioleinewelle.de\/#\/schema\/person\/45606f348637df637192dc1b68399a63"},"headline":"Gute Nachrichten f\u00fcr G\u00f6ttingen: gr\u00fcnes Licht f\u00fcr den Neubau der UMG","datePublished":"2020-10-01T02:50:48+00:00","mainEntityOfPage":{"@id":"https:\/\/radioleinewelle.de\/index.php\/2020\/10\/01\/gute-nachrichten-fuer-goettingen-gruenes-licht-fuer-den-neubau-der-umg\/"},"wordCount":188,"publisher":{"@id":"https:\/\/radioleinewelle.de\/#organization"},"inLanguage":"de"},{"@type":"WebPage","@id":"https:\/\/radioleinewelle.de\/index.php\/2020\/10\/01\/gute-nachrichten-fuer-goettingen-gruenes-licht-fuer-den-neubau-der-umg\/","url":"https:\/\/radioleinewelle.de\/index.php\/2020\/10\/01\/gute-nachrichten-fuer-goettingen-gruenes-licht-fuer-den-neubau-der-umg\/","name":"Gute Nachrichten f\u00fcr G\u00f6ttingen: gr\u00fcnes Licht f\u00fcr den Neubau der UMG - Radio Leinewelle","isPartOf":{"@id":"https:\/\/radioleinewelle.de\/#website"},"datePublished":"2020-10-01T02:50:48+00:00","breadcrumb":{"@id":"https:\/\/radioleinewelle.de\/index.php\/2020\/10\/01\/gute-nachrichten-fuer-goettingen-gruenes-licht-fuer-den-neubau-der-umg\/#breadcrumb"},"inLanguage":"de","potentialAction":[{"@type":"ReadAction","target":["https:\/\/radioleinewelle.de\/index.php\/2020\/10\/01\/gute-nachrichten-fuer-goettingen-gruenes-licht-fuer-den-neubau-der-umg\/"]}]},{"@type":"BreadcrumbList","@id":"https:\/\/radioleinewelle.de\/index.php\/2020\/10\/01\/gute-nachrichten-fuer-goettingen-gruenes-licht-fuer-den-neubau-der-umg\/#breadcrumb","itemListElement":[{"@type":"ListItem","position":1,"name":"Startseite","item":"https:\/\/radioleinewelle.de\/"},{"@type":"ListItem","position":2,"name":"Gute Nachrichten f\u00fcr G\u00f6ttingen: gr\u00fcnes Licht f\u00fcr den Neubau der UMG"}]},{"@type":"WebSite","@id":"https:\/\/radioleinewelle.de\/#website","url":"https:\/\/radioleinewelle.de\/","name":"Radio Leinewelle","description":"","publisher":{"@id":"https:\/\/radioleinewelle.de\/#organization"},"potentialAction":[{"@type":"SearchAction","target":{"@type":"EntryPoint","urlTemplate":"https:\/\/radioleinewelle.de\/?s={search_term_string}"},"query-input":{"@type":"PropertyValueSpecification","valueRequired":true,"valueName":"search_term_string"}}],"inLanguage":"de"},{"@type":"Organization","@id":"https:\/\/radioleinewelle.de\/#organization","name":"Radio Leinewelle","alternateName":"Mein Radio f\u00fcr S\u00fcdniedersachsen","url":"https:\/\/radioleinewelle.de\/","logo":{"@type":"ImageObject","inLanguage":"de","@id":"https:\/\/radioleinewelle.de\/#\/schema\/logo\/image\/","url":"https:\/\/radioleinewelle.de\/wp-content\/uploads\/2023\/11\/cropped-Leinewelle_Logo_weiss.png","contentUrl":"https:\/\/radioleinewelle.de\/wp-content\/uploads\/2023\/11\/cropped-Leinewelle_Logo_weiss.png","width":854,"height":260,"caption":"Radio Leinewelle"},"image":{"@id":"https:\/\/radioleinewelle.de\/#\/schema\/logo\/image\/"},"sameAs":["https:\/\/www.facebook.com\/radioleinewelle","https:\/\/x.com\/RLeinewelle","https:\/\/www.instagram.com\/radioleinewelle\/?hl=de"]},{"@type":"Person","@id":"https:\/\/radioleinewelle.de\/#\/schema\/person\/45606f348637df637192dc1b68399a63","name":"Leinewelle","image":{"@type":"ImageObject","inLanguage":"de","@id":"https:\/\/secure.gravatar.com\/avatar\/05c9a17bc973052ee5d91549bd32fb4dd0dc85b7b85ae94b2e2b4943476bbea5?s=96&d=blank&r=g","url":"https:\/\/secure.gravatar.com\/avatar\/05c9a17bc973052ee5d91549bd32fb4dd0dc85b7b85ae94b2e2b4943476bbea5?s=96&d=blank&r=g","contentUrl":"https:\/\/secure.gravatar.com\/avatar\/05c9a17bc973052ee5d91549bd32fb4dd0dc85b7b85ae94b2e2b4943476bbea5?s=96&d=blank&r=g","caption":"Leinewelle"},"sameAs":["http:\/\/localhost\/radio%20leinewelle\/wordpress","https:\/\/www.facebook.com\/radioleinewelle","https:\/\/www.instagram.com\/radioleinewelle","https:\/\/x.com\/https:\/\/twitter.com\/RLeinewelle?ref_src=twsrcgoogletwcampserptwgrauthor","https:\/\/soundcloud.com\/foerderverein-lokalradio?utm_source=clipboard&utm_medium=text&utm_campaign=social_sharing"],"url":"https:\/\/radioleinewelle.de\/index.php\/author\/leinewelle\/"}]}},"_links":{"self":[{"href":"https:\/\/radioleinewelle.de\/index.php\/wp-json\/wp\/v2\/posts\/1958","targetHints":{"allow":["GET"]}}],"collection":[{"href":"https:\/\/radioleinewelle.de\/index.php\/wp-json\/wp\/v2\/posts"}],"about":[{"href":"https:\/\/radioleinewelle.de\/index.php\/wp-json\/wp\/v2\/types\/post"}],"author":[{"embeddable":true,"href":"https:\/\/radioleinewelle.de\/index.php\/wp-json\/wp\/v2\/users\/1"}],"replies":[{"embeddable":true,"href":"https:\/\/radioleinewelle.de\/index.php\/wp-json\/wp\/v2\/comments?post=1958"}],"version-history":[{"count":0,"href":"https:\/\/radioleinewelle.de\/index.php\/wp-json\/wp\/v2\/posts\/1958\/revisions"}],"wp:attachment":[{"href":"https:\/\/radioleinewelle.de\/index.php\/wp-json\/wp\/v2\/media?parent=1958"}],"wp:term":[{"taxonomy":"category","embeddable":true,"href":"https:\/\/radioleinewelle.de\/index.php\/wp-json\/wp\/v2\/categories?post=1958"},{"taxonomy":"post_tag","embeddable":true,"href":"https:\/\/radioleinewelle.de\/index.php\/wp-json\/wp\/v2\/tags?post=1958"}],"curies":[{"name":"wp","href":"https:\/\/api.w.org\/{rel}","templated":true}]}}