{"id":1963,"date":"2020-10-01T05:05:25","date_gmt":"2020-10-01T03:05:25","guid":{"rendered":"https:\/\/radioleinewelle.de\/?p=1963"},"modified":"2020-10-01T05:05:25","modified_gmt":"2020-10-01T03:05:25","slug":"hirngroesse-bei-primaten-sagt-nichts-ueber-deren-intelligenz-aus","status":"publish","type":"post","link":"https:\/\/radioleinewelle.de\/index.php\/2020\/10\/01\/hirngroesse-bei-primaten-sagt-nichts-ueber-deren-intelligenz-aus\/","title":{"rendered":"Hirngr\u00f6\u00dfe bei Primaten sagt nichts \u00fcber deren Intelligenz aus"},"content":{"rendered":"<p>Schimpansen, Gorillas und Orang-Utans sind unsere n\u00e4chsten Verwandten, haben wie wir relativ gro\u00dfe Gehirne und sind sehr intelligent. Aber schneiden Tiere, die gr\u00f6\u00dfere Gehirne haben, auch wirklich besser in kognitiven Tests ab? Ein Forscherteam vom Deutschen Primatenzentrum (DPZ) \u2013 Leibniz-Institut f\u00fcr Primatenforschung in G\u00f6ttingen hat erstmals systematisch die kognitiven F\u00e4higkeiten von Lemuren untersucht, die im Vergleich zu anderen Primaten relativ kleine Gehirne haben. Bei systematischen Tests mit identischen Methoden zeigte sich, dass sich die kognitiven F\u00e4higkeiten der Lemuren kaum von denen von Affen und Menschenaffen unterscheiden. Vielmehr zeigt diese Studie, dass der Zusammenhang von Hirngr\u00f6\u00dfe und kognitiven F\u00e4higkeiten nicht verallgemeinert werden kann und liefert neue Erkenntnisse zur Evolution kognitiver F\u00e4higkeiten bei Primaten (PeerJ).<br \/>\nMenschen und nicht-menschliche Primaten z\u00e4hlen zu den intelligentesten Lebewesen. Ihre Hirngr\u00f6\u00dfe k\u00f6nnte dabei von entscheidender Bedeutung sein, denn Primaten haben in Bezug auf ihre K\u00f6rpergr\u00f6\u00dfe relativ gro\u00dfe Gehirne. So wird zum Beispiel angenommen, dass gr\u00f6\u00dfere Gehirne eine schnellere Lernf\u00e4higkeit und ein besseres Ged\u00e4chtnis erm\u00f6glichen. Innerhalb der Primaten unterscheiden sich verschiedene Arten aber in ihrer Gehirngr\u00f6\u00dfe um das 200fache. Deshalb hat ein Forscherteam vom Deutschen Primatenzentrum (DPZ) jetzt untersucht, ob sich die kognitiven Leistungen von Lemuren, die relativ kleine Gehirne besitzen, von denen anderer Primaten unterschieden.<\/p>\n<p>Detaillierte Informationen auf den Seiten des <a href=\"https:\/\/www.dpz.eu\/de\/startseite\/einzelansicht\/news\/hirngroesse-bei-primaten-sagt-nichts-ueber-deren-intelligenz-aus.html\">Deutschen Primatenzentrums<\/a><\/p>\n<p><strong>Foto:<\/strong> Mit der Primate Cognition Test Battery wird unter anderem das r\u00e4umliche Denkverm\u00f6gen bei Primaten untersucht: Kann sich der Katta merken, unter welchem Becher die Belohnung versteckt ist? \u00a9 Katja Rudolph<\/p>\n","protected":false},"excerpt":{"rendered":"<p>Schimpansen, Gorillas und Orang-Utans sind unsere n\u00e4chsten Verwandten, haben wie wir relativ gro\u00dfe Gehirne und sind sehr intelligent. Aber schneiden Tiere, die gr\u00f6\u00dfere Gehirne haben, auch wirklich besser in kognitiven Tests ab? Ein Forscherteam vom Deutschen Primatenzentrum (DPZ) \u2013 Leibniz-Institut f\u00fcr Primatenforschung in G\u00f6ttingen hat erstmals systematisch die kognitiven F\u00e4higkeiten von Lemuren untersucht, die im [&hellip;]<\/p>\n","protected":false},"author":1,"featured_media":1966,"comment_status":"closed","ping_status":"closed","sticky":false,"template":"","format":"standard","meta":{"saved_in_kubio":false,"footnotes":""},"categories":[1],"tags":[],"class_list":["post-1963","post","type-post","status-publish","format-standard","has-post-thumbnail","hentry","category-allgemein"],"yoast_head":"<!-- This site is optimized with the Yoast SEO plugin v27.5 - https:\/\/yoast.com\/product\/yoast-seo-wordpress\/ -->\n<title>Hirngr\u00f6\u00dfe bei Primaten sagt nichts \u00fcber deren Intelligenz aus - Radio Leinewelle<\/title>\n<meta name=\"robots\" content=\"index, follow, max-snippet:-1, max-image-preview:large, max-video-preview:-1\" \/>\n<link rel=\"canonical\" href=\"https:\/\/radioleinewelle.de\/index.php\/2020\/10\/01\/hirngroesse-bei-primaten-sagt-nichts-ueber-deren-intelligenz-aus\/\" \/>\n<meta property=\"og:locale\" content=\"de_DE\" \/>\n<meta property=\"og:type\" content=\"article\" \/>\n<meta property=\"og:title\" content=\"Hirngr\u00f6\u00dfe bei Primaten sagt nichts \u00fcber deren Intelligenz aus - Radio Leinewelle\" \/>\n<meta property=\"og:description\" content=\"Schimpansen, Gorillas und Orang-Utans sind unsere n\u00e4chsten Verwandten, haben wie wir relativ gro\u00dfe Gehirne und sind sehr intelligent. Aber schneiden Tiere, die gr\u00f6\u00dfere Gehirne haben, auch wirklich besser in kognitiven Tests ab? Ein Forscherteam vom Deutschen Primatenzentrum (DPZ) \u2013 Leibniz-Institut f\u00fcr Primatenforschung in G\u00f6ttingen hat erstmals systematisch die kognitiven F\u00e4higkeiten von Lemuren untersucht, die im [&hellip;]\" \/>\n<meta property=\"og:url\" content=\"https:\/\/radioleinewelle.de\/index.php\/2020\/10\/01\/hirngroesse-bei-primaten-sagt-nichts-ueber-deren-intelligenz-aus\/\" \/>\n<meta property=\"og:site_name\" content=\"Radio Leinewelle\" \/>\n<meta property=\"article:publisher\" content=\"https:\/\/www.facebook.com\/radioleinewelle\" \/>\n<meta property=\"article:author\" content=\"https:\/\/www.facebook.com\/radioleinewelle\" \/>\n<meta property=\"article:published_time\" content=\"2020-10-01T03:05:25+00:00\" \/>\n<meta property=\"og:image\" content=\"https:\/\/radioleinewelle.de\/wp-content\/uploads\/2020\/09\/csm_Foto_Pressemitteilung_Lemuren_Kognition_Katja_dd545c238a.jpg\" \/>\n\t<meta property=\"og:image:width\" content=\"800\" \/>\n\t<meta property=\"og:image:height\" content=\"533\" \/>\n\t<meta property=\"og:image:type\" content=\"image\/jpeg\" \/>\n<meta name=\"author\" content=\"Leinewelle\" \/>\n<meta name=\"twitter:card\" content=\"summary_large_image\" \/>\n<meta name=\"twitter:creator\" content=\"@https:\/\/twitter.com\/RLeinewelle?ref_src=twsrcgoogletwcampserptwgrauthor\" \/>\n<meta name=\"twitter:site\" content=\"@RLeinewelle\" \/>\n<meta name=\"twitter:label1\" content=\"Verfasst von\" \/>\n\t<meta name=\"twitter:data1\" content=\"Leinewelle\" \/>\n\t<meta name=\"twitter:label2\" content=\"Gesch\u00e4tzte Lesezeit\" \/>\n\t<meta name=\"twitter:data2\" content=\"1\u00a0Minute\" \/>\n<script type=\"application\/ld+json\" class=\"yoast-schema-graph\">{\"@context\":\"https:\\\/\\\/schema.org\",\"@graph\":[{\"@type\":\"Article\",\"@id\":\"https:\\\/\\\/radioleinewelle.de\\\/index.php\\\/2020\\\/10\\\/01\\\/hirngroesse-bei-primaten-sagt-nichts-ueber-deren-intelligenz-aus\\\/#article\",\"isPartOf\":{\"@id\":\"https:\\\/\\\/radioleinewelle.de\\\/index.php\\\/2020\\\/10\\\/01\\\/hirngroesse-bei-primaten-sagt-nichts-ueber-deren-intelligenz-aus\\\/\"},\"author\":{\"name\":\"Leinewelle\",\"@id\":\"https:\\\/\\\/radioleinewelle.de\\\/#\\\/schema\\\/person\\\/45606f348637df637192dc1b68399a63\"},\"headline\":\"Hirngr\u00f6\u00dfe bei Primaten sagt nichts \u00fcber deren Intelligenz aus\",\"datePublished\":\"2020-10-01T03:05:25+00:00\",\"mainEntityOfPage\":{\"@id\":\"https:\\\/\\\/radioleinewelle.de\\\/index.php\\\/2020\\\/10\\\/01\\\/hirngroesse-bei-primaten-sagt-nichts-ueber-deren-intelligenz-aus\\\/\"},\"wordCount\":268,\"publisher\":{\"@id\":\"https:\\\/\\\/radioleinewelle.de\\\/#organization\"},\"image\":{\"@id\":\"https:\\\/\\\/radioleinewelle.de\\\/index.php\\\/2020\\\/10\\\/01\\\/hirngroesse-bei-primaten-sagt-nichts-ueber-deren-intelligenz-aus\\\/#primaryimage\"},\"thumbnailUrl\":\"https:\\\/\\\/radioleinewelle.de\\\/wp-content\\\/uploads\\\/2020\\\/09\\\/csm_Foto_Pressemitteilung_Lemuren_Kognition_Katja_dd545c238a.jpg\",\"inLanguage\":\"de\"},{\"@type\":\"WebPage\",\"@id\":\"https:\\\/\\\/radioleinewelle.de\\\/index.php\\\/2020\\\/10\\\/01\\\/hirngroesse-bei-primaten-sagt-nichts-ueber-deren-intelligenz-aus\\\/\",\"url\":\"https:\\\/\\\/radioleinewelle.de\\\/index.php\\\/2020\\\/10\\\/01\\\/hirngroesse-bei-primaten-sagt-nichts-ueber-deren-intelligenz-aus\\\/\",\"name\":\"Hirngr\u00f6\u00dfe bei Primaten sagt nichts \u00fcber deren Intelligenz aus - Radio Leinewelle\",\"isPartOf\":{\"@id\":\"https:\\\/\\\/radioleinewelle.de\\\/#website\"},\"primaryImageOfPage\":{\"@id\":\"https:\\\/\\\/radioleinewelle.de\\\/index.php\\\/2020\\\/10\\\/01\\\/hirngroesse-bei-primaten-sagt-nichts-ueber-deren-intelligenz-aus\\\/#primaryimage\"},\"image\":{\"@id\":\"https:\\\/\\\/radioleinewelle.de\\\/index.php\\\/2020\\\/10\\\/01\\\/hirngroesse-bei-primaten-sagt-nichts-ueber-deren-intelligenz-aus\\\/#primaryimage\"},\"thumbnailUrl\":\"https:\\\/\\\/radioleinewelle.de\\\/wp-content\\\/uploads\\\/2020\\\/09\\\/csm_Foto_Pressemitteilung_Lemuren_Kognition_Katja_dd545c238a.jpg\",\"datePublished\":\"2020-10-01T03:05:25+00:00\",\"breadcrumb\":{\"@id\":\"https:\\\/\\\/radioleinewelle.de\\\/index.php\\\/2020\\\/10\\\/01\\\/hirngroesse-bei-primaten-sagt-nichts-ueber-deren-intelligenz-aus\\\/#breadcrumb\"},\"inLanguage\":\"de\",\"potentialAction\":[{\"@type\":\"ReadAction\",\"target\":[\"https:\\\/\\\/radioleinewelle.de\\\/index.php\\\/2020\\\/10\\\/01\\\/hirngroesse-bei-primaten-sagt-nichts-ueber-deren-intelligenz-aus\\\/\"]}]},{\"@type\":\"ImageObject\",\"inLanguage\":\"de\",\"@id\":\"https:\\\/\\\/radioleinewelle.de\\\/index.php\\\/2020\\\/10\\\/01\\\/hirngroesse-bei-primaten-sagt-nichts-ueber-deren-intelligenz-aus\\\/#primaryimage\",\"url\":\"https:\\\/\\\/radioleinewelle.de\\\/wp-content\\\/uploads\\\/2020\\\/09\\\/csm_Foto_Pressemitteilung_Lemuren_Kognition_Katja_dd545c238a.jpg\",\"contentUrl\":\"https:\\\/\\\/radioleinewelle.de\\\/wp-content\\\/uploads\\\/2020\\\/09\\\/csm_Foto_Pressemitteilung_Lemuren_Kognition_Katja_dd545c238a.jpg\",\"width\":800,\"height\":533},{\"@type\":\"BreadcrumbList\",\"@id\":\"https:\\\/\\\/radioleinewelle.de\\\/index.php\\\/2020\\\/10\\\/01\\\/hirngroesse-bei-primaten-sagt-nichts-ueber-deren-intelligenz-aus\\\/#breadcrumb\",\"itemListElement\":[{\"@type\":\"ListItem\",\"position\":1,\"name\":\"Startseite\",\"item\":\"https:\\\/\\\/radioleinewelle.de\\\/\"},{\"@type\":\"ListItem\",\"position\":2,\"name\":\"Hirngr\u00f6\u00dfe bei Primaten sagt nichts \u00fcber deren Intelligenz aus\"}]},{\"@type\":\"WebSite\",\"@id\":\"https:\\\/\\\/radioleinewelle.de\\\/#website\",\"url\":\"https:\\\/\\\/radioleinewelle.de\\\/\",\"name\":\"Radio Leinewelle\",\"description\":\"\",\"publisher\":{\"@id\":\"https:\\\/\\\/radioleinewelle.de\\\/#organization\"},\"potentialAction\":[{\"@type\":\"SearchAction\",\"target\":{\"@type\":\"EntryPoint\",\"urlTemplate\":\"https:\\\/\\\/radioleinewelle.de\\\/?s={search_term_string}\"},\"query-input\":{\"@type\":\"PropertyValueSpecification\",\"valueRequired\":true,\"valueName\":\"search_term_string\"}}],\"inLanguage\":\"de\"},{\"@type\":\"Organization\",\"@id\":\"https:\\\/\\\/radioleinewelle.de\\\/#organization\",\"name\":\"Radio Leinewelle\",\"alternateName\":\"Mein Radio f\u00fcr S\u00fcdniedersachsen\",\"url\":\"https:\\\/\\\/radioleinewelle.de\\\/\",\"logo\":{\"@type\":\"ImageObject\",\"inLanguage\":\"de\",\"@id\":\"https:\\\/\\\/radioleinewelle.de\\\/#\\\/schema\\\/logo\\\/image\\\/\",\"url\":\"https:\\\/\\\/radioleinewelle.de\\\/wp-content\\\/uploads\\\/2023\\\/11\\\/cropped-Leinewelle_Logo_weiss.png\",\"contentUrl\":\"https:\\\/\\\/radioleinewelle.de\\\/wp-content\\\/uploads\\\/2023\\\/11\\\/cropped-Leinewelle_Logo_weiss.png\",\"width\":854,\"height\":260,\"caption\":\"Radio Leinewelle\"},\"image\":{\"@id\":\"https:\\\/\\\/radioleinewelle.de\\\/#\\\/schema\\\/logo\\\/image\\\/\"},\"sameAs\":[\"https:\\\/\\\/www.facebook.com\\\/radioleinewelle\",\"https:\\\/\\\/x.com\\\/RLeinewelle\",\"https:\\\/\\\/www.instagram.com\\\/radioleinewelle\\\/?hl=de\"]},{\"@type\":\"Person\",\"@id\":\"https:\\\/\\\/radioleinewelle.de\\\/#\\\/schema\\\/person\\\/45606f348637df637192dc1b68399a63\",\"name\":\"Leinewelle\",\"image\":{\"@type\":\"ImageObject\",\"inLanguage\":\"de\",\"@id\":\"https:\\\/\\\/secure.gravatar.com\\\/avatar\\\/05c9a17bc973052ee5d91549bd32fb4dd0dc85b7b85ae94b2e2b4943476bbea5?s=96&d=blank&r=g\",\"url\":\"https:\\\/\\\/secure.gravatar.com\\\/avatar\\\/05c9a17bc973052ee5d91549bd32fb4dd0dc85b7b85ae94b2e2b4943476bbea5?s=96&d=blank&r=g\",\"contentUrl\":\"https:\\\/\\\/secure.gravatar.com\\\/avatar\\\/05c9a17bc973052ee5d91549bd32fb4dd0dc85b7b85ae94b2e2b4943476bbea5?s=96&d=blank&r=g\",\"caption\":\"Leinewelle\"},\"sameAs\":[\"http:\\\/\\\/localhost\\\/radio%20leinewelle\\\/wordpress\",\"https:\\\/\\\/www.facebook.com\\\/radioleinewelle\",\"https:\\\/\\\/www.instagram.com\\\/radioleinewelle\",\"https:\\\/\\\/x.com\\\/https:\\\/\\\/twitter.com\\\/RLeinewelle?ref_src=twsrcgoogletwcampserptwgrauthor\",\"https:\\\/\\\/soundcloud.com\\\/foerderverein-lokalradio?utm_source=clipboard&utm_medium=text&utm_campaign=social_sharing\"],\"url\":\"https:\\\/\\\/radioleinewelle.de\\\/index.php\\\/author\\\/leinewelle\\\/\"}]}<\/script>\n<!-- \/ Yoast SEO plugin. -->","yoast_head_json":{"title":"Hirngr\u00f6\u00dfe bei Primaten sagt nichts \u00fcber deren Intelligenz aus - Radio Leinewelle","robots":{"index":"index","follow":"follow","max-snippet":"max-snippet:-1","max-image-preview":"max-image-preview:large","max-video-preview":"max-video-preview:-1"},"canonical":"https:\/\/radioleinewelle.de\/index.php\/2020\/10\/01\/hirngroesse-bei-primaten-sagt-nichts-ueber-deren-intelligenz-aus\/","og_locale":"de_DE","og_type":"article","og_title":"Hirngr\u00f6\u00dfe bei Primaten sagt nichts \u00fcber deren Intelligenz aus - Radio Leinewelle","og_description":"Schimpansen, Gorillas und Orang-Utans sind unsere n\u00e4chsten Verwandten, haben wie wir relativ gro\u00dfe Gehirne und sind sehr intelligent. Aber schneiden Tiere, die gr\u00f6\u00dfere Gehirne haben, auch wirklich besser in kognitiven Tests ab? Ein Forscherteam vom Deutschen Primatenzentrum (DPZ) \u2013 Leibniz-Institut f\u00fcr Primatenforschung in G\u00f6ttingen hat erstmals systematisch die kognitiven F\u00e4higkeiten von Lemuren untersucht, die im [&hellip;]","og_url":"https:\/\/radioleinewelle.de\/index.php\/2020\/10\/01\/hirngroesse-bei-primaten-sagt-nichts-ueber-deren-intelligenz-aus\/","og_site_name":"Radio Leinewelle","article_publisher":"https:\/\/www.facebook.com\/radioleinewelle","article_author":"https:\/\/www.facebook.com\/radioleinewelle","article_published_time":"2020-10-01T03:05:25+00:00","og_image":[{"width":800,"height":533,"url":"https:\/\/radioleinewelle.de\/wp-content\/uploads\/2020\/09\/csm_Foto_Pressemitteilung_Lemuren_Kognition_Katja_dd545c238a.jpg","type":"image\/jpeg"}],"author":"Leinewelle","twitter_card":"summary_large_image","twitter_creator":"@https:\/\/twitter.com\/RLeinewelle?ref_src=twsrcgoogletwcampserptwgrauthor","twitter_site":"@RLeinewelle","twitter_misc":{"Verfasst von":"Leinewelle","Gesch\u00e4tzte Lesezeit":"1\u00a0Minute"},"schema":{"@context":"https:\/\/schema.org","@graph":[{"@type":"Article","@id":"https:\/\/radioleinewelle.de\/index.php\/2020\/10\/01\/hirngroesse-bei-primaten-sagt-nichts-ueber-deren-intelligenz-aus\/#article","isPartOf":{"@id":"https:\/\/radioleinewelle.de\/index.php\/2020\/10\/01\/hirngroesse-bei-primaten-sagt-nichts-ueber-deren-intelligenz-aus\/"},"author":{"name":"Leinewelle","@id":"https:\/\/radioleinewelle.de\/#\/schema\/person\/45606f348637df637192dc1b68399a63"},"headline":"Hirngr\u00f6\u00dfe bei Primaten sagt nichts \u00fcber deren Intelligenz aus","datePublished":"2020-10-01T03:05:25+00:00","mainEntityOfPage":{"@id":"https:\/\/radioleinewelle.de\/index.php\/2020\/10\/01\/hirngroesse-bei-primaten-sagt-nichts-ueber-deren-intelligenz-aus\/"},"wordCount":268,"publisher":{"@id":"https:\/\/radioleinewelle.de\/#organization"},"image":{"@id":"https:\/\/radioleinewelle.de\/index.php\/2020\/10\/01\/hirngroesse-bei-primaten-sagt-nichts-ueber-deren-intelligenz-aus\/#primaryimage"},"thumbnailUrl":"https:\/\/radioleinewelle.de\/wp-content\/uploads\/2020\/09\/csm_Foto_Pressemitteilung_Lemuren_Kognition_Katja_dd545c238a.jpg","inLanguage":"de"},{"@type":"WebPage","@id":"https:\/\/radioleinewelle.de\/index.php\/2020\/10\/01\/hirngroesse-bei-primaten-sagt-nichts-ueber-deren-intelligenz-aus\/","url":"https:\/\/radioleinewelle.de\/index.php\/2020\/10\/01\/hirngroesse-bei-primaten-sagt-nichts-ueber-deren-intelligenz-aus\/","name":"Hirngr\u00f6\u00dfe bei Primaten sagt nichts \u00fcber deren Intelligenz aus - Radio Leinewelle","isPartOf":{"@id":"https:\/\/radioleinewelle.de\/#website"},"primaryImageOfPage":{"@id":"https:\/\/radioleinewelle.de\/index.php\/2020\/10\/01\/hirngroesse-bei-primaten-sagt-nichts-ueber-deren-intelligenz-aus\/#primaryimage"},"image":{"@id":"https:\/\/radioleinewelle.de\/index.php\/2020\/10\/01\/hirngroesse-bei-primaten-sagt-nichts-ueber-deren-intelligenz-aus\/#primaryimage"},"thumbnailUrl":"https:\/\/radioleinewelle.de\/wp-content\/uploads\/2020\/09\/csm_Foto_Pressemitteilung_Lemuren_Kognition_Katja_dd545c238a.jpg","datePublished":"2020-10-01T03:05:25+00:00","breadcrumb":{"@id":"https:\/\/radioleinewelle.de\/index.php\/2020\/10\/01\/hirngroesse-bei-primaten-sagt-nichts-ueber-deren-intelligenz-aus\/#breadcrumb"},"inLanguage":"de","potentialAction":[{"@type":"ReadAction","target":["https:\/\/radioleinewelle.de\/index.php\/2020\/10\/01\/hirngroesse-bei-primaten-sagt-nichts-ueber-deren-intelligenz-aus\/"]}]},{"@type":"ImageObject","inLanguage":"de","@id":"https:\/\/radioleinewelle.de\/index.php\/2020\/10\/01\/hirngroesse-bei-primaten-sagt-nichts-ueber-deren-intelligenz-aus\/#primaryimage","url":"https:\/\/radioleinewelle.de\/wp-content\/uploads\/2020\/09\/csm_Foto_Pressemitteilung_Lemuren_Kognition_Katja_dd545c238a.jpg","contentUrl":"https:\/\/radioleinewelle.de\/wp-content\/uploads\/2020\/09\/csm_Foto_Pressemitteilung_Lemuren_Kognition_Katja_dd545c238a.jpg","width":800,"height":533},{"@type":"BreadcrumbList","@id":"https:\/\/radioleinewelle.de\/index.php\/2020\/10\/01\/hirngroesse-bei-primaten-sagt-nichts-ueber-deren-intelligenz-aus\/#breadcrumb","itemListElement":[{"@type":"ListItem","position":1,"name":"Startseite","item":"https:\/\/radioleinewelle.de\/"},{"@type":"ListItem","position":2,"name":"Hirngr\u00f6\u00dfe bei Primaten sagt nichts \u00fcber deren Intelligenz aus"}]},{"@type":"WebSite","@id":"https:\/\/radioleinewelle.de\/#website","url":"https:\/\/radioleinewelle.de\/","name":"Radio Leinewelle","description":"","publisher":{"@id":"https:\/\/radioleinewelle.de\/#organization"},"potentialAction":[{"@type":"SearchAction","target":{"@type":"EntryPoint","urlTemplate":"https:\/\/radioleinewelle.de\/?s={search_term_string}"},"query-input":{"@type":"PropertyValueSpecification","valueRequired":true,"valueName":"search_term_string"}}],"inLanguage":"de"},{"@type":"Organization","@id":"https:\/\/radioleinewelle.de\/#organization","name":"Radio Leinewelle","alternateName":"Mein Radio f\u00fcr S\u00fcdniedersachsen","url":"https:\/\/radioleinewelle.de\/","logo":{"@type":"ImageObject","inLanguage":"de","@id":"https:\/\/radioleinewelle.de\/#\/schema\/logo\/image\/","url":"https:\/\/radioleinewelle.de\/wp-content\/uploads\/2023\/11\/cropped-Leinewelle_Logo_weiss.png","contentUrl":"https:\/\/radioleinewelle.de\/wp-content\/uploads\/2023\/11\/cropped-Leinewelle_Logo_weiss.png","width":854,"height":260,"caption":"Radio Leinewelle"},"image":{"@id":"https:\/\/radioleinewelle.de\/#\/schema\/logo\/image\/"},"sameAs":["https:\/\/www.facebook.com\/radioleinewelle","https:\/\/x.com\/RLeinewelle","https:\/\/www.instagram.com\/radioleinewelle\/?hl=de"]},{"@type":"Person","@id":"https:\/\/radioleinewelle.de\/#\/schema\/person\/45606f348637df637192dc1b68399a63","name":"Leinewelle","image":{"@type":"ImageObject","inLanguage":"de","@id":"https:\/\/secure.gravatar.com\/avatar\/05c9a17bc973052ee5d91549bd32fb4dd0dc85b7b85ae94b2e2b4943476bbea5?s=96&d=blank&r=g","url":"https:\/\/secure.gravatar.com\/avatar\/05c9a17bc973052ee5d91549bd32fb4dd0dc85b7b85ae94b2e2b4943476bbea5?s=96&d=blank&r=g","contentUrl":"https:\/\/secure.gravatar.com\/avatar\/05c9a17bc973052ee5d91549bd32fb4dd0dc85b7b85ae94b2e2b4943476bbea5?s=96&d=blank&r=g","caption":"Leinewelle"},"sameAs":["http:\/\/localhost\/radio%20leinewelle\/wordpress","https:\/\/www.facebook.com\/radioleinewelle","https:\/\/www.instagram.com\/radioleinewelle","https:\/\/x.com\/https:\/\/twitter.com\/RLeinewelle?ref_src=twsrcgoogletwcampserptwgrauthor","https:\/\/soundcloud.com\/foerderverein-lokalradio?utm_source=clipboard&utm_medium=text&utm_campaign=social_sharing"],"url":"https:\/\/radioleinewelle.de\/index.php\/author\/leinewelle\/"}]}},"_links":{"self":[{"href":"https:\/\/radioleinewelle.de\/index.php\/wp-json\/wp\/v2\/posts\/1963","targetHints":{"allow":["GET"]}}],"collection":[{"href":"https:\/\/radioleinewelle.de\/index.php\/wp-json\/wp\/v2\/posts"}],"about":[{"href":"https:\/\/radioleinewelle.de\/index.php\/wp-json\/wp\/v2\/types\/post"}],"author":[{"embeddable":true,"href":"https:\/\/radioleinewelle.de\/index.php\/wp-json\/wp\/v2\/users\/1"}],"replies":[{"embeddable":true,"href":"https:\/\/radioleinewelle.de\/index.php\/wp-json\/wp\/v2\/comments?post=1963"}],"version-history":[{"count":0,"href":"https:\/\/radioleinewelle.de\/index.php\/wp-json\/wp\/v2\/posts\/1963\/revisions"}],"wp:featuredmedia":[{"embeddable":true,"href":"https:\/\/radioleinewelle.de\/index.php\/wp-json\/wp\/v2\/media\/1966"}],"wp:attachment":[{"href":"https:\/\/radioleinewelle.de\/index.php\/wp-json\/wp\/v2\/media?parent=1963"}],"wp:term":[{"taxonomy":"category","embeddable":true,"href":"https:\/\/radioleinewelle.de\/index.php\/wp-json\/wp\/v2\/categories?post=1963"},{"taxonomy":"post_tag","embeddable":true,"href":"https:\/\/radioleinewelle.de\/index.php\/wp-json\/wp\/v2\/tags?post=1963"}],"curies":[{"name":"wp","href":"https:\/\/api.w.org\/{rel}","templated":true}]}}