{"id":1968,"date":"2020-10-01T05:35:43","date_gmt":"2020-10-01T03:35:43","guid":{"rendered":"https:\/\/radioleinewelle.de\/?p=1968"},"modified":"2020-10-01T05:35:43","modified_gmt":"2020-10-01T03:35:43","slug":"kann-man-goettingen-leiser-machen","status":"publish","type":"post","link":"https:\/\/radioleinewelle.de\/index.php\/2020\/10\/01\/kann-man-goettingen-leiser-machen\/","title":{"rendered":"Kann man G\u00f6ttingen leiser machen?"},"content":{"rendered":"<div class=\"magazinetext\">\n<div class=\"magazineshorttext\">Welche Ma\u00dfnahmen machen G\u00f6ttingen leiser? Was haben die bisherigen Ma\u00dfnahmen zur L\u00e4rmreduzierung gebracht? Mit diesen Fragen wendet sich die Stadt G\u00f6ttingen aktuell an ihre B\u00fcrgerinnen und B\u00fcrger. Sie sind aufgerufen, sich am L\u00e4rmaktionsplan (LAP) zu beteiligen, der derzeit gepr\u00fcft und fortgeschrieben wird. In einer Online-Umfrage k\u00f6nnen bislang umgesetzte Ma\u00dfnahmen bewertet werden. Sie wird am Montag, 28. September 2020, um 9.00 Uhr unter <a class=\"intern\" title=\"goe.de\/lap\" href=\"https:\/\/www.goettingen.de\/rathaus\/beteiligung\/umwelt-und-klimaschutz\/laermaktionsplan-3.-stufe.html\" target=\"_blank\" rel=\"noopener\">goe.de\/lap<\/a>\u00a0freigeschaltet. Zeitgleich startet die Auslegung des Entwurfs des aktualisierten LAP online sowie im Foyer des Neuen Rathauses. Eine \u00f6ffentliche Veranstaltung ist pandemiebedingt nicht vorgesehen.<\/div>\n<\/div>\n<div class=\"magazinetext\">\n<p>Die L\u00e4rmaktionsplanung wird alle f\u00fcnf Jahre fortgeschrieben. Ziel ist es, die L\u00e4rmbelastung der Einwohner*innen zu reduzieren und eine Zunahme des L\u00e4rms zu vermeiden. Der L\u00e4rmaktionsplan der 2. Stufe wurde am 14. Februar 2014 vom Rat der Stadt G\u00f6ttingen beschlossen. Nun folgt die Aktualisierung des L\u00e4rmaktionsplans f\u00fcr die 3. Stufe. In dieser werden die Ma\u00dfnahmen des L\u00e4rmaktionsplans aus 2014 \u00fcberpr\u00fcft und bei Bedarf weitere Ma\u00dfnahmen entwickelt.<\/p>\n<p>Mehr Infos auf den Seiten der <a href=\"https:\/\/www.goettingen.de\/aktuelles\/welche-massnahmen-machen-goettingen-leiser-2020-09-27.html\">Stadt G\u00f6ttingen<\/a><\/p>\n<p>&nbsp;<\/p>\n<\/div>\n<p>Bild von <a href=\"https:\/\/pixabay.com\/de\/users\/stux-12364\/?utm_source=link-attribution&amp;utm_medium=referral&amp;utm_campaign=image&amp;utm_content=192894\">Thanks for your Like \u2022 donations welcome<\/a> auf <a href=\"https:\/\/pixabay.com\/de\/?utm_source=link-attribution&amp;utm_medium=referral&amp;utm_campaign=image&amp;utm_content=192894\">Pixabay<\/a><\/p>\n","protected":false},"excerpt":{"rendered":"<p>Welche Ma\u00dfnahmen machen G\u00f6ttingen leiser? Was haben die bisherigen Ma\u00dfnahmen zur L\u00e4rmreduzierung gebracht? Mit diesen Fragen wendet sich die Stadt G\u00f6ttingen aktuell an ihre B\u00fcrgerinnen und B\u00fcrger. Sie sind aufgerufen, sich am L\u00e4rmaktionsplan (LAP) zu beteiligen, der derzeit gepr\u00fcft und fortgeschrieben wird. In einer Online-Umfrage k\u00f6nnen bislang umgesetzte Ma\u00dfnahmen bewertet werden. Sie wird am Montag, [&hellip;]<\/p>\n","protected":false},"author":1,"featured_media":0,"comment_status":"closed","ping_status":"closed","sticky":false,"template":"","format":"standard","meta":{"saved_in_kubio":false,"footnotes":""},"categories":[1],"tags":[],"class_list":["post-1968","post","type-post","status-publish","format-standard","hentry","category-allgemein"],"yoast_head":"<!-- This site is optimized with the Yoast SEO plugin v27.5 - https:\/\/yoast.com\/product\/yoast-seo-wordpress\/ -->\n<title>Kann man G\u00f6ttingen leiser machen? - Radio Leinewelle<\/title>\n<meta name=\"robots\" content=\"index, follow, max-snippet:-1, max-image-preview:large, max-video-preview:-1\" \/>\n<link rel=\"canonical\" href=\"https:\/\/radioleinewelle.de\/index.php\/2020\/10\/01\/kann-man-goettingen-leiser-machen\/\" \/>\n<meta property=\"og:locale\" content=\"de_DE\" \/>\n<meta property=\"og:type\" content=\"article\" \/>\n<meta property=\"og:title\" content=\"Kann man G\u00f6ttingen leiser machen? - Radio Leinewelle\" \/>\n<meta property=\"og:description\" content=\"Welche Ma\u00dfnahmen machen G\u00f6ttingen leiser? Was haben die bisherigen Ma\u00dfnahmen zur L\u00e4rmreduzierung gebracht? Mit diesen Fragen wendet sich die Stadt G\u00f6ttingen aktuell an ihre B\u00fcrgerinnen und B\u00fcrger. Sie sind aufgerufen, sich am L\u00e4rmaktionsplan (LAP) zu beteiligen, der derzeit gepr\u00fcft und fortgeschrieben wird. In einer Online-Umfrage k\u00f6nnen bislang umgesetzte Ma\u00dfnahmen bewertet werden. Sie wird am Montag, [&hellip;]\" \/>\n<meta property=\"og:url\" content=\"https:\/\/radioleinewelle.de\/index.php\/2020\/10\/01\/kann-man-goettingen-leiser-machen\/\" \/>\n<meta property=\"og:site_name\" content=\"Radio Leinewelle\" \/>\n<meta property=\"article:publisher\" content=\"https:\/\/www.facebook.com\/radioleinewelle\" \/>\n<meta property=\"article:author\" content=\"https:\/\/www.facebook.com\/radioleinewelle\" \/>\n<meta property=\"article:published_time\" content=\"2020-10-01T03:35:43+00:00\" \/>\n<meta name=\"author\" content=\"Leinewelle\" \/>\n<meta name=\"twitter:card\" content=\"summary_large_image\" \/>\n<meta name=\"twitter:creator\" content=\"@https:\/\/twitter.com\/RLeinewelle?ref_src=twsrcgoogletwcampserptwgrauthor\" \/>\n<meta name=\"twitter:site\" content=\"@RLeinewelle\" \/>\n<meta name=\"twitter:label1\" content=\"Verfasst von\" \/>\n\t<meta name=\"twitter:data1\" content=\"Leinewelle\" \/>\n\t<meta name=\"twitter:label2\" content=\"Gesch\u00e4tzte Lesezeit\" \/>\n\t<meta name=\"twitter:data2\" content=\"1\u00a0Minute\" \/>\n<script type=\"application\/ld+json\" class=\"yoast-schema-graph\">{\"@context\":\"https:\\\/\\\/schema.org\",\"@graph\":[{\"@type\":\"Article\",\"@id\":\"https:\\\/\\\/radioleinewelle.de\\\/index.php\\\/2020\\\/10\\\/01\\\/kann-man-goettingen-leiser-machen\\\/#article\",\"isPartOf\":{\"@id\":\"https:\\\/\\\/radioleinewelle.de\\\/index.php\\\/2020\\\/10\\\/01\\\/kann-man-goettingen-leiser-machen\\\/\"},\"author\":{\"name\":\"Leinewelle\",\"@id\":\"https:\\\/\\\/radioleinewelle.de\\\/#\\\/schema\\\/person\\\/45606f348637df637192dc1b68399a63\"},\"headline\":\"Kann man G\u00f6ttingen leiser machen?\",\"datePublished\":\"2020-10-01T03:35:43+00:00\",\"mainEntityOfPage\":{\"@id\":\"https:\\\/\\\/radioleinewelle.de\\\/index.php\\\/2020\\\/10\\\/01\\\/kann-man-goettingen-leiser-machen\\\/\"},\"wordCount\":196,\"publisher\":{\"@id\":\"https:\\\/\\\/radioleinewelle.de\\\/#organization\"},\"inLanguage\":\"de\"},{\"@type\":\"WebPage\",\"@id\":\"https:\\\/\\\/radioleinewelle.de\\\/index.php\\\/2020\\\/10\\\/01\\\/kann-man-goettingen-leiser-machen\\\/\",\"url\":\"https:\\\/\\\/radioleinewelle.de\\\/index.php\\\/2020\\\/10\\\/01\\\/kann-man-goettingen-leiser-machen\\\/\",\"name\":\"Kann man G\u00f6ttingen leiser machen? - Radio Leinewelle\",\"isPartOf\":{\"@id\":\"https:\\\/\\\/radioleinewelle.de\\\/#website\"},\"datePublished\":\"2020-10-01T03:35:43+00:00\",\"breadcrumb\":{\"@id\":\"https:\\\/\\\/radioleinewelle.de\\\/index.php\\\/2020\\\/10\\\/01\\\/kann-man-goettingen-leiser-machen\\\/#breadcrumb\"},\"inLanguage\":\"de\",\"potentialAction\":[{\"@type\":\"ReadAction\",\"target\":[\"https:\\\/\\\/radioleinewelle.de\\\/index.php\\\/2020\\\/10\\\/01\\\/kann-man-goettingen-leiser-machen\\\/\"]}]},{\"@type\":\"BreadcrumbList\",\"@id\":\"https:\\\/\\\/radioleinewelle.de\\\/index.php\\\/2020\\\/10\\\/01\\\/kann-man-goettingen-leiser-machen\\\/#breadcrumb\",\"itemListElement\":[{\"@type\":\"ListItem\",\"position\":1,\"name\":\"Startseite\",\"item\":\"https:\\\/\\\/radioleinewelle.de\\\/\"},{\"@type\":\"ListItem\",\"position\":2,\"name\":\"Kann man G\u00f6ttingen leiser machen?\"}]},{\"@type\":\"WebSite\",\"@id\":\"https:\\\/\\\/radioleinewelle.de\\\/#website\",\"url\":\"https:\\\/\\\/radioleinewelle.de\\\/\",\"name\":\"Radio Leinewelle\",\"description\":\"\",\"publisher\":{\"@id\":\"https:\\\/\\\/radioleinewelle.de\\\/#organization\"},\"potentialAction\":[{\"@type\":\"SearchAction\",\"target\":{\"@type\":\"EntryPoint\",\"urlTemplate\":\"https:\\\/\\\/radioleinewelle.de\\\/?s={search_term_string}\"},\"query-input\":{\"@type\":\"PropertyValueSpecification\",\"valueRequired\":true,\"valueName\":\"search_term_string\"}}],\"inLanguage\":\"de\"},{\"@type\":\"Organization\",\"@id\":\"https:\\\/\\\/radioleinewelle.de\\\/#organization\",\"name\":\"Radio Leinewelle\",\"alternateName\":\"Mein Radio f\u00fcr S\u00fcdniedersachsen\",\"url\":\"https:\\\/\\\/radioleinewelle.de\\\/\",\"logo\":{\"@type\":\"ImageObject\",\"inLanguage\":\"de\",\"@id\":\"https:\\\/\\\/radioleinewelle.de\\\/#\\\/schema\\\/logo\\\/image\\\/\",\"url\":\"https:\\\/\\\/radioleinewelle.de\\\/wp-content\\\/uploads\\\/2023\\\/11\\\/cropped-Leinewelle_Logo_weiss.png\",\"contentUrl\":\"https:\\\/\\\/radioleinewelle.de\\\/wp-content\\\/uploads\\\/2023\\\/11\\\/cropped-Leinewelle_Logo_weiss.png\",\"width\":854,\"height\":260,\"caption\":\"Radio Leinewelle\"},\"image\":{\"@id\":\"https:\\\/\\\/radioleinewelle.de\\\/#\\\/schema\\\/logo\\\/image\\\/\"},\"sameAs\":[\"https:\\\/\\\/www.facebook.com\\\/radioleinewelle\",\"https:\\\/\\\/x.com\\\/RLeinewelle\",\"https:\\\/\\\/www.instagram.com\\\/radioleinewelle\\\/?hl=de\"]},{\"@type\":\"Person\",\"@id\":\"https:\\\/\\\/radioleinewelle.de\\\/#\\\/schema\\\/person\\\/45606f348637df637192dc1b68399a63\",\"name\":\"Leinewelle\",\"image\":{\"@type\":\"ImageObject\",\"inLanguage\":\"de\",\"@id\":\"https:\\\/\\\/secure.gravatar.com\\\/avatar\\\/05c9a17bc973052ee5d91549bd32fb4dd0dc85b7b85ae94b2e2b4943476bbea5?s=96&d=blank&r=g\",\"url\":\"https:\\\/\\\/secure.gravatar.com\\\/avatar\\\/05c9a17bc973052ee5d91549bd32fb4dd0dc85b7b85ae94b2e2b4943476bbea5?s=96&d=blank&r=g\",\"contentUrl\":\"https:\\\/\\\/secure.gravatar.com\\\/avatar\\\/05c9a17bc973052ee5d91549bd32fb4dd0dc85b7b85ae94b2e2b4943476bbea5?s=96&d=blank&r=g\",\"caption\":\"Leinewelle\"},\"sameAs\":[\"http:\\\/\\\/localhost\\\/radio%20leinewelle\\\/wordpress\",\"https:\\\/\\\/www.facebook.com\\\/radioleinewelle\",\"https:\\\/\\\/www.instagram.com\\\/radioleinewelle\",\"https:\\\/\\\/x.com\\\/https:\\\/\\\/twitter.com\\\/RLeinewelle?ref_src=twsrcgoogletwcampserptwgrauthor\",\"https:\\\/\\\/soundcloud.com\\\/foerderverein-lokalradio?utm_source=clipboard&utm_medium=text&utm_campaign=social_sharing\"],\"url\":\"https:\\\/\\\/radioleinewelle.de\\\/index.php\\\/author\\\/leinewelle\\\/\"}]}<\/script>\n<!-- \/ Yoast SEO plugin. -->","yoast_head_json":{"title":"Kann man G\u00f6ttingen leiser machen? - Radio Leinewelle","robots":{"index":"index","follow":"follow","max-snippet":"max-snippet:-1","max-image-preview":"max-image-preview:large","max-video-preview":"max-video-preview:-1"},"canonical":"https:\/\/radioleinewelle.de\/index.php\/2020\/10\/01\/kann-man-goettingen-leiser-machen\/","og_locale":"de_DE","og_type":"article","og_title":"Kann man G\u00f6ttingen leiser machen? - Radio Leinewelle","og_description":"Welche Ma\u00dfnahmen machen G\u00f6ttingen leiser? Was haben die bisherigen Ma\u00dfnahmen zur L\u00e4rmreduzierung gebracht? Mit diesen Fragen wendet sich die Stadt G\u00f6ttingen aktuell an ihre B\u00fcrgerinnen und B\u00fcrger. Sie sind aufgerufen, sich am L\u00e4rmaktionsplan (LAP) zu beteiligen, der derzeit gepr\u00fcft und fortgeschrieben wird. In einer Online-Umfrage k\u00f6nnen bislang umgesetzte Ma\u00dfnahmen bewertet werden. Sie wird am Montag, [&hellip;]","og_url":"https:\/\/radioleinewelle.de\/index.php\/2020\/10\/01\/kann-man-goettingen-leiser-machen\/","og_site_name":"Radio Leinewelle","article_publisher":"https:\/\/www.facebook.com\/radioleinewelle","article_author":"https:\/\/www.facebook.com\/radioleinewelle","article_published_time":"2020-10-01T03:35:43+00:00","author":"Leinewelle","twitter_card":"summary_large_image","twitter_creator":"@https:\/\/twitter.com\/RLeinewelle?ref_src=twsrcgoogletwcampserptwgrauthor","twitter_site":"@RLeinewelle","twitter_misc":{"Verfasst von":"Leinewelle","Gesch\u00e4tzte Lesezeit":"1\u00a0Minute"},"schema":{"@context":"https:\/\/schema.org","@graph":[{"@type":"Article","@id":"https:\/\/radioleinewelle.de\/index.php\/2020\/10\/01\/kann-man-goettingen-leiser-machen\/#article","isPartOf":{"@id":"https:\/\/radioleinewelle.de\/index.php\/2020\/10\/01\/kann-man-goettingen-leiser-machen\/"},"author":{"name":"Leinewelle","@id":"https:\/\/radioleinewelle.de\/#\/schema\/person\/45606f348637df637192dc1b68399a63"},"headline":"Kann man G\u00f6ttingen leiser machen?","datePublished":"2020-10-01T03:35:43+00:00","mainEntityOfPage":{"@id":"https:\/\/radioleinewelle.de\/index.php\/2020\/10\/01\/kann-man-goettingen-leiser-machen\/"},"wordCount":196,"publisher":{"@id":"https:\/\/radioleinewelle.de\/#organization"},"inLanguage":"de"},{"@type":"WebPage","@id":"https:\/\/radioleinewelle.de\/index.php\/2020\/10\/01\/kann-man-goettingen-leiser-machen\/","url":"https:\/\/radioleinewelle.de\/index.php\/2020\/10\/01\/kann-man-goettingen-leiser-machen\/","name":"Kann man G\u00f6ttingen leiser machen? - Radio Leinewelle","isPartOf":{"@id":"https:\/\/radioleinewelle.de\/#website"},"datePublished":"2020-10-01T03:35:43+00:00","breadcrumb":{"@id":"https:\/\/radioleinewelle.de\/index.php\/2020\/10\/01\/kann-man-goettingen-leiser-machen\/#breadcrumb"},"inLanguage":"de","potentialAction":[{"@type":"ReadAction","target":["https:\/\/radioleinewelle.de\/index.php\/2020\/10\/01\/kann-man-goettingen-leiser-machen\/"]}]},{"@type":"BreadcrumbList","@id":"https:\/\/radioleinewelle.de\/index.php\/2020\/10\/01\/kann-man-goettingen-leiser-machen\/#breadcrumb","itemListElement":[{"@type":"ListItem","position":1,"name":"Startseite","item":"https:\/\/radioleinewelle.de\/"},{"@type":"ListItem","position":2,"name":"Kann man G\u00f6ttingen leiser machen?"}]},{"@type":"WebSite","@id":"https:\/\/radioleinewelle.de\/#website","url":"https:\/\/radioleinewelle.de\/","name":"Radio Leinewelle","description":"","publisher":{"@id":"https:\/\/radioleinewelle.de\/#organization"},"potentialAction":[{"@type":"SearchAction","target":{"@type":"EntryPoint","urlTemplate":"https:\/\/radioleinewelle.de\/?s={search_term_string}"},"query-input":{"@type":"PropertyValueSpecification","valueRequired":true,"valueName":"search_term_string"}}],"inLanguage":"de"},{"@type":"Organization","@id":"https:\/\/radioleinewelle.de\/#organization","name":"Radio Leinewelle","alternateName":"Mein Radio f\u00fcr S\u00fcdniedersachsen","url":"https:\/\/radioleinewelle.de\/","logo":{"@type":"ImageObject","inLanguage":"de","@id":"https:\/\/radioleinewelle.de\/#\/schema\/logo\/image\/","url":"https:\/\/radioleinewelle.de\/wp-content\/uploads\/2023\/11\/cropped-Leinewelle_Logo_weiss.png","contentUrl":"https:\/\/radioleinewelle.de\/wp-content\/uploads\/2023\/11\/cropped-Leinewelle_Logo_weiss.png","width":854,"height":260,"caption":"Radio Leinewelle"},"image":{"@id":"https:\/\/radioleinewelle.de\/#\/schema\/logo\/image\/"},"sameAs":["https:\/\/www.facebook.com\/radioleinewelle","https:\/\/x.com\/RLeinewelle","https:\/\/www.instagram.com\/radioleinewelle\/?hl=de"]},{"@type":"Person","@id":"https:\/\/radioleinewelle.de\/#\/schema\/person\/45606f348637df637192dc1b68399a63","name":"Leinewelle","image":{"@type":"ImageObject","inLanguage":"de","@id":"https:\/\/secure.gravatar.com\/avatar\/05c9a17bc973052ee5d91549bd32fb4dd0dc85b7b85ae94b2e2b4943476bbea5?s=96&d=blank&r=g","url":"https:\/\/secure.gravatar.com\/avatar\/05c9a17bc973052ee5d91549bd32fb4dd0dc85b7b85ae94b2e2b4943476bbea5?s=96&d=blank&r=g","contentUrl":"https:\/\/secure.gravatar.com\/avatar\/05c9a17bc973052ee5d91549bd32fb4dd0dc85b7b85ae94b2e2b4943476bbea5?s=96&d=blank&r=g","caption":"Leinewelle"},"sameAs":["http:\/\/localhost\/radio%20leinewelle\/wordpress","https:\/\/www.facebook.com\/radioleinewelle","https:\/\/www.instagram.com\/radioleinewelle","https:\/\/x.com\/https:\/\/twitter.com\/RLeinewelle?ref_src=twsrcgoogletwcampserptwgrauthor","https:\/\/soundcloud.com\/foerderverein-lokalradio?utm_source=clipboard&utm_medium=text&utm_campaign=social_sharing"],"url":"https:\/\/radioleinewelle.de\/index.php\/author\/leinewelle\/"}]}},"_links":{"self":[{"href":"https:\/\/radioleinewelle.de\/index.php\/wp-json\/wp\/v2\/posts\/1968","targetHints":{"allow":["GET"]}}],"collection":[{"href":"https:\/\/radioleinewelle.de\/index.php\/wp-json\/wp\/v2\/posts"}],"about":[{"href":"https:\/\/radioleinewelle.de\/index.php\/wp-json\/wp\/v2\/types\/post"}],"author":[{"embeddable":true,"href":"https:\/\/radioleinewelle.de\/index.php\/wp-json\/wp\/v2\/users\/1"}],"replies":[{"embeddable":true,"href":"https:\/\/radioleinewelle.de\/index.php\/wp-json\/wp\/v2\/comments?post=1968"}],"version-history":[{"count":0,"href":"https:\/\/radioleinewelle.de\/index.php\/wp-json\/wp\/v2\/posts\/1968\/revisions"}],"wp:attachment":[{"href":"https:\/\/radioleinewelle.de\/index.php\/wp-json\/wp\/v2\/media?parent=1968"}],"wp:term":[{"taxonomy":"category","embeddable":true,"href":"https:\/\/radioleinewelle.de\/index.php\/wp-json\/wp\/v2\/categories?post=1968"},{"taxonomy":"post_tag","embeddable":true,"href":"https:\/\/radioleinewelle.de\/index.php\/wp-json\/wp\/v2\/tags?post=1968"}],"curies":[{"name":"wp","href":"https:\/\/api.w.org\/{rel}","templated":true}]}}