{"id":1979,"date":"2020-10-02T05:33:10","date_gmt":"2020-10-02T03:33:10","guid":{"rendered":"https:\/\/radioleinewelle.de\/?p=1979"},"modified":"2020-10-02T05:33:10","modified_gmt":"2020-10-02T03:33:10","slug":"fotospots-zeigen-kuenftige-waldentwicklung-im-harz-per-zeitraffer","status":"publish","type":"post","link":"https:\/\/radioleinewelle.de\/index.php\/2020\/10\/02\/fotospots-zeigen-kuenftige-waldentwicklung-im-harz-per-zeitraffer\/","title":{"rendered":"Fotospots zeigen k\u00fcnftige Waldentwicklung im Harz per Zeitraffer"},"content":{"rendered":"<div class=\"h-el-lg-10 h-off-lg-1 h-el-ty-12 h-off-ty-0\">\n<div class=\"contentArticle__content showedLess\">\n<p>Aufgrund der Entwicklungen im Hinblick auf das Baumsterben im Harz und dem damit verbundenen Informationsbedarf brachte der Harzer Tourismusverband vor etwa einem Jahr unter dem Dach der Initiative \u201eDer Wald ruft\u2026\u201c wichtige regionale Akteure zusammen. Gezielte Kommunikationsma\u00dfnahmen der Initiative sollen G\u00e4ste, Einheimische und interessierte Besucher fachlich richtig informieren und proaktiv in die sichtbar werdenden Entwicklungen einbeziehen. Dar\u00fcber hinaus gilt es, die unterschiedlichen Handlungsstrategien im Wirtschaftswald und im Nationalpark Harz aufzuzeigen sowie um Verst\u00e4ndnis f\u00fcr unterschiedliche Priorit\u00e4tensetzungen zu werben.<br \/>\nInsgesamt acht Fotospots im Harz laden seit Kurzem Wanderer ein, den Blick f\u00fcr die dynamischen Naturprozesse im Wald zu sch\u00e4rfen. So sollen mittelfristig die Ver\u00e4nderungen der Waldentwicklung dokumentiert werden.\u00a0 Jede der Tafeln ist mit einer Aussparung versehen, die den Fokus auf einen Landschaftsausschnitt lenken, in dem die klimabedingten Ver\u00e4nderungen des Waldes in besonderer Weise sichtbar werden. Interessierte Besucher sind aufgefordert, durch die Aussparung hindurch zu fotografieren und das Foto auf der Social-Media-Plattform Instagram unter dem Hashtag #derwaldruft zu posten. Durch die entstehende \u201eFotoreihe\u201c kann das Pflanzenwachstum und die Naturdynamik in den n\u00e4chsten Jahren optisch nachvollzogen werden, auch f\u00fcr G\u00e4ste, die die Region nicht regelm\u00e4\u00dfig bereisen.<br \/>\nAn diesen Standorten l\u00e4sst sich der Waldwandel durch die Fotospots k\u00fcnftig dokumentieren: Verlobungsurne bei Alexisbad, G\u00fcdel Bank am Wellnerweg zwischen Altenau und Torfhaus, Jungfernklippe bei Altenau, Achtermannkuppe, Bremer H\u00fctte bei Ilsenburg, WaldWandelWeg bei Torfhaus und Schluftwasserkurve an der Brockenstra\u00dfe. Ein weiterer Fotospot ist auf dem Wurmberg geplant. Der aktuelle Waldzustand stellt alle Verantwortlichen in den Forstbetrieben, im Nationalpark Harz oder bei den ortsans\u00e4ssigen Feuerwehren vor enorme Herausforderungen. Sie sorgen mit einem unerm\u00fcdlichen Einsatz daf\u00fcr, dass die Harz-Landschaften den G\u00e4sten f\u00fcr Outdooraktivit\u00e4ten dennoch weitestgehend zur Verf\u00fcgung stehen. Daf\u00fcr gilt ihnen ein besonderer Dank. F\u00fcr eine lebenswerte Zukunft muss jedoch jeder Harzer bzw. Harzgast einen Beitrag leisten.<br \/>\n\u201eDie Fotospots sollen helfen, den Blick der G\u00e4ste auf unsere W\u00e4lder und ihre aktuell dramatische Situation zu lenken. Dabei geht es aber auch darum, das Vertrauen in die Selbsttheilungskr\u00e4fte der Natur zu f\u00f6rdern und die Menschen \u2013 Einheimische wie Besucher \u2013 f\u00fcr ein nachhaltig orientiertes Lebens- und Reiseverhalten zu gewinnen.\u201c so Carola Schmidt vom Harzer Tourismusverband.<\/p>\n<p>Weitere Informationen sowie die Erkl\u00e4rvideos unter <a href=\"https:\/\/www.harzinfo.de\/naturlandschaft-harz\/initiative-der-wald-ruft\" target=\"_blank\" rel=\"noopener\">www.harzinfo.de\/derwaldruft<\/a><\/p>\n<p>&nbsp;<\/p>\n<p>Foto: \u00aeRadio Leinewelle (je)<\/p>\n<\/div>\n<\/div>\n","protected":false},"excerpt":{"rendered":"<p>Aufgrund der Entwicklungen im Hinblick auf das Baumsterben im Harz und dem damit verbundenen Informationsbedarf brachte der Harzer Tourismusverband vor etwa einem Jahr unter dem Dach der Initiative \u201eDer Wald ruft\u2026\u201c wichtige regionale Akteure zusammen. Gezielte Kommunikationsma\u00dfnahmen der Initiative sollen G\u00e4ste, Einheimische und interessierte Besucher fachlich richtig informieren und proaktiv in die sichtbar werdenden Entwicklungen [&hellip;]<\/p>\n","protected":false},"author":1,"featured_media":0,"comment_status":"closed","ping_status":"closed","sticky":false,"template":"","format":"standard","meta":{"saved_in_kubio":false,"footnotes":""},"categories":[32],"tags":[],"class_list":["post-1979","post","type-post","status-publish","format-standard","hentry","category-natur-umwelt"],"yoast_head":"<!-- This site is optimized with the Yoast SEO plugin v27.5 - https:\/\/yoast.com\/product\/yoast-seo-wordpress\/ -->\n<title>Fotospots zeigen k\u00fcnftige Waldentwicklung im Harz per Zeitraffer - Radio Leinewelle<\/title>\n<meta name=\"robots\" content=\"index, follow, max-snippet:-1, max-image-preview:large, max-video-preview:-1\" \/>\n<link rel=\"canonical\" href=\"https:\/\/radioleinewelle.de\/index.php\/2020\/10\/02\/fotospots-zeigen-kuenftige-waldentwicklung-im-harz-per-zeitraffer\/\" \/>\n<meta property=\"og:locale\" content=\"de_DE\" \/>\n<meta property=\"og:type\" content=\"article\" \/>\n<meta property=\"og:title\" content=\"Fotospots zeigen k\u00fcnftige Waldentwicklung im Harz per Zeitraffer - Radio Leinewelle\" \/>\n<meta property=\"og:description\" content=\"Aufgrund der Entwicklungen im Hinblick auf das Baumsterben im Harz und dem damit verbundenen Informationsbedarf brachte der Harzer Tourismusverband vor etwa einem Jahr unter dem Dach der Initiative \u201eDer Wald ruft\u2026\u201c wichtige regionale Akteure zusammen. Gezielte Kommunikationsma\u00dfnahmen der Initiative sollen G\u00e4ste, Einheimische und interessierte Besucher fachlich richtig informieren und proaktiv in die sichtbar werdenden Entwicklungen [&hellip;]\" \/>\n<meta property=\"og:url\" content=\"https:\/\/radioleinewelle.de\/index.php\/2020\/10\/02\/fotospots-zeigen-kuenftige-waldentwicklung-im-harz-per-zeitraffer\/\" \/>\n<meta property=\"og:site_name\" content=\"Radio Leinewelle\" \/>\n<meta property=\"article:publisher\" content=\"https:\/\/www.facebook.com\/radioleinewelle\" \/>\n<meta property=\"article:author\" content=\"https:\/\/www.facebook.com\/radioleinewelle\" \/>\n<meta property=\"article:published_time\" content=\"2020-10-02T03:33:10+00:00\" \/>\n<meta name=\"author\" content=\"Leinewelle\" \/>\n<meta name=\"twitter:card\" content=\"summary_large_image\" \/>\n<meta name=\"twitter:creator\" content=\"@https:\/\/twitter.com\/RLeinewelle?ref_src=twsrcgoogletwcampserptwgrauthor\" \/>\n<meta name=\"twitter:site\" content=\"@RLeinewelle\" \/>\n<meta name=\"twitter:label1\" content=\"Verfasst von\" \/>\n\t<meta name=\"twitter:data1\" content=\"Leinewelle\" \/>\n\t<meta name=\"twitter:label2\" content=\"Gesch\u00e4tzte Lesezeit\" \/>\n\t<meta name=\"twitter:data2\" content=\"2\u00a0Minuten\" \/>\n<script type=\"application\/ld+json\" class=\"yoast-schema-graph\">{\"@context\":\"https:\\\/\\\/schema.org\",\"@graph\":[{\"@type\":\"Article\",\"@id\":\"https:\\\/\\\/radioleinewelle.de\\\/index.php\\\/2020\\\/10\\\/02\\\/fotospots-zeigen-kuenftige-waldentwicklung-im-harz-per-zeitraffer\\\/#article\",\"isPartOf\":{\"@id\":\"https:\\\/\\\/radioleinewelle.de\\\/index.php\\\/2020\\\/10\\\/02\\\/fotospots-zeigen-kuenftige-waldentwicklung-im-harz-per-zeitraffer\\\/\"},\"author\":{\"name\":\"Leinewelle\",\"@id\":\"https:\\\/\\\/radioleinewelle.de\\\/#\\\/schema\\\/person\\\/45606f348637df637192dc1b68399a63\"},\"headline\":\"Fotospots zeigen k\u00fcnftige Waldentwicklung im Harz per Zeitraffer\",\"datePublished\":\"2020-10-02T03:33:10+00:00\",\"mainEntityOfPage\":{\"@id\":\"https:\\\/\\\/radioleinewelle.de\\\/index.php\\\/2020\\\/10\\\/02\\\/fotospots-zeigen-kuenftige-waldentwicklung-im-harz-per-zeitraffer\\\/\"},\"wordCount\":400,\"publisher\":{\"@id\":\"https:\\\/\\\/radioleinewelle.de\\\/#organization\"},\"articleSection\":[\"Natur &amp; Umwelt\"],\"inLanguage\":\"de\"},{\"@type\":\"WebPage\",\"@id\":\"https:\\\/\\\/radioleinewelle.de\\\/index.php\\\/2020\\\/10\\\/02\\\/fotospots-zeigen-kuenftige-waldentwicklung-im-harz-per-zeitraffer\\\/\",\"url\":\"https:\\\/\\\/radioleinewelle.de\\\/index.php\\\/2020\\\/10\\\/02\\\/fotospots-zeigen-kuenftige-waldentwicklung-im-harz-per-zeitraffer\\\/\",\"name\":\"Fotospots zeigen k\u00fcnftige Waldentwicklung im Harz per Zeitraffer - Radio Leinewelle\",\"isPartOf\":{\"@id\":\"https:\\\/\\\/radioleinewelle.de\\\/#website\"},\"datePublished\":\"2020-10-02T03:33:10+00:00\",\"breadcrumb\":{\"@id\":\"https:\\\/\\\/radioleinewelle.de\\\/index.php\\\/2020\\\/10\\\/02\\\/fotospots-zeigen-kuenftige-waldentwicklung-im-harz-per-zeitraffer\\\/#breadcrumb\"},\"inLanguage\":\"de\",\"potentialAction\":[{\"@type\":\"ReadAction\",\"target\":[\"https:\\\/\\\/radioleinewelle.de\\\/index.php\\\/2020\\\/10\\\/02\\\/fotospots-zeigen-kuenftige-waldentwicklung-im-harz-per-zeitraffer\\\/\"]}]},{\"@type\":\"BreadcrumbList\",\"@id\":\"https:\\\/\\\/radioleinewelle.de\\\/index.php\\\/2020\\\/10\\\/02\\\/fotospots-zeigen-kuenftige-waldentwicklung-im-harz-per-zeitraffer\\\/#breadcrumb\",\"itemListElement\":[{\"@type\":\"ListItem\",\"position\":1,\"name\":\"Startseite\",\"item\":\"https:\\\/\\\/radioleinewelle.de\\\/\"},{\"@type\":\"ListItem\",\"position\":2,\"name\":\"Fotospots zeigen k\u00fcnftige Waldentwicklung im Harz per Zeitraffer\"}]},{\"@type\":\"WebSite\",\"@id\":\"https:\\\/\\\/radioleinewelle.de\\\/#website\",\"url\":\"https:\\\/\\\/radioleinewelle.de\\\/\",\"name\":\"Radio Leinewelle\",\"description\":\"\",\"publisher\":{\"@id\":\"https:\\\/\\\/radioleinewelle.de\\\/#organization\"},\"potentialAction\":[{\"@type\":\"SearchAction\",\"target\":{\"@type\":\"EntryPoint\",\"urlTemplate\":\"https:\\\/\\\/radioleinewelle.de\\\/?s={search_term_string}\"},\"query-input\":{\"@type\":\"PropertyValueSpecification\",\"valueRequired\":true,\"valueName\":\"search_term_string\"}}],\"inLanguage\":\"de\"},{\"@type\":\"Organization\",\"@id\":\"https:\\\/\\\/radioleinewelle.de\\\/#organization\",\"name\":\"Radio Leinewelle\",\"alternateName\":\"Mein Radio f\u00fcr S\u00fcdniedersachsen\",\"url\":\"https:\\\/\\\/radioleinewelle.de\\\/\",\"logo\":{\"@type\":\"ImageObject\",\"inLanguage\":\"de\",\"@id\":\"https:\\\/\\\/radioleinewelle.de\\\/#\\\/schema\\\/logo\\\/image\\\/\",\"url\":\"https:\\\/\\\/radioleinewelle.de\\\/wp-content\\\/uploads\\\/2023\\\/11\\\/cropped-Leinewelle_Logo_weiss.png\",\"contentUrl\":\"https:\\\/\\\/radioleinewelle.de\\\/wp-content\\\/uploads\\\/2023\\\/11\\\/cropped-Leinewelle_Logo_weiss.png\",\"width\":854,\"height\":260,\"caption\":\"Radio Leinewelle\"},\"image\":{\"@id\":\"https:\\\/\\\/radioleinewelle.de\\\/#\\\/schema\\\/logo\\\/image\\\/\"},\"sameAs\":[\"https:\\\/\\\/www.facebook.com\\\/radioleinewelle\",\"https:\\\/\\\/x.com\\\/RLeinewelle\",\"https:\\\/\\\/www.instagram.com\\\/radioleinewelle\\\/?hl=de\"]},{\"@type\":\"Person\",\"@id\":\"https:\\\/\\\/radioleinewelle.de\\\/#\\\/schema\\\/person\\\/45606f348637df637192dc1b68399a63\",\"name\":\"Leinewelle\",\"image\":{\"@type\":\"ImageObject\",\"inLanguage\":\"de\",\"@id\":\"https:\\\/\\\/secure.gravatar.com\\\/avatar\\\/05c9a17bc973052ee5d91549bd32fb4dd0dc85b7b85ae94b2e2b4943476bbea5?s=96&d=blank&r=g\",\"url\":\"https:\\\/\\\/secure.gravatar.com\\\/avatar\\\/05c9a17bc973052ee5d91549bd32fb4dd0dc85b7b85ae94b2e2b4943476bbea5?s=96&d=blank&r=g\",\"contentUrl\":\"https:\\\/\\\/secure.gravatar.com\\\/avatar\\\/05c9a17bc973052ee5d91549bd32fb4dd0dc85b7b85ae94b2e2b4943476bbea5?s=96&d=blank&r=g\",\"caption\":\"Leinewelle\"},\"sameAs\":[\"http:\\\/\\\/localhost\\\/radio%20leinewelle\\\/wordpress\",\"https:\\\/\\\/www.facebook.com\\\/radioleinewelle\",\"https:\\\/\\\/www.instagram.com\\\/radioleinewelle\",\"https:\\\/\\\/x.com\\\/https:\\\/\\\/twitter.com\\\/RLeinewelle?ref_src=twsrcgoogletwcampserptwgrauthor\",\"https:\\\/\\\/soundcloud.com\\\/foerderverein-lokalradio?utm_source=clipboard&utm_medium=text&utm_campaign=social_sharing\"],\"url\":\"https:\\\/\\\/radioleinewelle.de\\\/index.php\\\/author\\\/leinewelle\\\/\"}]}<\/script>\n<!-- \/ Yoast SEO plugin. -->","yoast_head_json":{"title":"Fotospots zeigen k\u00fcnftige Waldentwicklung im Harz per Zeitraffer - Radio Leinewelle","robots":{"index":"index","follow":"follow","max-snippet":"max-snippet:-1","max-image-preview":"max-image-preview:large","max-video-preview":"max-video-preview:-1"},"canonical":"https:\/\/radioleinewelle.de\/index.php\/2020\/10\/02\/fotospots-zeigen-kuenftige-waldentwicklung-im-harz-per-zeitraffer\/","og_locale":"de_DE","og_type":"article","og_title":"Fotospots zeigen k\u00fcnftige Waldentwicklung im Harz per Zeitraffer - Radio Leinewelle","og_description":"Aufgrund der Entwicklungen im Hinblick auf das Baumsterben im Harz und dem damit verbundenen Informationsbedarf brachte der Harzer Tourismusverband vor etwa einem Jahr unter dem Dach der Initiative \u201eDer Wald ruft\u2026\u201c wichtige regionale Akteure zusammen. Gezielte Kommunikationsma\u00dfnahmen der Initiative sollen G\u00e4ste, Einheimische und interessierte Besucher fachlich richtig informieren und proaktiv in die sichtbar werdenden Entwicklungen [&hellip;]","og_url":"https:\/\/radioleinewelle.de\/index.php\/2020\/10\/02\/fotospots-zeigen-kuenftige-waldentwicklung-im-harz-per-zeitraffer\/","og_site_name":"Radio Leinewelle","article_publisher":"https:\/\/www.facebook.com\/radioleinewelle","article_author":"https:\/\/www.facebook.com\/radioleinewelle","article_published_time":"2020-10-02T03:33:10+00:00","author":"Leinewelle","twitter_card":"summary_large_image","twitter_creator":"@https:\/\/twitter.com\/RLeinewelle?ref_src=twsrcgoogletwcampserptwgrauthor","twitter_site":"@RLeinewelle","twitter_misc":{"Verfasst von":"Leinewelle","Gesch\u00e4tzte Lesezeit":"2\u00a0Minuten"},"schema":{"@context":"https:\/\/schema.org","@graph":[{"@type":"Article","@id":"https:\/\/radioleinewelle.de\/index.php\/2020\/10\/02\/fotospots-zeigen-kuenftige-waldentwicklung-im-harz-per-zeitraffer\/#article","isPartOf":{"@id":"https:\/\/radioleinewelle.de\/index.php\/2020\/10\/02\/fotospots-zeigen-kuenftige-waldentwicklung-im-harz-per-zeitraffer\/"},"author":{"name":"Leinewelle","@id":"https:\/\/radioleinewelle.de\/#\/schema\/person\/45606f348637df637192dc1b68399a63"},"headline":"Fotospots zeigen k\u00fcnftige Waldentwicklung im Harz per Zeitraffer","datePublished":"2020-10-02T03:33:10+00:00","mainEntityOfPage":{"@id":"https:\/\/radioleinewelle.de\/index.php\/2020\/10\/02\/fotospots-zeigen-kuenftige-waldentwicklung-im-harz-per-zeitraffer\/"},"wordCount":400,"publisher":{"@id":"https:\/\/radioleinewelle.de\/#organization"},"articleSection":["Natur &amp; Umwelt"],"inLanguage":"de"},{"@type":"WebPage","@id":"https:\/\/radioleinewelle.de\/index.php\/2020\/10\/02\/fotospots-zeigen-kuenftige-waldentwicklung-im-harz-per-zeitraffer\/","url":"https:\/\/radioleinewelle.de\/index.php\/2020\/10\/02\/fotospots-zeigen-kuenftige-waldentwicklung-im-harz-per-zeitraffer\/","name":"Fotospots zeigen k\u00fcnftige Waldentwicklung im Harz per Zeitraffer - Radio Leinewelle","isPartOf":{"@id":"https:\/\/radioleinewelle.de\/#website"},"datePublished":"2020-10-02T03:33:10+00:00","breadcrumb":{"@id":"https:\/\/radioleinewelle.de\/index.php\/2020\/10\/02\/fotospots-zeigen-kuenftige-waldentwicklung-im-harz-per-zeitraffer\/#breadcrumb"},"inLanguage":"de","potentialAction":[{"@type":"ReadAction","target":["https:\/\/radioleinewelle.de\/index.php\/2020\/10\/02\/fotospots-zeigen-kuenftige-waldentwicklung-im-harz-per-zeitraffer\/"]}]},{"@type":"BreadcrumbList","@id":"https:\/\/radioleinewelle.de\/index.php\/2020\/10\/02\/fotospots-zeigen-kuenftige-waldentwicklung-im-harz-per-zeitraffer\/#breadcrumb","itemListElement":[{"@type":"ListItem","position":1,"name":"Startseite","item":"https:\/\/radioleinewelle.de\/"},{"@type":"ListItem","position":2,"name":"Fotospots zeigen k\u00fcnftige Waldentwicklung im Harz per Zeitraffer"}]},{"@type":"WebSite","@id":"https:\/\/radioleinewelle.de\/#website","url":"https:\/\/radioleinewelle.de\/","name":"Radio Leinewelle","description":"","publisher":{"@id":"https:\/\/radioleinewelle.de\/#organization"},"potentialAction":[{"@type":"SearchAction","target":{"@type":"EntryPoint","urlTemplate":"https:\/\/radioleinewelle.de\/?s={search_term_string}"},"query-input":{"@type":"PropertyValueSpecification","valueRequired":true,"valueName":"search_term_string"}}],"inLanguage":"de"},{"@type":"Organization","@id":"https:\/\/radioleinewelle.de\/#organization","name":"Radio Leinewelle","alternateName":"Mein Radio f\u00fcr S\u00fcdniedersachsen","url":"https:\/\/radioleinewelle.de\/","logo":{"@type":"ImageObject","inLanguage":"de","@id":"https:\/\/radioleinewelle.de\/#\/schema\/logo\/image\/","url":"https:\/\/radioleinewelle.de\/wp-content\/uploads\/2023\/11\/cropped-Leinewelle_Logo_weiss.png","contentUrl":"https:\/\/radioleinewelle.de\/wp-content\/uploads\/2023\/11\/cropped-Leinewelle_Logo_weiss.png","width":854,"height":260,"caption":"Radio Leinewelle"},"image":{"@id":"https:\/\/radioleinewelle.de\/#\/schema\/logo\/image\/"},"sameAs":["https:\/\/www.facebook.com\/radioleinewelle","https:\/\/x.com\/RLeinewelle","https:\/\/www.instagram.com\/radioleinewelle\/?hl=de"]},{"@type":"Person","@id":"https:\/\/radioleinewelle.de\/#\/schema\/person\/45606f348637df637192dc1b68399a63","name":"Leinewelle","image":{"@type":"ImageObject","inLanguage":"de","@id":"https:\/\/secure.gravatar.com\/avatar\/05c9a17bc973052ee5d91549bd32fb4dd0dc85b7b85ae94b2e2b4943476bbea5?s=96&d=blank&r=g","url":"https:\/\/secure.gravatar.com\/avatar\/05c9a17bc973052ee5d91549bd32fb4dd0dc85b7b85ae94b2e2b4943476bbea5?s=96&d=blank&r=g","contentUrl":"https:\/\/secure.gravatar.com\/avatar\/05c9a17bc973052ee5d91549bd32fb4dd0dc85b7b85ae94b2e2b4943476bbea5?s=96&d=blank&r=g","caption":"Leinewelle"},"sameAs":["http:\/\/localhost\/radio%20leinewelle\/wordpress","https:\/\/www.facebook.com\/radioleinewelle","https:\/\/www.instagram.com\/radioleinewelle","https:\/\/x.com\/https:\/\/twitter.com\/RLeinewelle?ref_src=twsrcgoogletwcampserptwgrauthor","https:\/\/soundcloud.com\/foerderverein-lokalradio?utm_source=clipboard&utm_medium=text&utm_campaign=social_sharing"],"url":"https:\/\/radioleinewelle.de\/index.php\/author\/leinewelle\/"}]}},"_links":{"self":[{"href":"https:\/\/radioleinewelle.de\/index.php\/wp-json\/wp\/v2\/posts\/1979","targetHints":{"allow":["GET"]}}],"collection":[{"href":"https:\/\/radioleinewelle.de\/index.php\/wp-json\/wp\/v2\/posts"}],"about":[{"href":"https:\/\/radioleinewelle.de\/index.php\/wp-json\/wp\/v2\/types\/post"}],"author":[{"embeddable":true,"href":"https:\/\/radioleinewelle.de\/index.php\/wp-json\/wp\/v2\/users\/1"}],"replies":[{"embeddable":true,"href":"https:\/\/radioleinewelle.de\/index.php\/wp-json\/wp\/v2\/comments?post=1979"}],"version-history":[{"count":0,"href":"https:\/\/radioleinewelle.de\/index.php\/wp-json\/wp\/v2\/posts\/1979\/revisions"}],"wp:attachment":[{"href":"https:\/\/radioleinewelle.de\/index.php\/wp-json\/wp\/v2\/media?parent=1979"}],"wp:term":[{"taxonomy":"category","embeddable":true,"href":"https:\/\/radioleinewelle.de\/index.php\/wp-json\/wp\/v2\/categories?post=1979"},{"taxonomy":"post_tag","embeddable":true,"href":"https:\/\/radioleinewelle.de\/index.php\/wp-json\/wp\/v2\/tags?post=1979"}],"curies":[{"name":"wp","href":"https:\/\/api.w.org\/{rel}","templated":true}]}}