{"id":1995,"date":"2020-10-02T05:15:34","date_gmt":"2020-10-02T03:15:34","guid":{"rendered":"https:\/\/radioleinewelle.de\/?p=1995"},"modified":"2020-10-02T05:15:34","modified_gmt":"2020-10-02T03:15:34","slug":"goettinger-lichterlaufwoche-erreicht-bergfest-suedniedersachsen-bewegt-sich-fuer-den-guten-zweck","status":"publish","type":"post","link":"https:\/\/radioleinewelle.de\/index.php\/2020\/10\/02\/goettinger-lichterlaufwoche-erreicht-bergfest-suedniedersachsen-bewegt-sich-fuer-den-guten-zweck\/","title":{"rendered":"G\u00f6ttinger Lichterlaufwoche erreicht Bergfest \u2013 S\u00fcdniedersachsen bewegt sich f\u00fcr den guten Zweck"},"content":{"rendered":"<p>An der Lichterlaufwoche f\u00fcr das Elternhaus G\u00f6ttingen kann noch bis Sonntag teilgenommen werden.\u00a0\u00a0Seit dem 28.09.2020 wird in G\u00f6ttingen und Umgebung die G\u00f6ttinger Lichterlaufwoche durchgef\u00fchrt. Wie berichtet, haben die Organisatoren das j\u00e4hrliche Spenden-Ereignis in diesem Jahr dezentral geplant, um so den aktuellen Anforderungen Rechnung zu tragen.\u00a0Bis zum Bergfest der Lichterlaufwoche am 01. Oktober engagierten sich bereits 350 gemeldete Teilnehmer und erwirkten zusammen bisher 10 Tage, 14 Stunden und 47 Minuten gemeinsame Sportzeit.<\/p>\n<p>Auf der Homepage der Lichterlaufwoche (<a href=\"http:\/\/www.goettinger-lichterlaufwoche.de\">www.goettinger-lichterlaufwoche.de<\/a>) motivieren zahlreiche Personen des \u00f6ffentlichen und sportlichen Lebens in kleinen Videostatements zur Teilnahme an der Spenden-Veranstaltung.\u00a0Auch auf die f\u00fcr den Lichterlauf typischen Elemente Licht und Musik muss dieses Jahr nicht verzichtet werden: Viele K\u00fcnstler haben ihre Musik zur Verf\u00fcgung gestellt, die ebenfalls auf der Homepage gefunden und genossen werden kann. So singt etwa die Gruppe CHOR CHORios an originalen Lichterlauf-Schaupl\u00e4tzen den stimmungsvollen Song \u201eMy Lighthouse\u201c. Andere K\u00fcnsler, wie Karen Ulbrich, Three on a Trail, der Kinderchor Leinetal oder die Feuertheatergruppe Salto Luminale bereichern ebenfalls mit ihren Beitr\u00e4gen die Lichterlaufwoche.<br \/>\nDer Veranstaltungstechniker Steffen M\u00fchl von light-house Event &amp; Technik sorgt auch in diesem Jahr f\u00fcr bunte Stunden. T\u00e4glich von 19:00 bis 23:00 Uhr wird das G\u00f6ttinger Elternhaus mit seiner stimmungsvollen Lichtinstallation beleuchtet; sehr zur Freude der Anwohner.\u00a0Kevin Eichardt aus dem Organisationsteam gibt auf der Homepage unter der Rubrik \u201eBewegungstipps\u201c Anregungen, auf welch unterschiedliche Weise ein Engagement f\u00fcr die Lichterlaufwoche m\u00f6glich ist: auch, wenn man kein L\u00e4ufer ist. Denn die Lichterlaufwoche wird dieses Jahr erstmalig f\u00fcr alle Sportarten und jede Form der Bewegung ge\u00f6ffnet, um so m\u00f6glichst viele Menschen f\u00fcr die Teilnahme zu begeistern.<br \/>\nSo kann man zu Pferde, mit dem Steckenpferd (Hobby Horsing) oder mit der Frisbee-Scheibe in der Hand genauso teilnehmen, wie mit Laufschuhen an den F\u00fc\u00dfen. \u00a0Viele Kleingruppen engagieren sich bereits und f\u00fchren Aktionen f\u00fcr die Lichterlaufwoche durch, wie beispielsweise das Aktionsteam aus Goslar, welches mit Tai-Chi-Training und Wanderungen am Vienenburger See zur aktiv erarbeiteten Sportzeit beitr\u00e4gt. Der TGV Hattorf walkt mit 13 Teilnehmern und der Reiter- und Tennisverein Adelebsen suchte Sponsoren, die f\u00fcr jeden gerittenen Kilometer einen Euro an das Elternhaus G\u00f6ttingen spenden.<\/p>\n<p>Noch bis Sonntag gibt es die M\u00f6glichkeit, aktiv zu sein und somit ein Teil der Lichterlaufwoche zu werden. Wer sich nicht auf der Homepage anmelden m\u00f6chte, kann trotzdem spenden \u2013 auch \u00fcber den kommenden Sonntag hinaus. Das Spendenkonto ist folgenderma\u00dfen erreichbar:<br \/>\nKontoinhaber: Elternhilfe f\u00fcr das krebskranke Kind G\u00f6ttingen e. V.<br \/>\nIBAN: DE 49 2605 0001 0000 0830 06<br \/>\nVerwendungszweck: &#8222;Lichterlaufwoche&#8220; Name, Username, Name der Institution, Schule, Firma<\/p>\n<p><strong>Foto:\u00a0<\/strong>Das Organisationsteam der G\u00f6ttinger Lichterlaufwoche gab am 28.09. um 0:00 Uhr den offiziellen Startschuss \u00a9G\u00f6ttinger Lichterlauf<\/p>\n","protected":false},"excerpt":{"rendered":"<p>An der Lichterlaufwoche f\u00fcr das Elternhaus G\u00f6ttingen kann noch bis Sonntag teilgenommen werden.\u00a0\u00a0Seit dem 28.09.2020 wird in G\u00f6ttingen und Umgebung die G\u00f6ttinger Lichterlaufwoche durchgef\u00fchrt. Wie berichtet, haben die Organisatoren das j\u00e4hrliche Spenden-Ereignis in diesem Jahr dezentral geplant, um so den aktuellen Anforderungen Rechnung zu tragen.\u00a0Bis zum Bergfest der Lichterlaufwoche am 01. Oktober engagierten sich bereits [&hellip;]<\/p>\n","protected":false},"author":1,"featured_media":0,"comment_status":"closed","ping_status":"closed","sticky":false,"template":"","format":"standard","meta":{"saved_in_kubio":false,"footnotes":""},"categories":[1,40],"tags":[],"class_list":["post-1995","post","type-post","status-publish","format-standard","hentry","category-allgemein","category-gesundheit"],"yoast_head":"<!-- This site is optimized with the Yoast SEO plugin v27.5 - https:\/\/yoast.com\/product\/yoast-seo-wordpress\/ -->\n<title>G\u00f6ttinger Lichterlaufwoche erreicht Bergfest \u2013 S\u00fcdniedersachsen bewegt sich f\u00fcr den guten Zweck - Radio Leinewelle<\/title>\n<meta name=\"robots\" content=\"index, follow, max-snippet:-1, max-image-preview:large, max-video-preview:-1\" \/>\n<link rel=\"canonical\" href=\"https:\/\/radioleinewelle.de\/index.php\/2020\/10\/02\/goettinger-lichterlaufwoche-erreicht-bergfest-suedniedersachsen-bewegt-sich-fuer-den-guten-zweck\/\" \/>\n<meta property=\"og:locale\" content=\"de_DE\" \/>\n<meta property=\"og:type\" content=\"article\" \/>\n<meta property=\"og:title\" content=\"G\u00f6ttinger Lichterlaufwoche erreicht Bergfest \u2013 S\u00fcdniedersachsen bewegt sich f\u00fcr den guten Zweck - Radio Leinewelle\" \/>\n<meta property=\"og:description\" content=\"An der Lichterlaufwoche f\u00fcr das Elternhaus G\u00f6ttingen kann noch bis Sonntag teilgenommen werden.\u00a0\u00a0Seit dem 28.09.2020 wird in G\u00f6ttingen und Umgebung die G\u00f6ttinger Lichterlaufwoche durchgef\u00fchrt. Wie berichtet, haben die Organisatoren das j\u00e4hrliche Spenden-Ereignis in diesem Jahr dezentral geplant, um so den aktuellen Anforderungen Rechnung zu tragen.\u00a0Bis zum Bergfest der Lichterlaufwoche am 01. Oktober engagierten sich bereits [&hellip;]\" \/>\n<meta property=\"og:url\" content=\"https:\/\/radioleinewelle.de\/index.php\/2020\/10\/02\/goettinger-lichterlaufwoche-erreicht-bergfest-suedniedersachsen-bewegt-sich-fuer-den-guten-zweck\/\" \/>\n<meta property=\"og:site_name\" content=\"Radio Leinewelle\" \/>\n<meta property=\"article:publisher\" content=\"https:\/\/www.facebook.com\/radioleinewelle\" \/>\n<meta property=\"article:author\" content=\"https:\/\/www.facebook.com\/radioleinewelle\" \/>\n<meta property=\"article:published_time\" content=\"2020-10-02T03:15:34+00:00\" \/>\n<meta name=\"author\" content=\"Leinewelle\" \/>\n<meta name=\"twitter:card\" content=\"summary_large_image\" \/>\n<meta name=\"twitter:creator\" content=\"@https:\/\/twitter.com\/RLeinewelle?ref_src=twsrcgoogletwcampserptwgrauthor\" \/>\n<meta name=\"twitter:site\" content=\"@RLeinewelle\" \/>\n<meta name=\"twitter:label1\" content=\"Verfasst von\" \/>\n\t<meta name=\"twitter:data1\" content=\"Leinewelle\" \/>\n\t<meta name=\"twitter:label2\" content=\"Gesch\u00e4tzte Lesezeit\" \/>\n\t<meta name=\"twitter:data2\" content=\"2\u00a0Minuten\" \/>\n<script type=\"application\/ld+json\" class=\"yoast-schema-graph\">{\"@context\":\"https:\\\/\\\/schema.org\",\"@graph\":[{\"@type\":\"Article\",\"@id\":\"https:\\\/\\\/radioleinewelle.de\\\/index.php\\\/2020\\\/10\\\/02\\\/goettinger-lichterlaufwoche-erreicht-bergfest-suedniedersachsen-bewegt-sich-fuer-den-guten-zweck\\\/#article\",\"isPartOf\":{\"@id\":\"https:\\\/\\\/radioleinewelle.de\\\/index.php\\\/2020\\\/10\\\/02\\\/goettinger-lichterlaufwoche-erreicht-bergfest-suedniedersachsen-bewegt-sich-fuer-den-guten-zweck\\\/\"},\"author\":{\"name\":\"Leinewelle\",\"@id\":\"https:\\\/\\\/radioleinewelle.de\\\/#\\\/schema\\\/person\\\/45606f348637df637192dc1b68399a63\"},\"headline\":\"G\u00f6ttinger Lichterlaufwoche erreicht Bergfest \u2013 S\u00fcdniedersachsen bewegt sich f\u00fcr den guten Zweck\",\"datePublished\":\"2020-10-02T03:15:34+00:00\",\"mainEntityOfPage\":{\"@id\":\"https:\\\/\\\/radioleinewelle.de\\\/index.php\\\/2020\\\/10\\\/02\\\/goettinger-lichterlaufwoche-erreicht-bergfest-suedniedersachsen-bewegt-sich-fuer-den-guten-zweck\\\/\"},\"wordCount\":464,\"publisher\":{\"@id\":\"https:\\\/\\\/radioleinewelle.de\\\/#organization\"},\"articleSection\":{\"1\":\"Gesundheit\"},\"inLanguage\":\"de\"},{\"@type\":\"WebPage\",\"@id\":\"https:\\\/\\\/radioleinewelle.de\\\/index.php\\\/2020\\\/10\\\/02\\\/goettinger-lichterlaufwoche-erreicht-bergfest-suedniedersachsen-bewegt-sich-fuer-den-guten-zweck\\\/\",\"url\":\"https:\\\/\\\/radioleinewelle.de\\\/index.php\\\/2020\\\/10\\\/02\\\/goettinger-lichterlaufwoche-erreicht-bergfest-suedniedersachsen-bewegt-sich-fuer-den-guten-zweck\\\/\",\"name\":\"G\u00f6ttinger Lichterlaufwoche erreicht Bergfest \u2013 S\u00fcdniedersachsen bewegt sich f\u00fcr den guten Zweck - Radio Leinewelle\",\"isPartOf\":{\"@id\":\"https:\\\/\\\/radioleinewelle.de\\\/#website\"},\"datePublished\":\"2020-10-02T03:15:34+00:00\",\"breadcrumb\":{\"@id\":\"https:\\\/\\\/radioleinewelle.de\\\/index.php\\\/2020\\\/10\\\/02\\\/goettinger-lichterlaufwoche-erreicht-bergfest-suedniedersachsen-bewegt-sich-fuer-den-guten-zweck\\\/#breadcrumb\"},\"inLanguage\":\"de\",\"potentialAction\":[{\"@type\":\"ReadAction\",\"target\":[\"https:\\\/\\\/radioleinewelle.de\\\/index.php\\\/2020\\\/10\\\/02\\\/goettinger-lichterlaufwoche-erreicht-bergfest-suedniedersachsen-bewegt-sich-fuer-den-guten-zweck\\\/\"]}]},{\"@type\":\"BreadcrumbList\",\"@id\":\"https:\\\/\\\/radioleinewelle.de\\\/index.php\\\/2020\\\/10\\\/02\\\/goettinger-lichterlaufwoche-erreicht-bergfest-suedniedersachsen-bewegt-sich-fuer-den-guten-zweck\\\/#breadcrumb\",\"itemListElement\":[{\"@type\":\"ListItem\",\"position\":1,\"name\":\"Startseite\",\"item\":\"https:\\\/\\\/radioleinewelle.de\\\/\"},{\"@type\":\"ListItem\",\"position\":2,\"name\":\"G\u00f6ttinger Lichterlaufwoche erreicht Bergfest \u2013 S\u00fcdniedersachsen bewegt sich f\u00fcr den guten Zweck\"}]},{\"@type\":\"WebSite\",\"@id\":\"https:\\\/\\\/radioleinewelle.de\\\/#website\",\"url\":\"https:\\\/\\\/radioleinewelle.de\\\/\",\"name\":\"Radio Leinewelle\",\"description\":\"\",\"publisher\":{\"@id\":\"https:\\\/\\\/radioleinewelle.de\\\/#organization\"},\"potentialAction\":[{\"@type\":\"SearchAction\",\"target\":{\"@type\":\"EntryPoint\",\"urlTemplate\":\"https:\\\/\\\/radioleinewelle.de\\\/?s={search_term_string}\"},\"query-input\":{\"@type\":\"PropertyValueSpecification\",\"valueRequired\":true,\"valueName\":\"search_term_string\"}}],\"inLanguage\":\"de\"},{\"@type\":\"Organization\",\"@id\":\"https:\\\/\\\/radioleinewelle.de\\\/#organization\",\"name\":\"Radio Leinewelle\",\"alternateName\":\"Mein Radio f\u00fcr S\u00fcdniedersachsen\",\"url\":\"https:\\\/\\\/radioleinewelle.de\\\/\",\"logo\":{\"@type\":\"ImageObject\",\"inLanguage\":\"de\",\"@id\":\"https:\\\/\\\/radioleinewelle.de\\\/#\\\/schema\\\/logo\\\/image\\\/\",\"url\":\"https:\\\/\\\/radioleinewelle.de\\\/wp-content\\\/uploads\\\/2023\\\/11\\\/cropped-Leinewelle_Logo_weiss.png\",\"contentUrl\":\"https:\\\/\\\/radioleinewelle.de\\\/wp-content\\\/uploads\\\/2023\\\/11\\\/cropped-Leinewelle_Logo_weiss.png\",\"width\":854,\"height\":260,\"caption\":\"Radio Leinewelle\"},\"image\":{\"@id\":\"https:\\\/\\\/radioleinewelle.de\\\/#\\\/schema\\\/logo\\\/image\\\/\"},\"sameAs\":[\"https:\\\/\\\/www.facebook.com\\\/radioleinewelle\",\"https:\\\/\\\/x.com\\\/RLeinewelle\",\"https:\\\/\\\/www.instagram.com\\\/radioleinewelle\\\/?hl=de\"]},{\"@type\":\"Person\",\"@id\":\"https:\\\/\\\/radioleinewelle.de\\\/#\\\/schema\\\/person\\\/45606f348637df637192dc1b68399a63\",\"name\":\"Leinewelle\",\"image\":{\"@type\":\"ImageObject\",\"inLanguage\":\"de\",\"@id\":\"https:\\\/\\\/secure.gravatar.com\\\/avatar\\\/05c9a17bc973052ee5d91549bd32fb4dd0dc85b7b85ae94b2e2b4943476bbea5?s=96&d=blank&r=g\",\"url\":\"https:\\\/\\\/secure.gravatar.com\\\/avatar\\\/05c9a17bc973052ee5d91549bd32fb4dd0dc85b7b85ae94b2e2b4943476bbea5?s=96&d=blank&r=g\",\"contentUrl\":\"https:\\\/\\\/secure.gravatar.com\\\/avatar\\\/05c9a17bc973052ee5d91549bd32fb4dd0dc85b7b85ae94b2e2b4943476bbea5?s=96&d=blank&r=g\",\"caption\":\"Leinewelle\"},\"sameAs\":[\"http:\\\/\\\/localhost\\\/radio%20leinewelle\\\/wordpress\",\"https:\\\/\\\/www.facebook.com\\\/radioleinewelle\",\"https:\\\/\\\/www.instagram.com\\\/radioleinewelle\",\"https:\\\/\\\/x.com\\\/https:\\\/\\\/twitter.com\\\/RLeinewelle?ref_src=twsrcgoogletwcampserptwgrauthor\",\"https:\\\/\\\/soundcloud.com\\\/foerderverein-lokalradio?utm_source=clipboard&utm_medium=text&utm_campaign=social_sharing\"],\"url\":\"https:\\\/\\\/radioleinewelle.de\\\/index.php\\\/author\\\/leinewelle\\\/\"}]}<\/script>\n<!-- \/ Yoast SEO plugin. -->","yoast_head_json":{"title":"G\u00f6ttinger Lichterlaufwoche erreicht Bergfest \u2013 S\u00fcdniedersachsen bewegt sich f\u00fcr den guten Zweck - Radio Leinewelle","robots":{"index":"index","follow":"follow","max-snippet":"max-snippet:-1","max-image-preview":"max-image-preview:large","max-video-preview":"max-video-preview:-1"},"canonical":"https:\/\/radioleinewelle.de\/index.php\/2020\/10\/02\/goettinger-lichterlaufwoche-erreicht-bergfest-suedniedersachsen-bewegt-sich-fuer-den-guten-zweck\/","og_locale":"de_DE","og_type":"article","og_title":"G\u00f6ttinger Lichterlaufwoche erreicht Bergfest \u2013 S\u00fcdniedersachsen bewegt sich f\u00fcr den guten Zweck - Radio Leinewelle","og_description":"An der Lichterlaufwoche f\u00fcr das Elternhaus G\u00f6ttingen kann noch bis Sonntag teilgenommen werden.\u00a0\u00a0Seit dem 28.09.2020 wird in G\u00f6ttingen und Umgebung die G\u00f6ttinger Lichterlaufwoche durchgef\u00fchrt. Wie berichtet, haben die Organisatoren das j\u00e4hrliche Spenden-Ereignis in diesem Jahr dezentral geplant, um so den aktuellen Anforderungen Rechnung zu tragen.\u00a0Bis zum Bergfest der Lichterlaufwoche am 01. Oktober engagierten sich bereits [&hellip;]","og_url":"https:\/\/radioleinewelle.de\/index.php\/2020\/10\/02\/goettinger-lichterlaufwoche-erreicht-bergfest-suedniedersachsen-bewegt-sich-fuer-den-guten-zweck\/","og_site_name":"Radio Leinewelle","article_publisher":"https:\/\/www.facebook.com\/radioleinewelle","article_author":"https:\/\/www.facebook.com\/radioleinewelle","article_published_time":"2020-10-02T03:15:34+00:00","author":"Leinewelle","twitter_card":"summary_large_image","twitter_creator":"@https:\/\/twitter.com\/RLeinewelle?ref_src=twsrcgoogletwcampserptwgrauthor","twitter_site":"@RLeinewelle","twitter_misc":{"Verfasst von":"Leinewelle","Gesch\u00e4tzte Lesezeit":"2\u00a0Minuten"},"schema":{"@context":"https:\/\/schema.org","@graph":[{"@type":"Article","@id":"https:\/\/radioleinewelle.de\/index.php\/2020\/10\/02\/goettinger-lichterlaufwoche-erreicht-bergfest-suedniedersachsen-bewegt-sich-fuer-den-guten-zweck\/#article","isPartOf":{"@id":"https:\/\/radioleinewelle.de\/index.php\/2020\/10\/02\/goettinger-lichterlaufwoche-erreicht-bergfest-suedniedersachsen-bewegt-sich-fuer-den-guten-zweck\/"},"author":{"name":"Leinewelle","@id":"https:\/\/radioleinewelle.de\/#\/schema\/person\/45606f348637df637192dc1b68399a63"},"headline":"G\u00f6ttinger Lichterlaufwoche erreicht Bergfest \u2013 S\u00fcdniedersachsen bewegt sich f\u00fcr den guten Zweck","datePublished":"2020-10-02T03:15:34+00:00","mainEntityOfPage":{"@id":"https:\/\/radioleinewelle.de\/index.php\/2020\/10\/02\/goettinger-lichterlaufwoche-erreicht-bergfest-suedniedersachsen-bewegt-sich-fuer-den-guten-zweck\/"},"wordCount":464,"publisher":{"@id":"https:\/\/radioleinewelle.de\/#organization"},"articleSection":{"1":"Gesundheit"},"inLanguage":"de"},{"@type":"WebPage","@id":"https:\/\/radioleinewelle.de\/index.php\/2020\/10\/02\/goettinger-lichterlaufwoche-erreicht-bergfest-suedniedersachsen-bewegt-sich-fuer-den-guten-zweck\/","url":"https:\/\/radioleinewelle.de\/index.php\/2020\/10\/02\/goettinger-lichterlaufwoche-erreicht-bergfest-suedniedersachsen-bewegt-sich-fuer-den-guten-zweck\/","name":"G\u00f6ttinger Lichterlaufwoche erreicht Bergfest \u2013 S\u00fcdniedersachsen bewegt sich f\u00fcr den guten Zweck - Radio Leinewelle","isPartOf":{"@id":"https:\/\/radioleinewelle.de\/#website"},"datePublished":"2020-10-02T03:15:34+00:00","breadcrumb":{"@id":"https:\/\/radioleinewelle.de\/index.php\/2020\/10\/02\/goettinger-lichterlaufwoche-erreicht-bergfest-suedniedersachsen-bewegt-sich-fuer-den-guten-zweck\/#breadcrumb"},"inLanguage":"de","potentialAction":[{"@type":"ReadAction","target":["https:\/\/radioleinewelle.de\/index.php\/2020\/10\/02\/goettinger-lichterlaufwoche-erreicht-bergfest-suedniedersachsen-bewegt-sich-fuer-den-guten-zweck\/"]}]},{"@type":"BreadcrumbList","@id":"https:\/\/radioleinewelle.de\/index.php\/2020\/10\/02\/goettinger-lichterlaufwoche-erreicht-bergfest-suedniedersachsen-bewegt-sich-fuer-den-guten-zweck\/#breadcrumb","itemListElement":[{"@type":"ListItem","position":1,"name":"Startseite","item":"https:\/\/radioleinewelle.de\/"},{"@type":"ListItem","position":2,"name":"G\u00f6ttinger Lichterlaufwoche erreicht Bergfest \u2013 S\u00fcdniedersachsen bewegt sich f\u00fcr den guten Zweck"}]},{"@type":"WebSite","@id":"https:\/\/radioleinewelle.de\/#website","url":"https:\/\/radioleinewelle.de\/","name":"Radio Leinewelle","description":"","publisher":{"@id":"https:\/\/radioleinewelle.de\/#organization"},"potentialAction":[{"@type":"SearchAction","target":{"@type":"EntryPoint","urlTemplate":"https:\/\/radioleinewelle.de\/?s={search_term_string}"},"query-input":{"@type":"PropertyValueSpecification","valueRequired":true,"valueName":"search_term_string"}}],"inLanguage":"de"},{"@type":"Organization","@id":"https:\/\/radioleinewelle.de\/#organization","name":"Radio Leinewelle","alternateName":"Mein Radio f\u00fcr S\u00fcdniedersachsen","url":"https:\/\/radioleinewelle.de\/","logo":{"@type":"ImageObject","inLanguage":"de","@id":"https:\/\/radioleinewelle.de\/#\/schema\/logo\/image\/","url":"https:\/\/radioleinewelle.de\/wp-content\/uploads\/2023\/11\/cropped-Leinewelle_Logo_weiss.png","contentUrl":"https:\/\/radioleinewelle.de\/wp-content\/uploads\/2023\/11\/cropped-Leinewelle_Logo_weiss.png","width":854,"height":260,"caption":"Radio Leinewelle"},"image":{"@id":"https:\/\/radioleinewelle.de\/#\/schema\/logo\/image\/"},"sameAs":["https:\/\/www.facebook.com\/radioleinewelle","https:\/\/x.com\/RLeinewelle","https:\/\/www.instagram.com\/radioleinewelle\/?hl=de"]},{"@type":"Person","@id":"https:\/\/radioleinewelle.de\/#\/schema\/person\/45606f348637df637192dc1b68399a63","name":"Leinewelle","image":{"@type":"ImageObject","inLanguage":"de","@id":"https:\/\/secure.gravatar.com\/avatar\/05c9a17bc973052ee5d91549bd32fb4dd0dc85b7b85ae94b2e2b4943476bbea5?s=96&d=blank&r=g","url":"https:\/\/secure.gravatar.com\/avatar\/05c9a17bc973052ee5d91549bd32fb4dd0dc85b7b85ae94b2e2b4943476bbea5?s=96&d=blank&r=g","contentUrl":"https:\/\/secure.gravatar.com\/avatar\/05c9a17bc973052ee5d91549bd32fb4dd0dc85b7b85ae94b2e2b4943476bbea5?s=96&d=blank&r=g","caption":"Leinewelle"},"sameAs":["http:\/\/localhost\/radio%20leinewelle\/wordpress","https:\/\/www.facebook.com\/radioleinewelle","https:\/\/www.instagram.com\/radioleinewelle","https:\/\/x.com\/https:\/\/twitter.com\/RLeinewelle?ref_src=twsrcgoogletwcampserptwgrauthor","https:\/\/soundcloud.com\/foerderverein-lokalradio?utm_source=clipboard&utm_medium=text&utm_campaign=social_sharing"],"url":"https:\/\/radioleinewelle.de\/index.php\/author\/leinewelle\/"}]}},"_links":{"self":[{"href":"https:\/\/radioleinewelle.de\/index.php\/wp-json\/wp\/v2\/posts\/1995","targetHints":{"allow":["GET"]}}],"collection":[{"href":"https:\/\/radioleinewelle.de\/index.php\/wp-json\/wp\/v2\/posts"}],"about":[{"href":"https:\/\/radioleinewelle.de\/index.php\/wp-json\/wp\/v2\/types\/post"}],"author":[{"embeddable":true,"href":"https:\/\/radioleinewelle.de\/index.php\/wp-json\/wp\/v2\/users\/1"}],"replies":[{"embeddable":true,"href":"https:\/\/radioleinewelle.de\/index.php\/wp-json\/wp\/v2\/comments?post=1995"}],"version-history":[{"count":0,"href":"https:\/\/radioleinewelle.de\/index.php\/wp-json\/wp\/v2\/posts\/1995\/revisions"}],"wp:attachment":[{"href":"https:\/\/radioleinewelle.de\/index.php\/wp-json\/wp\/v2\/media?parent=1995"}],"wp:term":[{"taxonomy":"category","embeddable":true,"href":"https:\/\/radioleinewelle.de\/index.php\/wp-json\/wp\/v2\/categories?post=1995"},{"taxonomy":"post_tag","embeddable":true,"href":"https:\/\/radioleinewelle.de\/index.php\/wp-json\/wp\/v2\/tags?post=1995"}],"curies":[{"name":"wp","href":"https:\/\/api.w.org\/{rel}","templated":true}]}}