{"id":2000,"date":"2020-10-02T05:20:54","date_gmt":"2020-10-02T03:20:54","guid":{"rendered":"https:\/\/radioleinewelle.de\/?p=2000"},"modified":"2020-10-02T05:20:54","modified_gmt":"2020-10-02T03:20:54","slug":"wanderausstellung-zum-thema-braunkohletagebau","status":"publish","type":"post","link":"https:\/\/radioleinewelle.de\/index.php\/2020\/10\/02\/wanderausstellung-zum-thema-braunkohletagebau\/","title":{"rendered":"Wanderausstellung zum Thema Braunkohletagebau"},"content":{"rendered":"<p>Greenpeace pr\u00e4sentiert die eindr\u00fcckliche Wanderausstellung &#8222;DER ABGRUND, DER MAL HEIMAT WAR &#8211; Eine (Zeit)reise durch die bedrohten und bereits abgebaggerten D\u00f6rfer am Rande des rheinischen Braunkohletagebaus. Mit Fotografien von Jordis Antonia Schl\u00f6sser&#8220;.<\/p>\n<p>Zeit: 5. Oktober 2020, 15.30 \u2013 18.30 Uhr<br \/>\nOrt: Markt, 37073 G\u00f6ttingen (Platz am G\u00e4nseliesel)<\/p>\n<p>Hintergrund der deutschlandweiten Wanderausstellung:<br \/>\nNoch rund 18 Jahre will der RWE-Konzern im Rheinischen Braunkohlerevier D\u00f6rfer abbaggern, Menschen gegen ihren Willen umsiedeln und ganze Landstriche verw\u00fcsten. Eine Katastrophe &#8211; f\u00fcr Klima, Natur und die Menschen in den bedrohten Ortschaften. \u201cWas im Rheinland geschieht, betrifft uns alle: Um die Klimakrise zu bremsen, muss die Kohle im Boden bleiben\u201d, sagt Mira J\u00e4ger, Sprecherin der Greenpeace-Gruppe G\u00f6ttingen. \u201cDie Ausstellung zeigt eindr\u00fccklich das Schicksal der Betroffenen im Braunkohlerevier und macht gleichzeitig Mut, den wachsenden Protest zu unterst\u00fctzen. Wir freuen uns, dar\u00fcber mit interessierten Besucherinnen und Besuchern beim Ausstellungshalt in G\u00f6ttingen ins Gespr\u00e4ch zu kommen.\u201d<\/p>\n<p>Die Fotografin Jordis Antonia Schl\u00f6sser kennt das rheinische Braunkohlerevier seit ihrer Kindheit. Immer wieder kehrte sie zur\u00fcck an die Gruben, Kraftwerke und D\u00f6rfer in der Region. In einer Gegen\u00fcberstellung von Bildern aus den Jahren 2002 und 2019 lenkt sie den Blick auf die Menschen, die durch die Ausdehnung des Tagebaus ihre Heimat verlieren, und auf den zunehmenden Widerstand gegen den Energiekonzern RWE.<\/p>\n<p>Foto: \u00a9Jordis Antonia Sch\u00e4fer<\/p>\n<p>&nbsp;<\/p>\n<p>&nbsp;<\/p>\n<p>&nbsp;<\/p>\n","protected":false},"excerpt":{"rendered":"<p>Greenpeace pr\u00e4sentiert die eindr\u00fcckliche Wanderausstellung &#8222;DER ABGRUND, DER MAL HEIMAT WAR &#8211; Eine (Zeit)reise durch die bedrohten und bereits abgebaggerten D\u00f6rfer am Rande des rheinischen Braunkohletagebaus. Mit Fotografien von Jordis Antonia Schl\u00f6sser&#8220;. Zeit: 5. Oktober 2020, 15.30 \u2013 18.30 Uhr Ort: Markt, 37073 G\u00f6ttingen (Platz am G\u00e4nseliesel) Hintergrund der deutschlandweiten Wanderausstellung: Noch rund 18 Jahre [&hellip;]<\/p>\n","protected":false},"author":1,"featured_media":2006,"comment_status":"closed","ping_status":"closed","sticky":false,"template":"","format":"standard","meta":{"saved_in_kubio":false,"footnotes":""},"categories":[41],"tags":[],"class_list":["post-2000","post","type-post","status-publish","format-standard","has-post-thumbnail","hentry","category-veranstaltungen"],"yoast_head":"<!-- This site is optimized with the Yoast SEO plugin v27.5 - https:\/\/yoast.com\/product\/yoast-seo-wordpress\/ -->\n<title>Wanderausstellung zum Thema Braunkohletagebau - Radio Leinewelle<\/title>\n<meta name=\"robots\" content=\"index, follow, max-snippet:-1, max-image-preview:large, max-video-preview:-1\" \/>\n<link rel=\"canonical\" href=\"https:\/\/radioleinewelle.de\/index.php\/2020\/10\/02\/wanderausstellung-zum-thema-braunkohletagebau\/\" \/>\n<meta property=\"og:locale\" content=\"de_DE\" \/>\n<meta property=\"og:type\" content=\"article\" \/>\n<meta property=\"og:title\" content=\"Wanderausstellung zum Thema Braunkohletagebau - Radio Leinewelle\" \/>\n<meta property=\"og:description\" content=\"Greenpeace pr\u00e4sentiert die eindr\u00fcckliche Wanderausstellung &#8222;DER ABGRUND, DER MAL HEIMAT WAR &#8211; Eine (Zeit)reise durch die bedrohten und bereits abgebaggerten D\u00f6rfer am Rande des rheinischen Braunkohletagebaus. Mit Fotografien von Jordis Antonia Schl\u00f6sser&#8220;. Zeit: 5. Oktober 2020, 15.30 \u2013 18.30 Uhr Ort: Markt, 37073 G\u00f6ttingen (Platz am G\u00e4nseliesel) Hintergrund der deutschlandweiten Wanderausstellung: Noch rund 18 Jahre [&hellip;]\" \/>\n<meta property=\"og:url\" content=\"https:\/\/radioleinewelle.de\/index.php\/2020\/10\/02\/wanderausstellung-zum-thema-braunkohletagebau\/\" \/>\n<meta property=\"og:site_name\" content=\"Radio Leinewelle\" \/>\n<meta property=\"article:publisher\" content=\"https:\/\/www.facebook.com\/radioleinewelle\" \/>\n<meta property=\"article:author\" content=\"https:\/\/www.facebook.com\/radioleinewelle\" \/>\n<meta property=\"article:published_time\" content=\"2020-10-02T03:20:54+00:00\" \/>\n<meta property=\"og:image\" content=\"https:\/\/radioleinewelle.de\/wp-content\/uploads\/2020\/10\/GP1SUABT_Low_res_with_credit_line.jpg\" \/>\n\t<meta property=\"og:image:width\" content=\"600\" \/>\n\t<meta property=\"og:image:height\" content=\"398\" \/>\n\t<meta property=\"og:image:type\" content=\"image\/jpeg\" \/>\n<meta name=\"author\" content=\"Leinewelle\" \/>\n<meta name=\"twitter:card\" content=\"summary_large_image\" \/>\n<meta name=\"twitter:creator\" content=\"@https:\/\/twitter.com\/RLeinewelle?ref_src=twsrcgoogletwcampserptwgrauthor\" \/>\n<meta name=\"twitter:site\" content=\"@RLeinewelle\" \/>\n<meta name=\"twitter:label1\" content=\"Verfasst von\" \/>\n\t<meta name=\"twitter:data1\" content=\"Leinewelle\" \/>\n\t<meta name=\"twitter:label2\" content=\"Gesch\u00e4tzte Lesezeit\" \/>\n\t<meta name=\"twitter:data2\" content=\"1\u00a0Minute\" \/>\n<script type=\"application\/ld+json\" class=\"yoast-schema-graph\">{\"@context\":\"https:\\\/\\\/schema.org\",\"@graph\":[{\"@type\":\"Article\",\"@id\":\"https:\\\/\\\/radioleinewelle.de\\\/index.php\\\/2020\\\/10\\\/02\\\/wanderausstellung-zum-thema-braunkohletagebau\\\/#article\",\"isPartOf\":{\"@id\":\"https:\\\/\\\/radioleinewelle.de\\\/index.php\\\/2020\\\/10\\\/02\\\/wanderausstellung-zum-thema-braunkohletagebau\\\/\"},\"author\":{\"name\":\"Leinewelle\",\"@id\":\"https:\\\/\\\/radioleinewelle.de\\\/#\\\/schema\\\/person\\\/45606f348637df637192dc1b68399a63\"},\"headline\":\"Wanderausstellung zum Thema Braunkohletagebau\",\"datePublished\":\"2020-10-02T03:20:54+00:00\",\"mainEntityOfPage\":{\"@id\":\"https:\\\/\\\/radioleinewelle.de\\\/index.php\\\/2020\\\/10\\\/02\\\/wanderausstellung-zum-thema-braunkohletagebau\\\/\"},\"wordCount\":232,\"publisher\":{\"@id\":\"https:\\\/\\\/radioleinewelle.de\\\/#organization\"},\"image\":{\"@id\":\"https:\\\/\\\/radioleinewelle.de\\\/index.php\\\/2020\\\/10\\\/02\\\/wanderausstellung-zum-thema-braunkohletagebau\\\/#primaryimage\"},\"thumbnailUrl\":\"https:\\\/\\\/radioleinewelle.de\\\/wp-content\\\/uploads\\\/2020\\\/10\\\/GP1SUABT_Low_res_with_credit_line.jpg\",\"articleSection\":[\"Veranstaltungen\"],\"inLanguage\":\"de\"},{\"@type\":\"WebPage\",\"@id\":\"https:\\\/\\\/radioleinewelle.de\\\/index.php\\\/2020\\\/10\\\/02\\\/wanderausstellung-zum-thema-braunkohletagebau\\\/\",\"url\":\"https:\\\/\\\/radioleinewelle.de\\\/index.php\\\/2020\\\/10\\\/02\\\/wanderausstellung-zum-thema-braunkohletagebau\\\/\",\"name\":\"Wanderausstellung zum Thema Braunkohletagebau - Radio Leinewelle\",\"isPartOf\":{\"@id\":\"https:\\\/\\\/radioleinewelle.de\\\/#website\"},\"primaryImageOfPage\":{\"@id\":\"https:\\\/\\\/radioleinewelle.de\\\/index.php\\\/2020\\\/10\\\/02\\\/wanderausstellung-zum-thema-braunkohletagebau\\\/#primaryimage\"},\"image\":{\"@id\":\"https:\\\/\\\/radioleinewelle.de\\\/index.php\\\/2020\\\/10\\\/02\\\/wanderausstellung-zum-thema-braunkohletagebau\\\/#primaryimage\"},\"thumbnailUrl\":\"https:\\\/\\\/radioleinewelle.de\\\/wp-content\\\/uploads\\\/2020\\\/10\\\/GP1SUABT_Low_res_with_credit_line.jpg\",\"datePublished\":\"2020-10-02T03:20:54+00:00\",\"breadcrumb\":{\"@id\":\"https:\\\/\\\/radioleinewelle.de\\\/index.php\\\/2020\\\/10\\\/02\\\/wanderausstellung-zum-thema-braunkohletagebau\\\/#breadcrumb\"},\"inLanguage\":\"de\",\"potentialAction\":[{\"@type\":\"ReadAction\",\"target\":[\"https:\\\/\\\/radioleinewelle.de\\\/index.php\\\/2020\\\/10\\\/02\\\/wanderausstellung-zum-thema-braunkohletagebau\\\/\"]}]},{\"@type\":\"ImageObject\",\"inLanguage\":\"de\",\"@id\":\"https:\\\/\\\/radioleinewelle.de\\\/index.php\\\/2020\\\/10\\\/02\\\/wanderausstellung-zum-thema-braunkohletagebau\\\/#primaryimage\",\"url\":\"https:\\\/\\\/radioleinewelle.de\\\/wp-content\\\/uploads\\\/2020\\\/10\\\/GP1SUABT_Low_res_with_credit_line.jpg\",\"contentUrl\":\"https:\\\/\\\/radioleinewelle.de\\\/wp-content\\\/uploads\\\/2020\\\/10\\\/GP1SUABT_Low_res_with_credit_line.jpg\",\"width\":600,\"height\":398,\"caption\":\"For another 20 years, the RWE Group plans to continue dredging in the Rhenish lignite mining area of Doerfer, resettle people against their will and devastate entire areas of land. A disaster - for the climate, nature and people in the threatened villages of Keyenberg, Kuckum, Ober- und Unterwestrich and Berverath. But the resistance is growing. The photographer Jordis A. Schloesser knows the Rhenish brown coal area since her childhood. She returned again and again to the mines, power stations and villages in the region. By juxtaposing pictures from 2002 and 2019, she draws attention to the people who are losing their homes due to the expansion of the open-cast mine and to the growing resistance to the energy company RWE. In cooperation with Greenpeace, the touring exhibition \\\"The Abyss That Was Once Home\\\" stops in over 20 German cities. Pictured: August 2002: Suddenly the photographer Jordis A. Schloesser stood in front of one of the last inhabitants of Etzweiler, ironing outside the closed church on a beautiful Sunday. 20 weitere Jahre will der RWE-Konzern im Rheinischen Braunkohlerevier Doerfer abbaggern, Menschen gegen ihren Willen umsiedeln und ganze Landstriche verwuesten. Eine Katastrophe - fuer Klima, Natur und die Menschen in den bedrohten Ortschaften Keyenberg, Kuckum, Ober- und Unterwestrich und Berverath. Doch der Widerstand waechst. Die Fotografin Jordis A. Schloesser kennt das rheinische Braunkohlerevier seit ihrer Kindheit. Immer wieder kehrte sie zurueck an die Gruben, Kraftwerke und Doerfer in der Region. Indem sie Bildern aus den Jahren 2002 und 2019 gegenueber stellt, lenkt sie den Blick auf die Menschen, die durch die Ausdehnung des Tagebaus ihre Heimat verlieren und auf den zunehmenden Widerstand gegen den Energiekonzern RWE. In Kooperation mit Greenpeace macht die Wanderausstellung \u201cDer Abgrund, der mal Heimat war\u201d in ueber 20 deutschen Staedten halt. Zu sehen: August 2002: Ploetzlich stand die Fotografin Jordis A. Schloesser\"},{\"@type\":\"BreadcrumbList\",\"@id\":\"https:\\\/\\\/radioleinewelle.de\\\/index.php\\\/2020\\\/10\\\/02\\\/wanderausstellung-zum-thema-braunkohletagebau\\\/#breadcrumb\",\"itemListElement\":[{\"@type\":\"ListItem\",\"position\":1,\"name\":\"Startseite\",\"item\":\"https:\\\/\\\/radioleinewelle.de\\\/\"},{\"@type\":\"ListItem\",\"position\":2,\"name\":\"Wanderausstellung zum Thema Braunkohletagebau\"}]},{\"@type\":\"WebSite\",\"@id\":\"https:\\\/\\\/radioleinewelle.de\\\/#website\",\"url\":\"https:\\\/\\\/radioleinewelle.de\\\/\",\"name\":\"Radio Leinewelle\",\"description\":\"\",\"publisher\":{\"@id\":\"https:\\\/\\\/radioleinewelle.de\\\/#organization\"},\"potentialAction\":[{\"@type\":\"SearchAction\",\"target\":{\"@type\":\"EntryPoint\",\"urlTemplate\":\"https:\\\/\\\/radioleinewelle.de\\\/?s={search_term_string}\"},\"query-input\":{\"@type\":\"PropertyValueSpecification\",\"valueRequired\":true,\"valueName\":\"search_term_string\"}}],\"inLanguage\":\"de\"},{\"@type\":\"Organization\",\"@id\":\"https:\\\/\\\/radioleinewelle.de\\\/#organization\",\"name\":\"Radio Leinewelle\",\"alternateName\":\"Mein Radio f\u00fcr S\u00fcdniedersachsen\",\"url\":\"https:\\\/\\\/radioleinewelle.de\\\/\",\"logo\":{\"@type\":\"ImageObject\",\"inLanguage\":\"de\",\"@id\":\"https:\\\/\\\/radioleinewelle.de\\\/#\\\/schema\\\/logo\\\/image\\\/\",\"url\":\"https:\\\/\\\/radioleinewelle.de\\\/wp-content\\\/uploads\\\/2023\\\/11\\\/cropped-Leinewelle_Logo_weiss.png\",\"contentUrl\":\"https:\\\/\\\/radioleinewelle.de\\\/wp-content\\\/uploads\\\/2023\\\/11\\\/cropped-Leinewelle_Logo_weiss.png\",\"width\":854,\"height\":260,\"caption\":\"Radio Leinewelle\"},\"image\":{\"@id\":\"https:\\\/\\\/radioleinewelle.de\\\/#\\\/schema\\\/logo\\\/image\\\/\"},\"sameAs\":[\"https:\\\/\\\/www.facebook.com\\\/radioleinewelle\",\"https:\\\/\\\/x.com\\\/RLeinewelle\",\"https:\\\/\\\/www.instagram.com\\\/radioleinewelle\\\/?hl=de\"]},{\"@type\":\"Person\",\"@id\":\"https:\\\/\\\/radioleinewelle.de\\\/#\\\/schema\\\/person\\\/45606f348637df637192dc1b68399a63\",\"name\":\"Leinewelle\",\"image\":{\"@type\":\"ImageObject\",\"inLanguage\":\"de\",\"@id\":\"https:\\\/\\\/secure.gravatar.com\\\/avatar\\\/05c9a17bc973052ee5d91549bd32fb4dd0dc85b7b85ae94b2e2b4943476bbea5?s=96&d=blank&r=g\",\"url\":\"https:\\\/\\\/secure.gravatar.com\\\/avatar\\\/05c9a17bc973052ee5d91549bd32fb4dd0dc85b7b85ae94b2e2b4943476bbea5?s=96&d=blank&r=g\",\"contentUrl\":\"https:\\\/\\\/secure.gravatar.com\\\/avatar\\\/05c9a17bc973052ee5d91549bd32fb4dd0dc85b7b85ae94b2e2b4943476bbea5?s=96&d=blank&r=g\",\"caption\":\"Leinewelle\"},\"sameAs\":[\"http:\\\/\\\/localhost\\\/radio%20leinewelle\\\/wordpress\",\"https:\\\/\\\/www.facebook.com\\\/radioleinewelle\",\"https:\\\/\\\/www.instagram.com\\\/radioleinewelle\",\"https:\\\/\\\/x.com\\\/https:\\\/\\\/twitter.com\\\/RLeinewelle?ref_src=twsrcgoogletwcampserptwgrauthor\",\"https:\\\/\\\/soundcloud.com\\\/foerderverein-lokalradio?utm_source=clipboard&utm_medium=text&utm_campaign=social_sharing\"],\"url\":\"https:\\\/\\\/radioleinewelle.de\\\/index.php\\\/author\\\/leinewelle\\\/\"}]}<\/script>\n<!-- \/ Yoast SEO plugin. -->","yoast_head_json":{"title":"Wanderausstellung zum Thema Braunkohletagebau - Radio Leinewelle","robots":{"index":"index","follow":"follow","max-snippet":"max-snippet:-1","max-image-preview":"max-image-preview:large","max-video-preview":"max-video-preview:-1"},"canonical":"https:\/\/radioleinewelle.de\/index.php\/2020\/10\/02\/wanderausstellung-zum-thema-braunkohletagebau\/","og_locale":"de_DE","og_type":"article","og_title":"Wanderausstellung zum Thema Braunkohletagebau - Radio Leinewelle","og_description":"Greenpeace pr\u00e4sentiert die eindr\u00fcckliche Wanderausstellung &#8222;DER ABGRUND, DER MAL HEIMAT WAR &#8211; Eine (Zeit)reise durch die bedrohten und bereits abgebaggerten D\u00f6rfer am Rande des rheinischen Braunkohletagebaus. Mit Fotografien von Jordis Antonia Schl\u00f6sser&#8220;. Zeit: 5. Oktober 2020, 15.30 \u2013 18.30 Uhr Ort: Markt, 37073 G\u00f6ttingen (Platz am G\u00e4nseliesel) Hintergrund der deutschlandweiten Wanderausstellung: Noch rund 18 Jahre [&hellip;]","og_url":"https:\/\/radioleinewelle.de\/index.php\/2020\/10\/02\/wanderausstellung-zum-thema-braunkohletagebau\/","og_site_name":"Radio Leinewelle","article_publisher":"https:\/\/www.facebook.com\/radioleinewelle","article_author":"https:\/\/www.facebook.com\/radioleinewelle","article_published_time":"2020-10-02T03:20:54+00:00","og_image":[{"width":600,"height":398,"url":"https:\/\/radioleinewelle.de\/wp-content\/uploads\/2020\/10\/GP1SUABT_Low_res_with_credit_line.jpg","type":"image\/jpeg"}],"author":"Leinewelle","twitter_card":"summary_large_image","twitter_creator":"@https:\/\/twitter.com\/RLeinewelle?ref_src=twsrcgoogletwcampserptwgrauthor","twitter_site":"@RLeinewelle","twitter_misc":{"Verfasst von":"Leinewelle","Gesch\u00e4tzte Lesezeit":"1\u00a0Minute"},"schema":{"@context":"https:\/\/schema.org","@graph":[{"@type":"Article","@id":"https:\/\/radioleinewelle.de\/index.php\/2020\/10\/02\/wanderausstellung-zum-thema-braunkohletagebau\/#article","isPartOf":{"@id":"https:\/\/radioleinewelle.de\/index.php\/2020\/10\/02\/wanderausstellung-zum-thema-braunkohletagebau\/"},"author":{"name":"Leinewelle","@id":"https:\/\/radioleinewelle.de\/#\/schema\/person\/45606f348637df637192dc1b68399a63"},"headline":"Wanderausstellung zum Thema Braunkohletagebau","datePublished":"2020-10-02T03:20:54+00:00","mainEntityOfPage":{"@id":"https:\/\/radioleinewelle.de\/index.php\/2020\/10\/02\/wanderausstellung-zum-thema-braunkohletagebau\/"},"wordCount":232,"publisher":{"@id":"https:\/\/radioleinewelle.de\/#organization"},"image":{"@id":"https:\/\/radioleinewelle.de\/index.php\/2020\/10\/02\/wanderausstellung-zum-thema-braunkohletagebau\/#primaryimage"},"thumbnailUrl":"https:\/\/radioleinewelle.de\/wp-content\/uploads\/2020\/10\/GP1SUABT_Low_res_with_credit_line.jpg","articleSection":["Veranstaltungen"],"inLanguage":"de"},{"@type":"WebPage","@id":"https:\/\/radioleinewelle.de\/index.php\/2020\/10\/02\/wanderausstellung-zum-thema-braunkohletagebau\/","url":"https:\/\/radioleinewelle.de\/index.php\/2020\/10\/02\/wanderausstellung-zum-thema-braunkohletagebau\/","name":"Wanderausstellung zum Thema Braunkohletagebau - Radio Leinewelle","isPartOf":{"@id":"https:\/\/radioleinewelle.de\/#website"},"primaryImageOfPage":{"@id":"https:\/\/radioleinewelle.de\/index.php\/2020\/10\/02\/wanderausstellung-zum-thema-braunkohletagebau\/#primaryimage"},"image":{"@id":"https:\/\/radioleinewelle.de\/index.php\/2020\/10\/02\/wanderausstellung-zum-thema-braunkohletagebau\/#primaryimage"},"thumbnailUrl":"https:\/\/radioleinewelle.de\/wp-content\/uploads\/2020\/10\/GP1SUABT_Low_res_with_credit_line.jpg","datePublished":"2020-10-02T03:20:54+00:00","breadcrumb":{"@id":"https:\/\/radioleinewelle.de\/index.php\/2020\/10\/02\/wanderausstellung-zum-thema-braunkohletagebau\/#breadcrumb"},"inLanguage":"de","potentialAction":[{"@type":"ReadAction","target":["https:\/\/radioleinewelle.de\/index.php\/2020\/10\/02\/wanderausstellung-zum-thema-braunkohletagebau\/"]}]},{"@type":"ImageObject","inLanguage":"de","@id":"https:\/\/radioleinewelle.de\/index.php\/2020\/10\/02\/wanderausstellung-zum-thema-braunkohletagebau\/#primaryimage","url":"https:\/\/radioleinewelle.de\/wp-content\/uploads\/2020\/10\/GP1SUABT_Low_res_with_credit_line.jpg","contentUrl":"https:\/\/radioleinewelle.de\/wp-content\/uploads\/2020\/10\/GP1SUABT_Low_res_with_credit_line.jpg","width":600,"height":398,"caption":"For another 20 years, the RWE Group plans to continue dredging in the Rhenish lignite mining area of Doerfer, resettle people against their will and devastate entire areas of land. A disaster - for the climate, nature and people in the threatened villages of Keyenberg, Kuckum, Ober- und Unterwestrich and Berverath. But the resistance is growing. The photographer Jordis A. Schloesser knows the Rhenish brown coal area since her childhood. She returned again and again to the mines, power stations and villages in the region. By juxtaposing pictures from 2002 and 2019, she draws attention to the people who are losing their homes due to the expansion of the open-cast mine and to the growing resistance to the energy company RWE. In cooperation with Greenpeace, the touring exhibition \"The Abyss That Was Once Home\" stops in over 20 German cities. Pictured: August 2002: Suddenly the photographer Jordis A. Schloesser stood in front of one of the last inhabitants of Etzweiler, ironing outside the closed church on a beautiful Sunday. 20 weitere Jahre will der RWE-Konzern im Rheinischen Braunkohlerevier Doerfer abbaggern, Menschen gegen ihren Willen umsiedeln und ganze Landstriche verwuesten. Eine Katastrophe - fuer Klima, Natur und die Menschen in den bedrohten Ortschaften Keyenberg, Kuckum, Ober- und Unterwestrich und Berverath. Doch der Widerstand waechst. Die Fotografin Jordis A. Schloesser kennt das rheinische Braunkohlerevier seit ihrer Kindheit. Immer wieder kehrte sie zurueck an die Gruben, Kraftwerke und Doerfer in der Region. Indem sie Bildern aus den Jahren 2002 und 2019 gegenueber stellt, lenkt sie den Blick auf die Menschen, die durch die Ausdehnung des Tagebaus ihre Heimat verlieren und auf den zunehmenden Widerstand gegen den Energiekonzern RWE. In Kooperation mit Greenpeace macht die Wanderausstellung \u201cDer Abgrund, der mal Heimat war\u201d in ueber 20 deutschen Staedten halt. Zu sehen: August 2002: Ploetzlich stand die Fotografin Jordis A. Schloesser"},{"@type":"BreadcrumbList","@id":"https:\/\/radioleinewelle.de\/index.php\/2020\/10\/02\/wanderausstellung-zum-thema-braunkohletagebau\/#breadcrumb","itemListElement":[{"@type":"ListItem","position":1,"name":"Startseite","item":"https:\/\/radioleinewelle.de\/"},{"@type":"ListItem","position":2,"name":"Wanderausstellung zum Thema Braunkohletagebau"}]},{"@type":"WebSite","@id":"https:\/\/radioleinewelle.de\/#website","url":"https:\/\/radioleinewelle.de\/","name":"Radio Leinewelle","description":"","publisher":{"@id":"https:\/\/radioleinewelle.de\/#organization"},"potentialAction":[{"@type":"SearchAction","target":{"@type":"EntryPoint","urlTemplate":"https:\/\/radioleinewelle.de\/?s={search_term_string}"},"query-input":{"@type":"PropertyValueSpecification","valueRequired":true,"valueName":"search_term_string"}}],"inLanguage":"de"},{"@type":"Organization","@id":"https:\/\/radioleinewelle.de\/#organization","name":"Radio Leinewelle","alternateName":"Mein Radio f\u00fcr S\u00fcdniedersachsen","url":"https:\/\/radioleinewelle.de\/","logo":{"@type":"ImageObject","inLanguage":"de","@id":"https:\/\/radioleinewelle.de\/#\/schema\/logo\/image\/","url":"https:\/\/radioleinewelle.de\/wp-content\/uploads\/2023\/11\/cropped-Leinewelle_Logo_weiss.png","contentUrl":"https:\/\/radioleinewelle.de\/wp-content\/uploads\/2023\/11\/cropped-Leinewelle_Logo_weiss.png","width":854,"height":260,"caption":"Radio Leinewelle"},"image":{"@id":"https:\/\/radioleinewelle.de\/#\/schema\/logo\/image\/"},"sameAs":["https:\/\/www.facebook.com\/radioleinewelle","https:\/\/x.com\/RLeinewelle","https:\/\/www.instagram.com\/radioleinewelle\/?hl=de"]},{"@type":"Person","@id":"https:\/\/radioleinewelle.de\/#\/schema\/person\/45606f348637df637192dc1b68399a63","name":"Leinewelle","image":{"@type":"ImageObject","inLanguage":"de","@id":"https:\/\/secure.gravatar.com\/avatar\/05c9a17bc973052ee5d91549bd32fb4dd0dc85b7b85ae94b2e2b4943476bbea5?s=96&d=blank&r=g","url":"https:\/\/secure.gravatar.com\/avatar\/05c9a17bc973052ee5d91549bd32fb4dd0dc85b7b85ae94b2e2b4943476bbea5?s=96&d=blank&r=g","contentUrl":"https:\/\/secure.gravatar.com\/avatar\/05c9a17bc973052ee5d91549bd32fb4dd0dc85b7b85ae94b2e2b4943476bbea5?s=96&d=blank&r=g","caption":"Leinewelle"},"sameAs":["http:\/\/localhost\/radio%20leinewelle\/wordpress","https:\/\/www.facebook.com\/radioleinewelle","https:\/\/www.instagram.com\/radioleinewelle","https:\/\/x.com\/https:\/\/twitter.com\/RLeinewelle?ref_src=twsrcgoogletwcampserptwgrauthor","https:\/\/soundcloud.com\/foerderverein-lokalradio?utm_source=clipboard&utm_medium=text&utm_campaign=social_sharing"],"url":"https:\/\/radioleinewelle.de\/index.php\/author\/leinewelle\/"}]}},"_links":{"self":[{"href":"https:\/\/radioleinewelle.de\/index.php\/wp-json\/wp\/v2\/posts\/2000","targetHints":{"allow":["GET"]}}],"collection":[{"href":"https:\/\/radioleinewelle.de\/index.php\/wp-json\/wp\/v2\/posts"}],"about":[{"href":"https:\/\/radioleinewelle.de\/index.php\/wp-json\/wp\/v2\/types\/post"}],"author":[{"embeddable":true,"href":"https:\/\/radioleinewelle.de\/index.php\/wp-json\/wp\/v2\/users\/1"}],"replies":[{"embeddable":true,"href":"https:\/\/radioleinewelle.de\/index.php\/wp-json\/wp\/v2\/comments?post=2000"}],"version-history":[{"count":0,"href":"https:\/\/radioleinewelle.de\/index.php\/wp-json\/wp\/v2\/posts\/2000\/revisions"}],"wp:featuredmedia":[{"embeddable":true,"href":"https:\/\/radioleinewelle.de\/index.php\/wp-json\/wp\/v2\/media\/2006"}],"wp:attachment":[{"href":"https:\/\/radioleinewelle.de\/index.php\/wp-json\/wp\/v2\/media?parent=2000"}],"wp:term":[{"taxonomy":"category","embeddable":true,"href":"https:\/\/radioleinewelle.de\/index.php\/wp-json\/wp\/v2\/categories?post=2000"},{"taxonomy":"post_tag","embeddable":true,"href":"https:\/\/radioleinewelle.de\/index.php\/wp-json\/wp\/v2\/tags?post=2000"}],"curies":[{"name":"wp","href":"https:\/\/api.w.org\/{rel}","templated":true}]}}