{"id":2002,"date":"2020-10-02T04:40:12","date_gmt":"2020-10-02T02:40:12","guid":{"rendered":"https:\/\/radioleinewelle.de\/?p=2002"},"modified":"2020-10-02T04:40:12","modified_gmt":"2020-10-02T02:40:12","slug":"2-kreistagsgruppe-kritisiert-nichtbefassung-der-resolution-zur-vereinigung-der-verfolgten-des-naziregimes","status":"publish","type":"post","link":"https:\/\/radioleinewelle.de\/index.php\/2020\/10\/02\/2-kreistagsgruppe-kritisiert-nichtbefassung-der-resolution-zur-vereinigung-der-verfolgten-des-naziregimes\/","title":{"rendered":"P2+-Kreistagsgruppe kritisiert Nichtbefassung der Resolution zur Vereinigung der Verfolgten des Naziregimes"},"content":{"rendered":"<div class=\"page\" title=\"Page 1\">\n<div class=\"layoutArea\">\n<div class=\"column\">\n<p>Die P2+Kreistagsgruppe zeigt sich entsetzt \u00fcber den Umgang mit der Resolution zum Erhalt der Gemeinn\u00fctzigkeit der VVN BdA im Kreistag G\u00f6ttingen. Die Resolution hatte eine Stellungnahme des Kreistags zum Ziel, die sich gegen die Entscheidung des Finanzamtes, der Bundesvereinigung der Verfolgten des Naziregimes die Gemeinn\u00fctzigkeit zu entziehen, wenden sollte.\u00a0&#8222;Wir wollen, dass der Landkreis zu solchen Entwicklungen klar Stellung bezieht, gerade auch vor dem Hintergrund des sp\u00fcrbaren Rechtsrucks im Land. Aktuell gibt es in Niedersachsen allein im ersten Halbjahr 2020 \u00fcber 800 rechtsmotivierte Straftaten. Ein Gremium wie der Kreistag darf vor solchen Entwicklungen nicht einfach die Augen verschlie\u00dfen.&#8220; so Hans- Georg Schwedhelm, Mitglied der P2+-Fraktion. &#8222;Mehr als je zuvor ist es jetzt notwendig Erinnerungskultur und antifaschistische Aktivit\u00e4ten zu f\u00f6rdern und zu unterst\u00fctzen. Die Entziehung der Gemeinn\u00fctzigkeit der VVN ist nicht nur ein falsches Signal, sondern \u00e4u\u00dferst fatal im Hinblick auf die Arbeit der Vereinigten der Verfolgten des Naziregimes.&#8220;<\/p>\n<p>Besonders bedauert die P2+-Fraktion, dass sogar der Debatte dar\u00fcber keinerlei Raum gegeben wurde, sondern dieser Punkt schon am Beginn der Sitzung von der Tagesordnung genommen wurde.\u00a0Dr. Mohan Ramaswamy, Fraktionsvorsitzender dazu: &#8222;Antfaschismus ist keine Haltung, die man nach Lust und Laune einnehmen kann oder nicht, sondern bildet die Grundlage unserer freiheitlichen Demokratie. Es gen\u00fcgt auch nicht gegen Faschismus zu sein, sondern es gilt, klar antifaschistisch zu handeln und dementsprechend wichtige Initiativen zu f\u00f6rdern und zu unterst\u00fctzen. In jeder Stadt und in jedem Gremium. Es gibt kein ruhiges Hinterland.&#8220;<\/p>\n<p>Foto:\u00a0Emblem der VVN-BdA (grafik: VVN-BdA)<\/p>\n<\/div>\n<\/div>\n<\/div>\n","protected":false},"excerpt":{"rendered":"<p>Die P2+Kreistagsgruppe zeigt sich entsetzt \u00fcber den Umgang mit der Resolution zum Erhalt der Gemeinn\u00fctzigkeit der VVN BdA im Kreistag G\u00f6ttingen. Die Resolution hatte eine Stellungnahme des Kreistags zum Ziel, die sich gegen die Entscheidung des Finanzamtes, der Bundesvereinigung der Verfolgten des Naziregimes die Gemeinn\u00fctzigkeit zu entziehen, wenden sollte.\u00a0&#8222;Wir wollen, dass der Landkreis zu solchen [&hellip;]<\/p>\n","protected":false},"author":1,"featured_media":2004,"comment_status":"closed","ping_status":"closed","sticky":false,"template":"","format":"standard","meta":{"saved_in_kubio":false,"footnotes":""},"categories":[39],"tags":[],"class_list":["post-2002","post","type-post","status-publish","format-standard","has-post-thumbnail","hentry","category-lokalpolitik"],"yoast_head":"<!-- This site is optimized with the Yoast SEO plugin v27.5 - https:\/\/yoast.com\/product\/yoast-seo-wordpress\/ -->\n<title>P2+-Kreistagsgruppe kritisiert Nichtbefassung der Resolution zur Vereinigung der Verfolgten des Naziregimes - Radio Leinewelle<\/title>\n<meta name=\"robots\" content=\"index, follow, max-snippet:-1, max-image-preview:large, max-video-preview:-1\" \/>\n<link rel=\"canonical\" href=\"https:\/\/radioleinewelle.de\/index.php\/2020\/10\/02\/2-kreistagsgruppe-kritisiert-nichtbefassung-der-resolution-zur-vereinigung-der-verfolgten-des-naziregimes\/\" \/>\n<meta property=\"og:locale\" content=\"de_DE\" \/>\n<meta property=\"og:type\" content=\"article\" \/>\n<meta property=\"og:title\" content=\"P2+-Kreistagsgruppe kritisiert Nichtbefassung der Resolution zur Vereinigung der Verfolgten des Naziregimes - Radio Leinewelle\" \/>\n<meta property=\"og:description\" content=\"Die P2+Kreistagsgruppe zeigt sich entsetzt \u00fcber den Umgang mit der Resolution zum Erhalt der Gemeinn\u00fctzigkeit der VVN BdA im Kreistag G\u00f6ttingen. Die Resolution hatte eine Stellungnahme des Kreistags zum Ziel, die sich gegen die Entscheidung des Finanzamtes, der Bundesvereinigung der Verfolgten des Naziregimes die Gemeinn\u00fctzigkeit zu entziehen, wenden sollte.\u00a0&#8222;Wir wollen, dass der Landkreis zu solchen [&hellip;]\" \/>\n<meta property=\"og:url\" content=\"https:\/\/radioleinewelle.de\/index.php\/2020\/10\/02\/2-kreistagsgruppe-kritisiert-nichtbefassung-der-resolution-zur-vereinigung-der-verfolgten-des-naziregimes\/\" \/>\n<meta property=\"og:site_name\" content=\"Radio Leinewelle\" \/>\n<meta property=\"article:publisher\" content=\"https:\/\/www.facebook.com\/radioleinewelle\" \/>\n<meta property=\"article:author\" content=\"https:\/\/www.facebook.com\/radioleinewelle\" \/>\n<meta property=\"article:published_time\" content=\"2020-10-02T02:40:12+00:00\" \/>\n<meta property=\"og:image\" content=\"https:\/\/radioleinewelle.de\/wp-content\/uploads\/2020\/10\/vvn-bda-logo.jpg\" \/>\n\t<meta property=\"og:image:width\" content=\"827\" \/>\n\t<meta property=\"og:image:height\" content=\"466\" \/>\n\t<meta property=\"og:image:type\" content=\"image\/jpeg\" \/>\n<meta name=\"author\" content=\"Leinewelle\" \/>\n<meta name=\"twitter:card\" content=\"summary_large_image\" \/>\n<meta name=\"twitter:creator\" content=\"@https:\/\/twitter.com\/RLeinewelle?ref_src=twsrcgoogletwcampserptwgrauthor\" \/>\n<meta name=\"twitter:site\" content=\"@RLeinewelle\" \/>\n<meta name=\"twitter:label1\" content=\"Verfasst von\" \/>\n\t<meta name=\"twitter:data1\" content=\"Leinewelle\" \/>\n\t<meta name=\"twitter:label2\" content=\"Gesch\u00e4tzte Lesezeit\" \/>\n\t<meta name=\"twitter:data2\" content=\"1\u00a0Minute\" \/>\n<script type=\"application\/ld+json\" class=\"yoast-schema-graph\">{\"@context\":\"https:\\\/\\\/schema.org\",\"@graph\":[{\"@type\":\"Article\",\"@id\":\"https:\\\/\\\/radioleinewelle.de\\\/index.php\\\/2020\\\/10\\\/02\\\/2-kreistagsgruppe-kritisiert-nichtbefassung-der-resolution-zur-vereinigung-der-verfolgten-des-naziregimes\\\/#article\",\"isPartOf\":{\"@id\":\"https:\\\/\\\/radioleinewelle.de\\\/index.php\\\/2020\\\/10\\\/02\\\/2-kreistagsgruppe-kritisiert-nichtbefassung-der-resolution-zur-vereinigung-der-verfolgten-des-naziregimes\\\/\"},\"author\":{\"name\":\"Leinewelle\",\"@id\":\"https:\\\/\\\/radioleinewelle.de\\\/#\\\/schema\\\/person\\\/45606f348637df637192dc1b68399a63\"},\"headline\":\"P2+-Kreistagsgruppe kritisiert Nichtbefassung der Resolution zur Vereinigung der Verfolgten des Naziregimes\",\"datePublished\":\"2020-10-02T02:40:12+00:00\",\"mainEntityOfPage\":{\"@id\":\"https:\\\/\\\/radioleinewelle.de\\\/index.php\\\/2020\\\/10\\\/02\\\/2-kreistagsgruppe-kritisiert-nichtbefassung-der-resolution-zur-vereinigung-der-verfolgten-des-naziregimes\\\/\"},\"wordCount\":269,\"publisher\":{\"@id\":\"https:\\\/\\\/radioleinewelle.de\\\/#organization\"},\"image\":{\"@id\":\"https:\\\/\\\/radioleinewelle.de\\\/index.php\\\/2020\\\/10\\\/02\\\/2-kreistagsgruppe-kritisiert-nichtbefassung-der-resolution-zur-vereinigung-der-verfolgten-des-naziregimes\\\/#primaryimage\"},\"thumbnailUrl\":\"https:\\\/\\\/radioleinewelle.de\\\/wp-content\\\/uploads\\\/2020\\\/10\\\/vvn-bda-logo.jpg\",\"articleSection\":[\"Lokalpolitik\"],\"inLanguage\":\"de\"},{\"@type\":\"WebPage\",\"@id\":\"https:\\\/\\\/radioleinewelle.de\\\/index.php\\\/2020\\\/10\\\/02\\\/2-kreistagsgruppe-kritisiert-nichtbefassung-der-resolution-zur-vereinigung-der-verfolgten-des-naziregimes\\\/\",\"url\":\"https:\\\/\\\/radioleinewelle.de\\\/index.php\\\/2020\\\/10\\\/02\\\/2-kreistagsgruppe-kritisiert-nichtbefassung-der-resolution-zur-vereinigung-der-verfolgten-des-naziregimes\\\/\",\"name\":\"P2+-Kreistagsgruppe kritisiert Nichtbefassung der Resolution zur Vereinigung der Verfolgten des Naziregimes - Radio Leinewelle\",\"isPartOf\":{\"@id\":\"https:\\\/\\\/radioleinewelle.de\\\/#website\"},\"primaryImageOfPage\":{\"@id\":\"https:\\\/\\\/radioleinewelle.de\\\/index.php\\\/2020\\\/10\\\/02\\\/2-kreistagsgruppe-kritisiert-nichtbefassung-der-resolution-zur-vereinigung-der-verfolgten-des-naziregimes\\\/#primaryimage\"},\"image\":{\"@id\":\"https:\\\/\\\/radioleinewelle.de\\\/index.php\\\/2020\\\/10\\\/02\\\/2-kreistagsgruppe-kritisiert-nichtbefassung-der-resolution-zur-vereinigung-der-verfolgten-des-naziregimes\\\/#primaryimage\"},\"thumbnailUrl\":\"https:\\\/\\\/radioleinewelle.de\\\/wp-content\\\/uploads\\\/2020\\\/10\\\/vvn-bda-logo.jpg\",\"datePublished\":\"2020-10-02T02:40:12+00:00\",\"breadcrumb\":{\"@id\":\"https:\\\/\\\/radioleinewelle.de\\\/index.php\\\/2020\\\/10\\\/02\\\/2-kreistagsgruppe-kritisiert-nichtbefassung-der-resolution-zur-vereinigung-der-verfolgten-des-naziregimes\\\/#breadcrumb\"},\"inLanguage\":\"de\",\"potentialAction\":[{\"@type\":\"ReadAction\",\"target\":[\"https:\\\/\\\/radioleinewelle.de\\\/index.php\\\/2020\\\/10\\\/02\\\/2-kreistagsgruppe-kritisiert-nichtbefassung-der-resolution-zur-vereinigung-der-verfolgten-des-naziregimes\\\/\"]}]},{\"@type\":\"ImageObject\",\"inLanguage\":\"de\",\"@id\":\"https:\\\/\\\/radioleinewelle.de\\\/index.php\\\/2020\\\/10\\\/02\\\/2-kreistagsgruppe-kritisiert-nichtbefassung-der-resolution-zur-vereinigung-der-verfolgten-des-naziregimes\\\/#primaryimage\",\"url\":\"https:\\\/\\\/radioleinewelle.de\\\/wp-content\\\/uploads\\\/2020\\\/10\\\/vvn-bda-logo.jpg\",\"contentUrl\":\"https:\\\/\\\/radioleinewelle.de\\\/wp-content\\\/uploads\\\/2020\\\/10\\\/vvn-bda-logo.jpg\",\"width\":827,\"height\":466},{\"@type\":\"BreadcrumbList\",\"@id\":\"https:\\\/\\\/radioleinewelle.de\\\/index.php\\\/2020\\\/10\\\/02\\\/2-kreistagsgruppe-kritisiert-nichtbefassung-der-resolution-zur-vereinigung-der-verfolgten-des-naziregimes\\\/#breadcrumb\",\"itemListElement\":[{\"@type\":\"ListItem\",\"position\":1,\"name\":\"Startseite\",\"item\":\"https:\\\/\\\/radioleinewelle.de\\\/\"},{\"@type\":\"ListItem\",\"position\":2,\"name\":\"P2+-Kreistagsgruppe kritisiert Nichtbefassung der Resolution zur Vereinigung der Verfolgten des Naziregimes\"}]},{\"@type\":\"WebSite\",\"@id\":\"https:\\\/\\\/radioleinewelle.de\\\/#website\",\"url\":\"https:\\\/\\\/radioleinewelle.de\\\/\",\"name\":\"Radio Leinewelle\",\"description\":\"\",\"publisher\":{\"@id\":\"https:\\\/\\\/radioleinewelle.de\\\/#organization\"},\"potentialAction\":[{\"@type\":\"SearchAction\",\"target\":{\"@type\":\"EntryPoint\",\"urlTemplate\":\"https:\\\/\\\/radioleinewelle.de\\\/?s={search_term_string}\"},\"query-input\":{\"@type\":\"PropertyValueSpecification\",\"valueRequired\":true,\"valueName\":\"search_term_string\"}}],\"inLanguage\":\"de\"},{\"@type\":\"Organization\",\"@id\":\"https:\\\/\\\/radioleinewelle.de\\\/#organization\",\"name\":\"Radio Leinewelle\",\"alternateName\":\"Mein Radio f\u00fcr S\u00fcdniedersachsen\",\"url\":\"https:\\\/\\\/radioleinewelle.de\\\/\",\"logo\":{\"@type\":\"ImageObject\",\"inLanguage\":\"de\",\"@id\":\"https:\\\/\\\/radioleinewelle.de\\\/#\\\/schema\\\/logo\\\/image\\\/\",\"url\":\"https:\\\/\\\/radioleinewelle.de\\\/wp-content\\\/uploads\\\/2023\\\/11\\\/cropped-Leinewelle_Logo_weiss.png\",\"contentUrl\":\"https:\\\/\\\/radioleinewelle.de\\\/wp-content\\\/uploads\\\/2023\\\/11\\\/cropped-Leinewelle_Logo_weiss.png\",\"width\":854,\"height\":260,\"caption\":\"Radio Leinewelle\"},\"image\":{\"@id\":\"https:\\\/\\\/radioleinewelle.de\\\/#\\\/schema\\\/logo\\\/image\\\/\"},\"sameAs\":[\"https:\\\/\\\/www.facebook.com\\\/radioleinewelle\",\"https:\\\/\\\/x.com\\\/RLeinewelle\",\"https:\\\/\\\/www.instagram.com\\\/radioleinewelle\\\/?hl=de\"]},{\"@type\":\"Person\",\"@id\":\"https:\\\/\\\/radioleinewelle.de\\\/#\\\/schema\\\/person\\\/45606f348637df637192dc1b68399a63\",\"name\":\"Leinewelle\",\"image\":{\"@type\":\"ImageObject\",\"inLanguage\":\"de\",\"@id\":\"https:\\\/\\\/secure.gravatar.com\\\/avatar\\\/05c9a17bc973052ee5d91549bd32fb4dd0dc85b7b85ae94b2e2b4943476bbea5?s=96&d=blank&r=g\",\"url\":\"https:\\\/\\\/secure.gravatar.com\\\/avatar\\\/05c9a17bc973052ee5d91549bd32fb4dd0dc85b7b85ae94b2e2b4943476bbea5?s=96&d=blank&r=g\",\"contentUrl\":\"https:\\\/\\\/secure.gravatar.com\\\/avatar\\\/05c9a17bc973052ee5d91549bd32fb4dd0dc85b7b85ae94b2e2b4943476bbea5?s=96&d=blank&r=g\",\"caption\":\"Leinewelle\"},\"sameAs\":[\"http:\\\/\\\/localhost\\\/radio%20leinewelle\\\/wordpress\",\"https:\\\/\\\/www.facebook.com\\\/radioleinewelle\",\"https:\\\/\\\/www.instagram.com\\\/radioleinewelle\",\"https:\\\/\\\/x.com\\\/https:\\\/\\\/twitter.com\\\/RLeinewelle?ref_src=twsrcgoogletwcampserptwgrauthor\",\"https:\\\/\\\/soundcloud.com\\\/foerderverein-lokalradio?utm_source=clipboard&utm_medium=text&utm_campaign=social_sharing\"],\"url\":\"https:\\\/\\\/radioleinewelle.de\\\/index.php\\\/author\\\/leinewelle\\\/\"}]}<\/script>\n<!-- \/ Yoast SEO plugin. -->","yoast_head_json":{"title":"P2+-Kreistagsgruppe kritisiert Nichtbefassung der Resolution zur Vereinigung der Verfolgten des Naziregimes - Radio Leinewelle","robots":{"index":"index","follow":"follow","max-snippet":"max-snippet:-1","max-image-preview":"max-image-preview:large","max-video-preview":"max-video-preview:-1"},"canonical":"https:\/\/radioleinewelle.de\/index.php\/2020\/10\/02\/2-kreistagsgruppe-kritisiert-nichtbefassung-der-resolution-zur-vereinigung-der-verfolgten-des-naziregimes\/","og_locale":"de_DE","og_type":"article","og_title":"P2+-Kreistagsgruppe kritisiert Nichtbefassung der Resolution zur Vereinigung der Verfolgten des Naziregimes - Radio Leinewelle","og_description":"Die P2+Kreistagsgruppe zeigt sich entsetzt \u00fcber den Umgang mit der Resolution zum Erhalt der Gemeinn\u00fctzigkeit der VVN BdA im Kreistag G\u00f6ttingen. Die Resolution hatte eine Stellungnahme des Kreistags zum Ziel, die sich gegen die Entscheidung des Finanzamtes, der Bundesvereinigung der Verfolgten des Naziregimes die Gemeinn\u00fctzigkeit zu entziehen, wenden sollte.\u00a0&#8222;Wir wollen, dass der Landkreis zu solchen [&hellip;]","og_url":"https:\/\/radioleinewelle.de\/index.php\/2020\/10\/02\/2-kreistagsgruppe-kritisiert-nichtbefassung-der-resolution-zur-vereinigung-der-verfolgten-des-naziregimes\/","og_site_name":"Radio Leinewelle","article_publisher":"https:\/\/www.facebook.com\/radioleinewelle","article_author":"https:\/\/www.facebook.com\/radioleinewelle","article_published_time":"2020-10-02T02:40:12+00:00","og_image":[{"width":827,"height":466,"url":"https:\/\/radioleinewelle.de\/wp-content\/uploads\/2020\/10\/vvn-bda-logo.jpg","type":"image\/jpeg"}],"author":"Leinewelle","twitter_card":"summary_large_image","twitter_creator":"@https:\/\/twitter.com\/RLeinewelle?ref_src=twsrcgoogletwcampserptwgrauthor","twitter_site":"@RLeinewelle","twitter_misc":{"Verfasst von":"Leinewelle","Gesch\u00e4tzte Lesezeit":"1\u00a0Minute"},"schema":{"@context":"https:\/\/schema.org","@graph":[{"@type":"Article","@id":"https:\/\/radioleinewelle.de\/index.php\/2020\/10\/02\/2-kreistagsgruppe-kritisiert-nichtbefassung-der-resolution-zur-vereinigung-der-verfolgten-des-naziregimes\/#article","isPartOf":{"@id":"https:\/\/radioleinewelle.de\/index.php\/2020\/10\/02\/2-kreistagsgruppe-kritisiert-nichtbefassung-der-resolution-zur-vereinigung-der-verfolgten-des-naziregimes\/"},"author":{"name":"Leinewelle","@id":"https:\/\/radioleinewelle.de\/#\/schema\/person\/45606f348637df637192dc1b68399a63"},"headline":"P2+-Kreistagsgruppe kritisiert Nichtbefassung der Resolution zur Vereinigung der Verfolgten des Naziregimes","datePublished":"2020-10-02T02:40:12+00:00","mainEntityOfPage":{"@id":"https:\/\/radioleinewelle.de\/index.php\/2020\/10\/02\/2-kreistagsgruppe-kritisiert-nichtbefassung-der-resolution-zur-vereinigung-der-verfolgten-des-naziregimes\/"},"wordCount":269,"publisher":{"@id":"https:\/\/radioleinewelle.de\/#organization"},"image":{"@id":"https:\/\/radioleinewelle.de\/index.php\/2020\/10\/02\/2-kreistagsgruppe-kritisiert-nichtbefassung-der-resolution-zur-vereinigung-der-verfolgten-des-naziregimes\/#primaryimage"},"thumbnailUrl":"https:\/\/radioleinewelle.de\/wp-content\/uploads\/2020\/10\/vvn-bda-logo.jpg","articleSection":["Lokalpolitik"],"inLanguage":"de"},{"@type":"WebPage","@id":"https:\/\/radioleinewelle.de\/index.php\/2020\/10\/02\/2-kreistagsgruppe-kritisiert-nichtbefassung-der-resolution-zur-vereinigung-der-verfolgten-des-naziregimes\/","url":"https:\/\/radioleinewelle.de\/index.php\/2020\/10\/02\/2-kreistagsgruppe-kritisiert-nichtbefassung-der-resolution-zur-vereinigung-der-verfolgten-des-naziregimes\/","name":"P2+-Kreistagsgruppe kritisiert Nichtbefassung der Resolution zur Vereinigung der Verfolgten des Naziregimes - Radio Leinewelle","isPartOf":{"@id":"https:\/\/radioleinewelle.de\/#website"},"primaryImageOfPage":{"@id":"https:\/\/radioleinewelle.de\/index.php\/2020\/10\/02\/2-kreistagsgruppe-kritisiert-nichtbefassung-der-resolution-zur-vereinigung-der-verfolgten-des-naziregimes\/#primaryimage"},"image":{"@id":"https:\/\/radioleinewelle.de\/index.php\/2020\/10\/02\/2-kreistagsgruppe-kritisiert-nichtbefassung-der-resolution-zur-vereinigung-der-verfolgten-des-naziregimes\/#primaryimage"},"thumbnailUrl":"https:\/\/radioleinewelle.de\/wp-content\/uploads\/2020\/10\/vvn-bda-logo.jpg","datePublished":"2020-10-02T02:40:12+00:00","breadcrumb":{"@id":"https:\/\/radioleinewelle.de\/index.php\/2020\/10\/02\/2-kreistagsgruppe-kritisiert-nichtbefassung-der-resolution-zur-vereinigung-der-verfolgten-des-naziregimes\/#breadcrumb"},"inLanguage":"de","potentialAction":[{"@type":"ReadAction","target":["https:\/\/radioleinewelle.de\/index.php\/2020\/10\/02\/2-kreistagsgruppe-kritisiert-nichtbefassung-der-resolution-zur-vereinigung-der-verfolgten-des-naziregimes\/"]}]},{"@type":"ImageObject","inLanguage":"de","@id":"https:\/\/radioleinewelle.de\/index.php\/2020\/10\/02\/2-kreistagsgruppe-kritisiert-nichtbefassung-der-resolution-zur-vereinigung-der-verfolgten-des-naziregimes\/#primaryimage","url":"https:\/\/radioleinewelle.de\/wp-content\/uploads\/2020\/10\/vvn-bda-logo.jpg","contentUrl":"https:\/\/radioleinewelle.de\/wp-content\/uploads\/2020\/10\/vvn-bda-logo.jpg","width":827,"height":466},{"@type":"BreadcrumbList","@id":"https:\/\/radioleinewelle.de\/index.php\/2020\/10\/02\/2-kreistagsgruppe-kritisiert-nichtbefassung-der-resolution-zur-vereinigung-der-verfolgten-des-naziregimes\/#breadcrumb","itemListElement":[{"@type":"ListItem","position":1,"name":"Startseite","item":"https:\/\/radioleinewelle.de\/"},{"@type":"ListItem","position":2,"name":"P2+-Kreistagsgruppe kritisiert Nichtbefassung der Resolution zur Vereinigung der Verfolgten des Naziregimes"}]},{"@type":"WebSite","@id":"https:\/\/radioleinewelle.de\/#website","url":"https:\/\/radioleinewelle.de\/","name":"Radio Leinewelle","description":"","publisher":{"@id":"https:\/\/radioleinewelle.de\/#organization"},"potentialAction":[{"@type":"SearchAction","target":{"@type":"EntryPoint","urlTemplate":"https:\/\/radioleinewelle.de\/?s={search_term_string}"},"query-input":{"@type":"PropertyValueSpecification","valueRequired":true,"valueName":"search_term_string"}}],"inLanguage":"de"},{"@type":"Organization","@id":"https:\/\/radioleinewelle.de\/#organization","name":"Radio Leinewelle","alternateName":"Mein Radio f\u00fcr S\u00fcdniedersachsen","url":"https:\/\/radioleinewelle.de\/","logo":{"@type":"ImageObject","inLanguage":"de","@id":"https:\/\/radioleinewelle.de\/#\/schema\/logo\/image\/","url":"https:\/\/radioleinewelle.de\/wp-content\/uploads\/2023\/11\/cropped-Leinewelle_Logo_weiss.png","contentUrl":"https:\/\/radioleinewelle.de\/wp-content\/uploads\/2023\/11\/cropped-Leinewelle_Logo_weiss.png","width":854,"height":260,"caption":"Radio Leinewelle"},"image":{"@id":"https:\/\/radioleinewelle.de\/#\/schema\/logo\/image\/"},"sameAs":["https:\/\/www.facebook.com\/radioleinewelle","https:\/\/x.com\/RLeinewelle","https:\/\/www.instagram.com\/radioleinewelle\/?hl=de"]},{"@type":"Person","@id":"https:\/\/radioleinewelle.de\/#\/schema\/person\/45606f348637df637192dc1b68399a63","name":"Leinewelle","image":{"@type":"ImageObject","inLanguage":"de","@id":"https:\/\/secure.gravatar.com\/avatar\/05c9a17bc973052ee5d91549bd32fb4dd0dc85b7b85ae94b2e2b4943476bbea5?s=96&d=blank&r=g","url":"https:\/\/secure.gravatar.com\/avatar\/05c9a17bc973052ee5d91549bd32fb4dd0dc85b7b85ae94b2e2b4943476bbea5?s=96&d=blank&r=g","contentUrl":"https:\/\/secure.gravatar.com\/avatar\/05c9a17bc973052ee5d91549bd32fb4dd0dc85b7b85ae94b2e2b4943476bbea5?s=96&d=blank&r=g","caption":"Leinewelle"},"sameAs":["http:\/\/localhost\/radio%20leinewelle\/wordpress","https:\/\/www.facebook.com\/radioleinewelle","https:\/\/www.instagram.com\/radioleinewelle","https:\/\/x.com\/https:\/\/twitter.com\/RLeinewelle?ref_src=twsrcgoogletwcampserptwgrauthor","https:\/\/soundcloud.com\/foerderverein-lokalradio?utm_source=clipboard&utm_medium=text&utm_campaign=social_sharing"],"url":"https:\/\/radioleinewelle.de\/index.php\/author\/leinewelle\/"}]}},"_links":{"self":[{"href":"https:\/\/radioleinewelle.de\/index.php\/wp-json\/wp\/v2\/posts\/2002","targetHints":{"allow":["GET"]}}],"collection":[{"href":"https:\/\/radioleinewelle.de\/index.php\/wp-json\/wp\/v2\/posts"}],"about":[{"href":"https:\/\/radioleinewelle.de\/index.php\/wp-json\/wp\/v2\/types\/post"}],"author":[{"embeddable":true,"href":"https:\/\/radioleinewelle.de\/index.php\/wp-json\/wp\/v2\/users\/1"}],"replies":[{"embeddable":true,"href":"https:\/\/radioleinewelle.de\/index.php\/wp-json\/wp\/v2\/comments?post=2002"}],"version-history":[{"count":0,"href":"https:\/\/radioleinewelle.de\/index.php\/wp-json\/wp\/v2\/posts\/2002\/revisions"}],"wp:featuredmedia":[{"embeddable":true,"href":"https:\/\/radioleinewelle.de\/index.php\/wp-json\/wp\/v2\/media\/2004"}],"wp:attachment":[{"href":"https:\/\/radioleinewelle.de\/index.php\/wp-json\/wp\/v2\/media?parent=2002"}],"wp:term":[{"taxonomy":"category","embeddable":true,"href":"https:\/\/radioleinewelle.de\/index.php\/wp-json\/wp\/v2\/categories?post=2002"},{"taxonomy":"post_tag","embeddable":true,"href":"https:\/\/radioleinewelle.de\/index.php\/wp-json\/wp\/v2\/tags?post=2002"}],"curies":[{"name":"wp","href":"https:\/\/api.w.org\/{rel}","templated":true}]}}