{"id":2021,"date":"2020-10-02T08:46:49","date_gmt":"2020-10-02T06:46:49","guid":{"rendered":"https:\/\/radioleinewelle.de\/?p=2021"},"modified":"2020-10-02T08:46:49","modified_gmt":"2020-10-02T06:46:49","slug":"beschaeftigte-im-gesundheitswesen-zeigen-gesicht-bei-der-konferenz-der-gesundheitsminister","status":"publish","type":"post","link":"https:\/\/radioleinewelle.de\/index.php\/2020\/10\/02\/beschaeftigte-im-gesundheitswesen-zeigen-gesicht-bei-der-konferenz-der-gesundheitsminister\/","title":{"rendered":"Besch\u00e4ftigte im Gesundheitswesen zeigen Gesicht bei der Konferenz der Gesundheitsminister"},"content":{"rendered":"<p>Mit einer besonderen Protestaktion haben 300 Besch\u00e4ftigte aus Krankenh\u00e4usern und Altenpflegeeinrichtungen am Mittwoch (30. September) bei der Gesundheitsministerkonferenz in Berlin auf ihre Anliegen aufmerksam gemacht. 12.500 Klinikbesch\u00e4ftigte aus ganz Deutschland waren mit einer Foto-Demonstration virtuell in Berlin pr\u00e4sent &#8211; gedruckt auf 30 Transparenten, mit denen einige hundert Besch\u00e4ftigte vor Ort ein Spalier f\u00fcr die Gesundheitsminister aus Bund und L\u00e4ndern bildeten. &#8222;Auch in der Corona-Pandemie machen die Besch\u00e4ftigten im Gesundheitswesen ihre Forderungen sichtbar und handeln gemeinsam. Mit der ersten bundesweiten Foto-Demonstration haben wir einen kreativen Weg gefunden, den Protest corona-gerecht auf die Stra\u00dfe zu tragen&#8220;, erkl\u00e4rte Sylvia B\u00fchler, die im ver.di-Bundesvorstand f\u00fcr das Gesundheitswesen zust\u00e4ndig ist. &#8222;Die Kolleginnen und Kollegen haben so deutlich gemacht, was sie von den verantwortlichen Politikern erwarten: dass sie die Lehren aus den Erfahrungen w\u00e4hrend der Pandemie ziehen und das Gesundheitswesen fit machen f\u00fcr die Zukunft.&#8220;<\/p>\n<p>Zentral hierf\u00fcr seien bedarfsgerechte Personalvorgaben. Grunds\u00e4tzlich und gerade in Zeiten der Pandemie gilt: Krankenh\u00e4user und Pflegeeinrichtungen brauchen genug Personal, um die Menschen gut und sicher zu versorgen&#8220;, betonte B\u00fchler. Doch immer noch gebe es keine gesetzlichen Standards, die eine bedarfsgerechte Versorgung gew\u00e4hrleisteten. &#8222;Das muss sich dringend \u00e4ndern. Der erste Schritt ist, dass die Bundesregierung die PPR 2.0 endlich auf den Weg bringt.&#8220; Gemeinsam mit der Deutschen Krankenhausgesellschaft und dem Deutschen Pflegerat hatte ver.di bereits im Januar mit der PPR 2.0 ein Instrument zur Personalbemessung in der Krankenhauspflege vorgelegt.<\/p>\n<p><img loading=\"lazy\" decoding=\"async\" class=\"alignnone wp-image-2022\" src=\"https:\/\/radioleinewelle.de\/wp-content\/uploads\/2020\/10\/20200930_RK_-733.jpg\" alt=\"20200930_RK_-733\" width=\"614\" height=\"345\" \/><br \/>\nProtest bei der Gesundheitsministerkonferenz am 30.09.2020 in Berlin: Bundesgesundheitsminister Spahn kommt Fotos: \u00aeRenate Ko\u00dfmann<\/p>\n<p>Die zweite zentrale Forderung der Foto-Demonstration ist eine bedarfsgerechte Finanzierung der Krankenh\u00e4user. &#8222;Das System der Fallpauschalen (DRG) setzt die falschen Anreize&#8220;, kritisierte B\u00fchler. &#8222;Ein drastischer Anstieg der Fallzahlen und Stellenstreichungen beim Personal passen nicht zusammen. \u00dcberlastung der Besch\u00e4ftigten und eine schlechtere Versorgung der Patienten sind die Folgen.&#8220; Zudem fordern die Besch\u00e4ftigten und ihre Gewerkschaft ver.di, dass keine T\u00e4tigkeiten aus den Krankenh\u00e4usern mehr outgesourct und ausgegliederte Bereiche zur\u00fcckgef\u00fchrt werden. Die Zergliederung der Betriebe in etliche Tochtergesellschaften f\u00fchre zu Reibungsverlusten, die sich in der Versorgungsqualit\u00e4t niederschlagen. &#8222;Ob in der Reinigung, in den Laboren oder anderswo &#8211; alle Besch\u00e4ftigte sind f\u00fcr eine funktionierende Krankenhausversorgung wichtig. Sie alle m\u00fcssen zu guten und einheitlichen, tariflich abgesicherten Bedingungen angestellt sein&#8220;, erkl\u00e4rte B\u00fchler.<\/p>\n<p>Deutliche Verbesserungen seien auch in der Altenpflege n\u00f6tig, f\u00fcr die ver.di unter anderem eine bedarfsorientierte, bundeseinheitliche Personalbemessung einfordert. Die Forderungen der Besch\u00e4ftigten wurden Bundesgesundheitsminister Jens Spahn (CDU) und der Vorsitzenden der Gesundheitsministerkonferenz, der Berliner Gesundheitssenatorin Dilek Kalayci (SPD), bei der Kundgebung am Tagungsort am Kurf\u00fcrstendamm in Berlin \u00fcbergeben.<\/p>\n<p><a href=\"https:\/\/gesundheit-soziales.verdi.de\/++co++8c989428-034c-11eb-a7af-001a4a160119\">Mehr Infos zum Protest <\/a><\/p>\n","protected":false},"excerpt":{"rendered":"<p>Mit einer besonderen Protestaktion haben 300 Besch\u00e4ftigte aus Krankenh\u00e4usern und Altenpflegeeinrichtungen am Mittwoch (30. September) bei der Gesundheitsministerkonferenz in Berlin auf ihre Anliegen aufmerksam gemacht. 12.500 Klinikbesch\u00e4ftigte aus ganz Deutschland waren mit einer Foto-Demonstration virtuell in Berlin pr\u00e4sent &#8211; gedruckt auf 30 Transparenten, mit denen einige hundert Besch\u00e4ftigte vor Ort ein Spalier f\u00fcr die Gesundheitsminister [&hellip;]<\/p>\n","protected":false},"author":1,"featured_media":0,"comment_status":"closed","ping_status":"closed","sticky":false,"template":"","format":"standard","meta":{"saved_in_kubio":false,"footnotes":""},"categories":[1],"tags":[],"class_list":["post-2021","post","type-post","status-publish","format-standard","hentry","category-allgemein"],"yoast_head":"<!-- This site is optimized with the Yoast SEO plugin v27.5 - https:\/\/yoast.com\/product\/yoast-seo-wordpress\/ -->\n<title>Besch\u00e4ftigte im Gesundheitswesen zeigen Gesicht bei der Konferenz der Gesundheitsminister - Radio Leinewelle<\/title>\n<meta name=\"robots\" content=\"index, follow, max-snippet:-1, max-image-preview:large, max-video-preview:-1\" \/>\n<link rel=\"canonical\" href=\"https:\/\/radioleinewelle.de\/index.php\/2020\/10\/02\/beschaeftigte-im-gesundheitswesen-zeigen-gesicht-bei-der-konferenz-der-gesundheitsminister\/\" \/>\n<meta property=\"og:locale\" content=\"de_DE\" \/>\n<meta property=\"og:type\" content=\"article\" \/>\n<meta property=\"og:title\" content=\"Besch\u00e4ftigte im Gesundheitswesen zeigen Gesicht bei der Konferenz der Gesundheitsminister - Radio Leinewelle\" \/>\n<meta property=\"og:description\" content=\"Mit einer besonderen Protestaktion haben 300 Besch\u00e4ftigte aus Krankenh\u00e4usern und Altenpflegeeinrichtungen am Mittwoch (30. September) bei der Gesundheitsministerkonferenz in Berlin auf ihre Anliegen aufmerksam gemacht. 12.500 Klinikbesch\u00e4ftigte aus ganz Deutschland waren mit einer Foto-Demonstration virtuell in Berlin pr\u00e4sent &#8211; gedruckt auf 30 Transparenten, mit denen einige hundert Besch\u00e4ftigte vor Ort ein Spalier f\u00fcr die Gesundheitsminister [&hellip;]\" \/>\n<meta property=\"og:url\" content=\"https:\/\/radioleinewelle.de\/index.php\/2020\/10\/02\/beschaeftigte-im-gesundheitswesen-zeigen-gesicht-bei-der-konferenz-der-gesundheitsminister\/\" \/>\n<meta property=\"og:site_name\" content=\"Radio Leinewelle\" \/>\n<meta property=\"article:publisher\" content=\"https:\/\/www.facebook.com\/radioleinewelle\" \/>\n<meta property=\"article:author\" content=\"https:\/\/www.facebook.com\/radioleinewelle\" \/>\n<meta property=\"article:published_time\" content=\"2020-10-02T06:46:49+00:00\" \/>\n<meta property=\"og:image\" content=\"https:\/\/radioleinewelle.de\/wp-content\/uploads\/2020\/10\/20200930_RK_-733.jpg\" \/>\n<meta name=\"author\" content=\"Leinewelle\" \/>\n<meta name=\"twitter:card\" content=\"summary_large_image\" \/>\n<meta name=\"twitter:creator\" content=\"@https:\/\/twitter.com\/RLeinewelle?ref_src=twsrcgoogletwcampserptwgrauthor\" \/>\n<meta name=\"twitter:site\" content=\"@RLeinewelle\" \/>\n<meta name=\"twitter:label1\" content=\"Verfasst von\" \/>\n\t<meta name=\"twitter:data1\" content=\"Leinewelle\" \/>\n\t<meta name=\"twitter:label2\" content=\"Gesch\u00e4tzte Lesezeit\" \/>\n\t<meta name=\"twitter:data2\" content=\"2\u00a0Minuten\" \/>\n<script type=\"application\/ld+json\" class=\"yoast-schema-graph\">{\"@context\":\"https:\\\/\\\/schema.org\",\"@graph\":[{\"@type\":\"Article\",\"@id\":\"https:\\\/\\\/radioleinewelle.de\\\/index.php\\\/2020\\\/10\\\/02\\\/beschaeftigte-im-gesundheitswesen-zeigen-gesicht-bei-der-konferenz-der-gesundheitsminister\\\/#article\",\"isPartOf\":{\"@id\":\"https:\\\/\\\/radioleinewelle.de\\\/index.php\\\/2020\\\/10\\\/02\\\/beschaeftigte-im-gesundheitswesen-zeigen-gesicht-bei-der-konferenz-der-gesundheitsminister\\\/\"},\"author\":{\"name\":\"Leinewelle\",\"@id\":\"https:\\\/\\\/radioleinewelle.de\\\/#\\\/schema\\\/person\\\/45606f348637df637192dc1b68399a63\"},\"headline\":\"Besch\u00e4ftigte im Gesundheitswesen zeigen Gesicht bei der Konferenz der Gesundheitsminister\",\"datePublished\":\"2020-10-02T06:46:49+00:00\",\"mainEntityOfPage\":{\"@id\":\"https:\\\/\\\/radioleinewelle.de\\\/index.php\\\/2020\\\/10\\\/02\\\/beschaeftigte-im-gesundheitswesen-zeigen-gesicht-bei-der-konferenz-der-gesundheitsminister\\\/\"},\"wordCount\":457,\"publisher\":{\"@id\":\"https:\\\/\\\/radioleinewelle.de\\\/#organization\"},\"image\":{\"@id\":\"https:\\\/\\\/radioleinewelle.de\\\/index.php\\\/2020\\\/10\\\/02\\\/beschaeftigte-im-gesundheitswesen-zeigen-gesicht-bei-der-konferenz-der-gesundheitsminister\\\/#primaryimage\"},\"thumbnailUrl\":\"https:\\\/\\\/radioleinewelle.de\\\/wp-content\\\/uploads\\\/2020\\\/10\\\/20200930_RK_-733.jpg\",\"inLanguage\":\"de\"},{\"@type\":\"WebPage\",\"@id\":\"https:\\\/\\\/radioleinewelle.de\\\/index.php\\\/2020\\\/10\\\/02\\\/beschaeftigte-im-gesundheitswesen-zeigen-gesicht-bei-der-konferenz-der-gesundheitsminister\\\/\",\"url\":\"https:\\\/\\\/radioleinewelle.de\\\/index.php\\\/2020\\\/10\\\/02\\\/beschaeftigte-im-gesundheitswesen-zeigen-gesicht-bei-der-konferenz-der-gesundheitsminister\\\/\",\"name\":\"Besch\u00e4ftigte im Gesundheitswesen zeigen Gesicht bei der Konferenz der Gesundheitsminister - Radio Leinewelle\",\"isPartOf\":{\"@id\":\"https:\\\/\\\/radioleinewelle.de\\\/#website\"},\"primaryImageOfPage\":{\"@id\":\"https:\\\/\\\/radioleinewelle.de\\\/index.php\\\/2020\\\/10\\\/02\\\/beschaeftigte-im-gesundheitswesen-zeigen-gesicht-bei-der-konferenz-der-gesundheitsminister\\\/#primaryimage\"},\"image\":{\"@id\":\"https:\\\/\\\/radioleinewelle.de\\\/index.php\\\/2020\\\/10\\\/02\\\/beschaeftigte-im-gesundheitswesen-zeigen-gesicht-bei-der-konferenz-der-gesundheitsminister\\\/#primaryimage\"},\"thumbnailUrl\":\"https:\\\/\\\/radioleinewelle.de\\\/wp-content\\\/uploads\\\/2020\\\/10\\\/20200930_RK_-733.jpg\",\"datePublished\":\"2020-10-02T06:46:49+00:00\",\"breadcrumb\":{\"@id\":\"https:\\\/\\\/radioleinewelle.de\\\/index.php\\\/2020\\\/10\\\/02\\\/beschaeftigte-im-gesundheitswesen-zeigen-gesicht-bei-der-konferenz-der-gesundheitsminister\\\/#breadcrumb\"},\"inLanguage\":\"de\",\"potentialAction\":[{\"@type\":\"ReadAction\",\"target\":[\"https:\\\/\\\/radioleinewelle.de\\\/index.php\\\/2020\\\/10\\\/02\\\/beschaeftigte-im-gesundheitswesen-zeigen-gesicht-bei-der-konferenz-der-gesundheitsminister\\\/\"]}]},{\"@type\":\"ImageObject\",\"inLanguage\":\"de\",\"@id\":\"https:\\\/\\\/radioleinewelle.de\\\/index.php\\\/2020\\\/10\\\/02\\\/beschaeftigte-im-gesundheitswesen-zeigen-gesicht-bei-der-konferenz-der-gesundheitsminister\\\/#primaryimage\",\"url\":\"https:\\\/\\\/radioleinewelle.de\\\/wp-content\\\/uploads\\\/2020\\\/10\\\/20200930_RK_-733.jpg\",\"contentUrl\":\"https:\\\/\\\/radioleinewelle.de\\\/wp-content\\\/uploads\\\/2020\\\/10\\\/20200930_RK_-733.jpg\"},{\"@type\":\"BreadcrumbList\",\"@id\":\"https:\\\/\\\/radioleinewelle.de\\\/index.php\\\/2020\\\/10\\\/02\\\/beschaeftigte-im-gesundheitswesen-zeigen-gesicht-bei-der-konferenz-der-gesundheitsminister\\\/#breadcrumb\",\"itemListElement\":[{\"@type\":\"ListItem\",\"position\":1,\"name\":\"Startseite\",\"item\":\"https:\\\/\\\/radioleinewelle.de\\\/\"},{\"@type\":\"ListItem\",\"position\":2,\"name\":\"Besch\u00e4ftigte im Gesundheitswesen zeigen Gesicht bei der Konferenz der Gesundheitsminister\"}]},{\"@type\":\"WebSite\",\"@id\":\"https:\\\/\\\/radioleinewelle.de\\\/#website\",\"url\":\"https:\\\/\\\/radioleinewelle.de\\\/\",\"name\":\"Radio Leinewelle\",\"description\":\"\",\"publisher\":{\"@id\":\"https:\\\/\\\/radioleinewelle.de\\\/#organization\"},\"potentialAction\":[{\"@type\":\"SearchAction\",\"target\":{\"@type\":\"EntryPoint\",\"urlTemplate\":\"https:\\\/\\\/radioleinewelle.de\\\/?s={search_term_string}\"},\"query-input\":{\"@type\":\"PropertyValueSpecification\",\"valueRequired\":true,\"valueName\":\"search_term_string\"}}],\"inLanguage\":\"de\"},{\"@type\":\"Organization\",\"@id\":\"https:\\\/\\\/radioleinewelle.de\\\/#organization\",\"name\":\"Radio Leinewelle\",\"alternateName\":\"Mein Radio f\u00fcr S\u00fcdniedersachsen\",\"url\":\"https:\\\/\\\/radioleinewelle.de\\\/\",\"logo\":{\"@type\":\"ImageObject\",\"inLanguage\":\"de\",\"@id\":\"https:\\\/\\\/radioleinewelle.de\\\/#\\\/schema\\\/logo\\\/image\\\/\",\"url\":\"https:\\\/\\\/radioleinewelle.de\\\/wp-content\\\/uploads\\\/2023\\\/11\\\/cropped-Leinewelle_Logo_weiss.png\",\"contentUrl\":\"https:\\\/\\\/radioleinewelle.de\\\/wp-content\\\/uploads\\\/2023\\\/11\\\/cropped-Leinewelle_Logo_weiss.png\",\"width\":854,\"height\":260,\"caption\":\"Radio Leinewelle\"},\"image\":{\"@id\":\"https:\\\/\\\/radioleinewelle.de\\\/#\\\/schema\\\/logo\\\/image\\\/\"},\"sameAs\":[\"https:\\\/\\\/www.facebook.com\\\/radioleinewelle\",\"https:\\\/\\\/x.com\\\/RLeinewelle\",\"https:\\\/\\\/www.instagram.com\\\/radioleinewelle\\\/?hl=de\"]},{\"@type\":\"Person\",\"@id\":\"https:\\\/\\\/radioleinewelle.de\\\/#\\\/schema\\\/person\\\/45606f348637df637192dc1b68399a63\",\"name\":\"Leinewelle\",\"image\":{\"@type\":\"ImageObject\",\"inLanguage\":\"de\",\"@id\":\"https:\\\/\\\/secure.gravatar.com\\\/avatar\\\/05c9a17bc973052ee5d91549bd32fb4dd0dc85b7b85ae94b2e2b4943476bbea5?s=96&d=blank&r=g\",\"url\":\"https:\\\/\\\/secure.gravatar.com\\\/avatar\\\/05c9a17bc973052ee5d91549bd32fb4dd0dc85b7b85ae94b2e2b4943476bbea5?s=96&d=blank&r=g\",\"contentUrl\":\"https:\\\/\\\/secure.gravatar.com\\\/avatar\\\/05c9a17bc973052ee5d91549bd32fb4dd0dc85b7b85ae94b2e2b4943476bbea5?s=96&d=blank&r=g\",\"caption\":\"Leinewelle\"},\"sameAs\":[\"http:\\\/\\\/localhost\\\/radio%20leinewelle\\\/wordpress\",\"https:\\\/\\\/www.facebook.com\\\/radioleinewelle\",\"https:\\\/\\\/www.instagram.com\\\/radioleinewelle\",\"https:\\\/\\\/x.com\\\/https:\\\/\\\/twitter.com\\\/RLeinewelle?ref_src=twsrcgoogletwcampserptwgrauthor\",\"https:\\\/\\\/soundcloud.com\\\/foerderverein-lokalradio?utm_source=clipboard&utm_medium=text&utm_campaign=social_sharing\"],\"url\":\"https:\\\/\\\/radioleinewelle.de\\\/index.php\\\/author\\\/leinewelle\\\/\"}]}<\/script>\n<!-- \/ Yoast SEO plugin. -->","yoast_head_json":{"title":"Besch\u00e4ftigte im Gesundheitswesen zeigen Gesicht bei der Konferenz der Gesundheitsminister - Radio Leinewelle","robots":{"index":"index","follow":"follow","max-snippet":"max-snippet:-1","max-image-preview":"max-image-preview:large","max-video-preview":"max-video-preview:-1"},"canonical":"https:\/\/radioleinewelle.de\/index.php\/2020\/10\/02\/beschaeftigte-im-gesundheitswesen-zeigen-gesicht-bei-der-konferenz-der-gesundheitsminister\/","og_locale":"de_DE","og_type":"article","og_title":"Besch\u00e4ftigte im Gesundheitswesen zeigen Gesicht bei der Konferenz der Gesundheitsminister - Radio Leinewelle","og_description":"Mit einer besonderen Protestaktion haben 300 Besch\u00e4ftigte aus Krankenh\u00e4usern und Altenpflegeeinrichtungen am Mittwoch (30. September) bei der Gesundheitsministerkonferenz in Berlin auf ihre Anliegen aufmerksam gemacht. 12.500 Klinikbesch\u00e4ftigte aus ganz Deutschland waren mit einer Foto-Demonstration virtuell in Berlin pr\u00e4sent &#8211; gedruckt auf 30 Transparenten, mit denen einige hundert Besch\u00e4ftigte vor Ort ein Spalier f\u00fcr die Gesundheitsminister [&hellip;]","og_url":"https:\/\/radioleinewelle.de\/index.php\/2020\/10\/02\/beschaeftigte-im-gesundheitswesen-zeigen-gesicht-bei-der-konferenz-der-gesundheitsminister\/","og_site_name":"Radio Leinewelle","article_publisher":"https:\/\/www.facebook.com\/radioleinewelle","article_author":"https:\/\/www.facebook.com\/radioleinewelle","article_published_time":"2020-10-02T06:46:49+00:00","og_image":[{"url":"https:\/\/radioleinewelle.de\/wp-content\/uploads\/2020\/10\/20200930_RK_-733.jpg","type":"","width":"","height":""}],"author":"Leinewelle","twitter_card":"summary_large_image","twitter_creator":"@https:\/\/twitter.com\/RLeinewelle?ref_src=twsrcgoogletwcampserptwgrauthor","twitter_site":"@RLeinewelle","twitter_misc":{"Verfasst von":"Leinewelle","Gesch\u00e4tzte Lesezeit":"2\u00a0Minuten"},"schema":{"@context":"https:\/\/schema.org","@graph":[{"@type":"Article","@id":"https:\/\/radioleinewelle.de\/index.php\/2020\/10\/02\/beschaeftigte-im-gesundheitswesen-zeigen-gesicht-bei-der-konferenz-der-gesundheitsminister\/#article","isPartOf":{"@id":"https:\/\/radioleinewelle.de\/index.php\/2020\/10\/02\/beschaeftigte-im-gesundheitswesen-zeigen-gesicht-bei-der-konferenz-der-gesundheitsminister\/"},"author":{"name":"Leinewelle","@id":"https:\/\/radioleinewelle.de\/#\/schema\/person\/45606f348637df637192dc1b68399a63"},"headline":"Besch\u00e4ftigte im Gesundheitswesen zeigen Gesicht bei der Konferenz der Gesundheitsminister","datePublished":"2020-10-02T06:46:49+00:00","mainEntityOfPage":{"@id":"https:\/\/radioleinewelle.de\/index.php\/2020\/10\/02\/beschaeftigte-im-gesundheitswesen-zeigen-gesicht-bei-der-konferenz-der-gesundheitsminister\/"},"wordCount":457,"publisher":{"@id":"https:\/\/radioleinewelle.de\/#organization"},"image":{"@id":"https:\/\/radioleinewelle.de\/index.php\/2020\/10\/02\/beschaeftigte-im-gesundheitswesen-zeigen-gesicht-bei-der-konferenz-der-gesundheitsminister\/#primaryimage"},"thumbnailUrl":"https:\/\/radioleinewelle.de\/wp-content\/uploads\/2020\/10\/20200930_RK_-733.jpg","inLanguage":"de"},{"@type":"WebPage","@id":"https:\/\/radioleinewelle.de\/index.php\/2020\/10\/02\/beschaeftigte-im-gesundheitswesen-zeigen-gesicht-bei-der-konferenz-der-gesundheitsminister\/","url":"https:\/\/radioleinewelle.de\/index.php\/2020\/10\/02\/beschaeftigte-im-gesundheitswesen-zeigen-gesicht-bei-der-konferenz-der-gesundheitsminister\/","name":"Besch\u00e4ftigte im Gesundheitswesen zeigen Gesicht bei der Konferenz der Gesundheitsminister - Radio Leinewelle","isPartOf":{"@id":"https:\/\/radioleinewelle.de\/#website"},"primaryImageOfPage":{"@id":"https:\/\/radioleinewelle.de\/index.php\/2020\/10\/02\/beschaeftigte-im-gesundheitswesen-zeigen-gesicht-bei-der-konferenz-der-gesundheitsminister\/#primaryimage"},"image":{"@id":"https:\/\/radioleinewelle.de\/index.php\/2020\/10\/02\/beschaeftigte-im-gesundheitswesen-zeigen-gesicht-bei-der-konferenz-der-gesundheitsminister\/#primaryimage"},"thumbnailUrl":"https:\/\/radioleinewelle.de\/wp-content\/uploads\/2020\/10\/20200930_RK_-733.jpg","datePublished":"2020-10-02T06:46:49+00:00","breadcrumb":{"@id":"https:\/\/radioleinewelle.de\/index.php\/2020\/10\/02\/beschaeftigte-im-gesundheitswesen-zeigen-gesicht-bei-der-konferenz-der-gesundheitsminister\/#breadcrumb"},"inLanguage":"de","potentialAction":[{"@type":"ReadAction","target":["https:\/\/radioleinewelle.de\/index.php\/2020\/10\/02\/beschaeftigte-im-gesundheitswesen-zeigen-gesicht-bei-der-konferenz-der-gesundheitsminister\/"]}]},{"@type":"ImageObject","inLanguage":"de","@id":"https:\/\/radioleinewelle.de\/index.php\/2020\/10\/02\/beschaeftigte-im-gesundheitswesen-zeigen-gesicht-bei-der-konferenz-der-gesundheitsminister\/#primaryimage","url":"https:\/\/radioleinewelle.de\/wp-content\/uploads\/2020\/10\/20200930_RK_-733.jpg","contentUrl":"https:\/\/radioleinewelle.de\/wp-content\/uploads\/2020\/10\/20200930_RK_-733.jpg"},{"@type":"BreadcrumbList","@id":"https:\/\/radioleinewelle.de\/index.php\/2020\/10\/02\/beschaeftigte-im-gesundheitswesen-zeigen-gesicht-bei-der-konferenz-der-gesundheitsminister\/#breadcrumb","itemListElement":[{"@type":"ListItem","position":1,"name":"Startseite","item":"https:\/\/radioleinewelle.de\/"},{"@type":"ListItem","position":2,"name":"Besch\u00e4ftigte im Gesundheitswesen zeigen Gesicht bei der Konferenz der Gesundheitsminister"}]},{"@type":"WebSite","@id":"https:\/\/radioleinewelle.de\/#website","url":"https:\/\/radioleinewelle.de\/","name":"Radio Leinewelle","description":"","publisher":{"@id":"https:\/\/radioleinewelle.de\/#organization"},"potentialAction":[{"@type":"SearchAction","target":{"@type":"EntryPoint","urlTemplate":"https:\/\/radioleinewelle.de\/?s={search_term_string}"},"query-input":{"@type":"PropertyValueSpecification","valueRequired":true,"valueName":"search_term_string"}}],"inLanguage":"de"},{"@type":"Organization","@id":"https:\/\/radioleinewelle.de\/#organization","name":"Radio Leinewelle","alternateName":"Mein Radio f\u00fcr S\u00fcdniedersachsen","url":"https:\/\/radioleinewelle.de\/","logo":{"@type":"ImageObject","inLanguage":"de","@id":"https:\/\/radioleinewelle.de\/#\/schema\/logo\/image\/","url":"https:\/\/radioleinewelle.de\/wp-content\/uploads\/2023\/11\/cropped-Leinewelle_Logo_weiss.png","contentUrl":"https:\/\/radioleinewelle.de\/wp-content\/uploads\/2023\/11\/cropped-Leinewelle_Logo_weiss.png","width":854,"height":260,"caption":"Radio Leinewelle"},"image":{"@id":"https:\/\/radioleinewelle.de\/#\/schema\/logo\/image\/"},"sameAs":["https:\/\/www.facebook.com\/radioleinewelle","https:\/\/x.com\/RLeinewelle","https:\/\/www.instagram.com\/radioleinewelle\/?hl=de"]},{"@type":"Person","@id":"https:\/\/radioleinewelle.de\/#\/schema\/person\/45606f348637df637192dc1b68399a63","name":"Leinewelle","image":{"@type":"ImageObject","inLanguage":"de","@id":"https:\/\/secure.gravatar.com\/avatar\/05c9a17bc973052ee5d91549bd32fb4dd0dc85b7b85ae94b2e2b4943476bbea5?s=96&d=blank&r=g","url":"https:\/\/secure.gravatar.com\/avatar\/05c9a17bc973052ee5d91549bd32fb4dd0dc85b7b85ae94b2e2b4943476bbea5?s=96&d=blank&r=g","contentUrl":"https:\/\/secure.gravatar.com\/avatar\/05c9a17bc973052ee5d91549bd32fb4dd0dc85b7b85ae94b2e2b4943476bbea5?s=96&d=blank&r=g","caption":"Leinewelle"},"sameAs":["http:\/\/localhost\/radio%20leinewelle\/wordpress","https:\/\/www.facebook.com\/radioleinewelle","https:\/\/www.instagram.com\/radioleinewelle","https:\/\/x.com\/https:\/\/twitter.com\/RLeinewelle?ref_src=twsrcgoogletwcampserptwgrauthor","https:\/\/soundcloud.com\/foerderverein-lokalradio?utm_source=clipboard&utm_medium=text&utm_campaign=social_sharing"],"url":"https:\/\/radioleinewelle.de\/index.php\/author\/leinewelle\/"}]}},"_links":{"self":[{"href":"https:\/\/radioleinewelle.de\/index.php\/wp-json\/wp\/v2\/posts\/2021","targetHints":{"allow":["GET"]}}],"collection":[{"href":"https:\/\/radioleinewelle.de\/index.php\/wp-json\/wp\/v2\/posts"}],"about":[{"href":"https:\/\/radioleinewelle.de\/index.php\/wp-json\/wp\/v2\/types\/post"}],"author":[{"embeddable":true,"href":"https:\/\/radioleinewelle.de\/index.php\/wp-json\/wp\/v2\/users\/1"}],"replies":[{"embeddable":true,"href":"https:\/\/radioleinewelle.de\/index.php\/wp-json\/wp\/v2\/comments?post=2021"}],"version-history":[{"count":0,"href":"https:\/\/radioleinewelle.de\/index.php\/wp-json\/wp\/v2\/posts\/2021\/revisions"}],"wp:attachment":[{"href":"https:\/\/radioleinewelle.de\/index.php\/wp-json\/wp\/v2\/media?parent=2021"}],"wp:term":[{"taxonomy":"category","embeddable":true,"href":"https:\/\/radioleinewelle.de\/index.php\/wp-json\/wp\/v2\/categories?post=2021"},{"taxonomy":"post_tag","embeddable":true,"href":"https:\/\/radioleinewelle.de\/index.php\/wp-json\/wp\/v2\/tags?post=2021"}],"curies":[{"name":"wp","href":"https:\/\/api.w.org\/{rel}","templated":true}]}}