{"id":2034,"date":"2020-10-03T05:00:45","date_gmt":"2020-10-03T03:00:45","guid":{"rendered":"https:\/\/radioleinewelle.de\/?p=2034"},"modified":"2020-10-03T05:00:45","modified_gmt":"2020-10-03T03:00:45","slug":"herbstferienprogramm-2020-in-duderstadt","status":"publish","type":"post","link":"https:\/\/radioleinewelle.de\/index.php\/2020\/10\/03\/herbstferienprogramm-2020-in-duderstadt\/","title":{"rendered":"Herbstferienprogramm 2020 in Duderstadt"},"content":{"rendered":"<div class=\"page\" title=\"Page 1\">\n<div class=\"layoutArea\">\n<div class=\"column\">\n<p>Die Herbstferien 2020 stehen vor der T\u00fcr und die Stadt Duderstadt hat sich Gedanken gemacht, welche abwechslungsreichen und interessanten Herbstferienangebote den Duderst\u00e4dter Kindern und Jugendlichen pr\u00e4sentiert werden k\u00f6nnen.\u00a0\u00c4hnlich wie in den Sommerferien wird es coronabedingt leider nicht m\u00f6glich sein, ein mit den Vorjahren vergleichbares Ferienprogramm anzubieten. Statt Tagesfahrten wird es daher ein ausgeweitetes regionales Angebot in und um Duderstadt geben, zu denen viele tolle Kooperationspartner vor Ort gefunden werden konnten.\u00a0In Duderstadt wird an drei unterschiedlichen Standorten (Jufi, Talwiese und Sielmann) wochenweise eine verl\u00e4ssliche Ferienbetreuung in kleineren Gruppen eingerichtet. Ebenso bieten VHS Duderstadt und Familienzentrum ein Wochenangebot an.\u00a0Auf der Internetseite <a href=\"http:\/\/www.ferien-eichsfeld-harz.de\">www.ferien-eichsfeld-harz.de<\/a> kann man das Herbstferienprogramm ab sofort einsehen und buchen.\u00a0Zudem hat das Kinder- und Jugendb\u00fcro ein \u201eHome-Angebot\u201c zusammengestellt. F\u00fcr jeden der 10Ferientage gibt es in vier Kategorien (Kochen, Kreativ, Ausfl\u00fcge, Spiel und Spa\u00df) ein Angebot, welches zuhause mit der Familie genutzt werden kann.<\/p>\n<p>B\u00fcrgermeister Thorsten Feike dankt den Sponsoren wie der Sparkasse Duderstadt und der Harz Energie, die es m\u00f6glich gemacht haben, so ein abwechslungsreiches und umfangreiches Angebot f\u00fcr unsere Kinder und Jugendlichen in dieser schwierigen Zeit zu erm\u00f6glichen. Auch den Kooperationspartnern vor Ort m\u00f6chte B\u00fcrgermeister Feike f\u00fcr ihre Bereitschaft, Angebote durchzuf\u00fchren, danken. Hier w\u00e4ren Sielmann Stiftung Familienbildungsst\u00e4tte Untereichsfeld, Kontura,Kunst bist D.derstadt, Grenzlandmuseum,Stadtbibliothek, VHS, Familienzentrum und IFAK in G\u00f6ttingen und viele mehr zu nennen.<\/p>\n<\/div>\n<\/div>\n<\/div>\n<div class=\"page\" title=\"Page 2\"><\/div>\n","protected":false},"excerpt":{"rendered":"<p>Die Herbstferien 2020 stehen vor der T\u00fcr und die Stadt Duderstadt hat sich Gedanken gemacht, welche abwechslungsreichen und interessanten Herbstferienangebote den Duderst\u00e4dter Kindern und Jugendlichen pr\u00e4sentiert werden k\u00f6nnen.\u00a0\u00c4hnlich wie in den Sommerferien wird es coronabedingt leider nicht m\u00f6glich sein, ein mit den Vorjahren vergleichbares Ferienprogramm anzubieten. Statt Tagesfahrten wird es daher ein ausgeweitetes regionales Angebot [&hellip;]<\/p>\n","protected":false},"author":1,"featured_media":1359,"comment_status":"closed","ping_status":"closed","sticky":false,"template":"","format":"standard","meta":{"saved_in_kubio":false,"footnotes":""},"categories":[41],"tags":[],"class_list":["post-2034","post","type-post","status-publish","format-standard","has-post-thumbnail","hentry","category-veranstaltungen"],"yoast_head":"<!-- This site is optimized with the Yoast SEO plugin v27.5 - https:\/\/yoast.com\/product\/yoast-seo-wordpress\/ -->\n<title>Herbstferienprogramm 2020 in Duderstadt - Radio Leinewelle<\/title>\n<meta name=\"robots\" content=\"index, follow, max-snippet:-1, max-image-preview:large, max-video-preview:-1\" \/>\n<link rel=\"canonical\" href=\"https:\/\/radioleinewelle.de\/index.php\/2020\/10\/03\/herbstferienprogramm-2020-in-duderstadt\/\" \/>\n<meta property=\"og:locale\" content=\"de_DE\" \/>\n<meta property=\"og:type\" content=\"article\" \/>\n<meta property=\"og:title\" content=\"Herbstferienprogramm 2020 in Duderstadt - Radio Leinewelle\" \/>\n<meta property=\"og:description\" content=\"Die Herbstferien 2020 stehen vor der T\u00fcr und die Stadt Duderstadt hat sich Gedanken gemacht, welche abwechslungsreichen und interessanten Herbstferienangebote den Duderst\u00e4dter Kindern und Jugendlichen pr\u00e4sentiert werden k\u00f6nnen.\u00a0\u00c4hnlich wie in den Sommerferien wird es coronabedingt leider nicht m\u00f6glich sein, ein mit den Vorjahren vergleichbares Ferienprogramm anzubieten. Statt Tagesfahrten wird es daher ein ausgeweitetes regionales Angebot [&hellip;]\" \/>\n<meta property=\"og:url\" content=\"https:\/\/radioleinewelle.de\/index.php\/2020\/10\/03\/herbstferienprogramm-2020-in-duderstadt\/\" \/>\n<meta property=\"og:site_name\" content=\"Radio Leinewelle\" \/>\n<meta property=\"article:publisher\" content=\"https:\/\/www.facebook.com\/radioleinewelle\" \/>\n<meta property=\"article:author\" content=\"https:\/\/www.facebook.com\/radioleinewelle\" \/>\n<meta property=\"article:published_time\" content=\"2020-10-03T03:00:45+00:00\" \/>\n<meta property=\"og:image\" content=\"https:\/\/radioleinewelle.de\/wp-content\/uploads\/2020\/08\/Duderstadt-Rathaus-e1598801339712.jpg\" \/>\n\t<meta property=\"og:image:width\" content=\"300\" \/>\n\t<meta property=\"og:image:height\" content=\"169\" \/>\n\t<meta property=\"og:image:type\" content=\"image\/jpeg\" \/>\n<meta name=\"author\" content=\"Leinewelle\" \/>\n<meta name=\"twitter:card\" content=\"summary_large_image\" \/>\n<meta name=\"twitter:creator\" content=\"@https:\/\/twitter.com\/RLeinewelle?ref_src=twsrcgoogletwcampserptwgrauthor\" \/>\n<meta name=\"twitter:site\" content=\"@RLeinewelle\" \/>\n<meta name=\"twitter:label1\" content=\"Verfasst von\" \/>\n\t<meta name=\"twitter:data1\" content=\"Leinewelle\" \/>\n\t<meta name=\"twitter:label2\" content=\"Gesch\u00e4tzte Lesezeit\" \/>\n\t<meta name=\"twitter:data2\" content=\"1\u00a0Minute\" \/>\n<script type=\"application\/ld+json\" class=\"yoast-schema-graph\">{\"@context\":\"https:\\\/\\\/schema.org\",\"@graph\":[{\"@type\":\"Article\",\"@id\":\"https:\\\/\\\/radioleinewelle.de\\\/index.php\\\/2020\\\/10\\\/03\\\/herbstferienprogramm-2020-in-duderstadt\\\/#article\",\"isPartOf\":{\"@id\":\"https:\\\/\\\/radioleinewelle.de\\\/index.php\\\/2020\\\/10\\\/03\\\/herbstferienprogramm-2020-in-duderstadt\\\/\"},\"author\":{\"name\":\"Leinewelle\",\"@id\":\"https:\\\/\\\/radioleinewelle.de\\\/#\\\/schema\\\/person\\\/45606f348637df637192dc1b68399a63\"},\"headline\":\"Herbstferienprogramm 2020 in Duderstadt\",\"datePublished\":\"2020-10-03T03:00:45+00:00\",\"mainEntityOfPage\":{\"@id\":\"https:\\\/\\\/radioleinewelle.de\\\/index.php\\\/2020\\\/10\\\/03\\\/herbstferienprogramm-2020-in-duderstadt\\\/\"},\"wordCount\":244,\"publisher\":{\"@id\":\"https:\\\/\\\/radioleinewelle.de\\\/#organization\"},\"image\":{\"@id\":\"https:\\\/\\\/radioleinewelle.de\\\/index.php\\\/2020\\\/10\\\/03\\\/herbstferienprogramm-2020-in-duderstadt\\\/#primaryimage\"},\"thumbnailUrl\":\"https:\\\/\\\/radioleinewelle.de\\\/wp-content\\\/uploads\\\/2020\\\/08\\\/Duderstadt-Rathaus-e1598801339712.jpg\",\"articleSection\":[\"Veranstaltungen\"],\"inLanguage\":\"de\"},{\"@type\":\"WebPage\",\"@id\":\"https:\\\/\\\/radioleinewelle.de\\\/index.php\\\/2020\\\/10\\\/03\\\/herbstferienprogramm-2020-in-duderstadt\\\/\",\"url\":\"https:\\\/\\\/radioleinewelle.de\\\/index.php\\\/2020\\\/10\\\/03\\\/herbstferienprogramm-2020-in-duderstadt\\\/\",\"name\":\"Herbstferienprogramm 2020 in Duderstadt - Radio Leinewelle\",\"isPartOf\":{\"@id\":\"https:\\\/\\\/radioleinewelle.de\\\/#website\"},\"primaryImageOfPage\":{\"@id\":\"https:\\\/\\\/radioleinewelle.de\\\/index.php\\\/2020\\\/10\\\/03\\\/herbstferienprogramm-2020-in-duderstadt\\\/#primaryimage\"},\"image\":{\"@id\":\"https:\\\/\\\/radioleinewelle.de\\\/index.php\\\/2020\\\/10\\\/03\\\/herbstferienprogramm-2020-in-duderstadt\\\/#primaryimage\"},\"thumbnailUrl\":\"https:\\\/\\\/radioleinewelle.de\\\/wp-content\\\/uploads\\\/2020\\\/08\\\/Duderstadt-Rathaus-e1598801339712.jpg\",\"datePublished\":\"2020-10-03T03:00:45+00:00\",\"breadcrumb\":{\"@id\":\"https:\\\/\\\/radioleinewelle.de\\\/index.php\\\/2020\\\/10\\\/03\\\/herbstferienprogramm-2020-in-duderstadt\\\/#breadcrumb\"},\"inLanguage\":\"de\",\"potentialAction\":[{\"@type\":\"ReadAction\",\"target\":[\"https:\\\/\\\/radioleinewelle.de\\\/index.php\\\/2020\\\/10\\\/03\\\/herbstferienprogramm-2020-in-duderstadt\\\/\"]}]},{\"@type\":\"ImageObject\",\"inLanguage\":\"de\",\"@id\":\"https:\\\/\\\/radioleinewelle.de\\\/index.php\\\/2020\\\/10\\\/03\\\/herbstferienprogramm-2020-in-duderstadt\\\/#primaryimage\",\"url\":\"https:\\\/\\\/radioleinewelle.de\\\/wp-content\\\/uploads\\\/2020\\\/08\\\/Duderstadt-Rathaus-e1598801339712.jpg\",\"contentUrl\":\"https:\\\/\\\/radioleinewelle.de\\\/wp-content\\\/uploads\\\/2020\\\/08\\\/Duderstadt-Rathaus-e1598801339712.jpg\",\"width\":300,\"height\":169},{\"@type\":\"BreadcrumbList\",\"@id\":\"https:\\\/\\\/radioleinewelle.de\\\/index.php\\\/2020\\\/10\\\/03\\\/herbstferienprogramm-2020-in-duderstadt\\\/#breadcrumb\",\"itemListElement\":[{\"@type\":\"ListItem\",\"position\":1,\"name\":\"Startseite\",\"item\":\"https:\\\/\\\/radioleinewelle.de\\\/\"},{\"@type\":\"ListItem\",\"position\":2,\"name\":\"Herbstferienprogramm 2020 in Duderstadt\"}]},{\"@type\":\"WebSite\",\"@id\":\"https:\\\/\\\/radioleinewelle.de\\\/#website\",\"url\":\"https:\\\/\\\/radioleinewelle.de\\\/\",\"name\":\"Radio Leinewelle\",\"description\":\"\",\"publisher\":{\"@id\":\"https:\\\/\\\/radioleinewelle.de\\\/#organization\"},\"potentialAction\":[{\"@type\":\"SearchAction\",\"target\":{\"@type\":\"EntryPoint\",\"urlTemplate\":\"https:\\\/\\\/radioleinewelle.de\\\/?s={search_term_string}\"},\"query-input\":{\"@type\":\"PropertyValueSpecification\",\"valueRequired\":true,\"valueName\":\"search_term_string\"}}],\"inLanguage\":\"de\"},{\"@type\":\"Organization\",\"@id\":\"https:\\\/\\\/radioleinewelle.de\\\/#organization\",\"name\":\"Radio Leinewelle\",\"alternateName\":\"Mein Radio f\u00fcr S\u00fcdniedersachsen\",\"url\":\"https:\\\/\\\/radioleinewelle.de\\\/\",\"logo\":{\"@type\":\"ImageObject\",\"inLanguage\":\"de\",\"@id\":\"https:\\\/\\\/radioleinewelle.de\\\/#\\\/schema\\\/logo\\\/image\\\/\",\"url\":\"https:\\\/\\\/radioleinewelle.de\\\/wp-content\\\/uploads\\\/2023\\\/11\\\/cropped-Leinewelle_Logo_weiss.png\",\"contentUrl\":\"https:\\\/\\\/radioleinewelle.de\\\/wp-content\\\/uploads\\\/2023\\\/11\\\/cropped-Leinewelle_Logo_weiss.png\",\"width\":854,\"height\":260,\"caption\":\"Radio Leinewelle\"},\"image\":{\"@id\":\"https:\\\/\\\/radioleinewelle.de\\\/#\\\/schema\\\/logo\\\/image\\\/\"},\"sameAs\":[\"https:\\\/\\\/www.facebook.com\\\/radioleinewelle\",\"https:\\\/\\\/x.com\\\/RLeinewelle\",\"https:\\\/\\\/www.instagram.com\\\/radioleinewelle\\\/?hl=de\"]},{\"@type\":\"Person\",\"@id\":\"https:\\\/\\\/radioleinewelle.de\\\/#\\\/schema\\\/person\\\/45606f348637df637192dc1b68399a63\",\"name\":\"Leinewelle\",\"image\":{\"@type\":\"ImageObject\",\"inLanguage\":\"de\",\"@id\":\"https:\\\/\\\/secure.gravatar.com\\\/avatar\\\/05c9a17bc973052ee5d91549bd32fb4dd0dc85b7b85ae94b2e2b4943476bbea5?s=96&d=blank&r=g\",\"url\":\"https:\\\/\\\/secure.gravatar.com\\\/avatar\\\/05c9a17bc973052ee5d91549bd32fb4dd0dc85b7b85ae94b2e2b4943476bbea5?s=96&d=blank&r=g\",\"contentUrl\":\"https:\\\/\\\/secure.gravatar.com\\\/avatar\\\/05c9a17bc973052ee5d91549bd32fb4dd0dc85b7b85ae94b2e2b4943476bbea5?s=96&d=blank&r=g\",\"caption\":\"Leinewelle\"},\"sameAs\":[\"http:\\\/\\\/localhost\\\/radio%20leinewelle\\\/wordpress\",\"https:\\\/\\\/www.facebook.com\\\/radioleinewelle\",\"https:\\\/\\\/www.instagram.com\\\/radioleinewelle\",\"https:\\\/\\\/x.com\\\/https:\\\/\\\/twitter.com\\\/RLeinewelle?ref_src=twsrcgoogletwcampserptwgrauthor\",\"https:\\\/\\\/soundcloud.com\\\/foerderverein-lokalradio?utm_source=clipboard&utm_medium=text&utm_campaign=social_sharing\"],\"url\":\"https:\\\/\\\/radioleinewelle.de\\\/index.php\\\/author\\\/leinewelle\\\/\"}]}<\/script>\n<!-- \/ Yoast SEO plugin. -->","yoast_head_json":{"title":"Herbstferienprogramm 2020 in Duderstadt - Radio Leinewelle","robots":{"index":"index","follow":"follow","max-snippet":"max-snippet:-1","max-image-preview":"max-image-preview:large","max-video-preview":"max-video-preview:-1"},"canonical":"https:\/\/radioleinewelle.de\/index.php\/2020\/10\/03\/herbstferienprogramm-2020-in-duderstadt\/","og_locale":"de_DE","og_type":"article","og_title":"Herbstferienprogramm 2020 in Duderstadt - Radio Leinewelle","og_description":"Die Herbstferien 2020 stehen vor der T\u00fcr und die Stadt Duderstadt hat sich Gedanken gemacht, welche abwechslungsreichen und interessanten Herbstferienangebote den Duderst\u00e4dter Kindern und Jugendlichen pr\u00e4sentiert werden k\u00f6nnen.\u00a0\u00c4hnlich wie in den Sommerferien wird es coronabedingt leider nicht m\u00f6glich sein, ein mit den Vorjahren vergleichbares Ferienprogramm anzubieten. Statt Tagesfahrten wird es daher ein ausgeweitetes regionales Angebot [&hellip;]","og_url":"https:\/\/radioleinewelle.de\/index.php\/2020\/10\/03\/herbstferienprogramm-2020-in-duderstadt\/","og_site_name":"Radio Leinewelle","article_publisher":"https:\/\/www.facebook.com\/radioleinewelle","article_author":"https:\/\/www.facebook.com\/radioleinewelle","article_published_time":"2020-10-03T03:00:45+00:00","og_image":[{"width":300,"height":169,"url":"https:\/\/radioleinewelle.de\/wp-content\/uploads\/2020\/08\/Duderstadt-Rathaus-e1598801339712.jpg","type":"image\/jpeg"}],"author":"Leinewelle","twitter_card":"summary_large_image","twitter_creator":"@https:\/\/twitter.com\/RLeinewelle?ref_src=twsrcgoogletwcampserptwgrauthor","twitter_site":"@RLeinewelle","twitter_misc":{"Verfasst von":"Leinewelle","Gesch\u00e4tzte Lesezeit":"1\u00a0Minute"},"schema":{"@context":"https:\/\/schema.org","@graph":[{"@type":"Article","@id":"https:\/\/radioleinewelle.de\/index.php\/2020\/10\/03\/herbstferienprogramm-2020-in-duderstadt\/#article","isPartOf":{"@id":"https:\/\/radioleinewelle.de\/index.php\/2020\/10\/03\/herbstferienprogramm-2020-in-duderstadt\/"},"author":{"name":"Leinewelle","@id":"https:\/\/radioleinewelle.de\/#\/schema\/person\/45606f348637df637192dc1b68399a63"},"headline":"Herbstferienprogramm 2020 in Duderstadt","datePublished":"2020-10-03T03:00:45+00:00","mainEntityOfPage":{"@id":"https:\/\/radioleinewelle.de\/index.php\/2020\/10\/03\/herbstferienprogramm-2020-in-duderstadt\/"},"wordCount":244,"publisher":{"@id":"https:\/\/radioleinewelle.de\/#organization"},"image":{"@id":"https:\/\/radioleinewelle.de\/index.php\/2020\/10\/03\/herbstferienprogramm-2020-in-duderstadt\/#primaryimage"},"thumbnailUrl":"https:\/\/radioleinewelle.de\/wp-content\/uploads\/2020\/08\/Duderstadt-Rathaus-e1598801339712.jpg","articleSection":["Veranstaltungen"],"inLanguage":"de"},{"@type":"WebPage","@id":"https:\/\/radioleinewelle.de\/index.php\/2020\/10\/03\/herbstferienprogramm-2020-in-duderstadt\/","url":"https:\/\/radioleinewelle.de\/index.php\/2020\/10\/03\/herbstferienprogramm-2020-in-duderstadt\/","name":"Herbstferienprogramm 2020 in Duderstadt - Radio Leinewelle","isPartOf":{"@id":"https:\/\/radioleinewelle.de\/#website"},"primaryImageOfPage":{"@id":"https:\/\/radioleinewelle.de\/index.php\/2020\/10\/03\/herbstferienprogramm-2020-in-duderstadt\/#primaryimage"},"image":{"@id":"https:\/\/radioleinewelle.de\/index.php\/2020\/10\/03\/herbstferienprogramm-2020-in-duderstadt\/#primaryimage"},"thumbnailUrl":"https:\/\/radioleinewelle.de\/wp-content\/uploads\/2020\/08\/Duderstadt-Rathaus-e1598801339712.jpg","datePublished":"2020-10-03T03:00:45+00:00","breadcrumb":{"@id":"https:\/\/radioleinewelle.de\/index.php\/2020\/10\/03\/herbstferienprogramm-2020-in-duderstadt\/#breadcrumb"},"inLanguage":"de","potentialAction":[{"@type":"ReadAction","target":["https:\/\/radioleinewelle.de\/index.php\/2020\/10\/03\/herbstferienprogramm-2020-in-duderstadt\/"]}]},{"@type":"ImageObject","inLanguage":"de","@id":"https:\/\/radioleinewelle.de\/index.php\/2020\/10\/03\/herbstferienprogramm-2020-in-duderstadt\/#primaryimage","url":"https:\/\/radioleinewelle.de\/wp-content\/uploads\/2020\/08\/Duderstadt-Rathaus-e1598801339712.jpg","contentUrl":"https:\/\/radioleinewelle.de\/wp-content\/uploads\/2020\/08\/Duderstadt-Rathaus-e1598801339712.jpg","width":300,"height":169},{"@type":"BreadcrumbList","@id":"https:\/\/radioleinewelle.de\/index.php\/2020\/10\/03\/herbstferienprogramm-2020-in-duderstadt\/#breadcrumb","itemListElement":[{"@type":"ListItem","position":1,"name":"Startseite","item":"https:\/\/radioleinewelle.de\/"},{"@type":"ListItem","position":2,"name":"Herbstferienprogramm 2020 in Duderstadt"}]},{"@type":"WebSite","@id":"https:\/\/radioleinewelle.de\/#website","url":"https:\/\/radioleinewelle.de\/","name":"Radio Leinewelle","description":"","publisher":{"@id":"https:\/\/radioleinewelle.de\/#organization"},"potentialAction":[{"@type":"SearchAction","target":{"@type":"EntryPoint","urlTemplate":"https:\/\/radioleinewelle.de\/?s={search_term_string}"},"query-input":{"@type":"PropertyValueSpecification","valueRequired":true,"valueName":"search_term_string"}}],"inLanguage":"de"},{"@type":"Organization","@id":"https:\/\/radioleinewelle.de\/#organization","name":"Radio Leinewelle","alternateName":"Mein Radio f\u00fcr S\u00fcdniedersachsen","url":"https:\/\/radioleinewelle.de\/","logo":{"@type":"ImageObject","inLanguage":"de","@id":"https:\/\/radioleinewelle.de\/#\/schema\/logo\/image\/","url":"https:\/\/radioleinewelle.de\/wp-content\/uploads\/2023\/11\/cropped-Leinewelle_Logo_weiss.png","contentUrl":"https:\/\/radioleinewelle.de\/wp-content\/uploads\/2023\/11\/cropped-Leinewelle_Logo_weiss.png","width":854,"height":260,"caption":"Radio Leinewelle"},"image":{"@id":"https:\/\/radioleinewelle.de\/#\/schema\/logo\/image\/"},"sameAs":["https:\/\/www.facebook.com\/radioleinewelle","https:\/\/x.com\/RLeinewelle","https:\/\/www.instagram.com\/radioleinewelle\/?hl=de"]},{"@type":"Person","@id":"https:\/\/radioleinewelle.de\/#\/schema\/person\/45606f348637df637192dc1b68399a63","name":"Leinewelle","image":{"@type":"ImageObject","inLanguage":"de","@id":"https:\/\/secure.gravatar.com\/avatar\/05c9a17bc973052ee5d91549bd32fb4dd0dc85b7b85ae94b2e2b4943476bbea5?s=96&d=blank&r=g","url":"https:\/\/secure.gravatar.com\/avatar\/05c9a17bc973052ee5d91549bd32fb4dd0dc85b7b85ae94b2e2b4943476bbea5?s=96&d=blank&r=g","contentUrl":"https:\/\/secure.gravatar.com\/avatar\/05c9a17bc973052ee5d91549bd32fb4dd0dc85b7b85ae94b2e2b4943476bbea5?s=96&d=blank&r=g","caption":"Leinewelle"},"sameAs":["http:\/\/localhost\/radio%20leinewelle\/wordpress","https:\/\/www.facebook.com\/radioleinewelle","https:\/\/www.instagram.com\/radioleinewelle","https:\/\/x.com\/https:\/\/twitter.com\/RLeinewelle?ref_src=twsrcgoogletwcampserptwgrauthor","https:\/\/soundcloud.com\/foerderverein-lokalradio?utm_source=clipboard&utm_medium=text&utm_campaign=social_sharing"],"url":"https:\/\/radioleinewelle.de\/index.php\/author\/leinewelle\/"}]}},"_links":{"self":[{"href":"https:\/\/radioleinewelle.de\/index.php\/wp-json\/wp\/v2\/posts\/2034","targetHints":{"allow":["GET"]}}],"collection":[{"href":"https:\/\/radioleinewelle.de\/index.php\/wp-json\/wp\/v2\/posts"}],"about":[{"href":"https:\/\/radioleinewelle.de\/index.php\/wp-json\/wp\/v2\/types\/post"}],"author":[{"embeddable":true,"href":"https:\/\/radioleinewelle.de\/index.php\/wp-json\/wp\/v2\/users\/1"}],"replies":[{"embeddable":true,"href":"https:\/\/radioleinewelle.de\/index.php\/wp-json\/wp\/v2\/comments?post=2034"}],"version-history":[{"count":0,"href":"https:\/\/radioleinewelle.de\/index.php\/wp-json\/wp\/v2\/posts\/2034\/revisions"}],"wp:featuredmedia":[{"embeddable":true,"href":"https:\/\/radioleinewelle.de\/index.php\/wp-json\/wp\/v2\/media\/1359"}],"wp:attachment":[{"href":"https:\/\/radioleinewelle.de\/index.php\/wp-json\/wp\/v2\/media?parent=2034"}],"wp:term":[{"taxonomy":"category","embeddable":true,"href":"https:\/\/radioleinewelle.de\/index.php\/wp-json\/wp\/v2\/categories?post=2034"},{"taxonomy":"post_tag","embeddable":true,"href":"https:\/\/radioleinewelle.de\/index.php\/wp-json\/wp\/v2\/tags?post=2034"}],"curies":[{"name":"wp","href":"https:\/\/api.w.org\/{rel}","templated":true}]}}