{"id":2040,"date":"2020-10-03T05:46:15","date_gmt":"2020-10-03T03:46:15","guid":{"rendered":"https:\/\/radioleinewelle.de\/?p=2040"},"modified":"2020-10-03T05:46:15","modified_gmt":"2020-10-03T03:46:15","slug":"gruene-sind-entsetzt-ueber-die-vorlage-der-verwaltung-zur-neugestaltung-des-albaniplatzes-in-goettin","status":"publish","type":"post","link":"https:\/\/radioleinewelle.de\/index.php\/2020\/10\/03\/gruene-sind-entsetzt-ueber-die-vorlage-der-verwaltung-zur-neugestaltung-des-albaniplatzes-in-goettin\/","title":{"rendered":"Gr\u00fcne sind entsetzt \u00fcber die Vorlage der Verwaltung zur \u201eNeugestaltung\u201c des Albaniplatzes in G\u00f6ttingen"},"content":{"rendered":"<p class=\"bodytext\">Deutliche Worte: \u201eSo eine Frechheit! Wir sind vollkommen fassungslos ob dessen, was uns hier vorgelegt wird\u201c, fasst Rolf Becker, Vorsitzender der GR\u00dcNEN Fraktion im Rat der Stadt G\u00f6ttingen die Emp\u00f6rung seiner Fraktion angesichts der Verwaltungsvorlage zur Umgestaltung des Albaniplatzes zusammen. Diese will den Platz n\u00e4mlich gar nicht umgestalten, sondern alle PKW-Stellfl\u00e4chen erhalten.\u00a0Pikant: Der Verwaltungsvorlage steht die Anfrage der GR\u00dcNEN Fraktion gegen\u00fcber, die auf die Umsetzung der Verkehrsberuhigung in der \u00f6stlichen Innenstadt dr\u00e4ngt.<\/p>\n<p class=\"bodytext\">Becker f\u00fchrt aus: \u201eDie Befreiung des Albaniplatzes vom motorisierten Verkehr ist beschlossene Sache. 2017 haben wir im Zusammenhang mit der Sanierung der Stadthalle die Erarbeitung eines st\u00e4dtebaulichen Rahmenplans beauftragt, der das n\u00e4here Umfeld (Herzberger Landstra\u00dfe, Albaniplatz, Cheltenhampark) \u00fcberplant. Mehrere B\u00fcros haben Ideenskizzen zur Umgestaltung des Areals eingereicht, die Jury hat bereits im April 2018 das B\u00fcro Prosa als Sieger gek\u00fcrt. Es wurden verschiedene Varianten der Verkehrsf\u00fchrung \u00fcber den Platz diskutiert. Wir haben die Umfeldplanung ganz bewusst in den Beschluss zur Stadthallensanierung mit aufgenommen, um genau diese Salamitaktik auszuschlie\u00dfen, die die Verwaltung gerade betreibt. Zudem haben wir GR\u00dcNE immer wieder betont der Stadthallensanierung nur zuzustimmen, wenn diese Hand in Hand mit einer Mobilit\u00e4tswende in der \u00f6stlichen Innenstadt einhergeht. Warum all das beiseite gewischt wird und uns stattdessen eine Minimal-Variante, die der Absicht des Rats klar zuwiderl\u00e4uft, zur Abstimmung vorgelegt wird, k\u00f6nnen wir in keinster Weise nachvollziehen. Alle Expert*innen und die Klimaschutzbewegung fordern die Mobilit\u00e4tswende und autofreiere Innenst\u00e4dte, nur unser Oberb\u00fcrgermeister (SPD) und seine Baudezernentin (parteilos) verfestigen Verkehrsplanungen der sechziger Jahre.\u201c\u00a0Becker: \u201eWir haben immer gesagt: Auf den Bau einer Tiefgarage k\u00f6nnen wir gut verzichten. Wir brauchen die gute \u00d6PNV-Anbindung, einige wenige PKW-Stellpl\u00e4tze f\u00fcr mobilit\u00e4tseingeschr\u00e4nkte Menschen bspw. auf dem Parkplatz Hainholzweg und ein leistungsf\u00e4higes Parkleitsystem, das auch auf die Stellpl\u00e4tze am Finanzamt hinweist.\u201c<\/p>\n<p class=\"bodytext\">Dagmar Sakowsky (GR\u00dcNE), Ratsfrau im Bau- und im Finanzausschuss: \u201eDie Verwaltung muss sich an ihren Taten messen lassen. Und die sind in diesem Fall wirklich unterirdisch. Wir werden diese Verwaltungsvorlage ganz klar ablehnen und auch keinem neuen Haushalt 2021 zustimmen, der nicht Investitionen f\u00fcr eine autofreie Umgestaltung des Albaniplatzes beinhaltet.\u201c\u00a0In dem Zusammenhang soll auch der L\u00fcckenschluss des Walls \u00fcber eine Gr\u00fcnverbindung bis zum Ernst-Honig-Wall am Deutschen Theater erfolgen. Der Fachdienst Gr\u00fcnfl\u00e4chen hat hierzu bereits ein B\u00fcndel an Einzelma\u00dfnahmen erarbeitet und zur Umsetzung Bundes-F\u00f6rdermittel aus dem Topf \u201eModellprojekte zur Klimaanpassung und Modernisierung in urbanen R\u00e4umen\u201c beantragt. Sakowsky: \u201eAuf die Vorarbeiten des Fachdiensts Gr\u00fcnfl\u00e4chen gilt es aufzubauen.\u201c\u00a0Uli Holefleisch, GR\u00dcNER B\u00fcrgermeister der Stadt G\u00f6ttingen, erg\u00e4nzt abschlie\u00dfend: \u201eDie von der Verwaltung gemachte Beschlussvorlage kommt nicht nur einer respektlosen Ignoranz des Rates und seiner Beschl\u00fcsse gleich, sondern ist in Zeiten der\u00a0notwendigen klimasch\u00fctzenden Verkehrswende eine provokante Gestaltungsverweigerung. Da fragt man sich: mit Absicht, aus Versehen oder Inkompetenz?\u201c<\/p>\n","protected":false},"excerpt":{"rendered":"<p>Deutliche Worte: \u201eSo eine Frechheit! Wir sind vollkommen fassungslos ob dessen, was uns hier vorgelegt wird\u201c, fasst Rolf Becker, Vorsitzender der GR\u00dcNEN Fraktion im Rat der Stadt G\u00f6ttingen die Emp\u00f6rung seiner Fraktion angesichts der Verwaltungsvorlage zur Umgestaltung des Albaniplatzes zusammen. Diese will den Platz n\u00e4mlich gar nicht umgestalten, sondern alle PKW-Stellfl\u00e4chen erhalten.\u00a0Pikant: Der Verwaltungsvorlage steht [&hellip;]<\/p>\n","protected":false},"author":1,"featured_media":2041,"comment_status":"closed","ping_status":"closed","sticky":false,"template":"","format":"standard","meta":{"saved_in_kubio":false,"footnotes":""},"categories":[39],"tags":[],"class_list":["post-2040","post","type-post","status-publish","format-standard","has-post-thumbnail","hentry","category-lokalpolitik"],"yoast_head":"<!-- This site is optimized with the Yoast SEO plugin v27.5 - https:\/\/yoast.com\/product\/yoast-seo-wordpress\/ -->\n<title>Gr\u00fcne sind entsetzt \u00fcber die Vorlage der Verwaltung zur \u201eNeugestaltung\u201c des Albaniplatzes in G\u00f6ttingen - Radio Leinewelle<\/title>\n<meta name=\"robots\" content=\"index, follow, max-snippet:-1, max-image-preview:large, max-video-preview:-1\" \/>\n<link rel=\"canonical\" href=\"https:\/\/radioleinewelle.de\/index.php\/2020\/10\/03\/gruene-sind-entsetzt-ueber-die-vorlage-der-verwaltung-zur-neugestaltung-des-albaniplatzes-in-goettin\/\" \/>\n<meta property=\"og:locale\" content=\"de_DE\" \/>\n<meta property=\"og:type\" content=\"article\" \/>\n<meta property=\"og:title\" content=\"Gr\u00fcne sind entsetzt \u00fcber die Vorlage der Verwaltung zur \u201eNeugestaltung\u201c des Albaniplatzes in G\u00f6ttingen - Radio Leinewelle\" \/>\n<meta property=\"og:description\" content=\"Deutliche Worte: \u201eSo eine Frechheit! Wir sind vollkommen fassungslos ob dessen, was uns hier vorgelegt wird\u201c, fasst Rolf Becker, Vorsitzender der GR\u00dcNEN Fraktion im Rat der Stadt G\u00f6ttingen die Emp\u00f6rung seiner Fraktion angesichts der Verwaltungsvorlage zur Umgestaltung des Albaniplatzes zusammen. Diese will den Platz n\u00e4mlich gar nicht umgestalten, sondern alle PKW-Stellfl\u00e4chen erhalten.\u00a0Pikant: Der Verwaltungsvorlage steht [&hellip;]\" \/>\n<meta property=\"og:url\" content=\"https:\/\/radioleinewelle.de\/index.php\/2020\/10\/03\/gruene-sind-entsetzt-ueber-die-vorlage-der-verwaltung-zur-neugestaltung-des-albaniplatzes-in-goettin\/\" \/>\n<meta property=\"og:site_name\" content=\"Radio Leinewelle\" \/>\n<meta property=\"article:publisher\" content=\"https:\/\/www.facebook.com\/radioleinewelle\" \/>\n<meta property=\"article:author\" content=\"https:\/\/www.facebook.com\/radioleinewelle\" \/>\n<meta property=\"article:published_time\" content=\"2020-10-03T03:46:15+00:00\" \/>\n<meta property=\"og:image\" content=\"https:\/\/radioleinewelle.de\/wp-content\/uploads\/2020\/10\/csm_albaniplatz-au-facebook-sharepic_49f5327325.jpg\" \/>\n\t<meta property=\"og:image:width\" content=\"800\" \/>\n\t<meta property=\"og:image:height\" content=\"420\" \/>\n\t<meta property=\"og:image:type\" content=\"image\/jpeg\" \/>\n<meta name=\"author\" content=\"Leinewelle\" \/>\n<meta name=\"twitter:card\" content=\"summary_large_image\" \/>\n<meta name=\"twitter:creator\" content=\"@https:\/\/twitter.com\/RLeinewelle?ref_src=twsrcgoogletwcampserptwgrauthor\" \/>\n<meta name=\"twitter:site\" content=\"@RLeinewelle\" \/>\n<meta name=\"twitter:label1\" content=\"Verfasst von\" \/>\n\t<meta name=\"twitter:data1\" content=\"Leinewelle\" \/>\n\t<meta name=\"twitter:label2\" content=\"Gesch\u00e4tzte Lesezeit\" \/>\n\t<meta name=\"twitter:data2\" content=\"2\u00a0Minuten\" \/>\n<script type=\"application\/ld+json\" class=\"yoast-schema-graph\">{\"@context\":\"https:\\\/\\\/schema.org\",\"@graph\":[{\"@type\":\"Article\",\"@id\":\"https:\\\/\\\/radioleinewelle.de\\\/index.php\\\/2020\\\/10\\\/03\\\/gruene-sind-entsetzt-ueber-die-vorlage-der-verwaltung-zur-neugestaltung-des-albaniplatzes-in-goettin\\\/#article\",\"isPartOf\":{\"@id\":\"https:\\\/\\\/radioleinewelle.de\\\/index.php\\\/2020\\\/10\\\/03\\\/gruene-sind-entsetzt-ueber-die-vorlage-der-verwaltung-zur-neugestaltung-des-albaniplatzes-in-goettin\\\/\"},\"author\":{\"name\":\"Leinewelle\",\"@id\":\"https:\\\/\\\/radioleinewelle.de\\\/#\\\/schema\\\/person\\\/45606f348637df637192dc1b68399a63\"},\"headline\":\"Gr\u00fcne sind entsetzt \u00fcber die Vorlage der Verwaltung zur \u201eNeugestaltung\u201c des Albaniplatzes in G\u00f6ttingen\",\"datePublished\":\"2020-10-03T03:46:15+00:00\",\"mainEntityOfPage\":{\"@id\":\"https:\\\/\\\/radioleinewelle.de\\\/index.php\\\/2020\\\/10\\\/03\\\/gruene-sind-entsetzt-ueber-die-vorlage-der-verwaltung-zur-neugestaltung-des-albaniplatzes-in-goettin\\\/\"},\"wordCount\":502,\"publisher\":{\"@id\":\"https:\\\/\\\/radioleinewelle.de\\\/#organization\"},\"image\":{\"@id\":\"https:\\\/\\\/radioleinewelle.de\\\/index.php\\\/2020\\\/10\\\/03\\\/gruene-sind-entsetzt-ueber-die-vorlage-der-verwaltung-zur-neugestaltung-des-albaniplatzes-in-goettin\\\/#primaryimage\"},\"thumbnailUrl\":\"https:\\\/\\\/radioleinewelle.de\\\/wp-content\\\/uploads\\\/2020\\\/10\\\/csm_albaniplatz-au-facebook-sharepic_49f5327325.jpg\",\"articleSection\":[\"Lokalpolitik\"],\"inLanguage\":\"de\"},{\"@type\":\"WebPage\",\"@id\":\"https:\\\/\\\/radioleinewelle.de\\\/index.php\\\/2020\\\/10\\\/03\\\/gruene-sind-entsetzt-ueber-die-vorlage-der-verwaltung-zur-neugestaltung-des-albaniplatzes-in-goettin\\\/\",\"url\":\"https:\\\/\\\/radioleinewelle.de\\\/index.php\\\/2020\\\/10\\\/03\\\/gruene-sind-entsetzt-ueber-die-vorlage-der-verwaltung-zur-neugestaltung-des-albaniplatzes-in-goettin\\\/\",\"name\":\"Gr\u00fcne sind entsetzt \u00fcber die Vorlage der Verwaltung zur \u201eNeugestaltung\u201c des Albaniplatzes in G\u00f6ttingen - Radio Leinewelle\",\"isPartOf\":{\"@id\":\"https:\\\/\\\/radioleinewelle.de\\\/#website\"},\"primaryImageOfPage\":{\"@id\":\"https:\\\/\\\/radioleinewelle.de\\\/index.php\\\/2020\\\/10\\\/03\\\/gruene-sind-entsetzt-ueber-die-vorlage-der-verwaltung-zur-neugestaltung-des-albaniplatzes-in-goettin\\\/#primaryimage\"},\"image\":{\"@id\":\"https:\\\/\\\/radioleinewelle.de\\\/index.php\\\/2020\\\/10\\\/03\\\/gruene-sind-entsetzt-ueber-die-vorlage-der-verwaltung-zur-neugestaltung-des-albaniplatzes-in-goettin\\\/#primaryimage\"},\"thumbnailUrl\":\"https:\\\/\\\/radioleinewelle.de\\\/wp-content\\\/uploads\\\/2020\\\/10\\\/csm_albaniplatz-au-facebook-sharepic_49f5327325.jpg\",\"datePublished\":\"2020-10-03T03:46:15+00:00\",\"breadcrumb\":{\"@id\":\"https:\\\/\\\/radioleinewelle.de\\\/index.php\\\/2020\\\/10\\\/03\\\/gruene-sind-entsetzt-ueber-die-vorlage-der-verwaltung-zur-neugestaltung-des-albaniplatzes-in-goettin\\\/#breadcrumb\"},\"inLanguage\":\"de\",\"potentialAction\":[{\"@type\":\"ReadAction\",\"target\":[\"https:\\\/\\\/radioleinewelle.de\\\/index.php\\\/2020\\\/10\\\/03\\\/gruene-sind-entsetzt-ueber-die-vorlage-der-verwaltung-zur-neugestaltung-des-albaniplatzes-in-goettin\\\/\"]}]},{\"@type\":\"ImageObject\",\"inLanguage\":\"de\",\"@id\":\"https:\\\/\\\/radioleinewelle.de\\\/index.php\\\/2020\\\/10\\\/03\\\/gruene-sind-entsetzt-ueber-die-vorlage-der-verwaltung-zur-neugestaltung-des-albaniplatzes-in-goettin\\\/#primaryimage\",\"url\":\"https:\\\/\\\/radioleinewelle.de\\\/wp-content\\\/uploads\\\/2020\\\/10\\\/csm_albaniplatz-au-facebook-sharepic_49f5327325.jpg\",\"contentUrl\":\"https:\\\/\\\/radioleinewelle.de\\\/wp-content\\\/uploads\\\/2020\\\/10\\\/csm_albaniplatz-au-facebook-sharepic_49f5327325.jpg\",\"width\":800,\"height\":420},{\"@type\":\"BreadcrumbList\",\"@id\":\"https:\\\/\\\/radioleinewelle.de\\\/index.php\\\/2020\\\/10\\\/03\\\/gruene-sind-entsetzt-ueber-die-vorlage-der-verwaltung-zur-neugestaltung-des-albaniplatzes-in-goettin\\\/#breadcrumb\",\"itemListElement\":[{\"@type\":\"ListItem\",\"position\":1,\"name\":\"Startseite\",\"item\":\"https:\\\/\\\/radioleinewelle.de\\\/\"},{\"@type\":\"ListItem\",\"position\":2,\"name\":\"Gr\u00fcne sind entsetzt \u00fcber die Vorlage der Verwaltung zur \u201eNeugestaltung\u201c des Albaniplatzes in G\u00f6ttingen\"}]},{\"@type\":\"WebSite\",\"@id\":\"https:\\\/\\\/radioleinewelle.de\\\/#website\",\"url\":\"https:\\\/\\\/radioleinewelle.de\\\/\",\"name\":\"Radio Leinewelle\",\"description\":\"\",\"publisher\":{\"@id\":\"https:\\\/\\\/radioleinewelle.de\\\/#organization\"},\"potentialAction\":[{\"@type\":\"SearchAction\",\"target\":{\"@type\":\"EntryPoint\",\"urlTemplate\":\"https:\\\/\\\/radioleinewelle.de\\\/?s={search_term_string}\"},\"query-input\":{\"@type\":\"PropertyValueSpecification\",\"valueRequired\":true,\"valueName\":\"search_term_string\"}}],\"inLanguage\":\"de\"},{\"@type\":\"Organization\",\"@id\":\"https:\\\/\\\/radioleinewelle.de\\\/#organization\",\"name\":\"Radio Leinewelle\",\"alternateName\":\"Mein Radio f\u00fcr S\u00fcdniedersachsen\",\"url\":\"https:\\\/\\\/radioleinewelle.de\\\/\",\"logo\":{\"@type\":\"ImageObject\",\"inLanguage\":\"de\",\"@id\":\"https:\\\/\\\/radioleinewelle.de\\\/#\\\/schema\\\/logo\\\/image\\\/\",\"url\":\"https:\\\/\\\/radioleinewelle.de\\\/wp-content\\\/uploads\\\/2023\\\/11\\\/cropped-Leinewelle_Logo_weiss.png\",\"contentUrl\":\"https:\\\/\\\/radioleinewelle.de\\\/wp-content\\\/uploads\\\/2023\\\/11\\\/cropped-Leinewelle_Logo_weiss.png\",\"width\":854,\"height\":260,\"caption\":\"Radio Leinewelle\"},\"image\":{\"@id\":\"https:\\\/\\\/radioleinewelle.de\\\/#\\\/schema\\\/logo\\\/image\\\/\"},\"sameAs\":[\"https:\\\/\\\/www.facebook.com\\\/radioleinewelle\",\"https:\\\/\\\/x.com\\\/RLeinewelle\",\"https:\\\/\\\/www.instagram.com\\\/radioleinewelle\\\/?hl=de\"]},{\"@type\":\"Person\",\"@id\":\"https:\\\/\\\/radioleinewelle.de\\\/#\\\/schema\\\/person\\\/45606f348637df637192dc1b68399a63\",\"name\":\"Leinewelle\",\"image\":{\"@type\":\"ImageObject\",\"inLanguage\":\"de\",\"@id\":\"https:\\\/\\\/secure.gravatar.com\\\/avatar\\\/05c9a17bc973052ee5d91549bd32fb4dd0dc85b7b85ae94b2e2b4943476bbea5?s=96&d=blank&r=g\",\"url\":\"https:\\\/\\\/secure.gravatar.com\\\/avatar\\\/05c9a17bc973052ee5d91549bd32fb4dd0dc85b7b85ae94b2e2b4943476bbea5?s=96&d=blank&r=g\",\"contentUrl\":\"https:\\\/\\\/secure.gravatar.com\\\/avatar\\\/05c9a17bc973052ee5d91549bd32fb4dd0dc85b7b85ae94b2e2b4943476bbea5?s=96&d=blank&r=g\",\"caption\":\"Leinewelle\"},\"sameAs\":[\"http:\\\/\\\/localhost\\\/radio%20leinewelle\\\/wordpress\",\"https:\\\/\\\/www.facebook.com\\\/radioleinewelle\",\"https:\\\/\\\/www.instagram.com\\\/radioleinewelle\",\"https:\\\/\\\/x.com\\\/https:\\\/\\\/twitter.com\\\/RLeinewelle?ref_src=twsrcgoogletwcampserptwgrauthor\",\"https:\\\/\\\/soundcloud.com\\\/foerderverein-lokalradio?utm_source=clipboard&utm_medium=text&utm_campaign=social_sharing\"],\"url\":\"https:\\\/\\\/radioleinewelle.de\\\/index.php\\\/author\\\/leinewelle\\\/\"}]}<\/script>\n<!-- \/ Yoast SEO plugin. -->","yoast_head_json":{"title":"Gr\u00fcne sind entsetzt \u00fcber die Vorlage der Verwaltung zur \u201eNeugestaltung\u201c des Albaniplatzes in G\u00f6ttingen - Radio Leinewelle","robots":{"index":"index","follow":"follow","max-snippet":"max-snippet:-1","max-image-preview":"max-image-preview:large","max-video-preview":"max-video-preview:-1"},"canonical":"https:\/\/radioleinewelle.de\/index.php\/2020\/10\/03\/gruene-sind-entsetzt-ueber-die-vorlage-der-verwaltung-zur-neugestaltung-des-albaniplatzes-in-goettin\/","og_locale":"de_DE","og_type":"article","og_title":"Gr\u00fcne sind entsetzt \u00fcber die Vorlage der Verwaltung zur \u201eNeugestaltung\u201c des Albaniplatzes in G\u00f6ttingen - Radio Leinewelle","og_description":"Deutliche Worte: \u201eSo eine Frechheit! Wir sind vollkommen fassungslos ob dessen, was uns hier vorgelegt wird\u201c, fasst Rolf Becker, Vorsitzender der GR\u00dcNEN Fraktion im Rat der Stadt G\u00f6ttingen die Emp\u00f6rung seiner Fraktion angesichts der Verwaltungsvorlage zur Umgestaltung des Albaniplatzes zusammen. Diese will den Platz n\u00e4mlich gar nicht umgestalten, sondern alle PKW-Stellfl\u00e4chen erhalten.\u00a0Pikant: Der Verwaltungsvorlage steht [&hellip;]","og_url":"https:\/\/radioleinewelle.de\/index.php\/2020\/10\/03\/gruene-sind-entsetzt-ueber-die-vorlage-der-verwaltung-zur-neugestaltung-des-albaniplatzes-in-goettin\/","og_site_name":"Radio Leinewelle","article_publisher":"https:\/\/www.facebook.com\/radioleinewelle","article_author":"https:\/\/www.facebook.com\/radioleinewelle","article_published_time":"2020-10-03T03:46:15+00:00","og_image":[{"width":800,"height":420,"url":"https:\/\/radioleinewelle.de\/wp-content\/uploads\/2020\/10\/csm_albaniplatz-au-facebook-sharepic_49f5327325.jpg","type":"image\/jpeg"}],"author":"Leinewelle","twitter_card":"summary_large_image","twitter_creator":"@https:\/\/twitter.com\/RLeinewelle?ref_src=twsrcgoogletwcampserptwgrauthor","twitter_site":"@RLeinewelle","twitter_misc":{"Verfasst von":"Leinewelle","Gesch\u00e4tzte Lesezeit":"2\u00a0Minuten"},"schema":{"@context":"https:\/\/schema.org","@graph":[{"@type":"Article","@id":"https:\/\/radioleinewelle.de\/index.php\/2020\/10\/03\/gruene-sind-entsetzt-ueber-die-vorlage-der-verwaltung-zur-neugestaltung-des-albaniplatzes-in-goettin\/#article","isPartOf":{"@id":"https:\/\/radioleinewelle.de\/index.php\/2020\/10\/03\/gruene-sind-entsetzt-ueber-die-vorlage-der-verwaltung-zur-neugestaltung-des-albaniplatzes-in-goettin\/"},"author":{"name":"Leinewelle","@id":"https:\/\/radioleinewelle.de\/#\/schema\/person\/45606f348637df637192dc1b68399a63"},"headline":"Gr\u00fcne sind entsetzt \u00fcber die Vorlage der Verwaltung zur \u201eNeugestaltung\u201c des Albaniplatzes in G\u00f6ttingen","datePublished":"2020-10-03T03:46:15+00:00","mainEntityOfPage":{"@id":"https:\/\/radioleinewelle.de\/index.php\/2020\/10\/03\/gruene-sind-entsetzt-ueber-die-vorlage-der-verwaltung-zur-neugestaltung-des-albaniplatzes-in-goettin\/"},"wordCount":502,"publisher":{"@id":"https:\/\/radioleinewelle.de\/#organization"},"image":{"@id":"https:\/\/radioleinewelle.de\/index.php\/2020\/10\/03\/gruene-sind-entsetzt-ueber-die-vorlage-der-verwaltung-zur-neugestaltung-des-albaniplatzes-in-goettin\/#primaryimage"},"thumbnailUrl":"https:\/\/radioleinewelle.de\/wp-content\/uploads\/2020\/10\/csm_albaniplatz-au-facebook-sharepic_49f5327325.jpg","articleSection":["Lokalpolitik"],"inLanguage":"de"},{"@type":"WebPage","@id":"https:\/\/radioleinewelle.de\/index.php\/2020\/10\/03\/gruene-sind-entsetzt-ueber-die-vorlage-der-verwaltung-zur-neugestaltung-des-albaniplatzes-in-goettin\/","url":"https:\/\/radioleinewelle.de\/index.php\/2020\/10\/03\/gruene-sind-entsetzt-ueber-die-vorlage-der-verwaltung-zur-neugestaltung-des-albaniplatzes-in-goettin\/","name":"Gr\u00fcne sind entsetzt \u00fcber die Vorlage der Verwaltung zur \u201eNeugestaltung\u201c des Albaniplatzes in G\u00f6ttingen - Radio Leinewelle","isPartOf":{"@id":"https:\/\/radioleinewelle.de\/#website"},"primaryImageOfPage":{"@id":"https:\/\/radioleinewelle.de\/index.php\/2020\/10\/03\/gruene-sind-entsetzt-ueber-die-vorlage-der-verwaltung-zur-neugestaltung-des-albaniplatzes-in-goettin\/#primaryimage"},"image":{"@id":"https:\/\/radioleinewelle.de\/index.php\/2020\/10\/03\/gruene-sind-entsetzt-ueber-die-vorlage-der-verwaltung-zur-neugestaltung-des-albaniplatzes-in-goettin\/#primaryimage"},"thumbnailUrl":"https:\/\/radioleinewelle.de\/wp-content\/uploads\/2020\/10\/csm_albaniplatz-au-facebook-sharepic_49f5327325.jpg","datePublished":"2020-10-03T03:46:15+00:00","breadcrumb":{"@id":"https:\/\/radioleinewelle.de\/index.php\/2020\/10\/03\/gruene-sind-entsetzt-ueber-die-vorlage-der-verwaltung-zur-neugestaltung-des-albaniplatzes-in-goettin\/#breadcrumb"},"inLanguage":"de","potentialAction":[{"@type":"ReadAction","target":["https:\/\/radioleinewelle.de\/index.php\/2020\/10\/03\/gruene-sind-entsetzt-ueber-die-vorlage-der-verwaltung-zur-neugestaltung-des-albaniplatzes-in-goettin\/"]}]},{"@type":"ImageObject","inLanguage":"de","@id":"https:\/\/radioleinewelle.de\/index.php\/2020\/10\/03\/gruene-sind-entsetzt-ueber-die-vorlage-der-verwaltung-zur-neugestaltung-des-albaniplatzes-in-goettin\/#primaryimage","url":"https:\/\/radioleinewelle.de\/wp-content\/uploads\/2020\/10\/csm_albaniplatz-au-facebook-sharepic_49f5327325.jpg","contentUrl":"https:\/\/radioleinewelle.de\/wp-content\/uploads\/2020\/10\/csm_albaniplatz-au-facebook-sharepic_49f5327325.jpg","width":800,"height":420},{"@type":"BreadcrumbList","@id":"https:\/\/radioleinewelle.de\/index.php\/2020\/10\/03\/gruene-sind-entsetzt-ueber-die-vorlage-der-verwaltung-zur-neugestaltung-des-albaniplatzes-in-goettin\/#breadcrumb","itemListElement":[{"@type":"ListItem","position":1,"name":"Startseite","item":"https:\/\/radioleinewelle.de\/"},{"@type":"ListItem","position":2,"name":"Gr\u00fcne sind entsetzt \u00fcber die Vorlage der Verwaltung zur \u201eNeugestaltung\u201c des Albaniplatzes in G\u00f6ttingen"}]},{"@type":"WebSite","@id":"https:\/\/radioleinewelle.de\/#website","url":"https:\/\/radioleinewelle.de\/","name":"Radio Leinewelle","description":"","publisher":{"@id":"https:\/\/radioleinewelle.de\/#organization"},"potentialAction":[{"@type":"SearchAction","target":{"@type":"EntryPoint","urlTemplate":"https:\/\/radioleinewelle.de\/?s={search_term_string}"},"query-input":{"@type":"PropertyValueSpecification","valueRequired":true,"valueName":"search_term_string"}}],"inLanguage":"de"},{"@type":"Organization","@id":"https:\/\/radioleinewelle.de\/#organization","name":"Radio Leinewelle","alternateName":"Mein Radio f\u00fcr S\u00fcdniedersachsen","url":"https:\/\/radioleinewelle.de\/","logo":{"@type":"ImageObject","inLanguage":"de","@id":"https:\/\/radioleinewelle.de\/#\/schema\/logo\/image\/","url":"https:\/\/radioleinewelle.de\/wp-content\/uploads\/2023\/11\/cropped-Leinewelle_Logo_weiss.png","contentUrl":"https:\/\/radioleinewelle.de\/wp-content\/uploads\/2023\/11\/cropped-Leinewelle_Logo_weiss.png","width":854,"height":260,"caption":"Radio Leinewelle"},"image":{"@id":"https:\/\/radioleinewelle.de\/#\/schema\/logo\/image\/"},"sameAs":["https:\/\/www.facebook.com\/radioleinewelle","https:\/\/x.com\/RLeinewelle","https:\/\/www.instagram.com\/radioleinewelle\/?hl=de"]},{"@type":"Person","@id":"https:\/\/radioleinewelle.de\/#\/schema\/person\/45606f348637df637192dc1b68399a63","name":"Leinewelle","image":{"@type":"ImageObject","inLanguage":"de","@id":"https:\/\/secure.gravatar.com\/avatar\/05c9a17bc973052ee5d91549bd32fb4dd0dc85b7b85ae94b2e2b4943476bbea5?s=96&d=blank&r=g","url":"https:\/\/secure.gravatar.com\/avatar\/05c9a17bc973052ee5d91549bd32fb4dd0dc85b7b85ae94b2e2b4943476bbea5?s=96&d=blank&r=g","contentUrl":"https:\/\/secure.gravatar.com\/avatar\/05c9a17bc973052ee5d91549bd32fb4dd0dc85b7b85ae94b2e2b4943476bbea5?s=96&d=blank&r=g","caption":"Leinewelle"},"sameAs":["http:\/\/localhost\/radio%20leinewelle\/wordpress","https:\/\/www.facebook.com\/radioleinewelle","https:\/\/www.instagram.com\/radioleinewelle","https:\/\/x.com\/https:\/\/twitter.com\/RLeinewelle?ref_src=twsrcgoogletwcampserptwgrauthor","https:\/\/soundcloud.com\/foerderverein-lokalradio?utm_source=clipboard&utm_medium=text&utm_campaign=social_sharing"],"url":"https:\/\/radioleinewelle.de\/index.php\/author\/leinewelle\/"}]}},"_links":{"self":[{"href":"https:\/\/radioleinewelle.de\/index.php\/wp-json\/wp\/v2\/posts\/2040","targetHints":{"allow":["GET"]}}],"collection":[{"href":"https:\/\/radioleinewelle.de\/index.php\/wp-json\/wp\/v2\/posts"}],"about":[{"href":"https:\/\/radioleinewelle.de\/index.php\/wp-json\/wp\/v2\/types\/post"}],"author":[{"embeddable":true,"href":"https:\/\/radioleinewelle.de\/index.php\/wp-json\/wp\/v2\/users\/1"}],"replies":[{"embeddable":true,"href":"https:\/\/radioleinewelle.de\/index.php\/wp-json\/wp\/v2\/comments?post=2040"}],"version-history":[{"count":0,"href":"https:\/\/radioleinewelle.de\/index.php\/wp-json\/wp\/v2\/posts\/2040\/revisions"}],"wp:featuredmedia":[{"embeddable":true,"href":"https:\/\/radioleinewelle.de\/index.php\/wp-json\/wp\/v2\/media\/2041"}],"wp:attachment":[{"href":"https:\/\/radioleinewelle.de\/index.php\/wp-json\/wp\/v2\/media?parent=2040"}],"wp:term":[{"taxonomy":"category","embeddable":true,"href":"https:\/\/radioleinewelle.de\/index.php\/wp-json\/wp\/v2\/categories?post=2040"},{"taxonomy":"post_tag","embeddable":true,"href":"https:\/\/radioleinewelle.de\/index.php\/wp-json\/wp\/v2\/tags?post=2040"}],"curies":[{"name":"wp","href":"https:\/\/api.w.org\/{rel}","templated":true}]}}