{"id":2046,"date":"2020-10-03T08:18:50","date_gmt":"2020-10-03T06:18:50","guid":{"rendered":"https:\/\/radioleinewelle.de\/?p=2046"},"modified":"2020-10-03T08:18:50","modified_gmt":"2020-10-03T06:18:50","slug":"goettingen-stadtrundgang-zu-den-gruenen-oasen-in-der-goettinger-altstadt","status":"publish","type":"post","link":"https:\/\/radioleinewelle.de\/index.php\/2020\/10\/03\/goettingen-stadtrundgang-zu-den-gruenen-oasen-in-der-goettinger-altstadt\/","title":{"rendered":"G\u00f6ttingen: Stadtrundgang zu den gr\u00fcnen Oasen in der G\u00f6ttinger Altstadt"},"content":{"rendered":"<p><span class=\"b\">Universit\u00e4tsstadt G\u00f6ttingen (tig). Zu den idyllischen Ruheoasen inmitten der G\u00f6ttinger Altstadt f\u00fchrt ein Spaziergang unter dem Motto &#8222;Idyllische Pl\u00e4tze \u2013 G\u00e4rten, Gr\u00fcn und H\u00f6fe&#8220;, den die Tourist-Information am Sonntag, 4. Oktober 2020, anbietet.\u00a0<\/span>Diese spezielle Themenf\u00fchrung lenkt den Blick auf die oft unvermutet idyllischen Ruheoasen G\u00f6ttingens: G\u00e4rten, Gr\u00fcnanlagen und Innenh\u00f6fe sind in der Altstadt zu entdecken. Jeder dieser G\u00e4rten und Innenh\u00f6fe hat eine Geschichte, die eng mit der Geschichte der Stadt und ihrer Bewohner zusammenh\u00e4ngt. Die F\u00fchrung l\u00e4dt dazu ein, Kr\u00e4uter-, Lust- und Blumeng\u00e4rten zu entdecken und erz\u00e4hlt spannende Geschichten vom Leben in den Hinterh\u00f6fen.\u00a0<span class=\"b\">Der 1,5-st\u00fcndige Rundgang startet am Sonntag, 04.10.2020, um 11.00 Uhr vor der Tourist-Information am Alten Rathaus.\u00a0<\/span>F\u00fcr die Teilnahme gelten die Vorgaben der allgemeinen Verordnung des Landes Niedersachsen zum Schutz vor Neu-Infektionen mit dem Corona-Virus. Das bedeutet, dass die Teilnehmenden w\u00e4hrend der Dauer des Stadtrundgangs eine Mund-Nasen-Bedeckung tragen sowie mindestens 1,5 m Abstand zu Personen aus einem fremden Haushalt einhalten m\u00fcssen.\u00a0Tickets f\u00fcr die F\u00fchrung zum Preis von 8,00 Euro pro Person sind in der Tourist-Information am Alten Rathaus oder unter der Tickethotline (05 51) 4 99 80 31 erh\u00e4ltlich. Die Teilnehmerzahl ist begrenzt.<\/p>\n<p>Auf dem <a class=\"uri-ext outbound event-trigger\" href=\"https:\/\/www.instagram.com\/meingoettingen\/\" target=\"_blank\" data-category=\"story-outlink\" data-label=\"4719810\" data-action=\"click\" data-callback=\"link\" rel=\"noopener\">Instagram-Profil<\/a> \u201eMein G\u00f6ttingen\u201c sowie auf der gleichnamigen<a class=\"uri-ext outbound event-trigger\" href=\"https:\/\/www.facebook.com\/meingoettingen\" target=\"_blank\" data-category=\"story-outlink\" data-label=\"4719810\" data-action=\"click\" data-callback=\"link\" rel=\"noopener\"> Facebook-Seite<\/a> informiert G\u00f6ttingen Tourismus regelm\u00e4\u00dfig \u00fcber weitere Stadtf\u00fchrungen und Veranstaltungen.<\/p>\n","protected":false},"excerpt":{"rendered":"<p>Universit\u00e4tsstadt G\u00f6ttingen (tig). Zu den idyllischen Ruheoasen inmitten der G\u00f6ttinger Altstadt f\u00fchrt ein Spaziergang unter dem Motto &#8222;Idyllische Pl\u00e4tze \u2013 G\u00e4rten, Gr\u00fcn und H\u00f6fe&#8220;, den die Tourist-Information am Sonntag, 4. Oktober 2020, anbietet.\u00a0Diese spezielle Themenf\u00fchrung lenkt den Blick auf die oft unvermutet idyllischen Ruheoasen G\u00f6ttingens: G\u00e4rten, Gr\u00fcnanlagen und Innenh\u00f6fe sind in der Altstadt zu entdecken. [&hellip;]<\/p>\n","protected":false},"author":1,"featured_media":0,"comment_status":"closed","ping_status":"closed","sticky":false,"template":"","format":"standard","meta":{"saved_in_kubio":false,"footnotes":""},"categories":[42],"tags":[],"class_list":["post-2046","post","type-post","status-publish","format-standard","hentry","category-regionaler-tourismus"],"yoast_head":"<!-- This site is optimized with the Yoast SEO plugin v27.5 - https:\/\/yoast.com\/product\/yoast-seo-wordpress\/ -->\n<title>G\u00f6ttingen: Stadtrundgang zu den gr\u00fcnen Oasen in der G\u00f6ttinger Altstadt - Radio Leinewelle<\/title>\n<meta name=\"robots\" content=\"index, follow, max-snippet:-1, max-image-preview:large, max-video-preview:-1\" \/>\n<link rel=\"canonical\" href=\"https:\/\/radioleinewelle.de\/index.php\/2020\/10\/03\/goettingen-stadtrundgang-zu-den-gruenen-oasen-in-der-goettinger-altstadt\/\" \/>\n<meta property=\"og:locale\" content=\"de_DE\" \/>\n<meta property=\"og:type\" content=\"article\" \/>\n<meta property=\"og:title\" content=\"G\u00f6ttingen: Stadtrundgang zu den gr\u00fcnen Oasen in der G\u00f6ttinger Altstadt - Radio Leinewelle\" \/>\n<meta property=\"og:description\" content=\"Universit\u00e4tsstadt G\u00f6ttingen (tig). Zu den idyllischen Ruheoasen inmitten der G\u00f6ttinger Altstadt f\u00fchrt ein Spaziergang unter dem Motto &#8222;Idyllische Pl\u00e4tze \u2013 G\u00e4rten, Gr\u00fcn und H\u00f6fe&#8220;, den die Tourist-Information am Sonntag, 4. Oktober 2020, anbietet.\u00a0Diese spezielle Themenf\u00fchrung lenkt den Blick auf die oft unvermutet idyllischen Ruheoasen G\u00f6ttingens: G\u00e4rten, Gr\u00fcnanlagen und Innenh\u00f6fe sind in der Altstadt zu entdecken. [&hellip;]\" \/>\n<meta property=\"og:url\" content=\"https:\/\/radioleinewelle.de\/index.php\/2020\/10\/03\/goettingen-stadtrundgang-zu-den-gruenen-oasen-in-der-goettinger-altstadt\/\" \/>\n<meta property=\"og:site_name\" content=\"Radio Leinewelle\" \/>\n<meta property=\"article:publisher\" content=\"https:\/\/www.facebook.com\/radioleinewelle\" \/>\n<meta property=\"article:author\" content=\"https:\/\/www.facebook.com\/radioleinewelle\" \/>\n<meta property=\"article:published_time\" content=\"2020-10-03T06:18:50+00:00\" \/>\n<meta name=\"author\" content=\"Leinewelle\" \/>\n<meta name=\"twitter:card\" content=\"summary_large_image\" \/>\n<meta name=\"twitter:creator\" content=\"@https:\/\/twitter.com\/RLeinewelle?ref_src=twsrcgoogletwcampserptwgrauthor\" \/>\n<meta name=\"twitter:site\" content=\"@RLeinewelle\" \/>\n<meta name=\"twitter:label1\" content=\"Verfasst von\" \/>\n\t<meta name=\"twitter:data1\" content=\"Leinewelle\" \/>\n\t<meta name=\"twitter:label2\" content=\"Gesch\u00e4tzte Lesezeit\" \/>\n\t<meta name=\"twitter:data2\" content=\"1\u00a0Minute\" \/>\n<script type=\"application\/ld+json\" class=\"yoast-schema-graph\">{\"@context\":\"https:\\\/\\\/schema.org\",\"@graph\":[{\"@type\":\"Article\",\"@id\":\"https:\\\/\\\/radioleinewelle.de\\\/index.php\\\/2020\\\/10\\\/03\\\/goettingen-stadtrundgang-zu-den-gruenen-oasen-in-der-goettinger-altstadt\\\/#article\",\"isPartOf\":{\"@id\":\"https:\\\/\\\/radioleinewelle.de\\\/index.php\\\/2020\\\/10\\\/03\\\/goettingen-stadtrundgang-zu-den-gruenen-oasen-in-der-goettinger-altstadt\\\/\"},\"author\":{\"name\":\"Leinewelle\",\"@id\":\"https:\\\/\\\/radioleinewelle.de\\\/#\\\/schema\\\/person\\\/45606f348637df637192dc1b68399a63\"},\"headline\":\"G\u00f6ttingen: Stadtrundgang zu den gr\u00fcnen Oasen in der G\u00f6ttinger Altstadt\",\"datePublished\":\"2020-10-03T06:18:50+00:00\",\"mainEntityOfPage\":{\"@id\":\"https:\\\/\\\/radioleinewelle.de\\\/index.php\\\/2020\\\/10\\\/03\\\/goettingen-stadtrundgang-zu-den-gruenen-oasen-in-der-goettinger-altstadt\\\/\"},\"wordCount\":241,\"publisher\":{\"@id\":\"https:\\\/\\\/radioleinewelle.de\\\/#organization\"},\"articleSection\":[\"Regionaler Tourismus\"],\"inLanguage\":\"de\"},{\"@type\":\"WebPage\",\"@id\":\"https:\\\/\\\/radioleinewelle.de\\\/index.php\\\/2020\\\/10\\\/03\\\/goettingen-stadtrundgang-zu-den-gruenen-oasen-in-der-goettinger-altstadt\\\/\",\"url\":\"https:\\\/\\\/radioleinewelle.de\\\/index.php\\\/2020\\\/10\\\/03\\\/goettingen-stadtrundgang-zu-den-gruenen-oasen-in-der-goettinger-altstadt\\\/\",\"name\":\"G\u00f6ttingen: Stadtrundgang zu den gr\u00fcnen Oasen in der G\u00f6ttinger Altstadt - Radio Leinewelle\",\"isPartOf\":{\"@id\":\"https:\\\/\\\/radioleinewelle.de\\\/#website\"},\"datePublished\":\"2020-10-03T06:18:50+00:00\",\"breadcrumb\":{\"@id\":\"https:\\\/\\\/radioleinewelle.de\\\/index.php\\\/2020\\\/10\\\/03\\\/goettingen-stadtrundgang-zu-den-gruenen-oasen-in-der-goettinger-altstadt\\\/#breadcrumb\"},\"inLanguage\":\"de\",\"potentialAction\":[{\"@type\":\"ReadAction\",\"target\":[\"https:\\\/\\\/radioleinewelle.de\\\/index.php\\\/2020\\\/10\\\/03\\\/goettingen-stadtrundgang-zu-den-gruenen-oasen-in-der-goettinger-altstadt\\\/\"]}]},{\"@type\":\"BreadcrumbList\",\"@id\":\"https:\\\/\\\/radioleinewelle.de\\\/index.php\\\/2020\\\/10\\\/03\\\/goettingen-stadtrundgang-zu-den-gruenen-oasen-in-der-goettinger-altstadt\\\/#breadcrumb\",\"itemListElement\":[{\"@type\":\"ListItem\",\"position\":1,\"name\":\"Startseite\",\"item\":\"https:\\\/\\\/radioleinewelle.de\\\/\"},{\"@type\":\"ListItem\",\"position\":2,\"name\":\"G\u00f6ttingen: Stadtrundgang zu den gr\u00fcnen Oasen in der G\u00f6ttinger Altstadt\"}]},{\"@type\":\"WebSite\",\"@id\":\"https:\\\/\\\/radioleinewelle.de\\\/#website\",\"url\":\"https:\\\/\\\/radioleinewelle.de\\\/\",\"name\":\"Radio Leinewelle\",\"description\":\"\",\"publisher\":{\"@id\":\"https:\\\/\\\/radioleinewelle.de\\\/#organization\"},\"potentialAction\":[{\"@type\":\"SearchAction\",\"target\":{\"@type\":\"EntryPoint\",\"urlTemplate\":\"https:\\\/\\\/radioleinewelle.de\\\/?s={search_term_string}\"},\"query-input\":{\"@type\":\"PropertyValueSpecification\",\"valueRequired\":true,\"valueName\":\"search_term_string\"}}],\"inLanguage\":\"de\"},{\"@type\":\"Organization\",\"@id\":\"https:\\\/\\\/radioleinewelle.de\\\/#organization\",\"name\":\"Radio Leinewelle\",\"alternateName\":\"Mein Radio f\u00fcr S\u00fcdniedersachsen\",\"url\":\"https:\\\/\\\/radioleinewelle.de\\\/\",\"logo\":{\"@type\":\"ImageObject\",\"inLanguage\":\"de\",\"@id\":\"https:\\\/\\\/radioleinewelle.de\\\/#\\\/schema\\\/logo\\\/image\\\/\",\"url\":\"https:\\\/\\\/radioleinewelle.de\\\/wp-content\\\/uploads\\\/2023\\\/11\\\/cropped-Leinewelle_Logo_weiss.png\",\"contentUrl\":\"https:\\\/\\\/radioleinewelle.de\\\/wp-content\\\/uploads\\\/2023\\\/11\\\/cropped-Leinewelle_Logo_weiss.png\",\"width\":854,\"height\":260,\"caption\":\"Radio Leinewelle\"},\"image\":{\"@id\":\"https:\\\/\\\/radioleinewelle.de\\\/#\\\/schema\\\/logo\\\/image\\\/\"},\"sameAs\":[\"https:\\\/\\\/www.facebook.com\\\/radioleinewelle\",\"https:\\\/\\\/x.com\\\/RLeinewelle\",\"https:\\\/\\\/www.instagram.com\\\/radioleinewelle\\\/?hl=de\"]},{\"@type\":\"Person\",\"@id\":\"https:\\\/\\\/radioleinewelle.de\\\/#\\\/schema\\\/person\\\/45606f348637df637192dc1b68399a63\",\"name\":\"Leinewelle\",\"image\":{\"@type\":\"ImageObject\",\"inLanguage\":\"de\",\"@id\":\"https:\\\/\\\/secure.gravatar.com\\\/avatar\\\/05c9a17bc973052ee5d91549bd32fb4dd0dc85b7b85ae94b2e2b4943476bbea5?s=96&d=blank&r=g\",\"url\":\"https:\\\/\\\/secure.gravatar.com\\\/avatar\\\/05c9a17bc973052ee5d91549bd32fb4dd0dc85b7b85ae94b2e2b4943476bbea5?s=96&d=blank&r=g\",\"contentUrl\":\"https:\\\/\\\/secure.gravatar.com\\\/avatar\\\/05c9a17bc973052ee5d91549bd32fb4dd0dc85b7b85ae94b2e2b4943476bbea5?s=96&d=blank&r=g\",\"caption\":\"Leinewelle\"},\"sameAs\":[\"http:\\\/\\\/localhost\\\/radio%20leinewelle\\\/wordpress\",\"https:\\\/\\\/www.facebook.com\\\/radioleinewelle\",\"https:\\\/\\\/www.instagram.com\\\/radioleinewelle\",\"https:\\\/\\\/x.com\\\/https:\\\/\\\/twitter.com\\\/RLeinewelle?ref_src=twsrcgoogletwcampserptwgrauthor\",\"https:\\\/\\\/soundcloud.com\\\/foerderverein-lokalradio?utm_source=clipboard&utm_medium=text&utm_campaign=social_sharing\"],\"url\":\"https:\\\/\\\/radioleinewelle.de\\\/index.php\\\/author\\\/leinewelle\\\/\"}]}<\/script>\n<!-- \/ Yoast SEO plugin. -->","yoast_head_json":{"title":"G\u00f6ttingen: Stadtrundgang zu den gr\u00fcnen Oasen in der G\u00f6ttinger Altstadt - Radio Leinewelle","robots":{"index":"index","follow":"follow","max-snippet":"max-snippet:-1","max-image-preview":"max-image-preview:large","max-video-preview":"max-video-preview:-1"},"canonical":"https:\/\/radioleinewelle.de\/index.php\/2020\/10\/03\/goettingen-stadtrundgang-zu-den-gruenen-oasen-in-der-goettinger-altstadt\/","og_locale":"de_DE","og_type":"article","og_title":"G\u00f6ttingen: Stadtrundgang zu den gr\u00fcnen Oasen in der G\u00f6ttinger Altstadt - Radio Leinewelle","og_description":"Universit\u00e4tsstadt G\u00f6ttingen (tig). Zu den idyllischen Ruheoasen inmitten der G\u00f6ttinger Altstadt f\u00fchrt ein Spaziergang unter dem Motto &#8222;Idyllische Pl\u00e4tze \u2013 G\u00e4rten, Gr\u00fcn und H\u00f6fe&#8220;, den die Tourist-Information am Sonntag, 4. Oktober 2020, anbietet.\u00a0Diese spezielle Themenf\u00fchrung lenkt den Blick auf die oft unvermutet idyllischen Ruheoasen G\u00f6ttingens: G\u00e4rten, Gr\u00fcnanlagen und Innenh\u00f6fe sind in der Altstadt zu entdecken. [&hellip;]","og_url":"https:\/\/radioleinewelle.de\/index.php\/2020\/10\/03\/goettingen-stadtrundgang-zu-den-gruenen-oasen-in-der-goettinger-altstadt\/","og_site_name":"Radio Leinewelle","article_publisher":"https:\/\/www.facebook.com\/radioleinewelle","article_author":"https:\/\/www.facebook.com\/radioleinewelle","article_published_time":"2020-10-03T06:18:50+00:00","author":"Leinewelle","twitter_card":"summary_large_image","twitter_creator":"@https:\/\/twitter.com\/RLeinewelle?ref_src=twsrcgoogletwcampserptwgrauthor","twitter_site":"@RLeinewelle","twitter_misc":{"Verfasst von":"Leinewelle","Gesch\u00e4tzte Lesezeit":"1\u00a0Minute"},"schema":{"@context":"https:\/\/schema.org","@graph":[{"@type":"Article","@id":"https:\/\/radioleinewelle.de\/index.php\/2020\/10\/03\/goettingen-stadtrundgang-zu-den-gruenen-oasen-in-der-goettinger-altstadt\/#article","isPartOf":{"@id":"https:\/\/radioleinewelle.de\/index.php\/2020\/10\/03\/goettingen-stadtrundgang-zu-den-gruenen-oasen-in-der-goettinger-altstadt\/"},"author":{"name":"Leinewelle","@id":"https:\/\/radioleinewelle.de\/#\/schema\/person\/45606f348637df637192dc1b68399a63"},"headline":"G\u00f6ttingen: Stadtrundgang zu den gr\u00fcnen Oasen in der G\u00f6ttinger Altstadt","datePublished":"2020-10-03T06:18:50+00:00","mainEntityOfPage":{"@id":"https:\/\/radioleinewelle.de\/index.php\/2020\/10\/03\/goettingen-stadtrundgang-zu-den-gruenen-oasen-in-der-goettinger-altstadt\/"},"wordCount":241,"publisher":{"@id":"https:\/\/radioleinewelle.de\/#organization"},"articleSection":["Regionaler Tourismus"],"inLanguage":"de"},{"@type":"WebPage","@id":"https:\/\/radioleinewelle.de\/index.php\/2020\/10\/03\/goettingen-stadtrundgang-zu-den-gruenen-oasen-in-der-goettinger-altstadt\/","url":"https:\/\/radioleinewelle.de\/index.php\/2020\/10\/03\/goettingen-stadtrundgang-zu-den-gruenen-oasen-in-der-goettinger-altstadt\/","name":"G\u00f6ttingen: Stadtrundgang zu den gr\u00fcnen Oasen in der G\u00f6ttinger Altstadt - Radio Leinewelle","isPartOf":{"@id":"https:\/\/radioleinewelle.de\/#website"},"datePublished":"2020-10-03T06:18:50+00:00","breadcrumb":{"@id":"https:\/\/radioleinewelle.de\/index.php\/2020\/10\/03\/goettingen-stadtrundgang-zu-den-gruenen-oasen-in-der-goettinger-altstadt\/#breadcrumb"},"inLanguage":"de","potentialAction":[{"@type":"ReadAction","target":["https:\/\/radioleinewelle.de\/index.php\/2020\/10\/03\/goettingen-stadtrundgang-zu-den-gruenen-oasen-in-der-goettinger-altstadt\/"]}]},{"@type":"BreadcrumbList","@id":"https:\/\/radioleinewelle.de\/index.php\/2020\/10\/03\/goettingen-stadtrundgang-zu-den-gruenen-oasen-in-der-goettinger-altstadt\/#breadcrumb","itemListElement":[{"@type":"ListItem","position":1,"name":"Startseite","item":"https:\/\/radioleinewelle.de\/"},{"@type":"ListItem","position":2,"name":"G\u00f6ttingen: Stadtrundgang zu den gr\u00fcnen Oasen in der G\u00f6ttinger Altstadt"}]},{"@type":"WebSite","@id":"https:\/\/radioleinewelle.de\/#website","url":"https:\/\/radioleinewelle.de\/","name":"Radio Leinewelle","description":"","publisher":{"@id":"https:\/\/radioleinewelle.de\/#organization"},"potentialAction":[{"@type":"SearchAction","target":{"@type":"EntryPoint","urlTemplate":"https:\/\/radioleinewelle.de\/?s={search_term_string}"},"query-input":{"@type":"PropertyValueSpecification","valueRequired":true,"valueName":"search_term_string"}}],"inLanguage":"de"},{"@type":"Organization","@id":"https:\/\/radioleinewelle.de\/#organization","name":"Radio Leinewelle","alternateName":"Mein Radio f\u00fcr S\u00fcdniedersachsen","url":"https:\/\/radioleinewelle.de\/","logo":{"@type":"ImageObject","inLanguage":"de","@id":"https:\/\/radioleinewelle.de\/#\/schema\/logo\/image\/","url":"https:\/\/radioleinewelle.de\/wp-content\/uploads\/2023\/11\/cropped-Leinewelle_Logo_weiss.png","contentUrl":"https:\/\/radioleinewelle.de\/wp-content\/uploads\/2023\/11\/cropped-Leinewelle_Logo_weiss.png","width":854,"height":260,"caption":"Radio Leinewelle"},"image":{"@id":"https:\/\/radioleinewelle.de\/#\/schema\/logo\/image\/"},"sameAs":["https:\/\/www.facebook.com\/radioleinewelle","https:\/\/x.com\/RLeinewelle","https:\/\/www.instagram.com\/radioleinewelle\/?hl=de"]},{"@type":"Person","@id":"https:\/\/radioleinewelle.de\/#\/schema\/person\/45606f348637df637192dc1b68399a63","name":"Leinewelle","image":{"@type":"ImageObject","inLanguage":"de","@id":"https:\/\/secure.gravatar.com\/avatar\/05c9a17bc973052ee5d91549bd32fb4dd0dc85b7b85ae94b2e2b4943476bbea5?s=96&d=blank&r=g","url":"https:\/\/secure.gravatar.com\/avatar\/05c9a17bc973052ee5d91549bd32fb4dd0dc85b7b85ae94b2e2b4943476bbea5?s=96&d=blank&r=g","contentUrl":"https:\/\/secure.gravatar.com\/avatar\/05c9a17bc973052ee5d91549bd32fb4dd0dc85b7b85ae94b2e2b4943476bbea5?s=96&d=blank&r=g","caption":"Leinewelle"},"sameAs":["http:\/\/localhost\/radio%20leinewelle\/wordpress","https:\/\/www.facebook.com\/radioleinewelle","https:\/\/www.instagram.com\/radioleinewelle","https:\/\/x.com\/https:\/\/twitter.com\/RLeinewelle?ref_src=twsrcgoogletwcampserptwgrauthor","https:\/\/soundcloud.com\/foerderverein-lokalradio?utm_source=clipboard&utm_medium=text&utm_campaign=social_sharing"],"url":"https:\/\/radioleinewelle.de\/index.php\/author\/leinewelle\/"}]}},"_links":{"self":[{"href":"https:\/\/radioleinewelle.de\/index.php\/wp-json\/wp\/v2\/posts\/2046","targetHints":{"allow":["GET"]}}],"collection":[{"href":"https:\/\/radioleinewelle.de\/index.php\/wp-json\/wp\/v2\/posts"}],"about":[{"href":"https:\/\/radioleinewelle.de\/index.php\/wp-json\/wp\/v2\/types\/post"}],"author":[{"embeddable":true,"href":"https:\/\/radioleinewelle.de\/index.php\/wp-json\/wp\/v2\/users\/1"}],"replies":[{"embeddable":true,"href":"https:\/\/radioleinewelle.de\/index.php\/wp-json\/wp\/v2\/comments?post=2046"}],"version-history":[{"count":0,"href":"https:\/\/radioleinewelle.de\/index.php\/wp-json\/wp\/v2\/posts\/2046\/revisions"}],"wp:attachment":[{"href":"https:\/\/radioleinewelle.de\/index.php\/wp-json\/wp\/v2\/media?parent=2046"}],"wp:term":[{"taxonomy":"category","embeddable":true,"href":"https:\/\/radioleinewelle.de\/index.php\/wp-json\/wp\/v2\/categories?post=2046"},{"taxonomy":"post_tag","embeddable":true,"href":"https:\/\/radioleinewelle.de\/index.php\/wp-json\/wp\/v2\/tags?post=2046"}],"curies":[{"name":"wp","href":"https:\/\/api.w.org\/{rel}","templated":true}]}}