{"id":2049,"date":"2020-10-04T05:28:19","date_gmt":"2020-10-04T03:28:19","guid":{"rendered":"https:\/\/radioleinewelle.de\/?p=2049"},"modified":"2020-10-04T05:28:19","modified_gmt":"2020-10-04T03:28:19","slug":"literarisches-zentrum-goettingen-gegen-die-scham-anna-mayr-deniz-ohde","status":"publish","type":"post","link":"https:\/\/radioleinewelle.de\/index.php\/2020\/10\/04\/literarisches-zentrum-goettingen-gegen-die-scham-anna-mayr-deniz-ohde\/","title":{"rendered":"Literarisches Zentrum G\u00f6ttingen &#8211; Gegen die Scham mit Anna Mayr &#038; Deniz Ohde"},"content":{"rendered":"<p>Lesung am 07.10. im Alten Rathaus um 20:00 Uhr Vorverkauf<\/p>\n<p>Ich stehe ja am Rande der Gesellschaft\u00ab, sagt die Erz\u00e4hlerin in Deniz Ohdes Deb\u00fctroman <em>Streulicht<\/em>(Suhrkamp 2020) lachend zu ihren Freund*innen aus Mittelstandsfamilien, um blo\u00dfstellenden Bemerkungen zuvorzukommen. Ohdes bemerkenswertes Buch erz\u00e4hlt unter anderem davon, wie wenig in Deutschland von \u203aChancengleichheit\u2039 die Rede sein kann. In kaum einem anderen reichen Land ist die Bildungslaufbahn so abh\u00e4ngig vom sozio-\u00f6konomischen Hintergrund wie hier.<br \/>\n\u00bbIch bin vollkommen bereit dazu, die finanzielle Aufspaltung unter Erwachsenen als unsch\u00f6ne Nebenwirkung des Kapitalismus zu akzeptieren \u2026 Aber zu akzeptieren, dass aus einem Jungen, der in einer armen Familie aufw\u00e4chst, niemals ein professioneller Ballettt\u00e4nzer werden kann oder ein Dressurreiter, das f\u00e4llt mir schwer\u00ab, schreibt Anna Mayr in <em>Die Elenden<\/em> (Hanser Berlin 2020). Fr\u00fcher sch\u00e4mte sich die\u00a0<em><span class=\"caps\">ZEIT<\/span><\/em>-Redakteurin f\u00fcr ihre langzeitarbeislosen Eltern. Heute wei\u00df und zeigt Mayr, dass unsere Gesellschaft Menschen wie ihre Eltern braucht: als drohendes Bild des Elends, damit alle anderen wissen, dass sie selbst das Richtige tun, n\u00e4mlich unerm\u00fcdlich\u00a0arbeiten.<\/p>\n<p><strong>Anna-Marie Humbert<\/strong> (Berlin) will mit beiden Autorinnen ergr\u00fcnden, wie sich \u00fcber Armut, Abwertung, Scham, erschwerte Teilhabe schreiben und reden l\u00e4sst \u2013 analytisch, essayistisch,\u00a0literarisch.<\/p>\n<p>In Kooperation mit dem Fachdienst Kultur der Stadt\u00a0G\u00f6ttingen<br \/>\n<strong>Foto:<\/strong> Anna Mayr \u00a9 Anna Tiessen | Deniz Ohde \u00a9 Heike Steinweg, Suhrkamp Verlag<\/p>\n<p>&nbsp;<\/p>\n","protected":false},"excerpt":{"rendered":"<p>Lesung am 07.10. im Alten Rathaus um 20:00 Uhr Vorverkauf Ich stehe ja am Rande der Gesellschaft\u00ab, sagt die Erz\u00e4hlerin in Deniz Ohdes Deb\u00fctroman Streulicht(Suhrkamp 2020) lachend zu ihren Freund*innen aus Mittelstandsfamilien, um blo\u00dfstellenden Bemerkungen zuvorzukommen. Ohdes bemerkenswertes Buch erz\u00e4hlt unter anderem davon, wie wenig in Deutschland von \u203aChancengleichheit\u2039 die Rede sein kann. In kaum [&hellip;]<\/p>\n","protected":false},"author":1,"featured_media":2051,"comment_status":"closed","ping_status":"closed","sticky":false,"template":"","format":"standard","meta":{"saved_in_kubio":false,"footnotes":""},"categories":[41],"tags":[],"class_list":["post-2049","post","type-post","status-publish","format-standard","has-post-thumbnail","hentry","category-veranstaltungen"],"yoast_head":"<!-- This site is optimized with the Yoast SEO plugin v27.5 - https:\/\/yoast.com\/product\/yoast-seo-wordpress\/ -->\n<title>Literarisches Zentrum G\u00f6ttingen - Gegen die Scham mit Anna Mayr &amp; Deniz Ohde - Radio Leinewelle<\/title>\n<meta name=\"robots\" content=\"index, follow, max-snippet:-1, max-image-preview:large, max-video-preview:-1\" \/>\n<link rel=\"canonical\" href=\"https:\/\/radioleinewelle.de\/index.php\/2020\/10\/04\/literarisches-zentrum-goettingen-gegen-die-scham-anna-mayr-deniz-ohde\/\" \/>\n<meta property=\"og:locale\" content=\"de_DE\" \/>\n<meta property=\"og:type\" content=\"article\" \/>\n<meta property=\"og:title\" content=\"Literarisches Zentrum G\u00f6ttingen - Gegen die Scham mit Anna Mayr &amp; Deniz Ohde - Radio Leinewelle\" \/>\n<meta property=\"og:description\" content=\"Lesung am 07.10. im Alten Rathaus um 20:00 Uhr Vorverkauf Ich stehe ja am Rande der Gesellschaft\u00ab, sagt die Erz\u00e4hlerin in Deniz Ohdes Deb\u00fctroman Streulicht(Suhrkamp 2020) lachend zu ihren Freund*innen aus Mittelstandsfamilien, um blo\u00dfstellenden Bemerkungen zuvorzukommen. Ohdes bemerkenswertes Buch erz\u00e4hlt unter anderem davon, wie wenig in Deutschland von \u203aChancengleichheit\u2039 die Rede sein kann. In kaum [&hellip;]\" \/>\n<meta property=\"og:url\" content=\"https:\/\/radioleinewelle.de\/index.php\/2020\/10\/04\/literarisches-zentrum-goettingen-gegen-die-scham-anna-mayr-deniz-ohde\/\" \/>\n<meta property=\"og:site_name\" content=\"Radio Leinewelle\" \/>\n<meta property=\"article:publisher\" content=\"https:\/\/www.facebook.com\/radioleinewelle\" \/>\n<meta property=\"article:author\" content=\"https:\/\/www.facebook.com\/radioleinewelle\" \/>\n<meta property=\"article:published_time\" content=\"2020-10-04T03:28:19+00:00\" \/>\n<meta property=\"og:image\" content=\"https:\/\/radioleinewelle.de\/wp-content\/uploads\/2020\/10\/Mayr_-_Ohde_bigsize-e1601724456312.png\" \/>\n\t<meta property=\"og:image:width\" content=\"467\" \/>\n\t<meta property=\"og:image:height\" content=\"400\" \/>\n\t<meta property=\"og:image:type\" content=\"image\/png\" \/>\n<meta name=\"author\" content=\"Leinewelle\" \/>\n<meta name=\"twitter:card\" content=\"summary_large_image\" \/>\n<meta name=\"twitter:creator\" content=\"@https:\/\/twitter.com\/RLeinewelle?ref_src=twsrcgoogletwcampserptwgrauthor\" \/>\n<meta name=\"twitter:site\" content=\"@RLeinewelle\" \/>\n<meta name=\"twitter:label1\" content=\"Verfasst von\" \/>\n\t<meta name=\"twitter:data1\" content=\"Leinewelle\" \/>\n\t<meta name=\"twitter:label2\" content=\"Gesch\u00e4tzte Lesezeit\" \/>\n\t<meta name=\"twitter:data2\" content=\"1\u00a0Minute\" \/>\n<script type=\"application\/ld+json\" class=\"yoast-schema-graph\">{\"@context\":\"https:\\\/\\\/schema.org\",\"@graph\":[{\"@type\":\"Article\",\"@id\":\"https:\\\/\\\/radioleinewelle.de\\\/index.php\\\/2020\\\/10\\\/04\\\/literarisches-zentrum-goettingen-gegen-die-scham-anna-mayr-deniz-ohde\\\/#article\",\"isPartOf\":{\"@id\":\"https:\\\/\\\/radioleinewelle.de\\\/index.php\\\/2020\\\/10\\\/04\\\/literarisches-zentrum-goettingen-gegen-die-scham-anna-mayr-deniz-ohde\\\/\"},\"author\":{\"name\":\"Leinewelle\",\"@id\":\"https:\\\/\\\/radioleinewelle.de\\\/#\\\/schema\\\/person\\\/45606f348637df637192dc1b68399a63\"},\"headline\":\"Literarisches Zentrum G\u00f6ttingen &#8211; Gegen die Scham mit Anna Mayr &#038; Deniz Ohde\",\"datePublished\":\"2020-10-04T03:28:19+00:00\",\"mainEntityOfPage\":{\"@id\":\"https:\\\/\\\/radioleinewelle.de\\\/index.php\\\/2020\\\/10\\\/04\\\/literarisches-zentrum-goettingen-gegen-die-scham-anna-mayr-deniz-ohde\\\/\"},\"wordCount\":235,\"publisher\":{\"@id\":\"https:\\\/\\\/radioleinewelle.de\\\/#organization\"},\"image\":{\"@id\":\"https:\\\/\\\/radioleinewelle.de\\\/index.php\\\/2020\\\/10\\\/04\\\/literarisches-zentrum-goettingen-gegen-die-scham-anna-mayr-deniz-ohde\\\/#primaryimage\"},\"thumbnailUrl\":\"https:\\\/\\\/radioleinewelle.de\\\/wp-content\\\/uploads\\\/2020\\\/10\\\/Mayr_-_Ohde_bigsize-e1601724456312.png\",\"articleSection\":[\"Veranstaltungen\"],\"inLanguage\":\"de\"},{\"@type\":\"WebPage\",\"@id\":\"https:\\\/\\\/radioleinewelle.de\\\/index.php\\\/2020\\\/10\\\/04\\\/literarisches-zentrum-goettingen-gegen-die-scham-anna-mayr-deniz-ohde\\\/\",\"url\":\"https:\\\/\\\/radioleinewelle.de\\\/index.php\\\/2020\\\/10\\\/04\\\/literarisches-zentrum-goettingen-gegen-die-scham-anna-mayr-deniz-ohde\\\/\",\"name\":\"Literarisches Zentrum G\u00f6ttingen - Gegen die Scham mit Anna Mayr & Deniz Ohde - Radio Leinewelle\",\"isPartOf\":{\"@id\":\"https:\\\/\\\/radioleinewelle.de\\\/#website\"},\"primaryImageOfPage\":{\"@id\":\"https:\\\/\\\/radioleinewelle.de\\\/index.php\\\/2020\\\/10\\\/04\\\/literarisches-zentrum-goettingen-gegen-die-scham-anna-mayr-deniz-ohde\\\/#primaryimage\"},\"image\":{\"@id\":\"https:\\\/\\\/radioleinewelle.de\\\/index.php\\\/2020\\\/10\\\/04\\\/literarisches-zentrum-goettingen-gegen-die-scham-anna-mayr-deniz-ohde\\\/#primaryimage\"},\"thumbnailUrl\":\"https:\\\/\\\/radioleinewelle.de\\\/wp-content\\\/uploads\\\/2020\\\/10\\\/Mayr_-_Ohde_bigsize-e1601724456312.png\",\"datePublished\":\"2020-10-04T03:28:19+00:00\",\"breadcrumb\":{\"@id\":\"https:\\\/\\\/radioleinewelle.de\\\/index.php\\\/2020\\\/10\\\/04\\\/literarisches-zentrum-goettingen-gegen-die-scham-anna-mayr-deniz-ohde\\\/#breadcrumb\"},\"inLanguage\":\"de\",\"potentialAction\":[{\"@type\":\"ReadAction\",\"target\":[\"https:\\\/\\\/radioleinewelle.de\\\/index.php\\\/2020\\\/10\\\/04\\\/literarisches-zentrum-goettingen-gegen-die-scham-anna-mayr-deniz-ohde\\\/\"]}]},{\"@type\":\"ImageObject\",\"inLanguage\":\"de\",\"@id\":\"https:\\\/\\\/radioleinewelle.de\\\/index.php\\\/2020\\\/10\\\/04\\\/literarisches-zentrum-goettingen-gegen-die-scham-anna-mayr-deniz-ohde\\\/#primaryimage\",\"url\":\"https:\\\/\\\/radioleinewelle.de\\\/wp-content\\\/uploads\\\/2020\\\/10\\\/Mayr_-_Ohde_bigsize-e1601724456312.png\",\"contentUrl\":\"https:\\\/\\\/radioleinewelle.de\\\/wp-content\\\/uploads\\\/2020\\\/10\\\/Mayr_-_Ohde_bigsize-e1601724456312.png\",\"width\":467,\"height\":400},{\"@type\":\"BreadcrumbList\",\"@id\":\"https:\\\/\\\/radioleinewelle.de\\\/index.php\\\/2020\\\/10\\\/04\\\/literarisches-zentrum-goettingen-gegen-die-scham-anna-mayr-deniz-ohde\\\/#breadcrumb\",\"itemListElement\":[{\"@type\":\"ListItem\",\"position\":1,\"name\":\"Startseite\",\"item\":\"https:\\\/\\\/radioleinewelle.de\\\/\"},{\"@type\":\"ListItem\",\"position\":2,\"name\":\"Literarisches Zentrum G\u00f6ttingen &#8211; Gegen die Scham mit Anna Mayr &#038; Deniz Ohde\"}]},{\"@type\":\"WebSite\",\"@id\":\"https:\\\/\\\/radioleinewelle.de\\\/#website\",\"url\":\"https:\\\/\\\/radioleinewelle.de\\\/\",\"name\":\"Radio Leinewelle\",\"description\":\"\",\"publisher\":{\"@id\":\"https:\\\/\\\/radioleinewelle.de\\\/#organization\"},\"potentialAction\":[{\"@type\":\"SearchAction\",\"target\":{\"@type\":\"EntryPoint\",\"urlTemplate\":\"https:\\\/\\\/radioleinewelle.de\\\/?s={search_term_string}\"},\"query-input\":{\"@type\":\"PropertyValueSpecification\",\"valueRequired\":true,\"valueName\":\"search_term_string\"}}],\"inLanguage\":\"de\"},{\"@type\":\"Organization\",\"@id\":\"https:\\\/\\\/radioleinewelle.de\\\/#organization\",\"name\":\"Radio Leinewelle\",\"alternateName\":\"Mein Radio f\u00fcr S\u00fcdniedersachsen\",\"url\":\"https:\\\/\\\/radioleinewelle.de\\\/\",\"logo\":{\"@type\":\"ImageObject\",\"inLanguage\":\"de\",\"@id\":\"https:\\\/\\\/radioleinewelle.de\\\/#\\\/schema\\\/logo\\\/image\\\/\",\"url\":\"https:\\\/\\\/radioleinewelle.de\\\/wp-content\\\/uploads\\\/2023\\\/11\\\/cropped-Leinewelle_Logo_weiss.png\",\"contentUrl\":\"https:\\\/\\\/radioleinewelle.de\\\/wp-content\\\/uploads\\\/2023\\\/11\\\/cropped-Leinewelle_Logo_weiss.png\",\"width\":854,\"height\":260,\"caption\":\"Radio Leinewelle\"},\"image\":{\"@id\":\"https:\\\/\\\/radioleinewelle.de\\\/#\\\/schema\\\/logo\\\/image\\\/\"},\"sameAs\":[\"https:\\\/\\\/www.facebook.com\\\/radioleinewelle\",\"https:\\\/\\\/x.com\\\/RLeinewelle\",\"https:\\\/\\\/www.instagram.com\\\/radioleinewelle\\\/?hl=de\"]},{\"@type\":\"Person\",\"@id\":\"https:\\\/\\\/radioleinewelle.de\\\/#\\\/schema\\\/person\\\/45606f348637df637192dc1b68399a63\",\"name\":\"Leinewelle\",\"image\":{\"@type\":\"ImageObject\",\"inLanguage\":\"de\",\"@id\":\"https:\\\/\\\/secure.gravatar.com\\\/avatar\\\/05c9a17bc973052ee5d91549bd32fb4dd0dc85b7b85ae94b2e2b4943476bbea5?s=96&d=blank&r=g\",\"url\":\"https:\\\/\\\/secure.gravatar.com\\\/avatar\\\/05c9a17bc973052ee5d91549bd32fb4dd0dc85b7b85ae94b2e2b4943476bbea5?s=96&d=blank&r=g\",\"contentUrl\":\"https:\\\/\\\/secure.gravatar.com\\\/avatar\\\/05c9a17bc973052ee5d91549bd32fb4dd0dc85b7b85ae94b2e2b4943476bbea5?s=96&d=blank&r=g\",\"caption\":\"Leinewelle\"},\"sameAs\":[\"http:\\\/\\\/localhost\\\/radio%20leinewelle\\\/wordpress\",\"https:\\\/\\\/www.facebook.com\\\/radioleinewelle\",\"https:\\\/\\\/www.instagram.com\\\/radioleinewelle\",\"https:\\\/\\\/x.com\\\/https:\\\/\\\/twitter.com\\\/RLeinewelle?ref_src=twsrcgoogletwcampserptwgrauthor\",\"https:\\\/\\\/soundcloud.com\\\/foerderverein-lokalradio?utm_source=clipboard&utm_medium=text&utm_campaign=social_sharing\"],\"url\":\"https:\\\/\\\/radioleinewelle.de\\\/index.php\\\/author\\\/leinewelle\\\/\"}]}<\/script>\n<!-- \/ Yoast SEO plugin. -->","yoast_head_json":{"title":"Literarisches Zentrum G\u00f6ttingen - Gegen die Scham mit Anna Mayr & Deniz Ohde - Radio Leinewelle","robots":{"index":"index","follow":"follow","max-snippet":"max-snippet:-1","max-image-preview":"max-image-preview:large","max-video-preview":"max-video-preview:-1"},"canonical":"https:\/\/radioleinewelle.de\/index.php\/2020\/10\/04\/literarisches-zentrum-goettingen-gegen-die-scham-anna-mayr-deniz-ohde\/","og_locale":"de_DE","og_type":"article","og_title":"Literarisches Zentrum G\u00f6ttingen - Gegen die Scham mit Anna Mayr & Deniz Ohde - Radio Leinewelle","og_description":"Lesung am 07.10. im Alten Rathaus um 20:00 Uhr Vorverkauf Ich stehe ja am Rande der Gesellschaft\u00ab, sagt die Erz\u00e4hlerin in Deniz Ohdes Deb\u00fctroman Streulicht(Suhrkamp 2020) lachend zu ihren Freund*innen aus Mittelstandsfamilien, um blo\u00dfstellenden Bemerkungen zuvorzukommen. Ohdes bemerkenswertes Buch erz\u00e4hlt unter anderem davon, wie wenig in Deutschland von \u203aChancengleichheit\u2039 die Rede sein kann. In kaum [&hellip;]","og_url":"https:\/\/radioleinewelle.de\/index.php\/2020\/10\/04\/literarisches-zentrum-goettingen-gegen-die-scham-anna-mayr-deniz-ohde\/","og_site_name":"Radio Leinewelle","article_publisher":"https:\/\/www.facebook.com\/radioleinewelle","article_author":"https:\/\/www.facebook.com\/radioleinewelle","article_published_time":"2020-10-04T03:28:19+00:00","og_image":[{"width":467,"height":400,"url":"https:\/\/radioleinewelle.de\/wp-content\/uploads\/2020\/10\/Mayr_-_Ohde_bigsize-e1601724456312.png","type":"image\/png"}],"author":"Leinewelle","twitter_card":"summary_large_image","twitter_creator":"@https:\/\/twitter.com\/RLeinewelle?ref_src=twsrcgoogletwcampserptwgrauthor","twitter_site":"@RLeinewelle","twitter_misc":{"Verfasst von":"Leinewelle","Gesch\u00e4tzte Lesezeit":"1\u00a0Minute"},"schema":{"@context":"https:\/\/schema.org","@graph":[{"@type":"Article","@id":"https:\/\/radioleinewelle.de\/index.php\/2020\/10\/04\/literarisches-zentrum-goettingen-gegen-die-scham-anna-mayr-deniz-ohde\/#article","isPartOf":{"@id":"https:\/\/radioleinewelle.de\/index.php\/2020\/10\/04\/literarisches-zentrum-goettingen-gegen-die-scham-anna-mayr-deniz-ohde\/"},"author":{"name":"Leinewelle","@id":"https:\/\/radioleinewelle.de\/#\/schema\/person\/45606f348637df637192dc1b68399a63"},"headline":"Literarisches Zentrum G\u00f6ttingen &#8211; Gegen die Scham mit Anna Mayr &#038; Deniz Ohde","datePublished":"2020-10-04T03:28:19+00:00","mainEntityOfPage":{"@id":"https:\/\/radioleinewelle.de\/index.php\/2020\/10\/04\/literarisches-zentrum-goettingen-gegen-die-scham-anna-mayr-deniz-ohde\/"},"wordCount":235,"publisher":{"@id":"https:\/\/radioleinewelle.de\/#organization"},"image":{"@id":"https:\/\/radioleinewelle.de\/index.php\/2020\/10\/04\/literarisches-zentrum-goettingen-gegen-die-scham-anna-mayr-deniz-ohde\/#primaryimage"},"thumbnailUrl":"https:\/\/radioleinewelle.de\/wp-content\/uploads\/2020\/10\/Mayr_-_Ohde_bigsize-e1601724456312.png","articleSection":["Veranstaltungen"],"inLanguage":"de"},{"@type":"WebPage","@id":"https:\/\/radioleinewelle.de\/index.php\/2020\/10\/04\/literarisches-zentrum-goettingen-gegen-die-scham-anna-mayr-deniz-ohde\/","url":"https:\/\/radioleinewelle.de\/index.php\/2020\/10\/04\/literarisches-zentrum-goettingen-gegen-die-scham-anna-mayr-deniz-ohde\/","name":"Literarisches Zentrum G\u00f6ttingen - Gegen die Scham mit Anna Mayr & Deniz Ohde - Radio Leinewelle","isPartOf":{"@id":"https:\/\/radioleinewelle.de\/#website"},"primaryImageOfPage":{"@id":"https:\/\/radioleinewelle.de\/index.php\/2020\/10\/04\/literarisches-zentrum-goettingen-gegen-die-scham-anna-mayr-deniz-ohde\/#primaryimage"},"image":{"@id":"https:\/\/radioleinewelle.de\/index.php\/2020\/10\/04\/literarisches-zentrum-goettingen-gegen-die-scham-anna-mayr-deniz-ohde\/#primaryimage"},"thumbnailUrl":"https:\/\/radioleinewelle.de\/wp-content\/uploads\/2020\/10\/Mayr_-_Ohde_bigsize-e1601724456312.png","datePublished":"2020-10-04T03:28:19+00:00","breadcrumb":{"@id":"https:\/\/radioleinewelle.de\/index.php\/2020\/10\/04\/literarisches-zentrum-goettingen-gegen-die-scham-anna-mayr-deniz-ohde\/#breadcrumb"},"inLanguage":"de","potentialAction":[{"@type":"ReadAction","target":["https:\/\/radioleinewelle.de\/index.php\/2020\/10\/04\/literarisches-zentrum-goettingen-gegen-die-scham-anna-mayr-deniz-ohde\/"]}]},{"@type":"ImageObject","inLanguage":"de","@id":"https:\/\/radioleinewelle.de\/index.php\/2020\/10\/04\/literarisches-zentrum-goettingen-gegen-die-scham-anna-mayr-deniz-ohde\/#primaryimage","url":"https:\/\/radioleinewelle.de\/wp-content\/uploads\/2020\/10\/Mayr_-_Ohde_bigsize-e1601724456312.png","contentUrl":"https:\/\/radioleinewelle.de\/wp-content\/uploads\/2020\/10\/Mayr_-_Ohde_bigsize-e1601724456312.png","width":467,"height":400},{"@type":"BreadcrumbList","@id":"https:\/\/radioleinewelle.de\/index.php\/2020\/10\/04\/literarisches-zentrum-goettingen-gegen-die-scham-anna-mayr-deniz-ohde\/#breadcrumb","itemListElement":[{"@type":"ListItem","position":1,"name":"Startseite","item":"https:\/\/radioleinewelle.de\/"},{"@type":"ListItem","position":2,"name":"Literarisches Zentrum G\u00f6ttingen &#8211; Gegen die Scham mit Anna Mayr &#038; Deniz Ohde"}]},{"@type":"WebSite","@id":"https:\/\/radioleinewelle.de\/#website","url":"https:\/\/radioleinewelle.de\/","name":"Radio Leinewelle","description":"","publisher":{"@id":"https:\/\/radioleinewelle.de\/#organization"},"potentialAction":[{"@type":"SearchAction","target":{"@type":"EntryPoint","urlTemplate":"https:\/\/radioleinewelle.de\/?s={search_term_string}"},"query-input":{"@type":"PropertyValueSpecification","valueRequired":true,"valueName":"search_term_string"}}],"inLanguage":"de"},{"@type":"Organization","@id":"https:\/\/radioleinewelle.de\/#organization","name":"Radio Leinewelle","alternateName":"Mein Radio f\u00fcr S\u00fcdniedersachsen","url":"https:\/\/radioleinewelle.de\/","logo":{"@type":"ImageObject","inLanguage":"de","@id":"https:\/\/radioleinewelle.de\/#\/schema\/logo\/image\/","url":"https:\/\/radioleinewelle.de\/wp-content\/uploads\/2023\/11\/cropped-Leinewelle_Logo_weiss.png","contentUrl":"https:\/\/radioleinewelle.de\/wp-content\/uploads\/2023\/11\/cropped-Leinewelle_Logo_weiss.png","width":854,"height":260,"caption":"Radio Leinewelle"},"image":{"@id":"https:\/\/radioleinewelle.de\/#\/schema\/logo\/image\/"},"sameAs":["https:\/\/www.facebook.com\/radioleinewelle","https:\/\/x.com\/RLeinewelle","https:\/\/www.instagram.com\/radioleinewelle\/?hl=de"]},{"@type":"Person","@id":"https:\/\/radioleinewelle.de\/#\/schema\/person\/45606f348637df637192dc1b68399a63","name":"Leinewelle","image":{"@type":"ImageObject","inLanguage":"de","@id":"https:\/\/secure.gravatar.com\/avatar\/05c9a17bc973052ee5d91549bd32fb4dd0dc85b7b85ae94b2e2b4943476bbea5?s=96&d=blank&r=g","url":"https:\/\/secure.gravatar.com\/avatar\/05c9a17bc973052ee5d91549bd32fb4dd0dc85b7b85ae94b2e2b4943476bbea5?s=96&d=blank&r=g","contentUrl":"https:\/\/secure.gravatar.com\/avatar\/05c9a17bc973052ee5d91549bd32fb4dd0dc85b7b85ae94b2e2b4943476bbea5?s=96&d=blank&r=g","caption":"Leinewelle"},"sameAs":["http:\/\/localhost\/radio%20leinewelle\/wordpress","https:\/\/www.facebook.com\/radioleinewelle","https:\/\/www.instagram.com\/radioleinewelle","https:\/\/x.com\/https:\/\/twitter.com\/RLeinewelle?ref_src=twsrcgoogletwcampserptwgrauthor","https:\/\/soundcloud.com\/foerderverein-lokalradio?utm_source=clipboard&utm_medium=text&utm_campaign=social_sharing"],"url":"https:\/\/radioleinewelle.de\/index.php\/author\/leinewelle\/"}]}},"_links":{"self":[{"href":"https:\/\/radioleinewelle.de\/index.php\/wp-json\/wp\/v2\/posts\/2049","targetHints":{"allow":["GET"]}}],"collection":[{"href":"https:\/\/radioleinewelle.de\/index.php\/wp-json\/wp\/v2\/posts"}],"about":[{"href":"https:\/\/radioleinewelle.de\/index.php\/wp-json\/wp\/v2\/types\/post"}],"author":[{"embeddable":true,"href":"https:\/\/radioleinewelle.de\/index.php\/wp-json\/wp\/v2\/users\/1"}],"replies":[{"embeddable":true,"href":"https:\/\/radioleinewelle.de\/index.php\/wp-json\/wp\/v2\/comments?post=2049"}],"version-history":[{"count":0,"href":"https:\/\/radioleinewelle.de\/index.php\/wp-json\/wp\/v2\/posts\/2049\/revisions"}],"wp:featuredmedia":[{"embeddable":true,"href":"https:\/\/radioleinewelle.de\/index.php\/wp-json\/wp\/v2\/media\/2051"}],"wp:attachment":[{"href":"https:\/\/radioleinewelle.de\/index.php\/wp-json\/wp\/v2\/media?parent=2049"}],"wp:term":[{"taxonomy":"category","embeddable":true,"href":"https:\/\/radioleinewelle.de\/index.php\/wp-json\/wp\/v2\/categories?post=2049"},{"taxonomy":"post_tag","embeddable":true,"href":"https:\/\/radioleinewelle.de\/index.php\/wp-json\/wp\/v2\/tags?post=2049"}],"curies":[{"name":"wp","href":"https:\/\/api.w.org\/{rel}","templated":true}]}}