{"id":2053,"date":"2020-10-04T05:33:27","date_gmt":"2020-10-04T03:33:27","guid":{"rendered":"https:\/\/radioleinewelle.de\/?p=2053"},"modified":"2020-10-04T05:33:27","modified_gmt":"2020-10-04T03:33:27","slug":"aufreinigungsspezialist-bia-separations-wird-teil-von-sartorius","status":"publish","type":"post","link":"https:\/\/radioleinewelle.de\/index.php\/2020\/10\/04\/aufreinigungsspezialist-bia-separations-wird-teil-von-sartorius\/","title":{"rendered":"Aufreinigungsspezialist BIA Separations wird Teil von Sartorius"},"content":{"rendered":"<p>Das Life-Science-Unternehmen Sartorius hat heute die Unterzeichnung einer Vereinbarung zur Eingliederung des Aufreinigungsspezialisten BIA Separations in seinen Teilkonzern Sartorius Stedim Biotech bekannt gegeben. Die Transaktion bel\u00e4uft sich auf insgesamt 360 Millionen Euro, wovon 240 Millionen Euro in bar und 120 Millionen Euro in Aktien der Sartorius Stedim Biotech gezahlt werden. Beide Parteien haben dar\u00fcber hinaus drei Tranchen ergebnisabh\u00e4ngiger Earn-out-Zahlungen \u00fcber die n\u00e4chsten f\u00fcnf Kalenderjahre vereinbart. Die Transaktion unterliegt den \u00fcblichen Abschlussbedingungen. Sie wird voraussichtlich Ende 2020 abgeschlossen und keinen wesentlichen Einfluss auf die Ergebnisse von Sartorius im Jahr 2020 haben.\u00a0BIA Separations entwickelt und produziert marktf\u00fchrende Produkte f\u00fcr die Aufreinigung und Analyse von gro\u00dfen Biomolek\u00fclen wie Viren, Plasmiden und mRNA, die f\u00fcr Zell- und Gentherapien und andere neuartige Therapien (Advanced Therapies) genutzt werden. Die Technologie von BIA zur Aufreinigung im Produktionsma\u00dfstab wird bereits bei der Herstellung der ersten kommerzialisierten Therapeutika eingesetzt. Dar\u00fcber hinaus ist das Unternehmen auch stark vertreten bei neuen Arzneimittelkandidaten, die sich noch in der klinischen Testphase befinden. &#8222;Die Kombination der Teams und Technologien von Sartorius und BIA wird ein exzellentes Angebot f\u00fcr die Herstellung von Advanced Therapies schaffen. Unser gemeinsames Ziel ist es, solche Therapeutika in Zukunft f\u00fcr mehr Patienten schneller verf\u00fcgbar zu machen und weiterhin relevante Innovationen entlang der gesamten Produktionskette zu schaffen&#8220;, sagte Joachim Kreuzburg, Vorstandsvorsitzender von Sartorius.\u00a0BIA erwartet einen Umsatzerl\u00f6s von etwa 25 Millionen Euro f\u00fcr das Jahr 2020 und dar\u00fcber hinaus ein starkes zweistelliges Umsatzwachstum in den n\u00e4chsten Jahren. Die Gewinnmargen werden sich positiv auf die operative EBITDA-Margen der Sparte Bioprocess Solutions und des gesamten Konzerns auswirken.<\/p>\n","protected":false},"excerpt":{"rendered":"<p>Das Life-Science-Unternehmen Sartorius hat heute die Unterzeichnung einer Vereinbarung zur Eingliederung des Aufreinigungsspezialisten BIA Separations in seinen Teilkonzern Sartorius Stedim Biotech bekannt gegeben. Die Transaktion bel\u00e4uft sich auf insgesamt 360 Millionen Euro, wovon 240 Millionen Euro in bar und 120 Millionen Euro in Aktien der Sartorius Stedim Biotech gezahlt werden. Beide Parteien haben dar\u00fcber hinaus [&hellip;]<\/p>\n","protected":false},"author":1,"featured_media":2055,"comment_status":"closed","ping_status":"closed","sticky":false,"template":"","format":"standard","meta":{"saved_in_kubio":false,"footnotes":""},"categories":[38],"tags":[],"class_list":["post-2053","post","type-post","status-publish","format-standard","has-post-thumbnail","hentry","category-wirtschaft"],"yoast_head":"<!-- This site is optimized with the Yoast SEO plugin v27.5 - https:\/\/yoast.com\/product\/yoast-seo-wordpress\/ -->\n<title>Aufreinigungsspezialist BIA Separations wird Teil von Sartorius - Radio Leinewelle<\/title>\n<meta name=\"robots\" content=\"index, follow, max-snippet:-1, max-image-preview:large, max-video-preview:-1\" \/>\n<link rel=\"canonical\" href=\"https:\/\/radioleinewelle.de\/index.php\/2020\/10\/04\/aufreinigungsspezialist-bia-separations-wird-teil-von-sartorius\/\" \/>\n<meta property=\"og:locale\" content=\"de_DE\" \/>\n<meta property=\"og:type\" content=\"article\" \/>\n<meta property=\"og:title\" content=\"Aufreinigungsspezialist BIA Separations wird Teil von Sartorius - Radio Leinewelle\" \/>\n<meta property=\"og:description\" content=\"Das Life-Science-Unternehmen Sartorius hat heute die Unterzeichnung einer Vereinbarung zur Eingliederung des Aufreinigungsspezialisten BIA Separations in seinen Teilkonzern Sartorius Stedim Biotech bekannt gegeben. Die Transaktion bel\u00e4uft sich auf insgesamt 360 Millionen Euro, wovon 240 Millionen Euro in bar und 120 Millionen Euro in Aktien der Sartorius Stedim Biotech gezahlt werden. Beide Parteien haben dar\u00fcber hinaus [&hellip;]\" \/>\n<meta property=\"og:url\" content=\"https:\/\/radioleinewelle.de\/index.php\/2020\/10\/04\/aufreinigungsspezialist-bia-separations-wird-teil-von-sartorius\/\" \/>\n<meta property=\"og:site_name\" content=\"Radio Leinewelle\" \/>\n<meta property=\"article:publisher\" content=\"https:\/\/www.facebook.com\/radioleinewelle\" \/>\n<meta property=\"article:author\" content=\"https:\/\/www.facebook.com\/radioleinewelle\" \/>\n<meta property=\"article:published_time\" content=\"2020-10-04T03:33:27+00:00\" \/>\n<meta property=\"og:image\" content=\"https:\/\/radioleinewelle.de\/wp-content\/uploads\/2020\/10\/Sartorius-Logo.jpg\" \/>\n\t<meta property=\"og:image:width\" content=\"400\" \/>\n\t<meta property=\"og:image:height\" content=\"153\" \/>\n\t<meta property=\"og:image:type\" content=\"image\/jpeg\" \/>\n<meta name=\"author\" content=\"Leinewelle\" \/>\n<meta name=\"twitter:card\" content=\"summary_large_image\" \/>\n<meta name=\"twitter:creator\" content=\"@https:\/\/twitter.com\/RLeinewelle?ref_src=twsrcgoogletwcampserptwgrauthor\" \/>\n<meta name=\"twitter:site\" content=\"@RLeinewelle\" \/>\n<meta name=\"twitter:label1\" content=\"Verfasst von\" \/>\n\t<meta name=\"twitter:data1\" content=\"Leinewelle\" \/>\n\t<meta name=\"twitter:label2\" content=\"Gesch\u00e4tzte Lesezeit\" \/>\n\t<meta name=\"twitter:data2\" content=\"1\u00a0Minute\" \/>\n<script type=\"application\/ld+json\" class=\"yoast-schema-graph\">{\"@context\":\"https:\\\/\\\/schema.org\",\"@graph\":[{\"@type\":\"Article\",\"@id\":\"https:\\\/\\\/radioleinewelle.de\\\/index.php\\\/2020\\\/10\\\/04\\\/aufreinigungsspezialist-bia-separations-wird-teil-von-sartorius\\\/#article\",\"isPartOf\":{\"@id\":\"https:\\\/\\\/radioleinewelle.de\\\/index.php\\\/2020\\\/10\\\/04\\\/aufreinigungsspezialist-bia-separations-wird-teil-von-sartorius\\\/\"},\"author\":{\"name\":\"Leinewelle\",\"@id\":\"https:\\\/\\\/radioleinewelle.de\\\/#\\\/schema\\\/person\\\/45606f348637df637192dc1b68399a63\"},\"headline\":\"Aufreinigungsspezialist BIA Separations wird Teil von Sartorius\",\"datePublished\":\"2020-10-04T03:33:27+00:00\",\"mainEntityOfPage\":{\"@id\":\"https:\\\/\\\/radioleinewelle.de\\\/index.php\\\/2020\\\/10\\\/04\\\/aufreinigungsspezialist-bia-separations-wird-teil-von-sartorius\\\/\"},\"wordCount\":274,\"publisher\":{\"@id\":\"https:\\\/\\\/radioleinewelle.de\\\/#organization\"},\"image\":{\"@id\":\"https:\\\/\\\/radioleinewelle.de\\\/index.php\\\/2020\\\/10\\\/04\\\/aufreinigungsspezialist-bia-separations-wird-teil-von-sartorius\\\/#primaryimage\"},\"thumbnailUrl\":\"https:\\\/\\\/radioleinewelle.de\\\/wp-content\\\/uploads\\\/2020\\\/10\\\/Sartorius-Logo.jpg\",\"articleSection\":[\"Wirtschaft\"],\"inLanguage\":\"de\"},{\"@type\":\"WebPage\",\"@id\":\"https:\\\/\\\/radioleinewelle.de\\\/index.php\\\/2020\\\/10\\\/04\\\/aufreinigungsspezialist-bia-separations-wird-teil-von-sartorius\\\/\",\"url\":\"https:\\\/\\\/radioleinewelle.de\\\/index.php\\\/2020\\\/10\\\/04\\\/aufreinigungsspezialist-bia-separations-wird-teil-von-sartorius\\\/\",\"name\":\"Aufreinigungsspezialist BIA Separations wird Teil von Sartorius - Radio Leinewelle\",\"isPartOf\":{\"@id\":\"https:\\\/\\\/radioleinewelle.de\\\/#website\"},\"primaryImageOfPage\":{\"@id\":\"https:\\\/\\\/radioleinewelle.de\\\/index.php\\\/2020\\\/10\\\/04\\\/aufreinigungsspezialist-bia-separations-wird-teil-von-sartorius\\\/#primaryimage\"},\"image\":{\"@id\":\"https:\\\/\\\/radioleinewelle.de\\\/index.php\\\/2020\\\/10\\\/04\\\/aufreinigungsspezialist-bia-separations-wird-teil-von-sartorius\\\/#primaryimage\"},\"thumbnailUrl\":\"https:\\\/\\\/radioleinewelle.de\\\/wp-content\\\/uploads\\\/2020\\\/10\\\/Sartorius-Logo.jpg\",\"datePublished\":\"2020-10-04T03:33:27+00:00\",\"breadcrumb\":{\"@id\":\"https:\\\/\\\/radioleinewelle.de\\\/index.php\\\/2020\\\/10\\\/04\\\/aufreinigungsspezialist-bia-separations-wird-teil-von-sartorius\\\/#breadcrumb\"},\"inLanguage\":\"de\",\"potentialAction\":[{\"@type\":\"ReadAction\",\"target\":[\"https:\\\/\\\/radioleinewelle.de\\\/index.php\\\/2020\\\/10\\\/04\\\/aufreinigungsspezialist-bia-separations-wird-teil-von-sartorius\\\/\"]}]},{\"@type\":\"ImageObject\",\"inLanguage\":\"de\",\"@id\":\"https:\\\/\\\/radioleinewelle.de\\\/index.php\\\/2020\\\/10\\\/04\\\/aufreinigungsspezialist-bia-separations-wird-teil-von-sartorius\\\/#primaryimage\",\"url\":\"https:\\\/\\\/radioleinewelle.de\\\/wp-content\\\/uploads\\\/2020\\\/10\\\/Sartorius-Logo.jpg\",\"contentUrl\":\"https:\\\/\\\/radioleinewelle.de\\\/wp-content\\\/uploads\\\/2020\\\/10\\\/Sartorius-Logo.jpg\",\"width\":400,\"height\":153,\"caption\":\"Sartorius\"},{\"@type\":\"BreadcrumbList\",\"@id\":\"https:\\\/\\\/radioleinewelle.de\\\/index.php\\\/2020\\\/10\\\/04\\\/aufreinigungsspezialist-bia-separations-wird-teil-von-sartorius\\\/#breadcrumb\",\"itemListElement\":[{\"@type\":\"ListItem\",\"position\":1,\"name\":\"Startseite\",\"item\":\"https:\\\/\\\/radioleinewelle.de\\\/\"},{\"@type\":\"ListItem\",\"position\":2,\"name\":\"Aufreinigungsspezialist BIA Separations wird Teil von Sartorius\"}]},{\"@type\":\"WebSite\",\"@id\":\"https:\\\/\\\/radioleinewelle.de\\\/#website\",\"url\":\"https:\\\/\\\/radioleinewelle.de\\\/\",\"name\":\"Radio Leinewelle\",\"description\":\"\",\"publisher\":{\"@id\":\"https:\\\/\\\/radioleinewelle.de\\\/#organization\"},\"potentialAction\":[{\"@type\":\"SearchAction\",\"target\":{\"@type\":\"EntryPoint\",\"urlTemplate\":\"https:\\\/\\\/radioleinewelle.de\\\/?s={search_term_string}\"},\"query-input\":{\"@type\":\"PropertyValueSpecification\",\"valueRequired\":true,\"valueName\":\"search_term_string\"}}],\"inLanguage\":\"de\"},{\"@type\":\"Organization\",\"@id\":\"https:\\\/\\\/radioleinewelle.de\\\/#organization\",\"name\":\"Radio Leinewelle\",\"alternateName\":\"Mein Radio f\u00fcr S\u00fcdniedersachsen\",\"url\":\"https:\\\/\\\/radioleinewelle.de\\\/\",\"logo\":{\"@type\":\"ImageObject\",\"inLanguage\":\"de\",\"@id\":\"https:\\\/\\\/radioleinewelle.de\\\/#\\\/schema\\\/logo\\\/image\\\/\",\"url\":\"https:\\\/\\\/radioleinewelle.de\\\/wp-content\\\/uploads\\\/2023\\\/11\\\/cropped-Leinewelle_Logo_weiss.png\",\"contentUrl\":\"https:\\\/\\\/radioleinewelle.de\\\/wp-content\\\/uploads\\\/2023\\\/11\\\/cropped-Leinewelle_Logo_weiss.png\",\"width\":854,\"height\":260,\"caption\":\"Radio Leinewelle\"},\"image\":{\"@id\":\"https:\\\/\\\/radioleinewelle.de\\\/#\\\/schema\\\/logo\\\/image\\\/\"},\"sameAs\":[\"https:\\\/\\\/www.facebook.com\\\/radioleinewelle\",\"https:\\\/\\\/x.com\\\/RLeinewelle\",\"https:\\\/\\\/www.instagram.com\\\/radioleinewelle\\\/?hl=de\"]},{\"@type\":\"Person\",\"@id\":\"https:\\\/\\\/radioleinewelle.de\\\/#\\\/schema\\\/person\\\/45606f348637df637192dc1b68399a63\",\"name\":\"Leinewelle\",\"image\":{\"@type\":\"ImageObject\",\"inLanguage\":\"de\",\"@id\":\"https:\\\/\\\/secure.gravatar.com\\\/avatar\\\/05c9a17bc973052ee5d91549bd32fb4dd0dc85b7b85ae94b2e2b4943476bbea5?s=96&d=blank&r=g\",\"url\":\"https:\\\/\\\/secure.gravatar.com\\\/avatar\\\/05c9a17bc973052ee5d91549bd32fb4dd0dc85b7b85ae94b2e2b4943476bbea5?s=96&d=blank&r=g\",\"contentUrl\":\"https:\\\/\\\/secure.gravatar.com\\\/avatar\\\/05c9a17bc973052ee5d91549bd32fb4dd0dc85b7b85ae94b2e2b4943476bbea5?s=96&d=blank&r=g\",\"caption\":\"Leinewelle\"},\"sameAs\":[\"http:\\\/\\\/localhost\\\/radio%20leinewelle\\\/wordpress\",\"https:\\\/\\\/www.facebook.com\\\/radioleinewelle\",\"https:\\\/\\\/www.instagram.com\\\/radioleinewelle\",\"https:\\\/\\\/x.com\\\/https:\\\/\\\/twitter.com\\\/RLeinewelle?ref_src=twsrcgoogletwcampserptwgrauthor\",\"https:\\\/\\\/soundcloud.com\\\/foerderverein-lokalradio?utm_source=clipboard&utm_medium=text&utm_campaign=social_sharing\"],\"url\":\"https:\\\/\\\/radioleinewelle.de\\\/index.php\\\/author\\\/leinewelle\\\/\"}]}<\/script>\n<!-- \/ Yoast SEO plugin. -->","yoast_head_json":{"title":"Aufreinigungsspezialist BIA Separations wird Teil von Sartorius - Radio Leinewelle","robots":{"index":"index","follow":"follow","max-snippet":"max-snippet:-1","max-image-preview":"max-image-preview:large","max-video-preview":"max-video-preview:-1"},"canonical":"https:\/\/radioleinewelle.de\/index.php\/2020\/10\/04\/aufreinigungsspezialist-bia-separations-wird-teil-von-sartorius\/","og_locale":"de_DE","og_type":"article","og_title":"Aufreinigungsspezialist BIA Separations wird Teil von Sartorius - Radio Leinewelle","og_description":"Das Life-Science-Unternehmen Sartorius hat heute die Unterzeichnung einer Vereinbarung zur Eingliederung des Aufreinigungsspezialisten BIA Separations in seinen Teilkonzern Sartorius Stedim Biotech bekannt gegeben. Die Transaktion bel\u00e4uft sich auf insgesamt 360 Millionen Euro, wovon 240 Millionen Euro in bar und 120 Millionen Euro in Aktien der Sartorius Stedim Biotech gezahlt werden. Beide Parteien haben dar\u00fcber hinaus [&hellip;]","og_url":"https:\/\/radioleinewelle.de\/index.php\/2020\/10\/04\/aufreinigungsspezialist-bia-separations-wird-teil-von-sartorius\/","og_site_name":"Radio Leinewelle","article_publisher":"https:\/\/www.facebook.com\/radioleinewelle","article_author":"https:\/\/www.facebook.com\/radioleinewelle","article_published_time":"2020-10-04T03:33:27+00:00","og_image":[{"width":400,"height":153,"url":"https:\/\/radioleinewelle.de\/wp-content\/uploads\/2020\/10\/Sartorius-Logo.jpg","type":"image\/jpeg"}],"author":"Leinewelle","twitter_card":"summary_large_image","twitter_creator":"@https:\/\/twitter.com\/RLeinewelle?ref_src=twsrcgoogletwcampserptwgrauthor","twitter_site":"@RLeinewelle","twitter_misc":{"Verfasst von":"Leinewelle","Gesch\u00e4tzte Lesezeit":"1\u00a0Minute"},"schema":{"@context":"https:\/\/schema.org","@graph":[{"@type":"Article","@id":"https:\/\/radioleinewelle.de\/index.php\/2020\/10\/04\/aufreinigungsspezialist-bia-separations-wird-teil-von-sartorius\/#article","isPartOf":{"@id":"https:\/\/radioleinewelle.de\/index.php\/2020\/10\/04\/aufreinigungsspezialist-bia-separations-wird-teil-von-sartorius\/"},"author":{"name":"Leinewelle","@id":"https:\/\/radioleinewelle.de\/#\/schema\/person\/45606f348637df637192dc1b68399a63"},"headline":"Aufreinigungsspezialist BIA Separations wird Teil von Sartorius","datePublished":"2020-10-04T03:33:27+00:00","mainEntityOfPage":{"@id":"https:\/\/radioleinewelle.de\/index.php\/2020\/10\/04\/aufreinigungsspezialist-bia-separations-wird-teil-von-sartorius\/"},"wordCount":274,"publisher":{"@id":"https:\/\/radioleinewelle.de\/#organization"},"image":{"@id":"https:\/\/radioleinewelle.de\/index.php\/2020\/10\/04\/aufreinigungsspezialist-bia-separations-wird-teil-von-sartorius\/#primaryimage"},"thumbnailUrl":"https:\/\/radioleinewelle.de\/wp-content\/uploads\/2020\/10\/Sartorius-Logo.jpg","articleSection":["Wirtschaft"],"inLanguage":"de"},{"@type":"WebPage","@id":"https:\/\/radioleinewelle.de\/index.php\/2020\/10\/04\/aufreinigungsspezialist-bia-separations-wird-teil-von-sartorius\/","url":"https:\/\/radioleinewelle.de\/index.php\/2020\/10\/04\/aufreinigungsspezialist-bia-separations-wird-teil-von-sartorius\/","name":"Aufreinigungsspezialist BIA Separations wird Teil von Sartorius - Radio Leinewelle","isPartOf":{"@id":"https:\/\/radioleinewelle.de\/#website"},"primaryImageOfPage":{"@id":"https:\/\/radioleinewelle.de\/index.php\/2020\/10\/04\/aufreinigungsspezialist-bia-separations-wird-teil-von-sartorius\/#primaryimage"},"image":{"@id":"https:\/\/radioleinewelle.de\/index.php\/2020\/10\/04\/aufreinigungsspezialist-bia-separations-wird-teil-von-sartorius\/#primaryimage"},"thumbnailUrl":"https:\/\/radioleinewelle.de\/wp-content\/uploads\/2020\/10\/Sartorius-Logo.jpg","datePublished":"2020-10-04T03:33:27+00:00","breadcrumb":{"@id":"https:\/\/radioleinewelle.de\/index.php\/2020\/10\/04\/aufreinigungsspezialist-bia-separations-wird-teil-von-sartorius\/#breadcrumb"},"inLanguage":"de","potentialAction":[{"@type":"ReadAction","target":["https:\/\/radioleinewelle.de\/index.php\/2020\/10\/04\/aufreinigungsspezialist-bia-separations-wird-teil-von-sartorius\/"]}]},{"@type":"ImageObject","inLanguage":"de","@id":"https:\/\/radioleinewelle.de\/index.php\/2020\/10\/04\/aufreinigungsspezialist-bia-separations-wird-teil-von-sartorius\/#primaryimage","url":"https:\/\/radioleinewelle.de\/wp-content\/uploads\/2020\/10\/Sartorius-Logo.jpg","contentUrl":"https:\/\/radioleinewelle.de\/wp-content\/uploads\/2020\/10\/Sartorius-Logo.jpg","width":400,"height":153,"caption":"Sartorius"},{"@type":"BreadcrumbList","@id":"https:\/\/radioleinewelle.de\/index.php\/2020\/10\/04\/aufreinigungsspezialist-bia-separations-wird-teil-von-sartorius\/#breadcrumb","itemListElement":[{"@type":"ListItem","position":1,"name":"Startseite","item":"https:\/\/radioleinewelle.de\/"},{"@type":"ListItem","position":2,"name":"Aufreinigungsspezialist BIA Separations wird Teil von Sartorius"}]},{"@type":"WebSite","@id":"https:\/\/radioleinewelle.de\/#website","url":"https:\/\/radioleinewelle.de\/","name":"Radio Leinewelle","description":"","publisher":{"@id":"https:\/\/radioleinewelle.de\/#organization"},"potentialAction":[{"@type":"SearchAction","target":{"@type":"EntryPoint","urlTemplate":"https:\/\/radioleinewelle.de\/?s={search_term_string}"},"query-input":{"@type":"PropertyValueSpecification","valueRequired":true,"valueName":"search_term_string"}}],"inLanguage":"de"},{"@type":"Organization","@id":"https:\/\/radioleinewelle.de\/#organization","name":"Radio Leinewelle","alternateName":"Mein Radio f\u00fcr S\u00fcdniedersachsen","url":"https:\/\/radioleinewelle.de\/","logo":{"@type":"ImageObject","inLanguage":"de","@id":"https:\/\/radioleinewelle.de\/#\/schema\/logo\/image\/","url":"https:\/\/radioleinewelle.de\/wp-content\/uploads\/2023\/11\/cropped-Leinewelle_Logo_weiss.png","contentUrl":"https:\/\/radioleinewelle.de\/wp-content\/uploads\/2023\/11\/cropped-Leinewelle_Logo_weiss.png","width":854,"height":260,"caption":"Radio Leinewelle"},"image":{"@id":"https:\/\/radioleinewelle.de\/#\/schema\/logo\/image\/"},"sameAs":["https:\/\/www.facebook.com\/radioleinewelle","https:\/\/x.com\/RLeinewelle","https:\/\/www.instagram.com\/radioleinewelle\/?hl=de"]},{"@type":"Person","@id":"https:\/\/radioleinewelle.de\/#\/schema\/person\/45606f348637df637192dc1b68399a63","name":"Leinewelle","image":{"@type":"ImageObject","inLanguage":"de","@id":"https:\/\/secure.gravatar.com\/avatar\/05c9a17bc973052ee5d91549bd32fb4dd0dc85b7b85ae94b2e2b4943476bbea5?s=96&d=blank&r=g","url":"https:\/\/secure.gravatar.com\/avatar\/05c9a17bc973052ee5d91549bd32fb4dd0dc85b7b85ae94b2e2b4943476bbea5?s=96&d=blank&r=g","contentUrl":"https:\/\/secure.gravatar.com\/avatar\/05c9a17bc973052ee5d91549bd32fb4dd0dc85b7b85ae94b2e2b4943476bbea5?s=96&d=blank&r=g","caption":"Leinewelle"},"sameAs":["http:\/\/localhost\/radio%20leinewelle\/wordpress","https:\/\/www.facebook.com\/radioleinewelle","https:\/\/www.instagram.com\/radioleinewelle","https:\/\/x.com\/https:\/\/twitter.com\/RLeinewelle?ref_src=twsrcgoogletwcampserptwgrauthor","https:\/\/soundcloud.com\/foerderverein-lokalradio?utm_source=clipboard&utm_medium=text&utm_campaign=social_sharing"],"url":"https:\/\/radioleinewelle.de\/index.php\/author\/leinewelle\/"}]}},"_links":{"self":[{"href":"https:\/\/radioleinewelle.de\/index.php\/wp-json\/wp\/v2\/posts\/2053","targetHints":{"allow":["GET"]}}],"collection":[{"href":"https:\/\/radioleinewelle.de\/index.php\/wp-json\/wp\/v2\/posts"}],"about":[{"href":"https:\/\/radioleinewelle.de\/index.php\/wp-json\/wp\/v2\/types\/post"}],"author":[{"embeddable":true,"href":"https:\/\/radioleinewelle.de\/index.php\/wp-json\/wp\/v2\/users\/1"}],"replies":[{"embeddable":true,"href":"https:\/\/radioleinewelle.de\/index.php\/wp-json\/wp\/v2\/comments?post=2053"}],"version-history":[{"count":0,"href":"https:\/\/radioleinewelle.de\/index.php\/wp-json\/wp\/v2\/posts\/2053\/revisions"}],"wp:featuredmedia":[{"embeddable":true,"href":"https:\/\/radioleinewelle.de\/index.php\/wp-json\/wp\/v2\/media\/2055"}],"wp:attachment":[{"href":"https:\/\/radioleinewelle.de\/index.php\/wp-json\/wp\/v2\/media?parent=2053"}],"wp:term":[{"taxonomy":"category","embeddable":true,"href":"https:\/\/radioleinewelle.de\/index.php\/wp-json\/wp\/v2\/categories?post=2053"},{"taxonomy":"post_tag","embeddable":true,"href":"https:\/\/radioleinewelle.de\/index.php\/wp-json\/wp\/v2\/tags?post=2053"}],"curies":[{"name":"wp","href":"https:\/\/api.w.org\/{rel}","templated":true}]}}