{"id":2066,"date":"2020-10-05T05:10:35","date_gmt":"2020-10-05T03:10:35","guid":{"rendered":"https:\/\/radioleinewelle.de\/?p=2066"},"modified":"2020-10-05T05:10:35","modified_gmt":"2020-10-05T03:10:35","slug":"nordhessen-demonstration-gegen-den-weiterbau-der-a49-durch-den-dannenroeder-forst","status":"publish","type":"post","link":"https:\/\/radioleinewelle.de\/index.php\/2020\/10\/05\/nordhessen-demonstration-gegen-den-weiterbau-der-a49-durch-den-dannenroeder-forst\/","title":{"rendered":"Nordhessen: Demonstration gegen den Weiterbau der A49 durch den Dannenr\u00f6der Forst"},"content":{"rendered":"<p>\u00dcber 5.000 Menschen demonstrierten nach Angaben der\u00a0Veranstalter am vergangenen Sonntag am Dannenr\u00f6der Wald in Hessen f\u00fcr eine grundlegende Verkehrswende und gegen die Zerst\u00f6rung des Dannenr\u00f6der Waldes.\u00a0Sie fordern von Verkehrsminister Andreas Scheuer (CSU) und der hessischen Landesregierung, die Baumf\u00e4llungen sofort zu stoppen und auf den Weiterbau der A49 zu verzichten. Die Gelder m\u00fcssten in alternative Verkehrspolitik, insbesondere in den Ausbau der \u00d6PNV investiert werden. Die Demonstration wird vom Aktionsb\u00fcndnis \u201eKeine A49\u201c, Campact, dem Bund f\u00fcr Umwelt und Naturschutz Deutschland (BUND), Fridays for Future und den Naturfreunden Deutschland getragen.\u00a0Seit einem Jahr sind Umweltaktivistinnen und -aktivisten vor Ort, um die Abholzung des Mischwaldes zugunsten der Autobahn A49 zu verhindern. Am Donnerstag sind nun die ersten B\u00e4ume gefallen. Unter einem Gro\u00dfaufgebot der Polizei wurde zun\u00e4chst im n\u00f6rdlich gelegenen Herrenwald gerodet \u2013 einem Fauna-Flora-Habitat- Schutzgebiet (FFH) mit gef\u00e4hrdeten Tier- und Pflanzenarten. Der Dannenr\u00f6der Wald und der Herrenwald sind zudem ein Trinkwasserschutzgebiet, das die Bev\u00f6lkerung des Rhein-Main-Gebiets versorgt.<\/p>\n<p><strong>ZITATE der Redner*innen:<\/strong><\/p>\n<p>Christoph Bautz, Gesch\u00e4ftsf\u00fchrender Vorstand von Campact: <em>\u201cEinen uralten Wald f\u00fcr eine Autobahn roden, obwohl sich die Klimakrise dramatisch zuspitzt \u2013 dieses Irrsinns-Projekt trifft heute auf den Widerstand von Tausenden Menschen. Jetzt m\u00fcssen Verkehrsminister Scheuer und die hessische Landesregierung die R\u00e4umung der Baumh\u00e4user und Rodung des Waldes sofort stoppen. Dann muss die Landesregierung das Gespr\u00e4ch mit allen Beteiligten suchen &#8211; statt mit Polizeigewalt das Projekt weiter durchzuboxen.\u201d<\/em><\/p>\n<p>Olaf Bandt, BUND-Vorsitzender: <em>\u201cNach dieser eindrucksvollen Demonstration braucht es eine schnelle Verhandlung \u00fcber ein Moratorium f\u00fcr alle neuen Autobahnen in Deutschland. wenn wir unsere Verkehrspolitik klimafreundlich umbauen wollen, m\u00fcssen wir jetzt damit anfangen und nicht erst weitere wertvolle W\u00e4lder roden. daf\u00fcr w\u00fcnschen wir uns endlich auch die Unterst\u00fctzung der Gr\u00fcnen.\u201d<\/em><\/p>\n<p>Lilly Claudi, Fridays for Future: <em>\u201eDie A49 ist die Sackgasse der Verkehrswende und eine Investition in eine veraltete Industrie in die im 21. Jahrhundert nicht mehr finanziert werden darf.\u201c<\/em><\/p>\n<p>Uwe Hiksch, NaturFreunde Deutschlands und Anmelder der Kundgebung:\u00a0 <em>\u201cDie Demonstration\u00a0 hat ein eindrucksvolles Zeichen f\u00fcr die Erhaltung des Dannenr\u00f6der Waldes und f\u00fcr eine neue Verkehrspolitik gesetzt. Tausende haben deutlich gemacht, dass die Steinzeit-Verkehrspolitik von Herrn Scheuer endlich beendet werden muss. Gemeinsam werden wir uns weiter f\u00fcr die Rettung des Dannenr\u00f6der Waldes einsetzen.\u201d<\/em><\/p>\n<p>Barbara Schlemmer, Aktionsb\u00fcndnis Keine A49: <em>\u201cDiese Demo hat deutlich gemacht, dass viele Menschen die Lebensversicherung unseres Danni und der W\u00e4lder vor Ort sind. Kommt auch nach diesem Sonntag zahlreich in den Wald und macht deutlich: Es gibt keine Rechtfertigung mehr f\u00fcr die Zerst\u00f6rung dieser alten W\u00e4lder. Danni bleibt!\u201d<\/em><\/p>\n","protected":false},"excerpt":{"rendered":"<p>\u00dcber 5.000 Menschen demonstrierten nach Angaben der\u00a0Veranstalter am vergangenen Sonntag am Dannenr\u00f6der Wald in Hessen f\u00fcr eine grundlegende Verkehrswende und gegen die Zerst\u00f6rung des Dannenr\u00f6der Waldes.\u00a0Sie fordern von Verkehrsminister Andreas Scheuer (CSU) und der hessischen Landesregierung, die Baumf\u00e4llungen sofort zu stoppen und auf den Weiterbau der A49 zu verzichten. Die Gelder m\u00fcssten in alternative Verkehrspolitik, [&hellip;]<\/p>\n","protected":false},"author":1,"featured_media":2095,"comment_status":"closed","ping_status":"closed","sticky":false,"template":"","format":"standard","meta":{"saved_in_kubio":false,"footnotes":""},"categories":[32],"tags":[],"class_list":["post-2066","post","type-post","status-publish","format-standard","has-post-thumbnail","hentry","category-natur-umwelt"],"yoast_head":"<!-- This site is optimized with the Yoast SEO plugin v27.5 - https:\/\/yoast.com\/product\/yoast-seo-wordpress\/ -->\n<title>Nordhessen: Demonstration gegen den Weiterbau der A49 durch den Dannenr\u00f6der Forst - Radio Leinewelle<\/title>\n<meta name=\"robots\" content=\"index, follow, max-snippet:-1, max-image-preview:large, max-video-preview:-1\" \/>\n<link rel=\"canonical\" href=\"https:\/\/radioleinewelle.de\/index.php\/2020\/10\/05\/nordhessen-demonstration-gegen-den-weiterbau-der-a49-durch-den-dannenroeder-forst\/\" \/>\n<meta property=\"og:locale\" content=\"de_DE\" \/>\n<meta property=\"og:type\" content=\"article\" \/>\n<meta property=\"og:title\" content=\"Nordhessen: Demonstration gegen den Weiterbau der A49 durch den Dannenr\u00f6der Forst - Radio Leinewelle\" \/>\n<meta property=\"og:description\" content=\"\u00dcber 5.000 Menschen demonstrierten nach Angaben der\u00a0Veranstalter am vergangenen Sonntag am Dannenr\u00f6der Wald in Hessen f\u00fcr eine grundlegende Verkehrswende und gegen die Zerst\u00f6rung des Dannenr\u00f6der Waldes.\u00a0Sie fordern von Verkehrsminister Andreas Scheuer (CSU) und der hessischen Landesregierung, die Baumf\u00e4llungen sofort zu stoppen und auf den Weiterbau der A49 zu verzichten. Die Gelder m\u00fcssten in alternative Verkehrspolitik, [&hellip;]\" \/>\n<meta property=\"og:url\" content=\"https:\/\/radioleinewelle.de\/index.php\/2020\/10\/05\/nordhessen-demonstration-gegen-den-weiterbau-der-a49-durch-den-dannenroeder-forst\/\" \/>\n<meta property=\"og:site_name\" content=\"Radio Leinewelle\" \/>\n<meta property=\"article:publisher\" content=\"https:\/\/www.facebook.com\/radioleinewelle\" \/>\n<meta property=\"article:author\" content=\"https:\/\/www.facebook.com\/radioleinewelle\" \/>\n<meta property=\"article:published_time\" content=\"2020-10-05T03:10:35+00:00\" \/>\n<meta property=\"og:image\" content=\"https:\/\/radioleinewelle.de\/wp-content\/uploads\/2020\/10\/50417774601_e78ba40c1e_c.jpg\" \/>\n\t<meta property=\"og:image:width\" content=\"799\" \/>\n\t<meta property=\"og:image:height\" content=\"534\" \/>\n\t<meta property=\"og:image:type\" content=\"image\/jpeg\" \/>\n<meta name=\"author\" content=\"Leinewelle\" \/>\n<meta name=\"twitter:card\" content=\"summary_large_image\" \/>\n<meta name=\"twitter:creator\" content=\"@https:\/\/twitter.com\/RLeinewelle?ref_src=twsrcgoogletwcampserptwgrauthor\" \/>\n<meta name=\"twitter:site\" content=\"@RLeinewelle\" \/>\n<meta name=\"twitter:label1\" content=\"Verfasst von\" \/>\n\t<meta name=\"twitter:data1\" content=\"Leinewelle\" \/>\n\t<meta name=\"twitter:label2\" content=\"Gesch\u00e4tzte Lesezeit\" \/>\n\t<meta name=\"twitter:data2\" content=\"2\u00a0Minuten\" \/>\n<script type=\"application\/ld+json\" class=\"yoast-schema-graph\">{\"@context\":\"https:\\\/\\\/schema.org\",\"@graph\":[{\"@type\":\"Article\",\"@id\":\"https:\\\/\\\/radioleinewelle.de\\\/index.php\\\/2020\\\/10\\\/05\\\/nordhessen-demonstration-gegen-den-weiterbau-der-a49-durch-den-dannenroeder-forst\\\/#article\",\"isPartOf\":{\"@id\":\"https:\\\/\\\/radioleinewelle.de\\\/index.php\\\/2020\\\/10\\\/05\\\/nordhessen-demonstration-gegen-den-weiterbau-der-a49-durch-den-dannenroeder-forst\\\/\"},\"author\":{\"name\":\"Leinewelle\",\"@id\":\"https:\\\/\\\/radioleinewelle.de\\\/#\\\/schema\\\/person\\\/45606f348637df637192dc1b68399a63\"},\"headline\":\"Nordhessen: Demonstration gegen den Weiterbau der A49 durch den Dannenr\u00f6der Forst\",\"datePublished\":\"2020-10-05T03:10:35+00:00\",\"mainEntityOfPage\":{\"@id\":\"https:\\\/\\\/radioleinewelle.de\\\/index.php\\\/2020\\\/10\\\/05\\\/nordhessen-demonstration-gegen-den-weiterbau-der-a49-durch-den-dannenroeder-forst\\\/\"},\"wordCount\":451,\"publisher\":{\"@id\":\"https:\\\/\\\/radioleinewelle.de\\\/#organization\"},\"image\":{\"@id\":\"https:\\\/\\\/radioleinewelle.de\\\/index.php\\\/2020\\\/10\\\/05\\\/nordhessen-demonstration-gegen-den-weiterbau-der-a49-durch-den-dannenroeder-forst\\\/#primaryimage\"},\"thumbnailUrl\":\"https:\\\/\\\/radioleinewelle.de\\\/wp-content\\\/uploads\\\/2020\\\/10\\\/50417774601_e78ba40c1e_c.jpg\",\"articleSection\":[\"Natur &amp; Umwelt\"],\"inLanguage\":\"de\"},{\"@type\":\"WebPage\",\"@id\":\"https:\\\/\\\/radioleinewelle.de\\\/index.php\\\/2020\\\/10\\\/05\\\/nordhessen-demonstration-gegen-den-weiterbau-der-a49-durch-den-dannenroeder-forst\\\/\",\"url\":\"https:\\\/\\\/radioleinewelle.de\\\/index.php\\\/2020\\\/10\\\/05\\\/nordhessen-demonstration-gegen-den-weiterbau-der-a49-durch-den-dannenroeder-forst\\\/\",\"name\":\"Nordhessen: Demonstration gegen den Weiterbau der A49 durch den Dannenr\u00f6der Forst - Radio Leinewelle\",\"isPartOf\":{\"@id\":\"https:\\\/\\\/radioleinewelle.de\\\/#website\"},\"primaryImageOfPage\":{\"@id\":\"https:\\\/\\\/radioleinewelle.de\\\/index.php\\\/2020\\\/10\\\/05\\\/nordhessen-demonstration-gegen-den-weiterbau-der-a49-durch-den-dannenroeder-forst\\\/#primaryimage\"},\"image\":{\"@id\":\"https:\\\/\\\/radioleinewelle.de\\\/index.php\\\/2020\\\/10\\\/05\\\/nordhessen-demonstration-gegen-den-weiterbau-der-a49-durch-den-dannenroeder-forst\\\/#primaryimage\"},\"thumbnailUrl\":\"https:\\\/\\\/radioleinewelle.de\\\/wp-content\\\/uploads\\\/2020\\\/10\\\/50417774601_e78ba40c1e_c.jpg\",\"datePublished\":\"2020-10-05T03:10:35+00:00\",\"breadcrumb\":{\"@id\":\"https:\\\/\\\/radioleinewelle.de\\\/index.php\\\/2020\\\/10\\\/05\\\/nordhessen-demonstration-gegen-den-weiterbau-der-a49-durch-den-dannenroeder-forst\\\/#breadcrumb\"},\"inLanguage\":\"de\",\"potentialAction\":[{\"@type\":\"ReadAction\",\"target\":[\"https:\\\/\\\/radioleinewelle.de\\\/index.php\\\/2020\\\/10\\\/05\\\/nordhessen-demonstration-gegen-den-weiterbau-der-a49-durch-den-dannenroeder-forst\\\/\"]}]},{\"@type\":\"ImageObject\",\"inLanguage\":\"de\",\"@id\":\"https:\\\/\\\/radioleinewelle.de\\\/index.php\\\/2020\\\/10\\\/05\\\/nordhessen-demonstration-gegen-den-weiterbau-der-a49-durch-den-dannenroeder-forst\\\/#primaryimage\",\"url\":\"https:\\\/\\\/radioleinewelle.de\\\/wp-content\\\/uploads\\\/2020\\\/10\\\/50417774601_e78ba40c1e_c.jpg\",\"contentUrl\":\"https:\\\/\\\/radioleinewelle.de\\\/wp-content\\\/uploads\\\/2020\\\/10\\\/50417774601_e78ba40c1e_c.jpg\",\"width\":799,\"height\":534},{\"@type\":\"BreadcrumbList\",\"@id\":\"https:\\\/\\\/radioleinewelle.de\\\/index.php\\\/2020\\\/10\\\/05\\\/nordhessen-demonstration-gegen-den-weiterbau-der-a49-durch-den-dannenroeder-forst\\\/#breadcrumb\",\"itemListElement\":[{\"@type\":\"ListItem\",\"position\":1,\"name\":\"Startseite\",\"item\":\"https:\\\/\\\/radioleinewelle.de\\\/\"},{\"@type\":\"ListItem\",\"position\":2,\"name\":\"Nordhessen: Demonstration gegen den Weiterbau der A49 durch den Dannenr\u00f6der Forst\"}]},{\"@type\":\"WebSite\",\"@id\":\"https:\\\/\\\/radioleinewelle.de\\\/#website\",\"url\":\"https:\\\/\\\/radioleinewelle.de\\\/\",\"name\":\"Radio Leinewelle\",\"description\":\"\",\"publisher\":{\"@id\":\"https:\\\/\\\/radioleinewelle.de\\\/#organization\"},\"potentialAction\":[{\"@type\":\"SearchAction\",\"target\":{\"@type\":\"EntryPoint\",\"urlTemplate\":\"https:\\\/\\\/radioleinewelle.de\\\/?s={search_term_string}\"},\"query-input\":{\"@type\":\"PropertyValueSpecification\",\"valueRequired\":true,\"valueName\":\"search_term_string\"}}],\"inLanguage\":\"de\"},{\"@type\":\"Organization\",\"@id\":\"https:\\\/\\\/radioleinewelle.de\\\/#organization\",\"name\":\"Radio Leinewelle\",\"alternateName\":\"Mein Radio f\u00fcr S\u00fcdniedersachsen\",\"url\":\"https:\\\/\\\/radioleinewelle.de\\\/\",\"logo\":{\"@type\":\"ImageObject\",\"inLanguage\":\"de\",\"@id\":\"https:\\\/\\\/radioleinewelle.de\\\/#\\\/schema\\\/logo\\\/image\\\/\",\"url\":\"https:\\\/\\\/radioleinewelle.de\\\/wp-content\\\/uploads\\\/2023\\\/11\\\/cropped-Leinewelle_Logo_weiss.png\",\"contentUrl\":\"https:\\\/\\\/radioleinewelle.de\\\/wp-content\\\/uploads\\\/2023\\\/11\\\/cropped-Leinewelle_Logo_weiss.png\",\"width\":854,\"height\":260,\"caption\":\"Radio Leinewelle\"},\"image\":{\"@id\":\"https:\\\/\\\/radioleinewelle.de\\\/#\\\/schema\\\/logo\\\/image\\\/\"},\"sameAs\":[\"https:\\\/\\\/www.facebook.com\\\/radioleinewelle\",\"https:\\\/\\\/x.com\\\/RLeinewelle\",\"https:\\\/\\\/www.instagram.com\\\/radioleinewelle\\\/?hl=de\"]},{\"@type\":\"Person\",\"@id\":\"https:\\\/\\\/radioleinewelle.de\\\/#\\\/schema\\\/person\\\/45606f348637df637192dc1b68399a63\",\"name\":\"Leinewelle\",\"image\":{\"@type\":\"ImageObject\",\"inLanguage\":\"de\",\"@id\":\"https:\\\/\\\/secure.gravatar.com\\\/avatar\\\/05c9a17bc973052ee5d91549bd32fb4dd0dc85b7b85ae94b2e2b4943476bbea5?s=96&d=blank&r=g\",\"url\":\"https:\\\/\\\/secure.gravatar.com\\\/avatar\\\/05c9a17bc973052ee5d91549bd32fb4dd0dc85b7b85ae94b2e2b4943476bbea5?s=96&d=blank&r=g\",\"contentUrl\":\"https:\\\/\\\/secure.gravatar.com\\\/avatar\\\/05c9a17bc973052ee5d91549bd32fb4dd0dc85b7b85ae94b2e2b4943476bbea5?s=96&d=blank&r=g\",\"caption\":\"Leinewelle\"},\"sameAs\":[\"http:\\\/\\\/localhost\\\/radio%20leinewelle\\\/wordpress\",\"https:\\\/\\\/www.facebook.com\\\/radioleinewelle\",\"https:\\\/\\\/www.instagram.com\\\/radioleinewelle\",\"https:\\\/\\\/x.com\\\/https:\\\/\\\/twitter.com\\\/RLeinewelle?ref_src=twsrcgoogletwcampserptwgrauthor\",\"https:\\\/\\\/soundcloud.com\\\/foerderverein-lokalradio?utm_source=clipboard&utm_medium=text&utm_campaign=social_sharing\"],\"url\":\"https:\\\/\\\/radioleinewelle.de\\\/index.php\\\/author\\\/leinewelle\\\/\"}]}<\/script>\n<!-- \/ Yoast SEO plugin. -->","yoast_head_json":{"title":"Nordhessen: Demonstration gegen den Weiterbau der A49 durch den Dannenr\u00f6der Forst - Radio Leinewelle","robots":{"index":"index","follow":"follow","max-snippet":"max-snippet:-1","max-image-preview":"max-image-preview:large","max-video-preview":"max-video-preview:-1"},"canonical":"https:\/\/radioleinewelle.de\/index.php\/2020\/10\/05\/nordhessen-demonstration-gegen-den-weiterbau-der-a49-durch-den-dannenroeder-forst\/","og_locale":"de_DE","og_type":"article","og_title":"Nordhessen: Demonstration gegen den Weiterbau der A49 durch den Dannenr\u00f6der Forst - Radio Leinewelle","og_description":"\u00dcber 5.000 Menschen demonstrierten nach Angaben der\u00a0Veranstalter am vergangenen Sonntag am Dannenr\u00f6der Wald in Hessen f\u00fcr eine grundlegende Verkehrswende und gegen die Zerst\u00f6rung des Dannenr\u00f6der Waldes.\u00a0Sie fordern von Verkehrsminister Andreas Scheuer (CSU) und der hessischen Landesregierung, die Baumf\u00e4llungen sofort zu stoppen und auf den Weiterbau der A49 zu verzichten. Die Gelder m\u00fcssten in alternative Verkehrspolitik, [&hellip;]","og_url":"https:\/\/radioleinewelle.de\/index.php\/2020\/10\/05\/nordhessen-demonstration-gegen-den-weiterbau-der-a49-durch-den-dannenroeder-forst\/","og_site_name":"Radio Leinewelle","article_publisher":"https:\/\/www.facebook.com\/radioleinewelle","article_author":"https:\/\/www.facebook.com\/radioleinewelle","article_published_time":"2020-10-05T03:10:35+00:00","og_image":[{"width":799,"height":534,"url":"https:\/\/radioleinewelle.de\/wp-content\/uploads\/2020\/10\/50417774601_e78ba40c1e_c.jpg","type":"image\/jpeg"}],"author":"Leinewelle","twitter_card":"summary_large_image","twitter_creator":"@https:\/\/twitter.com\/RLeinewelle?ref_src=twsrcgoogletwcampserptwgrauthor","twitter_site":"@RLeinewelle","twitter_misc":{"Verfasst von":"Leinewelle","Gesch\u00e4tzte Lesezeit":"2\u00a0Minuten"},"schema":{"@context":"https:\/\/schema.org","@graph":[{"@type":"Article","@id":"https:\/\/radioleinewelle.de\/index.php\/2020\/10\/05\/nordhessen-demonstration-gegen-den-weiterbau-der-a49-durch-den-dannenroeder-forst\/#article","isPartOf":{"@id":"https:\/\/radioleinewelle.de\/index.php\/2020\/10\/05\/nordhessen-demonstration-gegen-den-weiterbau-der-a49-durch-den-dannenroeder-forst\/"},"author":{"name":"Leinewelle","@id":"https:\/\/radioleinewelle.de\/#\/schema\/person\/45606f348637df637192dc1b68399a63"},"headline":"Nordhessen: Demonstration gegen den Weiterbau der A49 durch den Dannenr\u00f6der Forst","datePublished":"2020-10-05T03:10:35+00:00","mainEntityOfPage":{"@id":"https:\/\/radioleinewelle.de\/index.php\/2020\/10\/05\/nordhessen-demonstration-gegen-den-weiterbau-der-a49-durch-den-dannenroeder-forst\/"},"wordCount":451,"publisher":{"@id":"https:\/\/radioleinewelle.de\/#organization"},"image":{"@id":"https:\/\/radioleinewelle.de\/index.php\/2020\/10\/05\/nordhessen-demonstration-gegen-den-weiterbau-der-a49-durch-den-dannenroeder-forst\/#primaryimage"},"thumbnailUrl":"https:\/\/radioleinewelle.de\/wp-content\/uploads\/2020\/10\/50417774601_e78ba40c1e_c.jpg","articleSection":["Natur &amp; Umwelt"],"inLanguage":"de"},{"@type":"WebPage","@id":"https:\/\/radioleinewelle.de\/index.php\/2020\/10\/05\/nordhessen-demonstration-gegen-den-weiterbau-der-a49-durch-den-dannenroeder-forst\/","url":"https:\/\/radioleinewelle.de\/index.php\/2020\/10\/05\/nordhessen-demonstration-gegen-den-weiterbau-der-a49-durch-den-dannenroeder-forst\/","name":"Nordhessen: Demonstration gegen den Weiterbau der A49 durch den Dannenr\u00f6der Forst - Radio Leinewelle","isPartOf":{"@id":"https:\/\/radioleinewelle.de\/#website"},"primaryImageOfPage":{"@id":"https:\/\/radioleinewelle.de\/index.php\/2020\/10\/05\/nordhessen-demonstration-gegen-den-weiterbau-der-a49-durch-den-dannenroeder-forst\/#primaryimage"},"image":{"@id":"https:\/\/radioleinewelle.de\/index.php\/2020\/10\/05\/nordhessen-demonstration-gegen-den-weiterbau-der-a49-durch-den-dannenroeder-forst\/#primaryimage"},"thumbnailUrl":"https:\/\/radioleinewelle.de\/wp-content\/uploads\/2020\/10\/50417774601_e78ba40c1e_c.jpg","datePublished":"2020-10-05T03:10:35+00:00","breadcrumb":{"@id":"https:\/\/radioleinewelle.de\/index.php\/2020\/10\/05\/nordhessen-demonstration-gegen-den-weiterbau-der-a49-durch-den-dannenroeder-forst\/#breadcrumb"},"inLanguage":"de","potentialAction":[{"@type":"ReadAction","target":["https:\/\/radioleinewelle.de\/index.php\/2020\/10\/05\/nordhessen-demonstration-gegen-den-weiterbau-der-a49-durch-den-dannenroeder-forst\/"]}]},{"@type":"ImageObject","inLanguage":"de","@id":"https:\/\/radioleinewelle.de\/index.php\/2020\/10\/05\/nordhessen-demonstration-gegen-den-weiterbau-der-a49-durch-den-dannenroeder-forst\/#primaryimage","url":"https:\/\/radioleinewelle.de\/wp-content\/uploads\/2020\/10\/50417774601_e78ba40c1e_c.jpg","contentUrl":"https:\/\/radioleinewelle.de\/wp-content\/uploads\/2020\/10\/50417774601_e78ba40c1e_c.jpg","width":799,"height":534},{"@type":"BreadcrumbList","@id":"https:\/\/radioleinewelle.de\/index.php\/2020\/10\/05\/nordhessen-demonstration-gegen-den-weiterbau-der-a49-durch-den-dannenroeder-forst\/#breadcrumb","itemListElement":[{"@type":"ListItem","position":1,"name":"Startseite","item":"https:\/\/radioleinewelle.de\/"},{"@type":"ListItem","position":2,"name":"Nordhessen: Demonstration gegen den Weiterbau der A49 durch den Dannenr\u00f6der Forst"}]},{"@type":"WebSite","@id":"https:\/\/radioleinewelle.de\/#website","url":"https:\/\/radioleinewelle.de\/","name":"Radio Leinewelle","description":"","publisher":{"@id":"https:\/\/radioleinewelle.de\/#organization"},"potentialAction":[{"@type":"SearchAction","target":{"@type":"EntryPoint","urlTemplate":"https:\/\/radioleinewelle.de\/?s={search_term_string}"},"query-input":{"@type":"PropertyValueSpecification","valueRequired":true,"valueName":"search_term_string"}}],"inLanguage":"de"},{"@type":"Organization","@id":"https:\/\/radioleinewelle.de\/#organization","name":"Radio Leinewelle","alternateName":"Mein Radio f\u00fcr S\u00fcdniedersachsen","url":"https:\/\/radioleinewelle.de\/","logo":{"@type":"ImageObject","inLanguage":"de","@id":"https:\/\/radioleinewelle.de\/#\/schema\/logo\/image\/","url":"https:\/\/radioleinewelle.de\/wp-content\/uploads\/2023\/11\/cropped-Leinewelle_Logo_weiss.png","contentUrl":"https:\/\/radioleinewelle.de\/wp-content\/uploads\/2023\/11\/cropped-Leinewelle_Logo_weiss.png","width":854,"height":260,"caption":"Radio Leinewelle"},"image":{"@id":"https:\/\/radioleinewelle.de\/#\/schema\/logo\/image\/"},"sameAs":["https:\/\/www.facebook.com\/radioleinewelle","https:\/\/x.com\/RLeinewelle","https:\/\/www.instagram.com\/radioleinewelle\/?hl=de"]},{"@type":"Person","@id":"https:\/\/radioleinewelle.de\/#\/schema\/person\/45606f348637df637192dc1b68399a63","name":"Leinewelle","image":{"@type":"ImageObject","inLanguage":"de","@id":"https:\/\/secure.gravatar.com\/avatar\/05c9a17bc973052ee5d91549bd32fb4dd0dc85b7b85ae94b2e2b4943476bbea5?s=96&d=blank&r=g","url":"https:\/\/secure.gravatar.com\/avatar\/05c9a17bc973052ee5d91549bd32fb4dd0dc85b7b85ae94b2e2b4943476bbea5?s=96&d=blank&r=g","contentUrl":"https:\/\/secure.gravatar.com\/avatar\/05c9a17bc973052ee5d91549bd32fb4dd0dc85b7b85ae94b2e2b4943476bbea5?s=96&d=blank&r=g","caption":"Leinewelle"},"sameAs":["http:\/\/localhost\/radio%20leinewelle\/wordpress","https:\/\/www.facebook.com\/radioleinewelle","https:\/\/www.instagram.com\/radioleinewelle","https:\/\/x.com\/https:\/\/twitter.com\/RLeinewelle?ref_src=twsrcgoogletwcampserptwgrauthor","https:\/\/soundcloud.com\/foerderverein-lokalradio?utm_source=clipboard&utm_medium=text&utm_campaign=social_sharing"],"url":"https:\/\/radioleinewelle.de\/index.php\/author\/leinewelle\/"}]}},"_links":{"self":[{"href":"https:\/\/radioleinewelle.de\/index.php\/wp-json\/wp\/v2\/posts\/2066","targetHints":{"allow":["GET"]}}],"collection":[{"href":"https:\/\/radioleinewelle.de\/index.php\/wp-json\/wp\/v2\/posts"}],"about":[{"href":"https:\/\/radioleinewelle.de\/index.php\/wp-json\/wp\/v2\/types\/post"}],"author":[{"embeddable":true,"href":"https:\/\/radioleinewelle.de\/index.php\/wp-json\/wp\/v2\/users\/1"}],"replies":[{"embeddable":true,"href":"https:\/\/radioleinewelle.de\/index.php\/wp-json\/wp\/v2\/comments?post=2066"}],"version-history":[{"count":0,"href":"https:\/\/radioleinewelle.de\/index.php\/wp-json\/wp\/v2\/posts\/2066\/revisions"}],"wp:featuredmedia":[{"embeddable":true,"href":"https:\/\/radioleinewelle.de\/index.php\/wp-json\/wp\/v2\/media\/2095"}],"wp:attachment":[{"href":"https:\/\/radioleinewelle.de\/index.php\/wp-json\/wp\/v2\/media?parent=2066"}],"wp:term":[{"taxonomy":"category","embeddable":true,"href":"https:\/\/radioleinewelle.de\/index.php\/wp-json\/wp\/v2\/categories?post=2066"},{"taxonomy":"post_tag","embeddable":true,"href":"https:\/\/radioleinewelle.de\/index.php\/wp-json\/wp\/v2\/tags?post=2066"}],"curies":[{"name":"wp","href":"https:\/\/api.w.org\/{rel}","templated":true}]}}