{"id":2070,"date":"2020-10-05T05:15:54","date_gmt":"2020-10-05T03:15:54","guid":{"rendered":"https:\/\/radioleinewelle.de\/?p=2070"},"modified":"2020-10-05T05:15:54","modified_gmt":"2020-10-05T03:15:54","slug":"kassel-ausstellung-afrodeutsche-und-schwarze-menschen-in-deutschland","status":"publish","type":"post","link":"https:\/\/radioleinewelle.de\/index.php\/2020\/10\/05\/kassel-ausstellung-afrodeutsche-und-schwarze-menschen-in-deutschland\/","title":{"rendered":"Kassel: Ausstellung \u201eAfrodeutsche und Schwarze Menschen in Deutschland\u201c"},"content":{"rendered":"<section class=\"SP-ArticleHeader\">\n<div class=\"SP-ArticleHeader__intro\">\n<p>Seit vielen Jahrhunderten leben Menschen afrikanischer Herkunft in Deutschland. W\u00e4hrend sie in der offiziellen Geschichtsschreibung aber kaum auftauchen, dominieren in \u00f6ffentlichen Diskursen h\u00e4ufig stereotype Klischees. Die Ausstellung \u201eHomestory Deutschland \u2013 Schwarze Biografien in Geschichte und Gegenwart\u201c zeichnet die Lebenswege von 27 schwarzen deutschen Pers\u00f6nlichkeiten aus drei Jahrhunderten nach. Sie ist von Montag, 5. Oktober, bis Freitag, 30. Oktober, in der Seitenhalle im Kasseler Rathaus zu sehen.<\/p>\n<\/div>\n<\/section>\n<div class=\"SP-ArticleContent\">\n<div class=\"SP-Text\">\n<div class=\"SP-Paragraph\" data-sp-table=\"\" data-sp-table-bootstrapped=\"sp-6\">\n<p>Gezeigt werden sowohl Personen des \u00f6ffentlichen Lebens als auch Frauen und M\u00e4nner \u201evon nebenan\u201c. Ihre Perspektiven, Beitr\u00e4ge und Verdienste erfahren eine besondere W\u00fcrdigung. Die bekannte Wanderausstellung der Initiative Schwarze Menschen in Deutschland, ISD Bund e.V., ist unter dem Titel \u201eAfrodeutsche und Schwarze Menschen in Deutschland\u201c gemeinsam mit der Ausstellung \u201eSelf-Profiling\u201c des Kasseler K\u00fcnstlers Zaki Al-Maboren aufgebaut. Er zeigt in seinem aktuellen Werk Spiegelportr\u00e4ts schwarzer Menschen, die Gewalttaten zum Opfer fielen.<\/p>\n<p>\u00d6ffnungszeiten sind montags bis donnerstags von 8 bis 17 Uhr und freitags von 8 bis 15 Uhr. Organisiert wird die Ausstellung, die unter der Schirmherrschaft von Oberb\u00fcrgermeister Christian Geselle steht, von der Kasseler Initiative \u201eSide by Side \u2013 Afrodeutsche und Schwarze Menschen Nordhessen\u201c.<\/p>\n<\/div>\n<\/div>\n<\/div>\n","protected":false},"excerpt":{"rendered":"<p>Seit vielen Jahrhunderten leben Menschen afrikanischer Herkunft in Deutschland. W\u00e4hrend sie in der offiziellen Geschichtsschreibung aber kaum auftauchen, dominieren in \u00f6ffentlichen Diskursen h\u00e4ufig stereotype Klischees. Die Ausstellung \u201eHomestory Deutschland \u2013 Schwarze Biografien in Geschichte und Gegenwart\u201c zeichnet die Lebenswege von 27 schwarzen deutschen Pers\u00f6nlichkeiten aus drei Jahrhunderten nach. Sie ist von Montag, 5. Oktober, bis [&hellip;]<\/p>\n","protected":false},"author":1,"featured_media":2071,"comment_status":"closed","ping_status":"closed","sticky":false,"template":"","format":"standard","meta":{"saved_in_kubio":false,"footnotes":""},"categories":[43],"tags":[],"class_list":["post-2070","post","type-post","status-publish","format-standard","has-post-thumbnail","hentry","category-migration"],"yoast_head":"<!-- This site is optimized with the Yoast SEO plugin v27.5 - https:\/\/yoast.com\/product\/yoast-seo-wordpress\/ -->\n<title>Kassel: Ausstellung \u201eAfrodeutsche und Schwarze Menschen in Deutschland\u201c - Radio Leinewelle<\/title>\n<meta name=\"robots\" content=\"index, follow, max-snippet:-1, max-image-preview:large, max-video-preview:-1\" \/>\n<link rel=\"canonical\" href=\"https:\/\/radioleinewelle.de\/index.php\/2020\/10\/05\/kassel-ausstellung-afrodeutsche-und-schwarze-menschen-in-deutschland\/\" \/>\n<meta property=\"og:locale\" content=\"de_DE\" \/>\n<meta property=\"og:type\" content=\"article\" \/>\n<meta property=\"og:title\" content=\"Kassel: Ausstellung \u201eAfrodeutsche und Schwarze Menschen in Deutschland\u201c - Radio Leinewelle\" \/>\n<meta property=\"og:description\" content=\"Seit vielen Jahrhunderten leben Menschen afrikanischer Herkunft in Deutschland. W\u00e4hrend sie in der offiziellen Geschichtsschreibung aber kaum auftauchen, dominieren in \u00f6ffentlichen Diskursen h\u00e4ufig stereotype Klischees. Die Ausstellung \u201eHomestory Deutschland \u2013 Schwarze Biografien in Geschichte und Gegenwart\u201c zeichnet die Lebenswege von 27 schwarzen deutschen Pers\u00f6nlichkeiten aus drei Jahrhunderten nach. Sie ist von Montag, 5. Oktober, bis [&hellip;]\" \/>\n<meta property=\"og:url\" content=\"https:\/\/radioleinewelle.de\/index.php\/2020\/10\/05\/kassel-ausstellung-afrodeutsche-und-schwarze-menschen-in-deutschland\/\" \/>\n<meta property=\"og:site_name\" content=\"Radio Leinewelle\" \/>\n<meta property=\"article:publisher\" content=\"https:\/\/www.facebook.com\/radioleinewelle\" \/>\n<meta property=\"article:author\" content=\"https:\/\/www.facebook.com\/radioleinewelle\" \/>\n<meta property=\"article:published_time\" content=\"2020-10-05T03:15:54+00:00\" \/>\n<meta property=\"og:image\" content=\"https:\/\/radioleinewelle.de\/wp-content\/uploads\/2020\/10\/Plakat-Ausstellung-Kassel.jpg\" \/>\n\t<meta property=\"og:image:width\" content=\"1075\" \/>\n\t<meta property=\"og:image:height\" content=\"1920\" \/>\n\t<meta property=\"og:image:type\" content=\"image\/jpeg\" \/>\n<meta name=\"author\" content=\"Leinewelle\" \/>\n<meta name=\"twitter:card\" content=\"summary_large_image\" \/>\n<meta name=\"twitter:creator\" content=\"@https:\/\/twitter.com\/RLeinewelle?ref_src=twsrcgoogletwcampserptwgrauthor\" \/>\n<meta name=\"twitter:site\" content=\"@RLeinewelle\" \/>\n<meta name=\"twitter:label1\" content=\"Verfasst von\" \/>\n\t<meta name=\"twitter:data1\" content=\"Leinewelle\" \/>\n\t<meta name=\"twitter:label2\" content=\"Gesch\u00e4tzte Lesezeit\" \/>\n\t<meta name=\"twitter:data2\" content=\"1\u00a0Minute\" \/>\n<script type=\"application\/ld+json\" class=\"yoast-schema-graph\">{\"@context\":\"https:\\\/\\\/schema.org\",\"@graph\":[{\"@type\":\"Article\",\"@id\":\"https:\\\/\\\/radioleinewelle.de\\\/index.php\\\/2020\\\/10\\\/05\\\/kassel-ausstellung-afrodeutsche-und-schwarze-menschen-in-deutschland\\\/#article\",\"isPartOf\":{\"@id\":\"https:\\\/\\\/radioleinewelle.de\\\/index.php\\\/2020\\\/10\\\/05\\\/kassel-ausstellung-afrodeutsche-und-schwarze-menschen-in-deutschland\\\/\"},\"author\":{\"name\":\"Leinewelle\",\"@id\":\"https:\\\/\\\/radioleinewelle.de\\\/#\\\/schema\\\/person\\\/45606f348637df637192dc1b68399a63\"},\"headline\":\"Kassel: Ausstellung \u201eAfrodeutsche und Schwarze Menschen in Deutschland\u201c\",\"datePublished\":\"2020-10-05T03:15:54+00:00\",\"mainEntityOfPage\":{\"@id\":\"https:\\\/\\\/radioleinewelle.de\\\/index.php\\\/2020\\\/10\\\/05\\\/kassel-ausstellung-afrodeutsche-und-schwarze-menschen-in-deutschland\\\/\"},\"wordCount\":188,\"publisher\":{\"@id\":\"https:\\\/\\\/radioleinewelle.de\\\/#organization\"},\"image\":{\"@id\":\"https:\\\/\\\/radioleinewelle.de\\\/index.php\\\/2020\\\/10\\\/05\\\/kassel-ausstellung-afrodeutsche-und-schwarze-menschen-in-deutschland\\\/#primaryimage\"},\"thumbnailUrl\":\"https:\\\/\\\/radioleinewelle.de\\\/wp-content\\\/uploads\\\/2020\\\/10\\\/Plakat-Ausstellung-Kassel.jpg\",\"articleSection\":[\"Migration\"],\"inLanguage\":\"de\"},{\"@type\":\"WebPage\",\"@id\":\"https:\\\/\\\/radioleinewelle.de\\\/index.php\\\/2020\\\/10\\\/05\\\/kassel-ausstellung-afrodeutsche-und-schwarze-menschen-in-deutschland\\\/\",\"url\":\"https:\\\/\\\/radioleinewelle.de\\\/index.php\\\/2020\\\/10\\\/05\\\/kassel-ausstellung-afrodeutsche-und-schwarze-menschen-in-deutschland\\\/\",\"name\":\"Kassel: Ausstellung \u201eAfrodeutsche und Schwarze Menschen in Deutschland\u201c - Radio Leinewelle\",\"isPartOf\":{\"@id\":\"https:\\\/\\\/radioleinewelle.de\\\/#website\"},\"primaryImageOfPage\":{\"@id\":\"https:\\\/\\\/radioleinewelle.de\\\/index.php\\\/2020\\\/10\\\/05\\\/kassel-ausstellung-afrodeutsche-und-schwarze-menschen-in-deutschland\\\/#primaryimage\"},\"image\":{\"@id\":\"https:\\\/\\\/radioleinewelle.de\\\/index.php\\\/2020\\\/10\\\/05\\\/kassel-ausstellung-afrodeutsche-und-schwarze-menschen-in-deutschland\\\/#primaryimage\"},\"thumbnailUrl\":\"https:\\\/\\\/radioleinewelle.de\\\/wp-content\\\/uploads\\\/2020\\\/10\\\/Plakat-Ausstellung-Kassel.jpg\",\"datePublished\":\"2020-10-05T03:15:54+00:00\",\"breadcrumb\":{\"@id\":\"https:\\\/\\\/radioleinewelle.de\\\/index.php\\\/2020\\\/10\\\/05\\\/kassel-ausstellung-afrodeutsche-und-schwarze-menschen-in-deutschland\\\/#breadcrumb\"},\"inLanguage\":\"de\",\"potentialAction\":[{\"@type\":\"ReadAction\",\"target\":[\"https:\\\/\\\/radioleinewelle.de\\\/index.php\\\/2020\\\/10\\\/05\\\/kassel-ausstellung-afrodeutsche-und-schwarze-menschen-in-deutschland\\\/\"]}]},{\"@type\":\"ImageObject\",\"inLanguage\":\"de\",\"@id\":\"https:\\\/\\\/radioleinewelle.de\\\/index.php\\\/2020\\\/10\\\/05\\\/kassel-ausstellung-afrodeutsche-und-schwarze-menschen-in-deutschland\\\/#primaryimage\",\"url\":\"https:\\\/\\\/radioleinewelle.de\\\/wp-content\\\/uploads\\\/2020\\\/10\\\/Plakat-Ausstellung-Kassel.jpg\",\"contentUrl\":\"https:\\\/\\\/radioleinewelle.de\\\/wp-content\\\/uploads\\\/2020\\\/10\\\/Plakat-Ausstellung-Kassel.jpg\",\"width\":1075,\"height\":1920},{\"@type\":\"BreadcrumbList\",\"@id\":\"https:\\\/\\\/radioleinewelle.de\\\/index.php\\\/2020\\\/10\\\/05\\\/kassel-ausstellung-afrodeutsche-und-schwarze-menschen-in-deutschland\\\/#breadcrumb\",\"itemListElement\":[{\"@type\":\"ListItem\",\"position\":1,\"name\":\"Startseite\",\"item\":\"https:\\\/\\\/radioleinewelle.de\\\/\"},{\"@type\":\"ListItem\",\"position\":2,\"name\":\"Kassel: Ausstellung \u201eAfrodeutsche und Schwarze Menschen in Deutschland\u201c\"}]},{\"@type\":\"WebSite\",\"@id\":\"https:\\\/\\\/radioleinewelle.de\\\/#website\",\"url\":\"https:\\\/\\\/radioleinewelle.de\\\/\",\"name\":\"Radio Leinewelle\",\"description\":\"\",\"publisher\":{\"@id\":\"https:\\\/\\\/radioleinewelle.de\\\/#organization\"},\"potentialAction\":[{\"@type\":\"SearchAction\",\"target\":{\"@type\":\"EntryPoint\",\"urlTemplate\":\"https:\\\/\\\/radioleinewelle.de\\\/?s={search_term_string}\"},\"query-input\":{\"@type\":\"PropertyValueSpecification\",\"valueRequired\":true,\"valueName\":\"search_term_string\"}}],\"inLanguage\":\"de\"},{\"@type\":\"Organization\",\"@id\":\"https:\\\/\\\/radioleinewelle.de\\\/#organization\",\"name\":\"Radio Leinewelle\",\"alternateName\":\"Mein Radio f\u00fcr S\u00fcdniedersachsen\",\"url\":\"https:\\\/\\\/radioleinewelle.de\\\/\",\"logo\":{\"@type\":\"ImageObject\",\"inLanguage\":\"de\",\"@id\":\"https:\\\/\\\/radioleinewelle.de\\\/#\\\/schema\\\/logo\\\/image\\\/\",\"url\":\"https:\\\/\\\/radioleinewelle.de\\\/wp-content\\\/uploads\\\/2023\\\/11\\\/cropped-Leinewelle_Logo_weiss.png\",\"contentUrl\":\"https:\\\/\\\/radioleinewelle.de\\\/wp-content\\\/uploads\\\/2023\\\/11\\\/cropped-Leinewelle_Logo_weiss.png\",\"width\":854,\"height\":260,\"caption\":\"Radio Leinewelle\"},\"image\":{\"@id\":\"https:\\\/\\\/radioleinewelle.de\\\/#\\\/schema\\\/logo\\\/image\\\/\"},\"sameAs\":[\"https:\\\/\\\/www.facebook.com\\\/radioleinewelle\",\"https:\\\/\\\/x.com\\\/RLeinewelle\",\"https:\\\/\\\/www.instagram.com\\\/radioleinewelle\\\/?hl=de\"]},{\"@type\":\"Person\",\"@id\":\"https:\\\/\\\/radioleinewelle.de\\\/#\\\/schema\\\/person\\\/45606f348637df637192dc1b68399a63\",\"name\":\"Leinewelle\",\"image\":{\"@type\":\"ImageObject\",\"inLanguage\":\"de\",\"@id\":\"https:\\\/\\\/secure.gravatar.com\\\/avatar\\\/05c9a17bc973052ee5d91549bd32fb4dd0dc85b7b85ae94b2e2b4943476bbea5?s=96&d=blank&r=g\",\"url\":\"https:\\\/\\\/secure.gravatar.com\\\/avatar\\\/05c9a17bc973052ee5d91549bd32fb4dd0dc85b7b85ae94b2e2b4943476bbea5?s=96&d=blank&r=g\",\"contentUrl\":\"https:\\\/\\\/secure.gravatar.com\\\/avatar\\\/05c9a17bc973052ee5d91549bd32fb4dd0dc85b7b85ae94b2e2b4943476bbea5?s=96&d=blank&r=g\",\"caption\":\"Leinewelle\"},\"sameAs\":[\"http:\\\/\\\/localhost\\\/radio%20leinewelle\\\/wordpress\",\"https:\\\/\\\/www.facebook.com\\\/radioleinewelle\",\"https:\\\/\\\/www.instagram.com\\\/radioleinewelle\",\"https:\\\/\\\/x.com\\\/https:\\\/\\\/twitter.com\\\/RLeinewelle?ref_src=twsrcgoogletwcampserptwgrauthor\",\"https:\\\/\\\/soundcloud.com\\\/foerderverein-lokalradio?utm_source=clipboard&utm_medium=text&utm_campaign=social_sharing\"],\"url\":\"https:\\\/\\\/radioleinewelle.de\\\/index.php\\\/author\\\/leinewelle\\\/\"}]}<\/script>\n<!-- \/ Yoast SEO plugin. -->","yoast_head_json":{"title":"Kassel: Ausstellung \u201eAfrodeutsche und Schwarze Menschen in Deutschland\u201c - Radio Leinewelle","robots":{"index":"index","follow":"follow","max-snippet":"max-snippet:-1","max-image-preview":"max-image-preview:large","max-video-preview":"max-video-preview:-1"},"canonical":"https:\/\/radioleinewelle.de\/index.php\/2020\/10\/05\/kassel-ausstellung-afrodeutsche-und-schwarze-menschen-in-deutschland\/","og_locale":"de_DE","og_type":"article","og_title":"Kassel: Ausstellung \u201eAfrodeutsche und Schwarze Menschen in Deutschland\u201c - Radio Leinewelle","og_description":"Seit vielen Jahrhunderten leben Menschen afrikanischer Herkunft in Deutschland. W\u00e4hrend sie in der offiziellen Geschichtsschreibung aber kaum auftauchen, dominieren in \u00f6ffentlichen Diskursen h\u00e4ufig stereotype Klischees. Die Ausstellung \u201eHomestory Deutschland \u2013 Schwarze Biografien in Geschichte und Gegenwart\u201c zeichnet die Lebenswege von 27 schwarzen deutschen Pers\u00f6nlichkeiten aus drei Jahrhunderten nach. Sie ist von Montag, 5. Oktober, bis [&hellip;]","og_url":"https:\/\/radioleinewelle.de\/index.php\/2020\/10\/05\/kassel-ausstellung-afrodeutsche-und-schwarze-menschen-in-deutschland\/","og_site_name":"Radio Leinewelle","article_publisher":"https:\/\/www.facebook.com\/radioleinewelle","article_author":"https:\/\/www.facebook.com\/radioleinewelle","article_published_time":"2020-10-05T03:15:54+00:00","og_image":[{"width":1075,"height":1920,"url":"https:\/\/radioleinewelle.de\/wp-content\/uploads\/2020\/10\/Plakat-Ausstellung-Kassel.jpg","type":"image\/jpeg"}],"author":"Leinewelle","twitter_card":"summary_large_image","twitter_creator":"@https:\/\/twitter.com\/RLeinewelle?ref_src=twsrcgoogletwcampserptwgrauthor","twitter_site":"@RLeinewelle","twitter_misc":{"Verfasst von":"Leinewelle","Gesch\u00e4tzte Lesezeit":"1\u00a0Minute"},"schema":{"@context":"https:\/\/schema.org","@graph":[{"@type":"Article","@id":"https:\/\/radioleinewelle.de\/index.php\/2020\/10\/05\/kassel-ausstellung-afrodeutsche-und-schwarze-menschen-in-deutschland\/#article","isPartOf":{"@id":"https:\/\/radioleinewelle.de\/index.php\/2020\/10\/05\/kassel-ausstellung-afrodeutsche-und-schwarze-menschen-in-deutschland\/"},"author":{"name":"Leinewelle","@id":"https:\/\/radioleinewelle.de\/#\/schema\/person\/45606f348637df637192dc1b68399a63"},"headline":"Kassel: Ausstellung \u201eAfrodeutsche und Schwarze Menschen in Deutschland\u201c","datePublished":"2020-10-05T03:15:54+00:00","mainEntityOfPage":{"@id":"https:\/\/radioleinewelle.de\/index.php\/2020\/10\/05\/kassel-ausstellung-afrodeutsche-und-schwarze-menschen-in-deutschland\/"},"wordCount":188,"publisher":{"@id":"https:\/\/radioleinewelle.de\/#organization"},"image":{"@id":"https:\/\/radioleinewelle.de\/index.php\/2020\/10\/05\/kassel-ausstellung-afrodeutsche-und-schwarze-menschen-in-deutschland\/#primaryimage"},"thumbnailUrl":"https:\/\/radioleinewelle.de\/wp-content\/uploads\/2020\/10\/Plakat-Ausstellung-Kassel.jpg","articleSection":["Migration"],"inLanguage":"de"},{"@type":"WebPage","@id":"https:\/\/radioleinewelle.de\/index.php\/2020\/10\/05\/kassel-ausstellung-afrodeutsche-und-schwarze-menschen-in-deutschland\/","url":"https:\/\/radioleinewelle.de\/index.php\/2020\/10\/05\/kassel-ausstellung-afrodeutsche-und-schwarze-menschen-in-deutschland\/","name":"Kassel: Ausstellung \u201eAfrodeutsche und Schwarze Menschen in Deutschland\u201c - Radio Leinewelle","isPartOf":{"@id":"https:\/\/radioleinewelle.de\/#website"},"primaryImageOfPage":{"@id":"https:\/\/radioleinewelle.de\/index.php\/2020\/10\/05\/kassel-ausstellung-afrodeutsche-und-schwarze-menschen-in-deutschland\/#primaryimage"},"image":{"@id":"https:\/\/radioleinewelle.de\/index.php\/2020\/10\/05\/kassel-ausstellung-afrodeutsche-und-schwarze-menschen-in-deutschland\/#primaryimage"},"thumbnailUrl":"https:\/\/radioleinewelle.de\/wp-content\/uploads\/2020\/10\/Plakat-Ausstellung-Kassel.jpg","datePublished":"2020-10-05T03:15:54+00:00","breadcrumb":{"@id":"https:\/\/radioleinewelle.de\/index.php\/2020\/10\/05\/kassel-ausstellung-afrodeutsche-und-schwarze-menschen-in-deutschland\/#breadcrumb"},"inLanguage":"de","potentialAction":[{"@type":"ReadAction","target":["https:\/\/radioleinewelle.de\/index.php\/2020\/10\/05\/kassel-ausstellung-afrodeutsche-und-schwarze-menschen-in-deutschland\/"]}]},{"@type":"ImageObject","inLanguage":"de","@id":"https:\/\/radioleinewelle.de\/index.php\/2020\/10\/05\/kassel-ausstellung-afrodeutsche-und-schwarze-menschen-in-deutschland\/#primaryimage","url":"https:\/\/radioleinewelle.de\/wp-content\/uploads\/2020\/10\/Plakat-Ausstellung-Kassel.jpg","contentUrl":"https:\/\/radioleinewelle.de\/wp-content\/uploads\/2020\/10\/Plakat-Ausstellung-Kassel.jpg","width":1075,"height":1920},{"@type":"BreadcrumbList","@id":"https:\/\/radioleinewelle.de\/index.php\/2020\/10\/05\/kassel-ausstellung-afrodeutsche-und-schwarze-menschen-in-deutschland\/#breadcrumb","itemListElement":[{"@type":"ListItem","position":1,"name":"Startseite","item":"https:\/\/radioleinewelle.de\/"},{"@type":"ListItem","position":2,"name":"Kassel: Ausstellung \u201eAfrodeutsche und Schwarze Menschen in Deutschland\u201c"}]},{"@type":"WebSite","@id":"https:\/\/radioleinewelle.de\/#website","url":"https:\/\/radioleinewelle.de\/","name":"Radio Leinewelle","description":"","publisher":{"@id":"https:\/\/radioleinewelle.de\/#organization"},"potentialAction":[{"@type":"SearchAction","target":{"@type":"EntryPoint","urlTemplate":"https:\/\/radioleinewelle.de\/?s={search_term_string}"},"query-input":{"@type":"PropertyValueSpecification","valueRequired":true,"valueName":"search_term_string"}}],"inLanguage":"de"},{"@type":"Organization","@id":"https:\/\/radioleinewelle.de\/#organization","name":"Radio Leinewelle","alternateName":"Mein Radio f\u00fcr S\u00fcdniedersachsen","url":"https:\/\/radioleinewelle.de\/","logo":{"@type":"ImageObject","inLanguage":"de","@id":"https:\/\/radioleinewelle.de\/#\/schema\/logo\/image\/","url":"https:\/\/radioleinewelle.de\/wp-content\/uploads\/2023\/11\/cropped-Leinewelle_Logo_weiss.png","contentUrl":"https:\/\/radioleinewelle.de\/wp-content\/uploads\/2023\/11\/cropped-Leinewelle_Logo_weiss.png","width":854,"height":260,"caption":"Radio Leinewelle"},"image":{"@id":"https:\/\/radioleinewelle.de\/#\/schema\/logo\/image\/"},"sameAs":["https:\/\/www.facebook.com\/radioleinewelle","https:\/\/x.com\/RLeinewelle","https:\/\/www.instagram.com\/radioleinewelle\/?hl=de"]},{"@type":"Person","@id":"https:\/\/radioleinewelle.de\/#\/schema\/person\/45606f348637df637192dc1b68399a63","name":"Leinewelle","image":{"@type":"ImageObject","inLanguage":"de","@id":"https:\/\/secure.gravatar.com\/avatar\/05c9a17bc973052ee5d91549bd32fb4dd0dc85b7b85ae94b2e2b4943476bbea5?s=96&d=blank&r=g","url":"https:\/\/secure.gravatar.com\/avatar\/05c9a17bc973052ee5d91549bd32fb4dd0dc85b7b85ae94b2e2b4943476bbea5?s=96&d=blank&r=g","contentUrl":"https:\/\/secure.gravatar.com\/avatar\/05c9a17bc973052ee5d91549bd32fb4dd0dc85b7b85ae94b2e2b4943476bbea5?s=96&d=blank&r=g","caption":"Leinewelle"},"sameAs":["http:\/\/localhost\/radio%20leinewelle\/wordpress","https:\/\/www.facebook.com\/radioleinewelle","https:\/\/www.instagram.com\/radioleinewelle","https:\/\/x.com\/https:\/\/twitter.com\/RLeinewelle?ref_src=twsrcgoogletwcampserptwgrauthor","https:\/\/soundcloud.com\/foerderverein-lokalradio?utm_source=clipboard&utm_medium=text&utm_campaign=social_sharing"],"url":"https:\/\/radioleinewelle.de\/index.php\/author\/leinewelle\/"}]}},"_links":{"self":[{"href":"https:\/\/radioleinewelle.de\/index.php\/wp-json\/wp\/v2\/posts\/2070","targetHints":{"allow":["GET"]}}],"collection":[{"href":"https:\/\/radioleinewelle.de\/index.php\/wp-json\/wp\/v2\/posts"}],"about":[{"href":"https:\/\/radioleinewelle.de\/index.php\/wp-json\/wp\/v2\/types\/post"}],"author":[{"embeddable":true,"href":"https:\/\/radioleinewelle.de\/index.php\/wp-json\/wp\/v2\/users\/1"}],"replies":[{"embeddable":true,"href":"https:\/\/radioleinewelle.de\/index.php\/wp-json\/wp\/v2\/comments?post=2070"}],"version-history":[{"count":0,"href":"https:\/\/radioleinewelle.de\/index.php\/wp-json\/wp\/v2\/posts\/2070\/revisions"}],"wp:featuredmedia":[{"embeddable":true,"href":"https:\/\/radioleinewelle.de\/index.php\/wp-json\/wp\/v2\/media\/2071"}],"wp:attachment":[{"href":"https:\/\/radioleinewelle.de\/index.php\/wp-json\/wp\/v2\/media?parent=2070"}],"wp:term":[{"taxonomy":"category","embeddable":true,"href":"https:\/\/radioleinewelle.de\/index.php\/wp-json\/wp\/v2\/categories?post=2070"},{"taxonomy":"post_tag","embeddable":true,"href":"https:\/\/radioleinewelle.de\/index.php\/wp-json\/wp\/v2\/tags?post=2070"}],"curies":[{"name":"wp","href":"https:\/\/api.w.org\/{rel}","templated":true}]}}