{"id":2074,"date":"2020-10-06T05:20:51","date_gmt":"2020-10-06T03:20:51","guid":{"rendered":"https:\/\/radioleinewelle.de\/?p=2074"},"modified":"2020-10-06T05:20:51","modified_gmt":"2020-10-06T03:20:51","slug":"europaeische-petition-gegen-die-kaefighaltung-sammelt-14-mio-unterschriften","status":"publish","type":"post","link":"https:\/\/radioleinewelle.de\/index.php\/2020\/10\/06\/europaeische-petition-gegen-die-kaefighaltung-sammelt-14-mio-unterschriften\/","title":{"rendered":"Europ\u00e4ische Petition gegen die K\u00e4fighaltung sammelt 1,4 Mio. Unterschriften"},"content":{"rendered":"<p><span class=\"b\">Premiere: am 02.10. dem Welttag f\u00fcr Tiere in der Landwirtschaft, wird die erste erfolgreiche Europ\u00e4ische B\u00fcrgerinitiative (EBI) zum Schutz dieser Tiere an die Europ\u00e4ische Kommission \u00fcbergeben. Mit &#8222;End the Cage Age&#8220; fordern 1,4 Millionen Menschen aus ganz Europa die EU auf, die Verwendung von K\u00e4figen in der landwirtschaftlichen Tierhaltung zu beenden.\u00a0<\/span>Innerhalb eines Jahres &#8211; vom 11. September 2018 bis zum 11. September 2019 &#8211; sammelte die EBI &#8222;End the Cage Age&#8220; 1.397.113 jetzt als g\u00fcltig best\u00e4tigte Unterschriften. Die Zahl der Unterst\u00fctzer \u00fcbertrifft somit die erforderliche Schwelle von einer Million bei weitem. Ein Drittel der Unterschriften, und damit der Gro\u00dfteil, kamen aus Deutschland. Gro\u00dfe Resonanz gab es jedoch europaweit: 18 EU-L\u00e4nder erreichten die erforderliche Unterschriftenzahl. Gebraucht h\u00e4tte es nur sieben. &#8222;End the Cage Age&#8220; ist damit:<\/p>\n<pre class=\"xmllist\">-  die EBI mit den drittmeisten jemals gesammelten Unterschriften,\n-  eine von nur sechs erfolgreichen EBIs unter den 75 bisher registrierten und\n-  die erste erfolgreiche EBI zum Schutz von Tieren in der Landwirtschaft \u00fcberhaupt.<\/pre>\n<p>Das Ziel der EBI &#8222;End the Cage Age&#8220; ist das Ende der K\u00e4fighaltung in der Landwirtschaft auf dem gesamten Kontinent. \u00dcber 300 Millionen Schweine, H\u00fchner, Kaninchen, Enten, G\u00e4nse, Wachteln und K\u00e4lber sind in der gesamten EU in K\u00e4figen eingesperrt. Die Tiere haben keinen Platz sich frei zu bewegen, k\u00f6nnen nicht angemessen mit Artgenossen interagieren oder andere grundlegende Bed\u00fcrfnisse stillen. K\u00e4fige sind grausam und v\u00f6llig unn\u00f6tig.<\/p>\n<p>Dass die EBI heute Geschichte f\u00fcr Tiere in der Landwirtschaft schreibt, ist das Ergebnis einer ausdauernden gemeinsamen Kraftanstrengung eines B\u00fcndnisses von 170 europ\u00e4ischen Organisationen aus Umwelt-, Natur-, Verbraucher- und Tierschutz, zu dem auch die Albert Schweitzer Stiftung f\u00fcr unsere Mitwelt geh\u00f6rt. Die Forderung nach dem Ende der K\u00e4fighaltung eint Menschen aus allen Ecken des Kontinents.<\/p>\n<p>&#8222;Wir freuen uns sehr \u00fcber die \u00fcberw\u00e4ltigende Unterst\u00fctzung, die End the Cage Age erfahren hat. Dass 1,4 Millionen Europ\u00e4erinnen und Europ\u00e4er die Abschaffung von K\u00e4figen &#8211; und dazu z\u00e4hlen auch Kastenst\u00e4nde und K\u00e4lberboxen &#8211; fordern, muss die EU-Kommission zum Handeln bewegen&#8220;, so Mahi Klosterhalfen, Pr\u00e4sident der Albert Schweitzer Stiftung f\u00fcr unsere Mitwelt.<\/p>\n<p>&#8222;Noch nie haben sich so viele Menschen gemeinsam f\u00fcr sogenannte Nutztiere eingesetzt. Tierschutz ist ein gro\u00dfes gesellschaftliches Anliegen, in Deutschland sogar Staatsziel &#8211; Lebewesen in K\u00e4fige zu sperren dagegen, ist einfach unmenschlich. Wir finden es daher fatal, dass Regierungen immer wieder Zugest\u00e4ndnisse an die Agrarindustrie machen und zum Beispiel wie k\u00fcrzlich in Deutschland Kastenst\u00e4nde weiter erlauben. Es jetzt an der Zeit, das Ende des K\u00e4figzeitalters einzul\u00e4uten. Die heutige \u00dcbergabe der EBI an die Kommission ist der erste Schritt,&#8220; so Klosterhalfen weiter.<\/p>\n<p>Bild von <a href=\"https:\/\/pixabay.com\/de\/users\/hagaiocohen-9512178\/?utm_source=link-attribution&amp;utm_medium=referral&amp;utm_campaign=image&amp;utm_content=4327434\">hagaiocohen<\/a> auf <a href=\"https:\/\/pixabay.com\/de\/?utm_source=link-attribution&amp;utm_medium=referral&amp;utm_campaign=image&amp;utm_content=4327434\">Pixabay<\/a><\/p>\n","protected":false},"excerpt":{"rendered":"<p>Premiere: am 02.10. dem Welttag f\u00fcr Tiere in der Landwirtschaft, wird die erste erfolgreiche Europ\u00e4ische B\u00fcrgerinitiative (EBI) zum Schutz dieser Tiere an die Europ\u00e4ische Kommission \u00fcbergeben. Mit &#8222;End the Cage Age&#8220; fordern 1,4 Millionen Menschen aus ganz Europa die EU auf, die Verwendung von K\u00e4figen in der landwirtschaftlichen Tierhaltung zu beenden.\u00a0Innerhalb eines Jahres &#8211; vom [&hellip;]<\/p>\n","protected":false},"author":1,"featured_media":0,"comment_status":"closed","ping_status":"closed","sticky":false,"template":"","format":"standard","meta":{"saved_in_kubio":false,"footnotes":""},"categories":[32],"tags":[],"class_list":["post-2074","post","type-post","status-publish","format-standard","hentry","category-natur-umwelt"],"yoast_head":"<!-- This site is optimized with the Yoast SEO plugin v27.5 - https:\/\/yoast.com\/product\/yoast-seo-wordpress\/ -->\n<title>Europ\u00e4ische Petition gegen die K\u00e4fighaltung sammelt 1,4 Mio. Unterschriften - Radio Leinewelle<\/title>\n<meta name=\"robots\" content=\"index, follow, max-snippet:-1, max-image-preview:large, max-video-preview:-1\" \/>\n<link rel=\"canonical\" href=\"https:\/\/radioleinewelle.de\/index.php\/2020\/10\/06\/europaeische-petition-gegen-die-kaefighaltung-sammelt-14-mio-unterschriften\/\" \/>\n<meta property=\"og:locale\" content=\"de_DE\" \/>\n<meta property=\"og:type\" content=\"article\" \/>\n<meta property=\"og:title\" content=\"Europ\u00e4ische Petition gegen die K\u00e4fighaltung sammelt 1,4 Mio. Unterschriften - Radio Leinewelle\" \/>\n<meta property=\"og:description\" content=\"Premiere: am 02.10. dem Welttag f\u00fcr Tiere in der Landwirtschaft, wird die erste erfolgreiche Europ\u00e4ische B\u00fcrgerinitiative (EBI) zum Schutz dieser Tiere an die Europ\u00e4ische Kommission \u00fcbergeben. Mit &#8222;End the Cage Age&#8220; fordern 1,4 Millionen Menschen aus ganz Europa die EU auf, die Verwendung von K\u00e4figen in der landwirtschaftlichen Tierhaltung zu beenden.\u00a0Innerhalb eines Jahres &#8211; vom [&hellip;]\" \/>\n<meta property=\"og:url\" content=\"https:\/\/radioleinewelle.de\/index.php\/2020\/10\/06\/europaeische-petition-gegen-die-kaefighaltung-sammelt-14-mio-unterschriften\/\" \/>\n<meta property=\"og:site_name\" content=\"Radio Leinewelle\" \/>\n<meta property=\"article:publisher\" content=\"https:\/\/www.facebook.com\/radioleinewelle\" \/>\n<meta property=\"article:author\" content=\"https:\/\/www.facebook.com\/radioleinewelle\" \/>\n<meta property=\"article:published_time\" content=\"2020-10-06T03:20:51+00:00\" \/>\n<meta name=\"author\" content=\"Leinewelle\" \/>\n<meta name=\"twitter:card\" content=\"summary_large_image\" \/>\n<meta name=\"twitter:creator\" content=\"@https:\/\/twitter.com\/RLeinewelle?ref_src=twsrcgoogletwcampserptwgrauthor\" \/>\n<meta name=\"twitter:site\" content=\"@RLeinewelle\" \/>\n<meta name=\"twitter:label1\" content=\"Verfasst von\" \/>\n\t<meta name=\"twitter:data1\" content=\"Leinewelle\" \/>\n\t<meta name=\"twitter:label2\" content=\"Gesch\u00e4tzte Lesezeit\" \/>\n\t<meta name=\"twitter:data2\" content=\"2\u00a0Minuten\" \/>\n<script type=\"application\/ld+json\" class=\"yoast-schema-graph\">{\"@context\":\"https:\\\/\\\/schema.org\",\"@graph\":[{\"@type\":\"Article\",\"@id\":\"https:\\\/\\\/radioleinewelle.de\\\/index.php\\\/2020\\\/10\\\/06\\\/europaeische-petition-gegen-die-kaefighaltung-sammelt-14-mio-unterschriften\\\/#article\",\"isPartOf\":{\"@id\":\"https:\\\/\\\/radioleinewelle.de\\\/index.php\\\/2020\\\/10\\\/06\\\/europaeische-petition-gegen-die-kaefighaltung-sammelt-14-mio-unterschriften\\\/\"},\"author\":{\"name\":\"Leinewelle\",\"@id\":\"https:\\\/\\\/radioleinewelle.de\\\/#\\\/schema\\\/person\\\/45606f348637df637192dc1b68399a63\"},\"headline\":\"Europ\u00e4ische Petition gegen die K\u00e4fighaltung sammelt 1,4 Mio. Unterschriften\",\"datePublished\":\"2020-10-06T03:20:51+00:00\",\"mainEntityOfPage\":{\"@id\":\"https:\\\/\\\/radioleinewelle.de\\\/index.php\\\/2020\\\/10\\\/06\\\/europaeische-petition-gegen-die-kaefighaltung-sammelt-14-mio-unterschriften\\\/\"},\"wordCount\":429,\"publisher\":{\"@id\":\"https:\\\/\\\/radioleinewelle.de\\\/#organization\"},\"articleSection\":[\"Natur &amp; Umwelt\"],\"inLanguage\":\"de\"},{\"@type\":\"WebPage\",\"@id\":\"https:\\\/\\\/radioleinewelle.de\\\/index.php\\\/2020\\\/10\\\/06\\\/europaeische-petition-gegen-die-kaefighaltung-sammelt-14-mio-unterschriften\\\/\",\"url\":\"https:\\\/\\\/radioleinewelle.de\\\/index.php\\\/2020\\\/10\\\/06\\\/europaeische-petition-gegen-die-kaefighaltung-sammelt-14-mio-unterschriften\\\/\",\"name\":\"Europ\u00e4ische Petition gegen die K\u00e4fighaltung sammelt 1,4 Mio. Unterschriften - Radio Leinewelle\",\"isPartOf\":{\"@id\":\"https:\\\/\\\/radioleinewelle.de\\\/#website\"},\"datePublished\":\"2020-10-06T03:20:51+00:00\",\"breadcrumb\":{\"@id\":\"https:\\\/\\\/radioleinewelle.de\\\/index.php\\\/2020\\\/10\\\/06\\\/europaeische-petition-gegen-die-kaefighaltung-sammelt-14-mio-unterschriften\\\/#breadcrumb\"},\"inLanguage\":\"de\",\"potentialAction\":[{\"@type\":\"ReadAction\",\"target\":[\"https:\\\/\\\/radioleinewelle.de\\\/index.php\\\/2020\\\/10\\\/06\\\/europaeische-petition-gegen-die-kaefighaltung-sammelt-14-mio-unterschriften\\\/\"]}]},{\"@type\":\"BreadcrumbList\",\"@id\":\"https:\\\/\\\/radioleinewelle.de\\\/index.php\\\/2020\\\/10\\\/06\\\/europaeische-petition-gegen-die-kaefighaltung-sammelt-14-mio-unterschriften\\\/#breadcrumb\",\"itemListElement\":[{\"@type\":\"ListItem\",\"position\":1,\"name\":\"Startseite\",\"item\":\"https:\\\/\\\/radioleinewelle.de\\\/\"},{\"@type\":\"ListItem\",\"position\":2,\"name\":\"Europ\u00e4ische Petition gegen die K\u00e4fighaltung sammelt 1,4 Mio. Unterschriften\"}]},{\"@type\":\"WebSite\",\"@id\":\"https:\\\/\\\/radioleinewelle.de\\\/#website\",\"url\":\"https:\\\/\\\/radioleinewelle.de\\\/\",\"name\":\"Radio Leinewelle\",\"description\":\"\",\"publisher\":{\"@id\":\"https:\\\/\\\/radioleinewelle.de\\\/#organization\"},\"potentialAction\":[{\"@type\":\"SearchAction\",\"target\":{\"@type\":\"EntryPoint\",\"urlTemplate\":\"https:\\\/\\\/radioleinewelle.de\\\/?s={search_term_string}\"},\"query-input\":{\"@type\":\"PropertyValueSpecification\",\"valueRequired\":true,\"valueName\":\"search_term_string\"}}],\"inLanguage\":\"de\"},{\"@type\":\"Organization\",\"@id\":\"https:\\\/\\\/radioleinewelle.de\\\/#organization\",\"name\":\"Radio Leinewelle\",\"alternateName\":\"Mein Radio f\u00fcr S\u00fcdniedersachsen\",\"url\":\"https:\\\/\\\/radioleinewelle.de\\\/\",\"logo\":{\"@type\":\"ImageObject\",\"inLanguage\":\"de\",\"@id\":\"https:\\\/\\\/radioleinewelle.de\\\/#\\\/schema\\\/logo\\\/image\\\/\",\"url\":\"https:\\\/\\\/radioleinewelle.de\\\/wp-content\\\/uploads\\\/2023\\\/11\\\/cropped-Leinewelle_Logo_weiss.png\",\"contentUrl\":\"https:\\\/\\\/radioleinewelle.de\\\/wp-content\\\/uploads\\\/2023\\\/11\\\/cropped-Leinewelle_Logo_weiss.png\",\"width\":854,\"height\":260,\"caption\":\"Radio Leinewelle\"},\"image\":{\"@id\":\"https:\\\/\\\/radioleinewelle.de\\\/#\\\/schema\\\/logo\\\/image\\\/\"},\"sameAs\":[\"https:\\\/\\\/www.facebook.com\\\/radioleinewelle\",\"https:\\\/\\\/x.com\\\/RLeinewelle\",\"https:\\\/\\\/www.instagram.com\\\/radioleinewelle\\\/?hl=de\"]},{\"@type\":\"Person\",\"@id\":\"https:\\\/\\\/radioleinewelle.de\\\/#\\\/schema\\\/person\\\/45606f348637df637192dc1b68399a63\",\"name\":\"Leinewelle\",\"image\":{\"@type\":\"ImageObject\",\"inLanguage\":\"de\",\"@id\":\"https:\\\/\\\/secure.gravatar.com\\\/avatar\\\/05c9a17bc973052ee5d91549bd32fb4dd0dc85b7b85ae94b2e2b4943476bbea5?s=96&d=blank&r=g\",\"url\":\"https:\\\/\\\/secure.gravatar.com\\\/avatar\\\/05c9a17bc973052ee5d91549bd32fb4dd0dc85b7b85ae94b2e2b4943476bbea5?s=96&d=blank&r=g\",\"contentUrl\":\"https:\\\/\\\/secure.gravatar.com\\\/avatar\\\/05c9a17bc973052ee5d91549bd32fb4dd0dc85b7b85ae94b2e2b4943476bbea5?s=96&d=blank&r=g\",\"caption\":\"Leinewelle\"},\"sameAs\":[\"http:\\\/\\\/localhost\\\/radio%20leinewelle\\\/wordpress\",\"https:\\\/\\\/www.facebook.com\\\/radioleinewelle\",\"https:\\\/\\\/www.instagram.com\\\/radioleinewelle\",\"https:\\\/\\\/x.com\\\/https:\\\/\\\/twitter.com\\\/RLeinewelle?ref_src=twsrcgoogletwcampserptwgrauthor\",\"https:\\\/\\\/soundcloud.com\\\/foerderverein-lokalradio?utm_source=clipboard&utm_medium=text&utm_campaign=social_sharing\"],\"url\":\"https:\\\/\\\/radioleinewelle.de\\\/index.php\\\/author\\\/leinewelle\\\/\"}]}<\/script>\n<!-- \/ Yoast SEO plugin. -->","yoast_head_json":{"title":"Europ\u00e4ische Petition gegen die K\u00e4fighaltung sammelt 1,4 Mio. Unterschriften - Radio Leinewelle","robots":{"index":"index","follow":"follow","max-snippet":"max-snippet:-1","max-image-preview":"max-image-preview:large","max-video-preview":"max-video-preview:-1"},"canonical":"https:\/\/radioleinewelle.de\/index.php\/2020\/10\/06\/europaeische-petition-gegen-die-kaefighaltung-sammelt-14-mio-unterschriften\/","og_locale":"de_DE","og_type":"article","og_title":"Europ\u00e4ische Petition gegen die K\u00e4fighaltung sammelt 1,4 Mio. Unterschriften - Radio Leinewelle","og_description":"Premiere: am 02.10. dem Welttag f\u00fcr Tiere in der Landwirtschaft, wird die erste erfolgreiche Europ\u00e4ische B\u00fcrgerinitiative (EBI) zum Schutz dieser Tiere an die Europ\u00e4ische Kommission \u00fcbergeben. Mit &#8222;End the Cage Age&#8220; fordern 1,4 Millionen Menschen aus ganz Europa die EU auf, die Verwendung von K\u00e4figen in der landwirtschaftlichen Tierhaltung zu beenden.\u00a0Innerhalb eines Jahres &#8211; vom [&hellip;]","og_url":"https:\/\/radioleinewelle.de\/index.php\/2020\/10\/06\/europaeische-petition-gegen-die-kaefighaltung-sammelt-14-mio-unterschriften\/","og_site_name":"Radio Leinewelle","article_publisher":"https:\/\/www.facebook.com\/radioleinewelle","article_author":"https:\/\/www.facebook.com\/radioleinewelle","article_published_time":"2020-10-06T03:20:51+00:00","author":"Leinewelle","twitter_card":"summary_large_image","twitter_creator":"@https:\/\/twitter.com\/RLeinewelle?ref_src=twsrcgoogletwcampserptwgrauthor","twitter_site":"@RLeinewelle","twitter_misc":{"Verfasst von":"Leinewelle","Gesch\u00e4tzte Lesezeit":"2\u00a0Minuten"},"schema":{"@context":"https:\/\/schema.org","@graph":[{"@type":"Article","@id":"https:\/\/radioleinewelle.de\/index.php\/2020\/10\/06\/europaeische-petition-gegen-die-kaefighaltung-sammelt-14-mio-unterschriften\/#article","isPartOf":{"@id":"https:\/\/radioleinewelle.de\/index.php\/2020\/10\/06\/europaeische-petition-gegen-die-kaefighaltung-sammelt-14-mio-unterschriften\/"},"author":{"name":"Leinewelle","@id":"https:\/\/radioleinewelle.de\/#\/schema\/person\/45606f348637df637192dc1b68399a63"},"headline":"Europ\u00e4ische Petition gegen die K\u00e4fighaltung sammelt 1,4 Mio. Unterschriften","datePublished":"2020-10-06T03:20:51+00:00","mainEntityOfPage":{"@id":"https:\/\/radioleinewelle.de\/index.php\/2020\/10\/06\/europaeische-petition-gegen-die-kaefighaltung-sammelt-14-mio-unterschriften\/"},"wordCount":429,"publisher":{"@id":"https:\/\/radioleinewelle.de\/#organization"},"articleSection":["Natur &amp; Umwelt"],"inLanguage":"de"},{"@type":"WebPage","@id":"https:\/\/radioleinewelle.de\/index.php\/2020\/10\/06\/europaeische-petition-gegen-die-kaefighaltung-sammelt-14-mio-unterschriften\/","url":"https:\/\/radioleinewelle.de\/index.php\/2020\/10\/06\/europaeische-petition-gegen-die-kaefighaltung-sammelt-14-mio-unterschriften\/","name":"Europ\u00e4ische Petition gegen die K\u00e4fighaltung sammelt 1,4 Mio. Unterschriften - Radio Leinewelle","isPartOf":{"@id":"https:\/\/radioleinewelle.de\/#website"},"datePublished":"2020-10-06T03:20:51+00:00","breadcrumb":{"@id":"https:\/\/radioleinewelle.de\/index.php\/2020\/10\/06\/europaeische-petition-gegen-die-kaefighaltung-sammelt-14-mio-unterschriften\/#breadcrumb"},"inLanguage":"de","potentialAction":[{"@type":"ReadAction","target":["https:\/\/radioleinewelle.de\/index.php\/2020\/10\/06\/europaeische-petition-gegen-die-kaefighaltung-sammelt-14-mio-unterschriften\/"]}]},{"@type":"BreadcrumbList","@id":"https:\/\/radioleinewelle.de\/index.php\/2020\/10\/06\/europaeische-petition-gegen-die-kaefighaltung-sammelt-14-mio-unterschriften\/#breadcrumb","itemListElement":[{"@type":"ListItem","position":1,"name":"Startseite","item":"https:\/\/radioleinewelle.de\/"},{"@type":"ListItem","position":2,"name":"Europ\u00e4ische Petition gegen die K\u00e4fighaltung sammelt 1,4 Mio. Unterschriften"}]},{"@type":"WebSite","@id":"https:\/\/radioleinewelle.de\/#website","url":"https:\/\/radioleinewelle.de\/","name":"Radio Leinewelle","description":"","publisher":{"@id":"https:\/\/radioleinewelle.de\/#organization"},"potentialAction":[{"@type":"SearchAction","target":{"@type":"EntryPoint","urlTemplate":"https:\/\/radioleinewelle.de\/?s={search_term_string}"},"query-input":{"@type":"PropertyValueSpecification","valueRequired":true,"valueName":"search_term_string"}}],"inLanguage":"de"},{"@type":"Organization","@id":"https:\/\/radioleinewelle.de\/#organization","name":"Radio Leinewelle","alternateName":"Mein Radio f\u00fcr S\u00fcdniedersachsen","url":"https:\/\/radioleinewelle.de\/","logo":{"@type":"ImageObject","inLanguage":"de","@id":"https:\/\/radioleinewelle.de\/#\/schema\/logo\/image\/","url":"https:\/\/radioleinewelle.de\/wp-content\/uploads\/2023\/11\/cropped-Leinewelle_Logo_weiss.png","contentUrl":"https:\/\/radioleinewelle.de\/wp-content\/uploads\/2023\/11\/cropped-Leinewelle_Logo_weiss.png","width":854,"height":260,"caption":"Radio Leinewelle"},"image":{"@id":"https:\/\/radioleinewelle.de\/#\/schema\/logo\/image\/"},"sameAs":["https:\/\/www.facebook.com\/radioleinewelle","https:\/\/x.com\/RLeinewelle","https:\/\/www.instagram.com\/radioleinewelle\/?hl=de"]},{"@type":"Person","@id":"https:\/\/radioleinewelle.de\/#\/schema\/person\/45606f348637df637192dc1b68399a63","name":"Leinewelle","image":{"@type":"ImageObject","inLanguage":"de","@id":"https:\/\/secure.gravatar.com\/avatar\/05c9a17bc973052ee5d91549bd32fb4dd0dc85b7b85ae94b2e2b4943476bbea5?s=96&d=blank&r=g","url":"https:\/\/secure.gravatar.com\/avatar\/05c9a17bc973052ee5d91549bd32fb4dd0dc85b7b85ae94b2e2b4943476bbea5?s=96&d=blank&r=g","contentUrl":"https:\/\/secure.gravatar.com\/avatar\/05c9a17bc973052ee5d91549bd32fb4dd0dc85b7b85ae94b2e2b4943476bbea5?s=96&d=blank&r=g","caption":"Leinewelle"},"sameAs":["http:\/\/localhost\/radio%20leinewelle\/wordpress","https:\/\/www.facebook.com\/radioleinewelle","https:\/\/www.instagram.com\/radioleinewelle","https:\/\/x.com\/https:\/\/twitter.com\/RLeinewelle?ref_src=twsrcgoogletwcampserptwgrauthor","https:\/\/soundcloud.com\/foerderverein-lokalradio?utm_source=clipboard&utm_medium=text&utm_campaign=social_sharing"],"url":"https:\/\/radioleinewelle.de\/index.php\/author\/leinewelle\/"}]}},"_links":{"self":[{"href":"https:\/\/radioleinewelle.de\/index.php\/wp-json\/wp\/v2\/posts\/2074","targetHints":{"allow":["GET"]}}],"collection":[{"href":"https:\/\/radioleinewelle.de\/index.php\/wp-json\/wp\/v2\/posts"}],"about":[{"href":"https:\/\/radioleinewelle.de\/index.php\/wp-json\/wp\/v2\/types\/post"}],"author":[{"embeddable":true,"href":"https:\/\/radioleinewelle.de\/index.php\/wp-json\/wp\/v2\/users\/1"}],"replies":[{"embeddable":true,"href":"https:\/\/radioleinewelle.de\/index.php\/wp-json\/wp\/v2\/comments?post=2074"}],"version-history":[{"count":0,"href":"https:\/\/radioleinewelle.de\/index.php\/wp-json\/wp\/v2\/posts\/2074\/revisions"}],"wp:attachment":[{"href":"https:\/\/radioleinewelle.de\/index.php\/wp-json\/wp\/v2\/media?parent=2074"}],"wp:term":[{"taxonomy":"category","embeddable":true,"href":"https:\/\/radioleinewelle.de\/index.php\/wp-json\/wp\/v2\/categories?post=2074"},{"taxonomy":"post_tag","embeddable":true,"href":"https:\/\/radioleinewelle.de\/index.php\/wp-json\/wp\/v2\/tags?post=2074"}],"curies":[{"name":"wp","href":"https:\/\/api.w.org\/{rel}","templated":true}]}}