{"id":2086,"date":"2020-10-05T05:50:47","date_gmt":"2020-10-05T03:50:47","guid":{"rendered":"https:\/\/radioleinewelle.de\/?p=2086"},"modified":"2020-10-05T05:50:47","modified_gmt":"2020-10-05T03:50:47","slug":"einbeck-ruft-zur-abstimmung-ueber-fahrradfreundliche-stadt-auf","status":"publish","type":"post","link":"https:\/\/radioleinewelle.de\/index.php\/2020\/10\/05\/einbeck-ruft-zur-abstimmung-ueber-fahrradfreundliche-stadt-auf\/","title":{"rendered":"Einbeck ruft zur Abstimmung \u00fcber &#8222;fahrradfreundliche Stadt&#8220; auf."},"content":{"rendered":"<div class=\"magazinetext\">\n<div class=\"magazineshorttext\">\n<p>Der Fahrradclub ADFC ruft gemeinsam mit dem Bundesministerium f\u00fcr Verkehr und digitale Infrastruktur (BMVI) wieder hunderttausende Radfahrerinnen und Radfahrer dazu auf, die Fahrradfreundlichkeit von St\u00e4dten und Gemeinden zu bewerten. Der Test hilft, St\u00e4rken und Schw\u00e4chen der Radverkehrsf\u00f6rderung zu erkennen. B\u00fcrgermeisterin Dr. Sabine Michalek bittet die B\u00fcrgerinnen und B\u00fcrger um zahlreiche Teilnahme.<\/p>\n<\/div>\n<\/div>\n<div class=\"magazinetext\">\n<p>B\u00fcrgermeisterin Dr. Sabine Michalek sagt: \u201eFahrradfreundlichkeit ist ein echter Standortfaktor und ein Synonym f\u00fcr Lebensqualit\u00e4t geworden. Deshalb haben wir in Einbeck f\u00fcr den Radverkehr in letzter Zeit eine Menge getan (u.a. \u00d6ffnung von Einbahnstra\u00dfen in Gegenrichtung f\u00fcr den Radverkehr, Anlage von Radfahrstreifen). Jetzt geht es um die Frage: Kommen die Verbesserungen auch bei den B\u00fcrgerinnen und B\u00fcrgern an ? Was l\u00e4uft schon gut \u2013 was nicht ? Wir bitten alle Einbeckerinnen und Einbecker, sich ein paar Minuten f\u00fcr die Befragung auf <a class=\"extern\" title=\"www.fahrradklima-test.adfc.de\" href=\"http:\/\/www.fahrradklima-test.adfc.de\/\" target=\"_blank\" rel=\"noopener\">www.fahrradklima-test.adfc.de<\/a> zu nehmen. Es lohnt sich !\u201c<\/p>\n<p>Banner: ADFC<\/p>\n<p>&nbsp;<\/p>\n<\/div>\n","protected":false},"excerpt":{"rendered":"<p>Der Fahrradclub ADFC ruft gemeinsam mit dem Bundesministerium f\u00fcr Verkehr und digitale Infrastruktur (BMVI) wieder hunderttausende Radfahrerinnen und Radfahrer dazu auf, die Fahrradfreundlichkeit von St\u00e4dten und Gemeinden zu bewerten. Der Test hilft, St\u00e4rken und Schw\u00e4chen der Radverkehrsf\u00f6rderung zu erkennen. B\u00fcrgermeisterin Dr. Sabine Michalek bittet die B\u00fcrgerinnen und B\u00fcrger um zahlreiche Teilnahme. B\u00fcrgermeisterin Dr. Sabine Michalek [&hellip;]<\/p>\n","protected":false},"author":1,"featured_media":0,"comment_status":"closed","ping_status":"closed","sticky":false,"template":"","format":"standard","meta":{"saved_in_kubio":false,"footnotes":""},"categories":[32],"tags":[],"class_list":["post-2086","post","type-post","status-publish","format-standard","hentry","category-natur-umwelt"],"yoast_head":"<!-- This site is optimized with the Yoast SEO plugin v27.5 - https:\/\/yoast.com\/product\/yoast-seo-wordpress\/ -->\n<title>Einbeck ruft zur Abstimmung \u00fcber &quot;fahrradfreundliche Stadt&quot; auf. - Radio Leinewelle<\/title>\n<meta name=\"robots\" content=\"index, follow, max-snippet:-1, max-image-preview:large, max-video-preview:-1\" \/>\n<link rel=\"canonical\" href=\"https:\/\/radioleinewelle.de\/index.php\/2020\/10\/05\/einbeck-ruft-zur-abstimmung-ueber-fahrradfreundliche-stadt-auf\/\" \/>\n<meta property=\"og:locale\" content=\"de_DE\" \/>\n<meta property=\"og:type\" content=\"article\" \/>\n<meta property=\"og:title\" content=\"Einbeck ruft zur Abstimmung \u00fcber &quot;fahrradfreundliche Stadt&quot; auf. - Radio Leinewelle\" \/>\n<meta property=\"og:description\" content=\"Der Fahrradclub ADFC ruft gemeinsam mit dem Bundesministerium f\u00fcr Verkehr und digitale Infrastruktur (BMVI) wieder hunderttausende Radfahrerinnen und Radfahrer dazu auf, die Fahrradfreundlichkeit von St\u00e4dten und Gemeinden zu bewerten. Der Test hilft, St\u00e4rken und Schw\u00e4chen der Radverkehrsf\u00f6rderung zu erkennen. B\u00fcrgermeisterin Dr. Sabine Michalek bittet die B\u00fcrgerinnen und B\u00fcrger um zahlreiche Teilnahme. B\u00fcrgermeisterin Dr. Sabine Michalek [&hellip;]\" \/>\n<meta property=\"og:url\" content=\"https:\/\/radioleinewelle.de\/index.php\/2020\/10\/05\/einbeck-ruft-zur-abstimmung-ueber-fahrradfreundliche-stadt-auf\/\" \/>\n<meta property=\"og:site_name\" content=\"Radio Leinewelle\" \/>\n<meta property=\"article:publisher\" content=\"https:\/\/www.facebook.com\/radioleinewelle\" \/>\n<meta property=\"article:author\" content=\"https:\/\/www.facebook.com\/radioleinewelle\" \/>\n<meta property=\"article:published_time\" content=\"2020-10-05T03:50:47+00:00\" \/>\n<meta name=\"author\" content=\"Leinewelle\" \/>\n<meta name=\"twitter:card\" content=\"summary_large_image\" \/>\n<meta name=\"twitter:creator\" content=\"@https:\/\/twitter.com\/RLeinewelle?ref_src=twsrcgoogletwcampserptwgrauthor\" \/>\n<meta name=\"twitter:site\" content=\"@RLeinewelle\" \/>\n<meta name=\"twitter:label1\" content=\"Verfasst von\" \/>\n\t<meta name=\"twitter:data1\" content=\"Leinewelle\" \/>\n\t<meta name=\"twitter:label2\" content=\"Gesch\u00e4tzte Lesezeit\" \/>\n\t<meta name=\"twitter:data2\" content=\"1\u00a0Minute\" \/>\n<script type=\"application\/ld+json\" class=\"yoast-schema-graph\">{\"@context\":\"https:\\\/\\\/schema.org\",\"@graph\":[{\"@type\":\"Article\",\"@id\":\"https:\\\/\\\/radioleinewelle.de\\\/index.php\\\/2020\\\/10\\\/05\\\/einbeck-ruft-zur-abstimmung-ueber-fahrradfreundliche-stadt-auf\\\/#article\",\"isPartOf\":{\"@id\":\"https:\\\/\\\/radioleinewelle.de\\\/index.php\\\/2020\\\/10\\\/05\\\/einbeck-ruft-zur-abstimmung-ueber-fahrradfreundliche-stadt-auf\\\/\"},\"author\":{\"name\":\"Leinewelle\",\"@id\":\"https:\\\/\\\/radioleinewelle.de\\\/#\\\/schema\\\/person\\\/45606f348637df637192dc1b68399a63\"},\"headline\":\"Einbeck ruft zur Abstimmung \u00fcber &#8222;fahrradfreundliche Stadt&#8220; auf.\",\"datePublished\":\"2020-10-05T03:50:47+00:00\",\"mainEntityOfPage\":{\"@id\":\"https:\\\/\\\/radioleinewelle.de\\\/index.php\\\/2020\\\/10\\\/05\\\/einbeck-ruft-zur-abstimmung-ueber-fahrradfreundliche-stadt-auf\\\/\"},\"wordCount\":168,\"publisher\":{\"@id\":\"https:\\\/\\\/radioleinewelle.de\\\/#organization\"},\"articleSection\":[\"Natur &amp; Umwelt\"],\"inLanguage\":\"de\"},{\"@type\":\"WebPage\",\"@id\":\"https:\\\/\\\/radioleinewelle.de\\\/index.php\\\/2020\\\/10\\\/05\\\/einbeck-ruft-zur-abstimmung-ueber-fahrradfreundliche-stadt-auf\\\/\",\"url\":\"https:\\\/\\\/radioleinewelle.de\\\/index.php\\\/2020\\\/10\\\/05\\\/einbeck-ruft-zur-abstimmung-ueber-fahrradfreundliche-stadt-auf\\\/\",\"name\":\"Einbeck ruft zur Abstimmung \u00fcber \\\"fahrradfreundliche Stadt\\\" auf. - Radio Leinewelle\",\"isPartOf\":{\"@id\":\"https:\\\/\\\/radioleinewelle.de\\\/#website\"},\"datePublished\":\"2020-10-05T03:50:47+00:00\",\"breadcrumb\":{\"@id\":\"https:\\\/\\\/radioleinewelle.de\\\/index.php\\\/2020\\\/10\\\/05\\\/einbeck-ruft-zur-abstimmung-ueber-fahrradfreundliche-stadt-auf\\\/#breadcrumb\"},\"inLanguage\":\"de\",\"potentialAction\":[{\"@type\":\"ReadAction\",\"target\":[\"https:\\\/\\\/radioleinewelle.de\\\/index.php\\\/2020\\\/10\\\/05\\\/einbeck-ruft-zur-abstimmung-ueber-fahrradfreundliche-stadt-auf\\\/\"]}]},{\"@type\":\"BreadcrumbList\",\"@id\":\"https:\\\/\\\/radioleinewelle.de\\\/index.php\\\/2020\\\/10\\\/05\\\/einbeck-ruft-zur-abstimmung-ueber-fahrradfreundliche-stadt-auf\\\/#breadcrumb\",\"itemListElement\":[{\"@type\":\"ListItem\",\"position\":1,\"name\":\"Startseite\",\"item\":\"https:\\\/\\\/radioleinewelle.de\\\/\"},{\"@type\":\"ListItem\",\"position\":2,\"name\":\"Einbeck ruft zur Abstimmung \u00fcber &#8222;fahrradfreundliche Stadt&#8220; auf.\"}]},{\"@type\":\"WebSite\",\"@id\":\"https:\\\/\\\/radioleinewelle.de\\\/#website\",\"url\":\"https:\\\/\\\/radioleinewelle.de\\\/\",\"name\":\"Radio Leinewelle\",\"description\":\"\",\"publisher\":{\"@id\":\"https:\\\/\\\/radioleinewelle.de\\\/#organization\"},\"potentialAction\":[{\"@type\":\"SearchAction\",\"target\":{\"@type\":\"EntryPoint\",\"urlTemplate\":\"https:\\\/\\\/radioleinewelle.de\\\/?s={search_term_string}\"},\"query-input\":{\"@type\":\"PropertyValueSpecification\",\"valueRequired\":true,\"valueName\":\"search_term_string\"}}],\"inLanguage\":\"de\"},{\"@type\":\"Organization\",\"@id\":\"https:\\\/\\\/radioleinewelle.de\\\/#organization\",\"name\":\"Radio Leinewelle\",\"alternateName\":\"Mein Radio f\u00fcr S\u00fcdniedersachsen\",\"url\":\"https:\\\/\\\/radioleinewelle.de\\\/\",\"logo\":{\"@type\":\"ImageObject\",\"inLanguage\":\"de\",\"@id\":\"https:\\\/\\\/radioleinewelle.de\\\/#\\\/schema\\\/logo\\\/image\\\/\",\"url\":\"https:\\\/\\\/radioleinewelle.de\\\/wp-content\\\/uploads\\\/2023\\\/11\\\/cropped-Leinewelle_Logo_weiss.png\",\"contentUrl\":\"https:\\\/\\\/radioleinewelle.de\\\/wp-content\\\/uploads\\\/2023\\\/11\\\/cropped-Leinewelle_Logo_weiss.png\",\"width\":854,\"height\":260,\"caption\":\"Radio Leinewelle\"},\"image\":{\"@id\":\"https:\\\/\\\/radioleinewelle.de\\\/#\\\/schema\\\/logo\\\/image\\\/\"},\"sameAs\":[\"https:\\\/\\\/www.facebook.com\\\/radioleinewelle\",\"https:\\\/\\\/x.com\\\/RLeinewelle\",\"https:\\\/\\\/www.instagram.com\\\/radioleinewelle\\\/?hl=de\"]},{\"@type\":\"Person\",\"@id\":\"https:\\\/\\\/radioleinewelle.de\\\/#\\\/schema\\\/person\\\/45606f348637df637192dc1b68399a63\",\"name\":\"Leinewelle\",\"image\":{\"@type\":\"ImageObject\",\"inLanguage\":\"de\",\"@id\":\"https:\\\/\\\/secure.gravatar.com\\\/avatar\\\/05c9a17bc973052ee5d91549bd32fb4dd0dc85b7b85ae94b2e2b4943476bbea5?s=96&d=blank&r=g\",\"url\":\"https:\\\/\\\/secure.gravatar.com\\\/avatar\\\/05c9a17bc973052ee5d91549bd32fb4dd0dc85b7b85ae94b2e2b4943476bbea5?s=96&d=blank&r=g\",\"contentUrl\":\"https:\\\/\\\/secure.gravatar.com\\\/avatar\\\/05c9a17bc973052ee5d91549bd32fb4dd0dc85b7b85ae94b2e2b4943476bbea5?s=96&d=blank&r=g\",\"caption\":\"Leinewelle\"},\"sameAs\":[\"http:\\\/\\\/localhost\\\/radio%20leinewelle\\\/wordpress\",\"https:\\\/\\\/www.facebook.com\\\/radioleinewelle\",\"https:\\\/\\\/www.instagram.com\\\/radioleinewelle\",\"https:\\\/\\\/x.com\\\/https:\\\/\\\/twitter.com\\\/RLeinewelle?ref_src=twsrcgoogletwcampserptwgrauthor\",\"https:\\\/\\\/soundcloud.com\\\/foerderverein-lokalradio?utm_source=clipboard&utm_medium=text&utm_campaign=social_sharing\"],\"url\":\"https:\\\/\\\/radioleinewelle.de\\\/index.php\\\/author\\\/leinewelle\\\/\"}]}<\/script>\n<!-- \/ Yoast SEO plugin. -->","yoast_head_json":{"title":"Einbeck ruft zur Abstimmung \u00fcber \"fahrradfreundliche Stadt\" auf. - Radio Leinewelle","robots":{"index":"index","follow":"follow","max-snippet":"max-snippet:-1","max-image-preview":"max-image-preview:large","max-video-preview":"max-video-preview:-1"},"canonical":"https:\/\/radioleinewelle.de\/index.php\/2020\/10\/05\/einbeck-ruft-zur-abstimmung-ueber-fahrradfreundliche-stadt-auf\/","og_locale":"de_DE","og_type":"article","og_title":"Einbeck ruft zur Abstimmung \u00fcber \"fahrradfreundliche Stadt\" auf. - Radio Leinewelle","og_description":"Der Fahrradclub ADFC ruft gemeinsam mit dem Bundesministerium f\u00fcr Verkehr und digitale Infrastruktur (BMVI) wieder hunderttausende Radfahrerinnen und Radfahrer dazu auf, die Fahrradfreundlichkeit von St\u00e4dten und Gemeinden zu bewerten. Der Test hilft, St\u00e4rken und Schw\u00e4chen der Radverkehrsf\u00f6rderung zu erkennen. B\u00fcrgermeisterin Dr. Sabine Michalek bittet die B\u00fcrgerinnen und B\u00fcrger um zahlreiche Teilnahme. B\u00fcrgermeisterin Dr. Sabine Michalek [&hellip;]","og_url":"https:\/\/radioleinewelle.de\/index.php\/2020\/10\/05\/einbeck-ruft-zur-abstimmung-ueber-fahrradfreundliche-stadt-auf\/","og_site_name":"Radio Leinewelle","article_publisher":"https:\/\/www.facebook.com\/radioleinewelle","article_author":"https:\/\/www.facebook.com\/radioleinewelle","article_published_time":"2020-10-05T03:50:47+00:00","author":"Leinewelle","twitter_card":"summary_large_image","twitter_creator":"@https:\/\/twitter.com\/RLeinewelle?ref_src=twsrcgoogletwcampserptwgrauthor","twitter_site":"@RLeinewelle","twitter_misc":{"Verfasst von":"Leinewelle","Gesch\u00e4tzte Lesezeit":"1\u00a0Minute"},"schema":{"@context":"https:\/\/schema.org","@graph":[{"@type":"Article","@id":"https:\/\/radioleinewelle.de\/index.php\/2020\/10\/05\/einbeck-ruft-zur-abstimmung-ueber-fahrradfreundliche-stadt-auf\/#article","isPartOf":{"@id":"https:\/\/radioleinewelle.de\/index.php\/2020\/10\/05\/einbeck-ruft-zur-abstimmung-ueber-fahrradfreundliche-stadt-auf\/"},"author":{"name":"Leinewelle","@id":"https:\/\/radioleinewelle.de\/#\/schema\/person\/45606f348637df637192dc1b68399a63"},"headline":"Einbeck ruft zur Abstimmung \u00fcber &#8222;fahrradfreundliche Stadt&#8220; auf.","datePublished":"2020-10-05T03:50:47+00:00","mainEntityOfPage":{"@id":"https:\/\/radioleinewelle.de\/index.php\/2020\/10\/05\/einbeck-ruft-zur-abstimmung-ueber-fahrradfreundliche-stadt-auf\/"},"wordCount":168,"publisher":{"@id":"https:\/\/radioleinewelle.de\/#organization"},"articleSection":["Natur &amp; Umwelt"],"inLanguage":"de"},{"@type":"WebPage","@id":"https:\/\/radioleinewelle.de\/index.php\/2020\/10\/05\/einbeck-ruft-zur-abstimmung-ueber-fahrradfreundliche-stadt-auf\/","url":"https:\/\/radioleinewelle.de\/index.php\/2020\/10\/05\/einbeck-ruft-zur-abstimmung-ueber-fahrradfreundliche-stadt-auf\/","name":"Einbeck ruft zur Abstimmung \u00fcber \"fahrradfreundliche Stadt\" auf. - Radio Leinewelle","isPartOf":{"@id":"https:\/\/radioleinewelle.de\/#website"},"datePublished":"2020-10-05T03:50:47+00:00","breadcrumb":{"@id":"https:\/\/radioleinewelle.de\/index.php\/2020\/10\/05\/einbeck-ruft-zur-abstimmung-ueber-fahrradfreundliche-stadt-auf\/#breadcrumb"},"inLanguage":"de","potentialAction":[{"@type":"ReadAction","target":["https:\/\/radioleinewelle.de\/index.php\/2020\/10\/05\/einbeck-ruft-zur-abstimmung-ueber-fahrradfreundliche-stadt-auf\/"]}]},{"@type":"BreadcrumbList","@id":"https:\/\/radioleinewelle.de\/index.php\/2020\/10\/05\/einbeck-ruft-zur-abstimmung-ueber-fahrradfreundliche-stadt-auf\/#breadcrumb","itemListElement":[{"@type":"ListItem","position":1,"name":"Startseite","item":"https:\/\/radioleinewelle.de\/"},{"@type":"ListItem","position":2,"name":"Einbeck ruft zur Abstimmung \u00fcber &#8222;fahrradfreundliche Stadt&#8220; auf."}]},{"@type":"WebSite","@id":"https:\/\/radioleinewelle.de\/#website","url":"https:\/\/radioleinewelle.de\/","name":"Radio Leinewelle","description":"","publisher":{"@id":"https:\/\/radioleinewelle.de\/#organization"},"potentialAction":[{"@type":"SearchAction","target":{"@type":"EntryPoint","urlTemplate":"https:\/\/radioleinewelle.de\/?s={search_term_string}"},"query-input":{"@type":"PropertyValueSpecification","valueRequired":true,"valueName":"search_term_string"}}],"inLanguage":"de"},{"@type":"Organization","@id":"https:\/\/radioleinewelle.de\/#organization","name":"Radio Leinewelle","alternateName":"Mein Radio f\u00fcr S\u00fcdniedersachsen","url":"https:\/\/radioleinewelle.de\/","logo":{"@type":"ImageObject","inLanguage":"de","@id":"https:\/\/radioleinewelle.de\/#\/schema\/logo\/image\/","url":"https:\/\/radioleinewelle.de\/wp-content\/uploads\/2023\/11\/cropped-Leinewelle_Logo_weiss.png","contentUrl":"https:\/\/radioleinewelle.de\/wp-content\/uploads\/2023\/11\/cropped-Leinewelle_Logo_weiss.png","width":854,"height":260,"caption":"Radio Leinewelle"},"image":{"@id":"https:\/\/radioleinewelle.de\/#\/schema\/logo\/image\/"},"sameAs":["https:\/\/www.facebook.com\/radioleinewelle","https:\/\/x.com\/RLeinewelle","https:\/\/www.instagram.com\/radioleinewelle\/?hl=de"]},{"@type":"Person","@id":"https:\/\/radioleinewelle.de\/#\/schema\/person\/45606f348637df637192dc1b68399a63","name":"Leinewelle","image":{"@type":"ImageObject","inLanguage":"de","@id":"https:\/\/secure.gravatar.com\/avatar\/05c9a17bc973052ee5d91549bd32fb4dd0dc85b7b85ae94b2e2b4943476bbea5?s=96&d=blank&r=g","url":"https:\/\/secure.gravatar.com\/avatar\/05c9a17bc973052ee5d91549bd32fb4dd0dc85b7b85ae94b2e2b4943476bbea5?s=96&d=blank&r=g","contentUrl":"https:\/\/secure.gravatar.com\/avatar\/05c9a17bc973052ee5d91549bd32fb4dd0dc85b7b85ae94b2e2b4943476bbea5?s=96&d=blank&r=g","caption":"Leinewelle"},"sameAs":["http:\/\/localhost\/radio%20leinewelle\/wordpress","https:\/\/www.facebook.com\/radioleinewelle","https:\/\/www.instagram.com\/radioleinewelle","https:\/\/x.com\/https:\/\/twitter.com\/RLeinewelle?ref_src=twsrcgoogletwcampserptwgrauthor","https:\/\/soundcloud.com\/foerderverein-lokalradio?utm_source=clipboard&utm_medium=text&utm_campaign=social_sharing"],"url":"https:\/\/radioleinewelle.de\/index.php\/author\/leinewelle\/"}]}},"_links":{"self":[{"href":"https:\/\/radioleinewelle.de\/index.php\/wp-json\/wp\/v2\/posts\/2086","targetHints":{"allow":["GET"]}}],"collection":[{"href":"https:\/\/radioleinewelle.de\/index.php\/wp-json\/wp\/v2\/posts"}],"about":[{"href":"https:\/\/radioleinewelle.de\/index.php\/wp-json\/wp\/v2\/types\/post"}],"author":[{"embeddable":true,"href":"https:\/\/radioleinewelle.de\/index.php\/wp-json\/wp\/v2\/users\/1"}],"replies":[{"embeddable":true,"href":"https:\/\/radioleinewelle.de\/index.php\/wp-json\/wp\/v2\/comments?post=2086"}],"version-history":[{"count":0,"href":"https:\/\/radioleinewelle.de\/index.php\/wp-json\/wp\/v2\/posts\/2086\/revisions"}],"wp:attachment":[{"href":"https:\/\/radioleinewelle.de\/index.php\/wp-json\/wp\/v2\/media?parent=2086"}],"wp:term":[{"taxonomy":"category","embeddable":true,"href":"https:\/\/radioleinewelle.de\/index.php\/wp-json\/wp\/v2\/categories?post=2086"},{"taxonomy":"post_tag","embeddable":true,"href":"https:\/\/radioleinewelle.de\/index.php\/wp-json\/wp\/v2\/tags?post=2086"}],"curies":[{"name":"wp","href":"https:\/\/api.w.org\/{rel}","templated":true}]}}