{"id":20889,"date":"2023-01-18T03:42:00","date_gmt":"2023-01-18T02:42:00","guid":{"rendered":"https:\/\/radioleinewelle.de\/?p=17686"},"modified":"2023-01-18T03:42:00","modified_gmt":"2023-01-18T02:42:00","slug":"radfahrerin-am-goettinger-zob-schwer-verletzt","status":"publish","type":"post","link":"https:\/\/radioleinewelle.de\/index.php\/2023\/01\/18\/radfahrerin-am-goettinger-zob-schwer-verletzt\/","title":{"rendered":"Radfahrerin am G\u00f6ttinger ZOB schwer verletzt"},"content":{"rendered":"\n<p>Bei der Kollision mit einem Linienbus ist am Dienstagmorgen (17.01.23) gegen 06.30 Uhr auf dem Zentralen Omnibusbahnhof (ZOB) an der Berliner Stra\u00dfe eine Radfahrerin aus G\u00f6ttingen schwer verletzt worden. Die 62-J\u00e4hrige wurde mit dem Rettungswagen in eine Klinik eingeliefert. Der 59 Jahre alte Busfahrer erlitt einen Schock. Er wurde vor Ort in einem weiteren RTW ambulant versorgt.<\/p>\n\n\n\n<p>Ersten Ermittlungen zufolge wurde die in Richtung Fahrradparkhaus fahrende Frau aus noch ungekl\u00e4rten Gr\u00fcnden vermutlich von dem ihr entgegenkommenden Busfahrer \u00fcbersehen, als dieser in Richtung eines Bussteiges abbiegen wollte. Auf Anordnung der Staatsanwaltschaft G\u00f6ttingen wurde ein Gutachter in die Ermittlungen zur Unfallursache eingeschaltet. Er erschien noch am Morgen am Unfallort.<\/p>\n\n\n\n<p>Zwei Rettungswagenbesatzungen und ein Notarzt waren zur Versorgung der Verletzten im Einsatz.<\/p>\n\n\n\n<p>Die weiteren Ermittlungen dauern an. Zeugen werden gebeten, sich unter Telefon 0551\/491-2215 bei der Polizei G\u00f6ttingen zu melden<\/p>\n","protected":false},"excerpt":{"rendered":"<p>Bei der Kollision mit einem Linienbus ist am Dienstagmorgen (17.01.23) gegen 06.30 Uhr auf dem Zentralen Omnibusbahnhof (ZOB) an der Berliner Stra\u00dfe eine Radfahrerin aus G\u00f6ttingen schwer verletzt worden. Die 62-J\u00e4hrige wurde mit dem Rettungswagen in eine Klinik eingeliefert. Der 59 Jahre alte Busfahrer erlitt einen Schock. Er wurde vor Ort in einem weiteren RTW [&hellip;]<\/p>\n","protected":false},"author":1,"featured_media":0,"comment_status":"closed","ping_status":"closed","sticky":false,"template":"","format":"standard","meta":{"saved_in_kubio":false,"footnotes":""},"categories":[24],"tags":[3798,349],"class_list":["post-20889","post","type-post","status-publish","format-standard","hentry","category-news","tag-fahrradunfall-zob","tag-polizeiinspektion-goettingen"],"yoast_head":"<!-- This site is optimized with the Yoast SEO plugin v27.5 - https:\/\/yoast.com\/product\/yoast-seo-wordpress\/ -->\n<title>Radfahrerin am G\u00f6ttinger ZOB schwer verletzt - Radio Leinewelle<\/title>\n<meta name=\"robots\" content=\"index, follow, max-snippet:-1, max-image-preview:large, max-video-preview:-1\" \/>\n<link rel=\"canonical\" href=\"https:\/\/radioleinewelle.de\/index.php\/2023\/01\/18\/radfahrerin-am-goettinger-zob-schwer-verletzt\/\" \/>\n<meta property=\"og:locale\" content=\"de_DE\" \/>\n<meta property=\"og:type\" content=\"article\" \/>\n<meta property=\"og:title\" content=\"Radfahrerin am G\u00f6ttinger ZOB schwer verletzt - Radio Leinewelle\" \/>\n<meta property=\"og:description\" content=\"Bei der Kollision mit einem Linienbus ist am Dienstagmorgen (17.01.23) gegen 06.30 Uhr auf dem Zentralen Omnibusbahnhof (ZOB) an der Berliner Stra\u00dfe eine Radfahrerin aus G\u00f6ttingen schwer verletzt worden. Die 62-J\u00e4hrige wurde mit dem Rettungswagen in eine Klinik eingeliefert. Der 59 Jahre alte Busfahrer erlitt einen Schock. Er wurde vor Ort in einem weiteren RTW [&hellip;]\" \/>\n<meta property=\"og:url\" content=\"https:\/\/radioleinewelle.de\/index.php\/2023\/01\/18\/radfahrerin-am-goettinger-zob-schwer-verletzt\/\" \/>\n<meta property=\"og:site_name\" content=\"Radio Leinewelle\" \/>\n<meta property=\"article:publisher\" content=\"https:\/\/www.facebook.com\/radioleinewelle\" \/>\n<meta property=\"article:author\" content=\"https:\/\/www.facebook.com\/radioleinewelle\" \/>\n<meta property=\"article:published_time\" content=\"2023-01-18T02:42:00+00:00\" \/>\n<meta name=\"author\" content=\"Leinewelle\" \/>\n<meta name=\"twitter:card\" content=\"summary_large_image\" \/>\n<meta name=\"twitter:creator\" content=\"@https:\/\/twitter.com\/RLeinewelle?ref_src=twsrcgoogletwcampserptwgrauthor\" \/>\n<meta name=\"twitter:site\" content=\"@RLeinewelle\" \/>\n<meta name=\"twitter:label1\" content=\"Verfasst von\" \/>\n\t<meta name=\"twitter:data1\" content=\"Leinewelle\" \/>\n\t<meta name=\"twitter:label2\" content=\"Gesch\u00e4tzte Lesezeit\" \/>\n\t<meta name=\"twitter:data2\" content=\"1\u00a0Minute\" \/>\n<script type=\"application\/ld+json\" class=\"yoast-schema-graph\">{\"@context\":\"https:\\\/\\\/schema.org\",\"@graph\":[{\"@type\":\"Article\",\"@id\":\"https:\\\/\\\/radioleinewelle.de\\\/index.php\\\/2023\\\/01\\\/18\\\/radfahrerin-am-goettinger-zob-schwer-verletzt\\\/#article\",\"isPartOf\":{\"@id\":\"https:\\\/\\\/radioleinewelle.de\\\/index.php\\\/2023\\\/01\\\/18\\\/radfahrerin-am-goettinger-zob-schwer-verletzt\\\/\"},\"author\":{\"name\":\"Leinewelle\",\"@id\":\"https:\\\/\\\/radioleinewelle.de\\\/#\\\/schema\\\/person\\\/45606f348637df637192dc1b68399a63\"},\"headline\":\"Radfahrerin am G\u00f6ttinger ZOB schwer verletzt\",\"datePublished\":\"2023-01-18T02:42:00+00:00\",\"mainEntityOfPage\":{\"@id\":\"https:\\\/\\\/radioleinewelle.de\\\/index.php\\\/2023\\\/01\\\/18\\\/radfahrerin-am-goettinger-zob-schwer-verletzt\\\/\"},\"wordCount\":148,\"publisher\":{\"@id\":\"https:\\\/\\\/radioleinewelle.de\\\/#organization\"},\"keywords\":[\"Fahrradunfall ZOB\",\"Polizeiinspektion G\u00f6ttingen\"],\"articleSection\":[\"Aktuelle Nachrichten\"],\"inLanguage\":\"de\"},{\"@type\":\"WebPage\",\"@id\":\"https:\\\/\\\/radioleinewelle.de\\\/index.php\\\/2023\\\/01\\\/18\\\/radfahrerin-am-goettinger-zob-schwer-verletzt\\\/\",\"url\":\"https:\\\/\\\/radioleinewelle.de\\\/index.php\\\/2023\\\/01\\\/18\\\/radfahrerin-am-goettinger-zob-schwer-verletzt\\\/\",\"name\":\"Radfahrerin am G\u00f6ttinger ZOB schwer verletzt - Radio Leinewelle\",\"isPartOf\":{\"@id\":\"https:\\\/\\\/radioleinewelle.de\\\/#website\"},\"datePublished\":\"2023-01-18T02:42:00+00:00\",\"breadcrumb\":{\"@id\":\"https:\\\/\\\/radioleinewelle.de\\\/index.php\\\/2023\\\/01\\\/18\\\/radfahrerin-am-goettinger-zob-schwer-verletzt\\\/#breadcrumb\"},\"inLanguage\":\"de\",\"potentialAction\":[{\"@type\":\"ReadAction\",\"target\":[\"https:\\\/\\\/radioleinewelle.de\\\/index.php\\\/2023\\\/01\\\/18\\\/radfahrerin-am-goettinger-zob-schwer-verletzt\\\/\"]}]},{\"@type\":\"BreadcrumbList\",\"@id\":\"https:\\\/\\\/radioleinewelle.de\\\/index.php\\\/2023\\\/01\\\/18\\\/radfahrerin-am-goettinger-zob-schwer-verletzt\\\/#breadcrumb\",\"itemListElement\":[{\"@type\":\"ListItem\",\"position\":1,\"name\":\"Startseite\",\"item\":\"https:\\\/\\\/radioleinewelle.de\\\/\"},{\"@type\":\"ListItem\",\"position\":2,\"name\":\"Radfahrerin am G\u00f6ttinger ZOB schwer verletzt\"}]},{\"@type\":\"WebSite\",\"@id\":\"https:\\\/\\\/radioleinewelle.de\\\/#website\",\"url\":\"https:\\\/\\\/radioleinewelle.de\\\/\",\"name\":\"Radio Leinewelle\",\"description\":\"\",\"publisher\":{\"@id\":\"https:\\\/\\\/radioleinewelle.de\\\/#organization\"},\"potentialAction\":[{\"@type\":\"SearchAction\",\"target\":{\"@type\":\"EntryPoint\",\"urlTemplate\":\"https:\\\/\\\/radioleinewelle.de\\\/?s={search_term_string}\"},\"query-input\":{\"@type\":\"PropertyValueSpecification\",\"valueRequired\":true,\"valueName\":\"search_term_string\"}}],\"inLanguage\":\"de\"},{\"@type\":\"Organization\",\"@id\":\"https:\\\/\\\/radioleinewelle.de\\\/#organization\",\"name\":\"Radio Leinewelle\",\"alternateName\":\"Mein Radio f\u00fcr S\u00fcdniedersachsen\",\"url\":\"https:\\\/\\\/radioleinewelle.de\\\/\",\"logo\":{\"@type\":\"ImageObject\",\"inLanguage\":\"de\",\"@id\":\"https:\\\/\\\/radioleinewelle.de\\\/#\\\/schema\\\/logo\\\/image\\\/\",\"url\":\"https:\\\/\\\/radioleinewelle.de\\\/wp-content\\\/uploads\\\/2023\\\/11\\\/cropped-Leinewelle_Logo_weiss.png\",\"contentUrl\":\"https:\\\/\\\/radioleinewelle.de\\\/wp-content\\\/uploads\\\/2023\\\/11\\\/cropped-Leinewelle_Logo_weiss.png\",\"width\":854,\"height\":260,\"caption\":\"Radio Leinewelle\"},\"image\":{\"@id\":\"https:\\\/\\\/radioleinewelle.de\\\/#\\\/schema\\\/logo\\\/image\\\/\"},\"sameAs\":[\"https:\\\/\\\/www.facebook.com\\\/radioleinewelle\",\"https:\\\/\\\/x.com\\\/RLeinewelle\",\"https:\\\/\\\/www.instagram.com\\\/radioleinewelle\\\/?hl=de\"]},{\"@type\":\"Person\",\"@id\":\"https:\\\/\\\/radioleinewelle.de\\\/#\\\/schema\\\/person\\\/45606f348637df637192dc1b68399a63\",\"name\":\"Leinewelle\",\"image\":{\"@type\":\"ImageObject\",\"inLanguage\":\"de\",\"@id\":\"https:\\\/\\\/secure.gravatar.com\\\/avatar\\\/05c9a17bc973052ee5d91549bd32fb4dd0dc85b7b85ae94b2e2b4943476bbea5?s=96&d=blank&r=g\",\"url\":\"https:\\\/\\\/secure.gravatar.com\\\/avatar\\\/05c9a17bc973052ee5d91549bd32fb4dd0dc85b7b85ae94b2e2b4943476bbea5?s=96&d=blank&r=g\",\"contentUrl\":\"https:\\\/\\\/secure.gravatar.com\\\/avatar\\\/05c9a17bc973052ee5d91549bd32fb4dd0dc85b7b85ae94b2e2b4943476bbea5?s=96&d=blank&r=g\",\"caption\":\"Leinewelle\"},\"sameAs\":[\"http:\\\/\\\/localhost\\\/radio%20leinewelle\\\/wordpress\",\"https:\\\/\\\/www.facebook.com\\\/radioleinewelle\",\"https:\\\/\\\/www.instagram.com\\\/radioleinewelle\",\"https:\\\/\\\/x.com\\\/https:\\\/\\\/twitter.com\\\/RLeinewelle?ref_src=twsrcgoogletwcampserptwgrauthor\",\"https:\\\/\\\/soundcloud.com\\\/foerderverein-lokalradio?utm_source=clipboard&utm_medium=text&utm_campaign=social_sharing\"],\"url\":\"https:\\\/\\\/radioleinewelle.de\\\/index.php\\\/author\\\/leinewelle\\\/\"}]}<\/script>\n<!-- \/ Yoast SEO plugin. -->","yoast_head_json":{"title":"Radfahrerin am G\u00f6ttinger ZOB schwer verletzt - Radio Leinewelle","robots":{"index":"index","follow":"follow","max-snippet":"max-snippet:-1","max-image-preview":"max-image-preview:large","max-video-preview":"max-video-preview:-1"},"canonical":"https:\/\/radioleinewelle.de\/index.php\/2023\/01\/18\/radfahrerin-am-goettinger-zob-schwer-verletzt\/","og_locale":"de_DE","og_type":"article","og_title":"Radfahrerin am G\u00f6ttinger ZOB schwer verletzt - Radio Leinewelle","og_description":"Bei der Kollision mit einem Linienbus ist am Dienstagmorgen (17.01.23) gegen 06.30 Uhr auf dem Zentralen Omnibusbahnhof (ZOB) an der Berliner Stra\u00dfe eine Radfahrerin aus G\u00f6ttingen schwer verletzt worden. Die 62-J\u00e4hrige wurde mit dem Rettungswagen in eine Klinik eingeliefert. Der 59 Jahre alte Busfahrer erlitt einen Schock. Er wurde vor Ort in einem weiteren RTW [&hellip;]","og_url":"https:\/\/radioleinewelle.de\/index.php\/2023\/01\/18\/radfahrerin-am-goettinger-zob-schwer-verletzt\/","og_site_name":"Radio Leinewelle","article_publisher":"https:\/\/www.facebook.com\/radioleinewelle","article_author":"https:\/\/www.facebook.com\/radioleinewelle","article_published_time":"2023-01-18T02:42:00+00:00","author":"Leinewelle","twitter_card":"summary_large_image","twitter_creator":"@https:\/\/twitter.com\/RLeinewelle?ref_src=twsrcgoogletwcampserptwgrauthor","twitter_site":"@RLeinewelle","twitter_misc":{"Verfasst von":"Leinewelle","Gesch\u00e4tzte Lesezeit":"1\u00a0Minute"},"schema":{"@context":"https:\/\/schema.org","@graph":[{"@type":"Article","@id":"https:\/\/radioleinewelle.de\/index.php\/2023\/01\/18\/radfahrerin-am-goettinger-zob-schwer-verletzt\/#article","isPartOf":{"@id":"https:\/\/radioleinewelle.de\/index.php\/2023\/01\/18\/radfahrerin-am-goettinger-zob-schwer-verletzt\/"},"author":{"name":"Leinewelle","@id":"https:\/\/radioleinewelle.de\/#\/schema\/person\/45606f348637df637192dc1b68399a63"},"headline":"Radfahrerin am G\u00f6ttinger ZOB schwer verletzt","datePublished":"2023-01-18T02:42:00+00:00","mainEntityOfPage":{"@id":"https:\/\/radioleinewelle.de\/index.php\/2023\/01\/18\/radfahrerin-am-goettinger-zob-schwer-verletzt\/"},"wordCount":148,"publisher":{"@id":"https:\/\/radioleinewelle.de\/#organization"},"keywords":["Fahrradunfall ZOB","Polizeiinspektion G\u00f6ttingen"],"articleSection":["Aktuelle Nachrichten"],"inLanguage":"de"},{"@type":"WebPage","@id":"https:\/\/radioleinewelle.de\/index.php\/2023\/01\/18\/radfahrerin-am-goettinger-zob-schwer-verletzt\/","url":"https:\/\/radioleinewelle.de\/index.php\/2023\/01\/18\/radfahrerin-am-goettinger-zob-schwer-verletzt\/","name":"Radfahrerin am G\u00f6ttinger ZOB schwer verletzt - Radio Leinewelle","isPartOf":{"@id":"https:\/\/radioleinewelle.de\/#website"},"datePublished":"2023-01-18T02:42:00+00:00","breadcrumb":{"@id":"https:\/\/radioleinewelle.de\/index.php\/2023\/01\/18\/radfahrerin-am-goettinger-zob-schwer-verletzt\/#breadcrumb"},"inLanguage":"de","potentialAction":[{"@type":"ReadAction","target":["https:\/\/radioleinewelle.de\/index.php\/2023\/01\/18\/radfahrerin-am-goettinger-zob-schwer-verletzt\/"]}]},{"@type":"BreadcrumbList","@id":"https:\/\/radioleinewelle.de\/index.php\/2023\/01\/18\/radfahrerin-am-goettinger-zob-schwer-verletzt\/#breadcrumb","itemListElement":[{"@type":"ListItem","position":1,"name":"Startseite","item":"https:\/\/radioleinewelle.de\/"},{"@type":"ListItem","position":2,"name":"Radfahrerin am G\u00f6ttinger ZOB schwer verletzt"}]},{"@type":"WebSite","@id":"https:\/\/radioleinewelle.de\/#website","url":"https:\/\/radioleinewelle.de\/","name":"Radio Leinewelle","description":"","publisher":{"@id":"https:\/\/radioleinewelle.de\/#organization"},"potentialAction":[{"@type":"SearchAction","target":{"@type":"EntryPoint","urlTemplate":"https:\/\/radioleinewelle.de\/?s={search_term_string}"},"query-input":{"@type":"PropertyValueSpecification","valueRequired":true,"valueName":"search_term_string"}}],"inLanguage":"de"},{"@type":"Organization","@id":"https:\/\/radioleinewelle.de\/#organization","name":"Radio Leinewelle","alternateName":"Mein Radio f\u00fcr S\u00fcdniedersachsen","url":"https:\/\/radioleinewelle.de\/","logo":{"@type":"ImageObject","inLanguage":"de","@id":"https:\/\/radioleinewelle.de\/#\/schema\/logo\/image\/","url":"https:\/\/radioleinewelle.de\/wp-content\/uploads\/2023\/11\/cropped-Leinewelle_Logo_weiss.png","contentUrl":"https:\/\/radioleinewelle.de\/wp-content\/uploads\/2023\/11\/cropped-Leinewelle_Logo_weiss.png","width":854,"height":260,"caption":"Radio Leinewelle"},"image":{"@id":"https:\/\/radioleinewelle.de\/#\/schema\/logo\/image\/"},"sameAs":["https:\/\/www.facebook.com\/radioleinewelle","https:\/\/x.com\/RLeinewelle","https:\/\/www.instagram.com\/radioleinewelle\/?hl=de"]},{"@type":"Person","@id":"https:\/\/radioleinewelle.de\/#\/schema\/person\/45606f348637df637192dc1b68399a63","name":"Leinewelle","image":{"@type":"ImageObject","inLanguage":"de","@id":"https:\/\/secure.gravatar.com\/avatar\/05c9a17bc973052ee5d91549bd32fb4dd0dc85b7b85ae94b2e2b4943476bbea5?s=96&d=blank&r=g","url":"https:\/\/secure.gravatar.com\/avatar\/05c9a17bc973052ee5d91549bd32fb4dd0dc85b7b85ae94b2e2b4943476bbea5?s=96&d=blank&r=g","contentUrl":"https:\/\/secure.gravatar.com\/avatar\/05c9a17bc973052ee5d91549bd32fb4dd0dc85b7b85ae94b2e2b4943476bbea5?s=96&d=blank&r=g","caption":"Leinewelle"},"sameAs":["http:\/\/localhost\/radio%20leinewelle\/wordpress","https:\/\/www.facebook.com\/radioleinewelle","https:\/\/www.instagram.com\/radioleinewelle","https:\/\/x.com\/https:\/\/twitter.com\/RLeinewelle?ref_src=twsrcgoogletwcampserptwgrauthor","https:\/\/soundcloud.com\/foerderverein-lokalradio?utm_source=clipboard&utm_medium=text&utm_campaign=social_sharing"],"url":"https:\/\/radioleinewelle.de\/index.php\/author\/leinewelle\/"}]}},"_links":{"self":[{"href":"https:\/\/radioleinewelle.de\/index.php\/wp-json\/wp\/v2\/posts\/20889","targetHints":{"allow":["GET"]}}],"collection":[{"href":"https:\/\/radioleinewelle.de\/index.php\/wp-json\/wp\/v2\/posts"}],"about":[{"href":"https:\/\/radioleinewelle.de\/index.php\/wp-json\/wp\/v2\/types\/post"}],"author":[{"embeddable":true,"href":"https:\/\/radioleinewelle.de\/index.php\/wp-json\/wp\/v2\/users\/1"}],"replies":[{"embeddable":true,"href":"https:\/\/radioleinewelle.de\/index.php\/wp-json\/wp\/v2\/comments?post=20889"}],"version-history":[{"count":0,"href":"https:\/\/radioleinewelle.de\/index.php\/wp-json\/wp\/v2\/posts\/20889\/revisions"}],"wp:attachment":[{"href":"https:\/\/radioleinewelle.de\/index.php\/wp-json\/wp\/v2\/media?parent=20889"}],"wp:term":[{"taxonomy":"category","embeddable":true,"href":"https:\/\/radioleinewelle.de\/index.php\/wp-json\/wp\/v2\/categories?post=20889"},{"taxonomy":"post_tag","embeddable":true,"href":"https:\/\/radioleinewelle.de\/index.php\/wp-json\/wp\/v2\/tags?post=20889"}],"curies":[{"name":"wp","href":"https:\/\/api.w.org\/{rel}","templated":true}]}}