{"id":20890,"date":"2023-01-18T06:59:21","date_gmt":"2023-01-18T05:59:21","guid":{"rendered":"https:\/\/radioleinewelle.de\/?p=17688"},"modified":"2023-03-14T06:36:59","modified_gmt":"2023-03-14T05:36:59","slug":"strom-und-gasrechnung-verstehen","status":"publish","type":"post","link":"https:\/\/radioleinewelle.de\/index.php\/2023\/01\/18\/strom-und-gasrechnung-verstehen\/","title":{"rendered":"Strom- und Gasrechnung verstehen"},"content":{"rendered":"\n<p><strong>Steigende Energiepreise belasten viele Privathaushalte. Umso wichtiger ist es, dass die Strom- und Gasrechnungen korrekt sind. Die Verbraucherzentrale Hessen l\u00e4dt deshalb am Dienstag, den 24. Januar 2023 von 17.00 bis 18.30 Uhr zum digitalen Verbrauchercaf\u00e9 ein. Die Teilnahme ist nach Anmeldung kostenlos. Anmeldung auf&nbsp;<a href=\"https:\/\/www.verbraucherzentrale-hessen.de\/veranstaltungen\">www.verbraucherzentrale.de\/veranstaltungen<\/a>. &nbsp;&nbsp;<\/strong><\/p>\n\n\n\n<p>Die Expertinnen und Experten der Verbraucherzentrale Hessen helfen dabei, die Energierechnung zu verstehen. Sie erl\u00e4utern, wie die Energieabrechnung zu lesen ist. Dabei erkl\u00e4ren sie auch, wie ist die Rechnung aufgebaut ist und was zu tun ist, wenn die Rechnung sehr hoch erscheint oder nicht plausibel ist. Die Expertinnen zeigen, wie sich Verbrauch, Preise und Abschl\u00e4ge pr\u00fcfen lassen und informieren dar\u00fcber, wann der Versorger der Verbrauch sch\u00e4tzen darf. Wichtige Tipps, um Energieschulden und Energiesperren zu vermeiden, werden ebenfalls angesprochen.&nbsp;<\/p>\n\n\n\n<h2 class=\"wp-block-heading\">So funktioniert die Teilnahme<\/h2>\n\n\n\n<p>Die Veranstaltung findet in Echtzeit \u00fcber die digitale Seminarplattform Edudip statt. Zur Teilnahme ben\u00f6tigen Sie eine Internetverbindung \u00fcber PC oder Laptop mit Lautsprecher oder Headset\/Kopfh\u00f6rer. Bei mobilen Endger\u00e4ten (Smartphone, Tablet) sind die Funktionen der Plattform nur eingeschr\u00e4nkt nutzbar.&nbsp;<\/p>\n\n\n\n<p>Die Online-Seminarplattform Edudip funktioniert am komfortabelsten \u00fcber die Browser Google Chrome und Mozilla Firefox (jeweils aktuellste Version).<br>Kamera und Mikrofon sind f\u00fcr die Teilnehmenden nicht erforderlich.<\/p>\n\n\n\n<p>Sie k\u00f6nnen auch mit einem Pseudonym-Namen teilnehmen. Melden Sie sich dazu mit Ihrer E-Mail-Adresse und einem Pseudonym an. Der Name, den Sie bei der Anmeldung eingeben, wird w\u00e4hrend des Online-Seminars in der Teilnehmerliste und im Chat eingeblendet.<\/p>\n\n\n\n<p>Symbolbild von <a href=\"http:\/\/Bild von &lt;a href=&quot;https:\/\/pixabay.com\/de\/users\/geralt-9301\/?utm_source=link-attribution&amp;utm_medium=referral&amp;utm_campaign=image&amp;utm_content=96863&quot;&gt;Gerd Altmann&lt;\/a&gt; auf &lt;a href=&quot;https:\/\/pixabay.com\/de\/\/?utm_source=link-attribution&amp;utm_medium=referral&amp;utm_campaign=image&amp;utm_content=96863&quot;&gt;Pixabay&lt;\/a&gt;\">Pixabay<\/a><\/p>\n","protected":false},"excerpt":{"rendered":"<p>Steigende Energiepreise belasten viele Privathaushalte. Umso wichtiger ist es, dass die Strom- und Gasrechnungen korrekt sind. Die Verbraucherzentrale Hessen l\u00e4dt deshalb am Dienstag, den 24. Januar 2023 von 17.00 bis 18.30 Uhr zum digitalen Verbrauchercaf\u00e9 ein. Die Teilnahme ist nach Anmeldung kostenlos. Anmeldung auf&nbsp;www.verbraucherzentrale.de\/veranstaltungen. &nbsp;&nbsp; Die Expertinnen und Experten der Verbraucherzentrale Hessen helfen dabei, die [&hellip;]<\/p>\n","protected":false},"author":1,"featured_media":20948,"comment_status":"closed","ping_status":"closed","sticky":false,"template":"","format":"standard","meta":{"saved_in_kubio":false,"footnotes":""},"categories":[55],"tags":[3799,3800,476],"class_list":["post-20890","post","type-post","status-publish","format-standard","has-post-thumbnail","hentry","category-verbrauchertipps","tag-gasrrechnung","tag-stromrechnung","tag-verbraucherzentrale-hessen"],"yoast_head":"<!-- This site is optimized with the Yoast SEO plugin v27.5 - https:\/\/yoast.com\/product\/yoast-seo-wordpress\/ -->\n<title>Strom- und Gasrechnung verstehen - Radio Leinewelle<\/title>\n<meta name=\"robots\" content=\"index, follow, max-snippet:-1, max-image-preview:large, max-video-preview:-1\" \/>\n<link rel=\"canonical\" href=\"https:\/\/radioleinewelle.de\/index.php\/2023\/01\/18\/strom-und-gasrechnung-verstehen\/\" \/>\n<meta property=\"og:locale\" content=\"de_DE\" \/>\n<meta property=\"og:type\" content=\"article\" \/>\n<meta property=\"og:title\" content=\"Strom- und Gasrechnung verstehen - Radio Leinewelle\" \/>\n<meta property=\"og:description\" content=\"Steigende Energiepreise belasten viele Privathaushalte. Umso wichtiger ist es, dass die Strom- und Gasrechnungen korrekt sind. Die Verbraucherzentrale Hessen l\u00e4dt deshalb am Dienstag, den 24. Januar 2023 von 17.00 bis 18.30 Uhr zum digitalen Verbrauchercaf\u00e9 ein. Die Teilnahme ist nach Anmeldung kostenlos. Anmeldung auf&nbsp;www.verbraucherzentrale.de\/veranstaltungen. &nbsp;&nbsp; Die Expertinnen und Experten der Verbraucherzentrale Hessen helfen dabei, die [&hellip;]\" \/>\n<meta property=\"og:url\" content=\"https:\/\/radioleinewelle.de\/index.php\/2023\/01\/18\/strom-und-gasrechnung-verstehen\/\" \/>\n<meta property=\"og:site_name\" content=\"Radio Leinewelle\" \/>\n<meta property=\"article:publisher\" content=\"https:\/\/www.facebook.com\/radioleinewelle\" \/>\n<meta property=\"article:author\" content=\"https:\/\/www.facebook.com\/radioleinewelle\" \/>\n<meta property=\"article:published_time\" content=\"2023-01-18T05:59:21+00:00\" \/>\n<meta property=\"article:modified_time\" content=\"2023-03-14T05:36:59+00:00\" \/>\n<meta property=\"og:image\" content=\"https:\/\/radioleinewelle.de\/wp-content\/uploads\/2023\/01\/electricity-meter-ga86a516e1_640-300x225-1.jpg\" \/>\n\t<meta property=\"og:image:width\" content=\"300\" \/>\n\t<meta property=\"og:image:height\" content=\"225\" \/>\n\t<meta property=\"og:image:type\" content=\"image\/jpeg\" \/>\n<meta name=\"author\" content=\"Leinewelle\" \/>\n<meta name=\"twitter:card\" content=\"summary_large_image\" \/>\n<meta name=\"twitter:creator\" content=\"@https:\/\/twitter.com\/RLeinewelle?ref_src=twsrcgoogletwcampserptwgrauthor\" \/>\n<meta name=\"twitter:site\" content=\"@RLeinewelle\" \/>\n<meta name=\"twitter:label1\" content=\"Verfasst von\" \/>\n\t<meta name=\"twitter:data1\" content=\"Leinewelle\" \/>\n\t<meta name=\"twitter:label2\" content=\"Gesch\u00e4tzte Lesezeit\" \/>\n\t<meta name=\"twitter:data2\" content=\"2\u00a0Minuten\" \/>\n<script type=\"application\/ld+json\" class=\"yoast-schema-graph\">{\"@context\":\"https:\\\/\\\/schema.org\",\"@graph\":[{\"@type\":\"Article\",\"@id\":\"https:\\\/\\\/radioleinewelle.de\\\/index.php\\\/2023\\\/01\\\/18\\\/strom-und-gasrechnung-verstehen\\\/#article\",\"isPartOf\":{\"@id\":\"https:\\\/\\\/radioleinewelle.de\\\/index.php\\\/2023\\\/01\\\/18\\\/strom-und-gasrechnung-verstehen\\\/\"},\"author\":{\"name\":\"Leinewelle\",\"@id\":\"https:\\\/\\\/radioleinewelle.de\\\/#\\\/schema\\\/person\\\/45606f348637df637192dc1b68399a63\"},\"headline\":\"Strom- und Gasrechnung verstehen\",\"datePublished\":\"2023-01-18T05:59:21+00:00\",\"dateModified\":\"2023-03-14T05:36:59+00:00\",\"mainEntityOfPage\":{\"@id\":\"https:\\\/\\\/radioleinewelle.de\\\/index.php\\\/2023\\\/01\\\/18\\\/strom-und-gasrechnung-verstehen\\\/\"},\"wordCount\":254,\"publisher\":{\"@id\":\"https:\\\/\\\/radioleinewelle.de\\\/#organization\"},\"image\":{\"@id\":\"https:\\\/\\\/radioleinewelle.de\\\/index.php\\\/2023\\\/01\\\/18\\\/strom-und-gasrechnung-verstehen\\\/#primaryimage\"},\"thumbnailUrl\":\"https:\\\/\\\/radioleinewelle.de\\\/wp-content\\\/uploads\\\/2023\\\/01\\\/electricity-meter-ga86a516e1_640-300x225-1.jpg\",\"keywords\":[\"Gasrrechnung\",\"Stromrechnung\",\"Verbraucherzentrale Hessen\"],\"articleSection\":[\"Verbrauchertipps\"],\"inLanguage\":\"de\"},{\"@type\":\"WebPage\",\"@id\":\"https:\\\/\\\/radioleinewelle.de\\\/index.php\\\/2023\\\/01\\\/18\\\/strom-und-gasrechnung-verstehen\\\/\",\"url\":\"https:\\\/\\\/radioleinewelle.de\\\/index.php\\\/2023\\\/01\\\/18\\\/strom-und-gasrechnung-verstehen\\\/\",\"name\":\"Strom- und Gasrechnung verstehen - Radio Leinewelle\",\"isPartOf\":{\"@id\":\"https:\\\/\\\/radioleinewelle.de\\\/#website\"},\"primaryImageOfPage\":{\"@id\":\"https:\\\/\\\/radioleinewelle.de\\\/index.php\\\/2023\\\/01\\\/18\\\/strom-und-gasrechnung-verstehen\\\/#primaryimage\"},\"image\":{\"@id\":\"https:\\\/\\\/radioleinewelle.de\\\/index.php\\\/2023\\\/01\\\/18\\\/strom-und-gasrechnung-verstehen\\\/#primaryimage\"},\"thumbnailUrl\":\"https:\\\/\\\/radioleinewelle.de\\\/wp-content\\\/uploads\\\/2023\\\/01\\\/electricity-meter-ga86a516e1_640-300x225-1.jpg\",\"datePublished\":\"2023-01-18T05:59:21+00:00\",\"dateModified\":\"2023-03-14T05:36:59+00:00\",\"breadcrumb\":{\"@id\":\"https:\\\/\\\/radioleinewelle.de\\\/index.php\\\/2023\\\/01\\\/18\\\/strom-und-gasrechnung-verstehen\\\/#breadcrumb\"},\"inLanguage\":\"de\",\"potentialAction\":[{\"@type\":\"ReadAction\",\"target\":[\"https:\\\/\\\/radioleinewelle.de\\\/index.php\\\/2023\\\/01\\\/18\\\/strom-und-gasrechnung-verstehen\\\/\"]}]},{\"@type\":\"ImageObject\",\"inLanguage\":\"de\",\"@id\":\"https:\\\/\\\/radioleinewelle.de\\\/index.php\\\/2023\\\/01\\\/18\\\/strom-und-gasrechnung-verstehen\\\/#primaryimage\",\"url\":\"https:\\\/\\\/radioleinewelle.de\\\/wp-content\\\/uploads\\\/2023\\\/01\\\/electricity-meter-ga86a516e1_640-300x225-1.jpg\",\"contentUrl\":\"https:\\\/\\\/radioleinewelle.de\\\/wp-content\\\/uploads\\\/2023\\\/01\\\/electricity-meter-ga86a516e1_640-300x225-1.jpg\",\"width\":300,\"height\":225},{\"@type\":\"BreadcrumbList\",\"@id\":\"https:\\\/\\\/radioleinewelle.de\\\/index.php\\\/2023\\\/01\\\/18\\\/strom-und-gasrechnung-verstehen\\\/#breadcrumb\",\"itemListElement\":[{\"@type\":\"ListItem\",\"position\":1,\"name\":\"Startseite\",\"item\":\"https:\\\/\\\/radioleinewelle.de\\\/\"},{\"@type\":\"ListItem\",\"position\":2,\"name\":\"Strom- und Gasrechnung verstehen\"}]},{\"@type\":\"WebSite\",\"@id\":\"https:\\\/\\\/radioleinewelle.de\\\/#website\",\"url\":\"https:\\\/\\\/radioleinewelle.de\\\/\",\"name\":\"Radio Leinewelle\",\"description\":\"\",\"publisher\":{\"@id\":\"https:\\\/\\\/radioleinewelle.de\\\/#organization\"},\"potentialAction\":[{\"@type\":\"SearchAction\",\"target\":{\"@type\":\"EntryPoint\",\"urlTemplate\":\"https:\\\/\\\/radioleinewelle.de\\\/?s={search_term_string}\"},\"query-input\":{\"@type\":\"PropertyValueSpecification\",\"valueRequired\":true,\"valueName\":\"search_term_string\"}}],\"inLanguage\":\"de\"},{\"@type\":\"Organization\",\"@id\":\"https:\\\/\\\/radioleinewelle.de\\\/#organization\",\"name\":\"Radio Leinewelle\",\"alternateName\":\"Mein Radio f\u00fcr S\u00fcdniedersachsen\",\"url\":\"https:\\\/\\\/radioleinewelle.de\\\/\",\"logo\":{\"@type\":\"ImageObject\",\"inLanguage\":\"de\",\"@id\":\"https:\\\/\\\/radioleinewelle.de\\\/#\\\/schema\\\/logo\\\/image\\\/\",\"url\":\"https:\\\/\\\/radioleinewelle.de\\\/wp-content\\\/uploads\\\/2023\\\/11\\\/cropped-Leinewelle_Logo_weiss.png\",\"contentUrl\":\"https:\\\/\\\/radioleinewelle.de\\\/wp-content\\\/uploads\\\/2023\\\/11\\\/cropped-Leinewelle_Logo_weiss.png\",\"width\":854,\"height\":260,\"caption\":\"Radio Leinewelle\"},\"image\":{\"@id\":\"https:\\\/\\\/radioleinewelle.de\\\/#\\\/schema\\\/logo\\\/image\\\/\"},\"sameAs\":[\"https:\\\/\\\/www.facebook.com\\\/radioleinewelle\",\"https:\\\/\\\/x.com\\\/RLeinewelle\",\"https:\\\/\\\/www.instagram.com\\\/radioleinewelle\\\/?hl=de\"]},{\"@type\":\"Person\",\"@id\":\"https:\\\/\\\/radioleinewelle.de\\\/#\\\/schema\\\/person\\\/45606f348637df637192dc1b68399a63\",\"name\":\"Leinewelle\",\"image\":{\"@type\":\"ImageObject\",\"inLanguage\":\"de\",\"@id\":\"https:\\\/\\\/secure.gravatar.com\\\/avatar\\\/05c9a17bc973052ee5d91549bd32fb4dd0dc85b7b85ae94b2e2b4943476bbea5?s=96&d=blank&r=g\",\"url\":\"https:\\\/\\\/secure.gravatar.com\\\/avatar\\\/05c9a17bc973052ee5d91549bd32fb4dd0dc85b7b85ae94b2e2b4943476bbea5?s=96&d=blank&r=g\",\"contentUrl\":\"https:\\\/\\\/secure.gravatar.com\\\/avatar\\\/05c9a17bc973052ee5d91549bd32fb4dd0dc85b7b85ae94b2e2b4943476bbea5?s=96&d=blank&r=g\",\"caption\":\"Leinewelle\"},\"sameAs\":[\"http:\\\/\\\/localhost\\\/radio%20leinewelle\\\/wordpress\",\"https:\\\/\\\/www.facebook.com\\\/radioleinewelle\",\"https:\\\/\\\/www.instagram.com\\\/radioleinewelle\",\"https:\\\/\\\/x.com\\\/https:\\\/\\\/twitter.com\\\/RLeinewelle?ref_src=twsrcgoogletwcampserptwgrauthor\",\"https:\\\/\\\/soundcloud.com\\\/foerderverein-lokalradio?utm_source=clipboard&utm_medium=text&utm_campaign=social_sharing\"],\"url\":\"https:\\\/\\\/radioleinewelle.de\\\/index.php\\\/author\\\/leinewelle\\\/\"}]}<\/script>\n<!-- \/ Yoast SEO plugin. -->","yoast_head_json":{"title":"Strom- und Gasrechnung verstehen - Radio Leinewelle","robots":{"index":"index","follow":"follow","max-snippet":"max-snippet:-1","max-image-preview":"max-image-preview:large","max-video-preview":"max-video-preview:-1"},"canonical":"https:\/\/radioleinewelle.de\/index.php\/2023\/01\/18\/strom-und-gasrechnung-verstehen\/","og_locale":"de_DE","og_type":"article","og_title":"Strom- und Gasrechnung verstehen - Radio Leinewelle","og_description":"Steigende Energiepreise belasten viele Privathaushalte. Umso wichtiger ist es, dass die Strom- und Gasrechnungen korrekt sind. Die Verbraucherzentrale Hessen l\u00e4dt deshalb am Dienstag, den 24. Januar 2023 von 17.00 bis 18.30 Uhr zum digitalen Verbrauchercaf\u00e9 ein. Die Teilnahme ist nach Anmeldung kostenlos. Anmeldung auf&nbsp;www.verbraucherzentrale.de\/veranstaltungen. &nbsp;&nbsp; Die Expertinnen und Experten der Verbraucherzentrale Hessen helfen dabei, die [&hellip;]","og_url":"https:\/\/radioleinewelle.de\/index.php\/2023\/01\/18\/strom-und-gasrechnung-verstehen\/","og_site_name":"Radio Leinewelle","article_publisher":"https:\/\/www.facebook.com\/radioleinewelle","article_author":"https:\/\/www.facebook.com\/radioleinewelle","article_published_time":"2023-01-18T05:59:21+00:00","article_modified_time":"2023-03-14T05:36:59+00:00","og_image":[{"width":300,"height":225,"url":"https:\/\/radioleinewelle.de\/wp-content\/uploads\/2023\/01\/electricity-meter-ga86a516e1_640-300x225-1.jpg","type":"image\/jpeg"}],"author":"Leinewelle","twitter_card":"summary_large_image","twitter_creator":"@https:\/\/twitter.com\/RLeinewelle?ref_src=twsrcgoogletwcampserptwgrauthor","twitter_site":"@RLeinewelle","twitter_misc":{"Verfasst von":"Leinewelle","Gesch\u00e4tzte Lesezeit":"2\u00a0Minuten"},"schema":{"@context":"https:\/\/schema.org","@graph":[{"@type":"Article","@id":"https:\/\/radioleinewelle.de\/index.php\/2023\/01\/18\/strom-und-gasrechnung-verstehen\/#article","isPartOf":{"@id":"https:\/\/radioleinewelle.de\/index.php\/2023\/01\/18\/strom-und-gasrechnung-verstehen\/"},"author":{"name":"Leinewelle","@id":"https:\/\/radioleinewelle.de\/#\/schema\/person\/45606f348637df637192dc1b68399a63"},"headline":"Strom- und Gasrechnung verstehen","datePublished":"2023-01-18T05:59:21+00:00","dateModified":"2023-03-14T05:36:59+00:00","mainEntityOfPage":{"@id":"https:\/\/radioleinewelle.de\/index.php\/2023\/01\/18\/strom-und-gasrechnung-verstehen\/"},"wordCount":254,"publisher":{"@id":"https:\/\/radioleinewelle.de\/#organization"},"image":{"@id":"https:\/\/radioleinewelle.de\/index.php\/2023\/01\/18\/strom-und-gasrechnung-verstehen\/#primaryimage"},"thumbnailUrl":"https:\/\/radioleinewelle.de\/wp-content\/uploads\/2023\/01\/electricity-meter-ga86a516e1_640-300x225-1.jpg","keywords":["Gasrrechnung","Stromrechnung","Verbraucherzentrale Hessen"],"articleSection":["Verbrauchertipps"],"inLanguage":"de"},{"@type":"WebPage","@id":"https:\/\/radioleinewelle.de\/index.php\/2023\/01\/18\/strom-und-gasrechnung-verstehen\/","url":"https:\/\/radioleinewelle.de\/index.php\/2023\/01\/18\/strom-und-gasrechnung-verstehen\/","name":"Strom- und Gasrechnung verstehen - Radio Leinewelle","isPartOf":{"@id":"https:\/\/radioleinewelle.de\/#website"},"primaryImageOfPage":{"@id":"https:\/\/radioleinewelle.de\/index.php\/2023\/01\/18\/strom-und-gasrechnung-verstehen\/#primaryimage"},"image":{"@id":"https:\/\/radioleinewelle.de\/index.php\/2023\/01\/18\/strom-und-gasrechnung-verstehen\/#primaryimage"},"thumbnailUrl":"https:\/\/radioleinewelle.de\/wp-content\/uploads\/2023\/01\/electricity-meter-ga86a516e1_640-300x225-1.jpg","datePublished":"2023-01-18T05:59:21+00:00","dateModified":"2023-03-14T05:36:59+00:00","breadcrumb":{"@id":"https:\/\/radioleinewelle.de\/index.php\/2023\/01\/18\/strom-und-gasrechnung-verstehen\/#breadcrumb"},"inLanguage":"de","potentialAction":[{"@type":"ReadAction","target":["https:\/\/radioleinewelle.de\/index.php\/2023\/01\/18\/strom-und-gasrechnung-verstehen\/"]}]},{"@type":"ImageObject","inLanguage":"de","@id":"https:\/\/radioleinewelle.de\/index.php\/2023\/01\/18\/strom-und-gasrechnung-verstehen\/#primaryimage","url":"https:\/\/radioleinewelle.de\/wp-content\/uploads\/2023\/01\/electricity-meter-ga86a516e1_640-300x225-1.jpg","contentUrl":"https:\/\/radioleinewelle.de\/wp-content\/uploads\/2023\/01\/electricity-meter-ga86a516e1_640-300x225-1.jpg","width":300,"height":225},{"@type":"BreadcrumbList","@id":"https:\/\/radioleinewelle.de\/index.php\/2023\/01\/18\/strom-und-gasrechnung-verstehen\/#breadcrumb","itemListElement":[{"@type":"ListItem","position":1,"name":"Startseite","item":"https:\/\/radioleinewelle.de\/"},{"@type":"ListItem","position":2,"name":"Strom- und Gasrechnung verstehen"}]},{"@type":"WebSite","@id":"https:\/\/radioleinewelle.de\/#website","url":"https:\/\/radioleinewelle.de\/","name":"Radio Leinewelle","description":"","publisher":{"@id":"https:\/\/radioleinewelle.de\/#organization"},"potentialAction":[{"@type":"SearchAction","target":{"@type":"EntryPoint","urlTemplate":"https:\/\/radioleinewelle.de\/?s={search_term_string}"},"query-input":{"@type":"PropertyValueSpecification","valueRequired":true,"valueName":"search_term_string"}}],"inLanguage":"de"},{"@type":"Organization","@id":"https:\/\/radioleinewelle.de\/#organization","name":"Radio Leinewelle","alternateName":"Mein Radio f\u00fcr S\u00fcdniedersachsen","url":"https:\/\/radioleinewelle.de\/","logo":{"@type":"ImageObject","inLanguage":"de","@id":"https:\/\/radioleinewelle.de\/#\/schema\/logo\/image\/","url":"https:\/\/radioleinewelle.de\/wp-content\/uploads\/2023\/11\/cropped-Leinewelle_Logo_weiss.png","contentUrl":"https:\/\/radioleinewelle.de\/wp-content\/uploads\/2023\/11\/cropped-Leinewelle_Logo_weiss.png","width":854,"height":260,"caption":"Radio Leinewelle"},"image":{"@id":"https:\/\/radioleinewelle.de\/#\/schema\/logo\/image\/"},"sameAs":["https:\/\/www.facebook.com\/radioleinewelle","https:\/\/x.com\/RLeinewelle","https:\/\/www.instagram.com\/radioleinewelle\/?hl=de"]},{"@type":"Person","@id":"https:\/\/radioleinewelle.de\/#\/schema\/person\/45606f348637df637192dc1b68399a63","name":"Leinewelle","image":{"@type":"ImageObject","inLanguage":"de","@id":"https:\/\/secure.gravatar.com\/avatar\/05c9a17bc973052ee5d91549bd32fb4dd0dc85b7b85ae94b2e2b4943476bbea5?s=96&d=blank&r=g","url":"https:\/\/secure.gravatar.com\/avatar\/05c9a17bc973052ee5d91549bd32fb4dd0dc85b7b85ae94b2e2b4943476bbea5?s=96&d=blank&r=g","contentUrl":"https:\/\/secure.gravatar.com\/avatar\/05c9a17bc973052ee5d91549bd32fb4dd0dc85b7b85ae94b2e2b4943476bbea5?s=96&d=blank&r=g","caption":"Leinewelle"},"sameAs":["http:\/\/localhost\/radio%20leinewelle\/wordpress","https:\/\/www.facebook.com\/radioleinewelle","https:\/\/www.instagram.com\/radioleinewelle","https:\/\/x.com\/https:\/\/twitter.com\/RLeinewelle?ref_src=twsrcgoogletwcampserptwgrauthor","https:\/\/soundcloud.com\/foerderverein-lokalradio?utm_source=clipboard&utm_medium=text&utm_campaign=social_sharing"],"url":"https:\/\/radioleinewelle.de\/index.php\/author\/leinewelle\/"}]}},"_links":{"self":[{"href":"https:\/\/radioleinewelle.de\/index.php\/wp-json\/wp\/v2\/posts\/20890","targetHints":{"allow":["GET"]}}],"collection":[{"href":"https:\/\/radioleinewelle.de\/index.php\/wp-json\/wp\/v2\/posts"}],"about":[{"href":"https:\/\/radioleinewelle.de\/index.php\/wp-json\/wp\/v2\/types\/post"}],"author":[{"embeddable":true,"href":"https:\/\/radioleinewelle.de\/index.php\/wp-json\/wp\/v2\/users\/1"}],"replies":[{"embeddable":true,"href":"https:\/\/radioleinewelle.de\/index.php\/wp-json\/wp\/v2\/comments?post=20890"}],"version-history":[{"count":2,"href":"https:\/\/radioleinewelle.de\/index.php\/wp-json\/wp\/v2\/posts\/20890\/revisions"}],"predecessor-version":[{"id":22155,"href":"https:\/\/radioleinewelle.de\/index.php\/wp-json\/wp\/v2\/posts\/20890\/revisions\/22155"}],"wp:featuredmedia":[{"embeddable":true,"href":"https:\/\/radioleinewelle.de\/index.php\/wp-json\/wp\/v2\/media\/20948"}],"wp:attachment":[{"href":"https:\/\/radioleinewelle.de\/index.php\/wp-json\/wp\/v2\/media?parent=20890"}],"wp:term":[{"taxonomy":"category","embeddable":true,"href":"https:\/\/radioleinewelle.de\/index.php\/wp-json\/wp\/v2\/categories?post=20890"},{"taxonomy":"post_tag","embeddable":true,"href":"https:\/\/radioleinewelle.de\/index.php\/wp-json\/wp\/v2\/tags?post=20890"}],"curies":[{"name":"wp","href":"https:\/\/api.w.org\/{rel}","templated":true}]}}