{"id":20893,"date":"2023-01-19T06:24:29","date_gmt":"2023-01-19T05:24:29","guid":{"rendered":"https:\/\/radioleinewelle.de\/?p=17706"},"modified":"2023-01-19T06:24:29","modified_gmt":"2023-01-19T05:24:29","slug":"fussgaenger-in-goettingen-von-auto-angefahren","status":"publish","type":"post","link":"https:\/\/radioleinewelle.de\/index.php\/2023\/01\/19\/fussgaenger-in-goettingen-von-auto-angefahren\/","title":{"rendered":"Fu\u00dfg\u00e4nger in G\u00f6ttingen von Auto angefahren"},"content":{"rendered":"\n<p>Bei einem Verkehrsunfall im Einm\u00fcndungsbereich Hannoversche Stra\u00dfe \/ Am Weendespring ist am Mittwochmorgen gegen 07:30 Uhr ein Fu\u00dfg\u00e4nger von einem Auto angefahren und verletzt worden.<\/p>\n\n\n\n<p>Ersten Ermittlungen zufolge kam der 44-j\u00e4hrige Fu\u00dfg\u00e4nger aus Richtung &#8222;Am Weendespring&#8220; und wollte die &#8222;Hannoversche Stra\u00dfe&#8220; in Richtung &#8222;Paul-L\u00f6be-Weg&#8220; \u00fcberqueren, ohne dabei die naheliegende Fu\u00dfg\u00e4ngerfurth mit ihrer Fu\u00dfg\u00e4ngerampel zu nutzen oder auf den flie\u00dfenden Verkehr zu achten.<\/p>\n\n\n\n<p>Der 57 Jahre alte Fahrer eines VW Polo aus G\u00f6ttingen erkannte beim Herannahen in Fahrtrichtung Weende-Nord den unmittelbar vor ihm auf die Stra\u00dfe laufenden Mann zu sp\u00e4t und leitete eine Gefahrenbremsung ein. Einen Zusammensto\u00df konnte er dabei jedoch nicht mehr verhindern und kollidierte &#8222;mit geringer Geschwindigkeit&#8220; mit dem Fu\u00dfg\u00e4nger. Dieser kam hierbei zu Fall und verletzte sich im Bereich seiner Beine.<\/p>\n\n\n\n<p>Der Autofahrer blieb unverletzt, an seinem VW entstand Sachschaden. Der verletzte Fu\u00dfg\u00e4nger wurde von dem Team eines alarmierten Rettungswagens medizinisch versorgt und im Anschluss in ein G\u00f6ttinger Krankenhaus eingeliefert. Die weiteren Ermittlungen dauern an.<\/p>\n\n\n\n<p>Zeugen des Unfalls werden gebeten, sich unter Telefon 0551\/491-2217 bei der Polizei G\u00f6ttingen zu melden.<\/p>\n","protected":false},"excerpt":{"rendered":"<p>Bei einem Verkehrsunfall im Einm\u00fcndungsbereich Hannoversche Stra\u00dfe \/ Am Weendespring ist am Mittwochmorgen gegen 07:30 Uhr ein Fu\u00dfg\u00e4nger von einem Auto angefahren und verletzt worden. Ersten Ermittlungen zufolge kam der 44-j\u00e4hrige Fu\u00dfg\u00e4nger aus Richtung &#8222;Am Weendespring&#8220; und wollte die &#8222;Hannoversche Stra\u00dfe&#8220; in Richtung &#8222;Paul-L\u00f6be-Weg&#8220; \u00fcberqueren, ohne dabei die naheliegende Fu\u00dfg\u00e4ngerfurth mit ihrer Fu\u00dfg\u00e4ngerampel zu nutzen [&hellip;]<\/p>\n","protected":false},"author":1,"featured_media":0,"comment_status":"closed","ping_status":"closed","sticky":false,"template":"","format":"standard","meta":{"saved_in_kubio":false,"footnotes":""},"categories":[24],"tags":[349,3527],"class_list":["post-20893","post","type-post","status-publish","format-standard","hentry","category-news","tag-polizeiinspektion-goettingen","tag-unfall-mit-fussgaenger"],"yoast_head":"<!-- This site is optimized with the Yoast SEO plugin v27.5 - https:\/\/yoast.com\/product\/yoast-seo-wordpress\/ -->\n<title>Fu\u00dfg\u00e4nger in G\u00f6ttingen von Auto angefahren - Radio Leinewelle<\/title>\n<meta name=\"robots\" content=\"index, follow, max-snippet:-1, max-image-preview:large, max-video-preview:-1\" \/>\n<link rel=\"canonical\" href=\"https:\/\/radioleinewelle.de\/index.php\/2023\/01\/19\/fussgaenger-in-goettingen-von-auto-angefahren\/\" \/>\n<meta property=\"og:locale\" content=\"de_DE\" \/>\n<meta property=\"og:type\" content=\"article\" \/>\n<meta property=\"og:title\" content=\"Fu\u00dfg\u00e4nger in G\u00f6ttingen von Auto angefahren - Radio Leinewelle\" \/>\n<meta property=\"og:description\" content=\"Bei einem Verkehrsunfall im Einm\u00fcndungsbereich Hannoversche Stra\u00dfe \/ Am Weendespring ist am Mittwochmorgen gegen 07:30 Uhr ein Fu\u00dfg\u00e4nger von einem Auto angefahren und verletzt worden. Ersten Ermittlungen zufolge kam der 44-j\u00e4hrige Fu\u00dfg\u00e4nger aus Richtung &#8222;Am Weendespring&#8220; und wollte die &#8222;Hannoversche Stra\u00dfe&#8220; in Richtung &#8222;Paul-L\u00f6be-Weg&#8220; \u00fcberqueren, ohne dabei die naheliegende Fu\u00dfg\u00e4ngerfurth mit ihrer Fu\u00dfg\u00e4ngerampel zu nutzen [&hellip;]\" \/>\n<meta property=\"og:url\" content=\"https:\/\/radioleinewelle.de\/index.php\/2023\/01\/19\/fussgaenger-in-goettingen-von-auto-angefahren\/\" \/>\n<meta property=\"og:site_name\" content=\"Radio Leinewelle\" \/>\n<meta property=\"article:publisher\" content=\"https:\/\/www.facebook.com\/radioleinewelle\" \/>\n<meta property=\"article:author\" content=\"https:\/\/www.facebook.com\/radioleinewelle\" \/>\n<meta property=\"article:published_time\" content=\"2023-01-19T05:24:29+00:00\" \/>\n<meta name=\"author\" content=\"Leinewelle\" \/>\n<meta name=\"twitter:card\" content=\"summary_large_image\" \/>\n<meta name=\"twitter:creator\" content=\"@https:\/\/twitter.com\/RLeinewelle?ref_src=twsrcgoogletwcampserptwgrauthor\" \/>\n<meta name=\"twitter:site\" content=\"@RLeinewelle\" \/>\n<meta name=\"twitter:label1\" content=\"Verfasst von\" \/>\n\t<meta name=\"twitter:data1\" content=\"Leinewelle\" \/>\n\t<meta name=\"twitter:label2\" content=\"Gesch\u00e4tzte Lesezeit\" \/>\n\t<meta name=\"twitter:data2\" content=\"1\u00a0Minute\" \/>\n<script type=\"application\/ld+json\" class=\"yoast-schema-graph\">{\"@context\":\"https:\\\/\\\/schema.org\",\"@graph\":[{\"@type\":\"Article\",\"@id\":\"https:\\\/\\\/radioleinewelle.de\\\/index.php\\\/2023\\\/01\\\/19\\\/fussgaenger-in-goettingen-von-auto-angefahren\\\/#article\",\"isPartOf\":{\"@id\":\"https:\\\/\\\/radioleinewelle.de\\\/index.php\\\/2023\\\/01\\\/19\\\/fussgaenger-in-goettingen-von-auto-angefahren\\\/\"},\"author\":{\"name\":\"Leinewelle\",\"@id\":\"https:\\\/\\\/radioleinewelle.de\\\/#\\\/schema\\\/person\\\/45606f348637df637192dc1b68399a63\"},\"headline\":\"Fu\u00dfg\u00e4nger in G\u00f6ttingen von Auto angefahren\",\"datePublished\":\"2023-01-19T05:24:29+00:00\",\"mainEntityOfPage\":{\"@id\":\"https:\\\/\\\/radioleinewelle.de\\\/index.php\\\/2023\\\/01\\\/19\\\/fussgaenger-in-goettingen-von-auto-angefahren\\\/\"},\"wordCount\":201,\"publisher\":{\"@id\":\"https:\\\/\\\/radioleinewelle.de\\\/#organization\"},\"keywords\":[\"Polizeiinspektion G\u00f6ttingen\",\"Unfall mit Fu\u00dfg\u00e4nger\"],\"articleSection\":[\"Aktuelle Nachrichten\"],\"inLanguage\":\"de\"},{\"@type\":\"WebPage\",\"@id\":\"https:\\\/\\\/radioleinewelle.de\\\/index.php\\\/2023\\\/01\\\/19\\\/fussgaenger-in-goettingen-von-auto-angefahren\\\/\",\"url\":\"https:\\\/\\\/radioleinewelle.de\\\/index.php\\\/2023\\\/01\\\/19\\\/fussgaenger-in-goettingen-von-auto-angefahren\\\/\",\"name\":\"Fu\u00dfg\u00e4nger in G\u00f6ttingen von Auto angefahren - Radio Leinewelle\",\"isPartOf\":{\"@id\":\"https:\\\/\\\/radioleinewelle.de\\\/#website\"},\"datePublished\":\"2023-01-19T05:24:29+00:00\",\"breadcrumb\":{\"@id\":\"https:\\\/\\\/radioleinewelle.de\\\/index.php\\\/2023\\\/01\\\/19\\\/fussgaenger-in-goettingen-von-auto-angefahren\\\/#breadcrumb\"},\"inLanguage\":\"de\",\"potentialAction\":[{\"@type\":\"ReadAction\",\"target\":[\"https:\\\/\\\/radioleinewelle.de\\\/index.php\\\/2023\\\/01\\\/19\\\/fussgaenger-in-goettingen-von-auto-angefahren\\\/\"]}]},{\"@type\":\"BreadcrumbList\",\"@id\":\"https:\\\/\\\/radioleinewelle.de\\\/index.php\\\/2023\\\/01\\\/19\\\/fussgaenger-in-goettingen-von-auto-angefahren\\\/#breadcrumb\",\"itemListElement\":[{\"@type\":\"ListItem\",\"position\":1,\"name\":\"Startseite\",\"item\":\"https:\\\/\\\/radioleinewelle.de\\\/\"},{\"@type\":\"ListItem\",\"position\":2,\"name\":\"Fu\u00dfg\u00e4nger in G\u00f6ttingen von Auto angefahren\"}]},{\"@type\":\"WebSite\",\"@id\":\"https:\\\/\\\/radioleinewelle.de\\\/#website\",\"url\":\"https:\\\/\\\/radioleinewelle.de\\\/\",\"name\":\"Radio Leinewelle\",\"description\":\"\",\"publisher\":{\"@id\":\"https:\\\/\\\/radioleinewelle.de\\\/#organization\"},\"potentialAction\":[{\"@type\":\"SearchAction\",\"target\":{\"@type\":\"EntryPoint\",\"urlTemplate\":\"https:\\\/\\\/radioleinewelle.de\\\/?s={search_term_string}\"},\"query-input\":{\"@type\":\"PropertyValueSpecification\",\"valueRequired\":true,\"valueName\":\"search_term_string\"}}],\"inLanguage\":\"de\"},{\"@type\":\"Organization\",\"@id\":\"https:\\\/\\\/radioleinewelle.de\\\/#organization\",\"name\":\"Radio Leinewelle\",\"alternateName\":\"Mein Radio f\u00fcr S\u00fcdniedersachsen\",\"url\":\"https:\\\/\\\/radioleinewelle.de\\\/\",\"logo\":{\"@type\":\"ImageObject\",\"inLanguage\":\"de\",\"@id\":\"https:\\\/\\\/radioleinewelle.de\\\/#\\\/schema\\\/logo\\\/image\\\/\",\"url\":\"https:\\\/\\\/radioleinewelle.de\\\/wp-content\\\/uploads\\\/2023\\\/11\\\/cropped-Leinewelle_Logo_weiss.png\",\"contentUrl\":\"https:\\\/\\\/radioleinewelle.de\\\/wp-content\\\/uploads\\\/2023\\\/11\\\/cropped-Leinewelle_Logo_weiss.png\",\"width\":854,\"height\":260,\"caption\":\"Radio Leinewelle\"},\"image\":{\"@id\":\"https:\\\/\\\/radioleinewelle.de\\\/#\\\/schema\\\/logo\\\/image\\\/\"},\"sameAs\":[\"https:\\\/\\\/www.facebook.com\\\/radioleinewelle\",\"https:\\\/\\\/x.com\\\/RLeinewelle\",\"https:\\\/\\\/www.instagram.com\\\/radioleinewelle\\\/?hl=de\"]},{\"@type\":\"Person\",\"@id\":\"https:\\\/\\\/radioleinewelle.de\\\/#\\\/schema\\\/person\\\/45606f348637df637192dc1b68399a63\",\"name\":\"Leinewelle\",\"image\":{\"@type\":\"ImageObject\",\"inLanguage\":\"de\",\"@id\":\"https:\\\/\\\/secure.gravatar.com\\\/avatar\\\/05c9a17bc973052ee5d91549bd32fb4dd0dc85b7b85ae94b2e2b4943476bbea5?s=96&d=blank&r=g\",\"url\":\"https:\\\/\\\/secure.gravatar.com\\\/avatar\\\/05c9a17bc973052ee5d91549bd32fb4dd0dc85b7b85ae94b2e2b4943476bbea5?s=96&d=blank&r=g\",\"contentUrl\":\"https:\\\/\\\/secure.gravatar.com\\\/avatar\\\/05c9a17bc973052ee5d91549bd32fb4dd0dc85b7b85ae94b2e2b4943476bbea5?s=96&d=blank&r=g\",\"caption\":\"Leinewelle\"},\"sameAs\":[\"http:\\\/\\\/localhost\\\/radio%20leinewelle\\\/wordpress\",\"https:\\\/\\\/www.facebook.com\\\/radioleinewelle\",\"https:\\\/\\\/www.instagram.com\\\/radioleinewelle\",\"https:\\\/\\\/x.com\\\/https:\\\/\\\/twitter.com\\\/RLeinewelle?ref_src=twsrcgoogletwcampserptwgrauthor\",\"https:\\\/\\\/soundcloud.com\\\/foerderverein-lokalradio?utm_source=clipboard&utm_medium=text&utm_campaign=social_sharing\"],\"url\":\"https:\\\/\\\/radioleinewelle.de\\\/index.php\\\/author\\\/leinewelle\\\/\"}]}<\/script>\n<!-- \/ Yoast SEO plugin. -->","yoast_head_json":{"title":"Fu\u00dfg\u00e4nger in G\u00f6ttingen von Auto angefahren - Radio Leinewelle","robots":{"index":"index","follow":"follow","max-snippet":"max-snippet:-1","max-image-preview":"max-image-preview:large","max-video-preview":"max-video-preview:-1"},"canonical":"https:\/\/radioleinewelle.de\/index.php\/2023\/01\/19\/fussgaenger-in-goettingen-von-auto-angefahren\/","og_locale":"de_DE","og_type":"article","og_title":"Fu\u00dfg\u00e4nger in G\u00f6ttingen von Auto angefahren - Radio Leinewelle","og_description":"Bei einem Verkehrsunfall im Einm\u00fcndungsbereich Hannoversche Stra\u00dfe \/ Am Weendespring ist am Mittwochmorgen gegen 07:30 Uhr ein Fu\u00dfg\u00e4nger von einem Auto angefahren und verletzt worden. Ersten Ermittlungen zufolge kam der 44-j\u00e4hrige Fu\u00dfg\u00e4nger aus Richtung &#8222;Am Weendespring&#8220; und wollte die &#8222;Hannoversche Stra\u00dfe&#8220; in Richtung &#8222;Paul-L\u00f6be-Weg&#8220; \u00fcberqueren, ohne dabei die naheliegende Fu\u00dfg\u00e4ngerfurth mit ihrer Fu\u00dfg\u00e4ngerampel zu nutzen [&hellip;]","og_url":"https:\/\/radioleinewelle.de\/index.php\/2023\/01\/19\/fussgaenger-in-goettingen-von-auto-angefahren\/","og_site_name":"Radio Leinewelle","article_publisher":"https:\/\/www.facebook.com\/radioleinewelle","article_author":"https:\/\/www.facebook.com\/radioleinewelle","article_published_time":"2023-01-19T05:24:29+00:00","author":"Leinewelle","twitter_card":"summary_large_image","twitter_creator":"@https:\/\/twitter.com\/RLeinewelle?ref_src=twsrcgoogletwcampserptwgrauthor","twitter_site":"@RLeinewelle","twitter_misc":{"Verfasst von":"Leinewelle","Gesch\u00e4tzte Lesezeit":"1\u00a0Minute"},"schema":{"@context":"https:\/\/schema.org","@graph":[{"@type":"Article","@id":"https:\/\/radioleinewelle.de\/index.php\/2023\/01\/19\/fussgaenger-in-goettingen-von-auto-angefahren\/#article","isPartOf":{"@id":"https:\/\/radioleinewelle.de\/index.php\/2023\/01\/19\/fussgaenger-in-goettingen-von-auto-angefahren\/"},"author":{"name":"Leinewelle","@id":"https:\/\/radioleinewelle.de\/#\/schema\/person\/45606f348637df637192dc1b68399a63"},"headline":"Fu\u00dfg\u00e4nger in G\u00f6ttingen von Auto angefahren","datePublished":"2023-01-19T05:24:29+00:00","mainEntityOfPage":{"@id":"https:\/\/radioleinewelle.de\/index.php\/2023\/01\/19\/fussgaenger-in-goettingen-von-auto-angefahren\/"},"wordCount":201,"publisher":{"@id":"https:\/\/radioleinewelle.de\/#organization"},"keywords":["Polizeiinspektion G\u00f6ttingen","Unfall mit Fu\u00dfg\u00e4nger"],"articleSection":["Aktuelle Nachrichten"],"inLanguage":"de"},{"@type":"WebPage","@id":"https:\/\/radioleinewelle.de\/index.php\/2023\/01\/19\/fussgaenger-in-goettingen-von-auto-angefahren\/","url":"https:\/\/radioleinewelle.de\/index.php\/2023\/01\/19\/fussgaenger-in-goettingen-von-auto-angefahren\/","name":"Fu\u00dfg\u00e4nger in G\u00f6ttingen von Auto angefahren - Radio Leinewelle","isPartOf":{"@id":"https:\/\/radioleinewelle.de\/#website"},"datePublished":"2023-01-19T05:24:29+00:00","breadcrumb":{"@id":"https:\/\/radioleinewelle.de\/index.php\/2023\/01\/19\/fussgaenger-in-goettingen-von-auto-angefahren\/#breadcrumb"},"inLanguage":"de","potentialAction":[{"@type":"ReadAction","target":["https:\/\/radioleinewelle.de\/index.php\/2023\/01\/19\/fussgaenger-in-goettingen-von-auto-angefahren\/"]}]},{"@type":"BreadcrumbList","@id":"https:\/\/radioleinewelle.de\/index.php\/2023\/01\/19\/fussgaenger-in-goettingen-von-auto-angefahren\/#breadcrumb","itemListElement":[{"@type":"ListItem","position":1,"name":"Startseite","item":"https:\/\/radioleinewelle.de\/"},{"@type":"ListItem","position":2,"name":"Fu\u00dfg\u00e4nger in G\u00f6ttingen von Auto angefahren"}]},{"@type":"WebSite","@id":"https:\/\/radioleinewelle.de\/#website","url":"https:\/\/radioleinewelle.de\/","name":"Radio Leinewelle","description":"","publisher":{"@id":"https:\/\/radioleinewelle.de\/#organization"},"potentialAction":[{"@type":"SearchAction","target":{"@type":"EntryPoint","urlTemplate":"https:\/\/radioleinewelle.de\/?s={search_term_string}"},"query-input":{"@type":"PropertyValueSpecification","valueRequired":true,"valueName":"search_term_string"}}],"inLanguage":"de"},{"@type":"Organization","@id":"https:\/\/radioleinewelle.de\/#organization","name":"Radio Leinewelle","alternateName":"Mein Radio f\u00fcr S\u00fcdniedersachsen","url":"https:\/\/radioleinewelle.de\/","logo":{"@type":"ImageObject","inLanguage":"de","@id":"https:\/\/radioleinewelle.de\/#\/schema\/logo\/image\/","url":"https:\/\/radioleinewelle.de\/wp-content\/uploads\/2023\/11\/cropped-Leinewelle_Logo_weiss.png","contentUrl":"https:\/\/radioleinewelle.de\/wp-content\/uploads\/2023\/11\/cropped-Leinewelle_Logo_weiss.png","width":854,"height":260,"caption":"Radio Leinewelle"},"image":{"@id":"https:\/\/radioleinewelle.de\/#\/schema\/logo\/image\/"},"sameAs":["https:\/\/www.facebook.com\/radioleinewelle","https:\/\/x.com\/RLeinewelle","https:\/\/www.instagram.com\/radioleinewelle\/?hl=de"]},{"@type":"Person","@id":"https:\/\/radioleinewelle.de\/#\/schema\/person\/45606f348637df637192dc1b68399a63","name":"Leinewelle","image":{"@type":"ImageObject","inLanguage":"de","@id":"https:\/\/secure.gravatar.com\/avatar\/05c9a17bc973052ee5d91549bd32fb4dd0dc85b7b85ae94b2e2b4943476bbea5?s=96&d=blank&r=g","url":"https:\/\/secure.gravatar.com\/avatar\/05c9a17bc973052ee5d91549bd32fb4dd0dc85b7b85ae94b2e2b4943476bbea5?s=96&d=blank&r=g","contentUrl":"https:\/\/secure.gravatar.com\/avatar\/05c9a17bc973052ee5d91549bd32fb4dd0dc85b7b85ae94b2e2b4943476bbea5?s=96&d=blank&r=g","caption":"Leinewelle"},"sameAs":["http:\/\/localhost\/radio%20leinewelle\/wordpress","https:\/\/www.facebook.com\/radioleinewelle","https:\/\/www.instagram.com\/radioleinewelle","https:\/\/x.com\/https:\/\/twitter.com\/RLeinewelle?ref_src=twsrcgoogletwcampserptwgrauthor","https:\/\/soundcloud.com\/foerderverein-lokalradio?utm_source=clipboard&utm_medium=text&utm_campaign=social_sharing"],"url":"https:\/\/radioleinewelle.de\/index.php\/author\/leinewelle\/"}]}},"_links":{"self":[{"href":"https:\/\/radioleinewelle.de\/index.php\/wp-json\/wp\/v2\/posts\/20893","targetHints":{"allow":["GET"]}}],"collection":[{"href":"https:\/\/radioleinewelle.de\/index.php\/wp-json\/wp\/v2\/posts"}],"about":[{"href":"https:\/\/radioleinewelle.de\/index.php\/wp-json\/wp\/v2\/types\/post"}],"author":[{"embeddable":true,"href":"https:\/\/radioleinewelle.de\/index.php\/wp-json\/wp\/v2\/users\/1"}],"replies":[{"embeddable":true,"href":"https:\/\/radioleinewelle.de\/index.php\/wp-json\/wp\/v2\/comments?post=20893"}],"version-history":[{"count":0,"href":"https:\/\/radioleinewelle.de\/index.php\/wp-json\/wp\/v2\/posts\/20893\/revisions"}],"wp:attachment":[{"href":"https:\/\/radioleinewelle.de\/index.php\/wp-json\/wp\/v2\/media?parent=20893"}],"wp:term":[{"taxonomy":"category","embeddable":true,"href":"https:\/\/radioleinewelle.de\/index.php\/wp-json\/wp\/v2\/categories?post=20893"},{"taxonomy":"post_tag","embeddable":true,"href":"https:\/\/radioleinewelle.de\/index.php\/wp-json\/wp\/v2\/tags?post=20893"}],"curies":[{"name":"wp","href":"https:\/\/api.w.org\/{rel}","templated":true}]}}