{"id":20896,"date":"2023-02-11T05:10:00","date_gmt":"2023-02-11T04:10:00","guid":{"rendered":"https:\/\/radioleinewelle.de\/?p=17736"},"modified":"2023-02-11T09:01:04","modified_gmt":"2023-02-11T08:01:04","slug":"kunsthaus-goettingen-zeigt-filmplakate-1953-74-zwischen-mainstream-und-avantgarde","status":"publish","type":"post","link":"https:\/\/radioleinewelle.de\/index.php\/2023\/02\/11\/kunsthaus-goettingen-zeigt-filmplakate-1953-74-zwischen-mainstream-und-avantgarde\/","title":{"rendered":"Kunsthaus G\u00f6ttingen zeigt Filmplakate 1953-74 zwischen Mainstream und Avantgarde"},"content":{"rendered":"\n<p>Das G\u00f6ttingen in der Nachkriegszeit eine wichtige Produktionsst\u00e4tte f\u00fcr den deutschen Nachkriegsfilm war, gilt als allgemein bekannt. Aber auch bedeutende Filmplakatproduktionen und Verleihfirmen waren in G\u00f6ttingen angesiedelt. Eine Ausstellung im Kunsthaus G\u00f6ttingen zeigt jetzt auf drei Etagen viele Filmplakate aus dieser Zeit. <\/p>\n\n\n\n<p><strong>Neue Filmkunst Walter Kirchner<\/strong> G\u00f6ttingen, 1953-1974<\/p>\n\n\n\n<p>Der Verleih &#8222;Neue Filmkunst Walter Kirchner&#8220; wurde 1953 gegr\u00fcndet und wurde in der Nachkriegszeit schnell zu einem wichtigen Verleih von Filmkunst aus der ganzen Welt. Walter Kirchner war zudem Leiter des Filmklubs an der G\u00f6ttinger Universit\u00e4t. Unter seiner Leitung entstanden wegweisende und zeitlose Plakate u.a. von Hans Hillmann (Kassel).leider ging die Neue Filmkunst 1974 bankrott.<\/p>\n\n\n\n<p><strong>Atlas Filmverleih<\/strong> Duisburg, 1960.1966<\/p>\n\n\n\n<p>Bekannter in der \u00d6ffentlichkeit war der Atlas Filmverleih, das &#8222;a&#8220; Logo ist auch heute noch vielen Filmfreunden ein Begriff. Atlas startete schnell mit zwei Publikumsrennern: &#8222;12 Uhr mittags &#8211; High Noon&#8220; und dem damaligen Skandalfilm &#8222;Das Schweigen&#8220; von Ingmar Bergmann. Die Programmpalette reichte vom Popul\u00e4rfilm bis zu Filmen von k\u00fcnstlerischem Rang. Aber auch Atlas wurde Opfer des allgemeinen Kinosterbens Ende der 60ger Jahre. Die Filmplakate zeigen einen hohen und aufwendigen graphischen Standard und stehen heute noch f\u00fcr den Atlas Filmverleih.<\/p>\n\n\n\n<p><strong>Karl-Heinz Fehrecke<\/strong> 1913-1994<\/p>\n\n\n\n<p>Neben der Filmkunst steht der Name des Grafikers Karl-Heinz Fehrecke f\u00fcr die Gestaltung des popul\u00e4ren Filmplakats. Ausschnitte aus seiner Arbeit zeigt der dritte Raum im Kunsthaus G\u00f6ttingen. Seine Plakate erreichten hohe Auflagen und fanden aufgrund der Popularit\u00e4t der Filme eine weite Verbreitung. Die von ihm geschaffenen Bilder wecken bei vielen Menschen hoch heute sympathische Erinnerungen und Assoziationen an die Filme in den Wirtschaftswunderjahren. Als Beispiel sei hier die Plakatserie zu den Immenhoffilmen genannt. <\/p>\n\n\n\n<p>Zu der Ausstellung gibt es ein umfangreiches Begleitprogramm.<br>Weitere Informationen dazu unter: <a href=\"http:\/\/kunsthaus-goettingen.de\">kunsthaus-goettingen.de<\/a><\/p>\n\n\n\n<p><strong>Foto:<\/strong> Kurator Rene Grohnert f\u00fchrt durch die Ausstellung \u00a9Radio Leinewelle(ue)<\/p>\n","protected":false},"excerpt":{"rendered":"<p>Das G\u00f6ttingen in der Nachkriegszeit eine wichtige Produktionsst\u00e4tte f\u00fcr den deutschen Nachkriegsfilm war, gilt als allgemein bekannt. Aber auch bedeutende Filmplakatproduktionen und Verleihfirmen waren in G\u00f6ttingen angesiedelt. Eine Ausstellung im Kunsthaus G\u00f6ttingen zeigt jetzt auf drei Etagen viele Filmplakate aus dieser Zeit. Neue Filmkunst Walter Kirchner G\u00f6ttingen, 1953-1974 Der Verleih &#8222;Neue Filmkunst Walter Kirchner&#8220; wurde [&hellip;]<\/p>\n","protected":false},"author":1,"featured_media":20958,"comment_status":"closed","ping_status":"closed","sticky":true,"template":"","format":"standard","meta":{"saved_in_kubio":false,"footnotes":""},"categories":[2930],"tags":[3812,3813,3814,323,3815],"class_list":["post-20896","post","type-post","status-publish","format-standard","has-post-thumbnail","hentry","category-ausstellungen","tag-atlas-filmverleih","tag-filmplakate-1953-74","tag-karl-heinz-fehrecke","tag-kunsthaus-goettingen","tag-neue-filmkunst-walter-kirchner"],"yoast_head":"<!-- This site is optimized with the Yoast SEO plugin v27.5 - https:\/\/yoast.com\/product\/yoast-seo-wordpress\/ -->\n<title>Kunsthaus G\u00f6ttingen zeigt Filmplakate 1953-74 zwischen Mainstream und Avantgarde - Radio Leinewelle<\/title>\n<meta name=\"robots\" content=\"index, follow, max-snippet:-1, max-image-preview:large, max-video-preview:-1\" \/>\n<link rel=\"canonical\" href=\"https:\/\/radioleinewelle.de\/index.php\/2023\/02\/11\/kunsthaus-goettingen-zeigt-filmplakate-1953-74-zwischen-mainstream-und-avantgarde\/\" \/>\n<meta property=\"og:locale\" content=\"de_DE\" \/>\n<meta property=\"og:type\" content=\"article\" \/>\n<meta property=\"og:title\" content=\"Kunsthaus G\u00f6ttingen zeigt Filmplakate 1953-74 zwischen Mainstream und Avantgarde - Radio Leinewelle\" \/>\n<meta property=\"og:description\" content=\"Das G\u00f6ttingen in der Nachkriegszeit eine wichtige Produktionsst\u00e4tte f\u00fcr den deutschen Nachkriegsfilm war, gilt als allgemein bekannt. Aber auch bedeutende Filmplakatproduktionen und Verleihfirmen waren in G\u00f6ttingen angesiedelt. Eine Ausstellung im Kunsthaus G\u00f6ttingen zeigt jetzt auf drei Etagen viele Filmplakate aus dieser Zeit. Neue Filmkunst Walter Kirchner G\u00f6ttingen, 1953-1974 Der Verleih &#8222;Neue Filmkunst Walter Kirchner&#8220; wurde [&hellip;]\" \/>\n<meta property=\"og:url\" content=\"https:\/\/radioleinewelle.de\/index.php\/2023\/02\/11\/kunsthaus-goettingen-zeigt-filmplakate-1953-74-zwischen-mainstream-und-avantgarde\/\" \/>\n<meta property=\"og:site_name\" content=\"Radio Leinewelle\" \/>\n<meta property=\"article:publisher\" content=\"https:\/\/www.facebook.com\/radioleinewelle\" \/>\n<meta property=\"article:author\" content=\"https:\/\/www.facebook.com\/radioleinewelle\" \/>\n<meta property=\"article:published_time\" content=\"2023-02-11T04:10:00+00:00\" \/>\n<meta property=\"article:modified_time\" content=\"2023-02-11T08:01:04+00:00\" \/>\n<meta property=\"og:image\" content=\"https:\/\/radioleinewelle.de\/wp-content\/uploads\/2023\/01\/Rene-Grohnert-e1674419713590-300x239-1.jpg\" \/>\n\t<meta property=\"og:image:width\" content=\"300\" \/>\n\t<meta property=\"og:image:height\" content=\"239\" \/>\n\t<meta property=\"og:image:type\" content=\"image\/jpeg\" \/>\n<meta name=\"author\" content=\"Leinewelle\" \/>\n<meta name=\"twitter:card\" content=\"summary_large_image\" \/>\n<meta name=\"twitter:creator\" content=\"@https:\/\/twitter.com\/RLeinewelle?ref_src=twsrcgoogletwcampserptwgrauthor\" \/>\n<meta name=\"twitter:site\" content=\"@RLeinewelle\" \/>\n<meta name=\"twitter:label1\" content=\"Verfasst von\" \/>\n\t<meta name=\"twitter:data1\" content=\"Leinewelle\" \/>\n\t<meta name=\"twitter:label2\" content=\"Gesch\u00e4tzte Lesezeit\" \/>\n\t<meta name=\"twitter:data2\" content=\"2\u00a0Minuten\" \/>\n<script type=\"application\/ld+json\" class=\"yoast-schema-graph\">{\"@context\":\"https:\\\/\\\/schema.org\",\"@graph\":[{\"@type\":\"Article\",\"@id\":\"https:\\\/\\\/radioleinewelle.de\\\/index.php\\\/2023\\\/02\\\/11\\\/kunsthaus-goettingen-zeigt-filmplakate-1953-74-zwischen-mainstream-und-avantgarde\\\/#article\",\"isPartOf\":{\"@id\":\"https:\\\/\\\/radioleinewelle.de\\\/index.php\\\/2023\\\/02\\\/11\\\/kunsthaus-goettingen-zeigt-filmplakate-1953-74-zwischen-mainstream-und-avantgarde\\\/\"},\"author\":{\"name\":\"Leinewelle\",\"@id\":\"https:\\\/\\\/radioleinewelle.de\\\/#\\\/schema\\\/person\\\/45606f348637df637192dc1b68399a63\"},\"headline\":\"Kunsthaus G\u00f6ttingen zeigt Filmplakate 1953-74 zwischen Mainstream und Avantgarde\",\"datePublished\":\"2023-02-11T04:10:00+00:00\",\"dateModified\":\"2023-02-11T08:01:04+00:00\",\"mainEntityOfPage\":{\"@id\":\"https:\\\/\\\/radioleinewelle.de\\\/index.php\\\/2023\\\/02\\\/11\\\/kunsthaus-goettingen-zeigt-filmplakate-1953-74-zwischen-mainstream-und-avantgarde\\\/\"},\"wordCount\":313,\"publisher\":{\"@id\":\"https:\\\/\\\/radioleinewelle.de\\\/#organization\"},\"image\":{\"@id\":\"https:\\\/\\\/radioleinewelle.de\\\/index.php\\\/2023\\\/02\\\/11\\\/kunsthaus-goettingen-zeigt-filmplakate-1953-74-zwischen-mainstream-und-avantgarde\\\/#primaryimage\"},\"thumbnailUrl\":\"https:\\\/\\\/radioleinewelle.de\\\/wp-content\\\/uploads\\\/2023\\\/01\\\/Rene-Grohnert-e1674419713590-300x239-1.jpg\",\"keywords\":[\"Atlas Filmverleih\",\"Filmplakate 1953-74\",\"Karl-heinz Fehrecke\",\"Kunsthaus G\u00f6ttingen\",\"Neue Filmkunst Walter Kirchner\"],\"articleSection\":[\"Ausstellungen\"],\"inLanguage\":\"de\"},{\"@type\":\"WebPage\",\"@id\":\"https:\\\/\\\/radioleinewelle.de\\\/index.php\\\/2023\\\/02\\\/11\\\/kunsthaus-goettingen-zeigt-filmplakate-1953-74-zwischen-mainstream-und-avantgarde\\\/\",\"url\":\"https:\\\/\\\/radioleinewelle.de\\\/index.php\\\/2023\\\/02\\\/11\\\/kunsthaus-goettingen-zeigt-filmplakate-1953-74-zwischen-mainstream-und-avantgarde\\\/\",\"name\":\"Kunsthaus G\u00f6ttingen zeigt Filmplakate 1953-74 zwischen Mainstream und Avantgarde - Radio Leinewelle\",\"isPartOf\":{\"@id\":\"https:\\\/\\\/radioleinewelle.de\\\/#website\"},\"primaryImageOfPage\":{\"@id\":\"https:\\\/\\\/radioleinewelle.de\\\/index.php\\\/2023\\\/02\\\/11\\\/kunsthaus-goettingen-zeigt-filmplakate-1953-74-zwischen-mainstream-und-avantgarde\\\/#primaryimage\"},\"image\":{\"@id\":\"https:\\\/\\\/radioleinewelle.de\\\/index.php\\\/2023\\\/02\\\/11\\\/kunsthaus-goettingen-zeigt-filmplakate-1953-74-zwischen-mainstream-und-avantgarde\\\/#primaryimage\"},\"thumbnailUrl\":\"https:\\\/\\\/radioleinewelle.de\\\/wp-content\\\/uploads\\\/2023\\\/01\\\/Rene-Grohnert-e1674419713590-300x239-1.jpg\",\"datePublished\":\"2023-02-11T04:10:00+00:00\",\"dateModified\":\"2023-02-11T08:01:04+00:00\",\"breadcrumb\":{\"@id\":\"https:\\\/\\\/radioleinewelle.de\\\/index.php\\\/2023\\\/02\\\/11\\\/kunsthaus-goettingen-zeigt-filmplakate-1953-74-zwischen-mainstream-und-avantgarde\\\/#breadcrumb\"},\"inLanguage\":\"de\",\"potentialAction\":[{\"@type\":\"ReadAction\",\"target\":[\"https:\\\/\\\/radioleinewelle.de\\\/index.php\\\/2023\\\/02\\\/11\\\/kunsthaus-goettingen-zeigt-filmplakate-1953-74-zwischen-mainstream-und-avantgarde\\\/\"]}]},{\"@type\":\"ImageObject\",\"inLanguage\":\"de\",\"@id\":\"https:\\\/\\\/radioleinewelle.de\\\/index.php\\\/2023\\\/02\\\/11\\\/kunsthaus-goettingen-zeigt-filmplakate-1953-74-zwischen-mainstream-und-avantgarde\\\/#primaryimage\",\"url\":\"https:\\\/\\\/radioleinewelle.de\\\/wp-content\\\/uploads\\\/2023\\\/01\\\/Rene-Grohnert-e1674419713590-300x239-1.jpg\",\"contentUrl\":\"https:\\\/\\\/radioleinewelle.de\\\/wp-content\\\/uploads\\\/2023\\\/01\\\/Rene-Grohnert-e1674419713590-300x239-1.jpg\",\"width\":300,\"height\":239},{\"@type\":\"BreadcrumbList\",\"@id\":\"https:\\\/\\\/radioleinewelle.de\\\/index.php\\\/2023\\\/02\\\/11\\\/kunsthaus-goettingen-zeigt-filmplakate-1953-74-zwischen-mainstream-und-avantgarde\\\/#breadcrumb\",\"itemListElement\":[{\"@type\":\"ListItem\",\"position\":1,\"name\":\"Startseite\",\"item\":\"https:\\\/\\\/radioleinewelle.de\\\/\"},{\"@type\":\"ListItem\",\"position\":2,\"name\":\"Kunsthaus G\u00f6ttingen zeigt Filmplakate 1953-74 zwischen Mainstream und Avantgarde\"}]},{\"@type\":\"WebSite\",\"@id\":\"https:\\\/\\\/radioleinewelle.de\\\/#website\",\"url\":\"https:\\\/\\\/radioleinewelle.de\\\/\",\"name\":\"Radio Leinewelle\",\"description\":\"\",\"publisher\":{\"@id\":\"https:\\\/\\\/radioleinewelle.de\\\/#organization\"},\"potentialAction\":[{\"@type\":\"SearchAction\",\"target\":{\"@type\":\"EntryPoint\",\"urlTemplate\":\"https:\\\/\\\/radioleinewelle.de\\\/?s={search_term_string}\"},\"query-input\":{\"@type\":\"PropertyValueSpecification\",\"valueRequired\":true,\"valueName\":\"search_term_string\"}}],\"inLanguage\":\"de\"},{\"@type\":\"Organization\",\"@id\":\"https:\\\/\\\/radioleinewelle.de\\\/#organization\",\"name\":\"Radio Leinewelle\",\"alternateName\":\"Mein Radio f\u00fcr S\u00fcdniedersachsen\",\"url\":\"https:\\\/\\\/radioleinewelle.de\\\/\",\"logo\":{\"@type\":\"ImageObject\",\"inLanguage\":\"de\",\"@id\":\"https:\\\/\\\/radioleinewelle.de\\\/#\\\/schema\\\/logo\\\/image\\\/\",\"url\":\"https:\\\/\\\/radioleinewelle.de\\\/wp-content\\\/uploads\\\/2023\\\/11\\\/cropped-Leinewelle_Logo_weiss.png\",\"contentUrl\":\"https:\\\/\\\/radioleinewelle.de\\\/wp-content\\\/uploads\\\/2023\\\/11\\\/cropped-Leinewelle_Logo_weiss.png\",\"width\":854,\"height\":260,\"caption\":\"Radio Leinewelle\"},\"image\":{\"@id\":\"https:\\\/\\\/radioleinewelle.de\\\/#\\\/schema\\\/logo\\\/image\\\/\"},\"sameAs\":[\"https:\\\/\\\/www.facebook.com\\\/radioleinewelle\",\"https:\\\/\\\/x.com\\\/RLeinewelle\",\"https:\\\/\\\/www.instagram.com\\\/radioleinewelle\\\/?hl=de\"]},{\"@type\":\"Person\",\"@id\":\"https:\\\/\\\/radioleinewelle.de\\\/#\\\/schema\\\/person\\\/45606f348637df637192dc1b68399a63\",\"name\":\"Leinewelle\",\"image\":{\"@type\":\"ImageObject\",\"inLanguage\":\"de\",\"@id\":\"https:\\\/\\\/secure.gravatar.com\\\/avatar\\\/05c9a17bc973052ee5d91549bd32fb4dd0dc85b7b85ae94b2e2b4943476bbea5?s=96&d=blank&r=g\",\"url\":\"https:\\\/\\\/secure.gravatar.com\\\/avatar\\\/05c9a17bc973052ee5d91549bd32fb4dd0dc85b7b85ae94b2e2b4943476bbea5?s=96&d=blank&r=g\",\"contentUrl\":\"https:\\\/\\\/secure.gravatar.com\\\/avatar\\\/05c9a17bc973052ee5d91549bd32fb4dd0dc85b7b85ae94b2e2b4943476bbea5?s=96&d=blank&r=g\",\"caption\":\"Leinewelle\"},\"sameAs\":[\"http:\\\/\\\/localhost\\\/radio%20leinewelle\\\/wordpress\",\"https:\\\/\\\/www.facebook.com\\\/radioleinewelle\",\"https:\\\/\\\/www.instagram.com\\\/radioleinewelle\",\"https:\\\/\\\/x.com\\\/https:\\\/\\\/twitter.com\\\/RLeinewelle?ref_src=twsrcgoogletwcampserptwgrauthor\",\"https:\\\/\\\/soundcloud.com\\\/foerderverein-lokalradio?utm_source=clipboard&utm_medium=text&utm_campaign=social_sharing\"],\"url\":\"https:\\\/\\\/radioleinewelle.de\\\/index.php\\\/author\\\/leinewelle\\\/\"}]}<\/script>\n<!-- \/ Yoast SEO plugin. -->","yoast_head_json":{"title":"Kunsthaus G\u00f6ttingen zeigt Filmplakate 1953-74 zwischen Mainstream und Avantgarde - Radio Leinewelle","robots":{"index":"index","follow":"follow","max-snippet":"max-snippet:-1","max-image-preview":"max-image-preview:large","max-video-preview":"max-video-preview:-1"},"canonical":"https:\/\/radioleinewelle.de\/index.php\/2023\/02\/11\/kunsthaus-goettingen-zeigt-filmplakate-1953-74-zwischen-mainstream-und-avantgarde\/","og_locale":"de_DE","og_type":"article","og_title":"Kunsthaus G\u00f6ttingen zeigt Filmplakate 1953-74 zwischen Mainstream und Avantgarde - Radio Leinewelle","og_description":"Das G\u00f6ttingen in der Nachkriegszeit eine wichtige Produktionsst\u00e4tte f\u00fcr den deutschen Nachkriegsfilm war, gilt als allgemein bekannt. Aber auch bedeutende Filmplakatproduktionen und Verleihfirmen waren in G\u00f6ttingen angesiedelt. Eine Ausstellung im Kunsthaus G\u00f6ttingen zeigt jetzt auf drei Etagen viele Filmplakate aus dieser Zeit. Neue Filmkunst Walter Kirchner G\u00f6ttingen, 1953-1974 Der Verleih &#8222;Neue Filmkunst Walter Kirchner&#8220; wurde [&hellip;]","og_url":"https:\/\/radioleinewelle.de\/index.php\/2023\/02\/11\/kunsthaus-goettingen-zeigt-filmplakate-1953-74-zwischen-mainstream-und-avantgarde\/","og_site_name":"Radio Leinewelle","article_publisher":"https:\/\/www.facebook.com\/radioleinewelle","article_author":"https:\/\/www.facebook.com\/radioleinewelle","article_published_time":"2023-02-11T04:10:00+00:00","article_modified_time":"2023-02-11T08:01:04+00:00","og_image":[{"width":300,"height":239,"url":"https:\/\/radioleinewelle.de\/wp-content\/uploads\/2023\/01\/Rene-Grohnert-e1674419713590-300x239-1.jpg","type":"image\/jpeg"}],"author":"Leinewelle","twitter_card":"summary_large_image","twitter_creator":"@https:\/\/twitter.com\/RLeinewelle?ref_src=twsrcgoogletwcampserptwgrauthor","twitter_site":"@RLeinewelle","twitter_misc":{"Verfasst von":"Leinewelle","Gesch\u00e4tzte Lesezeit":"2\u00a0Minuten"},"schema":{"@context":"https:\/\/schema.org","@graph":[{"@type":"Article","@id":"https:\/\/radioleinewelle.de\/index.php\/2023\/02\/11\/kunsthaus-goettingen-zeigt-filmplakate-1953-74-zwischen-mainstream-und-avantgarde\/#article","isPartOf":{"@id":"https:\/\/radioleinewelle.de\/index.php\/2023\/02\/11\/kunsthaus-goettingen-zeigt-filmplakate-1953-74-zwischen-mainstream-und-avantgarde\/"},"author":{"name":"Leinewelle","@id":"https:\/\/radioleinewelle.de\/#\/schema\/person\/45606f348637df637192dc1b68399a63"},"headline":"Kunsthaus G\u00f6ttingen zeigt Filmplakate 1953-74 zwischen Mainstream und Avantgarde","datePublished":"2023-02-11T04:10:00+00:00","dateModified":"2023-02-11T08:01:04+00:00","mainEntityOfPage":{"@id":"https:\/\/radioleinewelle.de\/index.php\/2023\/02\/11\/kunsthaus-goettingen-zeigt-filmplakate-1953-74-zwischen-mainstream-und-avantgarde\/"},"wordCount":313,"publisher":{"@id":"https:\/\/radioleinewelle.de\/#organization"},"image":{"@id":"https:\/\/radioleinewelle.de\/index.php\/2023\/02\/11\/kunsthaus-goettingen-zeigt-filmplakate-1953-74-zwischen-mainstream-und-avantgarde\/#primaryimage"},"thumbnailUrl":"https:\/\/radioleinewelle.de\/wp-content\/uploads\/2023\/01\/Rene-Grohnert-e1674419713590-300x239-1.jpg","keywords":["Atlas Filmverleih","Filmplakate 1953-74","Karl-heinz Fehrecke","Kunsthaus G\u00f6ttingen","Neue Filmkunst Walter Kirchner"],"articleSection":["Ausstellungen"],"inLanguage":"de"},{"@type":"WebPage","@id":"https:\/\/radioleinewelle.de\/index.php\/2023\/02\/11\/kunsthaus-goettingen-zeigt-filmplakate-1953-74-zwischen-mainstream-und-avantgarde\/","url":"https:\/\/radioleinewelle.de\/index.php\/2023\/02\/11\/kunsthaus-goettingen-zeigt-filmplakate-1953-74-zwischen-mainstream-und-avantgarde\/","name":"Kunsthaus G\u00f6ttingen zeigt Filmplakate 1953-74 zwischen Mainstream und Avantgarde - Radio Leinewelle","isPartOf":{"@id":"https:\/\/radioleinewelle.de\/#website"},"primaryImageOfPage":{"@id":"https:\/\/radioleinewelle.de\/index.php\/2023\/02\/11\/kunsthaus-goettingen-zeigt-filmplakate-1953-74-zwischen-mainstream-und-avantgarde\/#primaryimage"},"image":{"@id":"https:\/\/radioleinewelle.de\/index.php\/2023\/02\/11\/kunsthaus-goettingen-zeigt-filmplakate-1953-74-zwischen-mainstream-und-avantgarde\/#primaryimage"},"thumbnailUrl":"https:\/\/radioleinewelle.de\/wp-content\/uploads\/2023\/01\/Rene-Grohnert-e1674419713590-300x239-1.jpg","datePublished":"2023-02-11T04:10:00+00:00","dateModified":"2023-02-11T08:01:04+00:00","breadcrumb":{"@id":"https:\/\/radioleinewelle.de\/index.php\/2023\/02\/11\/kunsthaus-goettingen-zeigt-filmplakate-1953-74-zwischen-mainstream-und-avantgarde\/#breadcrumb"},"inLanguage":"de","potentialAction":[{"@type":"ReadAction","target":["https:\/\/radioleinewelle.de\/index.php\/2023\/02\/11\/kunsthaus-goettingen-zeigt-filmplakate-1953-74-zwischen-mainstream-und-avantgarde\/"]}]},{"@type":"ImageObject","inLanguage":"de","@id":"https:\/\/radioleinewelle.de\/index.php\/2023\/02\/11\/kunsthaus-goettingen-zeigt-filmplakate-1953-74-zwischen-mainstream-und-avantgarde\/#primaryimage","url":"https:\/\/radioleinewelle.de\/wp-content\/uploads\/2023\/01\/Rene-Grohnert-e1674419713590-300x239-1.jpg","contentUrl":"https:\/\/radioleinewelle.de\/wp-content\/uploads\/2023\/01\/Rene-Grohnert-e1674419713590-300x239-1.jpg","width":300,"height":239},{"@type":"BreadcrumbList","@id":"https:\/\/radioleinewelle.de\/index.php\/2023\/02\/11\/kunsthaus-goettingen-zeigt-filmplakate-1953-74-zwischen-mainstream-und-avantgarde\/#breadcrumb","itemListElement":[{"@type":"ListItem","position":1,"name":"Startseite","item":"https:\/\/radioleinewelle.de\/"},{"@type":"ListItem","position":2,"name":"Kunsthaus G\u00f6ttingen zeigt Filmplakate 1953-74 zwischen Mainstream und Avantgarde"}]},{"@type":"WebSite","@id":"https:\/\/radioleinewelle.de\/#website","url":"https:\/\/radioleinewelle.de\/","name":"Radio Leinewelle","description":"","publisher":{"@id":"https:\/\/radioleinewelle.de\/#organization"},"potentialAction":[{"@type":"SearchAction","target":{"@type":"EntryPoint","urlTemplate":"https:\/\/radioleinewelle.de\/?s={search_term_string}"},"query-input":{"@type":"PropertyValueSpecification","valueRequired":true,"valueName":"search_term_string"}}],"inLanguage":"de"},{"@type":"Organization","@id":"https:\/\/radioleinewelle.de\/#organization","name":"Radio Leinewelle","alternateName":"Mein Radio f\u00fcr S\u00fcdniedersachsen","url":"https:\/\/radioleinewelle.de\/","logo":{"@type":"ImageObject","inLanguage":"de","@id":"https:\/\/radioleinewelle.de\/#\/schema\/logo\/image\/","url":"https:\/\/radioleinewelle.de\/wp-content\/uploads\/2023\/11\/cropped-Leinewelle_Logo_weiss.png","contentUrl":"https:\/\/radioleinewelle.de\/wp-content\/uploads\/2023\/11\/cropped-Leinewelle_Logo_weiss.png","width":854,"height":260,"caption":"Radio Leinewelle"},"image":{"@id":"https:\/\/radioleinewelle.de\/#\/schema\/logo\/image\/"},"sameAs":["https:\/\/www.facebook.com\/radioleinewelle","https:\/\/x.com\/RLeinewelle","https:\/\/www.instagram.com\/radioleinewelle\/?hl=de"]},{"@type":"Person","@id":"https:\/\/radioleinewelle.de\/#\/schema\/person\/45606f348637df637192dc1b68399a63","name":"Leinewelle","image":{"@type":"ImageObject","inLanguage":"de","@id":"https:\/\/secure.gravatar.com\/avatar\/05c9a17bc973052ee5d91549bd32fb4dd0dc85b7b85ae94b2e2b4943476bbea5?s=96&d=blank&r=g","url":"https:\/\/secure.gravatar.com\/avatar\/05c9a17bc973052ee5d91549bd32fb4dd0dc85b7b85ae94b2e2b4943476bbea5?s=96&d=blank&r=g","contentUrl":"https:\/\/secure.gravatar.com\/avatar\/05c9a17bc973052ee5d91549bd32fb4dd0dc85b7b85ae94b2e2b4943476bbea5?s=96&d=blank&r=g","caption":"Leinewelle"},"sameAs":["http:\/\/localhost\/radio%20leinewelle\/wordpress","https:\/\/www.facebook.com\/radioleinewelle","https:\/\/www.instagram.com\/radioleinewelle","https:\/\/x.com\/https:\/\/twitter.com\/RLeinewelle?ref_src=twsrcgoogletwcampserptwgrauthor","https:\/\/soundcloud.com\/foerderverein-lokalradio?utm_source=clipboard&utm_medium=text&utm_campaign=social_sharing"],"url":"https:\/\/radioleinewelle.de\/index.php\/author\/leinewelle\/"}]}},"_links":{"self":[{"href":"https:\/\/radioleinewelle.de\/index.php\/wp-json\/wp\/v2\/posts\/20896","targetHints":{"allow":["GET"]}}],"collection":[{"href":"https:\/\/radioleinewelle.de\/index.php\/wp-json\/wp\/v2\/posts"}],"about":[{"href":"https:\/\/radioleinewelle.de\/index.php\/wp-json\/wp\/v2\/types\/post"}],"author":[{"embeddable":true,"href":"https:\/\/radioleinewelle.de\/index.php\/wp-json\/wp\/v2\/users\/1"}],"replies":[{"embeddable":true,"href":"https:\/\/radioleinewelle.de\/index.php\/wp-json\/wp\/v2\/comments?post=20896"}],"version-history":[{"count":1,"href":"https:\/\/radioleinewelle.de\/index.php\/wp-json\/wp\/v2\/posts\/20896\/revisions"}],"predecessor-version":[{"id":20959,"href":"https:\/\/radioleinewelle.de\/index.php\/wp-json\/wp\/v2\/posts\/20896\/revisions\/20959"}],"wp:featuredmedia":[{"embeddable":true,"href":"https:\/\/radioleinewelle.de\/index.php\/wp-json\/wp\/v2\/media\/20958"}],"wp:attachment":[{"href":"https:\/\/radioleinewelle.de\/index.php\/wp-json\/wp\/v2\/media?parent=20896"}],"wp:term":[{"taxonomy":"category","embeddable":true,"href":"https:\/\/radioleinewelle.de\/index.php\/wp-json\/wp\/v2\/categories?post=20896"},{"taxonomy":"post_tag","embeddable":true,"href":"https:\/\/radioleinewelle.de\/index.php\/wp-json\/wp\/v2\/tags?post=20896"}],"curies":[{"name":"wp","href":"https:\/\/api.w.org\/{rel}","templated":true}]}}