{"id":20898,"date":"2023-01-24T06:11:51","date_gmt":"2023-01-24T05:11:51","guid":{"rendered":"https:\/\/radioleinewelle.de\/?p=17750"},"modified":"2023-03-14T06:35:49","modified_gmt":"2023-03-14T05:35:49","slug":"parteibuero-der-goettinger-gruenen-mit-parolen-besprueht-und-verbarrikadiert","status":"publish","type":"post","link":"https:\/\/radioleinewelle.de\/index.php\/2023\/01\/24\/parteibuero-der-goettinger-gruenen-mit-parolen-besprueht-und-verbarrikadiert\/","title":{"rendered":"Parteib\u00fcro der G\u00f6ttinger Gr\u00fcnen mit Parolen bespr\u00fcht und verbarrikadiert"},"content":{"rendered":"\n<p>Mutma\u00dfliche Klimaaktivisten haben am Montag  das Parteib\u00fcro der G\u00f6ttinger Gr\u00fcnen in der Wendenstra\u00dfe mit Bauz\u00e4unen verbarrikadiert. Im Zuge der Sachverhaltsaufnahme wurden au\u00dferdem mehrere auf den Fensterscheiben in gelber Farbe aufgebrachte Parolen (darunter u.a. &#8222;L\u00fctzi bleibt&#8220;) festgestellt. Die Farbschmierereien sollen nach Angaben einer Verantwortlichen bereits von Freitag (20.01.23) stammen. Die Polizei leitete Ermittlungen wegen des Verdachts der Sachbesch\u00e4digung und N\u00f6tigung ein. Das Staatschutzkommissariat hat die weitere Bearbeitung \u00fcbernommen.<\/p>\n\n\n\n<p>Ein Passant meldete am Morgen gegen 07.15 Uhr \u00fcber den Polizeinotruf, dass etwa zehn Personen die Zaunelemente von der Baustellenabsicherung eines Supermarktes an der Einm\u00fcndung Kurze-Geismar-Stra\u00dfe\/Lange-Geismar-Stra\u00dfe entfernen und wegtragen w\u00fcrden. Wenige Minuten sp\u00e4ter stellten Polizeibeamte mehrere dunkel gekleidete Personen fest, die die besagten Z\u00e4une vor dem Haupteingang und der Schaufensterfront des Parteib\u00fcros aufstellten. Als die Unbekannten die Beamten bemerkten, ergriffen sie die Flucht.<\/p>\n\n\n\n<p>Im Rahmen der Fahndung konnten weitere Funkstreifen acht Personen noch im Nahbereich antreffen. Die Beamten stellten die Personalien fest und sprachen Platzverweise aus. Die weiteren Ermittlungen hinsichtlich einer Tatbeteiligung dauern an.<\/p>\n\n\n\n<p>Vor dem Parteib\u00fcro versammelten sich zwischenzeitlich ca. 20 Demonstrierende mit themenbezogenen Transparenten. Zu Zwischenf\u00e4llen kam es nicht. Gegen 09.00 Uhr l\u00f6ste sich die Kundgebung in Kleingruppen auf.<\/p>\n\n\n\n<p>Die missbr\u00e4uchlich verwendeten Bauz\u00e4une wurden von der Polizei demontiert und an den vor Ort erschienenen Eigent\u00fcmer \u00fcbergeben.<\/p>\n","protected":false},"excerpt":{"rendered":"<p>Mutma\u00dfliche Klimaaktivisten haben am Montag das Parteib\u00fcro der G\u00f6ttinger Gr\u00fcnen in der Wendenstra\u00dfe mit Bauz\u00e4unen verbarrikadiert. Im Zuge der Sachverhaltsaufnahme wurden au\u00dferdem mehrere auf den Fensterscheiben in gelber Farbe aufgebrachte Parolen (darunter u.a. &#8222;L\u00fctzi bleibt&#8220;) festgestellt. Die Farbschmierereien sollen nach Angaben einer Verantwortlichen bereits von Freitag (20.01.23) stammen. Die Polizei leitete Ermittlungen wegen des Verdachts [&hellip;]<\/p>\n","protected":false},"author":1,"featured_media":4050,"comment_status":"closed","ping_status":"closed","sticky":false,"template":"","format":"standard","meta":{"saved_in_kubio":false,"footnotes":""},"categories":[24],"tags":[3818,1135],"class_list":["post-20898","post","type-post","status-publish","format-standard","has-post-thumbnail","hentry","category-news","tag-angriff-auf-parteibuero","tag-goettinger-gruene"],"yoast_head":"<!-- This site is optimized with the Yoast SEO plugin v27.5 - https:\/\/yoast.com\/product\/yoast-seo-wordpress\/ -->\n<title>Parteib\u00fcro der G\u00f6ttinger Gr\u00fcnen mit Parolen bespr\u00fcht und verbarrikadiert - Radio Leinewelle<\/title>\n<meta name=\"robots\" content=\"index, follow, max-snippet:-1, max-image-preview:large, max-video-preview:-1\" \/>\n<link rel=\"canonical\" href=\"https:\/\/radioleinewelle.de\/index.php\/2023\/01\/24\/parteibuero-der-goettinger-gruenen-mit-parolen-besprueht-und-verbarrikadiert\/\" \/>\n<meta property=\"og:locale\" content=\"de_DE\" \/>\n<meta property=\"og:type\" content=\"article\" \/>\n<meta property=\"og:title\" content=\"Parteib\u00fcro der G\u00f6ttinger Gr\u00fcnen mit Parolen bespr\u00fcht und verbarrikadiert - Radio Leinewelle\" \/>\n<meta property=\"og:description\" content=\"Mutma\u00dfliche Klimaaktivisten haben am Montag das Parteib\u00fcro der G\u00f6ttinger Gr\u00fcnen in der Wendenstra\u00dfe mit Bauz\u00e4unen verbarrikadiert. Im Zuge der Sachverhaltsaufnahme wurden au\u00dferdem mehrere auf den Fensterscheiben in gelber Farbe aufgebrachte Parolen (darunter u.a. &#8222;L\u00fctzi bleibt&#8220;) festgestellt. Die Farbschmierereien sollen nach Angaben einer Verantwortlichen bereits von Freitag (20.01.23) stammen. Die Polizei leitete Ermittlungen wegen des Verdachts [&hellip;]\" \/>\n<meta property=\"og:url\" content=\"https:\/\/radioleinewelle.de\/index.php\/2023\/01\/24\/parteibuero-der-goettinger-gruenen-mit-parolen-besprueht-und-verbarrikadiert\/\" \/>\n<meta property=\"og:site_name\" content=\"Radio Leinewelle\" \/>\n<meta property=\"article:publisher\" content=\"https:\/\/www.facebook.com\/radioleinewelle\" \/>\n<meta property=\"article:author\" content=\"https:\/\/www.facebook.com\/radioleinewelle\" \/>\n<meta property=\"article:published_time\" content=\"2023-01-24T05:11:51+00:00\" \/>\n<meta property=\"article:modified_time\" content=\"2023-03-14T05:35:49+00:00\" \/>\n<meta property=\"og:image\" content=\"https:\/\/radioleinewelle.de\/wp-content\/uploads\/2021\/01\/csm_Gruenes_Zentrum-2016-_90_4e36713332.jpg\" \/>\n\t<meta property=\"og:image:width\" content=\"800\" \/>\n\t<meta property=\"og:image:height\" content=\"534\" \/>\n\t<meta property=\"og:image:type\" content=\"image\/jpeg\" \/>\n<meta name=\"author\" content=\"Leinewelle\" \/>\n<meta name=\"twitter:card\" content=\"summary_large_image\" \/>\n<meta name=\"twitter:creator\" content=\"@https:\/\/twitter.com\/RLeinewelle?ref_src=twsrcgoogletwcampserptwgrauthor\" \/>\n<meta name=\"twitter:site\" content=\"@RLeinewelle\" \/>\n<meta name=\"twitter:label1\" content=\"Verfasst von\" \/>\n\t<meta name=\"twitter:data1\" content=\"Leinewelle\" \/>\n<script type=\"application\/ld+json\" class=\"yoast-schema-graph\">{\"@context\":\"https:\\\/\\\/schema.org\",\"@graph\":[{\"@type\":\"Article\",\"@id\":\"https:\\\/\\\/radioleinewelle.de\\\/index.php\\\/2023\\\/01\\\/24\\\/parteibuero-der-goettinger-gruenen-mit-parolen-besprueht-und-verbarrikadiert\\\/#article\",\"isPartOf\":{\"@id\":\"https:\\\/\\\/radioleinewelle.de\\\/index.php\\\/2023\\\/01\\\/24\\\/parteibuero-der-goettinger-gruenen-mit-parolen-besprueht-und-verbarrikadiert\\\/\"},\"author\":{\"name\":\"Leinewelle\",\"@id\":\"https:\\\/\\\/radioleinewelle.de\\\/#\\\/schema\\\/person\\\/45606f348637df637192dc1b68399a63\"},\"headline\":\"Parteib\u00fcro der G\u00f6ttinger Gr\u00fcnen mit Parolen bespr\u00fcht und verbarrikadiert\",\"datePublished\":\"2023-01-24T05:11:51+00:00\",\"dateModified\":\"2023-03-14T05:35:49+00:00\",\"mainEntityOfPage\":{\"@id\":\"https:\\\/\\\/radioleinewelle.de\\\/index.php\\\/2023\\\/01\\\/24\\\/parteibuero-der-goettinger-gruenen-mit-parolen-besprueht-und-verbarrikadiert\\\/\"},\"wordCount\":239,\"publisher\":{\"@id\":\"https:\\\/\\\/radioleinewelle.de\\\/#organization\"},\"image\":{\"@id\":\"https:\\\/\\\/radioleinewelle.de\\\/index.php\\\/2023\\\/01\\\/24\\\/parteibuero-der-goettinger-gruenen-mit-parolen-besprueht-und-verbarrikadiert\\\/#primaryimage\"},\"thumbnailUrl\":\"https:\\\/\\\/radioleinewelle.de\\\/wp-content\\\/uploads\\\/2021\\\/01\\\/csm_Gruenes_Zentrum-2016-_90_4e36713332.jpg\",\"keywords\":[\"Angriff auf PARTEIB\u00dcRO\",\"G\u00f6ttinger Gr\u00fcne\"],\"articleSection\":[\"Aktuelle Nachrichten\"],\"inLanguage\":\"de\"},{\"@type\":\"WebPage\",\"@id\":\"https:\\\/\\\/radioleinewelle.de\\\/index.php\\\/2023\\\/01\\\/24\\\/parteibuero-der-goettinger-gruenen-mit-parolen-besprueht-und-verbarrikadiert\\\/\",\"url\":\"https:\\\/\\\/radioleinewelle.de\\\/index.php\\\/2023\\\/01\\\/24\\\/parteibuero-der-goettinger-gruenen-mit-parolen-besprueht-und-verbarrikadiert\\\/\",\"name\":\"Parteib\u00fcro der G\u00f6ttinger Gr\u00fcnen mit Parolen bespr\u00fcht und verbarrikadiert - Radio Leinewelle\",\"isPartOf\":{\"@id\":\"https:\\\/\\\/radioleinewelle.de\\\/#website\"},\"primaryImageOfPage\":{\"@id\":\"https:\\\/\\\/radioleinewelle.de\\\/index.php\\\/2023\\\/01\\\/24\\\/parteibuero-der-goettinger-gruenen-mit-parolen-besprueht-und-verbarrikadiert\\\/#primaryimage\"},\"image\":{\"@id\":\"https:\\\/\\\/radioleinewelle.de\\\/index.php\\\/2023\\\/01\\\/24\\\/parteibuero-der-goettinger-gruenen-mit-parolen-besprueht-und-verbarrikadiert\\\/#primaryimage\"},\"thumbnailUrl\":\"https:\\\/\\\/radioleinewelle.de\\\/wp-content\\\/uploads\\\/2021\\\/01\\\/csm_Gruenes_Zentrum-2016-_90_4e36713332.jpg\",\"datePublished\":\"2023-01-24T05:11:51+00:00\",\"dateModified\":\"2023-03-14T05:35:49+00:00\",\"breadcrumb\":{\"@id\":\"https:\\\/\\\/radioleinewelle.de\\\/index.php\\\/2023\\\/01\\\/24\\\/parteibuero-der-goettinger-gruenen-mit-parolen-besprueht-und-verbarrikadiert\\\/#breadcrumb\"},\"inLanguage\":\"de\",\"potentialAction\":[{\"@type\":\"ReadAction\",\"target\":[\"https:\\\/\\\/radioleinewelle.de\\\/index.php\\\/2023\\\/01\\\/24\\\/parteibuero-der-goettinger-gruenen-mit-parolen-besprueht-und-verbarrikadiert\\\/\"]}]},{\"@type\":\"ImageObject\",\"inLanguage\":\"de\",\"@id\":\"https:\\\/\\\/radioleinewelle.de\\\/index.php\\\/2023\\\/01\\\/24\\\/parteibuero-der-goettinger-gruenen-mit-parolen-besprueht-und-verbarrikadiert\\\/#primaryimage\",\"url\":\"https:\\\/\\\/radioleinewelle.de\\\/wp-content\\\/uploads\\\/2021\\\/01\\\/csm_Gruenes_Zentrum-2016-_90_4e36713332.jpg\",\"contentUrl\":\"https:\\\/\\\/radioleinewelle.de\\\/wp-content\\\/uploads\\\/2021\\\/01\\\/csm_Gruenes_Zentrum-2016-_90_4e36713332.jpg\",\"width\":800,\"height\":534},{\"@type\":\"BreadcrumbList\",\"@id\":\"https:\\\/\\\/radioleinewelle.de\\\/index.php\\\/2023\\\/01\\\/24\\\/parteibuero-der-goettinger-gruenen-mit-parolen-besprueht-und-verbarrikadiert\\\/#breadcrumb\",\"itemListElement\":[{\"@type\":\"ListItem\",\"position\":1,\"name\":\"Startseite\",\"item\":\"https:\\\/\\\/radioleinewelle.de\\\/\"},{\"@type\":\"ListItem\",\"position\":2,\"name\":\"Parteib\u00fcro der G\u00f6ttinger Gr\u00fcnen mit Parolen bespr\u00fcht und verbarrikadiert\"}]},{\"@type\":\"WebSite\",\"@id\":\"https:\\\/\\\/radioleinewelle.de\\\/#website\",\"url\":\"https:\\\/\\\/radioleinewelle.de\\\/\",\"name\":\"Radio Leinewelle\",\"description\":\"\",\"publisher\":{\"@id\":\"https:\\\/\\\/radioleinewelle.de\\\/#organization\"},\"potentialAction\":[{\"@type\":\"SearchAction\",\"target\":{\"@type\":\"EntryPoint\",\"urlTemplate\":\"https:\\\/\\\/radioleinewelle.de\\\/?s={search_term_string}\"},\"query-input\":{\"@type\":\"PropertyValueSpecification\",\"valueRequired\":true,\"valueName\":\"search_term_string\"}}],\"inLanguage\":\"de\"},{\"@type\":\"Organization\",\"@id\":\"https:\\\/\\\/radioleinewelle.de\\\/#organization\",\"name\":\"Radio Leinewelle\",\"alternateName\":\"Mein Radio f\u00fcr S\u00fcdniedersachsen\",\"url\":\"https:\\\/\\\/radioleinewelle.de\\\/\",\"logo\":{\"@type\":\"ImageObject\",\"inLanguage\":\"de\",\"@id\":\"https:\\\/\\\/radioleinewelle.de\\\/#\\\/schema\\\/logo\\\/image\\\/\",\"url\":\"https:\\\/\\\/radioleinewelle.de\\\/wp-content\\\/uploads\\\/2023\\\/11\\\/cropped-Leinewelle_Logo_weiss.png\",\"contentUrl\":\"https:\\\/\\\/radioleinewelle.de\\\/wp-content\\\/uploads\\\/2023\\\/11\\\/cropped-Leinewelle_Logo_weiss.png\",\"width\":854,\"height\":260,\"caption\":\"Radio Leinewelle\"},\"image\":{\"@id\":\"https:\\\/\\\/radioleinewelle.de\\\/#\\\/schema\\\/logo\\\/image\\\/\"},\"sameAs\":[\"https:\\\/\\\/www.facebook.com\\\/radioleinewelle\",\"https:\\\/\\\/x.com\\\/RLeinewelle\",\"https:\\\/\\\/www.instagram.com\\\/radioleinewelle\\\/?hl=de\"]},{\"@type\":\"Person\",\"@id\":\"https:\\\/\\\/radioleinewelle.de\\\/#\\\/schema\\\/person\\\/45606f348637df637192dc1b68399a63\",\"name\":\"Leinewelle\",\"image\":{\"@type\":\"ImageObject\",\"inLanguage\":\"de\",\"@id\":\"https:\\\/\\\/secure.gravatar.com\\\/avatar\\\/05c9a17bc973052ee5d91549bd32fb4dd0dc85b7b85ae94b2e2b4943476bbea5?s=96&d=blank&r=g\",\"url\":\"https:\\\/\\\/secure.gravatar.com\\\/avatar\\\/05c9a17bc973052ee5d91549bd32fb4dd0dc85b7b85ae94b2e2b4943476bbea5?s=96&d=blank&r=g\",\"contentUrl\":\"https:\\\/\\\/secure.gravatar.com\\\/avatar\\\/05c9a17bc973052ee5d91549bd32fb4dd0dc85b7b85ae94b2e2b4943476bbea5?s=96&d=blank&r=g\",\"caption\":\"Leinewelle\"},\"sameAs\":[\"http:\\\/\\\/localhost\\\/radio%20leinewelle\\\/wordpress\",\"https:\\\/\\\/www.facebook.com\\\/radioleinewelle\",\"https:\\\/\\\/www.instagram.com\\\/radioleinewelle\",\"https:\\\/\\\/x.com\\\/https:\\\/\\\/twitter.com\\\/RLeinewelle?ref_src=twsrcgoogletwcampserptwgrauthor\",\"https:\\\/\\\/soundcloud.com\\\/foerderverein-lokalradio?utm_source=clipboard&utm_medium=text&utm_campaign=social_sharing\"],\"url\":\"https:\\\/\\\/radioleinewelle.de\\\/index.php\\\/author\\\/leinewelle\\\/\"}]}<\/script>\n<!-- \/ Yoast SEO plugin. -->","yoast_head_json":{"title":"Parteib\u00fcro der G\u00f6ttinger Gr\u00fcnen mit Parolen bespr\u00fcht und verbarrikadiert - Radio Leinewelle","robots":{"index":"index","follow":"follow","max-snippet":"max-snippet:-1","max-image-preview":"max-image-preview:large","max-video-preview":"max-video-preview:-1"},"canonical":"https:\/\/radioleinewelle.de\/index.php\/2023\/01\/24\/parteibuero-der-goettinger-gruenen-mit-parolen-besprueht-und-verbarrikadiert\/","og_locale":"de_DE","og_type":"article","og_title":"Parteib\u00fcro der G\u00f6ttinger Gr\u00fcnen mit Parolen bespr\u00fcht und verbarrikadiert - Radio Leinewelle","og_description":"Mutma\u00dfliche Klimaaktivisten haben am Montag das Parteib\u00fcro der G\u00f6ttinger Gr\u00fcnen in der Wendenstra\u00dfe mit Bauz\u00e4unen verbarrikadiert. Im Zuge der Sachverhaltsaufnahme wurden au\u00dferdem mehrere auf den Fensterscheiben in gelber Farbe aufgebrachte Parolen (darunter u.a. &#8222;L\u00fctzi bleibt&#8220;) festgestellt. Die Farbschmierereien sollen nach Angaben einer Verantwortlichen bereits von Freitag (20.01.23) stammen. Die Polizei leitete Ermittlungen wegen des Verdachts [&hellip;]","og_url":"https:\/\/radioleinewelle.de\/index.php\/2023\/01\/24\/parteibuero-der-goettinger-gruenen-mit-parolen-besprueht-und-verbarrikadiert\/","og_site_name":"Radio Leinewelle","article_publisher":"https:\/\/www.facebook.com\/radioleinewelle","article_author":"https:\/\/www.facebook.com\/radioleinewelle","article_published_time":"2023-01-24T05:11:51+00:00","article_modified_time":"2023-03-14T05:35:49+00:00","og_image":[{"width":800,"height":534,"url":"https:\/\/radioleinewelle.de\/wp-content\/uploads\/2021\/01\/csm_Gruenes_Zentrum-2016-_90_4e36713332.jpg","type":"image\/jpeg"}],"author":"Leinewelle","twitter_card":"summary_large_image","twitter_creator":"@https:\/\/twitter.com\/RLeinewelle?ref_src=twsrcgoogletwcampserptwgrauthor","twitter_site":"@RLeinewelle","twitter_misc":{"Verfasst von":"Leinewelle"},"schema":{"@context":"https:\/\/schema.org","@graph":[{"@type":"Article","@id":"https:\/\/radioleinewelle.de\/index.php\/2023\/01\/24\/parteibuero-der-goettinger-gruenen-mit-parolen-besprueht-und-verbarrikadiert\/#article","isPartOf":{"@id":"https:\/\/radioleinewelle.de\/index.php\/2023\/01\/24\/parteibuero-der-goettinger-gruenen-mit-parolen-besprueht-und-verbarrikadiert\/"},"author":{"name":"Leinewelle","@id":"https:\/\/radioleinewelle.de\/#\/schema\/person\/45606f348637df637192dc1b68399a63"},"headline":"Parteib\u00fcro der G\u00f6ttinger Gr\u00fcnen mit Parolen bespr\u00fcht und verbarrikadiert","datePublished":"2023-01-24T05:11:51+00:00","dateModified":"2023-03-14T05:35:49+00:00","mainEntityOfPage":{"@id":"https:\/\/radioleinewelle.de\/index.php\/2023\/01\/24\/parteibuero-der-goettinger-gruenen-mit-parolen-besprueht-und-verbarrikadiert\/"},"wordCount":239,"publisher":{"@id":"https:\/\/radioleinewelle.de\/#organization"},"image":{"@id":"https:\/\/radioleinewelle.de\/index.php\/2023\/01\/24\/parteibuero-der-goettinger-gruenen-mit-parolen-besprueht-und-verbarrikadiert\/#primaryimage"},"thumbnailUrl":"https:\/\/radioleinewelle.de\/wp-content\/uploads\/2021\/01\/csm_Gruenes_Zentrum-2016-_90_4e36713332.jpg","keywords":["Angriff auf PARTEIB\u00dcRO","G\u00f6ttinger Gr\u00fcne"],"articleSection":["Aktuelle Nachrichten"],"inLanguage":"de"},{"@type":"WebPage","@id":"https:\/\/radioleinewelle.de\/index.php\/2023\/01\/24\/parteibuero-der-goettinger-gruenen-mit-parolen-besprueht-und-verbarrikadiert\/","url":"https:\/\/radioleinewelle.de\/index.php\/2023\/01\/24\/parteibuero-der-goettinger-gruenen-mit-parolen-besprueht-und-verbarrikadiert\/","name":"Parteib\u00fcro der G\u00f6ttinger Gr\u00fcnen mit Parolen bespr\u00fcht und verbarrikadiert - Radio Leinewelle","isPartOf":{"@id":"https:\/\/radioleinewelle.de\/#website"},"primaryImageOfPage":{"@id":"https:\/\/radioleinewelle.de\/index.php\/2023\/01\/24\/parteibuero-der-goettinger-gruenen-mit-parolen-besprueht-und-verbarrikadiert\/#primaryimage"},"image":{"@id":"https:\/\/radioleinewelle.de\/index.php\/2023\/01\/24\/parteibuero-der-goettinger-gruenen-mit-parolen-besprueht-und-verbarrikadiert\/#primaryimage"},"thumbnailUrl":"https:\/\/radioleinewelle.de\/wp-content\/uploads\/2021\/01\/csm_Gruenes_Zentrum-2016-_90_4e36713332.jpg","datePublished":"2023-01-24T05:11:51+00:00","dateModified":"2023-03-14T05:35:49+00:00","breadcrumb":{"@id":"https:\/\/radioleinewelle.de\/index.php\/2023\/01\/24\/parteibuero-der-goettinger-gruenen-mit-parolen-besprueht-und-verbarrikadiert\/#breadcrumb"},"inLanguage":"de","potentialAction":[{"@type":"ReadAction","target":["https:\/\/radioleinewelle.de\/index.php\/2023\/01\/24\/parteibuero-der-goettinger-gruenen-mit-parolen-besprueht-und-verbarrikadiert\/"]}]},{"@type":"ImageObject","inLanguage":"de","@id":"https:\/\/radioleinewelle.de\/index.php\/2023\/01\/24\/parteibuero-der-goettinger-gruenen-mit-parolen-besprueht-und-verbarrikadiert\/#primaryimage","url":"https:\/\/radioleinewelle.de\/wp-content\/uploads\/2021\/01\/csm_Gruenes_Zentrum-2016-_90_4e36713332.jpg","contentUrl":"https:\/\/radioleinewelle.de\/wp-content\/uploads\/2021\/01\/csm_Gruenes_Zentrum-2016-_90_4e36713332.jpg","width":800,"height":534},{"@type":"BreadcrumbList","@id":"https:\/\/radioleinewelle.de\/index.php\/2023\/01\/24\/parteibuero-der-goettinger-gruenen-mit-parolen-besprueht-und-verbarrikadiert\/#breadcrumb","itemListElement":[{"@type":"ListItem","position":1,"name":"Startseite","item":"https:\/\/radioleinewelle.de\/"},{"@type":"ListItem","position":2,"name":"Parteib\u00fcro der G\u00f6ttinger Gr\u00fcnen mit Parolen bespr\u00fcht und verbarrikadiert"}]},{"@type":"WebSite","@id":"https:\/\/radioleinewelle.de\/#website","url":"https:\/\/radioleinewelle.de\/","name":"Radio Leinewelle","description":"","publisher":{"@id":"https:\/\/radioleinewelle.de\/#organization"},"potentialAction":[{"@type":"SearchAction","target":{"@type":"EntryPoint","urlTemplate":"https:\/\/radioleinewelle.de\/?s={search_term_string}"},"query-input":{"@type":"PropertyValueSpecification","valueRequired":true,"valueName":"search_term_string"}}],"inLanguage":"de"},{"@type":"Organization","@id":"https:\/\/radioleinewelle.de\/#organization","name":"Radio Leinewelle","alternateName":"Mein Radio f\u00fcr S\u00fcdniedersachsen","url":"https:\/\/radioleinewelle.de\/","logo":{"@type":"ImageObject","inLanguage":"de","@id":"https:\/\/radioleinewelle.de\/#\/schema\/logo\/image\/","url":"https:\/\/radioleinewelle.de\/wp-content\/uploads\/2023\/11\/cropped-Leinewelle_Logo_weiss.png","contentUrl":"https:\/\/radioleinewelle.de\/wp-content\/uploads\/2023\/11\/cropped-Leinewelle_Logo_weiss.png","width":854,"height":260,"caption":"Radio Leinewelle"},"image":{"@id":"https:\/\/radioleinewelle.de\/#\/schema\/logo\/image\/"},"sameAs":["https:\/\/www.facebook.com\/radioleinewelle","https:\/\/x.com\/RLeinewelle","https:\/\/www.instagram.com\/radioleinewelle\/?hl=de"]},{"@type":"Person","@id":"https:\/\/radioleinewelle.de\/#\/schema\/person\/45606f348637df637192dc1b68399a63","name":"Leinewelle","image":{"@type":"ImageObject","inLanguage":"de","@id":"https:\/\/secure.gravatar.com\/avatar\/05c9a17bc973052ee5d91549bd32fb4dd0dc85b7b85ae94b2e2b4943476bbea5?s=96&d=blank&r=g","url":"https:\/\/secure.gravatar.com\/avatar\/05c9a17bc973052ee5d91549bd32fb4dd0dc85b7b85ae94b2e2b4943476bbea5?s=96&d=blank&r=g","contentUrl":"https:\/\/secure.gravatar.com\/avatar\/05c9a17bc973052ee5d91549bd32fb4dd0dc85b7b85ae94b2e2b4943476bbea5?s=96&d=blank&r=g","caption":"Leinewelle"},"sameAs":["http:\/\/localhost\/radio%20leinewelle\/wordpress","https:\/\/www.facebook.com\/radioleinewelle","https:\/\/www.instagram.com\/radioleinewelle","https:\/\/x.com\/https:\/\/twitter.com\/RLeinewelle?ref_src=twsrcgoogletwcampserptwgrauthor","https:\/\/soundcloud.com\/foerderverein-lokalradio?utm_source=clipboard&utm_medium=text&utm_campaign=social_sharing"],"url":"https:\/\/radioleinewelle.de\/index.php\/author\/leinewelle\/"}]}},"_links":{"self":[{"href":"https:\/\/radioleinewelle.de\/index.php\/wp-json\/wp\/v2\/posts\/20898","targetHints":{"allow":["GET"]}}],"collection":[{"href":"https:\/\/radioleinewelle.de\/index.php\/wp-json\/wp\/v2\/posts"}],"about":[{"href":"https:\/\/radioleinewelle.de\/index.php\/wp-json\/wp\/v2\/types\/post"}],"author":[{"embeddable":true,"href":"https:\/\/radioleinewelle.de\/index.php\/wp-json\/wp\/v2\/users\/1"}],"replies":[{"embeddable":true,"href":"https:\/\/radioleinewelle.de\/index.php\/wp-json\/wp\/v2\/comments?post=20898"}],"version-history":[{"count":1,"href":"https:\/\/radioleinewelle.de\/index.php\/wp-json\/wp\/v2\/posts\/20898\/revisions"}],"predecessor-version":[{"id":22153,"href":"https:\/\/radioleinewelle.de\/index.php\/wp-json\/wp\/v2\/posts\/20898\/revisions\/22153"}],"wp:featuredmedia":[{"embeddable":true,"href":"https:\/\/radioleinewelle.de\/index.php\/wp-json\/wp\/v2\/media\/4050"}],"wp:attachment":[{"href":"https:\/\/radioleinewelle.de\/index.php\/wp-json\/wp\/v2\/media?parent=20898"}],"wp:term":[{"taxonomy":"category","embeddable":true,"href":"https:\/\/radioleinewelle.de\/index.php\/wp-json\/wp\/v2\/categories?post=20898"},{"taxonomy":"post_tag","embeddable":true,"href":"https:\/\/radioleinewelle.de\/index.php\/wp-json\/wp\/v2\/tags?post=20898"}],"curies":[{"name":"wp","href":"https:\/\/api.w.org\/{rel}","templated":true}]}}