{"id":20899,"date":"2023-01-24T07:07:08","date_gmt":"2023-01-24T06:07:08","guid":{"rendered":"https:\/\/radioleinewelle.de\/?p=17754"},"modified":"2023-01-24T07:07:08","modified_gmt":"2023-01-24T06:07:08","slug":"ab-mittwoch-dreitaegiger-streik-der-beschaeftigten-der-klinikservice-gmbh-an-der-umg","status":"publish","type":"post","link":"https:\/\/radioleinewelle.de\/index.php\/2023\/01\/24\/ab-mittwoch-dreitaegiger-streik-der-beschaeftigten-der-klinikservice-gmbh-an-der-umg\/","title":{"rendered":"Ab Mittwoch dreit\u00e4giger Streik der Besch\u00e4ftigten der Klinikservice GmbH an der UMG"},"content":{"rendered":"\n<p>Nach dem Scheitern der Verhandlungen zwischen ver.di und der Klinikservice GmbH in der vergangenen Woche steht der UMG ein dreit\u00e4giger Streik der Besch\u00e4ftigten des Klinikservice bevor. Dieser umfasst die Bereiche der W\u00e4scherei, der Reinigung, der Logistik, sowie den Krankentransport. Ver.di lehnte ein verbessertes Angebot der Klinikservice GmbH (KSG) als unzureichend ab. Auch bei den Verhandlungen \u00fcber eine Notdienstvereinbarung konnten sich beide Seiten nicht einigen. F\u00fcr die KSG m\u00fcsse auch unter Streikbedingungen eine gesicherte Grundhygiene gew\u00e4hrleistet sein. Ver.di verweist in diesem Zusammenhang auf die schon im Normalzustand hohe Belastung durch Personalmangel, Unterbesetzung und hohe Fluktuation in den Bereichen. <\/p>\n\n\n\n<p>Marcus B\u00fchre, der Gesch\u00e4ftsf\u00fchrer der KSG merkt zum letzten Vorschlag der Arbeitgeber an, dass das Angebot deutlich \u00fcber dem bundesweit g\u00fcltigen Tarif f\u00fcr das Geb\u00e4ude-Reiniger Handwerk liegt. Dies w\u00e4re eine zus\u00e4tzliche Grundlage, der Bev\u00f6lkerung die Zumutung eines Streiks zu ersparen. Nach Angaben von B\u00fchre erreicht dieses Angebot f\u00fcr die Mitarbeitenden ein Plus von 20 Prozent mehr Nettolohn \u00fcber drei Jahre. Ver.di kritisiert in diesem Zusammenhang die Berechnung von angebotenen Einmalzahlungen in die prozentuellen Entgelterh\u00f6hungen.<\/p>\n\n\n\n<p>Streikbeginn ist Mittwochmorgen ab 08:00 Uhr am Haupteingang der UMG<\/p>\n\n\n\n<p><\/p>\n","protected":false},"excerpt":{"rendered":"<p>Nach dem Scheitern der Verhandlungen zwischen ver.di und der Klinikservice GmbH in der vergangenen Woche steht der UMG ein dreit\u00e4giger Streik der Besch\u00e4ftigten des Klinikservice bevor. Dieser umfasst die Bereiche der W\u00e4scherei, der Reinigung, der Logistik, sowie den Krankentransport. Ver.di lehnte ein verbessertes Angebot der Klinikservice GmbH (KSG) als unzureichend ab. Auch bei den Verhandlungen [&hellip;]<\/p>\n","protected":false},"author":1,"featured_media":16929,"comment_status":"closed","ping_status":"closed","sticky":false,"template":"","format":"standard","meta":{"saved_in_kubio":false,"footnotes":""},"categories":[24],"tags":[3672,3794,3819,98,682],"class_list":["post-20899","post","type-post","status-publish","format-standard","has-post-thumbnail","hentry","category-news","tag-klinikservice-gmbh","tag-ksg","tag-streik-umg","tag-umg","tag-ver-di"],"yoast_head":"<!-- This site is optimized with the Yoast SEO plugin v27.5 - https:\/\/yoast.com\/product\/yoast-seo-wordpress\/ -->\n<title>Ab Mittwoch dreit\u00e4giger Streik der Besch\u00e4ftigten der Klinikservice GmbH an der UMG - Radio Leinewelle<\/title>\n<meta name=\"robots\" content=\"index, follow, max-snippet:-1, max-image-preview:large, max-video-preview:-1\" \/>\n<link rel=\"canonical\" href=\"https:\/\/radioleinewelle.de\/index.php\/2023\/01\/24\/ab-mittwoch-dreitaegiger-streik-der-beschaeftigten-der-klinikservice-gmbh-an-der-umg\/\" \/>\n<meta property=\"og:locale\" content=\"de_DE\" \/>\n<meta property=\"og:type\" content=\"article\" \/>\n<meta property=\"og:title\" content=\"Ab Mittwoch dreit\u00e4giger Streik der Besch\u00e4ftigten der Klinikservice GmbH an der UMG - Radio Leinewelle\" \/>\n<meta property=\"og:description\" content=\"Nach dem Scheitern der Verhandlungen zwischen ver.di und der Klinikservice GmbH in der vergangenen Woche steht der UMG ein dreit\u00e4giger Streik der Besch\u00e4ftigten des Klinikservice bevor. Dieser umfasst die Bereiche der W\u00e4scherei, der Reinigung, der Logistik, sowie den Krankentransport. Ver.di lehnte ein verbessertes Angebot der Klinikservice GmbH (KSG) als unzureichend ab. Auch bei den Verhandlungen [&hellip;]\" \/>\n<meta property=\"og:url\" content=\"https:\/\/radioleinewelle.de\/index.php\/2023\/01\/24\/ab-mittwoch-dreitaegiger-streik-der-beschaeftigten-der-klinikservice-gmbh-an-der-umg\/\" \/>\n<meta property=\"og:site_name\" content=\"Radio Leinewelle\" \/>\n<meta property=\"article:publisher\" content=\"https:\/\/www.facebook.com\/radioleinewelle\" \/>\n<meta property=\"article:author\" content=\"https:\/\/www.facebook.com\/radioleinewelle\" \/>\n<meta property=\"article:published_time\" content=\"2023-01-24T06:07:08+00:00\" \/>\n<meta property=\"og:image\" content=\"https:\/\/radioleinewelle.de\/wp-content\/uploads\/2022\/11\/Warnstreik-Klinkservice-GmbH-UMG-Goettingen-6-scaled-1.jpg\" \/>\n\t<meta property=\"og:image:width\" content=\"2560\" \/>\n\t<meta property=\"og:image:height\" content=\"1440\" \/>\n\t<meta property=\"og:image:type\" content=\"image\/jpeg\" \/>\n<meta name=\"author\" content=\"Leinewelle\" \/>\n<meta name=\"twitter:card\" content=\"summary_large_image\" \/>\n<meta name=\"twitter:creator\" content=\"@https:\/\/twitter.com\/RLeinewelle?ref_src=twsrcgoogletwcampserptwgrauthor\" \/>\n<meta name=\"twitter:site\" content=\"@RLeinewelle\" \/>\n<meta name=\"twitter:label1\" content=\"Verfasst von\" \/>\n\t<meta name=\"twitter:data1\" content=\"Leinewelle\" \/>\n<script type=\"application\/ld+json\" class=\"yoast-schema-graph\">{\"@context\":\"https:\\\/\\\/schema.org\",\"@graph\":[{\"@type\":\"Article\",\"@id\":\"https:\\\/\\\/radioleinewelle.de\\\/index.php\\\/2023\\\/01\\\/24\\\/ab-mittwoch-dreitaegiger-streik-der-beschaeftigten-der-klinikservice-gmbh-an-der-umg\\\/#article\",\"isPartOf\":{\"@id\":\"https:\\\/\\\/radioleinewelle.de\\\/index.php\\\/2023\\\/01\\\/24\\\/ab-mittwoch-dreitaegiger-streik-der-beschaeftigten-der-klinikservice-gmbh-an-der-umg\\\/\"},\"author\":{\"name\":\"Leinewelle\",\"@id\":\"https:\\\/\\\/radioleinewelle.de\\\/#\\\/schema\\\/person\\\/45606f348637df637192dc1b68399a63\"},\"headline\":\"Ab Mittwoch dreit\u00e4giger Streik der Besch\u00e4ftigten der Klinikservice GmbH an der UMG\",\"datePublished\":\"2023-01-24T06:07:08+00:00\",\"mainEntityOfPage\":{\"@id\":\"https:\\\/\\\/radioleinewelle.de\\\/index.php\\\/2023\\\/01\\\/24\\\/ab-mittwoch-dreitaegiger-streik-der-beschaeftigten-der-klinikservice-gmbh-an-der-umg\\\/\"},\"wordCount\":215,\"publisher\":{\"@id\":\"https:\\\/\\\/radioleinewelle.de\\\/#organization\"},\"image\":{\"@id\":\"https:\\\/\\\/radioleinewelle.de\\\/index.php\\\/2023\\\/01\\\/24\\\/ab-mittwoch-dreitaegiger-streik-der-beschaeftigten-der-klinikservice-gmbh-an-der-umg\\\/#primaryimage\"},\"thumbnailUrl\":\"https:\\\/\\\/radioleinewelle.de\\\/wp-content\\\/uploads\\\/2022\\\/11\\\/Warnstreik-Klinkservice-GmbH-UMG-Goettingen-6-scaled-1.jpg\",\"keywords\":[\"Klinikservice GmbH\",\"KSG\",\"Streik UMG\",\"UMG\",\"Ver.di\"],\"articleSection\":[\"Aktuelle Nachrichten\"],\"inLanguage\":\"de\"},{\"@type\":\"WebPage\",\"@id\":\"https:\\\/\\\/radioleinewelle.de\\\/index.php\\\/2023\\\/01\\\/24\\\/ab-mittwoch-dreitaegiger-streik-der-beschaeftigten-der-klinikservice-gmbh-an-der-umg\\\/\",\"url\":\"https:\\\/\\\/radioleinewelle.de\\\/index.php\\\/2023\\\/01\\\/24\\\/ab-mittwoch-dreitaegiger-streik-der-beschaeftigten-der-klinikservice-gmbh-an-der-umg\\\/\",\"name\":\"Ab Mittwoch dreit\u00e4giger Streik der Besch\u00e4ftigten der Klinikservice GmbH an der UMG - Radio Leinewelle\",\"isPartOf\":{\"@id\":\"https:\\\/\\\/radioleinewelle.de\\\/#website\"},\"primaryImageOfPage\":{\"@id\":\"https:\\\/\\\/radioleinewelle.de\\\/index.php\\\/2023\\\/01\\\/24\\\/ab-mittwoch-dreitaegiger-streik-der-beschaeftigten-der-klinikservice-gmbh-an-der-umg\\\/#primaryimage\"},\"image\":{\"@id\":\"https:\\\/\\\/radioleinewelle.de\\\/index.php\\\/2023\\\/01\\\/24\\\/ab-mittwoch-dreitaegiger-streik-der-beschaeftigten-der-klinikservice-gmbh-an-der-umg\\\/#primaryimage\"},\"thumbnailUrl\":\"https:\\\/\\\/radioleinewelle.de\\\/wp-content\\\/uploads\\\/2022\\\/11\\\/Warnstreik-Klinkservice-GmbH-UMG-Goettingen-6-scaled-1.jpg\",\"datePublished\":\"2023-01-24T06:07:08+00:00\",\"breadcrumb\":{\"@id\":\"https:\\\/\\\/radioleinewelle.de\\\/index.php\\\/2023\\\/01\\\/24\\\/ab-mittwoch-dreitaegiger-streik-der-beschaeftigten-der-klinikservice-gmbh-an-der-umg\\\/#breadcrumb\"},\"inLanguage\":\"de\",\"potentialAction\":[{\"@type\":\"ReadAction\",\"target\":[\"https:\\\/\\\/radioleinewelle.de\\\/index.php\\\/2023\\\/01\\\/24\\\/ab-mittwoch-dreitaegiger-streik-der-beschaeftigten-der-klinikservice-gmbh-an-der-umg\\\/\"]}]},{\"@type\":\"ImageObject\",\"inLanguage\":\"de\",\"@id\":\"https:\\\/\\\/radioleinewelle.de\\\/index.php\\\/2023\\\/01\\\/24\\\/ab-mittwoch-dreitaegiger-streik-der-beschaeftigten-der-klinikservice-gmbh-an-der-umg\\\/#primaryimage\",\"url\":\"https:\\\/\\\/radioleinewelle.de\\\/wp-content\\\/uploads\\\/2022\\\/11\\\/Warnstreik-Klinkservice-GmbH-UMG-Goettingen-6-scaled-1.jpg\",\"contentUrl\":\"https:\\\/\\\/radioleinewelle.de\\\/wp-content\\\/uploads\\\/2022\\\/11\\\/Warnstreik-Klinkservice-GmbH-UMG-Goettingen-6-scaled-1.jpg\",\"width\":2560,\"height\":1440},{\"@type\":\"BreadcrumbList\",\"@id\":\"https:\\\/\\\/radioleinewelle.de\\\/index.php\\\/2023\\\/01\\\/24\\\/ab-mittwoch-dreitaegiger-streik-der-beschaeftigten-der-klinikservice-gmbh-an-der-umg\\\/#breadcrumb\",\"itemListElement\":[{\"@type\":\"ListItem\",\"position\":1,\"name\":\"Startseite\",\"item\":\"https:\\\/\\\/radioleinewelle.de\\\/\"},{\"@type\":\"ListItem\",\"position\":2,\"name\":\"Ab Mittwoch dreit\u00e4giger Streik der Besch\u00e4ftigten der Klinikservice GmbH an der UMG\"}]},{\"@type\":\"WebSite\",\"@id\":\"https:\\\/\\\/radioleinewelle.de\\\/#website\",\"url\":\"https:\\\/\\\/radioleinewelle.de\\\/\",\"name\":\"Radio Leinewelle\",\"description\":\"\",\"publisher\":{\"@id\":\"https:\\\/\\\/radioleinewelle.de\\\/#organization\"},\"potentialAction\":[{\"@type\":\"SearchAction\",\"target\":{\"@type\":\"EntryPoint\",\"urlTemplate\":\"https:\\\/\\\/radioleinewelle.de\\\/?s={search_term_string}\"},\"query-input\":{\"@type\":\"PropertyValueSpecification\",\"valueRequired\":true,\"valueName\":\"search_term_string\"}}],\"inLanguage\":\"de\"},{\"@type\":\"Organization\",\"@id\":\"https:\\\/\\\/radioleinewelle.de\\\/#organization\",\"name\":\"Radio Leinewelle\",\"alternateName\":\"Mein Radio f\u00fcr S\u00fcdniedersachsen\",\"url\":\"https:\\\/\\\/radioleinewelle.de\\\/\",\"logo\":{\"@type\":\"ImageObject\",\"inLanguage\":\"de\",\"@id\":\"https:\\\/\\\/radioleinewelle.de\\\/#\\\/schema\\\/logo\\\/image\\\/\",\"url\":\"https:\\\/\\\/radioleinewelle.de\\\/wp-content\\\/uploads\\\/2023\\\/11\\\/cropped-Leinewelle_Logo_weiss.png\",\"contentUrl\":\"https:\\\/\\\/radioleinewelle.de\\\/wp-content\\\/uploads\\\/2023\\\/11\\\/cropped-Leinewelle_Logo_weiss.png\",\"width\":854,\"height\":260,\"caption\":\"Radio Leinewelle\"},\"image\":{\"@id\":\"https:\\\/\\\/radioleinewelle.de\\\/#\\\/schema\\\/logo\\\/image\\\/\"},\"sameAs\":[\"https:\\\/\\\/www.facebook.com\\\/radioleinewelle\",\"https:\\\/\\\/x.com\\\/RLeinewelle\",\"https:\\\/\\\/www.instagram.com\\\/radioleinewelle\\\/?hl=de\"]},{\"@type\":\"Person\",\"@id\":\"https:\\\/\\\/radioleinewelle.de\\\/#\\\/schema\\\/person\\\/45606f348637df637192dc1b68399a63\",\"name\":\"Leinewelle\",\"image\":{\"@type\":\"ImageObject\",\"inLanguage\":\"de\",\"@id\":\"https:\\\/\\\/secure.gravatar.com\\\/avatar\\\/05c9a17bc973052ee5d91549bd32fb4dd0dc85b7b85ae94b2e2b4943476bbea5?s=96&d=blank&r=g\",\"url\":\"https:\\\/\\\/secure.gravatar.com\\\/avatar\\\/05c9a17bc973052ee5d91549bd32fb4dd0dc85b7b85ae94b2e2b4943476bbea5?s=96&d=blank&r=g\",\"contentUrl\":\"https:\\\/\\\/secure.gravatar.com\\\/avatar\\\/05c9a17bc973052ee5d91549bd32fb4dd0dc85b7b85ae94b2e2b4943476bbea5?s=96&d=blank&r=g\",\"caption\":\"Leinewelle\"},\"sameAs\":[\"http:\\\/\\\/localhost\\\/radio%20leinewelle\\\/wordpress\",\"https:\\\/\\\/www.facebook.com\\\/radioleinewelle\",\"https:\\\/\\\/www.instagram.com\\\/radioleinewelle\",\"https:\\\/\\\/x.com\\\/https:\\\/\\\/twitter.com\\\/RLeinewelle?ref_src=twsrcgoogletwcampserptwgrauthor\",\"https:\\\/\\\/soundcloud.com\\\/foerderverein-lokalradio?utm_source=clipboard&utm_medium=text&utm_campaign=social_sharing\"],\"url\":\"https:\\\/\\\/radioleinewelle.de\\\/index.php\\\/author\\\/leinewelle\\\/\"}]}<\/script>\n<!-- \/ Yoast SEO plugin. -->","yoast_head_json":{"title":"Ab Mittwoch dreit\u00e4giger Streik der Besch\u00e4ftigten der Klinikservice GmbH an der UMG - Radio Leinewelle","robots":{"index":"index","follow":"follow","max-snippet":"max-snippet:-1","max-image-preview":"max-image-preview:large","max-video-preview":"max-video-preview:-1"},"canonical":"https:\/\/radioleinewelle.de\/index.php\/2023\/01\/24\/ab-mittwoch-dreitaegiger-streik-der-beschaeftigten-der-klinikservice-gmbh-an-der-umg\/","og_locale":"de_DE","og_type":"article","og_title":"Ab Mittwoch dreit\u00e4giger Streik der Besch\u00e4ftigten der Klinikservice GmbH an der UMG - Radio Leinewelle","og_description":"Nach dem Scheitern der Verhandlungen zwischen ver.di und der Klinikservice GmbH in der vergangenen Woche steht der UMG ein dreit\u00e4giger Streik der Besch\u00e4ftigten des Klinikservice bevor. Dieser umfasst die Bereiche der W\u00e4scherei, der Reinigung, der Logistik, sowie den Krankentransport. Ver.di lehnte ein verbessertes Angebot der Klinikservice GmbH (KSG) als unzureichend ab. Auch bei den Verhandlungen [&hellip;]","og_url":"https:\/\/radioleinewelle.de\/index.php\/2023\/01\/24\/ab-mittwoch-dreitaegiger-streik-der-beschaeftigten-der-klinikservice-gmbh-an-der-umg\/","og_site_name":"Radio Leinewelle","article_publisher":"https:\/\/www.facebook.com\/radioleinewelle","article_author":"https:\/\/www.facebook.com\/radioleinewelle","article_published_time":"2023-01-24T06:07:08+00:00","og_image":[{"width":2560,"height":1440,"url":"https:\/\/radioleinewelle.de\/wp-content\/uploads\/2022\/11\/Warnstreik-Klinkservice-GmbH-UMG-Goettingen-6-scaled-1.jpg","type":"image\/jpeg"}],"author":"Leinewelle","twitter_card":"summary_large_image","twitter_creator":"@https:\/\/twitter.com\/RLeinewelle?ref_src=twsrcgoogletwcampserptwgrauthor","twitter_site":"@RLeinewelle","twitter_misc":{"Verfasst von":"Leinewelle"},"schema":{"@context":"https:\/\/schema.org","@graph":[{"@type":"Article","@id":"https:\/\/radioleinewelle.de\/index.php\/2023\/01\/24\/ab-mittwoch-dreitaegiger-streik-der-beschaeftigten-der-klinikservice-gmbh-an-der-umg\/#article","isPartOf":{"@id":"https:\/\/radioleinewelle.de\/index.php\/2023\/01\/24\/ab-mittwoch-dreitaegiger-streik-der-beschaeftigten-der-klinikservice-gmbh-an-der-umg\/"},"author":{"name":"Leinewelle","@id":"https:\/\/radioleinewelle.de\/#\/schema\/person\/45606f348637df637192dc1b68399a63"},"headline":"Ab Mittwoch dreit\u00e4giger Streik der Besch\u00e4ftigten der Klinikservice GmbH an der UMG","datePublished":"2023-01-24T06:07:08+00:00","mainEntityOfPage":{"@id":"https:\/\/radioleinewelle.de\/index.php\/2023\/01\/24\/ab-mittwoch-dreitaegiger-streik-der-beschaeftigten-der-klinikservice-gmbh-an-der-umg\/"},"wordCount":215,"publisher":{"@id":"https:\/\/radioleinewelle.de\/#organization"},"image":{"@id":"https:\/\/radioleinewelle.de\/index.php\/2023\/01\/24\/ab-mittwoch-dreitaegiger-streik-der-beschaeftigten-der-klinikservice-gmbh-an-der-umg\/#primaryimage"},"thumbnailUrl":"https:\/\/radioleinewelle.de\/wp-content\/uploads\/2022\/11\/Warnstreik-Klinkservice-GmbH-UMG-Goettingen-6-scaled-1.jpg","keywords":["Klinikservice GmbH","KSG","Streik UMG","UMG","Ver.di"],"articleSection":["Aktuelle Nachrichten"],"inLanguage":"de"},{"@type":"WebPage","@id":"https:\/\/radioleinewelle.de\/index.php\/2023\/01\/24\/ab-mittwoch-dreitaegiger-streik-der-beschaeftigten-der-klinikservice-gmbh-an-der-umg\/","url":"https:\/\/radioleinewelle.de\/index.php\/2023\/01\/24\/ab-mittwoch-dreitaegiger-streik-der-beschaeftigten-der-klinikservice-gmbh-an-der-umg\/","name":"Ab Mittwoch dreit\u00e4giger Streik der Besch\u00e4ftigten der Klinikservice GmbH an der UMG - Radio Leinewelle","isPartOf":{"@id":"https:\/\/radioleinewelle.de\/#website"},"primaryImageOfPage":{"@id":"https:\/\/radioleinewelle.de\/index.php\/2023\/01\/24\/ab-mittwoch-dreitaegiger-streik-der-beschaeftigten-der-klinikservice-gmbh-an-der-umg\/#primaryimage"},"image":{"@id":"https:\/\/radioleinewelle.de\/index.php\/2023\/01\/24\/ab-mittwoch-dreitaegiger-streik-der-beschaeftigten-der-klinikservice-gmbh-an-der-umg\/#primaryimage"},"thumbnailUrl":"https:\/\/radioleinewelle.de\/wp-content\/uploads\/2022\/11\/Warnstreik-Klinkservice-GmbH-UMG-Goettingen-6-scaled-1.jpg","datePublished":"2023-01-24T06:07:08+00:00","breadcrumb":{"@id":"https:\/\/radioleinewelle.de\/index.php\/2023\/01\/24\/ab-mittwoch-dreitaegiger-streik-der-beschaeftigten-der-klinikservice-gmbh-an-der-umg\/#breadcrumb"},"inLanguage":"de","potentialAction":[{"@type":"ReadAction","target":["https:\/\/radioleinewelle.de\/index.php\/2023\/01\/24\/ab-mittwoch-dreitaegiger-streik-der-beschaeftigten-der-klinikservice-gmbh-an-der-umg\/"]}]},{"@type":"ImageObject","inLanguage":"de","@id":"https:\/\/radioleinewelle.de\/index.php\/2023\/01\/24\/ab-mittwoch-dreitaegiger-streik-der-beschaeftigten-der-klinikservice-gmbh-an-der-umg\/#primaryimage","url":"https:\/\/radioleinewelle.de\/wp-content\/uploads\/2022\/11\/Warnstreik-Klinkservice-GmbH-UMG-Goettingen-6-scaled-1.jpg","contentUrl":"https:\/\/radioleinewelle.de\/wp-content\/uploads\/2022\/11\/Warnstreik-Klinkservice-GmbH-UMG-Goettingen-6-scaled-1.jpg","width":2560,"height":1440},{"@type":"BreadcrumbList","@id":"https:\/\/radioleinewelle.de\/index.php\/2023\/01\/24\/ab-mittwoch-dreitaegiger-streik-der-beschaeftigten-der-klinikservice-gmbh-an-der-umg\/#breadcrumb","itemListElement":[{"@type":"ListItem","position":1,"name":"Startseite","item":"https:\/\/radioleinewelle.de\/"},{"@type":"ListItem","position":2,"name":"Ab Mittwoch dreit\u00e4giger Streik der Besch\u00e4ftigten der Klinikservice GmbH an der UMG"}]},{"@type":"WebSite","@id":"https:\/\/radioleinewelle.de\/#website","url":"https:\/\/radioleinewelle.de\/","name":"Radio Leinewelle","description":"","publisher":{"@id":"https:\/\/radioleinewelle.de\/#organization"},"potentialAction":[{"@type":"SearchAction","target":{"@type":"EntryPoint","urlTemplate":"https:\/\/radioleinewelle.de\/?s={search_term_string}"},"query-input":{"@type":"PropertyValueSpecification","valueRequired":true,"valueName":"search_term_string"}}],"inLanguage":"de"},{"@type":"Organization","@id":"https:\/\/radioleinewelle.de\/#organization","name":"Radio Leinewelle","alternateName":"Mein Radio f\u00fcr S\u00fcdniedersachsen","url":"https:\/\/radioleinewelle.de\/","logo":{"@type":"ImageObject","inLanguage":"de","@id":"https:\/\/radioleinewelle.de\/#\/schema\/logo\/image\/","url":"https:\/\/radioleinewelle.de\/wp-content\/uploads\/2023\/11\/cropped-Leinewelle_Logo_weiss.png","contentUrl":"https:\/\/radioleinewelle.de\/wp-content\/uploads\/2023\/11\/cropped-Leinewelle_Logo_weiss.png","width":854,"height":260,"caption":"Radio Leinewelle"},"image":{"@id":"https:\/\/radioleinewelle.de\/#\/schema\/logo\/image\/"},"sameAs":["https:\/\/www.facebook.com\/radioleinewelle","https:\/\/x.com\/RLeinewelle","https:\/\/www.instagram.com\/radioleinewelle\/?hl=de"]},{"@type":"Person","@id":"https:\/\/radioleinewelle.de\/#\/schema\/person\/45606f348637df637192dc1b68399a63","name":"Leinewelle","image":{"@type":"ImageObject","inLanguage":"de","@id":"https:\/\/secure.gravatar.com\/avatar\/05c9a17bc973052ee5d91549bd32fb4dd0dc85b7b85ae94b2e2b4943476bbea5?s=96&d=blank&r=g","url":"https:\/\/secure.gravatar.com\/avatar\/05c9a17bc973052ee5d91549bd32fb4dd0dc85b7b85ae94b2e2b4943476bbea5?s=96&d=blank&r=g","contentUrl":"https:\/\/secure.gravatar.com\/avatar\/05c9a17bc973052ee5d91549bd32fb4dd0dc85b7b85ae94b2e2b4943476bbea5?s=96&d=blank&r=g","caption":"Leinewelle"},"sameAs":["http:\/\/localhost\/radio%20leinewelle\/wordpress","https:\/\/www.facebook.com\/radioleinewelle","https:\/\/www.instagram.com\/radioleinewelle","https:\/\/x.com\/https:\/\/twitter.com\/RLeinewelle?ref_src=twsrcgoogletwcampserptwgrauthor","https:\/\/soundcloud.com\/foerderverein-lokalradio?utm_source=clipboard&utm_medium=text&utm_campaign=social_sharing"],"url":"https:\/\/radioleinewelle.de\/index.php\/author\/leinewelle\/"}]}},"_links":{"self":[{"href":"https:\/\/radioleinewelle.de\/index.php\/wp-json\/wp\/v2\/posts\/20899","targetHints":{"allow":["GET"]}}],"collection":[{"href":"https:\/\/radioleinewelle.de\/index.php\/wp-json\/wp\/v2\/posts"}],"about":[{"href":"https:\/\/radioleinewelle.de\/index.php\/wp-json\/wp\/v2\/types\/post"}],"author":[{"embeddable":true,"href":"https:\/\/radioleinewelle.de\/index.php\/wp-json\/wp\/v2\/users\/1"}],"replies":[{"embeddable":true,"href":"https:\/\/radioleinewelle.de\/index.php\/wp-json\/wp\/v2\/comments?post=20899"}],"version-history":[{"count":0,"href":"https:\/\/radioleinewelle.de\/index.php\/wp-json\/wp\/v2\/posts\/20899\/revisions"}],"wp:featuredmedia":[{"embeddable":true,"href":"https:\/\/radioleinewelle.de\/index.php\/wp-json\/wp\/v2\/media\/16929"}],"wp:attachment":[{"href":"https:\/\/radioleinewelle.de\/index.php\/wp-json\/wp\/v2\/media?parent=20899"}],"wp:term":[{"taxonomy":"category","embeddable":true,"href":"https:\/\/radioleinewelle.de\/index.php\/wp-json\/wp\/v2\/categories?post=20899"},{"taxonomy":"post_tag","embeddable":true,"href":"https:\/\/radioleinewelle.de\/index.php\/wp-json\/wp\/v2\/tags?post=20899"}],"curies":[{"name":"wp","href":"https:\/\/api.w.org\/{rel}","templated":true}]}}