{"id":20901,"date":"2023-01-25T14:42:25","date_gmt":"2023-01-25T13:42:25","guid":{"rendered":"https:\/\/radioleinewelle.de\/?p=17782"},"modified":"2023-01-31T14:29:25","modified_gmt":"2023-01-31T13:29:25","slug":"dreitaegiger-streik-bei-der-umg-klinikservice-gmbh-hat-begonnen","status":"publish","type":"post","link":"https:\/\/radioleinewelle.de\/index.php\/2023\/01\/25\/dreitaegiger-streik-bei-der-umg-klinikservice-gmbh-hat-begonnen\/","title":{"rendered":"Dreit\u00e4giger Streik bei der UMG Klinikservice GmbH hat begonnen"},"content":{"rendered":"\n<p>Trotz Temperaturen um den Minusgrad versammelten sich nach Angaben von ver.di etwa 200 Besch\u00e4ftigte der UMG Klinikservice GmbH vor dem Haupteingang der UMG. Nach der Auftaktkundgebung marschierten die Streikenden zun\u00e4chst zum Unicampus. Dort sicherte die Arbeitssoziologin Nicole Mayer-Ahuja in einem Redebeitrag ihre Solidarit\u00e4t zu. Die Demonstration endete vor der Gesch\u00e4ftsstelle der Gewerkschaft. <\/p>\n\n\n\n<p>Die UMG Klinikservice GmbH (KSG) hat zum Streikbeginn eine Stellungnahme abgegeben, in der sie ihr verbessertes Angebot weiter aufrecht h\u00e4lt.  Der Gesch\u00e4ftsf\u00fchrer Marcus B\u00fchre betont zu der KSG Offerte: &#8222;Dieses Angebot liegt deutlich \u00fcber dem bundesweit g\u00fcltigen Tarif f\u00fcr das Geb\u00e4udereiniger-Handwerks. Von Niedriglohn kann hier keine Rede sein\u201c<\/p>\n\n\n\n<p>Um die Notfallversorgung sicherzustellen, halten die KSG und die UMG-Verantwortlichen an der Mindestbesetzung fest. Allerdings sind rechtlich verbindliche Notdienstvereinbarungen zwischen den Tarifparteien im Vorfeld gescheitert. Darin werden in der Regel Art und Umfang der im Rahmen eines Arbeitskampfs erforderlichen Notdienstarbeiten schriftlich festgelegt.<\/p>\n\n\n\n<p><strong>Foto:<\/strong> \u00a9Radio Leinewelle (ue)<\/p>\n","protected":false},"excerpt":{"rendered":"<p>Trotz Temperaturen um den Minusgrad versammelten sich nach Angaben von ver.di etwa 200 Besch\u00e4ftigte der UMG Klinikservice GmbH vor dem Haupteingang der UMG. Nach der Auftaktkundgebung marschierten die Streikenden zun\u00e4chst zum Unicampus. Dort sicherte die Arbeitssoziologin Nicole Mayer-Ahuja in einem Redebeitrag ihre Solidarit\u00e4t zu. Die Demonstration endete vor der Gesch\u00e4ftsstelle der Gewerkschaft. Die UMG Klinikservice [&hellip;]<\/p>\n","protected":false},"author":1,"featured_media":20965,"comment_status":"closed","ping_status":"closed","sticky":true,"template":"","format":"standard","meta":{"saved_in_kubio":false,"footnotes":""},"categories":[50],"tags":[3827,3828,3829],"class_list":["post-20901","post","type-post","status-publish","format-standard","has-post-thumbnail","hentry","category-arbeitswelt","tag-streik","tag-umg-kliniservice-gmbh","tag-verdi"],"yoast_head":"<!-- This site is optimized with the Yoast SEO plugin v27.5 - https:\/\/yoast.com\/product\/yoast-seo-wordpress\/ -->\n<title>Dreit\u00e4giger Streik bei der UMG Klinikservice GmbH hat begonnen - Radio Leinewelle<\/title>\n<meta name=\"robots\" content=\"index, follow, max-snippet:-1, max-image-preview:large, max-video-preview:-1\" \/>\n<link rel=\"canonical\" href=\"https:\/\/radioleinewelle.de\/index.php\/2023\/01\/25\/dreitaegiger-streik-bei-der-umg-klinikservice-gmbh-hat-begonnen\/\" \/>\n<meta property=\"og:locale\" content=\"de_DE\" \/>\n<meta property=\"og:type\" content=\"article\" \/>\n<meta property=\"og:title\" content=\"Dreit\u00e4giger Streik bei der UMG Klinikservice GmbH hat begonnen - Radio Leinewelle\" \/>\n<meta property=\"og:description\" content=\"Trotz Temperaturen um den Minusgrad versammelten sich nach Angaben von ver.di etwa 200 Besch\u00e4ftigte der UMG Klinikservice GmbH vor dem Haupteingang der UMG. Nach der Auftaktkundgebung marschierten die Streikenden zun\u00e4chst zum Unicampus. Dort sicherte die Arbeitssoziologin Nicole Mayer-Ahuja in einem Redebeitrag ihre Solidarit\u00e4t zu. Die Demonstration endete vor der Gesch\u00e4ftsstelle der Gewerkschaft. Die UMG Klinikservice [&hellip;]\" \/>\n<meta property=\"og:url\" content=\"https:\/\/radioleinewelle.de\/index.php\/2023\/01\/25\/dreitaegiger-streik-bei-der-umg-klinikservice-gmbh-hat-begonnen\/\" \/>\n<meta property=\"og:site_name\" content=\"Radio Leinewelle\" \/>\n<meta property=\"article:publisher\" content=\"https:\/\/www.facebook.com\/radioleinewelle\" \/>\n<meta property=\"article:author\" content=\"https:\/\/www.facebook.com\/radioleinewelle\" \/>\n<meta property=\"article:published_time\" content=\"2023-01-25T13:42:25+00:00\" \/>\n<meta property=\"article:modified_time\" content=\"2023-01-31T13:29:25+00:00\" \/>\n<meta property=\"og:image\" content=\"https:\/\/radioleinewelle.de\/wp-content\/uploads\/2023\/01\/Streikauftakt-UMG-Klinikservice-GmbH-14-scaled-e1674654124582-300x169-2.jpg\" \/>\n\t<meta property=\"og:image:width\" content=\"300\" \/>\n\t<meta property=\"og:image:height\" content=\"169\" \/>\n\t<meta property=\"og:image:type\" content=\"image\/jpeg\" \/>\n<meta name=\"author\" content=\"Leinewelle\" \/>\n<meta name=\"twitter:card\" content=\"summary_large_image\" \/>\n<meta name=\"twitter:creator\" content=\"@https:\/\/twitter.com\/RLeinewelle?ref_src=twsrcgoogletwcampserptwgrauthor\" \/>\n<meta name=\"twitter:site\" content=\"@RLeinewelle\" \/>\n<meta name=\"twitter:label1\" content=\"Verfasst von\" \/>\n\t<meta name=\"twitter:data1\" content=\"Leinewelle\" \/>\n\t<meta name=\"twitter:label2\" content=\"Gesch\u00e4tzte Lesezeit\" \/>\n\t<meta name=\"twitter:data2\" content=\"1\u00a0Minute\" \/>\n<script type=\"application\/ld+json\" class=\"yoast-schema-graph\">{\"@context\":\"https:\\\/\\\/schema.org\",\"@graph\":[{\"@type\":\"Article\",\"@id\":\"https:\\\/\\\/radioleinewelle.de\\\/index.php\\\/2023\\\/01\\\/25\\\/dreitaegiger-streik-bei-der-umg-klinikservice-gmbh-hat-begonnen\\\/#article\",\"isPartOf\":{\"@id\":\"https:\\\/\\\/radioleinewelle.de\\\/index.php\\\/2023\\\/01\\\/25\\\/dreitaegiger-streik-bei-der-umg-klinikservice-gmbh-hat-begonnen\\\/\"},\"author\":{\"name\":\"Leinewelle\",\"@id\":\"https:\\\/\\\/radioleinewelle.de\\\/#\\\/schema\\\/person\\\/45606f348637df637192dc1b68399a63\"},\"headline\":\"Dreit\u00e4giger Streik bei der UMG Klinikservice GmbH hat begonnen\",\"datePublished\":\"2023-01-25T13:42:25+00:00\",\"dateModified\":\"2023-01-31T13:29:25+00:00\",\"mainEntityOfPage\":{\"@id\":\"https:\\\/\\\/radioleinewelle.de\\\/index.php\\\/2023\\\/01\\\/25\\\/dreitaegiger-streik-bei-der-umg-klinikservice-gmbh-hat-begonnen\\\/\"},\"wordCount\":167,\"publisher\":{\"@id\":\"https:\\\/\\\/radioleinewelle.de\\\/#organization\"},\"image\":{\"@id\":\"https:\\\/\\\/radioleinewelle.de\\\/index.php\\\/2023\\\/01\\\/25\\\/dreitaegiger-streik-bei-der-umg-klinikservice-gmbh-hat-begonnen\\\/#primaryimage\"},\"thumbnailUrl\":\"https:\\\/\\\/radioleinewelle.de\\\/wp-content\\\/uploads\\\/2023\\\/01\\\/Streikauftakt-UMG-Klinikservice-GmbH-14-scaled-e1674654124582-300x169-2.jpg\",\"keywords\":[\"Streik\",\"UMG Kliniservice GmbH\",\"verdi\"],\"articleSection\":[\"Arbeitswelt\"],\"inLanguage\":\"de\"},{\"@type\":\"WebPage\",\"@id\":\"https:\\\/\\\/radioleinewelle.de\\\/index.php\\\/2023\\\/01\\\/25\\\/dreitaegiger-streik-bei-der-umg-klinikservice-gmbh-hat-begonnen\\\/\",\"url\":\"https:\\\/\\\/radioleinewelle.de\\\/index.php\\\/2023\\\/01\\\/25\\\/dreitaegiger-streik-bei-der-umg-klinikservice-gmbh-hat-begonnen\\\/\",\"name\":\"Dreit\u00e4giger Streik bei der UMG Klinikservice GmbH hat begonnen - Radio Leinewelle\",\"isPartOf\":{\"@id\":\"https:\\\/\\\/radioleinewelle.de\\\/#website\"},\"primaryImageOfPage\":{\"@id\":\"https:\\\/\\\/radioleinewelle.de\\\/index.php\\\/2023\\\/01\\\/25\\\/dreitaegiger-streik-bei-der-umg-klinikservice-gmbh-hat-begonnen\\\/#primaryimage\"},\"image\":{\"@id\":\"https:\\\/\\\/radioleinewelle.de\\\/index.php\\\/2023\\\/01\\\/25\\\/dreitaegiger-streik-bei-der-umg-klinikservice-gmbh-hat-begonnen\\\/#primaryimage\"},\"thumbnailUrl\":\"https:\\\/\\\/radioleinewelle.de\\\/wp-content\\\/uploads\\\/2023\\\/01\\\/Streikauftakt-UMG-Klinikservice-GmbH-14-scaled-e1674654124582-300x169-2.jpg\",\"datePublished\":\"2023-01-25T13:42:25+00:00\",\"dateModified\":\"2023-01-31T13:29:25+00:00\",\"breadcrumb\":{\"@id\":\"https:\\\/\\\/radioleinewelle.de\\\/index.php\\\/2023\\\/01\\\/25\\\/dreitaegiger-streik-bei-der-umg-klinikservice-gmbh-hat-begonnen\\\/#breadcrumb\"},\"inLanguage\":\"de\",\"potentialAction\":[{\"@type\":\"ReadAction\",\"target\":[\"https:\\\/\\\/radioleinewelle.de\\\/index.php\\\/2023\\\/01\\\/25\\\/dreitaegiger-streik-bei-der-umg-klinikservice-gmbh-hat-begonnen\\\/\"]}]},{\"@type\":\"ImageObject\",\"inLanguage\":\"de\",\"@id\":\"https:\\\/\\\/radioleinewelle.de\\\/index.php\\\/2023\\\/01\\\/25\\\/dreitaegiger-streik-bei-der-umg-klinikservice-gmbh-hat-begonnen\\\/#primaryimage\",\"url\":\"https:\\\/\\\/radioleinewelle.de\\\/wp-content\\\/uploads\\\/2023\\\/01\\\/Streikauftakt-UMG-Klinikservice-GmbH-14-scaled-e1674654124582-300x169-2.jpg\",\"contentUrl\":\"https:\\\/\\\/radioleinewelle.de\\\/wp-content\\\/uploads\\\/2023\\\/01\\\/Streikauftakt-UMG-Klinikservice-GmbH-14-scaled-e1674654124582-300x169-2.jpg\",\"width\":300,\"height\":169},{\"@type\":\"BreadcrumbList\",\"@id\":\"https:\\\/\\\/radioleinewelle.de\\\/index.php\\\/2023\\\/01\\\/25\\\/dreitaegiger-streik-bei-der-umg-klinikservice-gmbh-hat-begonnen\\\/#breadcrumb\",\"itemListElement\":[{\"@type\":\"ListItem\",\"position\":1,\"name\":\"Startseite\",\"item\":\"https:\\\/\\\/radioleinewelle.de\\\/\"},{\"@type\":\"ListItem\",\"position\":2,\"name\":\"Dreit\u00e4giger Streik bei der UMG Klinikservice GmbH hat begonnen\"}]},{\"@type\":\"WebSite\",\"@id\":\"https:\\\/\\\/radioleinewelle.de\\\/#website\",\"url\":\"https:\\\/\\\/radioleinewelle.de\\\/\",\"name\":\"Radio Leinewelle\",\"description\":\"\",\"publisher\":{\"@id\":\"https:\\\/\\\/radioleinewelle.de\\\/#organization\"},\"potentialAction\":[{\"@type\":\"SearchAction\",\"target\":{\"@type\":\"EntryPoint\",\"urlTemplate\":\"https:\\\/\\\/radioleinewelle.de\\\/?s={search_term_string}\"},\"query-input\":{\"@type\":\"PropertyValueSpecification\",\"valueRequired\":true,\"valueName\":\"search_term_string\"}}],\"inLanguage\":\"de\"},{\"@type\":\"Organization\",\"@id\":\"https:\\\/\\\/radioleinewelle.de\\\/#organization\",\"name\":\"Radio Leinewelle\",\"alternateName\":\"Mein Radio f\u00fcr S\u00fcdniedersachsen\",\"url\":\"https:\\\/\\\/radioleinewelle.de\\\/\",\"logo\":{\"@type\":\"ImageObject\",\"inLanguage\":\"de\",\"@id\":\"https:\\\/\\\/radioleinewelle.de\\\/#\\\/schema\\\/logo\\\/image\\\/\",\"url\":\"https:\\\/\\\/radioleinewelle.de\\\/wp-content\\\/uploads\\\/2023\\\/11\\\/cropped-Leinewelle_Logo_weiss.png\",\"contentUrl\":\"https:\\\/\\\/radioleinewelle.de\\\/wp-content\\\/uploads\\\/2023\\\/11\\\/cropped-Leinewelle_Logo_weiss.png\",\"width\":854,\"height\":260,\"caption\":\"Radio Leinewelle\"},\"image\":{\"@id\":\"https:\\\/\\\/radioleinewelle.de\\\/#\\\/schema\\\/logo\\\/image\\\/\"},\"sameAs\":[\"https:\\\/\\\/www.facebook.com\\\/radioleinewelle\",\"https:\\\/\\\/x.com\\\/RLeinewelle\",\"https:\\\/\\\/www.instagram.com\\\/radioleinewelle\\\/?hl=de\"]},{\"@type\":\"Person\",\"@id\":\"https:\\\/\\\/radioleinewelle.de\\\/#\\\/schema\\\/person\\\/45606f348637df637192dc1b68399a63\",\"name\":\"Leinewelle\",\"image\":{\"@type\":\"ImageObject\",\"inLanguage\":\"de\",\"@id\":\"https:\\\/\\\/secure.gravatar.com\\\/avatar\\\/05c9a17bc973052ee5d91549bd32fb4dd0dc85b7b85ae94b2e2b4943476bbea5?s=96&d=blank&r=g\",\"url\":\"https:\\\/\\\/secure.gravatar.com\\\/avatar\\\/05c9a17bc973052ee5d91549bd32fb4dd0dc85b7b85ae94b2e2b4943476bbea5?s=96&d=blank&r=g\",\"contentUrl\":\"https:\\\/\\\/secure.gravatar.com\\\/avatar\\\/05c9a17bc973052ee5d91549bd32fb4dd0dc85b7b85ae94b2e2b4943476bbea5?s=96&d=blank&r=g\",\"caption\":\"Leinewelle\"},\"sameAs\":[\"http:\\\/\\\/localhost\\\/radio%20leinewelle\\\/wordpress\",\"https:\\\/\\\/www.facebook.com\\\/radioleinewelle\",\"https:\\\/\\\/www.instagram.com\\\/radioleinewelle\",\"https:\\\/\\\/x.com\\\/https:\\\/\\\/twitter.com\\\/RLeinewelle?ref_src=twsrcgoogletwcampserptwgrauthor\",\"https:\\\/\\\/soundcloud.com\\\/foerderverein-lokalradio?utm_source=clipboard&utm_medium=text&utm_campaign=social_sharing\"],\"url\":\"https:\\\/\\\/radioleinewelle.de\\\/index.php\\\/author\\\/leinewelle\\\/\"}]}<\/script>\n<!-- \/ Yoast SEO plugin. -->","yoast_head_json":{"title":"Dreit\u00e4giger Streik bei der UMG Klinikservice GmbH hat begonnen - Radio Leinewelle","robots":{"index":"index","follow":"follow","max-snippet":"max-snippet:-1","max-image-preview":"max-image-preview:large","max-video-preview":"max-video-preview:-1"},"canonical":"https:\/\/radioleinewelle.de\/index.php\/2023\/01\/25\/dreitaegiger-streik-bei-der-umg-klinikservice-gmbh-hat-begonnen\/","og_locale":"de_DE","og_type":"article","og_title":"Dreit\u00e4giger Streik bei der UMG Klinikservice GmbH hat begonnen - Radio Leinewelle","og_description":"Trotz Temperaturen um den Minusgrad versammelten sich nach Angaben von ver.di etwa 200 Besch\u00e4ftigte der UMG Klinikservice GmbH vor dem Haupteingang der UMG. Nach der Auftaktkundgebung marschierten die Streikenden zun\u00e4chst zum Unicampus. Dort sicherte die Arbeitssoziologin Nicole Mayer-Ahuja in einem Redebeitrag ihre Solidarit\u00e4t zu. Die Demonstration endete vor der Gesch\u00e4ftsstelle der Gewerkschaft. Die UMG Klinikservice [&hellip;]","og_url":"https:\/\/radioleinewelle.de\/index.php\/2023\/01\/25\/dreitaegiger-streik-bei-der-umg-klinikservice-gmbh-hat-begonnen\/","og_site_name":"Radio Leinewelle","article_publisher":"https:\/\/www.facebook.com\/radioleinewelle","article_author":"https:\/\/www.facebook.com\/radioleinewelle","article_published_time":"2023-01-25T13:42:25+00:00","article_modified_time":"2023-01-31T13:29:25+00:00","og_image":[{"width":300,"height":169,"url":"https:\/\/radioleinewelle.de\/wp-content\/uploads\/2023\/01\/Streikauftakt-UMG-Klinikservice-GmbH-14-scaled-e1674654124582-300x169-2.jpg","type":"image\/jpeg"}],"author":"Leinewelle","twitter_card":"summary_large_image","twitter_creator":"@https:\/\/twitter.com\/RLeinewelle?ref_src=twsrcgoogletwcampserptwgrauthor","twitter_site":"@RLeinewelle","twitter_misc":{"Verfasst von":"Leinewelle","Gesch\u00e4tzte Lesezeit":"1\u00a0Minute"},"schema":{"@context":"https:\/\/schema.org","@graph":[{"@type":"Article","@id":"https:\/\/radioleinewelle.de\/index.php\/2023\/01\/25\/dreitaegiger-streik-bei-der-umg-klinikservice-gmbh-hat-begonnen\/#article","isPartOf":{"@id":"https:\/\/radioleinewelle.de\/index.php\/2023\/01\/25\/dreitaegiger-streik-bei-der-umg-klinikservice-gmbh-hat-begonnen\/"},"author":{"name":"Leinewelle","@id":"https:\/\/radioleinewelle.de\/#\/schema\/person\/45606f348637df637192dc1b68399a63"},"headline":"Dreit\u00e4giger Streik bei der UMG Klinikservice GmbH hat begonnen","datePublished":"2023-01-25T13:42:25+00:00","dateModified":"2023-01-31T13:29:25+00:00","mainEntityOfPage":{"@id":"https:\/\/radioleinewelle.de\/index.php\/2023\/01\/25\/dreitaegiger-streik-bei-der-umg-klinikservice-gmbh-hat-begonnen\/"},"wordCount":167,"publisher":{"@id":"https:\/\/radioleinewelle.de\/#organization"},"image":{"@id":"https:\/\/radioleinewelle.de\/index.php\/2023\/01\/25\/dreitaegiger-streik-bei-der-umg-klinikservice-gmbh-hat-begonnen\/#primaryimage"},"thumbnailUrl":"https:\/\/radioleinewelle.de\/wp-content\/uploads\/2023\/01\/Streikauftakt-UMG-Klinikservice-GmbH-14-scaled-e1674654124582-300x169-2.jpg","keywords":["Streik","UMG Kliniservice GmbH","verdi"],"articleSection":["Arbeitswelt"],"inLanguage":"de"},{"@type":"WebPage","@id":"https:\/\/radioleinewelle.de\/index.php\/2023\/01\/25\/dreitaegiger-streik-bei-der-umg-klinikservice-gmbh-hat-begonnen\/","url":"https:\/\/radioleinewelle.de\/index.php\/2023\/01\/25\/dreitaegiger-streik-bei-der-umg-klinikservice-gmbh-hat-begonnen\/","name":"Dreit\u00e4giger Streik bei der UMG Klinikservice GmbH hat begonnen - Radio Leinewelle","isPartOf":{"@id":"https:\/\/radioleinewelle.de\/#website"},"primaryImageOfPage":{"@id":"https:\/\/radioleinewelle.de\/index.php\/2023\/01\/25\/dreitaegiger-streik-bei-der-umg-klinikservice-gmbh-hat-begonnen\/#primaryimage"},"image":{"@id":"https:\/\/radioleinewelle.de\/index.php\/2023\/01\/25\/dreitaegiger-streik-bei-der-umg-klinikservice-gmbh-hat-begonnen\/#primaryimage"},"thumbnailUrl":"https:\/\/radioleinewelle.de\/wp-content\/uploads\/2023\/01\/Streikauftakt-UMG-Klinikservice-GmbH-14-scaled-e1674654124582-300x169-2.jpg","datePublished":"2023-01-25T13:42:25+00:00","dateModified":"2023-01-31T13:29:25+00:00","breadcrumb":{"@id":"https:\/\/radioleinewelle.de\/index.php\/2023\/01\/25\/dreitaegiger-streik-bei-der-umg-klinikservice-gmbh-hat-begonnen\/#breadcrumb"},"inLanguage":"de","potentialAction":[{"@type":"ReadAction","target":["https:\/\/radioleinewelle.de\/index.php\/2023\/01\/25\/dreitaegiger-streik-bei-der-umg-klinikservice-gmbh-hat-begonnen\/"]}]},{"@type":"ImageObject","inLanguage":"de","@id":"https:\/\/radioleinewelle.de\/index.php\/2023\/01\/25\/dreitaegiger-streik-bei-der-umg-klinikservice-gmbh-hat-begonnen\/#primaryimage","url":"https:\/\/radioleinewelle.de\/wp-content\/uploads\/2023\/01\/Streikauftakt-UMG-Klinikservice-GmbH-14-scaled-e1674654124582-300x169-2.jpg","contentUrl":"https:\/\/radioleinewelle.de\/wp-content\/uploads\/2023\/01\/Streikauftakt-UMG-Klinikservice-GmbH-14-scaled-e1674654124582-300x169-2.jpg","width":300,"height":169},{"@type":"BreadcrumbList","@id":"https:\/\/radioleinewelle.de\/index.php\/2023\/01\/25\/dreitaegiger-streik-bei-der-umg-klinikservice-gmbh-hat-begonnen\/#breadcrumb","itemListElement":[{"@type":"ListItem","position":1,"name":"Startseite","item":"https:\/\/radioleinewelle.de\/"},{"@type":"ListItem","position":2,"name":"Dreit\u00e4giger Streik bei der UMG Klinikservice GmbH hat begonnen"}]},{"@type":"WebSite","@id":"https:\/\/radioleinewelle.de\/#website","url":"https:\/\/radioleinewelle.de\/","name":"Radio Leinewelle","description":"","publisher":{"@id":"https:\/\/radioleinewelle.de\/#organization"},"potentialAction":[{"@type":"SearchAction","target":{"@type":"EntryPoint","urlTemplate":"https:\/\/radioleinewelle.de\/?s={search_term_string}"},"query-input":{"@type":"PropertyValueSpecification","valueRequired":true,"valueName":"search_term_string"}}],"inLanguage":"de"},{"@type":"Organization","@id":"https:\/\/radioleinewelle.de\/#organization","name":"Radio Leinewelle","alternateName":"Mein Radio f\u00fcr S\u00fcdniedersachsen","url":"https:\/\/radioleinewelle.de\/","logo":{"@type":"ImageObject","inLanguage":"de","@id":"https:\/\/radioleinewelle.de\/#\/schema\/logo\/image\/","url":"https:\/\/radioleinewelle.de\/wp-content\/uploads\/2023\/11\/cropped-Leinewelle_Logo_weiss.png","contentUrl":"https:\/\/radioleinewelle.de\/wp-content\/uploads\/2023\/11\/cropped-Leinewelle_Logo_weiss.png","width":854,"height":260,"caption":"Radio Leinewelle"},"image":{"@id":"https:\/\/radioleinewelle.de\/#\/schema\/logo\/image\/"},"sameAs":["https:\/\/www.facebook.com\/radioleinewelle","https:\/\/x.com\/RLeinewelle","https:\/\/www.instagram.com\/radioleinewelle\/?hl=de"]},{"@type":"Person","@id":"https:\/\/radioleinewelle.de\/#\/schema\/person\/45606f348637df637192dc1b68399a63","name":"Leinewelle","image":{"@type":"ImageObject","inLanguage":"de","@id":"https:\/\/secure.gravatar.com\/avatar\/05c9a17bc973052ee5d91549bd32fb4dd0dc85b7b85ae94b2e2b4943476bbea5?s=96&d=blank&r=g","url":"https:\/\/secure.gravatar.com\/avatar\/05c9a17bc973052ee5d91549bd32fb4dd0dc85b7b85ae94b2e2b4943476bbea5?s=96&d=blank&r=g","contentUrl":"https:\/\/secure.gravatar.com\/avatar\/05c9a17bc973052ee5d91549bd32fb4dd0dc85b7b85ae94b2e2b4943476bbea5?s=96&d=blank&r=g","caption":"Leinewelle"},"sameAs":["http:\/\/localhost\/radio%20leinewelle\/wordpress","https:\/\/www.facebook.com\/radioleinewelle","https:\/\/www.instagram.com\/radioleinewelle","https:\/\/x.com\/https:\/\/twitter.com\/RLeinewelle?ref_src=twsrcgoogletwcampserptwgrauthor","https:\/\/soundcloud.com\/foerderverein-lokalradio?utm_source=clipboard&utm_medium=text&utm_campaign=social_sharing"],"url":"https:\/\/radioleinewelle.de\/index.php\/author\/leinewelle\/"}]}},"_links":{"self":[{"href":"https:\/\/radioleinewelle.de\/index.php\/wp-json\/wp\/v2\/posts\/20901","targetHints":{"allow":["GET"]}}],"collection":[{"href":"https:\/\/radioleinewelle.de\/index.php\/wp-json\/wp\/v2\/posts"}],"about":[{"href":"https:\/\/radioleinewelle.de\/index.php\/wp-json\/wp\/v2\/types\/post"}],"author":[{"embeddable":true,"href":"https:\/\/radioleinewelle.de\/index.php\/wp-json\/wp\/v2\/users\/1"}],"replies":[{"embeddable":true,"href":"https:\/\/radioleinewelle.de\/index.php\/wp-json\/wp\/v2\/comments?post=20901"}],"version-history":[{"count":1,"href":"https:\/\/radioleinewelle.de\/index.php\/wp-json\/wp\/v2\/posts\/20901\/revisions"}],"predecessor-version":[{"id":20966,"href":"https:\/\/radioleinewelle.de\/index.php\/wp-json\/wp\/v2\/posts\/20901\/revisions\/20966"}],"wp:featuredmedia":[{"embeddable":true,"href":"https:\/\/radioleinewelle.de\/index.php\/wp-json\/wp\/v2\/media\/20965"}],"wp:attachment":[{"href":"https:\/\/radioleinewelle.de\/index.php\/wp-json\/wp\/v2\/media?parent=20901"}],"wp:term":[{"taxonomy":"category","embeddable":true,"href":"https:\/\/radioleinewelle.de\/index.php\/wp-json\/wp\/v2\/categories?post=20901"},{"taxonomy":"post_tag","embeddable":true,"href":"https:\/\/radioleinewelle.de\/index.php\/wp-json\/wp\/v2\/tags?post=20901"}],"curies":[{"name":"wp","href":"https:\/\/api.w.org\/{rel}","templated":true}]}}