{"id":20909,"date":"2023-01-30T20:57:12","date_gmt":"2023-01-30T19:57:12","guid":{"rendered":"https:\/\/radioleinewelle.de\/?p=17821"},"modified":"2023-02-06T15:06:55","modified_gmt":"2023-02-06T14:06:55","slug":"premiere-im-jungen-theater-corpus-delicti","status":"publish","type":"post","link":"https:\/\/radioleinewelle.de\/index.php\/2023\/01\/30\/premiere-im-jungen-theater-corpus-delicti\/","title":{"rendered":"Premiere im Jungen Theater: Corpus Delicti"},"content":{"rendered":"\n<p>Sant\u00e9! Sant\u00e9! Sant\u00e9! <br>Ganz unter diesem Motto spielt der dystopische Zukunftsroman \u201eCorpus Delicti\u201c von Juli Zeh und auch in der Inszenierung des Jungen Theater G\u00f6ttingen wird dies sofort klar. Schon vor Beginn der Vorstellung wird das Publikum mit diesen Worten leuchtend im B\u00fchnenbild begr\u00fc\u00dft. <\/p>\n\n\n\n<p>Corpus Delicti berichtet von der Biologin Mia Holl, welche ihren Bruder Moritz Holl an die Methode verlor. Die erst trauernde Mia besch\u00e4ftigt sich im Laufe der Handlung immer mehr mit dem von Gesundheit gepr\u00e4gten Rechtssystem und geht am Ende aktiv gegen dieses vor mit der Hilfe ihres Anwalts. Immer wieder im Weg stehen ihr ihre eigenen Ansichten sowieso der \u00fcberzeugte Methoden Journalist Heinrich Kramer. <\/p>\n\n\n\n<p>Durch das St\u00fcck gef\u00fchrt wird das Publikum von Mias Gewissen in Form eines schwarzen Engels. Dieser f\u00fchrt nicht nur als Erz\u00e4hler durch die Handlung, sondern verk\u00f6rpert ebenso die Stimmen in Mias Kopf. Die Inszenierung schafft durch die Wahl der Beleuchtung und Musik eine bedr\u00fcckende und d\u00fcstere Atmosph\u00e4re passend zum ernsten Inhalt. Doch trotz der Ernsthaftigkeit schafft es das JT immer wieder kleine Momente der Com\u00e9die mit einflie\u00dfen zu lassen. <\/p>\n\n\n<div class=\"wp-block-image\">\n<figure class=\"aligncenter size-full\"><img decoding=\"async\" src=\"https:\/\/radioleinewelle.de\/wp-content\/uploads\/2023\/01\/Corpus-Delicti-5_Foto-DHeise-300x200-1.jpg\" alt=\"\" class=\"wp-image-20871\"\/><figcaption class=\"wp-element-caption\"><strong>Sant\u00e9! Sant\u00e9! Sant\u00e9! Diese Begr\u00fc\u00dfung ist in der Zukunft v\u00f6llig normal.<\/strong> Foto: Dorothea Heise<\/figcaption><\/figure>\n<\/div>\n\n\n<p>Trotz dessen, dass die Handlung klar in der Zukunft spielt, bleibt die Frage offen wie aktuell und zeitgem\u00e4\u00df Corpus Delicti doch eigentlich ist? Ein Staat gepr\u00e4gt von Kontrolle und \u00dcberwachung ist lange nicht mehr nur eine Vorstellung der Zukunft oder ein Konzept der Vergangenheit und sollte auch nicht als dieses behandelt werden. Somit trifft das JT mit seiner Inszenierung den Zahn der Zeit und macht auf die Thematik aufmerksam. <\/p>\n\n\n\n<p>Corpus Delicti in der Inszenierung von Kalma Streun ist ein empfehlenswertes St\u00fcck f\u00fcr einen geistreichen Theaterabend. Weitere Informationen zum St\u00fcck sowie dem Kartenverkauf finden Sie unter: <br><a href=\"http:\/\/www.junges-theater.de\/stueck\/corpus-delicti\/\">www.junges-theater.de\/stueck\/corpus-delicti\/<\/a><\/p>\n\n\n\n<p><strong>von Laura Frob\u00f6se<\/strong> \/ Fotos: Dorothea Heise<\/p>\n","protected":false},"excerpt":{"rendered":"<p>Sant\u00e9! Sant\u00e9! Sant\u00e9! Ganz unter diesem Motto spielt der dystopische Zukunftsroman \u201eCorpus Delicti\u201c von Juli Zeh und auch in der Inszenierung des Jungen Theater G\u00f6ttingen wird dies sofort klar. Schon vor Beginn der Vorstellung wird das Publikum mit diesen Worten leuchtend im B\u00fchnenbild begr\u00fc\u00dft. Corpus Delicti berichtet von der Biologin Mia Holl, welche ihren Bruder [&hellip;]<\/p>\n","protected":false},"author":1,"featured_media":0,"comment_status":"closed","ping_status":"closed","sticky":true,"template":"","format":"standard","meta":{"saved_in_kubio":false,"footnotes":""},"categories":[1],"tags":[3840,3841,1166,3842,3843,3844],"class_list":["post-20909","post","type-post","status-publish","format-standard","hentry","category-allgemein","tag-corpus-delicti","tag-juli-zeh","tag-junges-theater-goettingen","tag-kritik","tag-kultur-goettingen","tag-theater"],"yoast_head":"<!-- This site is optimized with the Yoast SEO plugin v27.5 - https:\/\/yoast.com\/product\/yoast-seo-wordpress\/ -->\n<title>Premiere im Jungen Theater: Corpus Delicti - Radio Leinewelle<\/title>\n<meta name=\"robots\" content=\"index, follow, max-snippet:-1, max-image-preview:large, max-video-preview:-1\" \/>\n<link rel=\"canonical\" href=\"https:\/\/radioleinewelle.de\/index.php\/2023\/01\/30\/premiere-im-jungen-theater-corpus-delicti\/\" \/>\n<meta property=\"og:locale\" content=\"de_DE\" \/>\n<meta property=\"og:type\" content=\"article\" \/>\n<meta property=\"og:title\" content=\"Premiere im Jungen Theater: Corpus Delicti - Radio Leinewelle\" \/>\n<meta property=\"og:description\" content=\"Sant\u00e9! Sant\u00e9! Sant\u00e9! Ganz unter diesem Motto spielt der dystopische Zukunftsroman \u201eCorpus Delicti\u201c von Juli Zeh und auch in der Inszenierung des Jungen Theater G\u00f6ttingen wird dies sofort klar. Schon vor Beginn der Vorstellung wird das Publikum mit diesen Worten leuchtend im B\u00fchnenbild begr\u00fc\u00dft. Corpus Delicti berichtet von der Biologin Mia Holl, welche ihren Bruder [&hellip;]\" \/>\n<meta property=\"og:url\" content=\"https:\/\/radioleinewelle.de\/index.php\/2023\/01\/30\/premiere-im-jungen-theater-corpus-delicti\/\" \/>\n<meta property=\"og:site_name\" content=\"Radio Leinewelle\" \/>\n<meta property=\"article:publisher\" content=\"https:\/\/www.facebook.com\/radioleinewelle\" \/>\n<meta property=\"article:author\" content=\"https:\/\/www.facebook.com\/radioleinewelle\" \/>\n<meta property=\"article:published_time\" content=\"2023-01-30T19:57:12+00:00\" \/>\n<meta property=\"article:modified_time\" content=\"2023-02-06T14:06:55+00:00\" \/>\n<meta property=\"og:image\" content=\"https:\/\/radioleinewelle.de\/wp-content\/uploads\/2023\/01\/Corpus-Delicti-5_Foto-DHeise-300x200-1.jpg\" \/>\n<meta name=\"author\" content=\"Leinewelle\" \/>\n<meta name=\"twitter:card\" content=\"summary_large_image\" \/>\n<meta name=\"twitter:creator\" content=\"@https:\/\/twitter.com\/RLeinewelle?ref_src=twsrcgoogletwcampserptwgrauthor\" \/>\n<meta name=\"twitter:site\" content=\"@RLeinewelle\" \/>\n<meta name=\"twitter:label1\" content=\"Verfasst von\" \/>\n\t<meta name=\"twitter:data1\" content=\"Leinewelle\" \/>\n\t<meta name=\"twitter:label2\" content=\"Gesch\u00e4tzte Lesezeit\" \/>\n\t<meta name=\"twitter:data2\" content=\"2\u00a0Minuten\" \/>\n<script type=\"application\/ld+json\" class=\"yoast-schema-graph\">{\"@context\":\"https:\\\/\\\/schema.org\",\"@graph\":[{\"@type\":\"Article\",\"@id\":\"https:\\\/\\\/radioleinewelle.de\\\/index.php\\\/2023\\\/01\\\/30\\\/premiere-im-jungen-theater-corpus-delicti\\\/#article\",\"isPartOf\":{\"@id\":\"https:\\\/\\\/radioleinewelle.de\\\/index.php\\\/2023\\\/01\\\/30\\\/premiere-im-jungen-theater-corpus-delicti\\\/\"},\"author\":{\"name\":\"Leinewelle\",\"@id\":\"https:\\\/\\\/radioleinewelle.de\\\/#\\\/schema\\\/person\\\/45606f348637df637192dc1b68399a63\"},\"headline\":\"Premiere im Jungen Theater: Corpus Delicti\",\"datePublished\":\"2023-01-30T19:57:12+00:00\",\"dateModified\":\"2023-02-06T14:06:55+00:00\",\"mainEntityOfPage\":{\"@id\":\"https:\\\/\\\/radioleinewelle.de\\\/index.php\\\/2023\\\/01\\\/30\\\/premiere-im-jungen-theater-corpus-delicti\\\/\"},\"wordCount\":325,\"publisher\":{\"@id\":\"https:\\\/\\\/radioleinewelle.de\\\/#organization\"},\"image\":{\"@id\":\"https:\\\/\\\/radioleinewelle.de\\\/index.php\\\/2023\\\/01\\\/30\\\/premiere-im-jungen-theater-corpus-delicti\\\/#primaryimage\"},\"thumbnailUrl\":\"https:\\\/\\\/radioleinewelle.de\\\/wp-content\\\/uploads\\\/2023\\\/01\\\/Corpus-Delicti-5_Foto-DHeise-300x200-1.jpg\",\"keywords\":[\"Corpus Delicti\",\"Juli Zeh\",\"Junges Theater G\u00f6ttingen\",\"Kritik\",\"Kultur G\u00f6ttingen\",\"Theater\"],\"inLanguage\":\"de\"},{\"@type\":\"WebPage\",\"@id\":\"https:\\\/\\\/radioleinewelle.de\\\/index.php\\\/2023\\\/01\\\/30\\\/premiere-im-jungen-theater-corpus-delicti\\\/\",\"url\":\"https:\\\/\\\/radioleinewelle.de\\\/index.php\\\/2023\\\/01\\\/30\\\/premiere-im-jungen-theater-corpus-delicti\\\/\",\"name\":\"Premiere im Jungen Theater: Corpus Delicti - Radio Leinewelle\",\"isPartOf\":{\"@id\":\"https:\\\/\\\/radioleinewelle.de\\\/#website\"},\"primaryImageOfPage\":{\"@id\":\"https:\\\/\\\/radioleinewelle.de\\\/index.php\\\/2023\\\/01\\\/30\\\/premiere-im-jungen-theater-corpus-delicti\\\/#primaryimage\"},\"image\":{\"@id\":\"https:\\\/\\\/radioleinewelle.de\\\/index.php\\\/2023\\\/01\\\/30\\\/premiere-im-jungen-theater-corpus-delicti\\\/#primaryimage\"},\"thumbnailUrl\":\"https:\\\/\\\/radioleinewelle.de\\\/wp-content\\\/uploads\\\/2023\\\/01\\\/Corpus-Delicti-5_Foto-DHeise-300x200-1.jpg\",\"datePublished\":\"2023-01-30T19:57:12+00:00\",\"dateModified\":\"2023-02-06T14:06:55+00:00\",\"breadcrumb\":{\"@id\":\"https:\\\/\\\/radioleinewelle.de\\\/index.php\\\/2023\\\/01\\\/30\\\/premiere-im-jungen-theater-corpus-delicti\\\/#breadcrumb\"},\"inLanguage\":\"de\",\"potentialAction\":[{\"@type\":\"ReadAction\",\"target\":[\"https:\\\/\\\/radioleinewelle.de\\\/index.php\\\/2023\\\/01\\\/30\\\/premiere-im-jungen-theater-corpus-delicti\\\/\"]}]},{\"@type\":\"ImageObject\",\"inLanguage\":\"de\",\"@id\":\"https:\\\/\\\/radioleinewelle.de\\\/index.php\\\/2023\\\/01\\\/30\\\/premiere-im-jungen-theater-corpus-delicti\\\/#primaryimage\",\"url\":\"https:\\\/\\\/radioleinewelle.de\\\/wp-content\\\/uploads\\\/2023\\\/01\\\/Corpus-Delicti-5_Foto-DHeise-300x200-1.jpg\",\"contentUrl\":\"https:\\\/\\\/radioleinewelle.de\\\/wp-content\\\/uploads\\\/2023\\\/01\\\/Corpus-Delicti-5_Foto-DHeise-300x200-1.jpg\"},{\"@type\":\"BreadcrumbList\",\"@id\":\"https:\\\/\\\/radioleinewelle.de\\\/index.php\\\/2023\\\/01\\\/30\\\/premiere-im-jungen-theater-corpus-delicti\\\/#breadcrumb\",\"itemListElement\":[{\"@type\":\"ListItem\",\"position\":1,\"name\":\"Startseite\",\"item\":\"https:\\\/\\\/radioleinewelle.de\\\/\"},{\"@type\":\"ListItem\",\"position\":2,\"name\":\"Premiere im Jungen Theater: Corpus Delicti\"}]},{\"@type\":\"WebSite\",\"@id\":\"https:\\\/\\\/radioleinewelle.de\\\/#website\",\"url\":\"https:\\\/\\\/radioleinewelle.de\\\/\",\"name\":\"Radio Leinewelle\",\"description\":\"\",\"publisher\":{\"@id\":\"https:\\\/\\\/radioleinewelle.de\\\/#organization\"},\"potentialAction\":[{\"@type\":\"SearchAction\",\"target\":{\"@type\":\"EntryPoint\",\"urlTemplate\":\"https:\\\/\\\/radioleinewelle.de\\\/?s={search_term_string}\"},\"query-input\":{\"@type\":\"PropertyValueSpecification\",\"valueRequired\":true,\"valueName\":\"search_term_string\"}}],\"inLanguage\":\"de\"},{\"@type\":\"Organization\",\"@id\":\"https:\\\/\\\/radioleinewelle.de\\\/#organization\",\"name\":\"Radio Leinewelle\",\"alternateName\":\"Mein Radio f\u00fcr S\u00fcdniedersachsen\",\"url\":\"https:\\\/\\\/radioleinewelle.de\\\/\",\"logo\":{\"@type\":\"ImageObject\",\"inLanguage\":\"de\",\"@id\":\"https:\\\/\\\/radioleinewelle.de\\\/#\\\/schema\\\/logo\\\/image\\\/\",\"url\":\"https:\\\/\\\/radioleinewelle.de\\\/wp-content\\\/uploads\\\/2023\\\/11\\\/cropped-Leinewelle_Logo_weiss.png\",\"contentUrl\":\"https:\\\/\\\/radioleinewelle.de\\\/wp-content\\\/uploads\\\/2023\\\/11\\\/cropped-Leinewelle_Logo_weiss.png\",\"width\":854,\"height\":260,\"caption\":\"Radio Leinewelle\"},\"image\":{\"@id\":\"https:\\\/\\\/radioleinewelle.de\\\/#\\\/schema\\\/logo\\\/image\\\/\"},\"sameAs\":[\"https:\\\/\\\/www.facebook.com\\\/radioleinewelle\",\"https:\\\/\\\/x.com\\\/RLeinewelle\",\"https:\\\/\\\/www.instagram.com\\\/radioleinewelle\\\/?hl=de\"]},{\"@type\":\"Person\",\"@id\":\"https:\\\/\\\/radioleinewelle.de\\\/#\\\/schema\\\/person\\\/45606f348637df637192dc1b68399a63\",\"name\":\"Leinewelle\",\"image\":{\"@type\":\"ImageObject\",\"inLanguage\":\"de\",\"@id\":\"https:\\\/\\\/secure.gravatar.com\\\/avatar\\\/05c9a17bc973052ee5d91549bd32fb4dd0dc85b7b85ae94b2e2b4943476bbea5?s=96&d=blank&r=g\",\"url\":\"https:\\\/\\\/secure.gravatar.com\\\/avatar\\\/05c9a17bc973052ee5d91549bd32fb4dd0dc85b7b85ae94b2e2b4943476bbea5?s=96&d=blank&r=g\",\"contentUrl\":\"https:\\\/\\\/secure.gravatar.com\\\/avatar\\\/05c9a17bc973052ee5d91549bd32fb4dd0dc85b7b85ae94b2e2b4943476bbea5?s=96&d=blank&r=g\",\"caption\":\"Leinewelle\"},\"sameAs\":[\"http:\\\/\\\/localhost\\\/radio%20leinewelle\\\/wordpress\",\"https:\\\/\\\/www.facebook.com\\\/radioleinewelle\",\"https:\\\/\\\/www.instagram.com\\\/radioleinewelle\",\"https:\\\/\\\/x.com\\\/https:\\\/\\\/twitter.com\\\/RLeinewelle?ref_src=twsrcgoogletwcampserptwgrauthor\",\"https:\\\/\\\/soundcloud.com\\\/foerderverein-lokalradio?utm_source=clipboard&utm_medium=text&utm_campaign=social_sharing\"],\"url\":\"https:\\\/\\\/radioleinewelle.de\\\/index.php\\\/author\\\/leinewelle\\\/\"}]}<\/script>\n<!-- \/ Yoast SEO plugin. -->","yoast_head_json":{"title":"Premiere im Jungen Theater: Corpus Delicti - Radio Leinewelle","robots":{"index":"index","follow":"follow","max-snippet":"max-snippet:-1","max-image-preview":"max-image-preview:large","max-video-preview":"max-video-preview:-1"},"canonical":"https:\/\/radioleinewelle.de\/index.php\/2023\/01\/30\/premiere-im-jungen-theater-corpus-delicti\/","og_locale":"de_DE","og_type":"article","og_title":"Premiere im Jungen Theater: Corpus Delicti - Radio Leinewelle","og_description":"Sant\u00e9! Sant\u00e9! Sant\u00e9! Ganz unter diesem Motto spielt der dystopische Zukunftsroman \u201eCorpus Delicti\u201c von Juli Zeh und auch in der Inszenierung des Jungen Theater G\u00f6ttingen wird dies sofort klar. Schon vor Beginn der Vorstellung wird das Publikum mit diesen Worten leuchtend im B\u00fchnenbild begr\u00fc\u00dft. Corpus Delicti berichtet von der Biologin Mia Holl, welche ihren Bruder [&hellip;]","og_url":"https:\/\/radioleinewelle.de\/index.php\/2023\/01\/30\/premiere-im-jungen-theater-corpus-delicti\/","og_site_name":"Radio Leinewelle","article_publisher":"https:\/\/www.facebook.com\/radioleinewelle","article_author":"https:\/\/www.facebook.com\/radioleinewelle","article_published_time":"2023-01-30T19:57:12+00:00","article_modified_time":"2023-02-06T14:06:55+00:00","og_image":[{"url":"https:\/\/radioleinewelle.de\/wp-content\/uploads\/2023\/01\/Corpus-Delicti-5_Foto-DHeise-300x200-1.jpg","type":"","width":"","height":""}],"author":"Leinewelle","twitter_card":"summary_large_image","twitter_creator":"@https:\/\/twitter.com\/RLeinewelle?ref_src=twsrcgoogletwcampserptwgrauthor","twitter_site":"@RLeinewelle","twitter_misc":{"Verfasst von":"Leinewelle","Gesch\u00e4tzte Lesezeit":"2\u00a0Minuten"},"schema":{"@context":"https:\/\/schema.org","@graph":[{"@type":"Article","@id":"https:\/\/radioleinewelle.de\/index.php\/2023\/01\/30\/premiere-im-jungen-theater-corpus-delicti\/#article","isPartOf":{"@id":"https:\/\/radioleinewelle.de\/index.php\/2023\/01\/30\/premiere-im-jungen-theater-corpus-delicti\/"},"author":{"name":"Leinewelle","@id":"https:\/\/radioleinewelle.de\/#\/schema\/person\/45606f348637df637192dc1b68399a63"},"headline":"Premiere im Jungen Theater: Corpus Delicti","datePublished":"2023-01-30T19:57:12+00:00","dateModified":"2023-02-06T14:06:55+00:00","mainEntityOfPage":{"@id":"https:\/\/radioleinewelle.de\/index.php\/2023\/01\/30\/premiere-im-jungen-theater-corpus-delicti\/"},"wordCount":325,"publisher":{"@id":"https:\/\/radioleinewelle.de\/#organization"},"image":{"@id":"https:\/\/radioleinewelle.de\/index.php\/2023\/01\/30\/premiere-im-jungen-theater-corpus-delicti\/#primaryimage"},"thumbnailUrl":"https:\/\/radioleinewelle.de\/wp-content\/uploads\/2023\/01\/Corpus-Delicti-5_Foto-DHeise-300x200-1.jpg","keywords":["Corpus Delicti","Juli Zeh","Junges Theater G\u00f6ttingen","Kritik","Kultur G\u00f6ttingen","Theater"],"inLanguage":"de"},{"@type":"WebPage","@id":"https:\/\/radioleinewelle.de\/index.php\/2023\/01\/30\/premiere-im-jungen-theater-corpus-delicti\/","url":"https:\/\/radioleinewelle.de\/index.php\/2023\/01\/30\/premiere-im-jungen-theater-corpus-delicti\/","name":"Premiere im Jungen Theater: Corpus Delicti - Radio Leinewelle","isPartOf":{"@id":"https:\/\/radioleinewelle.de\/#website"},"primaryImageOfPage":{"@id":"https:\/\/radioleinewelle.de\/index.php\/2023\/01\/30\/premiere-im-jungen-theater-corpus-delicti\/#primaryimage"},"image":{"@id":"https:\/\/radioleinewelle.de\/index.php\/2023\/01\/30\/premiere-im-jungen-theater-corpus-delicti\/#primaryimage"},"thumbnailUrl":"https:\/\/radioleinewelle.de\/wp-content\/uploads\/2023\/01\/Corpus-Delicti-5_Foto-DHeise-300x200-1.jpg","datePublished":"2023-01-30T19:57:12+00:00","dateModified":"2023-02-06T14:06:55+00:00","breadcrumb":{"@id":"https:\/\/radioleinewelle.de\/index.php\/2023\/01\/30\/premiere-im-jungen-theater-corpus-delicti\/#breadcrumb"},"inLanguage":"de","potentialAction":[{"@type":"ReadAction","target":["https:\/\/radioleinewelle.de\/index.php\/2023\/01\/30\/premiere-im-jungen-theater-corpus-delicti\/"]}]},{"@type":"ImageObject","inLanguage":"de","@id":"https:\/\/radioleinewelle.de\/index.php\/2023\/01\/30\/premiere-im-jungen-theater-corpus-delicti\/#primaryimage","url":"https:\/\/radioleinewelle.de\/wp-content\/uploads\/2023\/01\/Corpus-Delicti-5_Foto-DHeise-300x200-1.jpg","contentUrl":"https:\/\/radioleinewelle.de\/wp-content\/uploads\/2023\/01\/Corpus-Delicti-5_Foto-DHeise-300x200-1.jpg"},{"@type":"BreadcrumbList","@id":"https:\/\/radioleinewelle.de\/index.php\/2023\/01\/30\/premiere-im-jungen-theater-corpus-delicti\/#breadcrumb","itemListElement":[{"@type":"ListItem","position":1,"name":"Startseite","item":"https:\/\/radioleinewelle.de\/"},{"@type":"ListItem","position":2,"name":"Premiere im Jungen Theater: Corpus Delicti"}]},{"@type":"WebSite","@id":"https:\/\/radioleinewelle.de\/#website","url":"https:\/\/radioleinewelle.de\/","name":"Radio Leinewelle","description":"","publisher":{"@id":"https:\/\/radioleinewelle.de\/#organization"},"potentialAction":[{"@type":"SearchAction","target":{"@type":"EntryPoint","urlTemplate":"https:\/\/radioleinewelle.de\/?s={search_term_string}"},"query-input":{"@type":"PropertyValueSpecification","valueRequired":true,"valueName":"search_term_string"}}],"inLanguage":"de"},{"@type":"Organization","@id":"https:\/\/radioleinewelle.de\/#organization","name":"Radio Leinewelle","alternateName":"Mein Radio f\u00fcr S\u00fcdniedersachsen","url":"https:\/\/radioleinewelle.de\/","logo":{"@type":"ImageObject","inLanguage":"de","@id":"https:\/\/radioleinewelle.de\/#\/schema\/logo\/image\/","url":"https:\/\/radioleinewelle.de\/wp-content\/uploads\/2023\/11\/cropped-Leinewelle_Logo_weiss.png","contentUrl":"https:\/\/radioleinewelle.de\/wp-content\/uploads\/2023\/11\/cropped-Leinewelle_Logo_weiss.png","width":854,"height":260,"caption":"Radio Leinewelle"},"image":{"@id":"https:\/\/radioleinewelle.de\/#\/schema\/logo\/image\/"},"sameAs":["https:\/\/www.facebook.com\/radioleinewelle","https:\/\/x.com\/RLeinewelle","https:\/\/www.instagram.com\/radioleinewelle\/?hl=de"]},{"@type":"Person","@id":"https:\/\/radioleinewelle.de\/#\/schema\/person\/45606f348637df637192dc1b68399a63","name":"Leinewelle","image":{"@type":"ImageObject","inLanguage":"de","@id":"https:\/\/secure.gravatar.com\/avatar\/05c9a17bc973052ee5d91549bd32fb4dd0dc85b7b85ae94b2e2b4943476bbea5?s=96&d=blank&r=g","url":"https:\/\/secure.gravatar.com\/avatar\/05c9a17bc973052ee5d91549bd32fb4dd0dc85b7b85ae94b2e2b4943476bbea5?s=96&d=blank&r=g","contentUrl":"https:\/\/secure.gravatar.com\/avatar\/05c9a17bc973052ee5d91549bd32fb4dd0dc85b7b85ae94b2e2b4943476bbea5?s=96&d=blank&r=g","caption":"Leinewelle"},"sameAs":["http:\/\/localhost\/radio%20leinewelle\/wordpress","https:\/\/www.facebook.com\/radioleinewelle","https:\/\/www.instagram.com\/radioleinewelle","https:\/\/x.com\/https:\/\/twitter.com\/RLeinewelle?ref_src=twsrcgoogletwcampserptwgrauthor","https:\/\/soundcloud.com\/foerderverein-lokalradio?utm_source=clipboard&utm_medium=text&utm_campaign=social_sharing"],"url":"https:\/\/radioleinewelle.de\/index.php\/author\/leinewelle\/"}]}},"_links":{"self":[{"href":"https:\/\/radioleinewelle.de\/index.php\/wp-json\/wp\/v2\/posts\/20909","targetHints":{"allow":["GET"]}}],"collection":[{"href":"https:\/\/radioleinewelle.de\/index.php\/wp-json\/wp\/v2\/posts"}],"about":[{"href":"https:\/\/radioleinewelle.de\/index.php\/wp-json\/wp\/v2\/types\/post"}],"author":[{"embeddable":true,"href":"https:\/\/radioleinewelle.de\/index.php\/wp-json\/wp\/v2\/users\/1"}],"replies":[{"embeddable":true,"href":"https:\/\/radioleinewelle.de\/index.php\/wp-json\/wp\/v2\/comments?post=20909"}],"version-history":[{"count":2,"href":"https:\/\/radioleinewelle.de\/index.php\/wp-json\/wp\/v2\/posts\/20909\/revisions"}],"predecessor-version":[{"id":21547,"href":"https:\/\/radioleinewelle.de\/index.php\/wp-json\/wp\/v2\/posts\/20909\/revisions\/21547"}],"wp:attachment":[{"href":"https:\/\/radioleinewelle.de\/index.php\/wp-json\/wp\/v2\/media?parent=20909"}],"wp:term":[{"taxonomy":"category","embeddable":true,"href":"https:\/\/radioleinewelle.de\/index.php\/wp-json\/wp\/v2\/categories?post=20909"},{"taxonomy":"post_tag","embeddable":true,"href":"https:\/\/radioleinewelle.de\/index.php\/wp-json\/wp\/v2\/tags?post=20909"}],"curies":[{"name":"wp","href":"https:\/\/api.w.org\/{rel}","templated":true}]}}