{"id":2096,"date":"2020-10-06T05:47:30","date_gmt":"2020-10-06T03:47:30","guid":{"rendered":"https:\/\/radioleinewelle.de\/?p=2096"},"modified":"2020-10-06T05:47:30","modified_gmt":"2020-10-06T03:47:30","slug":"da-geht-doch-was-in-hildesheim","status":"publish","type":"post","link":"https:\/\/radioleinewelle.de\/index.php\/2020\/10\/06\/da-geht-doch-was-in-hildesheim\/","title":{"rendered":"Da geht doch was in Hildesheim!"},"content":{"rendered":"<p>Der Freundeskreis Kulturhauptstadt 2025 unterst\u00fctzt die Bewerbung der Stadt mit einem Image-Film.\u00a0Viele meinen, Hildesheim w\u00e4re nicht bedeutsam genug f\u00fcr den Titel Europ\u00e4ische Kulturhauptstadt? Als sich vor f\u00fcnf Jahren der Freundeskreis Kulturhauptstadt 2025 \u00fcber die Idee der Bewerbung formierte, waren weite Teile der \u00d6ffentlichkeit voller Sorge, Hildesheim k\u00f6nnte f\u00fcr diesen gro\u00dfen europ\u00e4ischen Titel nicht stark genug sein oder gar zu wenig zu bieten haben. Gegen diese Gef\u00fchle engagierte sich der Freundeskreis von Anfang an \u2013 jetzt hat er nach vielen vorherigen Aktionen den Image-Film \u201eHilde\u201c produzieren lassen, in dem sogar der Filmstar Diane Kr\u00fcger auftritt.<\/p>\n<p><iframe loading=\"lazy\" title=\"Hilde hilft - Reupload\" width=\"444\" height=\"250\" src=\"https:\/\/www.youtube.com\/embed\/vFQL0bRbY-U?feature=oembed\" frameborder=\"0\" allow=\"accelerometer; autoplay; clipboard-write; encrypted-media; gyroscope; picture-in-picture; web-share\" allowfullscreen><\/iframe><\/p>\n<p>Ermutigt von den gro\u00dfen Jubil\u00e4en 1000 Jahre St. Michaelis (2010) und 1200 Jahre Bistum (2015) sollte das dadurch gest\u00e4rkte Stadtgef\u00fchl nicht wieder verloren gehen. Der Freundeskreis Kulturhauptstadt 2025 hat den Image-Film \u201eHilde\u201c aber auch produzieren lassen, damit die B\u00fcrgerinnen und B\u00fcrger in Stadt und Landkreis Hildesheim eine neue Sicht auf ihre Stadt entwickeln und um den Weg zur Kulturhauptstadt zu unterst\u00fctzen. Der Film bedient sich der Werkzeuge der Ironie, nimmt emotional Vorurteile auf und rahmt sie neu. Sehr emotional mitnehmend wird eine Geschichte in der Stelu\u00b4s Cafe Bar erz\u00e4hlt, in der die Akteure fr\u00f6hlich und stolz auf Hildesheim sind. Ansteckend wird gelacht und ein Gast, der neu in Hildesheim ist, wird szenisch und liebevoll umarmt. Die Tatsache, dass es mit der Schauspielerin Diane Kr\u00fcger eine Unterst\u00fctzung direkt aus Hollywood gibt, unterstreicht die Witzigkeit, die die Selbstironie auf die Spitze treibt.<\/p>\n<p>Mehr gibt es <a href=\"https:\/\/hildesheim2025.eu\/hilde-hilft\/\">hier<\/a><\/p>\n<p>&nbsp;<\/p>\n<p>Bild von <a href=\"https:\/\/pixabay.com\/de\/users\/falco-81448\/?utm_source=link-attribution&amp;utm_medium=referral&amp;utm_campaign=image&amp;utm_content=1036718\">falco<\/a> auf <a href=\"https:\/\/pixabay.com\/de\/?utm_source=link-attribution&amp;utm_medium=referral&amp;utm_campaign=image&amp;utm_content=1036718\">Pixabay<\/a><\/p>\n","protected":false},"excerpt":{"rendered":"<p>Der Freundeskreis Kulturhauptstadt 2025 unterst\u00fctzt die Bewerbung der Stadt mit einem Image-Film.\u00a0Viele meinen, Hildesheim w\u00e4re nicht bedeutsam genug f\u00fcr den Titel Europ\u00e4ische Kulturhauptstadt? Als sich vor f\u00fcnf Jahren der Freundeskreis Kulturhauptstadt 2025 \u00fcber die Idee der Bewerbung formierte, waren weite Teile der \u00d6ffentlichkeit voller Sorge, Hildesheim k\u00f6nnte f\u00fcr diesen gro\u00dfen europ\u00e4ischen Titel nicht stark genug [&hellip;]<\/p>\n","protected":false},"author":1,"featured_media":2118,"comment_status":"closed","ping_status":"closed","sticky":false,"template":"","format":"standard","meta":{"saved_in_kubio":false,"footnotes":""},"categories":[1],"tags":[],"class_list":["post-2096","post","type-post","status-publish","format-standard","has-post-thumbnail","hentry","category-allgemein"],"yoast_head":"<!-- This site is optimized with the Yoast SEO plugin v27.5 - https:\/\/yoast.com\/product\/yoast-seo-wordpress\/ -->\n<title>Da geht doch was in Hildesheim! - Radio Leinewelle<\/title>\n<meta name=\"robots\" content=\"index, follow, max-snippet:-1, max-image-preview:large, max-video-preview:-1\" \/>\n<link rel=\"canonical\" href=\"https:\/\/radioleinewelle.de\/index.php\/2020\/10\/06\/da-geht-doch-was-in-hildesheim\/\" \/>\n<meta property=\"og:locale\" content=\"de_DE\" \/>\n<meta property=\"og:type\" content=\"article\" \/>\n<meta property=\"og:title\" content=\"Da geht doch was in Hildesheim! - Radio Leinewelle\" \/>\n<meta property=\"og:description\" content=\"Der Freundeskreis Kulturhauptstadt 2025 unterst\u00fctzt die Bewerbung der Stadt mit einem Image-Film.\u00a0Viele meinen, Hildesheim w\u00e4re nicht bedeutsam genug f\u00fcr den Titel Europ\u00e4ische Kulturhauptstadt? Als sich vor f\u00fcnf Jahren der Freundeskreis Kulturhauptstadt 2025 \u00fcber die Idee der Bewerbung formierte, waren weite Teile der \u00d6ffentlichkeit voller Sorge, Hildesheim k\u00f6nnte f\u00fcr diesen gro\u00dfen europ\u00e4ischen Titel nicht stark genug [&hellip;]\" \/>\n<meta property=\"og:url\" content=\"https:\/\/radioleinewelle.de\/index.php\/2020\/10\/06\/da-geht-doch-was-in-hildesheim\/\" \/>\n<meta property=\"og:site_name\" content=\"Radio Leinewelle\" \/>\n<meta property=\"article:publisher\" content=\"https:\/\/www.facebook.com\/radioleinewelle\" \/>\n<meta property=\"article:author\" content=\"https:\/\/www.facebook.com\/radioleinewelle\" \/>\n<meta property=\"article:published_time\" content=\"2020-10-06T03:47:30+00:00\" \/>\n<meta property=\"og:image\" content=\"https:\/\/radioleinewelle.de\/wp-content\/uploads\/2020\/10\/hildesheim-germany-1036718_640.jpg\" \/>\n\t<meta property=\"og:image:width\" content=\"640\" \/>\n\t<meta property=\"og:image:height\" content=\"480\" \/>\n\t<meta property=\"og:image:type\" content=\"image\/jpeg\" \/>\n<meta name=\"author\" content=\"Leinewelle\" \/>\n<meta name=\"twitter:card\" content=\"summary_large_image\" \/>\n<meta name=\"twitter:creator\" content=\"@https:\/\/twitter.com\/RLeinewelle?ref_src=twsrcgoogletwcampserptwgrauthor\" \/>\n<meta name=\"twitter:site\" content=\"@RLeinewelle\" \/>\n<meta name=\"twitter:label1\" content=\"Verfasst von\" \/>\n\t<meta name=\"twitter:data1\" content=\"Leinewelle\" \/>\n\t<meta name=\"twitter:label2\" content=\"Gesch\u00e4tzte Lesezeit\" \/>\n\t<meta name=\"twitter:data2\" content=\"1\u00a0Minute\" \/>\n<script type=\"application\/ld+json\" class=\"yoast-schema-graph\">{\"@context\":\"https:\\\/\\\/schema.org\",\"@graph\":[{\"@type\":\"Article\",\"@id\":\"https:\\\/\\\/radioleinewelle.de\\\/index.php\\\/2020\\\/10\\\/06\\\/da-geht-doch-was-in-hildesheim\\\/#article\",\"isPartOf\":{\"@id\":\"https:\\\/\\\/radioleinewelle.de\\\/index.php\\\/2020\\\/10\\\/06\\\/da-geht-doch-was-in-hildesheim\\\/\"},\"author\":{\"name\":\"Leinewelle\",\"@id\":\"https:\\\/\\\/radioleinewelle.de\\\/#\\\/schema\\\/person\\\/45606f348637df637192dc1b68399a63\"},\"headline\":\"Da geht doch was in Hildesheim!\",\"datePublished\":\"2020-10-06T03:47:30+00:00\",\"mainEntityOfPage\":{\"@id\":\"https:\\\/\\\/radioleinewelle.de\\\/index.php\\\/2020\\\/10\\\/06\\\/da-geht-doch-was-in-hildesheim\\\/\"},\"wordCount\":275,\"publisher\":{\"@id\":\"https:\\\/\\\/radioleinewelle.de\\\/#organization\"},\"image\":{\"@id\":\"https:\\\/\\\/radioleinewelle.de\\\/index.php\\\/2020\\\/10\\\/06\\\/da-geht-doch-was-in-hildesheim\\\/#primaryimage\"},\"thumbnailUrl\":\"https:\\\/\\\/radioleinewelle.de\\\/wp-content\\\/uploads\\\/2020\\\/10\\\/hildesheim-germany-1036718_640.jpg\",\"inLanguage\":\"de\"},{\"@type\":\"WebPage\",\"@id\":\"https:\\\/\\\/radioleinewelle.de\\\/index.php\\\/2020\\\/10\\\/06\\\/da-geht-doch-was-in-hildesheim\\\/\",\"url\":\"https:\\\/\\\/radioleinewelle.de\\\/index.php\\\/2020\\\/10\\\/06\\\/da-geht-doch-was-in-hildesheim\\\/\",\"name\":\"Da geht doch was in Hildesheim! - Radio Leinewelle\",\"isPartOf\":{\"@id\":\"https:\\\/\\\/radioleinewelle.de\\\/#website\"},\"primaryImageOfPage\":{\"@id\":\"https:\\\/\\\/radioleinewelle.de\\\/index.php\\\/2020\\\/10\\\/06\\\/da-geht-doch-was-in-hildesheim\\\/#primaryimage\"},\"image\":{\"@id\":\"https:\\\/\\\/radioleinewelle.de\\\/index.php\\\/2020\\\/10\\\/06\\\/da-geht-doch-was-in-hildesheim\\\/#primaryimage\"},\"thumbnailUrl\":\"https:\\\/\\\/radioleinewelle.de\\\/wp-content\\\/uploads\\\/2020\\\/10\\\/hildesheim-germany-1036718_640.jpg\",\"datePublished\":\"2020-10-06T03:47:30+00:00\",\"breadcrumb\":{\"@id\":\"https:\\\/\\\/radioleinewelle.de\\\/index.php\\\/2020\\\/10\\\/06\\\/da-geht-doch-was-in-hildesheim\\\/#breadcrumb\"},\"inLanguage\":\"de\",\"potentialAction\":[{\"@type\":\"ReadAction\",\"target\":[\"https:\\\/\\\/radioleinewelle.de\\\/index.php\\\/2020\\\/10\\\/06\\\/da-geht-doch-was-in-hildesheim\\\/\"]}]},{\"@type\":\"ImageObject\",\"inLanguage\":\"de\",\"@id\":\"https:\\\/\\\/radioleinewelle.de\\\/index.php\\\/2020\\\/10\\\/06\\\/da-geht-doch-was-in-hildesheim\\\/#primaryimage\",\"url\":\"https:\\\/\\\/radioleinewelle.de\\\/wp-content\\\/uploads\\\/2020\\\/10\\\/hildesheim-germany-1036718_640.jpg\",\"contentUrl\":\"https:\\\/\\\/radioleinewelle.de\\\/wp-content\\\/uploads\\\/2020\\\/10\\\/hildesheim-germany-1036718_640.jpg\",\"width\":640,\"height\":480},{\"@type\":\"BreadcrumbList\",\"@id\":\"https:\\\/\\\/radioleinewelle.de\\\/index.php\\\/2020\\\/10\\\/06\\\/da-geht-doch-was-in-hildesheim\\\/#breadcrumb\",\"itemListElement\":[{\"@type\":\"ListItem\",\"position\":1,\"name\":\"Startseite\",\"item\":\"https:\\\/\\\/radioleinewelle.de\\\/\"},{\"@type\":\"ListItem\",\"position\":2,\"name\":\"Da geht doch was in Hildesheim!\"}]},{\"@type\":\"WebSite\",\"@id\":\"https:\\\/\\\/radioleinewelle.de\\\/#website\",\"url\":\"https:\\\/\\\/radioleinewelle.de\\\/\",\"name\":\"Radio Leinewelle\",\"description\":\"\",\"publisher\":{\"@id\":\"https:\\\/\\\/radioleinewelle.de\\\/#organization\"},\"potentialAction\":[{\"@type\":\"SearchAction\",\"target\":{\"@type\":\"EntryPoint\",\"urlTemplate\":\"https:\\\/\\\/radioleinewelle.de\\\/?s={search_term_string}\"},\"query-input\":{\"@type\":\"PropertyValueSpecification\",\"valueRequired\":true,\"valueName\":\"search_term_string\"}}],\"inLanguage\":\"de\"},{\"@type\":\"Organization\",\"@id\":\"https:\\\/\\\/radioleinewelle.de\\\/#organization\",\"name\":\"Radio Leinewelle\",\"alternateName\":\"Mein Radio f\u00fcr S\u00fcdniedersachsen\",\"url\":\"https:\\\/\\\/radioleinewelle.de\\\/\",\"logo\":{\"@type\":\"ImageObject\",\"inLanguage\":\"de\",\"@id\":\"https:\\\/\\\/radioleinewelle.de\\\/#\\\/schema\\\/logo\\\/image\\\/\",\"url\":\"https:\\\/\\\/radioleinewelle.de\\\/wp-content\\\/uploads\\\/2023\\\/11\\\/cropped-Leinewelle_Logo_weiss.png\",\"contentUrl\":\"https:\\\/\\\/radioleinewelle.de\\\/wp-content\\\/uploads\\\/2023\\\/11\\\/cropped-Leinewelle_Logo_weiss.png\",\"width\":854,\"height\":260,\"caption\":\"Radio Leinewelle\"},\"image\":{\"@id\":\"https:\\\/\\\/radioleinewelle.de\\\/#\\\/schema\\\/logo\\\/image\\\/\"},\"sameAs\":[\"https:\\\/\\\/www.facebook.com\\\/radioleinewelle\",\"https:\\\/\\\/x.com\\\/RLeinewelle\",\"https:\\\/\\\/www.instagram.com\\\/radioleinewelle\\\/?hl=de\"]},{\"@type\":\"Person\",\"@id\":\"https:\\\/\\\/radioleinewelle.de\\\/#\\\/schema\\\/person\\\/45606f348637df637192dc1b68399a63\",\"name\":\"Leinewelle\",\"image\":{\"@type\":\"ImageObject\",\"inLanguage\":\"de\",\"@id\":\"https:\\\/\\\/secure.gravatar.com\\\/avatar\\\/05c9a17bc973052ee5d91549bd32fb4dd0dc85b7b85ae94b2e2b4943476bbea5?s=96&d=blank&r=g\",\"url\":\"https:\\\/\\\/secure.gravatar.com\\\/avatar\\\/05c9a17bc973052ee5d91549bd32fb4dd0dc85b7b85ae94b2e2b4943476bbea5?s=96&d=blank&r=g\",\"contentUrl\":\"https:\\\/\\\/secure.gravatar.com\\\/avatar\\\/05c9a17bc973052ee5d91549bd32fb4dd0dc85b7b85ae94b2e2b4943476bbea5?s=96&d=blank&r=g\",\"caption\":\"Leinewelle\"},\"sameAs\":[\"http:\\\/\\\/localhost\\\/radio%20leinewelle\\\/wordpress\",\"https:\\\/\\\/www.facebook.com\\\/radioleinewelle\",\"https:\\\/\\\/www.instagram.com\\\/radioleinewelle\",\"https:\\\/\\\/x.com\\\/https:\\\/\\\/twitter.com\\\/RLeinewelle?ref_src=twsrcgoogletwcampserptwgrauthor\",\"https:\\\/\\\/soundcloud.com\\\/foerderverein-lokalradio?utm_source=clipboard&utm_medium=text&utm_campaign=social_sharing\"],\"url\":\"https:\\\/\\\/radioleinewelle.de\\\/index.php\\\/author\\\/leinewelle\\\/\"}]}<\/script>\n<!-- \/ Yoast SEO plugin. -->","yoast_head_json":{"title":"Da geht doch was in Hildesheim! - Radio Leinewelle","robots":{"index":"index","follow":"follow","max-snippet":"max-snippet:-1","max-image-preview":"max-image-preview:large","max-video-preview":"max-video-preview:-1"},"canonical":"https:\/\/radioleinewelle.de\/index.php\/2020\/10\/06\/da-geht-doch-was-in-hildesheim\/","og_locale":"de_DE","og_type":"article","og_title":"Da geht doch was in Hildesheim! - Radio Leinewelle","og_description":"Der Freundeskreis Kulturhauptstadt 2025 unterst\u00fctzt die Bewerbung der Stadt mit einem Image-Film.\u00a0Viele meinen, Hildesheim w\u00e4re nicht bedeutsam genug f\u00fcr den Titel Europ\u00e4ische Kulturhauptstadt? Als sich vor f\u00fcnf Jahren der Freundeskreis Kulturhauptstadt 2025 \u00fcber die Idee der Bewerbung formierte, waren weite Teile der \u00d6ffentlichkeit voller Sorge, Hildesheim k\u00f6nnte f\u00fcr diesen gro\u00dfen europ\u00e4ischen Titel nicht stark genug [&hellip;]","og_url":"https:\/\/radioleinewelle.de\/index.php\/2020\/10\/06\/da-geht-doch-was-in-hildesheim\/","og_site_name":"Radio Leinewelle","article_publisher":"https:\/\/www.facebook.com\/radioleinewelle","article_author":"https:\/\/www.facebook.com\/radioleinewelle","article_published_time":"2020-10-06T03:47:30+00:00","og_image":[{"width":640,"height":480,"url":"https:\/\/radioleinewelle.de\/wp-content\/uploads\/2020\/10\/hildesheim-germany-1036718_640.jpg","type":"image\/jpeg"}],"author":"Leinewelle","twitter_card":"summary_large_image","twitter_creator":"@https:\/\/twitter.com\/RLeinewelle?ref_src=twsrcgoogletwcampserptwgrauthor","twitter_site":"@RLeinewelle","twitter_misc":{"Verfasst von":"Leinewelle","Gesch\u00e4tzte Lesezeit":"1\u00a0Minute"},"schema":{"@context":"https:\/\/schema.org","@graph":[{"@type":"Article","@id":"https:\/\/radioleinewelle.de\/index.php\/2020\/10\/06\/da-geht-doch-was-in-hildesheim\/#article","isPartOf":{"@id":"https:\/\/radioleinewelle.de\/index.php\/2020\/10\/06\/da-geht-doch-was-in-hildesheim\/"},"author":{"name":"Leinewelle","@id":"https:\/\/radioleinewelle.de\/#\/schema\/person\/45606f348637df637192dc1b68399a63"},"headline":"Da geht doch was in Hildesheim!","datePublished":"2020-10-06T03:47:30+00:00","mainEntityOfPage":{"@id":"https:\/\/radioleinewelle.de\/index.php\/2020\/10\/06\/da-geht-doch-was-in-hildesheim\/"},"wordCount":275,"publisher":{"@id":"https:\/\/radioleinewelle.de\/#organization"},"image":{"@id":"https:\/\/radioleinewelle.de\/index.php\/2020\/10\/06\/da-geht-doch-was-in-hildesheim\/#primaryimage"},"thumbnailUrl":"https:\/\/radioleinewelle.de\/wp-content\/uploads\/2020\/10\/hildesheim-germany-1036718_640.jpg","inLanguage":"de"},{"@type":"WebPage","@id":"https:\/\/radioleinewelle.de\/index.php\/2020\/10\/06\/da-geht-doch-was-in-hildesheim\/","url":"https:\/\/radioleinewelle.de\/index.php\/2020\/10\/06\/da-geht-doch-was-in-hildesheim\/","name":"Da geht doch was in Hildesheim! - Radio Leinewelle","isPartOf":{"@id":"https:\/\/radioleinewelle.de\/#website"},"primaryImageOfPage":{"@id":"https:\/\/radioleinewelle.de\/index.php\/2020\/10\/06\/da-geht-doch-was-in-hildesheim\/#primaryimage"},"image":{"@id":"https:\/\/radioleinewelle.de\/index.php\/2020\/10\/06\/da-geht-doch-was-in-hildesheim\/#primaryimage"},"thumbnailUrl":"https:\/\/radioleinewelle.de\/wp-content\/uploads\/2020\/10\/hildesheim-germany-1036718_640.jpg","datePublished":"2020-10-06T03:47:30+00:00","breadcrumb":{"@id":"https:\/\/radioleinewelle.de\/index.php\/2020\/10\/06\/da-geht-doch-was-in-hildesheim\/#breadcrumb"},"inLanguage":"de","potentialAction":[{"@type":"ReadAction","target":["https:\/\/radioleinewelle.de\/index.php\/2020\/10\/06\/da-geht-doch-was-in-hildesheim\/"]}]},{"@type":"ImageObject","inLanguage":"de","@id":"https:\/\/radioleinewelle.de\/index.php\/2020\/10\/06\/da-geht-doch-was-in-hildesheim\/#primaryimage","url":"https:\/\/radioleinewelle.de\/wp-content\/uploads\/2020\/10\/hildesheim-germany-1036718_640.jpg","contentUrl":"https:\/\/radioleinewelle.de\/wp-content\/uploads\/2020\/10\/hildesheim-germany-1036718_640.jpg","width":640,"height":480},{"@type":"BreadcrumbList","@id":"https:\/\/radioleinewelle.de\/index.php\/2020\/10\/06\/da-geht-doch-was-in-hildesheim\/#breadcrumb","itemListElement":[{"@type":"ListItem","position":1,"name":"Startseite","item":"https:\/\/radioleinewelle.de\/"},{"@type":"ListItem","position":2,"name":"Da geht doch was in Hildesheim!"}]},{"@type":"WebSite","@id":"https:\/\/radioleinewelle.de\/#website","url":"https:\/\/radioleinewelle.de\/","name":"Radio Leinewelle","description":"","publisher":{"@id":"https:\/\/radioleinewelle.de\/#organization"},"potentialAction":[{"@type":"SearchAction","target":{"@type":"EntryPoint","urlTemplate":"https:\/\/radioleinewelle.de\/?s={search_term_string}"},"query-input":{"@type":"PropertyValueSpecification","valueRequired":true,"valueName":"search_term_string"}}],"inLanguage":"de"},{"@type":"Organization","@id":"https:\/\/radioleinewelle.de\/#organization","name":"Radio Leinewelle","alternateName":"Mein Radio f\u00fcr S\u00fcdniedersachsen","url":"https:\/\/radioleinewelle.de\/","logo":{"@type":"ImageObject","inLanguage":"de","@id":"https:\/\/radioleinewelle.de\/#\/schema\/logo\/image\/","url":"https:\/\/radioleinewelle.de\/wp-content\/uploads\/2023\/11\/cropped-Leinewelle_Logo_weiss.png","contentUrl":"https:\/\/radioleinewelle.de\/wp-content\/uploads\/2023\/11\/cropped-Leinewelle_Logo_weiss.png","width":854,"height":260,"caption":"Radio Leinewelle"},"image":{"@id":"https:\/\/radioleinewelle.de\/#\/schema\/logo\/image\/"},"sameAs":["https:\/\/www.facebook.com\/radioleinewelle","https:\/\/x.com\/RLeinewelle","https:\/\/www.instagram.com\/radioleinewelle\/?hl=de"]},{"@type":"Person","@id":"https:\/\/radioleinewelle.de\/#\/schema\/person\/45606f348637df637192dc1b68399a63","name":"Leinewelle","image":{"@type":"ImageObject","inLanguage":"de","@id":"https:\/\/secure.gravatar.com\/avatar\/05c9a17bc973052ee5d91549bd32fb4dd0dc85b7b85ae94b2e2b4943476bbea5?s=96&d=blank&r=g","url":"https:\/\/secure.gravatar.com\/avatar\/05c9a17bc973052ee5d91549bd32fb4dd0dc85b7b85ae94b2e2b4943476bbea5?s=96&d=blank&r=g","contentUrl":"https:\/\/secure.gravatar.com\/avatar\/05c9a17bc973052ee5d91549bd32fb4dd0dc85b7b85ae94b2e2b4943476bbea5?s=96&d=blank&r=g","caption":"Leinewelle"},"sameAs":["http:\/\/localhost\/radio%20leinewelle\/wordpress","https:\/\/www.facebook.com\/radioleinewelle","https:\/\/www.instagram.com\/radioleinewelle","https:\/\/x.com\/https:\/\/twitter.com\/RLeinewelle?ref_src=twsrcgoogletwcampserptwgrauthor","https:\/\/soundcloud.com\/foerderverein-lokalradio?utm_source=clipboard&utm_medium=text&utm_campaign=social_sharing"],"url":"https:\/\/radioleinewelle.de\/index.php\/author\/leinewelle\/"}]}},"_links":{"self":[{"href":"https:\/\/radioleinewelle.de\/index.php\/wp-json\/wp\/v2\/posts\/2096","targetHints":{"allow":["GET"]}}],"collection":[{"href":"https:\/\/radioleinewelle.de\/index.php\/wp-json\/wp\/v2\/posts"}],"about":[{"href":"https:\/\/radioleinewelle.de\/index.php\/wp-json\/wp\/v2\/types\/post"}],"author":[{"embeddable":true,"href":"https:\/\/radioleinewelle.de\/index.php\/wp-json\/wp\/v2\/users\/1"}],"replies":[{"embeddable":true,"href":"https:\/\/radioleinewelle.de\/index.php\/wp-json\/wp\/v2\/comments?post=2096"}],"version-history":[{"count":0,"href":"https:\/\/radioleinewelle.de\/index.php\/wp-json\/wp\/v2\/posts\/2096\/revisions"}],"wp:featuredmedia":[{"embeddable":true,"href":"https:\/\/radioleinewelle.de\/index.php\/wp-json\/wp\/v2\/media\/2118"}],"wp:attachment":[{"href":"https:\/\/radioleinewelle.de\/index.php\/wp-json\/wp\/v2\/media?parent=2096"}],"wp:term":[{"taxonomy":"category","embeddable":true,"href":"https:\/\/radioleinewelle.de\/index.php\/wp-json\/wp\/v2\/categories?post=2096"},{"taxonomy":"post_tag","embeddable":true,"href":"https:\/\/radioleinewelle.de\/index.php\/wp-json\/wp\/v2\/tags?post=2096"}],"curies":[{"name":"wp","href":"https:\/\/api.w.org\/{rel}","templated":true}]}}