{"id":2129,"date":"2020-10-06T05:45:39","date_gmt":"2020-10-06T03:45:39","guid":{"rendered":"https:\/\/radioleinewelle.de\/?p=2129"},"modified":"2020-10-06T05:45:39","modified_gmt":"2020-10-06T03:45:39","slug":"am-mittwoch-erneut-warnstreik","status":"publish","type":"post","link":"https:\/\/radioleinewelle.de\/index.php\/2020\/10\/06\/am-mittwoch-erneut-warnstreik\/","title":{"rendered":"Am Mittwoch erneut Warnstreik"},"content":{"rendered":"<p>Erneuter Streiktag im \u00d6ffentlichen Personennahverkehr: Nachdem sich die kommunalen Arbeitgeber nach den ersten Warnstreiks in Niedersachsen und Bremen noch immer gegen die Verhandlung \u00fcber einen bundesweiten Rahmentarifvertrag f\u00fcr die Besch\u00e4ftigten des \u00d6PNV ausgesprochen haben, erh\u00f6ht die Vereinte Dienstleistungsgewerkschaft (ver.di) den Druck. Sie ruft am kommenden Mittwoch, 7. Oktober, erneut 6.000 Besch\u00e4ftigte in Hannover, Bremen, Braunschweig, Wolfsburg, G\u00f6ttingen und Goslar von Dienstbeginn bis Dienstschluss zu Arbeitsniederlegungen auf. Bundesweit steht eine Woche mit \u00d6PNV-Wellen-Streiks in der ganzen Republik an.<\/p>\n<p>\u201eDie Zukunft des \u00f6ffentlichen Nahverkehrs in Niedersachsen und Bremen steht auf dem Spiel\u201c, stellt Gewerkschaftssekret\u00e4r Hermann Hane fest. Es sei unverantwortlich gegen\u00fcber den Besch\u00e4ftigten, angesichts des drohenden Fachkr\u00e4ftemangels einheitliche Regelungen zur Entlastung f\u00fcr die Besch\u00e4ftigten zu verweigern. Gerade die Fahrer*innen seien durch Schichtdienste und die Abh\u00e4ngigkeit von den Fahrpl\u00e4nen besonderen Belastungen ausgesetzt. Ihre Schicht k\u00f6nne zu jeder Tages- und Nachtzeit beginnen und mit Unterbrechungen bis zu 14 Stunden dauern. Sie arbeiteten in der Regel an mehr als 35 Sonntagen im Jahr. Ein gesundheits- und familienvertr\u00e4glicher Rhythmus sei so nicht m\u00f6glich. Besonders in Ballungsr\u00e4umen versch\u00e4rfe sich die Belastung weiter:\u00a0Es sei eine totale Provokation, dass die kommunalen Arbeitgeber noch immer keinen Gespr\u00e4chen \u00fcber die Anpassung eines 20 Jahre alten Tarifwerks mit uns reden wollen, kritisiert der Gewerkschafter. Nach 20 Jahren Sparzwang m\u00fcsse jetzt der Weg frei gemacht werden f\u00fcr eine sozial-\u00f6kologische Verkehrswende. Daf\u00fcr seien bundesweit gute Arbeitsbedingungen Voraussetzung. \u201eDass wir jetzt erneut zu Warnstreiks aufrufen, ist der Totalverweigerung von Herrn M\u00e4dge &amp; Co. zu verdanken\u201c, so Hane.<br \/>\nWie der letzte Streiktag verlief sehen Sie hier:<\/p>\n<p><a href=\"https:\/\/youtu.be\/UmgjM0eUqys\">https:\/\/youtu.be\/UmgjM0eUqys<\/a><\/p>\n<p>&nbsp;<\/p>\n","protected":false},"excerpt":{"rendered":"<p>Erneuter Streiktag im \u00d6ffentlichen Personennahverkehr: Nachdem sich die kommunalen Arbeitgeber nach den ersten Warnstreiks in Niedersachsen und Bremen noch immer gegen die Verhandlung \u00fcber einen bundesweiten Rahmentarifvertrag f\u00fcr die Besch\u00e4ftigten des \u00d6PNV ausgesprochen haben, erh\u00f6ht die Vereinte Dienstleistungsgewerkschaft (ver.di) den Druck. Sie ruft am kommenden Mittwoch, 7. Oktober, erneut 6.000 Besch\u00e4ftigte in Hannover, Bremen, Braunschweig, [&hellip;]<\/p>\n","protected":false},"author":1,"featured_media":1867,"comment_status":"closed","ping_status":"closed","sticky":false,"template":"","format":"standard","meta":{"saved_in_kubio":false,"footnotes":""},"categories":[1],"tags":[],"class_list":["post-2129","post","type-post","status-publish","format-standard","has-post-thumbnail","hentry","category-allgemein"],"yoast_head":"<!-- This site is optimized with the Yoast SEO plugin v27.5 - https:\/\/yoast.com\/product\/yoast-seo-wordpress\/ -->\n<title>Am Mittwoch erneut Warnstreik - Radio Leinewelle<\/title>\n<meta name=\"robots\" content=\"index, follow, max-snippet:-1, max-image-preview:large, max-video-preview:-1\" \/>\n<link rel=\"canonical\" href=\"https:\/\/radioleinewelle.de\/index.php\/2020\/10\/06\/am-mittwoch-erneut-warnstreik\/\" \/>\n<meta property=\"og:locale\" content=\"de_DE\" \/>\n<meta property=\"og:type\" content=\"article\" \/>\n<meta property=\"og:title\" content=\"Am Mittwoch erneut Warnstreik - Radio Leinewelle\" \/>\n<meta property=\"og:description\" content=\"Erneuter Streiktag im \u00d6ffentlichen Personennahverkehr: Nachdem sich die kommunalen Arbeitgeber nach den ersten Warnstreiks in Niedersachsen und Bremen noch immer gegen die Verhandlung \u00fcber einen bundesweiten Rahmentarifvertrag f\u00fcr die Besch\u00e4ftigten des \u00d6PNV ausgesprochen haben, erh\u00f6ht die Vereinte Dienstleistungsgewerkschaft (ver.di) den Druck. Sie ruft am kommenden Mittwoch, 7. Oktober, erneut 6.000 Besch\u00e4ftigte in Hannover, Bremen, Braunschweig, [&hellip;]\" \/>\n<meta property=\"og:url\" content=\"https:\/\/radioleinewelle.de\/index.php\/2020\/10\/06\/am-mittwoch-erneut-warnstreik\/\" \/>\n<meta property=\"og:site_name\" content=\"Radio Leinewelle\" \/>\n<meta property=\"article:publisher\" content=\"https:\/\/www.facebook.com\/radioleinewelle\" \/>\n<meta property=\"article:author\" content=\"https:\/\/www.facebook.com\/radioleinewelle\" \/>\n<meta property=\"article:published_time\" content=\"2020-10-06T03:45:39+00:00\" \/>\n<meta property=\"og:image\" content=\"https:\/\/radioleinewelle.de\/wp-content\/uploads\/2020\/09\/tarif_-_warnstreik2_-_c_v_polentz_-_ohne_pin-e1601067396174.jpg\" \/>\n\t<meta property=\"og:image:width\" content=\"600\" \/>\n\t<meta property=\"og:image:height\" content=\"338\" \/>\n\t<meta property=\"og:image:type\" content=\"image\/jpeg\" \/>\n<meta name=\"author\" content=\"Leinewelle\" \/>\n<meta name=\"twitter:card\" content=\"summary_large_image\" \/>\n<meta name=\"twitter:creator\" content=\"@https:\/\/twitter.com\/RLeinewelle?ref_src=twsrcgoogletwcampserptwgrauthor\" \/>\n<meta name=\"twitter:site\" content=\"@RLeinewelle\" \/>\n<meta name=\"twitter:label1\" content=\"Verfasst von\" \/>\n\t<meta name=\"twitter:data1\" content=\"Leinewelle\" \/>\n\t<meta name=\"twitter:label2\" content=\"Gesch\u00e4tzte Lesezeit\" \/>\n\t<meta name=\"twitter:data2\" content=\"1\u00a0Minute\" \/>\n<script type=\"application\/ld+json\" class=\"yoast-schema-graph\">{\"@context\":\"https:\\\/\\\/schema.org\",\"@graph\":[{\"@type\":\"Article\",\"@id\":\"https:\\\/\\\/radioleinewelle.de\\\/index.php\\\/2020\\\/10\\\/06\\\/am-mittwoch-erneut-warnstreik\\\/#article\",\"isPartOf\":{\"@id\":\"https:\\\/\\\/radioleinewelle.de\\\/index.php\\\/2020\\\/10\\\/06\\\/am-mittwoch-erneut-warnstreik\\\/\"},\"author\":{\"name\":\"Leinewelle\",\"@id\":\"https:\\\/\\\/radioleinewelle.de\\\/#\\\/schema\\\/person\\\/45606f348637df637192dc1b68399a63\"},\"headline\":\"Am Mittwoch erneut Warnstreik\",\"datePublished\":\"2020-10-06T03:45:39+00:00\",\"mainEntityOfPage\":{\"@id\":\"https:\\\/\\\/radioleinewelle.de\\\/index.php\\\/2020\\\/10\\\/06\\\/am-mittwoch-erneut-warnstreik\\\/\"},\"wordCount\":285,\"publisher\":{\"@id\":\"https:\\\/\\\/radioleinewelle.de\\\/#organization\"},\"image\":{\"@id\":\"https:\\\/\\\/radioleinewelle.de\\\/index.php\\\/2020\\\/10\\\/06\\\/am-mittwoch-erneut-warnstreik\\\/#primaryimage\"},\"thumbnailUrl\":\"https:\\\/\\\/radioleinewelle.de\\\/wp-content\\\/uploads\\\/2020\\\/09\\\/tarif_-_warnstreik2_-_c_v_polentz_-_ohne_pin-e1601067396174.jpg\",\"inLanguage\":\"de\"},{\"@type\":\"WebPage\",\"@id\":\"https:\\\/\\\/radioleinewelle.de\\\/index.php\\\/2020\\\/10\\\/06\\\/am-mittwoch-erneut-warnstreik\\\/\",\"url\":\"https:\\\/\\\/radioleinewelle.de\\\/index.php\\\/2020\\\/10\\\/06\\\/am-mittwoch-erneut-warnstreik\\\/\",\"name\":\"Am Mittwoch erneut Warnstreik - Radio Leinewelle\",\"isPartOf\":{\"@id\":\"https:\\\/\\\/radioleinewelle.de\\\/#website\"},\"primaryImageOfPage\":{\"@id\":\"https:\\\/\\\/radioleinewelle.de\\\/index.php\\\/2020\\\/10\\\/06\\\/am-mittwoch-erneut-warnstreik\\\/#primaryimage\"},\"image\":{\"@id\":\"https:\\\/\\\/radioleinewelle.de\\\/index.php\\\/2020\\\/10\\\/06\\\/am-mittwoch-erneut-warnstreik\\\/#primaryimage\"},\"thumbnailUrl\":\"https:\\\/\\\/radioleinewelle.de\\\/wp-content\\\/uploads\\\/2020\\\/09\\\/tarif_-_warnstreik2_-_c_v_polentz_-_ohne_pin-e1601067396174.jpg\",\"datePublished\":\"2020-10-06T03:45:39+00:00\",\"breadcrumb\":{\"@id\":\"https:\\\/\\\/radioleinewelle.de\\\/index.php\\\/2020\\\/10\\\/06\\\/am-mittwoch-erneut-warnstreik\\\/#breadcrumb\"},\"inLanguage\":\"de\",\"potentialAction\":[{\"@type\":\"ReadAction\",\"target\":[\"https:\\\/\\\/radioleinewelle.de\\\/index.php\\\/2020\\\/10\\\/06\\\/am-mittwoch-erneut-warnstreik\\\/\"]}]},{\"@type\":\"ImageObject\",\"inLanguage\":\"de\",\"@id\":\"https:\\\/\\\/radioleinewelle.de\\\/index.php\\\/2020\\\/10\\\/06\\\/am-mittwoch-erneut-warnstreik\\\/#primaryimage\",\"url\":\"https:\\\/\\\/radioleinewelle.de\\\/wp-content\\\/uploads\\\/2020\\\/09\\\/tarif_-_warnstreik2_-_c_v_polentz_-_ohne_pin-e1601067396174.jpg\",\"contentUrl\":\"https:\\\/\\\/radioleinewelle.de\\\/wp-content\\\/uploads\\\/2020\\\/09\\\/tarif_-_warnstreik2_-_c_v_polentz_-_ohne_pin-e1601067396174.jpg\",\"width\":600,\"height\":338},{\"@type\":\"BreadcrumbList\",\"@id\":\"https:\\\/\\\/radioleinewelle.de\\\/index.php\\\/2020\\\/10\\\/06\\\/am-mittwoch-erneut-warnstreik\\\/#breadcrumb\",\"itemListElement\":[{\"@type\":\"ListItem\",\"position\":1,\"name\":\"Startseite\",\"item\":\"https:\\\/\\\/radioleinewelle.de\\\/\"},{\"@type\":\"ListItem\",\"position\":2,\"name\":\"Am Mittwoch erneut Warnstreik\"}]},{\"@type\":\"WebSite\",\"@id\":\"https:\\\/\\\/radioleinewelle.de\\\/#website\",\"url\":\"https:\\\/\\\/radioleinewelle.de\\\/\",\"name\":\"Radio Leinewelle\",\"description\":\"\",\"publisher\":{\"@id\":\"https:\\\/\\\/radioleinewelle.de\\\/#organization\"},\"potentialAction\":[{\"@type\":\"SearchAction\",\"target\":{\"@type\":\"EntryPoint\",\"urlTemplate\":\"https:\\\/\\\/radioleinewelle.de\\\/?s={search_term_string}\"},\"query-input\":{\"@type\":\"PropertyValueSpecification\",\"valueRequired\":true,\"valueName\":\"search_term_string\"}}],\"inLanguage\":\"de\"},{\"@type\":\"Organization\",\"@id\":\"https:\\\/\\\/radioleinewelle.de\\\/#organization\",\"name\":\"Radio Leinewelle\",\"alternateName\":\"Mein Radio f\u00fcr S\u00fcdniedersachsen\",\"url\":\"https:\\\/\\\/radioleinewelle.de\\\/\",\"logo\":{\"@type\":\"ImageObject\",\"inLanguage\":\"de\",\"@id\":\"https:\\\/\\\/radioleinewelle.de\\\/#\\\/schema\\\/logo\\\/image\\\/\",\"url\":\"https:\\\/\\\/radioleinewelle.de\\\/wp-content\\\/uploads\\\/2023\\\/11\\\/cropped-Leinewelle_Logo_weiss.png\",\"contentUrl\":\"https:\\\/\\\/radioleinewelle.de\\\/wp-content\\\/uploads\\\/2023\\\/11\\\/cropped-Leinewelle_Logo_weiss.png\",\"width\":854,\"height\":260,\"caption\":\"Radio Leinewelle\"},\"image\":{\"@id\":\"https:\\\/\\\/radioleinewelle.de\\\/#\\\/schema\\\/logo\\\/image\\\/\"},\"sameAs\":[\"https:\\\/\\\/www.facebook.com\\\/radioleinewelle\",\"https:\\\/\\\/x.com\\\/RLeinewelle\",\"https:\\\/\\\/www.instagram.com\\\/radioleinewelle\\\/?hl=de\"]},{\"@type\":\"Person\",\"@id\":\"https:\\\/\\\/radioleinewelle.de\\\/#\\\/schema\\\/person\\\/45606f348637df637192dc1b68399a63\",\"name\":\"Leinewelle\",\"image\":{\"@type\":\"ImageObject\",\"inLanguage\":\"de\",\"@id\":\"https:\\\/\\\/secure.gravatar.com\\\/avatar\\\/05c9a17bc973052ee5d91549bd32fb4dd0dc85b7b85ae94b2e2b4943476bbea5?s=96&d=blank&r=g\",\"url\":\"https:\\\/\\\/secure.gravatar.com\\\/avatar\\\/05c9a17bc973052ee5d91549bd32fb4dd0dc85b7b85ae94b2e2b4943476bbea5?s=96&d=blank&r=g\",\"contentUrl\":\"https:\\\/\\\/secure.gravatar.com\\\/avatar\\\/05c9a17bc973052ee5d91549bd32fb4dd0dc85b7b85ae94b2e2b4943476bbea5?s=96&d=blank&r=g\",\"caption\":\"Leinewelle\"},\"sameAs\":[\"http:\\\/\\\/localhost\\\/radio%20leinewelle\\\/wordpress\",\"https:\\\/\\\/www.facebook.com\\\/radioleinewelle\",\"https:\\\/\\\/www.instagram.com\\\/radioleinewelle\",\"https:\\\/\\\/x.com\\\/https:\\\/\\\/twitter.com\\\/RLeinewelle?ref_src=twsrcgoogletwcampserptwgrauthor\",\"https:\\\/\\\/soundcloud.com\\\/foerderverein-lokalradio?utm_source=clipboard&utm_medium=text&utm_campaign=social_sharing\"],\"url\":\"https:\\\/\\\/radioleinewelle.de\\\/index.php\\\/author\\\/leinewelle\\\/\"}]}<\/script>\n<!-- \/ Yoast SEO plugin. -->","yoast_head_json":{"title":"Am Mittwoch erneut Warnstreik - Radio Leinewelle","robots":{"index":"index","follow":"follow","max-snippet":"max-snippet:-1","max-image-preview":"max-image-preview:large","max-video-preview":"max-video-preview:-1"},"canonical":"https:\/\/radioleinewelle.de\/index.php\/2020\/10\/06\/am-mittwoch-erneut-warnstreik\/","og_locale":"de_DE","og_type":"article","og_title":"Am Mittwoch erneut Warnstreik - Radio Leinewelle","og_description":"Erneuter Streiktag im \u00d6ffentlichen Personennahverkehr: Nachdem sich die kommunalen Arbeitgeber nach den ersten Warnstreiks in Niedersachsen und Bremen noch immer gegen die Verhandlung \u00fcber einen bundesweiten Rahmentarifvertrag f\u00fcr die Besch\u00e4ftigten des \u00d6PNV ausgesprochen haben, erh\u00f6ht die Vereinte Dienstleistungsgewerkschaft (ver.di) den Druck. Sie ruft am kommenden Mittwoch, 7. Oktober, erneut 6.000 Besch\u00e4ftigte in Hannover, Bremen, Braunschweig, [&hellip;]","og_url":"https:\/\/radioleinewelle.de\/index.php\/2020\/10\/06\/am-mittwoch-erneut-warnstreik\/","og_site_name":"Radio Leinewelle","article_publisher":"https:\/\/www.facebook.com\/radioleinewelle","article_author":"https:\/\/www.facebook.com\/radioleinewelle","article_published_time":"2020-10-06T03:45:39+00:00","og_image":[{"width":600,"height":338,"url":"https:\/\/radioleinewelle.de\/wp-content\/uploads\/2020\/09\/tarif_-_warnstreik2_-_c_v_polentz_-_ohne_pin-e1601067396174.jpg","type":"image\/jpeg"}],"author":"Leinewelle","twitter_card":"summary_large_image","twitter_creator":"@https:\/\/twitter.com\/RLeinewelle?ref_src=twsrcgoogletwcampserptwgrauthor","twitter_site":"@RLeinewelle","twitter_misc":{"Verfasst von":"Leinewelle","Gesch\u00e4tzte Lesezeit":"1\u00a0Minute"},"schema":{"@context":"https:\/\/schema.org","@graph":[{"@type":"Article","@id":"https:\/\/radioleinewelle.de\/index.php\/2020\/10\/06\/am-mittwoch-erneut-warnstreik\/#article","isPartOf":{"@id":"https:\/\/radioleinewelle.de\/index.php\/2020\/10\/06\/am-mittwoch-erneut-warnstreik\/"},"author":{"name":"Leinewelle","@id":"https:\/\/radioleinewelle.de\/#\/schema\/person\/45606f348637df637192dc1b68399a63"},"headline":"Am Mittwoch erneut Warnstreik","datePublished":"2020-10-06T03:45:39+00:00","mainEntityOfPage":{"@id":"https:\/\/radioleinewelle.de\/index.php\/2020\/10\/06\/am-mittwoch-erneut-warnstreik\/"},"wordCount":285,"publisher":{"@id":"https:\/\/radioleinewelle.de\/#organization"},"image":{"@id":"https:\/\/radioleinewelle.de\/index.php\/2020\/10\/06\/am-mittwoch-erneut-warnstreik\/#primaryimage"},"thumbnailUrl":"https:\/\/radioleinewelle.de\/wp-content\/uploads\/2020\/09\/tarif_-_warnstreik2_-_c_v_polentz_-_ohne_pin-e1601067396174.jpg","inLanguage":"de"},{"@type":"WebPage","@id":"https:\/\/radioleinewelle.de\/index.php\/2020\/10\/06\/am-mittwoch-erneut-warnstreik\/","url":"https:\/\/radioleinewelle.de\/index.php\/2020\/10\/06\/am-mittwoch-erneut-warnstreik\/","name":"Am Mittwoch erneut Warnstreik - Radio Leinewelle","isPartOf":{"@id":"https:\/\/radioleinewelle.de\/#website"},"primaryImageOfPage":{"@id":"https:\/\/radioleinewelle.de\/index.php\/2020\/10\/06\/am-mittwoch-erneut-warnstreik\/#primaryimage"},"image":{"@id":"https:\/\/radioleinewelle.de\/index.php\/2020\/10\/06\/am-mittwoch-erneut-warnstreik\/#primaryimage"},"thumbnailUrl":"https:\/\/radioleinewelle.de\/wp-content\/uploads\/2020\/09\/tarif_-_warnstreik2_-_c_v_polentz_-_ohne_pin-e1601067396174.jpg","datePublished":"2020-10-06T03:45:39+00:00","breadcrumb":{"@id":"https:\/\/radioleinewelle.de\/index.php\/2020\/10\/06\/am-mittwoch-erneut-warnstreik\/#breadcrumb"},"inLanguage":"de","potentialAction":[{"@type":"ReadAction","target":["https:\/\/radioleinewelle.de\/index.php\/2020\/10\/06\/am-mittwoch-erneut-warnstreik\/"]}]},{"@type":"ImageObject","inLanguage":"de","@id":"https:\/\/radioleinewelle.de\/index.php\/2020\/10\/06\/am-mittwoch-erneut-warnstreik\/#primaryimage","url":"https:\/\/radioleinewelle.de\/wp-content\/uploads\/2020\/09\/tarif_-_warnstreik2_-_c_v_polentz_-_ohne_pin-e1601067396174.jpg","contentUrl":"https:\/\/radioleinewelle.de\/wp-content\/uploads\/2020\/09\/tarif_-_warnstreik2_-_c_v_polentz_-_ohne_pin-e1601067396174.jpg","width":600,"height":338},{"@type":"BreadcrumbList","@id":"https:\/\/radioleinewelle.de\/index.php\/2020\/10\/06\/am-mittwoch-erneut-warnstreik\/#breadcrumb","itemListElement":[{"@type":"ListItem","position":1,"name":"Startseite","item":"https:\/\/radioleinewelle.de\/"},{"@type":"ListItem","position":2,"name":"Am Mittwoch erneut Warnstreik"}]},{"@type":"WebSite","@id":"https:\/\/radioleinewelle.de\/#website","url":"https:\/\/radioleinewelle.de\/","name":"Radio Leinewelle","description":"","publisher":{"@id":"https:\/\/radioleinewelle.de\/#organization"},"potentialAction":[{"@type":"SearchAction","target":{"@type":"EntryPoint","urlTemplate":"https:\/\/radioleinewelle.de\/?s={search_term_string}"},"query-input":{"@type":"PropertyValueSpecification","valueRequired":true,"valueName":"search_term_string"}}],"inLanguage":"de"},{"@type":"Organization","@id":"https:\/\/radioleinewelle.de\/#organization","name":"Radio Leinewelle","alternateName":"Mein Radio f\u00fcr S\u00fcdniedersachsen","url":"https:\/\/radioleinewelle.de\/","logo":{"@type":"ImageObject","inLanguage":"de","@id":"https:\/\/radioleinewelle.de\/#\/schema\/logo\/image\/","url":"https:\/\/radioleinewelle.de\/wp-content\/uploads\/2023\/11\/cropped-Leinewelle_Logo_weiss.png","contentUrl":"https:\/\/radioleinewelle.de\/wp-content\/uploads\/2023\/11\/cropped-Leinewelle_Logo_weiss.png","width":854,"height":260,"caption":"Radio Leinewelle"},"image":{"@id":"https:\/\/radioleinewelle.de\/#\/schema\/logo\/image\/"},"sameAs":["https:\/\/www.facebook.com\/radioleinewelle","https:\/\/x.com\/RLeinewelle","https:\/\/www.instagram.com\/radioleinewelle\/?hl=de"]},{"@type":"Person","@id":"https:\/\/radioleinewelle.de\/#\/schema\/person\/45606f348637df637192dc1b68399a63","name":"Leinewelle","image":{"@type":"ImageObject","inLanguage":"de","@id":"https:\/\/secure.gravatar.com\/avatar\/05c9a17bc973052ee5d91549bd32fb4dd0dc85b7b85ae94b2e2b4943476bbea5?s=96&d=blank&r=g","url":"https:\/\/secure.gravatar.com\/avatar\/05c9a17bc973052ee5d91549bd32fb4dd0dc85b7b85ae94b2e2b4943476bbea5?s=96&d=blank&r=g","contentUrl":"https:\/\/secure.gravatar.com\/avatar\/05c9a17bc973052ee5d91549bd32fb4dd0dc85b7b85ae94b2e2b4943476bbea5?s=96&d=blank&r=g","caption":"Leinewelle"},"sameAs":["http:\/\/localhost\/radio%20leinewelle\/wordpress","https:\/\/www.facebook.com\/radioleinewelle","https:\/\/www.instagram.com\/radioleinewelle","https:\/\/x.com\/https:\/\/twitter.com\/RLeinewelle?ref_src=twsrcgoogletwcampserptwgrauthor","https:\/\/soundcloud.com\/foerderverein-lokalradio?utm_source=clipboard&utm_medium=text&utm_campaign=social_sharing"],"url":"https:\/\/radioleinewelle.de\/index.php\/author\/leinewelle\/"}]}},"_links":{"self":[{"href":"https:\/\/radioleinewelle.de\/index.php\/wp-json\/wp\/v2\/posts\/2129","targetHints":{"allow":["GET"]}}],"collection":[{"href":"https:\/\/radioleinewelle.de\/index.php\/wp-json\/wp\/v2\/posts"}],"about":[{"href":"https:\/\/radioleinewelle.de\/index.php\/wp-json\/wp\/v2\/types\/post"}],"author":[{"embeddable":true,"href":"https:\/\/radioleinewelle.de\/index.php\/wp-json\/wp\/v2\/users\/1"}],"replies":[{"embeddable":true,"href":"https:\/\/radioleinewelle.de\/index.php\/wp-json\/wp\/v2\/comments?post=2129"}],"version-history":[{"count":0,"href":"https:\/\/radioleinewelle.de\/index.php\/wp-json\/wp\/v2\/posts\/2129\/revisions"}],"wp:featuredmedia":[{"embeddable":true,"href":"https:\/\/radioleinewelle.de\/index.php\/wp-json\/wp\/v2\/media\/1867"}],"wp:attachment":[{"href":"https:\/\/radioleinewelle.de\/index.php\/wp-json\/wp\/v2\/media?parent=2129"}],"wp:term":[{"taxonomy":"category","embeddable":true,"href":"https:\/\/radioleinewelle.de\/index.php\/wp-json\/wp\/v2\/categories?post=2129"},{"taxonomy":"post_tag","embeddable":true,"href":"https:\/\/radioleinewelle.de\/index.php\/wp-json\/wp\/v2\/tags?post=2129"}],"curies":[{"name":"wp","href":"https:\/\/api.w.org\/{rel}","templated":true}]}}