{"id":2135,"date":"2020-10-06T17:26:27","date_gmt":"2020-10-06T15:26:27","guid":{"rendered":"https:\/\/radioleinewelle.de\/?p=2135"},"modified":"2020-10-06T17:26:27","modified_gmt":"2020-10-06T15:26:27","slug":"greenpeace-fotoausstellung-wiet-der-braunkohletagebau-menschen-und-natur-veraendert","status":"publish","type":"post","link":"https:\/\/radioleinewelle.de\/index.php\/2020\/10\/06\/greenpeace-fotoausstellung-wiet-der-braunkohletagebau-menschen-und-natur-veraendert\/","title":{"rendered":"Greenpeace Fotoausstellung: Wie der Braunkohletagebau Menschen und Natur ver\u00e4ndert"},"content":{"rendered":"<p>Mindestens 100 Menschen sahen am Montag die Wanderausstellung \u00fcber den Braunkohletagebau und kamen ins Gespr\u00e4ch mit den Greenpeace-Ehrenamtlichen. Besonders zu Beginn waren viele Interessierte vor Ort. Viele Zuschauende und Vorbeilaufende betonten die Wichtigkeit der Ausstellung. Au\u00dferdem wurden auch einige Solidarit\u00e4tswimpel f\u00fcr Keyenberg bemalt, ein seit Monaten stattfindende Solidarit\u00e4tsbekundung f\u00fcr das Dorf Keyenberg, welches in naher Zukunft (bis 2025) dem Tagebau Garzweiler weichen soll. viele haben gesagt,<\/p>\n<p>Zum Hintergrund der deutschlandweiten Wanderausstellung:<br \/>\nNoch rund 18 Jahre will der RWE-Konzern im Rheinischen Braunkohlerevier D\u00f6rfer abbaggern, Menschen gegen ihren Willen umsiedeln und ganze Landstriche verw\u00fcsten. Eine Katastrophe &#8211; f\u00fcr Klima, Natur und die Menschen in den bedrohten Ortschaften. \u201cWas im Rheinland geschieht, betrifft uns alle: Um die Klimakrise zu bremsen, muss die Kohle im Boden bleiben\u201d, sagt Mira J\u00e4ger, Sprecherin der Greenpeace-Gruppe G\u00f6ttingen. \u201cDie Ausstellung zeigt eindr\u00fccklich das Schicksal der Betroffenen im Braunkohlerevier und macht gleichzeitig Mut, den wachsenden Protest zu unterst\u00fctzen. Wir freuen uns, dar\u00fcber mit interessierten Besucherinnen und Besuchern beim Ausstellungshalt in G\u00f6ttingen ins Gespr\u00e4ch zu kommen.\u201d<\/p>\n<p>Die Fotografin Jordis Antonia Schl\u00f6sser kennt das rheinische Braunkohlerevier seit ihrer Kindheit. Immer wieder kehrte sie zur\u00fcck an die Gruben, Kraftwerke und D\u00f6rfer in der Region. In einer Gegen\u00fcberstellung von Bildern aus den Jahren 2002 und 2019 lenkt sie den Blick auf die Menschen, die durch die Ausdehnung des Tagebaus ihre Heimat verlieren, und auf den zunehmenden Widerstand gegen den Energiekonzern RWE.<\/p>\n<p>In Kooperation mit Greenpeace macht die Wanderausstellung \u201cDer Abgrund, der mal Heimat war\u201d in \u00fcber 21 deutschen St\u00e4dten Halt (Tourplan: <a href=\"https:\/\/bit.ly\/2FqSzR2\">https:\/\/bit.ly\/2FqSzR2<\/a>). Die Ausstellung ist kostenlos zug\u00e4nglich und findet unter Ber\u00fccksichtigung der \u00fcblichen Corona-Schutzma\u00dfnahmen statt (Abstand und Mund-Nasen-Schutz).<\/p>\n<p><strong>Foto:<\/strong> Greenpeace G\u00f6ttingen<\/p>\n","protected":false},"excerpt":{"rendered":"<p>Mindestens 100 Menschen sahen am Montag die Wanderausstellung \u00fcber den Braunkohletagebau und kamen ins Gespr\u00e4ch mit den Greenpeace-Ehrenamtlichen. Besonders zu Beginn waren viele Interessierte vor Ort. Viele Zuschauende und Vorbeilaufende betonten die Wichtigkeit der Ausstellung. Au\u00dferdem wurden auch einige Solidarit\u00e4tswimpel f\u00fcr Keyenberg bemalt, ein seit Monaten stattfindende Solidarit\u00e4tsbekundung f\u00fcr das Dorf Keyenberg, welches in naher [&hellip;]<\/p>\n","protected":false},"author":1,"featured_media":2136,"comment_status":"closed","ping_status":"closed","sticky":false,"template":"","format":"standard","meta":{"saved_in_kubio":false,"footnotes":""},"categories":[32],"tags":[],"class_list":["post-2135","post","type-post","status-publish","format-standard","has-post-thumbnail","hentry","category-natur-umwelt"],"yoast_head":"<!-- This site is optimized with the Yoast SEO plugin v27.5 - https:\/\/yoast.com\/product\/yoast-seo-wordpress\/ -->\n<title>Greenpeace Fotoausstellung: Wie der Braunkohletagebau Menschen und Natur ver\u00e4ndert - Radio Leinewelle<\/title>\n<meta name=\"robots\" content=\"index, follow, max-snippet:-1, max-image-preview:large, max-video-preview:-1\" \/>\n<link rel=\"canonical\" href=\"https:\/\/radioleinewelle.de\/index.php\/2020\/10\/06\/greenpeace-fotoausstellung-wiet-der-braunkohletagebau-menschen-und-natur-veraendert\/\" \/>\n<meta property=\"og:locale\" content=\"de_DE\" \/>\n<meta property=\"og:type\" content=\"article\" \/>\n<meta property=\"og:title\" content=\"Greenpeace Fotoausstellung: Wie der Braunkohletagebau Menschen und Natur ver\u00e4ndert - Radio Leinewelle\" \/>\n<meta property=\"og:description\" content=\"Mindestens 100 Menschen sahen am Montag die Wanderausstellung \u00fcber den Braunkohletagebau und kamen ins Gespr\u00e4ch mit den Greenpeace-Ehrenamtlichen. Besonders zu Beginn waren viele Interessierte vor Ort. Viele Zuschauende und Vorbeilaufende betonten die Wichtigkeit der Ausstellung. Au\u00dferdem wurden auch einige Solidarit\u00e4tswimpel f\u00fcr Keyenberg bemalt, ein seit Monaten stattfindende Solidarit\u00e4tsbekundung f\u00fcr das Dorf Keyenberg, welches in naher [&hellip;]\" \/>\n<meta property=\"og:url\" content=\"https:\/\/radioleinewelle.de\/index.php\/2020\/10\/06\/greenpeace-fotoausstellung-wiet-der-braunkohletagebau-menschen-und-natur-veraendert\/\" \/>\n<meta property=\"og:site_name\" content=\"Radio Leinewelle\" \/>\n<meta property=\"article:publisher\" content=\"https:\/\/www.facebook.com\/radioleinewelle\" \/>\n<meta property=\"article:author\" content=\"https:\/\/www.facebook.com\/radioleinewelle\" \/>\n<meta property=\"article:published_time\" content=\"2020-10-06T15:26:27+00:00\" \/>\n<meta property=\"og:image\" content=\"https:\/\/radioleinewelle.de\/wp-content\/uploads\/2020\/10\/GP_Ausstellung_510-1-e1601997610831.jpg\" \/>\n\t<meta property=\"og:image:width\" content=\"800\" \/>\n\t<meta property=\"og:image:height\" content=\"600\" \/>\n\t<meta property=\"og:image:type\" content=\"image\/jpeg\" \/>\n<meta name=\"author\" content=\"Leinewelle\" \/>\n<meta name=\"twitter:card\" content=\"summary_large_image\" \/>\n<meta name=\"twitter:creator\" content=\"@https:\/\/twitter.com\/RLeinewelle?ref_src=twsrcgoogletwcampserptwgrauthor\" \/>\n<meta name=\"twitter:site\" content=\"@RLeinewelle\" \/>\n<meta name=\"twitter:label1\" content=\"Verfasst von\" \/>\n\t<meta name=\"twitter:data1\" content=\"Leinewelle\" \/>\n\t<meta name=\"twitter:label2\" content=\"Gesch\u00e4tzte Lesezeit\" \/>\n\t<meta name=\"twitter:data2\" content=\"1\u00a0Minute\" \/>\n<script type=\"application\/ld+json\" class=\"yoast-schema-graph\">{\"@context\":\"https:\\\/\\\/schema.org\",\"@graph\":[{\"@type\":\"Article\",\"@id\":\"https:\\\/\\\/radioleinewelle.de\\\/index.php\\\/2020\\\/10\\\/06\\\/greenpeace-fotoausstellung-wiet-der-braunkohletagebau-menschen-und-natur-veraendert\\\/#article\",\"isPartOf\":{\"@id\":\"https:\\\/\\\/radioleinewelle.de\\\/index.php\\\/2020\\\/10\\\/06\\\/greenpeace-fotoausstellung-wiet-der-braunkohletagebau-menschen-und-natur-veraendert\\\/\"},\"author\":{\"name\":\"Leinewelle\",\"@id\":\"https:\\\/\\\/radioleinewelle.de\\\/#\\\/schema\\\/person\\\/45606f348637df637192dc1b68399a63\"},\"headline\":\"Greenpeace Fotoausstellung: Wie der Braunkohletagebau Menschen und Natur ver\u00e4ndert\",\"datePublished\":\"2020-10-06T15:26:27+00:00\",\"mainEntityOfPage\":{\"@id\":\"https:\\\/\\\/radioleinewelle.de\\\/index.php\\\/2020\\\/10\\\/06\\\/greenpeace-fotoausstellung-wiet-der-braunkohletagebau-menschen-und-natur-veraendert\\\/\"},\"wordCount\":300,\"publisher\":{\"@id\":\"https:\\\/\\\/radioleinewelle.de\\\/#organization\"},\"image\":{\"@id\":\"https:\\\/\\\/radioleinewelle.de\\\/index.php\\\/2020\\\/10\\\/06\\\/greenpeace-fotoausstellung-wiet-der-braunkohletagebau-menschen-und-natur-veraendert\\\/#primaryimage\"},\"thumbnailUrl\":\"https:\\\/\\\/radioleinewelle.de\\\/wp-content\\\/uploads\\\/2020\\\/10\\\/GP_Ausstellung_510-1-e1601997610831.jpg\",\"articleSection\":[\"Natur &amp; Umwelt\"],\"inLanguage\":\"de\"},{\"@type\":\"WebPage\",\"@id\":\"https:\\\/\\\/radioleinewelle.de\\\/index.php\\\/2020\\\/10\\\/06\\\/greenpeace-fotoausstellung-wiet-der-braunkohletagebau-menschen-und-natur-veraendert\\\/\",\"url\":\"https:\\\/\\\/radioleinewelle.de\\\/index.php\\\/2020\\\/10\\\/06\\\/greenpeace-fotoausstellung-wiet-der-braunkohletagebau-menschen-und-natur-veraendert\\\/\",\"name\":\"Greenpeace Fotoausstellung: Wie der Braunkohletagebau Menschen und Natur ver\u00e4ndert - Radio Leinewelle\",\"isPartOf\":{\"@id\":\"https:\\\/\\\/radioleinewelle.de\\\/#website\"},\"primaryImageOfPage\":{\"@id\":\"https:\\\/\\\/radioleinewelle.de\\\/index.php\\\/2020\\\/10\\\/06\\\/greenpeace-fotoausstellung-wiet-der-braunkohletagebau-menschen-und-natur-veraendert\\\/#primaryimage\"},\"image\":{\"@id\":\"https:\\\/\\\/radioleinewelle.de\\\/index.php\\\/2020\\\/10\\\/06\\\/greenpeace-fotoausstellung-wiet-der-braunkohletagebau-menschen-und-natur-veraendert\\\/#primaryimage\"},\"thumbnailUrl\":\"https:\\\/\\\/radioleinewelle.de\\\/wp-content\\\/uploads\\\/2020\\\/10\\\/GP_Ausstellung_510-1-e1601997610831.jpg\",\"datePublished\":\"2020-10-06T15:26:27+00:00\",\"breadcrumb\":{\"@id\":\"https:\\\/\\\/radioleinewelle.de\\\/index.php\\\/2020\\\/10\\\/06\\\/greenpeace-fotoausstellung-wiet-der-braunkohletagebau-menschen-und-natur-veraendert\\\/#breadcrumb\"},\"inLanguage\":\"de\",\"potentialAction\":[{\"@type\":\"ReadAction\",\"target\":[\"https:\\\/\\\/radioleinewelle.de\\\/index.php\\\/2020\\\/10\\\/06\\\/greenpeace-fotoausstellung-wiet-der-braunkohletagebau-menschen-und-natur-veraendert\\\/\"]}]},{\"@type\":\"ImageObject\",\"inLanguage\":\"de\",\"@id\":\"https:\\\/\\\/radioleinewelle.de\\\/index.php\\\/2020\\\/10\\\/06\\\/greenpeace-fotoausstellung-wiet-der-braunkohletagebau-menschen-und-natur-veraendert\\\/#primaryimage\",\"url\":\"https:\\\/\\\/radioleinewelle.de\\\/wp-content\\\/uploads\\\/2020\\\/10\\\/GP_Ausstellung_510-1-e1601997610831.jpg\",\"contentUrl\":\"https:\\\/\\\/radioleinewelle.de\\\/wp-content\\\/uploads\\\/2020\\\/10\\\/GP_Ausstellung_510-1-e1601997610831.jpg\",\"width\":800,\"height\":600},{\"@type\":\"BreadcrumbList\",\"@id\":\"https:\\\/\\\/radioleinewelle.de\\\/index.php\\\/2020\\\/10\\\/06\\\/greenpeace-fotoausstellung-wiet-der-braunkohletagebau-menschen-und-natur-veraendert\\\/#breadcrumb\",\"itemListElement\":[{\"@type\":\"ListItem\",\"position\":1,\"name\":\"Startseite\",\"item\":\"https:\\\/\\\/radioleinewelle.de\\\/\"},{\"@type\":\"ListItem\",\"position\":2,\"name\":\"Greenpeace Fotoausstellung: Wie der Braunkohletagebau Menschen und Natur ver\u00e4ndert\"}]},{\"@type\":\"WebSite\",\"@id\":\"https:\\\/\\\/radioleinewelle.de\\\/#website\",\"url\":\"https:\\\/\\\/radioleinewelle.de\\\/\",\"name\":\"Radio Leinewelle\",\"description\":\"\",\"publisher\":{\"@id\":\"https:\\\/\\\/radioleinewelle.de\\\/#organization\"},\"potentialAction\":[{\"@type\":\"SearchAction\",\"target\":{\"@type\":\"EntryPoint\",\"urlTemplate\":\"https:\\\/\\\/radioleinewelle.de\\\/?s={search_term_string}\"},\"query-input\":{\"@type\":\"PropertyValueSpecification\",\"valueRequired\":true,\"valueName\":\"search_term_string\"}}],\"inLanguage\":\"de\"},{\"@type\":\"Organization\",\"@id\":\"https:\\\/\\\/radioleinewelle.de\\\/#organization\",\"name\":\"Radio Leinewelle\",\"alternateName\":\"Mein Radio f\u00fcr S\u00fcdniedersachsen\",\"url\":\"https:\\\/\\\/radioleinewelle.de\\\/\",\"logo\":{\"@type\":\"ImageObject\",\"inLanguage\":\"de\",\"@id\":\"https:\\\/\\\/radioleinewelle.de\\\/#\\\/schema\\\/logo\\\/image\\\/\",\"url\":\"https:\\\/\\\/radioleinewelle.de\\\/wp-content\\\/uploads\\\/2023\\\/11\\\/cropped-Leinewelle_Logo_weiss.png\",\"contentUrl\":\"https:\\\/\\\/radioleinewelle.de\\\/wp-content\\\/uploads\\\/2023\\\/11\\\/cropped-Leinewelle_Logo_weiss.png\",\"width\":854,\"height\":260,\"caption\":\"Radio Leinewelle\"},\"image\":{\"@id\":\"https:\\\/\\\/radioleinewelle.de\\\/#\\\/schema\\\/logo\\\/image\\\/\"},\"sameAs\":[\"https:\\\/\\\/www.facebook.com\\\/radioleinewelle\",\"https:\\\/\\\/x.com\\\/RLeinewelle\",\"https:\\\/\\\/www.instagram.com\\\/radioleinewelle\\\/?hl=de\"]},{\"@type\":\"Person\",\"@id\":\"https:\\\/\\\/radioleinewelle.de\\\/#\\\/schema\\\/person\\\/45606f348637df637192dc1b68399a63\",\"name\":\"Leinewelle\",\"image\":{\"@type\":\"ImageObject\",\"inLanguage\":\"de\",\"@id\":\"https:\\\/\\\/secure.gravatar.com\\\/avatar\\\/05c9a17bc973052ee5d91549bd32fb4dd0dc85b7b85ae94b2e2b4943476bbea5?s=96&d=blank&r=g\",\"url\":\"https:\\\/\\\/secure.gravatar.com\\\/avatar\\\/05c9a17bc973052ee5d91549bd32fb4dd0dc85b7b85ae94b2e2b4943476bbea5?s=96&d=blank&r=g\",\"contentUrl\":\"https:\\\/\\\/secure.gravatar.com\\\/avatar\\\/05c9a17bc973052ee5d91549bd32fb4dd0dc85b7b85ae94b2e2b4943476bbea5?s=96&d=blank&r=g\",\"caption\":\"Leinewelle\"},\"sameAs\":[\"http:\\\/\\\/localhost\\\/radio%20leinewelle\\\/wordpress\",\"https:\\\/\\\/www.facebook.com\\\/radioleinewelle\",\"https:\\\/\\\/www.instagram.com\\\/radioleinewelle\",\"https:\\\/\\\/x.com\\\/https:\\\/\\\/twitter.com\\\/RLeinewelle?ref_src=twsrcgoogletwcampserptwgrauthor\",\"https:\\\/\\\/soundcloud.com\\\/foerderverein-lokalradio?utm_source=clipboard&utm_medium=text&utm_campaign=social_sharing\"],\"url\":\"https:\\\/\\\/radioleinewelle.de\\\/index.php\\\/author\\\/leinewelle\\\/\"}]}<\/script>\n<!-- \/ Yoast SEO plugin. -->","yoast_head_json":{"title":"Greenpeace Fotoausstellung: Wie der Braunkohletagebau Menschen und Natur ver\u00e4ndert - Radio Leinewelle","robots":{"index":"index","follow":"follow","max-snippet":"max-snippet:-1","max-image-preview":"max-image-preview:large","max-video-preview":"max-video-preview:-1"},"canonical":"https:\/\/radioleinewelle.de\/index.php\/2020\/10\/06\/greenpeace-fotoausstellung-wiet-der-braunkohletagebau-menschen-und-natur-veraendert\/","og_locale":"de_DE","og_type":"article","og_title":"Greenpeace Fotoausstellung: Wie der Braunkohletagebau Menschen und Natur ver\u00e4ndert - Radio Leinewelle","og_description":"Mindestens 100 Menschen sahen am Montag die Wanderausstellung \u00fcber den Braunkohletagebau und kamen ins Gespr\u00e4ch mit den Greenpeace-Ehrenamtlichen. Besonders zu Beginn waren viele Interessierte vor Ort. Viele Zuschauende und Vorbeilaufende betonten die Wichtigkeit der Ausstellung. Au\u00dferdem wurden auch einige Solidarit\u00e4tswimpel f\u00fcr Keyenberg bemalt, ein seit Monaten stattfindende Solidarit\u00e4tsbekundung f\u00fcr das Dorf Keyenberg, welches in naher [&hellip;]","og_url":"https:\/\/radioleinewelle.de\/index.php\/2020\/10\/06\/greenpeace-fotoausstellung-wiet-der-braunkohletagebau-menschen-und-natur-veraendert\/","og_site_name":"Radio Leinewelle","article_publisher":"https:\/\/www.facebook.com\/radioleinewelle","article_author":"https:\/\/www.facebook.com\/radioleinewelle","article_published_time":"2020-10-06T15:26:27+00:00","og_image":[{"width":800,"height":600,"url":"https:\/\/radioleinewelle.de\/wp-content\/uploads\/2020\/10\/GP_Ausstellung_510-1-e1601997610831.jpg","type":"image\/jpeg"}],"author":"Leinewelle","twitter_card":"summary_large_image","twitter_creator":"@https:\/\/twitter.com\/RLeinewelle?ref_src=twsrcgoogletwcampserptwgrauthor","twitter_site":"@RLeinewelle","twitter_misc":{"Verfasst von":"Leinewelle","Gesch\u00e4tzte Lesezeit":"1\u00a0Minute"},"schema":{"@context":"https:\/\/schema.org","@graph":[{"@type":"Article","@id":"https:\/\/radioleinewelle.de\/index.php\/2020\/10\/06\/greenpeace-fotoausstellung-wiet-der-braunkohletagebau-menschen-und-natur-veraendert\/#article","isPartOf":{"@id":"https:\/\/radioleinewelle.de\/index.php\/2020\/10\/06\/greenpeace-fotoausstellung-wiet-der-braunkohletagebau-menschen-und-natur-veraendert\/"},"author":{"name":"Leinewelle","@id":"https:\/\/radioleinewelle.de\/#\/schema\/person\/45606f348637df637192dc1b68399a63"},"headline":"Greenpeace Fotoausstellung: Wie der Braunkohletagebau Menschen und Natur ver\u00e4ndert","datePublished":"2020-10-06T15:26:27+00:00","mainEntityOfPage":{"@id":"https:\/\/radioleinewelle.de\/index.php\/2020\/10\/06\/greenpeace-fotoausstellung-wiet-der-braunkohletagebau-menschen-und-natur-veraendert\/"},"wordCount":300,"publisher":{"@id":"https:\/\/radioleinewelle.de\/#organization"},"image":{"@id":"https:\/\/radioleinewelle.de\/index.php\/2020\/10\/06\/greenpeace-fotoausstellung-wiet-der-braunkohletagebau-menschen-und-natur-veraendert\/#primaryimage"},"thumbnailUrl":"https:\/\/radioleinewelle.de\/wp-content\/uploads\/2020\/10\/GP_Ausstellung_510-1-e1601997610831.jpg","articleSection":["Natur &amp; Umwelt"],"inLanguage":"de"},{"@type":"WebPage","@id":"https:\/\/radioleinewelle.de\/index.php\/2020\/10\/06\/greenpeace-fotoausstellung-wiet-der-braunkohletagebau-menschen-und-natur-veraendert\/","url":"https:\/\/radioleinewelle.de\/index.php\/2020\/10\/06\/greenpeace-fotoausstellung-wiet-der-braunkohletagebau-menschen-und-natur-veraendert\/","name":"Greenpeace Fotoausstellung: Wie der Braunkohletagebau Menschen und Natur ver\u00e4ndert - Radio Leinewelle","isPartOf":{"@id":"https:\/\/radioleinewelle.de\/#website"},"primaryImageOfPage":{"@id":"https:\/\/radioleinewelle.de\/index.php\/2020\/10\/06\/greenpeace-fotoausstellung-wiet-der-braunkohletagebau-menschen-und-natur-veraendert\/#primaryimage"},"image":{"@id":"https:\/\/radioleinewelle.de\/index.php\/2020\/10\/06\/greenpeace-fotoausstellung-wiet-der-braunkohletagebau-menschen-und-natur-veraendert\/#primaryimage"},"thumbnailUrl":"https:\/\/radioleinewelle.de\/wp-content\/uploads\/2020\/10\/GP_Ausstellung_510-1-e1601997610831.jpg","datePublished":"2020-10-06T15:26:27+00:00","breadcrumb":{"@id":"https:\/\/radioleinewelle.de\/index.php\/2020\/10\/06\/greenpeace-fotoausstellung-wiet-der-braunkohletagebau-menschen-und-natur-veraendert\/#breadcrumb"},"inLanguage":"de","potentialAction":[{"@type":"ReadAction","target":["https:\/\/radioleinewelle.de\/index.php\/2020\/10\/06\/greenpeace-fotoausstellung-wiet-der-braunkohletagebau-menschen-und-natur-veraendert\/"]}]},{"@type":"ImageObject","inLanguage":"de","@id":"https:\/\/radioleinewelle.de\/index.php\/2020\/10\/06\/greenpeace-fotoausstellung-wiet-der-braunkohletagebau-menschen-und-natur-veraendert\/#primaryimage","url":"https:\/\/radioleinewelle.de\/wp-content\/uploads\/2020\/10\/GP_Ausstellung_510-1-e1601997610831.jpg","contentUrl":"https:\/\/radioleinewelle.de\/wp-content\/uploads\/2020\/10\/GP_Ausstellung_510-1-e1601997610831.jpg","width":800,"height":600},{"@type":"BreadcrumbList","@id":"https:\/\/radioleinewelle.de\/index.php\/2020\/10\/06\/greenpeace-fotoausstellung-wiet-der-braunkohletagebau-menschen-und-natur-veraendert\/#breadcrumb","itemListElement":[{"@type":"ListItem","position":1,"name":"Startseite","item":"https:\/\/radioleinewelle.de\/"},{"@type":"ListItem","position":2,"name":"Greenpeace Fotoausstellung: Wie der Braunkohletagebau Menschen und Natur ver\u00e4ndert"}]},{"@type":"WebSite","@id":"https:\/\/radioleinewelle.de\/#website","url":"https:\/\/radioleinewelle.de\/","name":"Radio Leinewelle","description":"","publisher":{"@id":"https:\/\/radioleinewelle.de\/#organization"},"potentialAction":[{"@type":"SearchAction","target":{"@type":"EntryPoint","urlTemplate":"https:\/\/radioleinewelle.de\/?s={search_term_string}"},"query-input":{"@type":"PropertyValueSpecification","valueRequired":true,"valueName":"search_term_string"}}],"inLanguage":"de"},{"@type":"Organization","@id":"https:\/\/radioleinewelle.de\/#organization","name":"Radio Leinewelle","alternateName":"Mein Radio f\u00fcr S\u00fcdniedersachsen","url":"https:\/\/radioleinewelle.de\/","logo":{"@type":"ImageObject","inLanguage":"de","@id":"https:\/\/radioleinewelle.de\/#\/schema\/logo\/image\/","url":"https:\/\/radioleinewelle.de\/wp-content\/uploads\/2023\/11\/cropped-Leinewelle_Logo_weiss.png","contentUrl":"https:\/\/radioleinewelle.de\/wp-content\/uploads\/2023\/11\/cropped-Leinewelle_Logo_weiss.png","width":854,"height":260,"caption":"Radio Leinewelle"},"image":{"@id":"https:\/\/radioleinewelle.de\/#\/schema\/logo\/image\/"},"sameAs":["https:\/\/www.facebook.com\/radioleinewelle","https:\/\/x.com\/RLeinewelle","https:\/\/www.instagram.com\/radioleinewelle\/?hl=de"]},{"@type":"Person","@id":"https:\/\/radioleinewelle.de\/#\/schema\/person\/45606f348637df637192dc1b68399a63","name":"Leinewelle","image":{"@type":"ImageObject","inLanguage":"de","@id":"https:\/\/secure.gravatar.com\/avatar\/05c9a17bc973052ee5d91549bd32fb4dd0dc85b7b85ae94b2e2b4943476bbea5?s=96&d=blank&r=g","url":"https:\/\/secure.gravatar.com\/avatar\/05c9a17bc973052ee5d91549bd32fb4dd0dc85b7b85ae94b2e2b4943476bbea5?s=96&d=blank&r=g","contentUrl":"https:\/\/secure.gravatar.com\/avatar\/05c9a17bc973052ee5d91549bd32fb4dd0dc85b7b85ae94b2e2b4943476bbea5?s=96&d=blank&r=g","caption":"Leinewelle"},"sameAs":["http:\/\/localhost\/radio%20leinewelle\/wordpress","https:\/\/www.facebook.com\/radioleinewelle","https:\/\/www.instagram.com\/radioleinewelle","https:\/\/x.com\/https:\/\/twitter.com\/RLeinewelle?ref_src=twsrcgoogletwcampserptwgrauthor","https:\/\/soundcloud.com\/foerderverein-lokalradio?utm_source=clipboard&utm_medium=text&utm_campaign=social_sharing"],"url":"https:\/\/radioleinewelle.de\/index.php\/author\/leinewelle\/"}]}},"_links":{"self":[{"href":"https:\/\/radioleinewelle.de\/index.php\/wp-json\/wp\/v2\/posts\/2135","targetHints":{"allow":["GET"]}}],"collection":[{"href":"https:\/\/radioleinewelle.de\/index.php\/wp-json\/wp\/v2\/posts"}],"about":[{"href":"https:\/\/radioleinewelle.de\/index.php\/wp-json\/wp\/v2\/types\/post"}],"author":[{"embeddable":true,"href":"https:\/\/radioleinewelle.de\/index.php\/wp-json\/wp\/v2\/users\/1"}],"replies":[{"embeddable":true,"href":"https:\/\/radioleinewelle.de\/index.php\/wp-json\/wp\/v2\/comments?post=2135"}],"version-history":[{"count":0,"href":"https:\/\/radioleinewelle.de\/index.php\/wp-json\/wp\/v2\/posts\/2135\/revisions"}],"wp:featuredmedia":[{"embeddable":true,"href":"https:\/\/radioleinewelle.de\/index.php\/wp-json\/wp\/v2\/media\/2136"}],"wp:attachment":[{"href":"https:\/\/radioleinewelle.de\/index.php\/wp-json\/wp\/v2\/media?parent=2135"}],"wp:term":[{"taxonomy":"category","embeddable":true,"href":"https:\/\/radioleinewelle.de\/index.php\/wp-json\/wp\/v2\/categories?post=2135"},{"taxonomy":"post_tag","embeddable":true,"href":"https:\/\/radioleinewelle.de\/index.php\/wp-json\/wp\/v2\/tags?post=2135"}],"curies":[{"name":"wp","href":"https:\/\/api.w.org\/{rel}","templated":true}]}}