{"id":2146,"date":"2020-10-07T05:22:04","date_gmt":"2020-10-07T03:22:04","guid":{"rendered":"https:\/\/radioleinewelle.de\/?p=2146"},"modified":"2020-10-07T05:22:04","modified_gmt":"2020-10-07T03:22:04","slug":"gruene-sprechen-sich-fuer-verbleib-des-kaz-in-der-voigt-realschule-aus","status":"publish","type":"post","link":"https:\/\/radioleinewelle.de\/index.php\/2020\/10\/07\/gruene-sprechen-sich-fuer-verbleib-des-kaz-in-der-voigt-realschule-aus\/","title":{"rendered":"Gr\u00fcne sprechen sich f\u00fcr Verbleib des KAZ in der Voigt-Realschule aus."},"content":{"rendered":"<p class=\"bodytext\">&#8222;Wir greifen dem Ergebnis der Pr\u00fcfung, wo im Bereich der Innenstadt der neue Standort der Boni I ist, nicht vor\u201c, so Susanne Stobbe, GR\u00dcNE im Schulausschuss der Stadt. Damit grenzt sich die GR\u00dcNE Fraktion von der Auffassung der CDU-Fraktion ab, die vorrangig das Geb\u00e4ude der ehm. Voigt-Realschule f\u00fcr die Unterbringung der Boni I und II gepr\u00fcft haben will. Der Schulausschuss hatte auf Antrag der GR\u00dcNEN Fraktion beschlossen, den Standort der Bonifatiusschule I an der B\u00fcrgerstra\u00dfe 52-54 aufzugeben.<\/p>\n<p class=\"bodytext\">Derzeit wird das Geb\u00e4ude von Jungem Theater (JT) und Kulturzentrum KAZ genutzt. Das JT soll nach der Sanierung des Otfried-M\u00fcller-Hauses (OMH) wieder in das Theatergeb\u00e4ude zur\u00fcckkehren, die R\u00e4umlichkeiten f\u00fcr das KAZ stehen dort nicht mehr zur Verf\u00fcgung. Inzwischen hat das KAZ signalisiert, gerne dauerhaft am neuen Standort an der B\u00fcrgerstra\u00dfe verbleiben zu wollen. Stobbe: \u201eWir sehen keine Konkurrenz zwischen der Nutzung durch Schule und KAZ. Vielmehr l\u00e4sst sich beides gut miteinander kombinieren.\u201c<\/p>\n<p class=\"bodytext\">\u201eDas KAZ braucht eine dauerhafte Perspektive. Als Kommunikations- und Aktionszentrum, welches Kultur zum Mitmachen anbietet, ist es unverzichtbarer Teil der G\u00f6ttinger Kulturszene. Die Verwaltung hat gegen\u00fcber dem F\u00f6rdermittelgeber zur Sanierung des OMH eine 25-j\u00e4hrige Bestandsgarantie des KAZ im OMH ausgesprochen. Wir erwarten von der Verwaltung die Einhaltung dieser Garantie und die Klarheit, wo sich das KAZ dauerhaft niederlassen kann\u201c, so Thomas Harms, GR\u00dcNER im Ausschuss f\u00fcr Kultur und Wissenschaft.<\/p>\n<p class=\"bodytext\">\u201eAktuell ist das Geb\u00e4ude der ehm. Voigt-Realschule nicht als Schulgeb\u00e4ude zugelassen\u201c, so Rolf Becker, Vorsitzender der GR\u00dcNEN Fraktion im Rat der Stadt G\u00f6ttingen. Auch dieses spricht gegen eine vorzeitige Vorfestlegung des Geb\u00e4udes als neuem Standort der Boni I. Becker: \u201eFalls die schulische Nutzung wieder m\u00f6glich werden sollte, fordern wir die beiden Fachdezernentinnen Petra Broistedt (Kultur) und Maria Schmidt (Bildung) hiermit auf, nach Voraussetzungen f\u00fcr eine kooperative L\u00f6sung von KAZ und entweder Boni I oder Teilen der Boni II zu suchen.\u201c Dieses ist im Ausschuss f\u00fcr Kultur und Wissenschaft am 24. September von mehreren Seiten deutlich angesprochen worden.<\/p>\n","protected":false},"excerpt":{"rendered":"<p>&#8222;Wir greifen dem Ergebnis der Pr\u00fcfung, wo im Bereich der Innenstadt der neue Standort der Boni I ist, nicht vor\u201c, so Susanne Stobbe, GR\u00dcNE im Schulausschuss der Stadt. Damit grenzt sich die GR\u00dcNE Fraktion von der Auffassung der CDU-Fraktion ab, die vorrangig das Geb\u00e4ude der ehm. Voigt-Realschule f\u00fcr die Unterbringung der Boni I und II [&hellip;]<\/p>\n","protected":false},"author":1,"featured_media":0,"comment_status":"closed","ping_status":"closed","sticky":false,"template":"","format":"standard","meta":{"saved_in_kubio":false,"footnotes":""},"categories":[39],"tags":[],"class_list":["post-2146","post","type-post","status-publish","format-standard","hentry","category-lokalpolitik"],"yoast_head":"<!-- This site is optimized with the Yoast SEO plugin v27.5 - https:\/\/yoast.com\/product\/yoast-seo-wordpress\/ -->\n<title>Gr\u00fcne sprechen sich f\u00fcr Verbleib des KAZ in der Voigt-Realschule aus. - Radio Leinewelle<\/title>\n<meta name=\"robots\" content=\"index, follow, max-snippet:-1, max-image-preview:large, max-video-preview:-1\" \/>\n<link rel=\"canonical\" href=\"https:\/\/radioleinewelle.de\/index.php\/2020\/10\/07\/gruene-sprechen-sich-fuer-verbleib-des-kaz-in-der-voigt-realschule-aus\/\" \/>\n<meta property=\"og:locale\" content=\"de_DE\" \/>\n<meta property=\"og:type\" content=\"article\" \/>\n<meta property=\"og:title\" content=\"Gr\u00fcne sprechen sich f\u00fcr Verbleib des KAZ in der Voigt-Realschule aus. - Radio Leinewelle\" \/>\n<meta property=\"og:description\" content=\"&#8222;Wir greifen dem Ergebnis der Pr\u00fcfung, wo im Bereich der Innenstadt der neue Standort der Boni I ist, nicht vor\u201c, so Susanne Stobbe, GR\u00dcNE im Schulausschuss der Stadt. Damit grenzt sich die GR\u00dcNE Fraktion von der Auffassung der CDU-Fraktion ab, die vorrangig das Geb\u00e4ude der ehm. Voigt-Realschule f\u00fcr die Unterbringung der Boni I und II [&hellip;]\" \/>\n<meta property=\"og:url\" content=\"https:\/\/radioleinewelle.de\/index.php\/2020\/10\/07\/gruene-sprechen-sich-fuer-verbleib-des-kaz-in-der-voigt-realschule-aus\/\" \/>\n<meta property=\"og:site_name\" content=\"Radio Leinewelle\" \/>\n<meta property=\"article:publisher\" content=\"https:\/\/www.facebook.com\/radioleinewelle\" \/>\n<meta property=\"article:author\" content=\"https:\/\/www.facebook.com\/radioleinewelle\" \/>\n<meta property=\"article:published_time\" content=\"2020-10-07T03:22:04+00:00\" \/>\n<meta name=\"author\" content=\"Leinewelle\" \/>\n<meta name=\"twitter:card\" content=\"summary_large_image\" \/>\n<meta name=\"twitter:creator\" content=\"@https:\/\/twitter.com\/RLeinewelle?ref_src=twsrcgoogletwcampserptwgrauthor\" \/>\n<meta name=\"twitter:site\" content=\"@RLeinewelle\" \/>\n<meta name=\"twitter:label1\" content=\"Verfasst von\" \/>\n\t<meta name=\"twitter:data1\" content=\"Leinewelle\" \/>\n\t<meta name=\"twitter:label2\" content=\"Gesch\u00e4tzte Lesezeit\" \/>\n\t<meta name=\"twitter:data2\" content=\"2\u00a0Minuten\" \/>\n<script type=\"application\/ld+json\" class=\"yoast-schema-graph\">{\"@context\":\"https:\\\/\\\/schema.org\",\"@graph\":[{\"@type\":\"Article\",\"@id\":\"https:\\\/\\\/radioleinewelle.de\\\/index.php\\\/2020\\\/10\\\/07\\\/gruene-sprechen-sich-fuer-verbleib-des-kaz-in-der-voigt-realschule-aus\\\/#article\",\"isPartOf\":{\"@id\":\"https:\\\/\\\/radioleinewelle.de\\\/index.php\\\/2020\\\/10\\\/07\\\/gruene-sprechen-sich-fuer-verbleib-des-kaz-in-der-voigt-realschule-aus\\\/\"},\"author\":{\"name\":\"Leinewelle\",\"@id\":\"https:\\\/\\\/radioleinewelle.de\\\/#\\\/schema\\\/person\\\/45606f348637df637192dc1b68399a63\"},\"headline\":\"Gr\u00fcne sprechen sich f\u00fcr Verbleib des KAZ in der Voigt-Realschule aus.\",\"datePublished\":\"2020-10-07T03:22:04+00:00\",\"mainEntityOfPage\":{\"@id\":\"https:\\\/\\\/radioleinewelle.de\\\/index.php\\\/2020\\\/10\\\/07\\\/gruene-sprechen-sich-fuer-verbleib-des-kaz-in-der-voigt-realschule-aus\\\/\"},\"wordCount\":361,\"publisher\":{\"@id\":\"https:\\\/\\\/radioleinewelle.de\\\/#organization\"},\"articleSection\":[\"Lokalpolitik\"],\"inLanguage\":\"de\"},{\"@type\":\"WebPage\",\"@id\":\"https:\\\/\\\/radioleinewelle.de\\\/index.php\\\/2020\\\/10\\\/07\\\/gruene-sprechen-sich-fuer-verbleib-des-kaz-in-der-voigt-realschule-aus\\\/\",\"url\":\"https:\\\/\\\/radioleinewelle.de\\\/index.php\\\/2020\\\/10\\\/07\\\/gruene-sprechen-sich-fuer-verbleib-des-kaz-in-der-voigt-realschule-aus\\\/\",\"name\":\"Gr\u00fcne sprechen sich f\u00fcr Verbleib des KAZ in der Voigt-Realschule aus. - Radio Leinewelle\",\"isPartOf\":{\"@id\":\"https:\\\/\\\/radioleinewelle.de\\\/#website\"},\"datePublished\":\"2020-10-07T03:22:04+00:00\",\"breadcrumb\":{\"@id\":\"https:\\\/\\\/radioleinewelle.de\\\/index.php\\\/2020\\\/10\\\/07\\\/gruene-sprechen-sich-fuer-verbleib-des-kaz-in-der-voigt-realschule-aus\\\/#breadcrumb\"},\"inLanguage\":\"de\",\"potentialAction\":[{\"@type\":\"ReadAction\",\"target\":[\"https:\\\/\\\/radioleinewelle.de\\\/index.php\\\/2020\\\/10\\\/07\\\/gruene-sprechen-sich-fuer-verbleib-des-kaz-in-der-voigt-realschule-aus\\\/\"]}]},{\"@type\":\"BreadcrumbList\",\"@id\":\"https:\\\/\\\/radioleinewelle.de\\\/index.php\\\/2020\\\/10\\\/07\\\/gruene-sprechen-sich-fuer-verbleib-des-kaz-in-der-voigt-realschule-aus\\\/#breadcrumb\",\"itemListElement\":[{\"@type\":\"ListItem\",\"position\":1,\"name\":\"Startseite\",\"item\":\"https:\\\/\\\/radioleinewelle.de\\\/\"},{\"@type\":\"ListItem\",\"position\":2,\"name\":\"Gr\u00fcne sprechen sich f\u00fcr Verbleib des KAZ in der Voigt-Realschule aus.\"}]},{\"@type\":\"WebSite\",\"@id\":\"https:\\\/\\\/radioleinewelle.de\\\/#website\",\"url\":\"https:\\\/\\\/radioleinewelle.de\\\/\",\"name\":\"Radio Leinewelle\",\"description\":\"\",\"publisher\":{\"@id\":\"https:\\\/\\\/radioleinewelle.de\\\/#organization\"},\"potentialAction\":[{\"@type\":\"SearchAction\",\"target\":{\"@type\":\"EntryPoint\",\"urlTemplate\":\"https:\\\/\\\/radioleinewelle.de\\\/?s={search_term_string}\"},\"query-input\":{\"@type\":\"PropertyValueSpecification\",\"valueRequired\":true,\"valueName\":\"search_term_string\"}}],\"inLanguage\":\"de\"},{\"@type\":\"Organization\",\"@id\":\"https:\\\/\\\/radioleinewelle.de\\\/#organization\",\"name\":\"Radio Leinewelle\",\"alternateName\":\"Mein Radio f\u00fcr S\u00fcdniedersachsen\",\"url\":\"https:\\\/\\\/radioleinewelle.de\\\/\",\"logo\":{\"@type\":\"ImageObject\",\"inLanguage\":\"de\",\"@id\":\"https:\\\/\\\/radioleinewelle.de\\\/#\\\/schema\\\/logo\\\/image\\\/\",\"url\":\"https:\\\/\\\/radioleinewelle.de\\\/wp-content\\\/uploads\\\/2023\\\/11\\\/cropped-Leinewelle_Logo_weiss.png\",\"contentUrl\":\"https:\\\/\\\/radioleinewelle.de\\\/wp-content\\\/uploads\\\/2023\\\/11\\\/cropped-Leinewelle_Logo_weiss.png\",\"width\":854,\"height\":260,\"caption\":\"Radio Leinewelle\"},\"image\":{\"@id\":\"https:\\\/\\\/radioleinewelle.de\\\/#\\\/schema\\\/logo\\\/image\\\/\"},\"sameAs\":[\"https:\\\/\\\/www.facebook.com\\\/radioleinewelle\",\"https:\\\/\\\/x.com\\\/RLeinewelle\",\"https:\\\/\\\/www.instagram.com\\\/radioleinewelle\\\/?hl=de\"]},{\"@type\":\"Person\",\"@id\":\"https:\\\/\\\/radioleinewelle.de\\\/#\\\/schema\\\/person\\\/45606f348637df637192dc1b68399a63\",\"name\":\"Leinewelle\",\"image\":{\"@type\":\"ImageObject\",\"inLanguage\":\"de\",\"@id\":\"https:\\\/\\\/secure.gravatar.com\\\/avatar\\\/05c9a17bc973052ee5d91549bd32fb4dd0dc85b7b85ae94b2e2b4943476bbea5?s=96&d=blank&r=g\",\"url\":\"https:\\\/\\\/secure.gravatar.com\\\/avatar\\\/05c9a17bc973052ee5d91549bd32fb4dd0dc85b7b85ae94b2e2b4943476bbea5?s=96&d=blank&r=g\",\"contentUrl\":\"https:\\\/\\\/secure.gravatar.com\\\/avatar\\\/05c9a17bc973052ee5d91549bd32fb4dd0dc85b7b85ae94b2e2b4943476bbea5?s=96&d=blank&r=g\",\"caption\":\"Leinewelle\"},\"sameAs\":[\"http:\\\/\\\/localhost\\\/radio%20leinewelle\\\/wordpress\",\"https:\\\/\\\/www.facebook.com\\\/radioleinewelle\",\"https:\\\/\\\/www.instagram.com\\\/radioleinewelle\",\"https:\\\/\\\/x.com\\\/https:\\\/\\\/twitter.com\\\/RLeinewelle?ref_src=twsrcgoogletwcampserptwgrauthor\",\"https:\\\/\\\/soundcloud.com\\\/foerderverein-lokalradio?utm_source=clipboard&utm_medium=text&utm_campaign=social_sharing\"],\"url\":\"https:\\\/\\\/radioleinewelle.de\\\/index.php\\\/author\\\/leinewelle\\\/\"}]}<\/script>\n<!-- \/ Yoast SEO plugin. -->","yoast_head_json":{"title":"Gr\u00fcne sprechen sich f\u00fcr Verbleib des KAZ in der Voigt-Realschule aus. - Radio Leinewelle","robots":{"index":"index","follow":"follow","max-snippet":"max-snippet:-1","max-image-preview":"max-image-preview:large","max-video-preview":"max-video-preview:-1"},"canonical":"https:\/\/radioleinewelle.de\/index.php\/2020\/10\/07\/gruene-sprechen-sich-fuer-verbleib-des-kaz-in-der-voigt-realschule-aus\/","og_locale":"de_DE","og_type":"article","og_title":"Gr\u00fcne sprechen sich f\u00fcr Verbleib des KAZ in der Voigt-Realschule aus. - Radio Leinewelle","og_description":"&#8222;Wir greifen dem Ergebnis der Pr\u00fcfung, wo im Bereich der Innenstadt der neue Standort der Boni I ist, nicht vor\u201c, so Susanne Stobbe, GR\u00dcNE im Schulausschuss der Stadt. Damit grenzt sich die GR\u00dcNE Fraktion von der Auffassung der CDU-Fraktion ab, die vorrangig das Geb\u00e4ude der ehm. Voigt-Realschule f\u00fcr die Unterbringung der Boni I und II [&hellip;]","og_url":"https:\/\/radioleinewelle.de\/index.php\/2020\/10\/07\/gruene-sprechen-sich-fuer-verbleib-des-kaz-in-der-voigt-realschule-aus\/","og_site_name":"Radio Leinewelle","article_publisher":"https:\/\/www.facebook.com\/radioleinewelle","article_author":"https:\/\/www.facebook.com\/radioleinewelle","article_published_time":"2020-10-07T03:22:04+00:00","author":"Leinewelle","twitter_card":"summary_large_image","twitter_creator":"@https:\/\/twitter.com\/RLeinewelle?ref_src=twsrcgoogletwcampserptwgrauthor","twitter_site":"@RLeinewelle","twitter_misc":{"Verfasst von":"Leinewelle","Gesch\u00e4tzte Lesezeit":"2\u00a0Minuten"},"schema":{"@context":"https:\/\/schema.org","@graph":[{"@type":"Article","@id":"https:\/\/radioleinewelle.de\/index.php\/2020\/10\/07\/gruene-sprechen-sich-fuer-verbleib-des-kaz-in-der-voigt-realschule-aus\/#article","isPartOf":{"@id":"https:\/\/radioleinewelle.de\/index.php\/2020\/10\/07\/gruene-sprechen-sich-fuer-verbleib-des-kaz-in-der-voigt-realschule-aus\/"},"author":{"name":"Leinewelle","@id":"https:\/\/radioleinewelle.de\/#\/schema\/person\/45606f348637df637192dc1b68399a63"},"headline":"Gr\u00fcne sprechen sich f\u00fcr Verbleib des KAZ in der Voigt-Realschule aus.","datePublished":"2020-10-07T03:22:04+00:00","mainEntityOfPage":{"@id":"https:\/\/radioleinewelle.de\/index.php\/2020\/10\/07\/gruene-sprechen-sich-fuer-verbleib-des-kaz-in-der-voigt-realschule-aus\/"},"wordCount":361,"publisher":{"@id":"https:\/\/radioleinewelle.de\/#organization"},"articleSection":["Lokalpolitik"],"inLanguage":"de"},{"@type":"WebPage","@id":"https:\/\/radioleinewelle.de\/index.php\/2020\/10\/07\/gruene-sprechen-sich-fuer-verbleib-des-kaz-in-der-voigt-realschule-aus\/","url":"https:\/\/radioleinewelle.de\/index.php\/2020\/10\/07\/gruene-sprechen-sich-fuer-verbleib-des-kaz-in-der-voigt-realschule-aus\/","name":"Gr\u00fcne sprechen sich f\u00fcr Verbleib des KAZ in der Voigt-Realschule aus. - Radio Leinewelle","isPartOf":{"@id":"https:\/\/radioleinewelle.de\/#website"},"datePublished":"2020-10-07T03:22:04+00:00","breadcrumb":{"@id":"https:\/\/radioleinewelle.de\/index.php\/2020\/10\/07\/gruene-sprechen-sich-fuer-verbleib-des-kaz-in-der-voigt-realschule-aus\/#breadcrumb"},"inLanguage":"de","potentialAction":[{"@type":"ReadAction","target":["https:\/\/radioleinewelle.de\/index.php\/2020\/10\/07\/gruene-sprechen-sich-fuer-verbleib-des-kaz-in-der-voigt-realschule-aus\/"]}]},{"@type":"BreadcrumbList","@id":"https:\/\/radioleinewelle.de\/index.php\/2020\/10\/07\/gruene-sprechen-sich-fuer-verbleib-des-kaz-in-der-voigt-realschule-aus\/#breadcrumb","itemListElement":[{"@type":"ListItem","position":1,"name":"Startseite","item":"https:\/\/radioleinewelle.de\/"},{"@type":"ListItem","position":2,"name":"Gr\u00fcne sprechen sich f\u00fcr Verbleib des KAZ in der Voigt-Realschule aus."}]},{"@type":"WebSite","@id":"https:\/\/radioleinewelle.de\/#website","url":"https:\/\/radioleinewelle.de\/","name":"Radio Leinewelle","description":"","publisher":{"@id":"https:\/\/radioleinewelle.de\/#organization"},"potentialAction":[{"@type":"SearchAction","target":{"@type":"EntryPoint","urlTemplate":"https:\/\/radioleinewelle.de\/?s={search_term_string}"},"query-input":{"@type":"PropertyValueSpecification","valueRequired":true,"valueName":"search_term_string"}}],"inLanguage":"de"},{"@type":"Organization","@id":"https:\/\/radioleinewelle.de\/#organization","name":"Radio Leinewelle","alternateName":"Mein Radio f\u00fcr S\u00fcdniedersachsen","url":"https:\/\/radioleinewelle.de\/","logo":{"@type":"ImageObject","inLanguage":"de","@id":"https:\/\/radioleinewelle.de\/#\/schema\/logo\/image\/","url":"https:\/\/radioleinewelle.de\/wp-content\/uploads\/2023\/11\/cropped-Leinewelle_Logo_weiss.png","contentUrl":"https:\/\/radioleinewelle.de\/wp-content\/uploads\/2023\/11\/cropped-Leinewelle_Logo_weiss.png","width":854,"height":260,"caption":"Radio Leinewelle"},"image":{"@id":"https:\/\/radioleinewelle.de\/#\/schema\/logo\/image\/"},"sameAs":["https:\/\/www.facebook.com\/radioleinewelle","https:\/\/x.com\/RLeinewelle","https:\/\/www.instagram.com\/radioleinewelle\/?hl=de"]},{"@type":"Person","@id":"https:\/\/radioleinewelle.de\/#\/schema\/person\/45606f348637df637192dc1b68399a63","name":"Leinewelle","image":{"@type":"ImageObject","inLanguage":"de","@id":"https:\/\/secure.gravatar.com\/avatar\/05c9a17bc973052ee5d91549bd32fb4dd0dc85b7b85ae94b2e2b4943476bbea5?s=96&d=blank&r=g","url":"https:\/\/secure.gravatar.com\/avatar\/05c9a17bc973052ee5d91549bd32fb4dd0dc85b7b85ae94b2e2b4943476bbea5?s=96&d=blank&r=g","contentUrl":"https:\/\/secure.gravatar.com\/avatar\/05c9a17bc973052ee5d91549bd32fb4dd0dc85b7b85ae94b2e2b4943476bbea5?s=96&d=blank&r=g","caption":"Leinewelle"},"sameAs":["http:\/\/localhost\/radio%20leinewelle\/wordpress","https:\/\/www.facebook.com\/radioleinewelle","https:\/\/www.instagram.com\/radioleinewelle","https:\/\/x.com\/https:\/\/twitter.com\/RLeinewelle?ref_src=twsrcgoogletwcampserptwgrauthor","https:\/\/soundcloud.com\/foerderverein-lokalradio?utm_source=clipboard&utm_medium=text&utm_campaign=social_sharing"],"url":"https:\/\/radioleinewelle.de\/index.php\/author\/leinewelle\/"}]}},"_links":{"self":[{"href":"https:\/\/radioleinewelle.de\/index.php\/wp-json\/wp\/v2\/posts\/2146","targetHints":{"allow":["GET"]}}],"collection":[{"href":"https:\/\/radioleinewelle.de\/index.php\/wp-json\/wp\/v2\/posts"}],"about":[{"href":"https:\/\/radioleinewelle.de\/index.php\/wp-json\/wp\/v2\/types\/post"}],"author":[{"embeddable":true,"href":"https:\/\/radioleinewelle.de\/index.php\/wp-json\/wp\/v2\/users\/1"}],"replies":[{"embeddable":true,"href":"https:\/\/radioleinewelle.de\/index.php\/wp-json\/wp\/v2\/comments?post=2146"}],"version-history":[{"count":0,"href":"https:\/\/radioleinewelle.de\/index.php\/wp-json\/wp\/v2\/posts\/2146\/revisions"}],"wp:attachment":[{"href":"https:\/\/radioleinewelle.de\/index.php\/wp-json\/wp\/v2\/media?parent=2146"}],"wp:term":[{"taxonomy":"category","embeddable":true,"href":"https:\/\/radioleinewelle.de\/index.php\/wp-json\/wp\/v2\/categories?post=2146"},{"taxonomy":"post_tag","embeddable":true,"href":"https:\/\/radioleinewelle.de\/index.php\/wp-json\/wp\/v2\/tags?post=2146"}],"curies":[{"name":"wp","href":"https:\/\/api.w.org\/{rel}","templated":true}]}}