{"id":21614,"date":"2023-02-09T03:10:00","date_gmt":"2023-02-09T02:10:00","guid":{"rendered":"https:\/\/radioleinewelle.de\/?p=21614"},"modified":"2023-02-08T22:12:03","modified_gmt":"2023-02-08T21:12:03","slug":"heute-kino-trifft-plakatkunst","status":"publish","type":"post","link":"https:\/\/radioleinewelle.de\/index.php\/2023\/02\/09\/heute-kino-trifft-plakatkunst\/","title":{"rendered":"Heute: Kino trifft Plakatkunst!"},"content":{"rendered":"\n<p>In Ankn\u00fcpfung an die <strong>Ausstellung im Kunsthau<\/strong>s \u201eFilmplakate 1953-74. Zwischen Mainstream und Avantgarde\u201c und den dort pr\u00e4sentierten Filmplakaten zeigt das <strong>Kino M\u00e9li\u00e8s<\/strong> entsprechend ausgew\u00e4hlte Filme. Kuratiert vom Leiter des Deutschen Plakatmuseums in Essen, Ren\u00e9 Grohnert, beinhaltet die Ausstellung neben Filmplakaten des Atlas Filmverleihs in Duisburg, auch eine gro\u00dfe Auswahl von Exponaten der Neuen Filmkunst Walter Kirchner und des Grafikers Karl-Heinz Fehrecke, die beide in G\u00f6ttingen ans\u00e4ssig waren und den Ruhm als Filmstadt nach dem 2. Weltkrieg mitbegr\u00fcndet haben.\u00a0\u00a0<\/p>\n\n\n\n<p>Die Kooperation mit dem Titel \u201eM\u00e9li\u00e8s in Residence\u201c bietet an zwei Abenden die M\u00f6glichkeit Filmgeschichte einmal anders zu erleben und einen Eindruck von den Filmen jener Zeit zu bekommen.<\/p>\n\n\n\n<p>So pr\u00e4sentiert das M\u00e9li\u00e8s am Donnerstag, den 9.2. um 19.30 Uhr in den eigenen R\u00e4umen in der B\u00fcrgerstr. 13 \u201eDie endlose Nacht\u201c (BR Deutschland, 1963). Der Film, der die Schicksale verschiedener am Flughafen Berlin-Tempelhof festsitzender Reisender erz\u00e4hlt, wurde 1963 mit vier Bundesfilmpreisen ausgezeichnet und war der Durchbruch f\u00fcr die damals 21j\u00e4hrige Hannelore Elsner. Der Abend wird vorab eingel\u00e4utet durch einen Kurzvortrag zur Ausstellung vom Kurator Ren\u00e9 Grohnert. Tickets hierf\u00fcr sind unter&nbsp;<a href=\"mailto:info@lumiere-melies.de\">info@lumiere-melies.de<\/a>&nbsp;noch zu haben.<\/p>\n\n\n\n<p>Und schonmal vormerken: am Samstag 25. M\u00e4rz findet ein Gegenbesuch im Kunsthaus statt. Verbunden mit einer Kurzf\u00fchrung durch die Ausstellung um 17.30 Uhr, l\u00e4dt anschlie\u00dfend im Pop-Up-Kino im Dachgeschoss das Team des M\u00e9li\u00e8s zu einem \u00dcberraschungsfilm ein. Kunst- und Filmgenuss sind also garantiert. Kartenreservierungen hierf\u00fcr ab 1. M\u00e4rz unter:\u00a0<a href=\"mailto:info@kunsthaus-goettingen.de\">info@kunsthaus-goettingen.de<\/a><\/p>\n\n\n\n<p>Foto: \u00a9Radio Leinewelle (ue)<\/p>\n","protected":false},"excerpt":{"rendered":"<p>In Ankn\u00fcpfung an die Ausstellung im Kunsthaus \u201eFilmplakate 1953-74. Zwischen Mainstream und Avantgarde\u201c und den dort pr\u00e4sentierten Filmplakaten zeigt das Kino M\u00e9li\u00e8s entsprechend ausgew\u00e4hlte Filme. Kuratiert vom Leiter des Deutschen Plakatmuseums in Essen, Ren\u00e9 Grohnert, beinhaltet die Ausstellung neben Filmplakaten des Atlas Filmverleihs in Duisburg, auch eine gro\u00dfe Auswahl von Exponaten der Neuen Filmkunst Walter [&hellip;]<\/p>\n","protected":false},"author":1,"featured_media":21622,"comment_status":"open","ping_status":"open","sticky":true,"template":"","format":"standard","meta":{"saved_in_kubio":false,"footnotes":""},"categories":[41],"tags":[3813,323,3855],"class_list":["post-21614","post","type-post","status-publish","format-standard","has-post-thumbnail","hentry","category-veranstaltungen","tag-filmplakate-1953-74","tag-kunsthaus-goettingen","tag-melies-in-residence"],"yoast_head":"<!-- This site is optimized with the Yoast SEO plugin v27.5 - https:\/\/yoast.com\/product\/yoast-seo-wordpress\/ -->\n<title>Heute: Kino trifft Plakatkunst! - Radio Leinewelle<\/title>\n<meta name=\"robots\" content=\"index, follow, max-snippet:-1, max-image-preview:large, max-video-preview:-1\" \/>\n<link rel=\"canonical\" href=\"https:\/\/radioleinewelle.de\/index.php\/2023\/02\/09\/heute-kino-trifft-plakatkunst\/\" \/>\n<meta property=\"og:locale\" content=\"de_DE\" \/>\n<meta property=\"og:type\" content=\"article\" \/>\n<meta property=\"og:title\" content=\"Heute: Kino trifft Plakatkunst! - Radio Leinewelle\" \/>\n<meta property=\"og:description\" content=\"In Ankn\u00fcpfung an die Ausstellung im Kunsthaus \u201eFilmplakate 1953-74. Zwischen Mainstream und Avantgarde\u201c und den dort pr\u00e4sentierten Filmplakaten zeigt das Kino M\u00e9li\u00e8s entsprechend ausgew\u00e4hlte Filme. Kuratiert vom Leiter des Deutschen Plakatmuseums in Essen, Ren\u00e9 Grohnert, beinhaltet die Ausstellung neben Filmplakaten des Atlas Filmverleihs in Duisburg, auch eine gro\u00dfe Auswahl von Exponaten der Neuen Filmkunst Walter [&hellip;]\" \/>\n<meta property=\"og:url\" content=\"https:\/\/radioleinewelle.de\/index.php\/2023\/02\/09\/heute-kino-trifft-plakatkunst\/\" \/>\n<meta property=\"og:site_name\" content=\"Radio Leinewelle\" \/>\n<meta property=\"article:publisher\" content=\"https:\/\/www.facebook.com\/radioleinewelle\" \/>\n<meta property=\"article:author\" content=\"https:\/\/www.facebook.com\/radioleinewelle\" \/>\n<meta property=\"article:published_time\" content=\"2023-02-09T02:10:00+00:00\" \/>\n<meta property=\"og:image\" content=\"https:\/\/radioleinewelle.de\/wp-content\/uploads\/2023\/02\/Filmplakate-Kunsthaus.jpg\" \/>\n\t<meta property=\"og:image:width\" content=\"2016\" \/>\n\t<meta property=\"og:image:height\" content=\"1512\" \/>\n\t<meta property=\"og:image:type\" content=\"image\/jpeg\" \/>\n<meta name=\"author\" content=\"Leinewelle\" \/>\n<meta name=\"twitter:card\" content=\"summary_large_image\" \/>\n<meta name=\"twitter:creator\" content=\"@https:\/\/twitter.com\/RLeinewelle?ref_src=twsrcgoogletwcampserptwgrauthor\" \/>\n<meta name=\"twitter:site\" content=\"@RLeinewelle\" \/>\n<meta name=\"twitter:label1\" content=\"Verfasst von\" \/>\n\t<meta name=\"twitter:data1\" content=\"Leinewelle\" \/>\n\t<meta name=\"twitter:label2\" content=\"Gesch\u00e4tzte Lesezeit\" \/>\n\t<meta name=\"twitter:data2\" content=\"2\u00a0Minuten\" \/>\n<script type=\"application\/ld+json\" class=\"yoast-schema-graph\">{\"@context\":\"https:\\\/\\\/schema.org\",\"@graph\":[{\"@type\":\"Article\",\"@id\":\"https:\\\/\\\/radioleinewelle.de\\\/index.php\\\/2023\\\/02\\\/09\\\/heute-kino-trifft-plakatkunst\\\/#article\",\"isPartOf\":{\"@id\":\"https:\\\/\\\/radioleinewelle.de\\\/index.php\\\/2023\\\/02\\\/09\\\/heute-kino-trifft-plakatkunst\\\/\"},\"author\":{\"name\":\"Leinewelle\",\"@id\":\"https:\\\/\\\/radioleinewelle.de\\\/#\\\/schema\\\/person\\\/45606f348637df637192dc1b68399a63\"},\"headline\":\"Heute: Kino trifft Plakatkunst!\",\"datePublished\":\"2023-02-09T02:10:00+00:00\",\"mainEntityOfPage\":{\"@id\":\"https:\\\/\\\/radioleinewelle.de\\\/index.php\\\/2023\\\/02\\\/09\\\/heute-kino-trifft-plakatkunst\\\/\"},\"wordCount\":267,\"commentCount\":0,\"publisher\":{\"@id\":\"https:\\\/\\\/radioleinewelle.de\\\/#organization\"},\"image\":{\"@id\":\"https:\\\/\\\/radioleinewelle.de\\\/index.php\\\/2023\\\/02\\\/09\\\/heute-kino-trifft-plakatkunst\\\/#primaryimage\"},\"thumbnailUrl\":\"https:\\\/\\\/radioleinewelle.de\\\/wp-content\\\/uploads\\\/2023\\\/02\\\/Filmplakate-Kunsthaus.jpg\",\"keywords\":[\"Filmplakate 1953-74\",\"Kunsthaus G\u00f6ttingen\",\"M\u00e9li\u00e8s in Residence\"],\"articleSection\":[\"Veranstaltungen\"],\"inLanguage\":\"de\",\"potentialAction\":[{\"@type\":\"CommentAction\",\"name\":\"Comment\",\"target\":[\"https:\\\/\\\/radioleinewelle.de\\\/index.php\\\/2023\\\/02\\\/09\\\/heute-kino-trifft-plakatkunst\\\/#respond\"]}]},{\"@type\":\"WebPage\",\"@id\":\"https:\\\/\\\/radioleinewelle.de\\\/index.php\\\/2023\\\/02\\\/09\\\/heute-kino-trifft-plakatkunst\\\/\",\"url\":\"https:\\\/\\\/radioleinewelle.de\\\/index.php\\\/2023\\\/02\\\/09\\\/heute-kino-trifft-plakatkunst\\\/\",\"name\":\"Heute: Kino trifft Plakatkunst! - Radio Leinewelle\",\"isPartOf\":{\"@id\":\"https:\\\/\\\/radioleinewelle.de\\\/#website\"},\"primaryImageOfPage\":{\"@id\":\"https:\\\/\\\/radioleinewelle.de\\\/index.php\\\/2023\\\/02\\\/09\\\/heute-kino-trifft-plakatkunst\\\/#primaryimage\"},\"image\":{\"@id\":\"https:\\\/\\\/radioleinewelle.de\\\/index.php\\\/2023\\\/02\\\/09\\\/heute-kino-trifft-plakatkunst\\\/#primaryimage\"},\"thumbnailUrl\":\"https:\\\/\\\/radioleinewelle.de\\\/wp-content\\\/uploads\\\/2023\\\/02\\\/Filmplakate-Kunsthaus.jpg\",\"datePublished\":\"2023-02-09T02:10:00+00:00\",\"breadcrumb\":{\"@id\":\"https:\\\/\\\/radioleinewelle.de\\\/index.php\\\/2023\\\/02\\\/09\\\/heute-kino-trifft-plakatkunst\\\/#breadcrumb\"},\"inLanguage\":\"de\",\"potentialAction\":[{\"@type\":\"ReadAction\",\"target\":[\"https:\\\/\\\/radioleinewelle.de\\\/index.php\\\/2023\\\/02\\\/09\\\/heute-kino-trifft-plakatkunst\\\/\"]}]},{\"@type\":\"ImageObject\",\"inLanguage\":\"de\",\"@id\":\"https:\\\/\\\/radioleinewelle.de\\\/index.php\\\/2023\\\/02\\\/09\\\/heute-kino-trifft-plakatkunst\\\/#primaryimage\",\"url\":\"https:\\\/\\\/radioleinewelle.de\\\/wp-content\\\/uploads\\\/2023\\\/02\\\/Filmplakate-Kunsthaus.jpg\",\"contentUrl\":\"https:\\\/\\\/radioleinewelle.de\\\/wp-content\\\/uploads\\\/2023\\\/02\\\/Filmplakate-Kunsthaus.jpg\",\"width\":2016,\"height\":1512},{\"@type\":\"BreadcrumbList\",\"@id\":\"https:\\\/\\\/radioleinewelle.de\\\/index.php\\\/2023\\\/02\\\/09\\\/heute-kino-trifft-plakatkunst\\\/#breadcrumb\",\"itemListElement\":[{\"@type\":\"ListItem\",\"position\":1,\"name\":\"Startseite\",\"item\":\"https:\\\/\\\/radioleinewelle.de\\\/\"},{\"@type\":\"ListItem\",\"position\":2,\"name\":\"Heute: Kino trifft Plakatkunst!\"}]},{\"@type\":\"WebSite\",\"@id\":\"https:\\\/\\\/radioleinewelle.de\\\/#website\",\"url\":\"https:\\\/\\\/radioleinewelle.de\\\/\",\"name\":\"Radio Leinewelle\",\"description\":\"\",\"publisher\":{\"@id\":\"https:\\\/\\\/radioleinewelle.de\\\/#organization\"},\"potentialAction\":[{\"@type\":\"SearchAction\",\"target\":{\"@type\":\"EntryPoint\",\"urlTemplate\":\"https:\\\/\\\/radioleinewelle.de\\\/?s={search_term_string}\"},\"query-input\":{\"@type\":\"PropertyValueSpecification\",\"valueRequired\":true,\"valueName\":\"search_term_string\"}}],\"inLanguage\":\"de\"},{\"@type\":\"Organization\",\"@id\":\"https:\\\/\\\/radioleinewelle.de\\\/#organization\",\"name\":\"Radio Leinewelle\",\"alternateName\":\"Mein Radio f\u00fcr S\u00fcdniedersachsen\",\"url\":\"https:\\\/\\\/radioleinewelle.de\\\/\",\"logo\":{\"@type\":\"ImageObject\",\"inLanguage\":\"de\",\"@id\":\"https:\\\/\\\/radioleinewelle.de\\\/#\\\/schema\\\/logo\\\/image\\\/\",\"url\":\"https:\\\/\\\/radioleinewelle.de\\\/wp-content\\\/uploads\\\/2023\\\/11\\\/cropped-Leinewelle_Logo_weiss.png\",\"contentUrl\":\"https:\\\/\\\/radioleinewelle.de\\\/wp-content\\\/uploads\\\/2023\\\/11\\\/cropped-Leinewelle_Logo_weiss.png\",\"width\":854,\"height\":260,\"caption\":\"Radio Leinewelle\"},\"image\":{\"@id\":\"https:\\\/\\\/radioleinewelle.de\\\/#\\\/schema\\\/logo\\\/image\\\/\"},\"sameAs\":[\"https:\\\/\\\/www.facebook.com\\\/radioleinewelle\",\"https:\\\/\\\/x.com\\\/RLeinewelle\",\"https:\\\/\\\/www.instagram.com\\\/radioleinewelle\\\/?hl=de\"]},{\"@type\":\"Person\",\"@id\":\"https:\\\/\\\/radioleinewelle.de\\\/#\\\/schema\\\/person\\\/45606f348637df637192dc1b68399a63\",\"name\":\"Leinewelle\",\"image\":{\"@type\":\"ImageObject\",\"inLanguage\":\"de\",\"@id\":\"https:\\\/\\\/secure.gravatar.com\\\/avatar\\\/05c9a17bc973052ee5d91549bd32fb4dd0dc85b7b85ae94b2e2b4943476bbea5?s=96&d=blank&r=g\",\"url\":\"https:\\\/\\\/secure.gravatar.com\\\/avatar\\\/05c9a17bc973052ee5d91549bd32fb4dd0dc85b7b85ae94b2e2b4943476bbea5?s=96&d=blank&r=g\",\"contentUrl\":\"https:\\\/\\\/secure.gravatar.com\\\/avatar\\\/05c9a17bc973052ee5d91549bd32fb4dd0dc85b7b85ae94b2e2b4943476bbea5?s=96&d=blank&r=g\",\"caption\":\"Leinewelle\"},\"sameAs\":[\"http:\\\/\\\/localhost\\\/radio%20leinewelle\\\/wordpress\",\"https:\\\/\\\/www.facebook.com\\\/radioleinewelle\",\"https:\\\/\\\/www.instagram.com\\\/radioleinewelle\",\"https:\\\/\\\/x.com\\\/https:\\\/\\\/twitter.com\\\/RLeinewelle?ref_src=twsrcgoogletwcampserptwgrauthor\",\"https:\\\/\\\/soundcloud.com\\\/foerderverein-lokalradio?utm_source=clipboard&utm_medium=text&utm_campaign=social_sharing\"],\"url\":\"https:\\\/\\\/radioleinewelle.de\\\/index.php\\\/author\\\/leinewelle\\\/\"}]}<\/script>\n<!-- \/ Yoast SEO plugin. -->","yoast_head_json":{"title":"Heute: Kino trifft Plakatkunst! - Radio Leinewelle","robots":{"index":"index","follow":"follow","max-snippet":"max-snippet:-1","max-image-preview":"max-image-preview:large","max-video-preview":"max-video-preview:-1"},"canonical":"https:\/\/radioleinewelle.de\/index.php\/2023\/02\/09\/heute-kino-trifft-plakatkunst\/","og_locale":"de_DE","og_type":"article","og_title":"Heute: Kino trifft Plakatkunst! - Radio Leinewelle","og_description":"In Ankn\u00fcpfung an die Ausstellung im Kunsthaus \u201eFilmplakate 1953-74. Zwischen Mainstream und Avantgarde\u201c und den dort pr\u00e4sentierten Filmplakaten zeigt das Kino M\u00e9li\u00e8s entsprechend ausgew\u00e4hlte Filme. Kuratiert vom Leiter des Deutschen Plakatmuseums in Essen, Ren\u00e9 Grohnert, beinhaltet die Ausstellung neben Filmplakaten des Atlas Filmverleihs in Duisburg, auch eine gro\u00dfe Auswahl von Exponaten der Neuen Filmkunst Walter [&hellip;]","og_url":"https:\/\/radioleinewelle.de\/index.php\/2023\/02\/09\/heute-kino-trifft-plakatkunst\/","og_site_name":"Radio Leinewelle","article_publisher":"https:\/\/www.facebook.com\/radioleinewelle","article_author":"https:\/\/www.facebook.com\/radioleinewelle","article_published_time":"2023-02-09T02:10:00+00:00","og_image":[{"width":2016,"height":1512,"url":"https:\/\/radioleinewelle.de\/wp-content\/uploads\/2023\/02\/Filmplakate-Kunsthaus.jpg","type":"image\/jpeg"}],"author":"Leinewelle","twitter_card":"summary_large_image","twitter_creator":"@https:\/\/twitter.com\/RLeinewelle?ref_src=twsrcgoogletwcampserptwgrauthor","twitter_site":"@RLeinewelle","twitter_misc":{"Verfasst von":"Leinewelle","Gesch\u00e4tzte Lesezeit":"2\u00a0Minuten"},"schema":{"@context":"https:\/\/schema.org","@graph":[{"@type":"Article","@id":"https:\/\/radioleinewelle.de\/index.php\/2023\/02\/09\/heute-kino-trifft-plakatkunst\/#article","isPartOf":{"@id":"https:\/\/radioleinewelle.de\/index.php\/2023\/02\/09\/heute-kino-trifft-plakatkunst\/"},"author":{"name":"Leinewelle","@id":"https:\/\/radioleinewelle.de\/#\/schema\/person\/45606f348637df637192dc1b68399a63"},"headline":"Heute: Kino trifft Plakatkunst!","datePublished":"2023-02-09T02:10:00+00:00","mainEntityOfPage":{"@id":"https:\/\/radioleinewelle.de\/index.php\/2023\/02\/09\/heute-kino-trifft-plakatkunst\/"},"wordCount":267,"commentCount":0,"publisher":{"@id":"https:\/\/radioleinewelle.de\/#organization"},"image":{"@id":"https:\/\/radioleinewelle.de\/index.php\/2023\/02\/09\/heute-kino-trifft-plakatkunst\/#primaryimage"},"thumbnailUrl":"https:\/\/radioleinewelle.de\/wp-content\/uploads\/2023\/02\/Filmplakate-Kunsthaus.jpg","keywords":["Filmplakate 1953-74","Kunsthaus G\u00f6ttingen","M\u00e9li\u00e8s in Residence"],"articleSection":["Veranstaltungen"],"inLanguage":"de","potentialAction":[{"@type":"CommentAction","name":"Comment","target":["https:\/\/radioleinewelle.de\/index.php\/2023\/02\/09\/heute-kino-trifft-plakatkunst\/#respond"]}]},{"@type":"WebPage","@id":"https:\/\/radioleinewelle.de\/index.php\/2023\/02\/09\/heute-kino-trifft-plakatkunst\/","url":"https:\/\/radioleinewelle.de\/index.php\/2023\/02\/09\/heute-kino-trifft-plakatkunst\/","name":"Heute: Kino trifft Plakatkunst! - Radio Leinewelle","isPartOf":{"@id":"https:\/\/radioleinewelle.de\/#website"},"primaryImageOfPage":{"@id":"https:\/\/radioleinewelle.de\/index.php\/2023\/02\/09\/heute-kino-trifft-plakatkunst\/#primaryimage"},"image":{"@id":"https:\/\/radioleinewelle.de\/index.php\/2023\/02\/09\/heute-kino-trifft-plakatkunst\/#primaryimage"},"thumbnailUrl":"https:\/\/radioleinewelle.de\/wp-content\/uploads\/2023\/02\/Filmplakate-Kunsthaus.jpg","datePublished":"2023-02-09T02:10:00+00:00","breadcrumb":{"@id":"https:\/\/radioleinewelle.de\/index.php\/2023\/02\/09\/heute-kino-trifft-plakatkunst\/#breadcrumb"},"inLanguage":"de","potentialAction":[{"@type":"ReadAction","target":["https:\/\/radioleinewelle.de\/index.php\/2023\/02\/09\/heute-kino-trifft-plakatkunst\/"]}]},{"@type":"ImageObject","inLanguage":"de","@id":"https:\/\/radioleinewelle.de\/index.php\/2023\/02\/09\/heute-kino-trifft-plakatkunst\/#primaryimage","url":"https:\/\/radioleinewelle.de\/wp-content\/uploads\/2023\/02\/Filmplakate-Kunsthaus.jpg","contentUrl":"https:\/\/radioleinewelle.de\/wp-content\/uploads\/2023\/02\/Filmplakate-Kunsthaus.jpg","width":2016,"height":1512},{"@type":"BreadcrumbList","@id":"https:\/\/radioleinewelle.de\/index.php\/2023\/02\/09\/heute-kino-trifft-plakatkunst\/#breadcrumb","itemListElement":[{"@type":"ListItem","position":1,"name":"Startseite","item":"https:\/\/radioleinewelle.de\/"},{"@type":"ListItem","position":2,"name":"Heute: Kino trifft Plakatkunst!"}]},{"@type":"WebSite","@id":"https:\/\/radioleinewelle.de\/#website","url":"https:\/\/radioleinewelle.de\/","name":"Radio Leinewelle","description":"","publisher":{"@id":"https:\/\/radioleinewelle.de\/#organization"},"potentialAction":[{"@type":"SearchAction","target":{"@type":"EntryPoint","urlTemplate":"https:\/\/radioleinewelle.de\/?s={search_term_string}"},"query-input":{"@type":"PropertyValueSpecification","valueRequired":true,"valueName":"search_term_string"}}],"inLanguage":"de"},{"@type":"Organization","@id":"https:\/\/radioleinewelle.de\/#organization","name":"Radio Leinewelle","alternateName":"Mein Radio f\u00fcr S\u00fcdniedersachsen","url":"https:\/\/radioleinewelle.de\/","logo":{"@type":"ImageObject","inLanguage":"de","@id":"https:\/\/radioleinewelle.de\/#\/schema\/logo\/image\/","url":"https:\/\/radioleinewelle.de\/wp-content\/uploads\/2023\/11\/cropped-Leinewelle_Logo_weiss.png","contentUrl":"https:\/\/radioleinewelle.de\/wp-content\/uploads\/2023\/11\/cropped-Leinewelle_Logo_weiss.png","width":854,"height":260,"caption":"Radio Leinewelle"},"image":{"@id":"https:\/\/radioleinewelle.de\/#\/schema\/logo\/image\/"},"sameAs":["https:\/\/www.facebook.com\/radioleinewelle","https:\/\/x.com\/RLeinewelle","https:\/\/www.instagram.com\/radioleinewelle\/?hl=de"]},{"@type":"Person","@id":"https:\/\/radioleinewelle.de\/#\/schema\/person\/45606f348637df637192dc1b68399a63","name":"Leinewelle","image":{"@type":"ImageObject","inLanguage":"de","@id":"https:\/\/secure.gravatar.com\/avatar\/05c9a17bc973052ee5d91549bd32fb4dd0dc85b7b85ae94b2e2b4943476bbea5?s=96&d=blank&r=g","url":"https:\/\/secure.gravatar.com\/avatar\/05c9a17bc973052ee5d91549bd32fb4dd0dc85b7b85ae94b2e2b4943476bbea5?s=96&d=blank&r=g","contentUrl":"https:\/\/secure.gravatar.com\/avatar\/05c9a17bc973052ee5d91549bd32fb4dd0dc85b7b85ae94b2e2b4943476bbea5?s=96&d=blank&r=g","caption":"Leinewelle"},"sameAs":["http:\/\/localhost\/radio%20leinewelle\/wordpress","https:\/\/www.facebook.com\/radioleinewelle","https:\/\/www.instagram.com\/radioleinewelle","https:\/\/x.com\/https:\/\/twitter.com\/RLeinewelle?ref_src=twsrcgoogletwcampserptwgrauthor","https:\/\/soundcloud.com\/foerderverein-lokalradio?utm_source=clipboard&utm_medium=text&utm_campaign=social_sharing"],"url":"https:\/\/radioleinewelle.de\/index.php\/author\/leinewelle\/"}]}},"_links":{"self":[{"href":"https:\/\/radioleinewelle.de\/index.php\/wp-json\/wp\/v2\/posts\/21614","targetHints":{"allow":["GET"]}}],"collection":[{"href":"https:\/\/radioleinewelle.de\/index.php\/wp-json\/wp\/v2\/posts"}],"about":[{"href":"https:\/\/radioleinewelle.de\/index.php\/wp-json\/wp\/v2\/types\/post"}],"author":[{"embeddable":true,"href":"https:\/\/radioleinewelle.de\/index.php\/wp-json\/wp\/v2\/users\/1"}],"replies":[{"embeddable":true,"href":"https:\/\/radioleinewelle.de\/index.php\/wp-json\/wp\/v2\/comments?post=21614"}],"version-history":[{"count":2,"href":"https:\/\/radioleinewelle.de\/index.php\/wp-json\/wp\/v2\/posts\/21614\/revisions"}],"predecessor-version":[{"id":21645,"href":"https:\/\/radioleinewelle.de\/index.php\/wp-json\/wp\/v2\/posts\/21614\/revisions\/21645"}],"wp:featuredmedia":[{"embeddable":true,"href":"https:\/\/radioleinewelle.de\/index.php\/wp-json\/wp\/v2\/media\/21622"}],"wp:attachment":[{"href":"https:\/\/radioleinewelle.de\/index.php\/wp-json\/wp\/v2\/media?parent=21614"}],"wp:term":[{"taxonomy":"category","embeddable":true,"href":"https:\/\/radioleinewelle.de\/index.php\/wp-json\/wp\/v2\/categories?post=21614"},{"taxonomy":"post_tag","embeddable":true,"href":"https:\/\/radioleinewelle.de\/index.php\/wp-json\/wp\/v2\/tags?post=21614"}],"curies":[{"name":"wp","href":"https:\/\/api.w.org\/{rel}","templated":true}]}}