{"id":21694,"date":"2023-02-08T22:45:40","date_gmt":"2023-02-08T21:45:40","guid":{"rendered":"https:\/\/radioleinewelle.de\/?p=21694"},"modified":"2023-02-08T22:45:42","modified_gmt":"2023-02-08T21:45:42","slug":"beschaeftigte-der-klinikservice-gmbh-der-umg-streiken-am-09-02-und-10-02","status":"publish","type":"post","link":"https:\/\/radioleinewelle.de\/index.php\/2023\/02\/08\/beschaeftigte-der-klinikservice-gmbh-der-umg-streiken-am-09-02-und-10-02\/","title":{"rendered":"Besch\u00e4ftigte der Klinikservice GmbH der UMG streiken am 09.02. und 10.02."},"content":{"rendered":"\n<p>Die Besch\u00e4ftigten der Klinikservice GmbH (KSG)streiken erneut an den n\u00e4chsten zwei Werktagen. Nach der ersten Streikrunde nach den gescheiterten Tarifverhandlungen h\u00e4lt die Klinikservice GmbH ihr letztes Angebot aufrecht, sieht sich aber aufgrund der angespannten Finanzlage der Uniklinik nicht in der Lage das Angebot nachzubessern.Das vorliegende Tarifangebot stelle die Grenze der Belastbarkeit f\u00fcr die KSG dar. <\/p>\n\n\n\n<blockquote class=\"wp-block-quote is-layout-flow wp-block-quote-is-layout-flow\">\n<p>Unsere Mitarbeitenden m\u00fcssen damit weiterhin auf deutliche Lohnzuw\u00e4chse warten und verlieren aufgrund der fehlenden Verhandlungsbereitschaft von ver.di Woche f\u00fcr Woche eine klare Verbesserung ihrer Bez\u00fcge<\/p>\n<cite>Marcus B\u00fchre, Gesch\u00e4ftsf\u00fchrer der KSG<\/cite><\/blockquote>\n\n\n\n<p>Ver.di kritisiert die Haltung der Arbeitgeber. Dazu hei\u00dft es in einer Mitteilung der Gewerkschaft: &#8222;<em>Die Energie von KSG-Gesch\u00e4ftsf\u00fchrung und UMG-Vor\u00adstand sind einzig darauf gerichtet, die Streikenden unter Druck zu setzen, um die jetzigen sozial\u00adsch\u00e4dlichen Niedrigl\u00f6hne auf Dauer festzuschreiben. Ein substanziell verbessertes Angebot, um Streiks abzuwenden, gibt es seit November nicht. Ver.di wird bei dieser und weiteren Arbeitsnieder\u00adlegungen einen Notdienst einrichten. Der Personaleinsatz wird mindestens dem Niveau entsprechen, wie es beide Tarifparteien f\u00fcr den Streik im Dezember einvernehmlich verabredeten hatten.<\/em>&#8220; Ver.di nimmt zudem die Landesregierung in die Pflicht, die sich in ihren Wahlprogramm f\u00fcr faire Arbeitsbedingungen gerade f\u00fcr untere Lohngruppen eingesetzt hat<\/p>\n\n\n\n<blockquote class=\"wp-block-quote is-layout-flow wp-block-quote-is-layout-flow\">\n<p><em>\u201eDie Regierungsparteien haben sich vor der Wahl klar zu besseren Arbeitsbedingungen bekannt. Was die UMG und ihre Besch\u00e4ftigten angeht, haben sie es in der Hand, dies direkt umzusetzen. Es geht hier nicht um Urlaub, SUV und teure Smartphones, sondern um Essen, eine warme Bude und Schulsachen f\u00fcr die Kids. Es geht um die Entlastung der Sozialkassen und gegen die Abwertung von Frauenarbeit. Und es geht um Spitzenmedizin f\u00fcr alle, die sich nicht auf Billigl\u00f6hnen, Hygienerisiken und st\u00e4ndiger Unterbesetzung aufbauen l\u00e4sst.\u201c<\/em><\/p>\n<cite>Thilo Jahn, Gewerkschaftssekret\u00e4r ver.di<\/cite><\/blockquote>\n\n\n\n<p>Streikbeginn ist die jeweilige Fr\u00fchschicht. Die Streikenden werden  am Donnerstag und Freitag Streikkonferenzen abhalten, um \u00fcber das weitere Vorgehen zu beraten.<\/p>\n\n\n\n<p><strong>Foto:<\/strong> \u00a9Radio Leinewelle (ue)<\/p>\n","protected":false},"excerpt":{"rendered":"<p>Die Besch\u00e4ftigten der Klinikservice GmbH (KSG)streiken erneut an den n\u00e4chsten zwei Werktagen. Nach der ersten Streikrunde nach den gescheiterten Tarifverhandlungen h\u00e4lt die Klinikservice GmbH ihr letztes Angebot aufrecht, sieht sich aber aufgrund der angespannten Finanzlage der Uniklinik nicht in der Lage das Angebot nachzubessern.Das vorliegende Tarifangebot stelle die Grenze der Belastbarkeit f\u00fcr die KSG dar. [&hellip;]<\/p>\n","protected":false},"author":1,"featured_media":21709,"comment_status":"open","ping_status":"open","sticky":true,"template":"","format":"standard","meta":{"saved_in_kubio":false,"footnotes":""},"categories":[24,50],"tags":[3672,3856,682],"class_list":["post-21694","post","type-post","status-publish","format-standard","has-post-thumbnail","hentry","category-news","category-arbeitswelt","tag-klinikservice-gmbh","tag-streik-ksg","tag-ver-di"],"yoast_head":"<!-- This site is optimized with the Yoast SEO plugin v27.5 - https:\/\/yoast.com\/product\/yoast-seo-wordpress\/ -->\n<title>Besch\u00e4ftigte der Klinikservice GmbH der UMG streiken am 09.02. und 10.02. - Radio Leinewelle<\/title>\n<meta name=\"robots\" content=\"index, follow, max-snippet:-1, max-image-preview:large, max-video-preview:-1\" \/>\n<link rel=\"canonical\" href=\"https:\/\/radioleinewelle.de\/index.php\/2023\/02\/08\/beschaeftigte-der-klinikservice-gmbh-der-umg-streiken-am-09-02-und-10-02\/\" \/>\n<meta property=\"og:locale\" content=\"de_DE\" \/>\n<meta property=\"og:type\" content=\"article\" \/>\n<meta property=\"og:title\" content=\"Besch\u00e4ftigte der Klinikservice GmbH der UMG streiken am 09.02. und 10.02. - Radio Leinewelle\" \/>\n<meta property=\"og:description\" content=\"Die Besch\u00e4ftigten der Klinikservice GmbH (KSG)streiken erneut an den n\u00e4chsten zwei Werktagen. Nach der ersten Streikrunde nach den gescheiterten Tarifverhandlungen h\u00e4lt die Klinikservice GmbH ihr letztes Angebot aufrecht, sieht sich aber aufgrund der angespannten Finanzlage der Uniklinik nicht in der Lage das Angebot nachzubessern.Das vorliegende Tarifangebot stelle die Grenze der Belastbarkeit f\u00fcr die KSG dar. [&hellip;]\" \/>\n<meta property=\"og:url\" content=\"https:\/\/radioleinewelle.de\/index.php\/2023\/02\/08\/beschaeftigte-der-klinikservice-gmbh-der-umg-streiken-am-09-02-und-10-02\/\" \/>\n<meta property=\"og:site_name\" content=\"Radio Leinewelle\" \/>\n<meta property=\"article:publisher\" content=\"https:\/\/www.facebook.com\/radioleinewelle\" \/>\n<meta property=\"article:author\" content=\"https:\/\/www.facebook.com\/radioleinewelle\" \/>\n<meta property=\"article:published_time\" content=\"2023-02-08T21:45:40+00:00\" \/>\n<meta property=\"article:modified_time\" content=\"2023-02-08T21:45:42+00:00\" \/>\n<meta property=\"og:image\" content=\"https:\/\/radioleinewelle.de\/wp-content\/uploads\/2023\/02\/Streik-Klimaservice-GmbH.jpg\" \/>\n\t<meta property=\"og:image:width\" content=\"2016\" \/>\n\t<meta property=\"og:image:height\" content=\"1512\" \/>\n\t<meta property=\"og:image:type\" content=\"image\/jpeg\" \/>\n<meta name=\"author\" content=\"Leinewelle\" \/>\n<meta name=\"twitter:card\" content=\"summary_large_image\" \/>\n<meta name=\"twitter:creator\" content=\"@https:\/\/twitter.com\/RLeinewelle?ref_src=twsrcgoogletwcampserptwgrauthor\" \/>\n<meta name=\"twitter:site\" content=\"@RLeinewelle\" \/>\n<meta name=\"twitter:label1\" content=\"Verfasst von\" \/>\n\t<meta name=\"twitter:data1\" content=\"Leinewelle\" \/>\n\t<meta name=\"twitter:label2\" content=\"Gesch\u00e4tzte Lesezeit\" \/>\n\t<meta name=\"twitter:data2\" content=\"2\u00a0Minuten\" \/>\n<script type=\"application\/ld+json\" class=\"yoast-schema-graph\">{\"@context\":\"https:\\\/\\\/schema.org\",\"@graph\":[{\"@type\":\"Article\",\"@id\":\"https:\\\/\\\/radioleinewelle.de\\\/index.php\\\/2023\\\/02\\\/08\\\/beschaeftigte-der-klinikservice-gmbh-der-umg-streiken-am-09-02-und-10-02\\\/#article\",\"isPartOf\":{\"@id\":\"https:\\\/\\\/radioleinewelle.de\\\/index.php\\\/2023\\\/02\\\/08\\\/beschaeftigte-der-klinikservice-gmbh-der-umg-streiken-am-09-02-und-10-02\\\/\"},\"author\":{\"name\":\"Leinewelle\",\"@id\":\"https:\\\/\\\/radioleinewelle.de\\\/#\\\/schema\\\/person\\\/45606f348637df637192dc1b68399a63\"},\"headline\":\"Besch\u00e4ftigte der Klinikservice GmbH der UMG streiken am 09.02. und 10.02.\",\"datePublished\":\"2023-02-08T21:45:40+00:00\",\"dateModified\":\"2023-02-08T21:45:42+00:00\",\"mainEntityOfPage\":{\"@id\":\"https:\\\/\\\/radioleinewelle.de\\\/index.php\\\/2023\\\/02\\\/08\\\/beschaeftigte-der-klinikservice-gmbh-der-umg-streiken-am-09-02-und-10-02\\\/\"},\"wordCount\":342,\"commentCount\":0,\"publisher\":{\"@id\":\"https:\\\/\\\/radioleinewelle.de\\\/#organization\"},\"image\":{\"@id\":\"https:\\\/\\\/radioleinewelle.de\\\/index.php\\\/2023\\\/02\\\/08\\\/beschaeftigte-der-klinikservice-gmbh-der-umg-streiken-am-09-02-und-10-02\\\/#primaryimage\"},\"thumbnailUrl\":\"https:\\\/\\\/radioleinewelle.de\\\/wp-content\\\/uploads\\\/2023\\\/02\\\/Streik-Klimaservice-GmbH.jpg\",\"keywords\":[\"Klinikservice GmbH\",\"Streik KSG\",\"Ver.di\"],\"articleSection\":[\"Aktuelle Nachrichten\",\"Arbeitswelt\"],\"inLanguage\":\"de\",\"potentialAction\":[{\"@type\":\"CommentAction\",\"name\":\"Comment\",\"target\":[\"https:\\\/\\\/radioleinewelle.de\\\/index.php\\\/2023\\\/02\\\/08\\\/beschaeftigte-der-klinikservice-gmbh-der-umg-streiken-am-09-02-und-10-02\\\/#respond\"]}]},{\"@type\":\"WebPage\",\"@id\":\"https:\\\/\\\/radioleinewelle.de\\\/index.php\\\/2023\\\/02\\\/08\\\/beschaeftigte-der-klinikservice-gmbh-der-umg-streiken-am-09-02-und-10-02\\\/\",\"url\":\"https:\\\/\\\/radioleinewelle.de\\\/index.php\\\/2023\\\/02\\\/08\\\/beschaeftigte-der-klinikservice-gmbh-der-umg-streiken-am-09-02-und-10-02\\\/\",\"name\":\"Besch\u00e4ftigte der Klinikservice GmbH der UMG streiken am 09.02. und 10.02. - Radio Leinewelle\",\"isPartOf\":{\"@id\":\"https:\\\/\\\/radioleinewelle.de\\\/#website\"},\"primaryImageOfPage\":{\"@id\":\"https:\\\/\\\/radioleinewelle.de\\\/index.php\\\/2023\\\/02\\\/08\\\/beschaeftigte-der-klinikservice-gmbh-der-umg-streiken-am-09-02-und-10-02\\\/#primaryimage\"},\"image\":{\"@id\":\"https:\\\/\\\/radioleinewelle.de\\\/index.php\\\/2023\\\/02\\\/08\\\/beschaeftigte-der-klinikservice-gmbh-der-umg-streiken-am-09-02-und-10-02\\\/#primaryimage\"},\"thumbnailUrl\":\"https:\\\/\\\/radioleinewelle.de\\\/wp-content\\\/uploads\\\/2023\\\/02\\\/Streik-Klimaservice-GmbH.jpg\",\"datePublished\":\"2023-02-08T21:45:40+00:00\",\"dateModified\":\"2023-02-08T21:45:42+00:00\",\"breadcrumb\":{\"@id\":\"https:\\\/\\\/radioleinewelle.de\\\/index.php\\\/2023\\\/02\\\/08\\\/beschaeftigte-der-klinikservice-gmbh-der-umg-streiken-am-09-02-und-10-02\\\/#breadcrumb\"},\"inLanguage\":\"de\",\"potentialAction\":[{\"@type\":\"ReadAction\",\"target\":[\"https:\\\/\\\/radioleinewelle.de\\\/index.php\\\/2023\\\/02\\\/08\\\/beschaeftigte-der-klinikservice-gmbh-der-umg-streiken-am-09-02-und-10-02\\\/\"]}]},{\"@type\":\"ImageObject\",\"inLanguage\":\"de\",\"@id\":\"https:\\\/\\\/radioleinewelle.de\\\/index.php\\\/2023\\\/02\\\/08\\\/beschaeftigte-der-klinikservice-gmbh-der-umg-streiken-am-09-02-und-10-02\\\/#primaryimage\",\"url\":\"https:\\\/\\\/radioleinewelle.de\\\/wp-content\\\/uploads\\\/2023\\\/02\\\/Streik-Klimaservice-GmbH.jpg\",\"contentUrl\":\"https:\\\/\\\/radioleinewelle.de\\\/wp-content\\\/uploads\\\/2023\\\/02\\\/Streik-Klimaservice-GmbH.jpg\",\"width\":2016,\"height\":1512},{\"@type\":\"BreadcrumbList\",\"@id\":\"https:\\\/\\\/radioleinewelle.de\\\/index.php\\\/2023\\\/02\\\/08\\\/beschaeftigte-der-klinikservice-gmbh-der-umg-streiken-am-09-02-und-10-02\\\/#breadcrumb\",\"itemListElement\":[{\"@type\":\"ListItem\",\"position\":1,\"name\":\"Startseite\",\"item\":\"https:\\\/\\\/radioleinewelle.de\\\/\"},{\"@type\":\"ListItem\",\"position\":2,\"name\":\"Besch\u00e4ftigte der Klinikservice GmbH der UMG streiken am 09.02. und 10.02.\"}]},{\"@type\":\"WebSite\",\"@id\":\"https:\\\/\\\/radioleinewelle.de\\\/#website\",\"url\":\"https:\\\/\\\/radioleinewelle.de\\\/\",\"name\":\"Radio Leinewelle\",\"description\":\"\",\"publisher\":{\"@id\":\"https:\\\/\\\/radioleinewelle.de\\\/#organization\"},\"potentialAction\":[{\"@type\":\"SearchAction\",\"target\":{\"@type\":\"EntryPoint\",\"urlTemplate\":\"https:\\\/\\\/radioleinewelle.de\\\/?s={search_term_string}\"},\"query-input\":{\"@type\":\"PropertyValueSpecification\",\"valueRequired\":true,\"valueName\":\"search_term_string\"}}],\"inLanguage\":\"de\"},{\"@type\":\"Organization\",\"@id\":\"https:\\\/\\\/radioleinewelle.de\\\/#organization\",\"name\":\"Radio Leinewelle\",\"alternateName\":\"Mein Radio f\u00fcr S\u00fcdniedersachsen\",\"url\":\"https:\\\/\\\/radioleinewelle.de\\\/\",\"logo\":{\"@type\":\"ImageObject\",\"inLanguage\":\"de\",\"@id\":\"https:\\\/\\\/radioleinewelle.de\\\/#\\\/schema\\\/logo\\\/image\\\/\",\"url\":\"https:\\\/\\\/radioleinewelle.de\\\/wp-content\\\/uploads\\\/2023\\\/11\\\/cropped-Leinewelle_Logo_weiss.png\",\"contentUrl\":\"https:\\\/\\\/radioleinewelle.de\\\/wp-content\\\/uploads\\\/2023\\\/11\\\/cropped-Leinewelle_Logo_weiss.png\",\"width\":854,\"height\":260,\"caption\":\"Radio Leinewelle\"},\"image\":{\"@id\":\"https:\\\/\\\/radioleinewelle.de\\\/#\\\/schema\\\/logo\\\/image\\\/\"},\"sameAs\":[\"https:\\\/\\\/www.facebook.com\\\/radioleinewelle\",\"https:\\\/\\\/x.com\\\/RLeinewelle\",\"https:\\\/\\\/www.instagram.com\\\/radioleinewelle\\\/?hl=de\"]},{\"@type\":\"Person\",\"@id\":\"https:\\\/\\\/radioleinewelle.de\\\/#\\\/schema\\\/person\\\/45606f348637df637192dc1b68399a63\",\"name\":\"Leinewelle\",\"image\":{\"@type\":\"ImageObject\",\"inLanguage\":\"de\",\"@id\":\"https:\\\/\\\/secure.gravatar.com\\\/avatar\\\/05c9a17bc973052ee5d91549bd32fb4dd0dc85b7b85ae94b2e2b4943476bbea5?s=96&d=blank&r=g\",\"url\":\"https:\\\/\\\/secure.gravatar.com\\\/avatar\\\/05c9a17bc973052ee5d91549bd32fb4dd0dc85b7b85ae94b2e2b4943476bbea5?s=96&d=blank&r=g\",\"contentUrl\":\"https:\\\/\\\/secure.gravatar.com\\\/avatar\\\/05c9a17bc973052ee5d91549bd32fb4dd0dc85b7b85ae94b2e2b4943476bbea5?s=96&d=blank&r=g\",\"caption\":\"Leinewelle\"},\"sameAs\":[\"http:\\\/\\\/localhost\\\/radio%20leinewelle\\\/wordpress\",\"https:\\\/\\\/www.facebook.com\\\/radioleinewelle\",\"https:\\\/\\\/www.instagram.com\\\/radioleinewelle\",\"https:\\\/\\\/x.com\\\/https:\\\/\\\/twitter.com\\\/RLeinewelle?ref_src=twsrcgoogletwcampserptwgrauthor\",\"https:\\\/\\\/soundcloud.com\\\/foerderverein-lokalradio?utm_source=clipboard&utm_medium=text&utm_campaign=social_sharing\"],\"url\":\"https:\\\/\\\/radioleinewelle.de\\\/index.php\\\/author\\\/leinewelle\\\/\"}]}<\/script>\n<!-- \/ Yoast SEO plugin. -->","yoast_head_json":{"title":"Besch\u00e4ftigte der Klinikservice GmbH der UMG streiken am 09.02. und 10.02. - Radio Leinewelle","robots":{"index":"index","follow":"follow","max-snippet":"max-snippet:-1","max-image-preview":"max-image-preview:large","max-video-preview":"max-video-preview:-1"},"canonical":"https:\/\/radioleinewelle.de\/index.php\/2023\/02\/08\/beschaeftigte-der-klinikservice-gmbh-der-umg-streiken-am-09-02-und-10-02\/","og_locale":"de_DE","og_type":"article","og_title":"Besch\u00e4ftigte der Klinikservice GmbH der UMG streiken am 09.02. und 10.02. - Radio Leinewelle","og_description":"Die Besch\u00e4ftigten der Klinikservice GmbH (KSG)streiken erneut an den n\u00e4chsten zwei Werktagen. Nach der ersten Streikrunde nach den gescheiterten Tarifverhandlungen h\u00e4lt die Klinikservice GmbH ihr letztes Angebot aufrecht, sieht sich aber aufgrund der angespannten Finanzlage der Uniklinik nicht in der Lage das Angebot nachzubessern.Das vorliegende Tarifangebot stelle die Grenze der Belastbarkeit f\u00fcr die KSG dar. [&hellip;]","og_url":"https:\/\/radioleinewelle.de\/index.php\/2023\/02\/08\/beschaeftigte-der-klinikservice-gmbh-der-umg-streiken-am-09-02-und-10-02\/","og_site_name":"Radio Leinewelle","article_publisher":"https:\/\/www.facebook.com\/radioleinewelle","article_author":"https:\/\/www.facebook.com\/radioleinewelle","article_published_time":"2023-02-08T21:45:40+00:00","article_modified_time":"2023-02-08T21:45:42+00:00","og_image":[{"width":2016,"height":1512,"url":"https:\/\/radioleinewelle.de\/wp-content\/uploads\/2023\/02\/Streik-Klimaservice-GmbH.jpg","type":"image\/jpeg"}],"author":"Leinewelle","twitter_card":"summary_large_image","twitter_creator":"@https:\/\/twitter.com\/RLeinewelle?ref_src=twsrcgoogletwcampserptwgrauthor","twitter_site":"@RLeinewelle","twitter_misc":{"Verfasst von":"Leinewelle","Gesch\u00e4tzte Lesezeit":"2\u00a0Minuten"},"schema":{"@context":"https:\/\/schema.org","@graph":[{"@type":"Article","@id":"https:\/\/radioleinewelle.de\/index.php\/2023\/02\/08\/beschaeftigte-der-klinikservice-gmbh-der-umg-streiken-am-09-02-und-10-02\/#article","isPartOf":{"@id":"https:\/\/radioleinewelle.de\/index.php\/2023\/02\/08\/beschaeftigte-der-klinikservice-gmbh-der-umg-streiken-am-09-02-und-10-02\/"},"author":{"name":"Leinewelle","@id":"https:\/\/radioleinewelle.de\/#\/schema\/person\/45606f348637df637192dc1b68399a63"},"headline":"Besch\u00e4ftigte der Klinikservice GmbH der UMG streiken am 09.02. und 10.02.","datePublished":"2023-02-08T21:45:40+00:00","dateModified":"2023-02-08T21:45:42+00:00","mainEntityOfPage":{"@id":"https:\/\/radioleinewelle.de\/index.php\/2023\/02\/08\/beschaeftigte-der-klinikservice-gmbh-der-umg-streiken-am-09-02-und-10-02\/"},"wordCount":342,"commentCount":0,"publisher":{"@id":"https:\/\/radioleinewelle.de\/#organization"},"image":{"@id":"https:\/\/radioleinewelle.de\/index.php\/2023\/02\/08\/beschaeftigte-der-klinikservice-gmbh-der-umg-streiken-am-09-02-und-10-02\/#primaryimage"},"thumbnailUrl":"https:\/\/radioleinewelle.de\/wp-content\/uploads\/2023\/02\/Streik-Klimaservice-GmbH.jpg","keywords":["Klinikservice GmbH","Streik KSG","Ver.di"],"articleSection":["Aktuelle Nachrichten","Arbeitswelt"],"inLanguage":"de","potentialAction":[{"@type":"CommentAction","name":"Comment","target":["https:\/\/radioleinewelle.de\/index.php\/2023\/02\/08\/beschaeftigte-der-klinikservice-gmbh-der-umg-streiken-am-09-02-und-10-02\/#respond"]}]},{"@type":"WebPage","@id":"https:\/\/radioleinewelle.de\/index.php\/2023\/02\/08\/beschaeftigte-der-klinikservice-gmbh-der-umg-streiken-am-09-02-und-10-02\/","url":"https:\/\/radioleinewelle.de\/index.php\/2023\/02\/08\/beschaeftigte-der-klinikservice-gmbh-der-umg-streiken-am-09-02-und-10-02\/","name":"Besch\u00e4ftigte der Klinikservice GmbH der UMG streiken am 09.02. und 10.02. - Radio Leinewelle","isPartOf":{"@id":"https:\/\/radioleinewelle.de\/#website"},"primaryImageOfPage":{"@id":"https:\/\/radioleinewelle.de\/index.php\/2023\/02\/08\/beschaeftigte-der-klinikservice-gmbh-der-umg-streiken-am-09-02-und-10-02\/#primaryimage"},"image":{"@id":"https:\/\/radioleinewelle.de\/index.php\/2023\/02\/08\/beschaeftigte-der-klinikservice-gmbh-der-umg-streiken-am-09-02-und-10-02\/#primaryimage"},"thumbnailUrl":"https:\/\/radioleinewelle.de\/wp-content\/uploads\/2023\/02\/Streik-Klimaservice-GmbH.jpg","datePublished":"2023-02-08T21:45:40+00:00","dateModified":"2023-02-08T21:45:42+00:00","breadcrumb":{"@id":"https:\/\/radioleinewelle.de\/index.php\/2023\/02\/08\/beschaeftigte-der-klinikservice-gmbh-der-umg-streiken-am-09-02-und-10-02\/#breadcrumb"},"inLanguage":"de","potentialAction":[{"@type":"ReadAction","target":["https:\/\/radioleinewelle.de\/index.php\/2023\/02\/08\/beschaeftigte-der-klinikservice-gmbh-der-umg-streiken-am-09-02-und-10-02\/"]}]},{"@type":"ImageObject","inLanguage":"de","@id":"https:\/\/radioleinewelle.de\/index.php\/2023\/02\/08\/beschaeftigte-der-klinikservice-gmbh-der-umg-streiken-am-09-02-und-10-02\/#primaryimage","url":"https:\/\/radioleinewelle.de\/wp-content\/uploads\/2023\/02\/Streik-Klimaservice-GmbH.jpg","contentUrl":"https:\/\/radioleinewelle.de\/wp-content\/uploads\/2023\/02\/Streik-Klimaservice-GmbH.jpg","width":2016,"height":1512},{"@type":"BreadcrumbList","@id":"https:\/\/radioleinewelle.de\/index.php\/2023\/02\/08\/beschaeftigte-der-klinikservice-gmbh-der-umg-streiken-am-09-02-und-10-02\/#breadcrumb","itemListElement":[{"@type":"ListItem","position":1,"name":"Startseite","item":"https:\/\/radioleinewelle.de\/"},{"@type":"ListItem","position":2,"name":"Besch\u00e4ftigte der Klinikservice GmbH der UMG streiken am 09.02. und 10.02."}]},{"@type":"WebSite","@id":"https:\/\/radioleinewelle.de\/#website","url":"https:\/\/radioleinewelle.de\/","name":"Radio Leinewelle","description":"","publisher":{"@id":"https:\/\/radioleinewelle.de\/#organization"},"potentialAction":[{"@type":"SearchAction","target":{"@type":"EntryPoint","urlTemplate":"https:\/\/radioleinewelle.de\/?s={search_term_string}"},"query-input":{"@type":"PropertyValueSpecification","valueRequired":true,"valueName":"search_term_string"}}],"inLanguage":"de"},{"@type":"Organization","@id":"https:\/\/radioleinewelle.de\/#organization","name":"Radio Leinewelle","alternateName":"Mein Radio f\u00fcr S\u00fcdniedersachsen","url":"https:\/\/radioleinewelle.de\/","logo":{"@type":"ImageObject","inLanguage":"de","@id":"https:\/\/radioleinewelle.de\/#\/schema\/logo\/image\/","url":"https:\/\/radioleinewelle.de\/wp-content\/uploads\/2023\/11\/cropped-Leinewelle_Logo_weiss.png","contentUrl":"https:\/\/radioleinewelle.de\/wp-content\/uploads\/2023\/11\/cropped-Leinewelle_Logo_weiss.png","width":854,"height":260,"caption":"Radio Leinewelle"},"image":{"@id":"https:\/\/radioleinewelle.de\/#\/schema\/logo\/image\/"},"sameAs":["https:\/\/www.facebook.com\/radioleinewelle","https:\/\/x.com\/RLeinewelle","https:\/\/www.instagram.com\/radioleinewelle\/?hl=de"]},{"@type":"Person","@id":"https:\/\/radioleinewelle.de\/#\/schema\/person\/45606f348637df637192dc1b68399a63","name":"Leinewelle","image":{"@type":"ImageObject","inLanguage":"de","@id":"https:\/\/secure.gravatar.com\/avatar\/05c9a17bc973052ee5d91549bd32fb4dd0dc85b7b85ae94b2e2b4943476bbea5?s=96&d=blank&r=g","url":"https:\/\/secure.gravatar.com\/avatar\/05c9a17bc973052ee5d91549bd32fb4dd0dc85b7b85ae94b2e2b4943476bbea5?s=96&d=blank&r=g","contentUrl":"https:\/\/secure.gravatar.com\/avatar\/05c9a17bc973052ee5d91549bd32fb4dd0dc85b7b85ae94b2e2b4943476bbea5?s=96&d=blank&r=g","caption":"Leinewelle"},"sameAs":["http:\/\/localhost\/radio%20leinewelle\/wordpress","https:\/\/www.facebook.com\/radioleinewelle","https:\/\/www.instagram.com\/radioleinewelle","https:\/\/x.com\/https:\/\/twitter.com\/RLeinewelle?ref_src=twsrcgoogletwcampserptwgrauthor","https:\/\/soundcloud.com\/foerderverein-lokalradio?utm_source=clipboard&utm_medium=text&utm_campaign=social_sharing"],"url":"https:\/\/radioleinewelle.de\/index.php\/author\/leinewelle\/"}]}},"_links":{"self":[{"href":"https:\/\/radioleinewelle.de\/index.php\/wp-json\/wp\/v2\/posts\/21694","targetHints":{"allow":["GET"]}}],"collection":[{"href":"https:\/\/radioleinewelle.de\/index.php\/wp-json\/wp\/v2\/posts"}],"about":[{"href":"https:\/\/radioleinewelle.de\/index.php\/wp-json\/wp\/v2\/types\/post"}],"author":[{"embeddable":true,"href":"https:\/\/radioleinewelle.de\/index.php\/wp-json\/wp\/v2\/users\/1"}],"replies":[{"embeddable":true,"href":"https:\/\/radioleinewelle.de\/index.php\/wp-json\/wp\/v2\/comments?post=21694"}],"version-history":[{"count":4,"href":"https:\/\/radioleinewelle.de\/index.php\/wp-json\/wp\/v2\/posts\/21694\/revisions"}],"predecessor-version":[{"id":21710,"href":"https:\/\/radioleinewelle.de\/index.php\/wp-json\/wp\/v2\/posts\/21694\/revisions\/21710"}],"wp:featuredmedia":[{"embeddable":true,"href":"https:\/\/radioleinewelle.de\/index.php\/wp-json\/wp\/v2\/media\/21709"}],"wp:attachment":[{"href":"https:\/\/radioleinewelle.de\/index.php\/wp-json\/wp\/v2\/media?parent=21694"}],"wp:term":[{"taxonomy":"category","embeddable":true,"href":"https:\/\/radioleinewelle.de\/index.php\/wp-json\/wp\/v2\/categories?post=21694"},{"taxonomy":"post_tag","embeddable":true,"href":"https:\/\/radioleinewelle.de\/index.php\/wp-json\/wp\/v2\/tags?post=21694"}],"curies":[{"name":"wp","href":"https:\/\/api.w.org\/{rel}","templated":true}]}}